{"id":10959,"date":"2018-04-16T15:14:35","date_gmt":"2018-04-16T13:14:35","guid":{"rendered":"https:\/\/wp.muchomaas.com\/article-charlotte-girard-si-la-ligne-de-la-france-insoumise-convient-a-yanis-varoufakis\/"},"modified":"2023-06-23T23:27:36","modified_gmt":"2023-06-23T21:27:36","slug":"article-charlotte-girard-si-la-ligne-de-la-france-insoumise-convient-a-yanis-varoufakis","status":"publish","type":"post","link":"https:\/\/archives.regards.fr\/?p=10959","title":{"rendered":"Charlotte Girard\u00a0: \u00ab\u00a0Si la ligne de la France Insoumise convient \u00e0 Yanis Varoufakis, il est le bienvenu.\u00a0\u00bb"},"content":{"rendered":"<p class=\"post_excerpt\">Au lendemain de l\u2019interview du pr\u00e9sident de la R\u00e9publique, Charlotte Girard, co-responsable du programme de la France insoumise est l\u2019invit\u00e9e de La Midinale. L\u2019occasion de revenir sur le rendez-vous de BFM et Mediapart mais aussi d\u2019\u00e9voquer le mouvement social, l\u2019Europe et le projet de loi \u00ab\u00a0asile et immigration\u00a0\u00bb.\n<\/p>\n<p><iframe loading=\"lazy\" width=\"490\" height=\"276\" src=\"https:\/\/www.youtube.com\/embed\/u7E6VkHna5M\" frameborder=\"0\" allow=\"autoplay; encrypted-media\" allowfullscreen><\/iframe><\/p>\n<p>VERBATIM<\/p>\n<p><strong>Sur l\u2019interview d\u2019Emmanuel Macron<br \/>\n<\/strong><br \/>\n\u00ab\u00a0Les journalistes ont rempli le contrat : ne pas \u00eatre complaisant.\u00a0\u00bb<br \/>\n\u00ab\u00a0Macron a \u00e9t\u00e9 pouss\u00e9 dans ses retranchements mais il n\u2019a rien l\u00e2ch\u00e9.\u00a0\u00bb<br \/>\n\u00ab\u00a0Macron est dans son r\u00f4le constitutionnel.\u00a0\u00bb<br \/>\n\u00ab\u00a0Il est un chef irresponsable.\u00a0\u00bb<br \/>\n\u00ab\u00a0La seule chose qui pourrait faire bouger Emmanuel Macron c\u2019est l\u2019\u00e9preuve du rapport de force.\u00a0\u00bb<\/p>\n<p><strong>Sur le mouvement social<br \/>\n<\/strong><br \/>\n\u00ab\u00a0Il y a une possibilit\u00e9 qu\u2019une crise sociale s\u2019implante et s\u2019enracine.\u00a0\u00bb<br \/>\n\u00ab\u00a0Il manque au mouvement social la coagulation, comme l\u2019a dit le pr\u00e9sident, m\u00eame si nous pr\u00e9f\u00e9rons parler de convergences et de cristallisations.\u00a0\u00bb<br \/>\n\u00ab\u00a0Les non r\u00e9ponses de Macron \u00e0 la question de la SNCF sont de nature \u00e0 conforter les gr\u00e9vistes dans leur position.\u00a0\u00bb<\/p>\n<p><strong>Sur l\u2019unit\u00e9 des mobilisations<br \/>\n<\/strong><br \/>\n\u00ab\u00a0S\u2019agissant du mouvement syndical, on n\u2019est pas l\u00e0 pour donner des id\u00e9es \u00e0 Martinez et aux autres (\u2026).\u00a0Ils ont leurs modes d\u2019actions que nous soutenons. \u00bb<br \/>\n\u00ab\u00a0Nous sommes un relais, un soutien du mouvement syndical.\u00a0\u00bb<\/p>\n<p><strong>Sur la f\u00eate \u00e0 Macron du 5 mai<br \/>\n<\/strong><br \/>\n\u00ab\u00a0Il est certain qu\u2019il y aura des syndicalistes \u00e0 cette manifestation\u00a0\u00bb.<br \/>\n\u00ab\u00a0Martinez lui-m\u00eame repr\u00e9sente autre chose que sa personne. Il a des int\u00e9r\u00eats qui sont li\u00e9s \u00e0 son organisation et la direction de son organisation.\u00a0\u00bb<\/p>\n<p><strong>Sur les \u00e9lections europ\u00e9ennes<br \/>\n<\/strong><br \/>\n\u00ab\u00a0Je pourrais \u00eatre candidate si les Insoumis sont d\u2019accord.\u00a0\u00bb<br \/>\n\u00ab\u00a0Nous ne sommes pas seuls en Europe.\u00a0\u00bb<br \/>\n\u00ab\u00a0Il y a dans les peuples europ\u00e9ens un d\u00e9saccord sur la mani\u00e8re dont va l\u2019Union europ\u00e9enne aujourd\u2019hui et qui justifie que nous discutions avec cette autre gauche qui n\u2019a pas suivi les partis sociaux-d\u00e9mocrates.\u00a0\u00bb<\/p>\n<p><strong>Sur les relations de la FI avec Yanis Varoufakis<br \/>\n<\/strong><br \/>\n\u00ab\u00a0Je suis ravie que Yanis Varoufakis se soit ralli\u00e9 \u00e0 notre cause et \u00e0 l\u2019id\u00e9e selon laquelle on a une strat\u00e9gie \u00e0 construire, de conqu\u00eate et de transformation de l\u2019Union europ\u00e9enne.\u00a0\u00bb<br \/>\n\u00ab\u00a0La question du plan B est une question qui arrive dans un deuxi\u00e8me temps. Le premier temps est un plan A et le plan A n\u2019est cr\u00e9dible que si le plan B est bien ancr\u00e9 dans le discours.\u00a0\u00bb<br \/>\n\u00ab\u00a0Si la ligne de la France insoumise convient \u00e0 Yanis Varoufakis, il est le bienvenu.\u00a0\u00bb<\/p>\n<p><strong>Sur le projet de loi \u00ab\u00a0asile et immigration\u00a0\u00bb<br \/>\n<\/strong><br \/>\n\u00ab\u00a0Emmanuel Macron n\u2019a d\u00e9j\u00e0 pas le soutien de son propre groupe.\u00a0\u00bb<br \/>\n\u00ab\u00a0La ligne dure de Collomb est franchement insupportable et terrifiante. Elle ne peut pas fonctionner.\u00a0\u00bb<br \/>\n\u00ab\u00a0On ne peut pas faire de l\u2019Europe une forteresse assi\u00e9g\u00e9e et tirer \u00e0 vue sur les migrants qui tentent de passer.\u00a0\u00bb<br \/>\n<div id='gallery-1' class='gallery galleryid-10959 gallery-columns-3 gallery-size-thumbnail'><figure class='gallery-item'>\n\t\t\t<div class='gallery-icon landscape'>\n\t\t\t\t<a href='https:\/\/archives.regards.fr\/wp-content\/uploads\/2018\/04\/capture_d_e_cran_2018-04-16_a_14-d56.13.50.png'><img loading=\"lazy\" decoding=\"async\" width=\"150\" height=\"150\" src=\"https:\/\/archives.regards.fr\/wp-content\/uploads\/2018\/04\/capture_d_e_cran_2018-04-16_a_14-d56.13.50-150x150.png\" class=\"attachment-thumbnail size-thumbnail\" alt=\"capture_d_e_cran_2018-04-16_a_14.13.50.png\" \/><\/a>\n\t\t\t<\/div><\/figure>\n\t\t<\/div>\n<\/p>\n","protected":false},"excerpt":{"rendered":"<p>Au lendemain de l\u2019interview du pr\u00e9sident de la R\u00e9publique, Charlotte Girard, co-responsable du programme de la France insoumise est l\u2019invit\u00e9e de La Midinale. L\u2019occasion de revenir sur le rendez-vous de BFM et Mediapart mais aussi d\u2019\u00e9voquer le mouvement social, l\u2019Europe et le projet de loi \u00ab\u00a0asile et immigration\u00a0\u00bb.<\/p>\n","protected":false},"author":1039,"featured_media":26035,"comment_status":"open","ping_status":"open","sticky":false,"template":"","format":"standard","meta":{"_themeisle_gutenberg_block_has_review":false,"footnotes":""},"categories":[238],"tags":[507],"class_list":["post-10959","post","type-post","status-publish","format-standard","has-post-thumbnail","hentry","category-la-midinale","tag-europeennes-2019"],"_links":{"self":[{"href":"https:\/\/archives.regards.fr\/index.php?rest_route=\/wp\/v2\/posts\/10959","targetHints":{"allow":["GET"]}}],"collection":[{"href":"https:\/\/archives.regards.fr\/index.php?rest_route=\/wp\/v2\/posts"}],"about":[{"href":"https:\/\/archives.regards.fr\/index.php?rest_route=\/wp\/v2\/types\/post"}],"author":[{"embeddable":true,"href":"https:\/\/archives.regards.fr\/index.php?rest_route=\/wp\/v2\/users\/1039"}],"replies":[{"embeddable":true,"href":"https:\/\/archives.regards.fr\/index.php?rest_route=%2Fwp%2Fv2%2Fcomments&post=10959"}],"version-history":[{"count":0,"href":"https:\/\/archives.regards.fr\/index.php?rest_route=\/wp\/v2\/posts\/10959\/revisions"}],"wp:featuredmedia":[{"embeddable":true,"href":"https:\/\/archives.regards.fr\/index.php?rest_route=\/wp\/v2\/media\/26035"}],"wp:attachment":[{"href":"https:\/\/archives.regards.fr\/index.php?rest_route=%2Fwp%2Fv2%2Fmedia&parent=10959"}],"wp:term":[{"taxonomy":"category","embeddable":true,"href":"https:\/\/archives.regards.fr\/index.php?rest_route=%2Fwp%2Fv2%2Fcategories&post=10959"},{"taxonomy":"post_tag","embeddable":true,"href":"https:\/\/archives.regards.fr\/index.php?rest_route=%2Fwp%2Fv2%2Ftags&post=10959"}],"curies":[{"name":"wp","href":"https:\/\/api.w.org\/{rel}","templated":true}]}}