{"id":10949,"date":"2018-04-13T15:31:42","date_gmt":"2018-04-13T13:31:42","guid":{"rendered":"https:\/\/wp.muchomaas.com\/article-yanis-varoufakis-on-a-besoin-d-un-plan-a-pour-l-europe-et-melenchon-se\/"},"modified":"2023-06-23T23:27:34","modified_gmt":"2023-06-23T21:27:34","slug":"article-yanis-varoufakis-on-a-besoin-d-un-plan-a-pour-l-europe-et-melenchon-se","status":"publish","type":"post","link":"https:\/\/archives.regards.fr\/?p=10949","title":{"rendered":"Yanis Varoufakis : &#8220;On a besoin d&#8217;un plan A pour l&#8217;Europe et M\u00e9lenchon se concentre sur le plan B.&#8221;"},"content":{"rendered":"<p class=\"post_excerpt\">Le leader de DiEM 25, Yanis Varoufakis, ancien ministre grec des finances qui a rompu avec le parti d\u2019Alexis Tsipras, est l\u2019invit\u00e9 de La Midinale. L\u2019occasion de parler de la situation de la Gr\u00e8ce, de ses relations avec la gauche fran\u00e7aise et des \u00e9lections europ\u00e9ennes de l\u2019ann\u00e9e prochaine. <\/p>\n<p><iframe loading=\"lazy\" width=\"490\" height=\"276\" src=\"https:\/\/www.youtube.com\/embed\/rTUXm5F9JNM\" frameborder=\"0\" allow=\"autoplay; encrypted-media\" allowfullscreen><\/iframe><div id='gallery-1' class='gallery galleryid-10949 gallery-columns-3 gallery-size-thumbnail'><figure class='gallery-item'>\n\t\t\t<div class='gallery-icon landscape'>\n\t\t\t\t<a href='https:\/\/archives.regards.fr\/wp-content\/uploads\/2018\/04\/capture_d_e_cran_2018-04-13_a_15-045.19.48.png'><img loading=\"lazy\" decoding=\"async\" width=\"150\" height=\"150\" src=\"https:\/\/archives.regards.fr\/wp-content\/uploads\/2018\/04\/capture_d_e_cran_2018-04-13_a_15-045.19.48-150x150.png\" class=\"attachment-thumbnail size-thumbnail\" alt=\"capture_d_e_cran_2018-04-13_a_15.19.48.png\" \/><\/a>\n\t\t\t<\/div><\/figure>\n\t\t<\/div>\n<\/p>\n","protected":false},"excerpt":{"rendered":"<p>Le leader de DiEM 25, Yanis Varoufakis, ancien ministre grec des finances qui a rompu avec le parti d\u2019Alexis Tsipras, est l\u2019invit\u00e9 de La Midinale. L\u2019occasion de parler de la situation de la Gr\u00e8ce, de ses relations avec la gauche fran\u00e7aise et des \u00e9lections europ\u00e9ennes de l\u2019ann\u00e9e prochaine. <\/p>\n","protected":false},"author":1,"featured_media":26017,"comment_status":"open","ping_status":"open","sticky":false,"template":"","format":"standard","meta":{"_themeisle_gutenberg_block_has_review":false,"footnotes":""},"categories":[238],"tags":[507],"class_list":["post-10949","post","type-post","status-publish","format-standard","has-post-thumbnail","hentry","category-la-midinale","tag-europeennes-2019"],"_links":{"self":[{"href":"https:\/\/archives.regards.fr\/index.php?rest_route=\/wp\/v2\/posts\/10949","targetHints":{"allow":["GET"]}}],"collection":[{"href":"https:\/\/archives.regards.fr\/index.php?rest_route=\/wp\/v2\/posts"}],"about":[{"href":"https:\/\/archives.regards.fr\/index.php?rest_route=\/wp\/v2\/types\/post"}],"author":[{"embeddable":true,"href":"https:\/\/archives.regards.fr\/index.php?rest_route=\/wp\/v2\/users\/1"}],"replies":[{"embeddable":true,"href":"https:\/\/archives.regards.fr\/index.php?rest_route=%2Fwp%2Fv2%2Fcomments&post=10949"}],"version-history":[{"count":0,"href":"https:\/\/archives.regards.fr\/index.php?rest_route=\/wp\/v2\/posts\/10949\/revisions"}],"wp:featuredmedia":[{"embeddable":true,"href":"https:\/\/archives.regards.fr\/index.php?rest_route=\/wp\/v2\/media\/26017"}],"wp:attachment":[{"href":"https:\/\/archives.regards.fr\/index.php?rest_route=%2Fwp%2Fv2%2Fmedia&parent=10949"}],"wp:term":[{"taxonomy":"category","embeddable":true,"href":"https:\/\/archives.regards.fr\/index.php?rest_route=%2Fwp%2Fv2%2Fcategories&post=10949"},{"taxonomy":"post_tag","embeddable":true,"href":"https:\/\/archives.regards.fr\/index.php?rest_route=%2Fwp%2Fv2%2Ftags&post=10949"}],"curies":[{"name":"wp","href":"https:\/\/api.w.org\/{rel}","templated":true}]}}