{"id":10924,"date":"2018-03-31T15:14:29","date_gmt":"2018-03-31T13:14:29","guid":{"rendered":"https:\/\/wp.muchomaas.com\/article-mobilisation-du-22-mars-2018-paroles-de-manif\/"},"modified":"2023-06-23T23:27:24","modified_gmt":"2023-06-23T21:27:24","slug":"article-mobilisation-du-22-mars-2018-paroles-de-manif","status":"publish","type":"post","link":"https:\/\/archives.regards.fr\/?p=10924","title":{"rendered":"Mobilisation du 22 mars 2018 : paroles de manif"},"content":{"rendered":"<p class=\"post_excerpt\">Qui sont les manifestants ? Pourquoi font-ils gr\u00e8ve ? Pourquoi descendent-ils dans la rue aujourd&#8217;hui ? Et demain ? T\u00e9moignages recueillis dans le cort\u00e8ge de la manifestation du jeudi 22 mars 2018 \u00e0 Paris, pour protester contre le d\u00e9mant\u00e8lement du service public.<\/p>\n<p><iframe loading=\"lazy\" width=\"490\" height=\"276\" src=\"https:\/\/www.youtube.com\/embed\/CHDhTFXe5yw\" frameborder=\"0\" allow=\"autoplay; encrypted-media\" allowfullscreen><\/iframe><div id='gallery-1' class='gallery galleryid-10924 gallery-columns-3 gallery-size-thumbnail'><figure class='gallery-item'>\n\t\t\t<div class='gallery-icon landscape'>\n\t\t\t\t<a href='https:\/\/archives.regards.fr\/wp-content\/uploads\/2018\/03\/capture_d_e_cran_2018-03-31_a_15-a08.10.36.png'><img loading=\"lazy\" decoding=\"async\" width=\"150\" height=\"150\" src=\"https:\/\/archives.regards.fr\/wp-content\/uploads\/2018\/03\/capture_d_e_cran_2018-03-31_a_15-a08.10.36-150x150.png\" class=\"attachment-thumbnail size-thumbnail\" alt=\"capture_d_e_cran_2018-03-31_a_15.10.36.png\" \/><\/a>\n\t\t\t<\/div><\/figure>\n\t\t<\/div>\n<\/p>\n","protected":false},"excerpt":{"rendered":"<p>Qui sont les manifestants ? Pourquoi font-ils gr\u00e8ve ? Pourquoi descendent-ils dans la rue aujourd&#8217;hui ? Et demain ? T\u00e9moignages recueillis dans le cort\u00e8ge de la manifestation du jeudi 22 mars 2018 \u00e0 Paris, pour protester contre le d\u00e9mant\u00e8lement du service public.<\/p>\n","protected":false},"author":1,"featured_media":25969,"comment_status":"open","ping_status":"open","sticky":false,"template":"","format":"standard","meta":{"_themeisle_gutenberg_block_has_review":false,"footnotes":""},"categories":[10],"tags":[],"class_list":["post-10924","post","type-post","status-publish","format-standard","has-post-thumbnail","hentry","category-societe"],"_links":{"self":[{"href":"https:\/\/archives.regards.fr\/index.php?rest_route=\/wp\/v2\/posts\/10924","targetHints":{"allow":["GET"]}}],"collection":[{"href":"https:\/\/archives.regards.fr\/index.php?rest_route=\/wp\/v2\/posts"}],"about":[{"href":"https:\/\/archives.regards.fr\/index.php?rest_route=\/wp\/v2\/types\/post"}],"author":[{"embeddable":true,"href":"https:\/\/archives.regards.fr\/index.php?rest_route=\/wp\/v2\/users\/1"}],"replies":[{"embeddable":true,"href":"https:\/\/archives.regards.fr\/index.php?rest_route=%2Fwp%2Fv2%2Fcomments&post=10924"}],"version-history":[{"count":0,"href":"https:\/\/archives.regards.fr\/index.php?rest_route=\/wp\/v2\/posts\/10924\/revisions"}],"wp:featuredmedia":[{"embeddable":true,"href":"https:\/\/archives.regards.fr\/index.php?rest_route=\/wp\/v2\/media\/25969"}],"wp:attachment":[{"href":"https:\/\/archives.regards.fr\/index.php?rest_route=%2Fwp%2Fv2%2Fmedia&parent=10924"}],"wp:term":[{"taxonomy":"category","embeddable":true,"href":"https:\/\/archives.regards.fr\/index.php?rest_route=%2Fwp%2Fv2%2Fcategories&post=10924"},{"taxonomy":"post_tag","embeddable":true,"href":"https:\/\/archives.regards.fr\/index.php?rest_route=%2Fwp%2Fv2%2Ftags&post=10924"}],"curies":[{"name":"wp","href":"https:\/\/api.w.org\/{rel}","templated":true}]}}