{"id":10909,"date":"2018-03-26T19:17:39","date_gmt":"2018-03-26T17:17:39","guid":{"rendered":"https:\/\/wp.muchomaas.com\/article-forum-social-mondial-2018-au-bresil-fabrique-de-resistance-mondiale\/"},"modified":"2023-06-23T23:27:18","modified_gmt":"2023-06-23T21:27:18","slug":"article-forum-social-mondial-2018-au-bresil-fabrique-de-resistance-mondiale","status":"publish","type":"post","link":"https:\/\/archives.regards.fr\/?p=10909","title":{"rendered":"Forum Social Mondial 2018 au Br\u00e9sil : fabrique de r\u00e9sistance mondiale"},"content":{"rendered":"<p class=\"post_excerpt\">Une semaine apr\u00e8s son retour du Forum Social Mondial \u00e0 Salvador de Bahia au Br\u00e9sil, la d\u00e9put\u00e9e europ\u00e9enne Marie-Pierre Vieu revient sur la situation sociale au Br\u00e9sil et en France, \u00e0 la recherche de convergences pour construire &#8220;un autre monde possible.&#8221;<\/p>\n<p>Du 12 au 17 mars, j\u2019\u00e9tais pr\u00e9sente en tant que d\u00e9put\u00e9e europ\u00e9enne au Forum Social Mondial de Salvador de Bahia au Br\u00e9sil o\u00f9 je repr\u00e9sentais mon groupe de la Gauche Unie Europ\u00e9enne.<\/p>\n<p>Ma pr\u00e9sence tenait d\u2019abord \u00e0 des motivations politiques, relatives aux combats qui se m\u00e8nent en Am\u00e9rique latine. Ces combats, ils \u00e9taient au c\u0153ur de l\u2019audition de Dilma Roussef par notre groupe en novembre dernier \u00e0 Bruxelles, o\u00f9 l\u2019ex-pr\u00e9sidente nous avait d\u00e9crit le d\u00e9cha\u00eenement des forces capitalistes, des gouvernements am\u00e9ricains et europ\u00e9ens sur le Parti des travailleurs et Lula dans la perspective des nouvelles \u00e9ch\u00e9ances \u00e9lectorales, la f\u00e9rocit\u00e9 du coup d\u2019Etat institutionnel que subit le pays jour apr\u00e8s jour.<\/p>\n<p>Cela m\u2019avait alert\u00e9e, mais j\u2019\u00e9tais bien en de\u00e7\u00e0 de mesurer la nature et la violence de cet affrontement: l\u2019ampleur du d\u00e9litement des bases d\u00e9mocratiques et des fondations sociales du Br\u00e9sil. On y d\u00e9sint\u00e8gre les services publics, pille les ressources naturelles, pollue sciemment ; les agressions racistes sont banalis\u00e9es comme des actes ordinaires tandis qu\u2019on assiste \u00e0 une militarisation croissante de l\u2019espace public sous pr\u00e9texte de s\u00e9curit\u00e9.<\/p>\n<p>J\u2019ai bien conscience d\u2019user de termes que l\u2019on emploie ais\u00e9ment d\u00e8s qu\u2019on proc\u00e8de \u00e0 l\u2019inventaire des politiques capitalistes. Sauf qu\u2019ici, il n\u2019est pas de limites \u00e0 leur mise en \u0153uvre : le pays est au bord de l\u2019asphyxie, le peuple \u00e0 l\u2019agonie.<\/p>\n<p>Mercredi 14 mars, Marielle Franco femme, noire, militante LGBT, symbole formidable du renouvellement militant sud am\u00e9ricain, d\u00e9non\u00e7ant quotidiennement les exactions polici\u00e8res, \u00e9tait sommairement ex\u00e9cut\u00e9e. \u00ab Arr\u00eatez de tuer nos jeunes! \u00bb r\u00e9p\u00e9tait elle avant de tomber \u00e0 son tour, provoquant un mouvement populaire spontan\u00e9e, r\u00e9v\u00e9lateur de la col\u00e8re accumul\u00e9e. Jean-Jacques Kourliandi de l\u2019Institut de relations internationales et strat\u00e9giques (IRIS) parle, pour 2017, de 60 000 homicides, englobant assassinats crapuleux, r\u00e8glements de compte et ex\u00e9cutions polici\u00e8res.<\/p>\n<p>Depuis 2016 notons que ce sont entre 2,5 et 3 millions de Br\u00e9siliens qui repassent sous le seuil de pauvret\u00e9. Un autre chiffe se passe de tout commentaire, depuis la cr\u00e9ation du Mouvement des Sans Terre en 1985, ce sont les 1722 militants assassin\u00e9s. La r\u00e9pression et le meurtre sont devenus des instruments de la r\u00e9gulation sociale. Il est alors cette r\u00e9alit\u00e9 que, dans cette soci\u00e9t\u00e9 br\u00e9silienne en train de basculer, Lula appara\u00eet comme le dernier rempart contre la barbarie.<\/p>\n<h2>Le Forum Social Mondial des luttes<\/h2>\n<p>L\u2019autre raison de ma pr\u00e9sence \u00e9tait relative au Forum Social lui m\u00eame. Avec mon coll\u00e8gue de <em>Podemos<\/em>, Xabier Benito Ziluagas, nous avions rencontr\u00e9, \u00e0 l\u2019automne 2017, une d\u00e9l\u00e9gation des associations organisatrices du Forum. Nous y avions point\u00e9 l\u2019urgence de mutualiser nos analyses et forces autour de batailles qui mobilisaient la gauche au Parlement europ\u00e9en : le retrait du glyphosate et des pesticides, le refus des trait\u00e9s de libre-\u00e9change, la bataille contre la privatisation des barrages hydrauliques , le soutien \u00e0 une agriculture paysanne dans le cadre des discussions budg\u00e9taires d\u00e9butant sur le devenir de la PAC et plus g\u00e9n\u00e9ralement la d\u00e9fense des bien communs et services publics.<br \/>\nJ\u2019ai eu envie de pousser cet \u00e9change et de mieux comprendre quel \u00e9tait le nouvel \u00e9lan du mouvement altermondialiste.<\/p>\n<p>Et puis, l\u2019absence pesante de d\u00e9bat politique \u00e0 gauche, de discuter convergences voire simplement de dialoguer, a fini de me convaincre que la relance des luttes sociales serait le seul moteur pour reprendre le d\u00e9bat de perspectives. Chacun se ressource comme il peut. Pour moi, cela passait par le FSM 2018. Parmi les constats que j\u2019en tire comme d\u00e9put\u00e9e europ\u00e9enne, celui de l\u2019urgence d\u2019agir plus fortement \u00e0 l\u2019\u00e9chelle de l\u2019UE pour :<\/p>\n<ul>\n<li> Renforcer le mouvement anti-MEFTA en travaillant l\u2019unit\u00e9 du mouvement paysan face aux grandes entreprises agricoles transnationales. Une \u00e9tude d&#8217;impact parle de la mort de dizaines de milliers d\u2019exploitants en Am\u00e9rique latine comme en France : cela d\u00e9montre une nouvelle fois le caract\u00e8re destructeur de cet accord pour la biodiversit\u00e9 et les communaut\u00e9s indig\u00e8nes puisque l&#8217;on parle de 50 millions d&#8217;hectares de for\u00eat pluviale amazonienne sacrifi\u00e9s sur le banc du commerce international.<\/li>\n<li> Replacer l\u2019eau et de la s\u00e9curit\u00e9 alimentaire sous tutelle publique car ces deux probl\u00e9matiques sont universelles et porteuses, au m\u00eame niveau, des exigences d\u2019appropriation sociale, d\u2019\u00e9cologie et de gestion d\u00e9mocratique.<\/li>\n<li> D\u00e9fendre des politiques de transports publics prenant en comptant la protection de l\u2019environnement et les enjeux de d\u00e9carbonification mais \u00e9galement les \u00e9quilibres territoriaux et des mouvements humains.<\/li>\n<\/ul>\n<p>J\u2019ai particip\u00e9 \u00e0 la r\u00e9daction de trois motions allant dans ce sens et ai \u0153uvr\u00e9 pour poser les bases d\u2019actions communes entre mon groupe au Parlement europ\u00e9en et le Mouvement des Sans Terre. Je crois important de souligner la r\u00f4le et la force des femmes, omnipr\u00e9sentes dans ce FSM 2018 et au c\u0153ur de la relance du combat social ; \u00e9galement la place qu\u2019a pris la solidarit\u00e9 aux migrants qui donnera lieu \u00e0 un FSM migrants \u00e0 Mexico du 2 au 4 novembre prochain.<\/p>\n<p>Globaliser la lutte, globaliser l\u2019espoir, retrouver les chemins de l\u2019unit\u00e9. Malgr\u00e9 le grand \u00e9cart de temp\u00e9rature, le retour en France n\u2019a pas \u00e9t\u00e9 un choc tant la semaine sociale et les revendications que nous avons port\u00e9es jeudi 22 mars dernier ont \u00e9t\u00e9 fortes. La mobilisation sociale et la r\u00e9pression de ses acteurs doivent nous alerter : depuis quand notre pouvoir d\u00e9missionne les instances d\u00e9mocratiques d\u2019une universit\u00e9 et jusqu\u2019\u00e0 quand notre Pr\u00e9sident continuera de se vanter de ne pas tenir compte de la rue ?<div id='gallery-1' class='gallery galleryid-10909 gallery-columns-3 gallery-size-thumbnail'><figure class='gallery-item'>\n\t\t\t<div class='gallery-icon landscape'>\n\t\t\t\t<a href='https:\/\/archives.regards.fr\/wp-content\/uploads\/2018\/03\/whatsapp-image-2018-03-20-at-20-ed7.59.15-1024x682.jpg'><img loading=\"lazy\" decoding=\"async\" width=\"150\" height=\"150\" src=\"https:\/\/archives.regards.fr\/wp-content\/uploads\/2018\/03\/whatsapp-image-2018-03-20-at-20-ed7.59.15-1024x682-150x150.jpg\" class=\"attachment-thumbnail size-thumbnail\" alt=\"whatsapp-image-2018-03-20-at-20.59.15-1024x682.jpg\" \/><\/a>\n\t\t\t<\/div><\/figure>\n\t\t<\/div>\n<\/p>\n","protected":false},"excerpt":{"rendered":"<p>Une semaine apr\u00e8s son retour du Forum Social Mondial \u00e0 Salvador de Bahia au Br\u00e9sil, la d\u00e9put\u00e9e europ\u00e9enne Marie-Pierre Vieu revient sur la situation sociale au Br\u00e9sil et en France, \u00e0 la recherche de convergences pour construire &#8220;un autre monde possible.&#8221;<\/p>\n","protected":false},"author":1,"featured_media":25941,"comment_status":"open","ping_status":"open","sticky":false,"template":"","format":"standard","meta":{"_themeisle_gutenberg_block_has_review":false,"footnotes":""},"categories":[11],"tags":[],"class_list":["post-10909","post","type-post","status-publish","format-standard","has-post-thumbnail","hentry","category-monde"],"_links":{"self":[{"href":"https:\/\/archives.regards.fr\/index.php?rest_route=\/wp\/v2\/posts\/10909","targetHints":{"allow":["GET"]}}],"collection":[{"href":"https:\/\/archives.regards.fr\/index.php?rest_route=\/wp\/v2\/posts"}],"about":[{"href":"https:\/\/archives.regards.fr\/index.php?rest_route=\/wp\/v2\/types\/post"}],"author":[{"embeddable":true,"href":"https:\/\/archives.regards.fr\/index.php?rest_route=\/wp\/v2\/users\/1"}],"replies":[{"embeddable":true,"href":"https:\/\/archives.regards.fr\/index.php?rest_route=%2Fwp%2Fv2%2Fcomments&post=10909"}],"version-history":[{"count":0,"href":"https:\/\/archives.regards.fr\/index.php?rest_route=\/wp\/v2\/posts\/10909\/revisions"}],"wp:featuredmedia":[{"embeddable":true,"href":"https:\/\/archives.regards.fr\/index.php?rest_route=\/wp\/v2\/media\/25941"}],"wp:attachment":[{"href":"https:\/\/archives.regards.fr\/index.php?rest_route=%2Fwp%2Fv2%2Fmedia&parent=10909"}],"wp:term":[{"taxonomy":"category","embeddable":true,"href":"https:\/\/archives.regards.fr\/index.php?rest_route=%2Fwp%2Fv2%2Fcategories&post=10909"},{"taxonomy":"post_tag","embeddable":true,"href":"https:\/\/archives.regards.fr\/index.php?rest_route=%2Fwp%2Fv2%2Ftags&post=10909"}],"curies":[{"name":"wp","href":"https:\/\/api.w.org\/{rel}","templated":true}]}}