{"id":1087,"date":"1998-10-01T00:00:00","date_gmt":"1998-09-30T22:00:00","guid":{"rendered":"https:\/\/wp.muchomaas.com\/mois-off-a-paris1087\/"},"modified":"1998-10-01T00:00:00","modified_gmt":"1998-09-30T22:00:00","slug":"mois-off-a-paris1087","status":"publish","type":"post","link":"https:\/\/archives.regards.fr\/?p=1087","title":{"rendered":"Mois OFF \u00e0 Paris"},"content":{"rendered":"<p class=\"post_excerpt\"> Voir aussi <\/p>\n<p>Qui participe<strong> Le troisi\u00e8me &#8221; Mois off &#8221; de la photographie a lieu en octobre. Une centaine d&#8217;artistes dans les endroits les plus vari\u00e9s, dont l&#8217;espaceregards, et un livre jeu de miroirs avec des po\u00e8tes \u00e9dit\u00e9 au Temps des Cerises. <\/strong><\/p>\n<p>Probablement que pirouettes et sauts ne sont pas, comme dans la photo d&#8217;Anastasie Filippovna et Pierre Sogol Saut \u00e0 Plougrescant &#8211; dans laquelle les attitudes des personnages font \u00e9trangement songer, en plus hip hop vacancier, \u00e0 celles des danses Gwenedour du pays Pourist (Gu\u00e9m\u00e9n\u00e9) o\u00f9 les danseurs rivalisent en bonds et acrobaties confinant \u00e0 l&#8217;exploit gymnique -, parmi les th\u00e8mes principaux des quatre-vingt-treize photographes \u00e0 la d\u00e9couverte desquels nous irons durant ce &#8221; Mois Off &#8220;, qui fait pendant au &#8220;Mois de la photographie&#8221;, in, qui d\u00e9bute, lui, en novembre. Mais leur gaiet\u00e9, l&#8217;esprit de libert\u00e9 qui semble les animer, et le grand air qui les entoure pourraient bien ne pas \u00eatre tr\u00e8s \u00e9loign\u00e9s de la volont\u00e9 de cette manifestation de &#8221; pr\u00e9senter la photographie dans toutes ses libert\u00e9s, sous toutes ses d\u00e9clinaisons &#8220;, comme l&#8217;\u00e9crit sa pr\u00e9sidente, Dominique Soul\u00e9.<\/p>\n<p> <strong> Off, au sens de diff\u00e9rences, d&#8217;aventures <\/strong><\/p>\n<p>Cr\u00e9\u00e9e spontan\u00e9ment il y a cinq ans \u00e0 partir d&#8217;un petit groupe de photographes &#8221; grandement insatisfaits des manifestations officielles &#8221; (un bulletin de naissance somme toute assez proche de celui de tous les &#8221; offs &#8221; du monde), uniquement compos\u00e9e de b\u00e9n\u00e9voles (les quelque deux cents dossiers recueillis cette ann\u00e9e l&#8217;ont \u00e9t\u00e9 \u00e0 partir des seules affichettes d\u00e9pos\u00e9es dans les lieux fr\u00e9quent\u00e9s par la &#8220;profession&#8221;), l&#8217;association loi 1901 le &#8221; mois off&#8221; (&#8220;Off, pas au sens de marginal, mais de diff\u00e9rences, d&#8217;\u00e9chapp\u00e9es, d&#8217;aventures &#8220;) cale ainsi dans un petit texte-manifeste le sens de son action: &#8221; Nous sommes forc\u00e9s de constater que la multiplication des lieux d&#8217;exposition et des circuits dans les ann\u00e9es 80 n&#8217;a pas entra\u00een\u00e9 la multiplication des d\u00e9couvertes alors qu&#8217;elle a suscit\u00e9 beaucoup de vocations. Bien que les op\u00e9rateurs culturels se d\u00e9fendent de pratiquer l&#8217;\u00e9litisme, on d\u00e9plore souvent le dirigisme de leurs choix, et l&#8217;uniformisation internationaliste qui ne favorisent pas la diversit\u00e9 des expressions artistiques. Pour ouvrir le d\u00e9bat sur la fonction de l&#8217;artiste, et son rapport aux pouvoirs, notre action favorise une r\u00e9flexion sur le r\u00f4le de l&#8217;artiste dans la cit\u00e9 (&#8230;) parce que la photographie est toujours et malgr\u00e9 tout la pratique artistique qui se &#8220;compromet&#8221; le plus dans une relation directe avec le r\u00e9el. Parce qu&#8217;en ce sens elle est attractive, mais aussi fragile, son pouvoir d&#8217;image en faisant l&#8217;enjeu de tous les pouvoirs et donc l&#8217;objet de tous les contr\u00f4les. Pouvoir de la presse, par exemple, qui ne restitue pas assez \u00e0 son public la r\u00e9alit\u00e9 de manifestations, reflets du v\u00e9cu individuel et collectif &#8220;.<\/p>\n<p> <strong> Les rencontres, la principale dynamique de ce mois <\/strong><\/p>\n<p>Quatre-vingt-treize photographes ont donc \u00e9t\u00e9 choisis, dont dix-neuf en &#8221; collectifs &#8221; (&#8220;Nous sommes toujours tr\u00e8s attach\u00e9s \u00e0 ce que tous les genres photographiques soient repr\u00e9sent\u00e9s &#8220;), qui iront \u00e0 la rencontre du public dans des endroits tr\u00e8s divers au nombre de quarante-six: caf\u00e9s, centres d&#8217;animation, comit\u00e9s d&#8217;entreprise, unions locales CGT, mairie, lieux alternatifs, espaces culturels, mus\u00e9e (celui de l&#8217;Histoire vivante \u00e0 Montreuil), galeries, \u00e9coles (ESAM Design, Parson&#8217;s School of Design, UP6 Ecole d&#8217;architecture), tous gratuits ou libres d&#8217;acc\u00e8s. Du coup, on imagine sans mal toutes les d\u00e9couvertes inopin\u00e9es, et les fen\u00eatres qu&#8217;elles ouvriront sur un art jug\u00e9 encore g\u00e9n\u00e9ralement un peu secret, et de l&#8217;ordre de l&#8217;intime.&#8221; Les rencontres, nous dit Dominique Soul\u00e9, sont la principale dynamique de ce Mois. J&#8217;ajoute que cette ann\u00e9e nous avons la chance d&#8217;avoir l&#8217;espaceregards comme point d&#8217;ancrage &#8220;. Un point d&#8217;ancrage o\u00f9 l&#8217;on trouvera un aper\u00e7u de l&#8217;ensemble des expositions et dans lequel, pendant tout le temps de la manifestation, des d\u00e9bats seront organis\u00e9s. Et de poursuivre sur le livre-catalogue, autre p\u00f4le d&#8217;autres rencontres, dont la maquette a \u00e9t\u00e9 confi\u00e9e \u00e0 l&#8217;Ecole de communication visuelle (ECV), et dont le principe a \u00e9t\u00e9 de solliciter vingt-et-un po\u00e8tes qui s&#8217;expriment \u00e0 partir d&#8217;un lot d&#8217;images qui leur ont \u00e9t\u00e9 confi\u00e9es.&#8221; Les po\u00e8tes ont naturellement \u00e9t\u00e9 laiss\u00e9s libres de r\u00e9agir chacun \u00e0 sa mani\u00e8re, explique Francis Combes, le directeur litt\u00e9raire du Temps des Cerises, certains par l&#8217;\u00e9criture d&#8217;un texte de critique, d&#8217;autres par un po\u00e8me, en vers ou en prose. Ce faisant, beaucoup, plut\u00f4t que d&#8217;effectuer un commentaire sur le travail des photographes, nous livrent un regard. Sur les photos expos\u00e9es, mais aussi sur le monde qui nous entoure et sur la place qui y est celle des artistes. Or ce regard est souvent tr\u00e8s proche de celui des photographes.&#8221;<\/p>\n<p> <strong> Regard de po\u00e8te et regard de photographe  <\/strong><\/p>\n<p>Justement ce regard ? Dominique Soul\u00e9 a son id\u00e9e: &#8221; D&#8217;abord, et comme les autres ann\u00e9es, nous avons \u00e9t\u00e9 surpris par la qualit\u00e9 et la diversit\u00e9 des travaux d\u00e9pos\u00e9s. Mais avec octobre 1998 en param\u00e8tre commun, une forte connotation charnelle et plasticienne, revendiquant \u00e0 la fois au niveau du support, les sels d&#8217;argent et le num\u00e9rique et, au niveau de l&#8217;appr\u00e9hension du sujet, une sorte d&#8217;\u00e9rotisation de l&#8217;image sans esth\u00e9tisme gratuit. La mati\u00e8re pr\u00e9sente, toujours tr\u00e8s pr\u00e9sente&#8230;&#8221; comme dans ces techniques mixtes (bois br\u00fbl\u00e9, cire, verre, fleurs s\u00e9ch\u00e9es, ossements) de Philippe Assalit, ces tirages au charbon d&#8217;apr\u00e8s des chimigrammes de Camille Favre, ou encore les travaux de Steven Bernas, comme cisel\u00e9s, attaqu\u00e9s de &#8221; moucherons &#8220;, pour ne citer que ces quelques exemples dans une production extr\u00eamement diversifi\u00e9e o\u00f9 la pr\u00e9sence du corps, c&#8217;est vrai, est forte (l'&#8221;air du temps&#8221; n&#8217;est ni &#8220;in&#8221;, ni &#8220;off&#8221;). Mais pas seulement, et pas n\u00e9cessairement dans sa nudit\u00e9. Dans le sommeil de ce personnage saisi par G\u00e9rard Trotin sur ce qui semble \u00eatre une banquette. Et tout autant dans l&#8217;Homme \u00e0 la fen\u00eatre, une photo faite \u00e0 New York par Carole Fontaine. Photo extr\u00eamement \u00e9mouvante du fait de ce qu&#8217;elle sugg\u00e8re avec beaucoup de pudeur de la condition humaine, celle de beaucoup. Et autant encore dans les vibrations rouges de ces tambours du Burundi \u00e9clatant dans la nuit de Paris, sous l&#8217;objectif de Philippe Rolle.<\/p>\n<p>Troisi\u00e8me Mois Off de la Photographie.Octobre 1998.Point d&#8217;accueil: espaceregards, 15, rue Montmartre, 75001 Paris.<\/p>\n<p>On trouve le nom des artistes, les lieux d&#8217;exposition, ainsi que certaines \u00e0 l&#8217;adresse Internet: http:\/\/art-contemporain.eu.org\/mois-offe.mail: mois-off@art-contemporain.eu.org<\/p>\n<p>Avec le soutien de la DRAC Ile-de-France, MCVPAP, MNFCT, MUTIRIF Avenir, UMIF.<\/p>\n","protected":false},"excerpt":{"rendered":"<p> Voir aussi <\/p>\n","protected":false},"author":1,"featured_media":0,"comment_status":"open","ping_status":"open","sticky":false,"template":"","format":"standard","meta":{"_themeisle_gutenberg_block_has_review":false,"footnotes":""},"categories":[141],"tags":[288],"class_list":["post-1087","post","type-post","status-publish","format-standard","hentry","category-archives-web","tag-spectacle-vivant"],"_links":{"self":[{"href":"https:\/\/archives.regards.fr\/index.php?rest_route=\/wp\/v2\/posts\/1087","targetHints":{"allow":["GET"]}}],"collection":[{"href":"https:\/\/archives.regards.fr\/index.php?rest_route=\/wp\/v2\/posts"}],"about":[{"href":"https:\/\/archives.regards.fr\/index.php?rest_route=\/wp\/v2\/types\/post"}],"author":[{"embeddable":true,"href":"https:\/\/archives.regards.fr\/index.php?rest_route=\/wp\/v2\/users\/1"}],"replies":[{"embeddable":true,"href":"https:\/\/archives.regards.fr\/index.php?rest_route=%2Fwp%2Fv2%2Fcomments&post=1087"}],"version-history":[{"count":0,"href":"https:\/\/archives.regards.fr\/index.php?rest_route=\/wp\/v2\/posts\/1087\/revisions"}],"wp:attachment":[{"href":"https:\/\/archives.regards.fr\/index.php?rest_route=%2Fwp%2Fv2%2Fmedia&parent=1087"}],"wp:term":[{"taxonomy":"category","embeddable":true,"href":"https:\/\/archives.regards.fr\/index.php?rest_route=%2Fwp%2Fv2%2Fcategories&post=1087"},{"taxonomy":"post_tag","embeddable":true,"href":"https:\/\/archives.regards.fr\/index.php?rest_route=%2Fwp%2Fv2%2Ftags&post=1087"}],"curies":[{"name":"wp","href":"https:\/\/api.w.org\/{rel}","templated":true}]}}