{"id":10845,"date":"2018-02-22T09:52:47","date_gmt":"2018-02-22T08:52:47","guid":{"rendered":"https:\/\/wp.muchomaas.com\/article-migrants-que-cesse-ce-tri-inhumain\/"},"modified":"2023-06-23T23:26:54","modified_gmt":"2023-06-23T21:26:54","slug":"article-migrants-que-cesse-ce-tri-inhumain","status":"publish","type":"post","link":"https:\/\/archives.regards.fr\/?p=10845","title":{"rendered":"Migrants : que cesse ce tri inhumain !"},"content":{"rendered":"<p class=\"post_excerpt\">Trier les &#8220;bons&#8221; et les &#8220;mauvais&#8221; exil\u00e9s, les mineurs et les majeurs, laisser les uns et les autres \u00e0 la rue\u2026 Dans sa chronique &#8220;Vu de\u2026 Paris&#8221;, Danielle Simonnet appelle l&#8217;\u00c9tat et la Ville \u00e0 la dignit\u00e9 et \u00e0 l&#8217;humanit\u00e9.<\/p>\n<p>Humanit\u00e9 et fermet\u00e9, qu\u2019ils disaient. Les gouvernements changent, la m\u00eame communication hypocrite reste. Derri\u00e8re la r\u00e9duction du temps de traitement des dossiers de demandeurs d\u2019asile, l\u2019objectif gouvernemental n\u2019est autre que la r\u00e9duction des titres accord\u00e9s. <\/p>\n<p>Une R\u00e9publique qui se fixe l\u2019objectif d\u2019expulser massivement se d\u00e9shonore et ment de fa\u00e7on \u00e9hont\u00e9e \u00e0 ses concitoyen-ne-s. Rappelons sans rel\u00e2che qu\u2019il ne peut y avoir d\u2019expulsion relevant de \u201cl\u2019humanit\u00e9\u201d. Aucune expulsion par ailleurs n\u2019emp\u00eache le retour de celles et ceux qui ont risqu\u00e9 leur vie et seront pr\u00eats \u00e0 la risquer de nouveau pour justement survivre. <\/p>\n<h2>Garantir l&#8217;accueil et l\u2019acc\u00e8s aux droits<\/h2>\n<p>Les lois s\u2019empilent, pi\u00e9tinant \u00e0 chaque fois un peu plus le droit d\u2019asile et l\u2019accueil r\u00e9publicain. L\u2019argent coule \u00e0 flot pour le s\u00e9curitaire quand les subventions aux associations s\u2019\u00e9vaporent. Et pendant ce temps, c\u2019est l\u2019urgence humanitaire qui s\u2019aggrave et la lep\u00e9nisation des esprits qui d\u00e9construit plus encore les consciences r\u00e9publicaines solidaires&#8230; <\/p>\n<p>Il n\u2019y a pas d\u2019autres politiques r\u00e9alistes que celles qui visent \u00e0 agir sur les causes des migrations contraintes, contribuer \u00e0 la paix et cesser les politiques de libre \u00e9change qui pillent l\u2019Afrique. Et en attendant, assumer toutes les cons\u00e9quences et garantir l&#8217;accueil et l\u2019acc\u00e8s aux droits. <\/p>\n<p>Fort heureusement, les voix s\u2019\u00e9l\u00e8vent, comme au conseil de Paris, pour d\u00e9noncer les trois circulaires du minist\u00e8re de l\u2019Int\u00e9rieur de novembre et d\u00e9cembre 2017 ainsi que le projet de loi. Lesquels mettent la priorit\u00e9 sur l\u2019expulsion des d\u00e9bout\u00e9s de l\u2019asile, des &#8220;dublin\u00e9s&#8221;, leur mise \u00e0 la rue, leur placement en centre de r\u00e9tention.<\/p>\n<p>Ces dispositions pr\u00e9voient l\u2019envoi d\u2019\u00e9quipes mobiles \u2013 constitu\u00e9es d\u2019agents de l\u2019OFII et du service \u00e9tranger des pr\u00e9fectures \u2013 dans les centres d\u2019h\u00e9bergement, en vue d\u2019identifier les personnes de nationalit\u00e9 \u00e9trang\u00e8re et d\u2019op\u00e9rer un tri. Comme s\u2019il y avait des bons et des mauvais exil\u00e9s. Certains &#8220;m\u00e9ritant&#8221; d\u2019\u00eatre mis \u00e0 l\u2019abri du froid et d\u2019autres d&#8217;\u00eatre expuls\u00e9s de toute urgence\u2026<\/p>\n<h2>Paris doit respecter le droit<\/h2>\n<p>Mais dans les faits, que se passe-t-il dans la capitale ? Il ne s\u2019agit pas de dire que la mairie ne fait rien. Des centres sont ouverts en lien avec l\u2019\u00c9tat. Des jeunes mineurs, qui rel\u00e8vent directement de la comp\u00e9tence du d\u00e9partement sont pris en charge et sont nombreux \u00e0 affluer sur la capitale. Mais le droit est-il respect\u00e9 ? Non. <\/p>\n<p>Au dernier conseil de f\u00e9vrier, alors que la neige bloquait Paris, j\u2019apprenais que quarante jeunes, se d\u00e9clarant mineurs mais consid\u00e9r\u00e9s au faci\u00e8s comme majeurs par le d\u00e9partement (Paris est \u00e0 la fois une Ville et un d\u00e9partement), ne se voyaient proposer aucune solution d\u2019h\u00e9bergement par les maraudes (qui n\u2019en avaient plus), et \u00e9taient rejet\u00e9s par le 115 du fait de leur jeune \u00e2ge. <\/p>\n<p>Je profite des questions d\u2019actualit\u00e9 pour alerter sur la gravit\u00e9 de la situation et son caract\u00e8re sinistrement kafka\u00efen. Majeurs pour le d\u00e9partement, mineurs pour l\u2019\u00c9tat ? On m\u2019annonce dans la journ\u00e9e l\u2019ouverture d\u2019un nouveau lieu pour le soir. Le lendemain, j\u2019apprends par les associations qu\u2019on leur avait bien signifi\u00e9 que les jeunes devaient se d\u00e9clarer comme majeurs pour y \u00eatre accept\u00e9s, eux qui revendiquent aupr\u00e8s du dispositif d\u00e9partemental \u00eatre mineurs. <\/p>\n<p>Que la ville arr\u00eate aussi de faire ce tri insupportable entre mineurs ou majeurs pour ne pas avoir \u00e0 en assumer le co\u00fbt ! Mineurs ou majeurs, qu\u2019on \u00e9coute enfin le D\u00e9fenseur des droits qui insiste sur la pr\u00e9somption de minorit\u00e9 qui doit primer et que tout jeune isol\u00e9, mineur ou majeur, de fait en danger, soit prot\u00e9g\u00e9 ! Jamais dans l\u2019histoire aucun tri n\u2019a \u00e9t\u00e9 humain. Qu\u2019on s\u2019en souvienne. <div id='gallery-1' class='gallery galleryid-10845 gallery-columns-3 gallery-size-thumbnail'><figure class='gallery-item'>\n\t\t\t<div class='gallery-icon landscape'>\n\t\t\t\t<a href='https:\/\/archives.regards.fr\/wp-content\/uploads\/2018\/02\/mig-948.png'><img loading=\"lazy\" decoding=\"async\" width=\"150\" height=\"150\" src=\"https:\/\/archives.regards.fr\/wp-content\/uploads\/2018\/02\/mig-948-150x150.png\" class=\"attachment-thumbnail size-thumbnail\" alt=\"mig.png\" \/><\/a>\n\t\t\t<\/div><\/figure>\n\t\t<\/div>\n<\/p>\n","protected":false},"excerpt":{"rendered":"<p>Trier les &#8220;bons&#8221; et les &#8220;mauvais&#8221; exil\u00e9s, les mineurs et les majeurs, laisser les uns et les autres \u00e0 la rue\u2026 Dans sa chronique &#8220;Vu de\u2026 Paris&#8221;, Danielle Simonnet appelle l&#8217;\u00c9tat et la Ville \u00e0 la dignit\u00e9 et \u00e0 l&#8217;humanit\u00e9.<\/p>\n","protected":false},"author":1,"featured_media":25808,"comment_status":"open","ping_status":"open","sticky":false,"template":"","format":"standard","meta":{"_themeisle_gutenberg_block_has_review":false,"footnotes":""},"categories":[6],"tags":[375,485],"class_list":["post-10845","post","type-post","status-publish","format-standard","has-post-thumbnail","hentry","category-actu","tag-immigration","tag-paris"],"_links":{"self":[{"href":"https:\/\/archives.regards.fr\/index.php?rest_route=\/wp\/v2\/posts\/10845","targetHints":{"allow":["GET"]}}],"collection":[{"href":"https:\/\/archives.regards.fr\/index.php?rest_route=\/wp\/v2\/posts"}],"about":[{"href":"https:\/\/archives.regards.fr\/index.php?rest_route=\/wp\/v2\/types\/post"}],"author":[{"embeddable":true,"href":"https:\/\/archives.regards.fr\/index.php?rest_route=\/wp\/v2\/users\/1"}],"replies":[{"embeddable":true,"href":"https:\/\/archives.regards.fr\/index.php?rest_route=%2Fwp%2Fv2%2Fcomments&post=10845"}],"version-history":[{"count":0,"href":"https:\/\/archives.regards.fr\/index.php?rest_route=\/wp\/v2\/posts\/10845\/revisions"}],"wp:featuredmedia":[{"embeddable":true,"href":"https:\/\/archives.regards.fr\/index.php?rest_route=\/wp\/v2\/media\/25808"}],"wp:attachment":[{"href":"https:\/\/archives.regards.fr\/index.php?rest_route=%2Fwp%2Fv2%2Fmedia&parent=10845"}],"wp:term":[{"taxonomy":"category","embeddable":true,"href":"https:\/\/archives.regards.fr\/index.php?rest_route=%2Fwp%2Fv2%2Fcategories&post=10845"},{"taxonomy":"post_tag","embeddable":true,"href":"https:\/\/archives.regards.fr\/index.php?rest_route=%2Fwp%2Fv2%2Ftags&post=10845"}],"curies":[{"name":"wp","href":"https:\/\/api.w.org\/{rel}","templated":true}]}}