{"id":10824,"date":"2018-02-12T17:33:15","date_gmt":"2018-02-12T16:33:15","guid":{"rendered":"https:\/\/wp.muchomaas.com\/article-notre-dame-des-landes-et-maintenant-on-va-ou\/"},"modified":"2023-06-23T23:26:47","modified_gmt":"2023-06-23T21:26:47","slug":"article-notre-dame-des-landes-et-maintenant-on-va-ou","status":"publish","type":"post","link":"https:\/\/archives.regards.fr\/?p=10824","title":{"rendered":"Notre-Dame-des-Landes : et maintenant, on va o\u00f9 ?"},"content":{"rendered":"<p class=\"post_excerpt\">Apr\u00e8s un week-end de festivit\u00e9s et de mobilisation \u00e0 Notre-Dame-des-Landes, certaines questions restent enti\u00e8res car les alternatives mises en place d\u00e9passent souvent largement la simple opposition au projet initial d&#8217;a\u00e9roport dont l&#8217;abandon ne constitue donc pas une fin en soi&#8230;<\/p>\n<p>Venus de toute la France et de l\u2019\u00e9tranger, ils \u00e9taient aux alentours de 30 000 \u00e0 converger vers Notre-Dame-des-Landes ce week-end pour f\u00eater l\u2019expiration de la d\u00e9claration d\u2019utilit\u00e9 publique du projet d\u2019a\u00e9roport et <em>in extenso<\/em> l\u2019abandon d\u00e9finitif de ce dernier. Victoire donc mais \u00e9galement signal du maintien de la lutte puisque la r\u00e9silience de la ZAD sera rapidement confront\u00e9e aux ambitions du gouvernement et d\u2019un mod\u00e8le politique en d\u00e9calage avec le monde que la ZAD symbolise.<\/p>\n<h2>Un carnaval victorieux<\/h2>\n<p>L\u2019historien et th\u00e9oricien russe Mikha\u00efl Bakhtine d\u00e9finissait le carnaval comme un moment de renversement. Renversement des hi\u00e9rarchies et du pouvoir \u00e9tabli, renversement \u00e9galement des registres, faisant pr\u00e9valoir satire et grotesque comme outil politique et critique des institutions et du syst\u00e8me en place. Sans doute, ce week-end de c\u00e9l\u00e9bration sur la ZAD, \u00e0 quelques jours du carnaval officiel, n\u2019aura jamais \u00e9t\u00e9 aussi pr\u00e8s de cette analyse.<\/p>\n<p>Habitants, paysans, sympathisants, militants, collectifs issus de luttes-soeurs, ils \u00e9taient tr\u00e8s nombreux \u00e0 avoir brav\u00e9 l\u2019humidit\u00e9 et la pluie pour se rendre \u00e0 Notre-Dame-des-Landes ce samedi matin. Sur la route des chicanes dont la pr\u00e9f\u00e8te de Loire-Atlantique, Nicole Klein, avait exig\u00e9 le nettoyage symbolique, non sans tensions entre les diff\u00e9rents habitantEs, voitures, v\u00e9los et camionnettes se rangent sur le bas-c\u00f4t\u00e9.<\/p>\n<p>On est venu de partout, certains pour la journ\u00e9e ou pour le week-end puisque les c\u00e9l\u00e9brations sont pr\u00e9vues toutes la nuit. Dans l\u2019important bocage landais de 1650 hectares, les multiples chemins et routes se peuplent de marcheurs et marcheuses.<\/p>\n<p><img decoding=\"async\" src=\"IMG\/jpg\/27990435_10156204177874250_1089296306_o_1_.jpg\" alt=\"27990435_10156204177874250_1089296306_o_1_.jpg\" align=\"center\" \/><\/p>\n<p>Avions, bidons radioactifs, marionnette de G\u00e9rard Collomb sont assaillis, br\u00fbl\u00e9s, attaqu\u00e9s par dragons, salamandres et tritons, symboles d\u2019une biodiversit\u00e9 en r\u00e9sistance. Les figures all\u00e9goriques se c\u00f4toient au-dessus des t\u00eates et occultent les pr\u00e9sences plut\u00f4t discr\u00e8tes d\u2019\u00e9lus ou de politiques. Certaines de ses gigantesques effigies dont plusieurs seront effectivement vou\u00e9es \u00e0 \u00eatre br\u00fbl\u00e9es lors du grand feu d&#8217;un gigantesque avion de bois dans l\u2019apr\u00e8s-midi.<\/p>\n<p>Pour cette grande catharsis collective, beaucoup sont venus d\u00e9guis\u00e9s de costumes bigarr\u00e9s et avancent en dansant au rythme des chants militants, des batucadas ou des orchestres en mouvements. Tous les chemins m\u00e8nent \u00e0 la ferme de Bellevue, lieu du grand rassemblement et de la convergence finale o\u00f9 sont install\u00e9es diff\u00e9rents chapiteaux et cinq sc\u00e8nes qui donnent aux champs l\u2019allure d\u2019un grand festival musical. <\/p>\n<p><iframe loading=\"lazy\" width=\"490\" height=\"276\" src=\"https:\/\/www.youtube.com\/embed\/E6P6jb_QpuQ\" frameborder=\"0\" allow=\"autoplay; encrypted-media\" allowfullscreen><\/iframe><\/p>\n<h2>Converger, rayonner, pr\u00e9server<\/h2>\n<p>L\u2019atmosph\u00e8re est \u00e9videmment \u00e0 la f\u00eate et \u00e0 la c\u00e9l\u00e9bration, celle d\u2019une <em>\u00ab victoire politique de toute une g\u00e9n\u00e9ration \u00bb<\/em>. \u00ab<em> On avait d\u00e9fil\u00e9 contre le projet d\u2019a\u00e9roport \u00e0 Chamb\u00e9ry \u00bb<\/em> explique Didier, militant anti-projet inutile, notamment oppos\u00e9 au projet du tunnel transalpin Lyon-Turin. Ce dernier est venu de Savoie avec plusieurs autres membres de son collectif pour c\u00e9l\u00e9brer cette victoire. Une victoire dont la symbolique est essentielle <em>\u00ab dans une \u00e9poque o\u00f9 tout nous porte \u00e0 croire qu\u2019il est vain de se battre \u00bb<\/em> explique le d\u00e9pliant distribu\u00e9 all\u00e8grement par les habitants.<\/p>\n<p><em>\u00ab Aujourd\u2019hui, la ZAD est un espoir pour nous. Elle a d\u2019ailleurs \u00e9t\u00e9 suivie en Ile-de-France par l\u2019abandon de l\u2019exposition universelle \u00bb<\/em> ajoute, non loin dans le cort\u00e8ge, Bernard Loup, pr\u00e9sident du collectif pour le triangle de Gonesse, oppos\u00e9 au projet de centre de commerces et de loisirs d\u2019<em>Europa City<\/em>, \u00e0 c\u00f4t\u00e9 de Roissy. <em>\u00ab On sent que l\u2019abandon de l\u2019a\u00e9roport est un espoir pour les autres mouvements. La mobilisation progresse. \u00bb<\/em><\/p>\n<p>Si l\u2019enthousiasme de la victoire constitue effectivement un encouragement non-n\u00e9gligeable pour les autres mouvements et collectifs oppos\u00e9s aux grands projets comme celui d\u2019enfouissement de d\u00e9chets radioactifs <em>Cig\u00e9o<\/em> \u00e0 Bure, celui du <em>Center Parks<\/em> des collines de Roybons, nombre d\u2019entre ceux qui \u00e9taient pr\u00e9sents cet apr\u00e8s midi sont venus pour manifester leur joie mais \u00e9galement leur appartenance au <em>\u00ab monde de la ZAD \u00bb<\/em>. Un monde en opposition \u00e0 un paradigme, celui d\u2019un capitalisme vert pr\u00f4nant \u00e0 coups de com\u2019 la n\u00e9cessit\u00e9 d\u2019une transition \u00e9cologique et perp\u00e9tuant de l\u2019autre, le mod\u00e8le productiviste lib\u00e9ral habituel. <\/p>\n<p>Pour Nicolas Haeringer de l\u2019organisation <em>350.org<\/em>, <em>\u00ab D\u00e9fendre la ZAD malgr\u00e9 l\u2019abandon du projet d\u2019a\u00e9roport reste une priorit\u00e9 parce que la port\u00e9e de sens de la ZAD d\u00e9passe largement le projet. Tout ce qui se construit ici doit \u00eatre d\u00e9fendu et ce sont ceux qui portent ces exp\u00e9rimentations qui doivent d\u00e9cider si oui ou non ils souhaitent continuer et sous quelles formes \u00bb. <\/em> <\/p>\n<p><img loading=\"lazy\" decoding=\"async\" class=\" aligncenter size-full wp-image-25770\" src=\"https:\/\/wp.muchomaas.com\/wp-content\/uploads\/2018\/02\/27999919_10156204174089250_207980537_o-2f6.jpg\" alt=\"27999919_10156204174089250_207980537_o.jpg\" align=\"center\" width=\"1000\" height=\"1334\" srcset=\"https:\/\/archives.regards.fr\/wp-content\/uploads\/2018\/02\/27999919_10156204174089250_207980537_o-2f6.jpg 1000w, https:\/\/archives.regards.fr\/wp-content\/uploads\/2018\/02\/27999919_10156204174089250_207980537_o-2f6-225x300.jpg 225w, https:\/\/archives.regards.fr\/wp-content\/uploads\/2018\/02\/27999919_10156204174089250_207980537_o-2f6-768x1025.jpg 768w\" sizes=\"auto, (max-width: 1000px) 100vw, 1000px\" \/><\/p>\n<h2>Comment faire survivre la ZAD ?<\/h2>\n<p>En effet si le caract\u00e8re unique et in\u00e9dit de la Zad a joui d\u2019un rayonnement international dans les mouvements militants depuis plusieurs ann\u00e9es, le maintien de son \u00e9cosyst\u00e8me naturel, agricole mais aussi politique est essentiel dans les ann\u00e9es \u00e0 venir. Il n\u00e9cessite de porter une \u00e9coute attentive aux divers mouvements qui le traverse et l\u2019anime. Expulsions des <em>\u00ab \u00e9l\u00e9ments radicaux libres \u00bb<\/em>, pacification, l\u00e9galisation, d\u00e9veloppement <em>\u00ab d\u2019une zone agricole alternative <\/em> \u00bb, les processus propos\u00e9s par les politiques et all\u00e8grement retransmis \u00e0 l\u2019opinion publique sont parfois loin de saisir l\u2019importance de maintenir la pluralit\u00e9 des dynamiques qui animent la ZAD au-del\u00e0 du maintien des activit\u00e9s de fermage, de maraichage et d\u2019\u00e9levage etc.<\/p>\n<p>La question des terres est en cela l\u2019un des enjeux d\u00e9terminants puisqu\u2019elle cristallise les questions de propri\u00e9t\u00e9 autour desquelles le gouvernement a commenc\u00e9 \u00e0 discriminer les diff\u00e9rents habitants de la ZAD. <em>\u00ab Le gouvernement cherche \u00e0 jouer la division entre les diff\u00e9rentes franges de la lutte, entre les occupants historiques et le fait qu\u2019ils disposent de terres et les occupantes et occupants arriv\u00e9s apr\u00e8s l\u2019op\u00e9ration C\u00e9sar [op\u00e9ration polici\u00e8re de l\u2019automne 2012] \u00bb<\/em> analyse Nicolas Haeringer.<\/p>\n<p>Comme souvent, l\u2019\u00e9tablissement de distinction entre des occupants l\u00e9gitimes et des occupants dits <em>\u00ab radicaux \u00bb<\/em> entretient \u00e9videmment les tensions entre l\u00e9galistes et des courants plus autonomes fermement attach\u00e9s \u00e0 des modes de vies auto-g\u00e9r\u00e9s, l\u2019action directe et oppos\u00e9s co\u00fbte que co\u00fbte au cort\u00e8ge oppressif et la politique capitaliste.<\/p>\n<p>Face aux propositions officielles, les risques d\u2019isolement ou d\u2019\u00e9clatement entre diff\u00e9rents espaces ou groupes d\u2019habitantes pourraient menacer l\u2019int\u00e9grit\u00e9 de l\u2019espace.<em> \u00ab Il n\u2019existe nulle part ailleurs dans le pays un espace tel que celui de la ZAD, regroupant autant de capacit\u00e9s mat\u00e9rielles pour la lutte \u00bb<\/em> expliquent diff\u00e9rents habitants comme dans leur d\u00e9pliant.<\/p>\n<p><img decoding=\"async\" src=\"IMG\/jpg\/28080346_10156204177194250_1439943447_o.jpg\" alt=\"28080346_10156204177194250_1439943447_o.jpg\" align=\"center\" \/><\/p>\n<p>Echapper aux cadres \u00e9conomiques et agricoles soutenus par le gouvernement et les syndicats agricoles majoritaires constitue en cela un enjeu essentiel \u00e0 la pr\u00e9servation non seulement du bocage, de la biodiversit\u00e9 maintes fois mise en avant lors des prises de paroles par les <em>Naturalistes en lutte<\/em>, mais \u00e9galement \u00e0 cette force commune et collective capable de nourrir en profondeur l\u2019imaginaire de multiples autres luttes en cours et \u00e0 venir. <\/p>\n<p>Au petit matin, alors que r\u00e9sonne encore au loin les enceintes de la sc\u00e8ne trance et qu\u2019\u00e0 la pluie c\u00e8de quelques rayons de soleil, cette r\u00e9alit\u00e9 est pr\u00e9sente sur les l\u00e8vres de beaucoup. <\/p>\n<p>Alors que le gouvernement annonce l\u2019expulsion des occupants dits ill\u00e9gaux apr\u00e8s la tr\u00eave hivernale et que la pr\u00e9f\u00e8te doit encore rencontrer divers collectifs paysans et instances politiques pour statuer sur le futur de la ZAD, la constitution p\u00e9renne d\u2019une entit\u00e9 collective <em>\u00ab l\u00e9gale \u00bb<\/em> et riche de cette diversit\u00e9 est donc essentielle. <em>\u00ab Faire entrer les terres de la ZAD dans une entit\u00e9 issue du mouvement de lutte \u00bb<\/em> ne se fera sans doute qu\u2019\u00e0 cette condition.<div id='gallery-1' class='gallery galleryid-10824 gallery-columns-3 gallery-size-thumbnail'><figure class='gallery-item'>\n\t\t\t<div class='gallery-icon portrait'>\n\t\t\t\t<a href='https:\/\/archives.regards.fr\/wp-content\/uploads\/2018\/02\/27999919_10156204174089250_207980537_o-803.jpg'><img loading=\"lazy\" decoding=\"async\" width=\"150\" height=\"150\" src=\"https:\/\/archives.regards.fr\/wp-content\/uploads\/2018\/02\/27999919_10156204174089250_207980537_o-803-150x150.jpg\" class=\"attachment-thumbnail size-thumbnail\" alt=\"27999919_10156204174089250_207980537_o.jpg\" \/><\/a>\n\t\t\t<\/div><\/figure>\n\t\t<\/div>\n<\/p>\n","protected":false},"excerpt":{"rendered":"<p>Apr\u00e8s un week-end de festivit\u00e9s et de mobilisation \u00e0 Notre-Dame-des-Landes, certaines questions restent enti\u00e8res car les alternatives mises en place d\u00e9passent souvent largement la simple opposition au projet initial d&#8217;a\u00e9roport dont l&#8217;abandon ne constitue donc pas une fin en soi&#8230;<\/p>\n","protected":false},"author":1,"featured_media":25770,"comment_status":"open","ping_status":"open","sticky":false,"template":"","format":"standard","meta":{"_themeisle_gutenberg_block_has_review":false,"footnotes":""},"categories":[10],"tags":[],"class_list":["post-10824","post","type-post","status-publish","format-standard","has-post-thumbnail","hentry","category-societe"],"_links":{"self":[{"href":"https:\/\/archives.regards.fr\/index.php?rest_route=\/wp\/v2\/posts\/10824","targetHints":{"allow":["GET"]}}],"collection":[{"href":"https:\/\/archives.regards.fr\/index.php?rest_route=\/wp\/v2\/posts"}],"about":[{"href":"https:\/\/archives.regards.fr\/index.php?rest_route=\/wp\/v2\/types\/post"}],"author":[{"embeddable":true,"href":"https:\/\/archives.regards.fr\/index.php?rest_route=\/wp\/v2\/users\/1"}],"replies":[{"embeddable":true,"href":"https:\/\/archives.regards.fr\/index.php?rest_route=%2Fwp%2Fv2%2Fcomments&post=10824"}],"version-history":[{"count":0,"href":"https:\/\/archives.regards.fr\/index.php?rest_route=\/wp\/v2\/posts\/10824\/revisions"}],"wp:featuredmedia":[{"embeddable":true,"href":"https:\/\/archives.regards.fr\/index.php?rest_route=\/wp\/v2\/media\/25770"}],"wp:attachment":[{"href":"https:\/\/archives.regards.fr\/index.php?rest_route=%2Fwp%2Fv2%2Fmedia&parent=10824"}],"wp:term":[{"taxonomy":"category","embeddable":true,"href":"https:\/\/archives.regards.fr\/index.php?rest_route=%2Fwp%2Fv2%2Fcategories&post=10824"},{"taxonomy":"post_tag","embeddable":true,"href":"https:\/\/archives.regards.fr\/index.php?rest_route=%2Fwp%2Fv2%2Ftags&post=10824"}],"curies":[{"name":"wp","href":"https:\/\/api.w.org\/{rel}","templated":true}]}}