{"id":10806,"date":"2018-02-02T17:50:56","date_gmt":"2018-02-02T16:50:56","guid":{"rendered":"https:\/\/wp.muchomaas.com\/article-calais-quelle-s-violence-s\/"},"modified":"2018-02-02T17:50:56","modified_gmt":"2018-02-02T16:50:56","slug":"article-calais-quelle-s-violence-s","status":"publish","type":"post","link":"https:\/\/archives.regards.fr\/?p=10806","title":{"rendered":"Calais : quelle(s) violence(s) ?"},"content":{"rendered":"<p class=\"post_excerpt\">Jeudi 1er f\u00e9vrier, lors d&#8217;une rixe entre migrants \u00e0 Calais au moment d&#8217;une distribution de nourriture, plusieurs personnes ont \u00e9t\u00e9 bless\u00e9es dont certaines gravement. Les pouvoirs locaux comme nationaux ont d\u00e9nonc\u00e9 imm\u00e9diatement ces violences. Mais peut-on se contenter de leur version de l&#8217;histoire ? Une analyse de Cyril Lecerf-Maulpoix.<\/p>\n<p>Depuis hier apr\u00e8s-midi, la presse r\u00e9gionale et nationale peut faire ses choux-gras de rixes particuli\u00e8rement violentes entre des migrants \u00e9rythr\u00e9ens et afghans \u00e0 Calais. 17 bless\u00e9s dont 4 sont aujourd\u2019hui entre la vie et la mort. <\/p>\n<p>Des violences dramatiques, en apparence <em>\u00ab in\u00e9dites \u00bb<\/em> en raison de leur ampleur selon certains m\u00e9dias, ce qui renfor\u00e7aient, en accord avec les discours du gouvernement, le mythe d\u2019une zone impossible \u00e0 <em>\u00ab g\u00e9rer \u00bb<\/em>, soumise au trafic et \u00e0 la criminalit\u00e9. C\u2019\u00e9tait aussi le clich\u00e9 dans lequel s\u2019engouffrait une fois de plus, la maire LR Natacha Bouchard. D\u00e8s hier soir, elle affirmait sur <em>RMC<\/em> qu\u2019<em>\u00ab on ne peut pas organiser les distributions sur le territoire de Calais \u00bb<\/em>. Des distributions que la commune de Calais n\u2019a jamais pris en charge dans la mesure o\u00f9 celles-ci sont assur\u00e9es par des associations non-mandat\u00e9es par l\u2019Etat et par la solidarit\u00e9 des particuliers.<\/p>\n<p>A ses c\u00f4t\u00e9s dans la soir\u00e9e, G\u00e9rard Collomb, venu en toute h\u00e2te f\u00e9liciter une fois de plus le courage des forces de police et de gendarmerie, qui prot\u00e8gent tout le monde <em>\u00ab y compris les migrants \u00bb<\/em>, ajoutait \u00e9galement sur son compte Twitter :<\/p>\n<blockquote class=\"twitter-tweet\" data-lang=\"fr\">\n<p lang=\"fr\" dir=\"ltr\">\u00c0 Calais, la vraie violence, c\u2019est celle des passeurs qui exploitent avec cynisme la mis\u00e8re et la peur des r\u00e9fugi\u00e9s. <br \/>303 fili\u00e8res ont \u00e9t\u00e9 d\u00e9mantel\u00e9es en 2017 (+6%)  dont 24 \u00e0 Calais. <br \/>Nous poursuivrons cet effort dans les mois qui viennent. Ici, comme partout sur le territoire. <a href=\"https:\/\/t.co\/sTJxVrMdTM\">pic.twitter.com\/sTJxVrMdTM<\/a><\/p>\n<p>&mdash; G\u00e9rard Collomb (@gerardcollomb) <a href=\"https:\/\/twitter.com\/gerardcollomb\/status\/959212722218065925?ref_src=twsrc%5Etfw\">1 f\u00e9vrier 2018<\/a><\/p><\/blockquote>\n<p>Des argumentaires qui ne surprennent plus et qui continuent inlassablement de tisser le r\u00e9cit d\u2019une violence dont l\u2019Etat serait l\u2019ardent pourfendeur. La violence \u00e9mane du criminel, du passeur, des r\u00e9seaux organis\u00e9s \u00e0 d\u00e9manteler \u00e0 tout prix. La violence est dirig\u00e9e contre les forces de l\u2019ordre, et, de fait, contre l\u2019Etat. Cette interpr\u00e9tation entretient l\u2019auto-justification de l\u2019appareil \u00e9tatique et de ses lois depuis longtemps. Elle impr\u00e9gnait \u00e9videmment le discours de G\u00e9rard Collomb, ce matin, lors de la conf\u00e9rence de presse donn\u00e9e \u00e0 la sous-pr\u00e9fecture de Calais : <em>\u00ab Il ne peut pas y avoir d&#8217;organisation sauvage en dehors de l&#8217;Etat de droit \u00bb<\/em> r\u00e9clamait-il, ajoutant qu\u2019<em>\u00ab on ne peut pas laisser enkyster des situations \u00bb<\/em>. Le ministre de l\u2019Int\u00e9rieur n\u2019a pas manqu\u00e9, pour l\u2019occasion, de vanter et justifier sa future loi <em>Asile et immigration<\/em> suppos\u00e9e lutter contre, on le comprend implicitement au regard de ses plus r\u00e9centes comparaisons, ce terrible cancer de la violence entre migrants et des zones de non-droits. <\/p>\n<h2>Derri\u00e8re l\u2019histoire officielle\u2026.<\/h2>\n<p>Or, derri\u00e8re cette r\u00e9\u00e9criture de la violence op\u00e9r\u00e9e par M. Collomb et le gouvernement, que trouve-t-on ? Dans le cas des \u00e9v\u00e9nements d\u2019hier, une histoire bien plus complexe. Laurent, b\u00e9n\u00e9vole et militant qui \u00e9tait sur place au moment de la distribution, raconte une autre version. <em>\u00ab Au matin, les CRS ont d\u00e9log\u00e9 les Afghans qui se trouvaient \u00e0 c\u00f4t\u00e9 de l\u2019h\u00f4pital et de l\u2019autoroute. Ils savaient tr\u00e8s bien qu\u2019il y avait des passeurs et qu\u2019en d\u00e9mantelant cette partie \u00e0 c\u00f4t\u00e9 de l\u2019autoroute, ils forceraient tout le monde \u00e0 se rendre \u00e0 un autre point de distribution alimentaire \u00bb<\/em> qui est celui habituellement fr\u00e9quent\u00e9 par la communaut\u00e9 \u00e9rythr\u00e9enne. <em>\u00ab Les policiers savaient aussi tr\u00e8s bien qu\u2019il y avait des tensions entre les communaut\u00e9s et qu\u2019il allait y avoir des violences. Il leur en fallait \u00bb<\/em> ajoute-t-il.<\/p>\n<p>L\u2019orchestration de la violence \u00e0 des fins politiques n\u2019est pas nouvelle. Elle est n\u00e9anmoins tr\u00e8s utile aujourd\u2019hui pour justifier <a href=\"https:\/\/www.gisti.org\/spip.php?article5841\">le versant s\u00e9curitaire du projet de loi du gouvernement<\/a> et qui devrait atterrir sur les bancs de l\u2019Assembl\u00e9e nationale en avril 2018. Elle est \u00e9galement d\u2019autant plus urgente que les violences commises par les forces de l\u2019ordre \u00e0 l\u2019encontre des migrants continuent dans le Calaisis. <em>\u00ab Tous les jours, ils viennent d\u00e9truire des tentes \u00bb<\/em> confie Laurent. <em>\u00ab Ils saccagent les campements et les biens des personnes sous pr\u00e9texte d\u2019\u00e9viter les points de fixation \u00bb<\/em>. <\/p>\n<p>Autre exemple beaucoup moins m\u00e9diatique : les violences qui ont eu lieu le 25 janvier dernier et pour lesquelles M. Collomb ne s\u2019\u00e9tait pas d\u00e9plac\u00e9. Des affrontements \u00e0 Calais s\u2019\u00e9taient d\u00e9roul\u00e9s avec les forces de l\u2019ordre suite \u00e0 l\u2019intervention d\u2019une cinquantaine de policiers pour <em>\u00ab nettoyer \u00bb<\/em> les campements au moment des distributions alimentaires et de v\u00eatements. <a href=\"https:\/\/www.facebook.com\/AubergeMigrants\/videos\/10155762046300339\/?hc_ref=ARTCGHwE-9-mMM7cfgb6y6m5-G6njrLmOu78EJ7GgaRh769x34r014Jc_SXmsLtQ_2I\">L\u2019intervention n\u2019a pas \u00e9t\u00e9 sans dommages corporels<\/a> : de nombreux migrants ont \u00e9t\u00e9 gravement bless\u00e9s, dont un jeune mineur qui a depuis perdu un \u0153il et a vu une partie de sa cloison nasale enfonc\u00e9e dans sa boite cr\u00e2nienne. <\/p>\n<p><iframe loading=\"lazy\" width=\"490\" height=\"276\" src=\"https:\/\/www.youtube.com\/embed\/TYh75lSqp8E\" frameborder=\"0\" allow=\"autoplay; encrypted-media\" allowfullscreen><\/iframe><\/p>\n<h2>Faire entendre une autre histoire<\/h2>\n<p>Crier une autre histoire, celle d\u2019une institutionnalisation de l\u2019oppression \u00e0 l\u2019encontre des migrants et des \u00e9trangers est un v\u00e9ritable enjeu connu des associations, des militants mais qui devrait aussi (r)\u00e9veiller l\u2019attention des m\u00e9dias. Tout comme celle des politiques.<\/p>\n<p>Puisque ces r\u00e9cits ne se distinguent que par la port\u00e9e m\u00e9diatique qu\u2019on veut bien leur donner, il devient n\u00e9cessaire de de s\u2019interroger collectivement sur l\u2019histoire de la violence que nous voulons bien raconter. En l\u2019occurrence, un militant actif \u00e0 Calais confie : \u00ab<em> nous devons nous interroger, remettre en cause nos institutions, nos privil\u00e8ges mais \u00e9galement notre propre violence lorsque nous d\u00e9cidons de nous taire ou de nous contenter de l\u2019histoire m\u00e9diatique officielle. \u00bb<\/em><\/p>\n<p>Mais omettre la r\u00e9alit\u00e9 est tout aussi probl\u00e9matique que le silence qui s\u2019invite trop souvent chez celles et ceux qui ont le privil\u00e8ge de si\u00e9ger \u00e0 l\u2019Assembl\u00e9e nationale aujourd\u2019hui et de s\u2019exprimer lors de grands raouts politiques \u2013 notamment de gauche. Nombreux sont ceux \u00e0 s\u2019interroger : \u00ab O\u00f9 sont-ils pour invalider, se placer contre les r\u00e9cits officiels de l\u2019Etat vis-\u00e0-vis des migrants, pour faire entendre leur opposition aux violences syst\u00e9miques tout en reconnaissant <a href=\"https:\/\/wp.muchomaas.com\/web\/article\/derniers-flics-de-france\">l\u2019essoufflement de l\u2019institution polici\u00e8re<\/a> ? \u00bb La voix de l\u2019opposition, que l\u2019on sait plurielle \u00e0 gauche, sera d\u00e9terminante pour mobiliser les citoyens sur le sort inhumain qui est fait de la situation des migrants.<\/p>\n<p>D\u2019autant que le projet de loi <em>Asile et immigration<\/em> commence son p\u00e9riple institutionnel d\u00e8s la fin du mois et qu\u2019il s\u2019annonce porteur de cons\u00e9quences d\u00e9sastreuses pour les migrants et les associations qui les accompagnent\u2026<\/p>\n","protected":false},"excerpt":{"rendered":"<p>Jeudi 1er f\u00e9vrier, lors d&#8217;une rixe entre migrants \u00e0 Calais au moment d&#8217;une distribution de nourriture, plusieurs personnes ont \u00e9t\u00e9 bless\u00e9es dont certaines gravement. Les pouvoirs locaux comme nationaux ont d\u00e9nonc\u00e9 imm\u00e9diatement ces violences. Mais peut-on se contenter de leur version de l&#8217;histoire ? Une analyse de Cyril Lecerf-Maulpoix.<\/p>\n","protected":false},"author":1,"featured_media":0,"comment_status":"open","ping_status":"open","sticky":false,"template":"","format":"standard","meta":{"_themeisle_gutenberg_block_has_review":false,"footnotes":""},"categories":[6],"tags":[335,375],"class_list":["post-10806","post","type-post","status-publish","format-standard","hentry","category-actu","tag-gerard-collomb","tag-immigration"],"_links":{"self":[{"href":"https:\/\/archives.regards.fr\/index.php?rest_route=\/wp\/v2\/posts\/10806","targetHints":{"allow":["GET"]}}],"collection":[{"href":"https:\/\/archives.regards.fr\/index.php?rest_route=\/wp\/v2\/posts"}],"about":[{"href":"https:\/\/archives.regards.fr\/index.php?rest_route=\/wp\/v2\/types\/post"}],"author":[{"embeddable":true,"href":"https:\/\/archives.regards.fr\/index.php?rest_route=\/wp\/v2\/users\/1"}],"replies":[{"embeddable":true,"href":"https:\/\/archives.regards.fr\/index.php?rest_route=%2Fwp%2Fv2%2Fcomments&post=10806"}],"version-history":[{"count":0,"href":"https:\/\/archives.regards.fr\/index.php?rest_route=\/wp\/v2\/posts\/10806\/revisions"}],"wp:attachment":[{"href":"https:\/\/archives.regards.fr\/index.php?rest_route=%2Fwp%2Fv2%2Fmedia&parent=10806"}],"wp:term":[{"taxonomy":"category","embeddable":true,"href":"https:\/\/archives.regards.fr\/index.php?rest_route=%2Fwp%2Fv2%2Fcategories&post=10806"},{"taxonomy":"post_tag","embeddable":true,"href":"https:\/\/archives.regards.fr\/index.php?rest_route=%2Fwp%2Fv2%2Ftags&post=10806"}],"curies":[{"name":"wp","href":"https:\/\/api.w.org\/{rel}","templated":true}]}}