{"id":10778,"date":"2018-01-22T11:46:03","date_gmt":"2018-01-22T10:46:03","guid":{"rendered":"https:\/\/wp.muchomaas.com\/article-le-parti-socialiste-ne-sait-plus-ou-il-habite\/"},"modified":"2018-01-22T11:46:03","modified_gmt":"2018-01-22T10:46:03","slug":"article-le-parti-socialiste-ne-sait-plus-ou-il-habite","status":"publish","type":"post","link":"https:\/\/archives.regards.fr\/?p=10778","title":{"rendered":"Le Parti socialiste ne sait plus o\u00f9 il habite"},"content":{"rendered":"<p class=\"post_excerpt\">Priv\u00e9 de son si\u00e8ge rue de Solferino, le PS rentre en p\u00e9riode de congr\u00e8s. Six candidats sont annonc\u00e9s pour un bal des ego dans la plus pure tradition du parti. Reste \u00e0 savoir si ce congr\u00e8s pourra se tenir : Delphine Batho attaque le processus en justice.<\/p>\n<p>Ce devait \u00eatre celui du renouveau. Pour le Parti socialiste, le congr\u00e8s qui d\u00e9bute samedi 27 janvier ressemble \u00e0 ceux qui l\u2019ont pr\u00e9c\u00e9d\u00e9. Olivier Faure, qui martelait il y a encore deux mois qu\u2019il pr\u00e9f\u00e9rait \u00eatre pr\u00e9sident de groupe \u00e0 l\u2019Assembl\u00e9e nationale, se retrouve favori des m\u00e9dias alors que Julien Dray ne cache pas son envie de revenir aux affaires. Il y a pourtant des questions de ligne politique \u00e0 r\u00e9gler.<\/p>\n<p>La premi\u00e8re question est peut-\u00eatre celle de la survie d\u2019un parti qui ressemble aujourd\u2019hui beaucoup \u00e0 la SFIO des ann\u00e9es 60, une naine blanche qui n\u2019\u00e9met plus aucune id\u00e9e, recroquevill\u00e9e sur quelques rares bastions et o\u00f9 le poids des apparatchiks et des \u00e9lus locaux n\u2019a jamais \u00e9t\u00e9 aussi pesant sur la vie du parti. En r\u00e9alit\u00e9, les militants s\u2019en vont, plus ou moins discr\u00e8tement.<\/p>\n<h2>&#8220;Nouvelle gauche&#8221;<\/h2>\n<p>Le si\u00e8ge historique du parti rue de Solf\u00e9rino en vente, la f\u00e9d\u00e9ration du Nord ne compterait plus que 2.000 adh\u00e9rents, selon des sources internes, et le vote interne du jeudi 18 janvier a mobilis\u00e9 \u00e0 peine 12% des membres parisiens du PS, entre autres d\u00e9tails r\u00e9v\u00e9lateurs d\u2019un parti \u00e0 l\u2019agonie.<\/p>\n<p>Les proches de Beno\u00eet Hamon organisent leurs d\u00e9parts avec autant de r\u00e9gularit\u00e9 et de publicit\u00e9 que les cadres de l\u2019appareil lui apportaient un soutien empoisonn\u00e9 pendant la campagne pr\u00e9sidentielle. Dimanche encore, le mouvement G\u00e9n\u00e9ration.s, qui rassemble les hamonistes, se f\u00e9licitait que 105 adh\u00e9rents du PS dans les Yvelines les rejoignent. <\/p>\n<p>Les quelques proches de l\u2019ex-candidat \u00e0 la pr\u00e9sidentielle rest\u00e9s \u00e0 la maison socialiste, comme le d\u00e9put\u00e9 de la Loire R\u00e9gis Juanico, n\u2019entendent pas rester inertes dans le congr\u00e8s. Annonc\u00e9s en soutien de Luc Carvounas, l\u2019ancien premier lieutenant de Manuel Valls bruyamment reconverti en h\u00e9raut d\u2019une &#8220;nouvelle gauche&#8221; du PS, ils m\u00e9goteraient leurs signatures. Le d\u00e9put\u00e9 du Val-de-Marne esp\u00e9rait \u00e9galement le ralliement de Martine Aubry et de ses proches. La maire de Lille a finalement apport\u00e9 sa caution \u00e0 Olivier Faure.<\/p>\n<p>Le pr\u00e9sident du groupe socialiste \u00e0 l\u2019Assembl\u00e9e nationale semble rassembler le centre du PS et les cadres des grosses f\u00e9d\u00e9rations. \u00c0 la t\u00eate d\u2019une banque de &#8220;quadras&#8221;, Olivier Faure parle &#8220;renouvellement&#8221;. Mais il doit aussi faire oublier qu\u2019il proposait, le 6 juin 2017, de jouer <em>\u00ab les bons amis \u00bb<\/em> au profit d\u2019Emmanuel Macron. <\/p>\n<h2>&#8220;Nouvelle synth\u00e8se&#8221;<\/h2>\n<p>Sur ce cr\u00e9neau aussi, Olivier Faure est en concurrence avec St\u00e9phane Le Foll, d\u00e9put\u00e9 de la Sarthe. L\u2019ancien ministre de l\u2019Agriculture est candidat \u00e0 la t\u00eate du PS pour <em>\u00ab d\u00e9fendre l\u2019h\u00e9ritage \u00bb<\/em> de Fran\u00e7ois Hollande. Au moins, il porte une ligne politique claire \u2013 une singularit\u00e9 qu\u2019il partage avec Emmanuel Maure, ancien leader du courant Maintenant la gauche. <\/p>\n<p>Peu suspect de complaisance vis-\u00e0-vis de la politique men\u00e9e pendant le quinquennat Hollande, Emmanuel Maurel continue de croire que <em>\u00ab le socialisme est toujours une id\u00e9e neuve \u00bb<\/em>. Alors que le PS est en \u00e9tat de survie artificielle, il d\u00e9fend les valeurs historiques de ce parti : \u00e9mancipation des classes populaires, union de la gauche, valeurs r\u00e9publicaines.<\/p>\n<p>L\u2019eurod\u00e9put\u00e9 de l\u2019Ouest engrange les soutiens venant de l\u2019ancien p\u00f4le majoritaire du PS, notamment en province. Avec ces ralliements, qu\u2019il pourrait faire conna\u00eetre dans la semaine, il entend porter, sur une ligne de gauche, une <em>\u00ab nouvelle synth\u00e8se \u00bb<\/em>. Reste \u00e0 savoir si l\u2019outsider pourra disputer la comp\u00e9tition que doit lancer le conseil national qui se r\u00e9unit samedi 27 janvier \u00e0 la Maison de la chimie.<\/p>\n<p>En effet, Delphine Batho, elle aussi candidate bien, qu\u2019elle soit rest\u00e9e tr\u00e8s silencieuse depuis son d\u00e9part du gouvernement en juillet 2013, a assign\u00e9 son parti en r\u00e9f\u00e9r\u00e9. Si la justice donne suite favorable \u00e0 sa requ\u00eate (le jugement est attendu ce lundi soir), tout le processus de congr\u00e8s pourrait \u00eatre remis en cause. Ce qui rajouterait encore de la confusion \u00e0 un parti qui ne sait d\u00e9j\u00e0 plus o\u00f9 il va.<\/p>\n","protected":false},"excerpt":{"rendered":"<p>Priv\u00e9 de son si\u00e8ge rue de Solferino, le PS rentre en p\u00e9riode de congr\u00e8s. Six candidats sont annonc\u00e9s pour un bal des ego dans la plus pure tradition du parti. Reste \u00e0 savoir si ce congr\u00e8s pourra se tenir : Delphine Batho attaque le processus en justice.<\/p>\n","protected":false},"author":1149,"featured_media":0,"comment_status":"open","ping_status":"open","sticky":false,"template":"","format":"standard","meta":{"_themeisle_gutenberg_block_has_review":false,"footnotes":""},"categories":[157],"tags":[390],"class_list":["post-10778","post","type-post","status-publish","format-standard","hentry","category-web","tag-parti-socialiste"],"_links":{"self":[{"href":"https:\/\/archives.regards.fr\/index.php?rest_route=\/wp\/v2\/posts\/10778","targetHints":{"allow":["GET"]}}],"collection":[{"href":"https:\/\/archives.regards.fr\/index.php?rest_route=\/wp\/v2\/posts"}],"about":[{"href":"https:\/\/archives.regards.fr\/index.php?rest_route=\/wp\/v2\/types\/post"}],"author":[{"embeddable":true,"href":"https:\/\/archives.regards.fr\/index.php?rest_route=\/wp\/v2\/users\/1149"}],"replies":[{"embeddable":true,"href":"https:\/\/archives.regards.fr\/index.php?rest_route=%2Fwp%2Fv2%2Fcomments&post=10778"}],"version-history":[{"count":0,"href":"https:\/\/archives.regards.fr\/index.php?rest_route=\/wp\/v2\/posts\/10778\/revisions"}],"wp:attachment":[{"href":"https:\/\/archives.regards.fr\/index.php?rest_route=%2Fwp%2Fv2%2Fmedia&parent=10778"}],"wp:term":[{"taxonomy":"category","embeddable":true,"href":"https:\/\/archives.regards.fr\/index.php?rest_route=%2Fwp%2Fv2%2Fcategories&post=10778"},{"taxonomy":"post_tag","embeddable":true,"href":"https:\/\/archives.regards.fr\/index.php?rest_route=%2Fwp%2Fv2%2Ftags&post=10778"}],"curies":[{"name":"wp","href":"https:\/\/api.w.org\/{rel}","templated":true}]}}