{"id":10772,"date":"2018-01-18T18:11:01","date_gmt":"2018-01-18T17:11:01","guid":{"rendered":"https:\/\/wp.muchomaas.com\/article-refugies-violente-expulsion-sur-un-vol-air-france-paris-kinshasa\/"},"modified":"2023-06-23T23:26:27","modified_gmt":"2023-06-23T21:26:27","slug":"article-refugies-violente-expulsion-sur-un-vol-air-france-paris-kinshasa","status":"publish","type":"post","link":"https:\/\/archives.regards.fr\/?p=10772","title":{"rendered":"R\u00e9fugi\u00e9s : violente expulsion sur un vol Air France Paris-Kinshasa"},"content":{"rendered":"<p class=\"post_excerpt\">Jeudi 18 janvier, l\u2019intervention de forces anti-\u00e9meutes au sein d\u2019un vol Air France Paris-Kinshasa, malgr\u00e9 l&#8217;opposition de plusieurs passagers, illustre le durcissement et la violence de la politique anti-migrants de l\u2019\u00e8re Macron.<\/p>\n<p>\u00c0 la suite des r\u00e9centes circulaires sur la politique migratoire critiqu\u00e9es par de nombreuses associations et membres de la soci\u00e9t\u00e9 civile, le gouvernement continue de hausser le ton et maintient co\u00fbte que co\u00fbte sa politique d\u2019expulsion et de d\u00e9portation des migrants. <\/p>\n<p>Illustration, jeudi 18 janvier, \u00e0 l\u2019a\u00e9roport de Roissy-Charles de Gaulle, o\u00f9 nombreux furent ceux qui se rendirent afin de tenter d\u2019emp\u00eacher l\u2019expulsion d\u2019un homme congolais qui vivait en France depuis 2006 et dont les enfants \u00e9taient n\u00e9s en France. <\/p>\n<h2>Menaces et brutalit\u00e9s<\/h2>\n<p>Un jeune militant pr\u00e9sent sur place raconte : <em>\u00ab Nous avons commenc\u00e9 \u00e0 discuter dans l\u2019a\u00e9roport pour sensibiliser les passagers afin qu\u2019ils puissent s\u2019opposer \u00e0 cette d\u00e9portation forc\u00e9e. La police des fronti\u00e8res en a rep\u00e9r\u00e9 certains au sein de notre groupe pour les emmener directement au poste, ce qui est assez rare \u00bb<\/em>, explique A.<\/p>\n<p>Apr\u00e8s avoir \u00e9chang\u00e9 quelques num\u00e9ros avec les futurs passagers, ces derniers re\u00e7oivent plusieurs coups de t\u00e9l\u00e9phone dont celui d\u2019une passag\u00e8re qui leur explique la mobilisation de nombreuses personnes au sein du vol pour emp\u00eacher la d\u00e9portation. <em>\u00ab Il y avait des cris, beaucoup de monde refusait de s\u2019asseoir. La dame nous expliquait que la police les traitaient comme des animaux. Ils en seraient venus \u00e0 menacer les passagers, qui \u00e9taient pourtant dans une compl\u00e8te l\u00e9galit\u00e9, de les poursuivre en justice s\u2019ils ne coop\u00e9raient pas \u00bb<\/em>, rapporte notre t\u00e9moin, un peu plus tard.<br \/>\n<br \/>\n<iframe loading=\"lazy\" width=\"480\" height=\"275\" src=\"https:\/\/www.youtube.com\/embed\/0kkBxMrR2CY\" frameborder=\"0\" allow=\"autoplay; encrypted-media\" allowfullscreen><\/iframe><br \/>\n<br \/>\nLes policiers sont v\u00eatus de boucliers anti-\u00e9meute, <em>\u00ab un fait inhabituel \u00bb<\/em>, explique N, un autre membre du collectif, habitu\u00e9 des op\u00e9rations anti-expulsions depuis plusieurs mois. L\u2018homme congolais crie, pleure et proteste. <em>\u00ab Les gens ne pouvaient pas s\u2019approcher, certains passagers ont expliqu\u00e9 qu\u2019il \u00e9tait emp\u00each\u00e9 de parler, voire \u00e9touff\u00e9 par plusieurs policiers. \u00bb<\/em> <\/p>\n<p>Comme souvent, les passagers sortent leurs portables afin de filmer la police, ce qui reste \u00e9videmment l\u00e9gal. Les forces de l\u2019ordre tentent cependant \u00e0 supprimer les vid\u00e9os, leur confisquent les portables et les menacent. Certaines tr\u00e8s explicites, parviennent cependant au collectif. <\/p>\n<h2><em>\u00ab C\u2019est du classique \u00bb<\/h2>\n<p><\/em><\/p>\n<p>Vers midi, on annonce par t\u00e9l\u00e9phone au collectif que plusieurs personnes auraient \u00e9t\u00e9 d\u00e9barqu\u00e9es de l\u2019avion pour permettre au vol de partir. <em>\u00ab La passag\u00e8re avec laquelle nous \u00e9tions en contact nous a expliqu\u00e9 qu\u2019ils dirigeaient des bombes lacrymog\u00e8nes vers des passagers dans l\u2019avion, qui avait notamment \u00e0 son bord des enfants et des personnes \u00e2g\u00e9es \u00bb<\/em>, ajoute A. Puis c\u2019est au tour de l\u2019\u00e9quipage du vol d\u2019\u00eatre remplac\u00e9 une heure avant.<\/p>\n<p>Selon un militant, ce nouvel \u00e9pisode est la preuve <em>\u00ab du durcissement de la politique d\u2019expulsion et d\u2019une politique du chiffre qui a cours depuis des mois \u00bb<\/em>. <em>\u00ab Tous les gens faciles \u00e0 expulser le sont en raison d\u2019accords avec les pays d\u2019origines ou l\u2019espace Schengen. \u00bb<\/em><\/p>\n<p>Quant \u00e0 la confiscation des portables, les violences et le d\u00e9barquement de passagers protestataires, <em>\u00ab c\u2019est du classique \u00bb<\/em>. Les cas de brutalit\u00e9s et de violences sont extr\u00eamement nombreux, mais peinent pourtant \u00e0 faire r\u00e9agir m\u00e9dias, associations et classe politique. En novembre dernier, lors d\u2019un vol Air France Copenhague-Paris, un jeune alg\u00e9rien de trente-quatre ans <a href=\"http:\/\/www.huffpostmaghreb.com\/2017\/11\/24\/algerien-expulsion-danema_n_18642422.html\">mourait ainsi dans les mains de la police danoise<\/a>. <\/p>\n<p>N. ajoute : <em>\u00ab Il y a des personnes \u00e0 qui l\u2019on met des casques de boxe, que l\u2019on pique pour les endormir ou que l\u2019on gave de somnif\u00e8res pour ne pas r\u00e9sister. Il y a aussi des passages \u00e0 tabac, des \u00e9touffements, des ceintures pour les maintenir \u00bb<\/em>. Des exemples parfois difficiles \u00e0 prouver en raison de la suppression de vid\u00e9os ou de la peur de poursuites. Des exemples tragiques et inhumains qui se heurtent pourtant \u00e0 de multiples protestations et r\u00e9actions solidaires de la part des passagers sur les vols en direction de l\u2019Afrique ou du Moyen-Orient. <\/p>\n<h2>Silences complices<\/h2>\n<p><em>\u00ab Sur les vols intra-europ\u00e9ens, c&#8217;est triste \u00e0 constater, mais il est tr\u00e8s difficile d\u2019emp\u00eacher une d\u00e9portation car beaucoup de Blancs ferment les yeux. En revanche, dans le cas des vols vers l\u2019Afrique par exemple, les gens se r\u00e9voltent et r\u00e9sistent. D\u2019habitude, pour Kinshasa, on r\u00e9ussit souvent \u00e0 emp\u00eacher ces expulsions \u00bb<\/em>, d\u00e9plore N. <\/p>\n<p>Jeudi 18 janvier, pourtant, les menaces et les violences auraient eu raison de la mobilisation au sein du vol. Maintenu au sol pendant plusieurs heures sans pouvoir sortir, certains passagers auraient fait \u00e9galement des malaises. <em>\u00ab \u00c9videmment, les gens finissent par craquer \u00bb<\/em>, constate A. L\u2019avion aurait \u00e9t\u00e9 retard\u00e9 donc de plusieurs heures et serait donc parti avec le jeune Congolais \u00e0 son bord.<\/p>\n<p>Alors que les expulsions se multiplient \u00e0 raison de quatre ou cinq par jour dans certains centres de r\u00e9tentions <em>\u00ab pleins \u00e0 craquer en raison de l\u2019augmentation des d\u00e9tentions \u00bb<\/em>, selon un militant, les nouvelles circulaires de G\u00e9rard Collomb ne devraient faire qu\u2019empirer la situation. Une situation qui invite \u00e9galement \u00e0 interroger le r\u00f4le de la compagnie Air France, en contrat avec l\u2019\u00c9tat. Et, pour le moment, la compagnie se mure dans un silence complice\u2026<div id='gallery-1' class='gallery galleryid-10772 gallery-columns-3 gallery-size-thumbnail'><figure class='gallery-item'>\n\t\t\t<div class='gallery-icon landscape'>\n\t\t\t\t<a href='https:\/\/archives.regards.fr\/wp-content\/uploads\/2018\/01\/expulsion-air-france-0d0.jpg'><img loading=\"lazy\" decoding=\"async\" width=\"150\" height=\"150\" src=\"https:\/\/archives.regards.fr\/wp-content\/uploads\/2018\/01\/expulsion-air-france-0d0-150x150.jpg\" class=\"attachment-thumbnail size-thumbnail\" alt=\"expulsion-air-france.jpg\" \/><\/a>\n\t\t\t<\/div><\/figure>\n\t\t<\/div>\n<\/p>\n","protected":false},"excerpt":{"rendered":"<p>Jeudi 18 janvier, l\u2019intervention de forces anti-\u00e9meutes au sein d\u2019un vol Air France Paris-Kinshasa, malgr\u00e9 l&#8217;opposition de plusieurs passagers, illustre le durcissement et la violence de la politique anti-migrants de l\u2019\u00e8re Macron.<\/p>\n","protected":false},"author":1,"featured_media":25678,"comment_status":"open","ping_status":"open","sticky":false,"template":"","format":"standard","meta":{"_themeisle_gutenberg_block_has_review":false,"footnotes":""},"categories":[157],"tags":[375,411],"class_list":["post-10772","post","type-post","status-publish","format-standard","has-post-thumbnail","hentry","category-web","tag-immigration","tag-repression"],"_links":{"self":[{"href":"https:\/\/archives.regards.fr\/index.php?rest_route=\/wp\/v2\/posts\/10772","targetHints":{"allow":["GET"]}}],"collection":[{"href":"https:\/\/archives.regards.fr\/index.php?rest_route=\/wp\/v2\/posts"}],"about":[{"href":"https:\/\/archives.regards.fr\/index.php?rest_route=\/wp\/v2\/types\/post"}],"author":[{"embeddable":true,"href":"https:\/\/archives.regards.fr\/index.php?rest_route=\/wp\/v2\/users\/1"}],"replies":[{"embeddable":true,"href":"https:\/\/archives.regards.fr\/index.php?rest_route=%2Fwp%2Fv2%2Fcomments&post=10772"}],"version-history":[{"count":0,"href":"https:\/\/archives.regards.fr\/index.php?rest_route=\/wp\/v2\/posts\/10772\/revisions"}],"wp:featuredmedia":[{"embeddable":true,"href":"https:\/\/archives.regards.fr\/index.php?rest_route=\/wp\/v2\/media\/25678"}],"wp:attachment":[{"href":"https:\/\/archives.regards.fr\/index.php?rest_route=%2Fwp%2Fv2%2Fmedia&parent=10772"}],"wp:term":[{"taxonomy":"category","embeddable":true,"href":"https:\/\/archives.regards.fr\/index.php?rest_route=%2Fwp%2Fv2%2Fcategories&post=10772"},{"taxonomy":"post_tag","embeddable":true,"href":"https:\/\/archives.regards.fr\/index.php?rest_route=%2Fwp%2Fv2%2Ftags&post=10772"}],"curies":[{"name":"wp","href":"https:\/\/api.w.org\/{rel}","templated":true}]}}