{"id":10709,"date":"2017-11-30T11:41:11","date_gmt":"2017-11-30T10:41:11","guid":{"rendered":"https:\/\/wp.muchomaas.com\/article-la-ville-du-futur\/"},"modified":"2023-06-23T23:26:02","modified_gmt":"2023-06-23T21:26:02","slug":"article-la-ville-du-futur","status":"publish","type":"post","link":"https:\/\/archives.regards.fr\/?p=10709","title":{"rendered":"La Ville du Futur"},"content":{"rendered":"<p class=\"post_excerpt\">Qui fait la ville ? Pour quoi ? Et pour qui ? Qui d\u00e9cide ? Journ\u00e9e La Ville du Futur \u00e0 l&#8217;universit\u00e9 populaire de Fontenay-sous-Bois, samedi 2 d\u00e9cembre.<\/p>\n<p>ATELIER &#8211; 10H30<br \/>\n<strong>LES VILLES FACE AU R\u00c9CHAUFFEMENT CLIMATIQUE<br \/>\n<\/strong> Comment les villes peuvent-elles lutter contre le r\u00e9chauffement climatique ? Un forum d\u2019exp\u00e9riences partag\u00e9es : Favoriser les circuits courts; Planter partout : l\u2019exp\u00e9rience des rues plant\u00e9es ; \u00c9conomiser l\u2019eau et l\u2019\u00e9nergie ; Transports<\/p>\n<p>ATELIER &#8211; 10H30<br \/>\n<strong>LA VILLE CONNECT\u00c9E. OUI, MAIS QUE VALENT LES PROMESSES DE LA VILLE INTELLIGENTE?<\/strong><br \/>\nLes promesses: une organisation urbaine plus efficace et vertueuse, une utilisation plus \u00e9conomique des ressources ; une plus grande s\u00e9curit\u00e9 ; une gestion plus participative. Mais cela repose sur la collecte et le croisement de vastes quantit\u00e9s de donn\u00e9es qui permettent de scruter notre vie quotidienne, nos comportements\u2026 Et peut-\u00eatre demain de les orienter&#8230;<\/p>\n<p>ATELIER &#8211; 14H00<br \/>\n<strong>GRANDES M\u00c9TROPOLES ET (IN)\u00c9GALIT\u00c9S DES TERRITOIRES.<br \/>\n<\/strong> Les in\u00e9galit\u00e9s s\u2019observent entre les grandes m\u00e9tropoles et une France \u00ab p\u00e9riph\u00e9rique \u00bb aussi bien qu\u2019au sein de ces grandes m\u00e9tropoles et sur des facteurs multiples : revenus, scolarit\u00e9, habitat, exposition aux nuisances, acc\u00e8s aux ressources\u2026 La course \u00e0 l\u2019attractivit\u00e9 et au rayonnement, la constitution de p\u00f4les de comp\u00e9titivit\u00e9 sont de nouveaux moteurs du creusement des in\u00e9galit\u00e9s territoriales.<\/p>\n<p>ATELIER &#8211; 14H00<br \/>\n<strong>LE D\u00c9VELOPPEMENT LOCAL AUTREMENT<br \/>\n<\/strong><br \/>\nLes territoires sont somm\u00e9s de devenir attractifs pour attirer emplois et des populations plus ais\u00e9es, la concurrence entre les territoires et le rejet de franges enti\u00e8res de la population. Des id\u00e9es nouvelles port\u00e9es par de nouveaux acteurs, proposent des exp\u00e9riences qui renversent la question et veulent redonner des capacit\u00e9s d\u2019agir et d\u2019exister \u00e0 tous : \u00e9conomie circulaire ; tiers lieux ; logement solidaire, autoconstruction ; monnaies locales\u2026<\/p>\n<p>17h00 &#8211; 18h30 D\u00c9BAT<br \/>\n<strong>QUI FAIT LA VILLE ? POUR QUOI ? POUR QUI ?<br \/>\n<\/strong> Qui a le pouvoir ? Les architectes et urbanistes, les grandes entreprises ? Les promoteurs priv\u00e9s, les \u00e9tats, les \u00e9lus locaux ? Cela vaut\u2014il le coup d\u2019\u00e9couter les gens, voire leur confier en partie la construction de la ville ?<\/p>\n<p>Avec<br \/>\nJean-Michel DAQUIN pr\u00e9sident de l\u2019ordre des Architectes<br \/>\nJean-Philippe GAUTRAIS maire de Fontenay-sous-Bois<br \/>\nPierre MANSAT pr\u00e9sident de l\u2019Atelier international du Grand Paris<\/p>\n<p><a href=\"http:\/\/univpop.fr\/wp-content\/uploads\/2017\/11\/flyerA4_2.pdf\">T\u00e9l\u00e9charger le programme<\/a><div id='gallery-1' class='gallery galleryid-10709 gallery-columns-3 gallery-size-thumbnail'><figure class='gallery-item'>\n\t\t\t<div class='gallery-icon landscape'>\n\t\t\t\t<a href='https:\/\/archives.regards.fr\/wp-content\/uploads\/2017\/11\/univpop-ville-futur-1024x603-f08.png'><img loading=\"lazy\" decoding=\"async\" width=\"150\" height=\"150\" src=\"https:\/\/archives.regards.fr\/wp-content\/uploads\/2017\/11\/univpop-ville-futur-1024x603-f08-150x150.png\" class=\"attachment-thumbnail size-thumbnail\" alt=\"univpop-ville-futur-1024x603.png\" \/><\/a>\n\t\t\t<\/div><\/figure>\n\t\t<\/div>\n<\/p>\n","protected":false},"excerpt":{"rendered":"<p>Qui fait la ville ? Pour quoi ? Et pour qui ? Qui d\u00e9cide ? Journ\u00e9e La Ville du Futur \u00e0 l&#8217;universit\u00e9 populaire de Fontenay-sous-Bois, samedi 2 d\u00e9cembre.<\/p>\n","protected":false},"author":643,"featured_media":25520,"comment_status":"open","ping_status":"open","sticky":false,"template":"","format":"standard","meta":{"_themeisle_gutenberg_block_has_review":false,"footnotes":""},"categories":[10],"tags":[],"class_list":["post-10709","post","type-post","status-publish","format-standard","has-post-thumbnail","hentry","category-societe"],"_links":{"self":[{"href":"https:\/\/archives.regards.fr\/index.php?rest_route=\/wp\/v2\/posts\/10709","targetHints":{"allow":["GET"]}}],"collection":[{"href":"https:\/\/archives.regards.fr\/index.php?rest_route=\/wp\/v2\/posts"}],"about":[{"href":"https:\/\/archives.regards.fr\/index.php?rest_route=\/wp\/v2\/types\/post"}],"author":[{"embeddable":true,"href":"https:\/\/archives.regards.fr\/index.php?rest_route=\/wp\/v2\/users\/643"}],"replies":[{"embeddable":true,"href":"https:\/\/archives.regards.fr\/index.php?rest_route=%2Fwp%2Fv2%2Fcomments&post=10709"}],"version-history":[{"count":0,"href":"https:\/\/archives.regards.fr\/index.php?rest_route=\/wp\/v2\/posts\/10709\/revisions"}],"wp:featuredmedia":[{"embeddable":true,"href":"https:\/\/archives.regards.fr\/index.php?rest_route=\/wp\/v2\/media\/25520"}],"wp:attachment":[{"href":"https:\/\/archives.regards.fr\/index.php?rest_route=%2Fwp%2Fv2%2Fmedia&parent=10709"}],"wp:term":[{"taxonomy":"category","embeddable":true,"href":"https:\/\/archives.regards.fr\/index.php?rest_route=%2Fwp%2Fv2%2Fcategories&post=10709"},{"taxonomy":"post_tag","embeddable":true,"href":"https:\/\/archives.regards.fr\/index.php?rest_route=%2Fwp%2Fv2%2Ftags&post=10709"}],"curies":[{"name":"wp","href":"https:\/\/api.w.org\/{rel}","templated":true}]}}