{"id":10648,"date":"2017-10-26T12:21:00","date_gmt":"2017-10-26T10:21:00","guid":{"rendered":"https:\/\/wp.muchomaas.com\/article-rapports-attali-jacques-a-dit-emmanuel-execute\/"},"modified":"2017-10-26T12:21:00","modified_gmt":"2017-10-26T10:21:00","slug":"article-rapports-attali-jacques-a-dit-emmanuel-execute","status":"publish","type":"post","link":"https:\/\/archives.regards.fr\/?p=10648","title":{"rendered":"Rapports Attali : Jacques a dit, Emmanuel ex\u00e9cute"},"content":{"rendered":"<p class=\"post_excerpt\">Dix ans apr\u00e8s le premier des &#8220;rapports Attali&#8221; \u2013 qui ont servi \u00e0 justifier les politiques d&#8217;aust\u00e9rit\u00e9, de d\u00e9r\u00e9gulation et de d\u00e9mant\u00e8lement des droits des travailleurs \u2013, un de leurs r\u00e9dacteurs continue de s&#8217;en inspirer : Emmanuel Macron.<\/p>\n<p>Cela fera dix ans, en janvier prochain, que la Commission Attali aura rendu son premier rapport, le second ayant \u00e9t\u00e9 remis en 2010. En juillet 2007, fra\u00eechement arriv\u00e9 \u00e0 l\u2019\u00c9lys\u00e9e, Nicolas Sarkozy commande un rapport \u00e0 Jacques Attali. L\u2019essayiste, \u00e9conomiste, \u00e9ditorialiste (<em>L\u2019Express<\/em>, le <em>Journal des Arts<\/em>) et fondateur de plusieurs institutions internationales a toute latitude pour r\u00e9unir l\u2019\u00e9quipe qui planchera avec lui sur le dossier. <\/p>\n<p>Institu\u00e9e par d\u00e9cret le 27 ao\u00fbt 2007, cette <a href=\"http:\/\/www.ladocumentationfrancaise.fr\/var\/storage\/rapports-publics\/084000041.pdf\">&#8220;Commission pour la lib\u00e9ration de la croissance fran\u00e7aise&#8221;<\/a> r\u00e9unit quarante-deux membres (dont neuf femmes) \u2013 auxquels s\u2019ajoute deux rapporteurs, dont un rapporteur g\u00e9n\u00e9ral adjoint en la personne d\u2019Emmanuel Macron, alors jeune inspecteur des finances. <\/p>\n<h2>L&#8217;\u00e9vangile des &#8220;bonnes r\u00e9formes&#8221;<\/h2>\n<p>Apr\u00e8s plusieurs mois de travail, Jacques Attali remet le 23 janvier 2008 son texte au chef de l&#8217;\u00c9tat. Le document liste 316 mesures, visant \u00e0 am\u00e9liorer la comp\u00e9titivit\u00e9 et la productivit\u00e9 de notre \u00e9conomie, simplifier certaines proc\u00e9dures suppos\u00e9es enrayer le d\u00e9veloppement \u00e9conomique, augmenter le pouvoir d\u2019achat, lutter contre le ch\u00f4mage, favoriser la construction de logements, r\u00e9duire les in\u00e9galit\u00e9s \u00e0 l\u2019\u00e9cole, etc. Un rapport \u00e0 l\u2019image de sa commission qui \u2013 constitu\u00e9e d\u2019\u00e9conomistes, de chercheurs, de dirigeants d\u2019entreprises, de personnes travaillant dans le secteur de la finance, etc \u2013 r\u00e9unit lib\u00e9raux et sociaux-d\u00e9mocrates. <\/p>\n<p>Le plus savoureux du rapport r\u00e9side dans sa pr\u00e9sentation. Outre la cr\u00e9ation pour l\u2019occasion d\u2019un <a href=\"http:\/\/www.liberationdelacroissance.fr\/\">site internet<\/a>, <em>\u00ab\u00a0actuellement en cours de reconstruction\u00a0\u00bb<\/em> et le choix de nommer <em>\u00ab\u00a0d\u00e9cisions\u00a0\u00bb<\/em> les 316 mesures \u2013 fa\u00e7on d\u2019accentuer leur caract\u00e8re urgent et in\u00e9luctable \u2013, l\u2019introduction \u00e9tonne par son ton. <em>\u00ab\u00a0Ceci n\u2019est ni un rapport, ni une \u00e9tude, mais un mode d\u2019emploi pour des r\u00e9formes urgentes et fondatrices. Il n\u2019est ni partisan, ni bipartisan : il est non partisan. (&#8230;) D\u2019autre part, tout ce qui ne sera pas entrepris d\u00e8s maintenant ne pourra bient\u00f4t plus l\u2019\u00eatre.\u00a0\u00bb<\/em><\/p>\n<p>On retrouve la vieille antienne selon laquelle les &#8220;bonnes&#8221; r\u00e9formes seraient voulues par le bon sens au-del\u00e0 de tout positionnement politique. Dix ann\u00e9es plus tard, cette posture a \u00e9t\u00e9 largement recycl\u00e9e par Emmanuel Macron, qui a construit sa campagne pour la pr\u00e9sidentielle sur le <em>\u00ab\u00a0ni de droite, ni de gauche\u00a0\u00bb<\/em>, et dont les discours sont teint\u00e9s de ce m\u00eame ton balan\u00e7ant entre alarmisme et lyrisme imp\u00e9rieux. <\/p>\n<h2>Deuxi\u00e8me round : enfoncer le clou lib\u00e9ral<\/h2>\n<p>Le premier rapport Attali nous pr\u00e9venait, <em>\u00ab\u00a0la mise en \u0153uvre de l\u2019ensemble de ces r\u00e9formes \u00e0 partir d\u2019avril 2008 permettra, si l\u2019environnement \u00e9conomique international ne se d\u00e9grade pas\u00a0\u00bb<\/em>, d\u2019atteindre d\u00e8s fin 2012 de nombreux objectifs\u00a0: un <a href=\"https:\/\/www.insee.fr\/fr\/statistiques\/2851776\">taux de ch\u00f4mage<\/a> ramen\u00e9 de 7,9% \u00e0 5% (il \u00e9tait de 9,5% au deuxi\u00e8me trimestre 2017)\u00a0; le ch\u00f4mage des jeunes divis\u00e9 par trois ; le nombre de Fran\u00e7ais sous le seuil de pauvret\u00e9 ramen\u00e9 de 7 \u00e0 3 millions (on en compte aujourd\u2019hui entre 5 et 8,9 millions selon le mode de calcul adopt\u00e9) ; plus de 10% des \u00e9lus \u00e0 la prochaine Assembl\u00e9e nationale issus de la diversit\u00e9 (hors \u00e9lus de l&#8217;Outremer, ils <a href=\"http:\/\/www.france24.com\/fr\/20170620-legislatives-elus-issus-diversite-plus-presents-jamais-assemblee-nationale\">repr\u00e9senteraient aujourd\u2019hui 6,35%<\/a>)\u00a0; une dette publique r\u00e9duite \u00e0 55 % du PIB (elle a atteint au deuxi\u00e8me trimestre 2017 <a href=\"http:\/\/www.lefigaro.fr\/conjoncture\/2017\/09\/29\/20002-20170929ARTFIG00301-la-dette-publique-francaise-a-depasse-99-du-pib-au-deuxieme-trimestre.php\">99,2% du PIB<\/a>), etc.\u00a0<\/p>\n<p>Mais avec la crise financi\u00e8re de 2008, l\u2019environnement \u00e9conomique international s\u2019est pour le moins d\u00e9grad\u00e9. Afin d\u2019\u00eatre plus en conformit\u00e9 avec le nouveau contexte \u00e9conomique, Nicolas Sarkozy sollicite un bilan d\u2019\u00e9tape en f\u00e9vrier 2010 et de nouvelles propositions[[En juin 2010, une pr\u00e9-\u00e9tude \u2013 \u00e0 l\u2019objectivit\u00e9 probl\u00e9matique puisque r\u00e9alis\u00e9e par les membres de la commission \u2013 estime que 60% des mesures pr\u00e9conis\u00e9es dans le premier rapport ont \u00e9t\u00e9 plus ou moins mises en \u0153uvre, 27% l&#8217;ont \u00e9t\u00e9 dans l&#8217;esprit du rapport et 37% partiellement.]]. En octobre 2010 est remis le second rapport Attali. L\u00e0 o\u00f9 le premier avait \u00e9t\u00e9 pr\u00e9sent\u00e9 en fanfare au pr\u00e9sident de la R\u00e9publique, ce second document suscite moins d\u2019engouement. Peut-\u00eatre parce qu\u2019il ne fait que r\u00e9p\u00e8te le contenu du premier. <\/p>\n<p>Symptomatique de l\u2019incapacit\u00e9 de sortir d\u2019une id\u00e9ologie lib\u00e9rale, le document cible comme urgence la ma\u00eetrise des finances publiques, le renforcement de la comp\u00e9titivit\u00e9 et l\u2019emploi via une baisse des cotisations sociales, l\u2019ouverture \u00e0 la concurrence dans les services, l\u2019assouplissement des contrats de travail, etc. La <a href=\"http:\/\/tempsreel.nouvelobs.com\/economie\/20100225.OBS8044\/rapport-attali-ce-qui-a-ete-vraiment-applique.html\">composition de la commission<\/a> enregistre six nouveaux membres parmi lesquels\u2026 Emmanuel Macron, d\u00e9sormais g\u00e9rant au sein de la banque Rothschild &#038; Cie.<\/p>\n<h2>Macron ou la mise en marche des rapports Attali<\/h2>\n<p>Dix ans plus tard, si diverses mesures ont \u00e9t\u00e9 appliqu\u00e9es, imm\u00e9diatement ou progressivement, les rapports Attali ont \u00e9galement confort\u00e9 un durcissement n\u00e9olib\u00e9ral. Parmi quelques exemples, citons le regroupement des universit\u00e9s avec la mise en place de p\u00f4les universitaires d&#8217;excellence, en vue de faciliter leur comp\u00e9titivit\u00e9 au niveau europ\u00e9en\u00a0; les modifications du droit du travail sur le travail du dimanche\u00a0; l\u2019entr\u00e9e en vigueur du r\u00e9gime de l&#8217;autoentrepreneur\u00a0; la mise en place d\u2019une rupture \u00e0 l\u2019amiable du contrat de travail avec la rupture conventionnelle, etc.  <\/p>\n<p>L\u2019aboutissement, ou le troisi\u00e8me round du rapport Attali, advient avec le programme politique d\u2019Emmanuel Macron. Apr\u00e8s avoir repris certains \u00e9l\u00e9ments lorsqu\u2019il \u00e9tait ministre de l\u2019\u00c9conomie, notamment pour la loi Macron en 2015 (comme sur le travail le dimanche, la lib\u00e9ralisation du transport ou les professions r\u00e9glement\u00e9es), le nouveau pr\u00e9sident recycle depuis son \u00e9lection diverses mesures. Parmi les influences directes, citons\u00a0:<\/p>\n<p>&#8211; L&#8217;extension du haut d\u00e9bit\u00a0sur l\u2019ensemble du territoire.<br \/>\n&#8211; La classe de 6e pr\u00e9sent\u00e9e comme un seuil de savoir minimum requis.<br \/>\n&#8211; L\u2019autonomie des \u00e9tablissements scolaires et l\u2019\u00e9valuation des enseignants.<br \/>\n&#8211; L\u2019id\u00e9e d\u2019un syst\u00e8me de bonus-malus avec des charges suppl\u00e9mentaires pour les \u00ab\u00a0employeurs qui entretiennent la pr\u00e9carit\u00e9 en recourant exag\u00e9r\u00e9ment aux contrats courts\u00a0\u00bb et plus all\u00e9g\u00e9es pour les autres<br \/>\n&#8211; La modification de la dur\u00e9e du travail comme de son organisation n\u2019est d\u00e9sormais, avec la loi Travail, plus soumise \u00e0 un avenant au contrat de travail mais \u00e0 un r\u00e9f\u00e9rendum ou des n\u00e9gociations au sein de l\u2019entreprise, selon la taille de celle-ci.<br \/>\n&#8211; L&#8217;augmentation de la CSG de 1,7% afin de financer une baisse des cotisations sociales pour les salari\u00e9s du secteur priv\u00e9 et favoriser une hausse du pouvoir d\u2019achat. [[Martel\u00e9e pendant la campagne pr\u00e9sidentielle par Emmanuel Macron, cette mesure a \u00e9t\u00e9 vot\u00e9e le 17 octobre par les d\u00e9put\u00e9s, au d\u00e9triment des retrait\u00e9s les plus ais\u00e9s, des travailleurs de la fonction publique ou encore des travailleurs ind\u00e9pendants.]].<br \/>\n&#8211; Les attaques diverses contre les acteurs du logement social : demande aux bailleurs sociaux de s\u2019adapter \u00e0 la baisse des APL par une baisse des loyers [[Probl\u00e9matique en ce qu\u2019elle prive ces organismes de capacit\u00e9 de r\u00e9investissement dans les r\u00e9novations et les constructions.]]\u00a0; possibilit\u00e9 pour les bailleurs de g\u00e9n\u00e9rer des moyens financiers\u00a0; annonce de projets de recapitalisation de certains organismes HLM\u00a0; modification de fonctionnement de la commission d\u2019attribution des logements sociaux\u00a0; souhait de favoriser la mixit\u00e9 des statuts au sein du parc immobilier\u00a0; n\u00e9cessit\u00e9 de consommer moins de fonds publics. <\/p>\n<p>Dans ses derni\u00e8res pages, le rapport Attali \u00e9non\u00e7ait, sentencieux\u00a0: <em>\u00ab\u00a0Les analyses (&#8230;) ne peuvent \u00eatre prises isol\u00e9ment (&#8230;). Au contraire, elles forment un ensemble \u00e0 appliquer de fa\u00e7on coh\u00e9rente et tenace.\u00a0\u00bb \u00ab\u00a0Chacun doit prendre conscience qu\u2019elles ne correspondent pas \u00e0 des choix partisans mais \u00e0 des n\u00e9cessit\u00e9s qui servent le pays dans son entier en lib\u00e9rant sa croissance (&#8230;)\u00a0\u00bb \u00ab\u00a0La conduite d\u2019ensemble de ces r\u00e9formes (&#8230;) ne pourra \u00eatre conduite que si, au plus haut niveau de l\u2019\u00c9tat, une volont\u00e9 politique forte (que seuls le pr\u00e9sident de la R\u00e9publique et le premier ministre portent) les conduit et convainc les Fran\u00e7ais de leur importance.\u00a0\u00bb<\/em><\/p>\n<p>Centralisation des pouvoirs, refus de d\u00e9bats d\u00e9mocratiques sous couvert d\u2019urgence, d\u00e9politisation purement rh\u00e9torique de sujets qui ne le sont que trop, implacabilit\u00e9 de r\u00e9formes \u00e0 appliquer dans leur globalit\u00e9\u00a0: Attali en a r\u00eav\u00e9, Macron le fait\u00a0? <\/p>\n","protected":false},"excerpt":{"rendered":"<p>Dix ans apr\u00e8s le premier des &#8220;rapports Attali&#8221; \u2013 qui ont servi \u00e0 justifier les politiques d&#8217;aust\u00e9rit\u00e9, de d\u00e9r\u00e9gulation et de d\u00e9mant\u00e8lement des droits des travailleurs \u2013, un de leurs r\u00e9dacteurs continue de s&#8217;en inspirer : Emmanuel Macron.<\/p>\n","protected":false},"author":1,"featured_media":0,"comment_status":"open","ping_status":"open","sticky":false,"template":"","format":"standard","meta":{"_themeisle_gutenberg_block_has_review":false,"footnotes":""},"categories":[157],"tags":[487],"class_list":["post-10648","post","type-post","status-publish","format-standard","hentry","category-web","tag-emmanuel-macron"],"_links":{"self":[{"href":"https:\/\/archives.regards.fr\/index.php?rest_route=\/wp\/v2\/posts\/10648","targetHints":{"allow":["GET"]}}],"collection":[{"href":"https:\/\/archives.regards.fr\/index.php?rest_route=\/wp\/v2\/posts"}],"about":[{"href":"https:\/\/archives.regards.fr\/index.php?rest_route=\/wp\/v2\/types\/post"}],"author":[{"embeddable":true,"href":"https:\/\/archives.regards.fr\/index.php?rest_route=\/wp\/v2\/users\/1"}],"replies":[{"embeddable":true,"href":"https:\/\/archives.regards.fr\/index.php?rest_route=%2Fwp%2Fv2%2Fcomments&post=10648"}],"version-history":[{"count":0,"href":"https:\/\/archives.regards.fr\/index.php?rest_route=\/wp\/v2\/posts\/10648\/revisions"}],"wp:attachment":[{"href":"https:\/\/archives.regards.fr\/index.php?rest_route=%2Fwp%2Fv2%2Fmedia&parent=10648"}],"wp:term":[{"taxonomy":"category","embeddable":true,"href":"https:\/\/archives.regards.fr\/index.php?rest_route=%2Fwp%2Fv2%2Fcategories&post=10648"},{"taxonomy":"post_tag","embeddable":true,"href":"https:\/\/archives.regards.fr\/index.php?rest_route=%2Fwp%2Fv2%2Ftags&post=10648"}],"curies":[{"name":"wp","href":"https:\/\/api.w.org\/{rel}","templated":true}]}}