{"id":1062,"date":"1998-09-01T00:00:00","date_gmt":"1998-08-31T22:00:00","guid":{"rendered":"https:\/\/wp.muchomaas.com\/nouvelles-technos1062\/"},"modified":"1998-09-01T00:00:00","modified_gmt":"1998-08-31T22:00:00","slug":"nouvelles-technos1062","status":"publish","type":"post","link":"https:\/\/archives.regards.fr\/?p=1062","title":{"rendered":"Nouvelles technos"},"content":{"rendered":"<p class=\"post_excerpt\"> Voir aussi <\/p>\n<p>Communiquer demain<strong> Le 19 mai dernier, en pr\u00e9sence de la ministre de la Culture, de la ministre de la Jeunesse et des Sports et du ministre d\u00e9l\u00e9gu\u00e9 \u00e0 la Ville, \u00e9taient inaugur\u00e9s de nouveaux espaces du centre d&#8217;ing\u00e9nierie et d&#8217;exp\u00e9rimentation multim\u00e9dia \u00e0 vocation culturelle et sociale. Alias Le M\u00e9tafort d&#8217;Aubervilliers. <\/strong><\/p>\n<p>Le projet du M\u00e9tafort trouve son origine dans un rapport de Pierre Musso, r\u00e9dig\u00e9 \u00e0 la demande de Jack Lang, sur le th\u00e8me de la cr\u00e9ation artistique et des nouvelles technologies. Il y \u00e9tait propos\u00e9 la cr\u00e9ation d&#8217;un &#8221; Bauhaus &#8221; de l&#8217;\u00e8re \u00e9lectronique. Repris au vol par Jack Ralite, la &#8221; Cit\u00e9 des Arts &#8221; fut pr\u00e9sent\u00e9e en janvier 1992. Projet de port\u00e9e internationale et \u00e0 trois composantes: la cr\u00e9ation artistique, les avanc\u00e9es technologiques et scientifiques, l&#8217;innovation sociale. L&#8217;originalit\u00e9 et l&#8217;ambition de ce projet, ensuite nomm\u00e9 Le M\u00e9tafort, l&#8217;ont finalement longtemps desservi. Con\u00e7u comme lieu de production et de recherche largement ouvert sur la vie de la municipalit\u00e9 d&#8217;Aubervilliers o\u00f9 le site est implant\u00e9, ainsi que sur celle de Pantin qui a contribu\u00e9 \u00e0 soutenir le projet, et, plus largement, sur le d\u00e9partement de Seine-Saint-Denis, \u00e9galement partenaire, la mixit\u00e9 entre art, recherche et social a longtemps paru une belle utopie.<\/p>\n<p> <strong> La mixit\u00e9 entre art, recherche et social  <\/strong><\/p>\n<p>Depuis sept ann\u00e9es, un comit\u00e9 de parrainage international appuie cependant le projet, conscient que, s&#8217;il ne pouvait aboutir, il manquerait un maillon indispensable \u00e0 la culture et \u00e0 la vie de la cit\u00e9. Le M\u00e9tafort est un instrument indispensable pour le prochain si\u00e8cle, si l&#8217;on veut que chercheurs, artistes et citoyens construisent ensemble et r\u00e9fl\u00e9chissent au d\u00e9sir commun de vivre ensemble sans que les uns soient d\u00e9connect\u00e9s des autres. Projet complexe car il mobilise diff\u00e9rents minist\u00e8res et non pas seulement celui de la Culture. Il implique celui de la ville, celui de la recherche et de l&#8217;industrie, et encore des partenariats industriels comme France T\u00e9l\u00e9com, Bay Networks, Digital Equipment France, Sotimage. Cr\u00e9er des synergies entre toutes ces instances publiques et priv\u00e9es rel\u00e8ve du casse t\u00eate. Mais on aime au M\u00e9tafort afficher ce pr\u00e9cepte emprunt\u00e9 \u00e0 Jules Verne: &#8221; rien n&#8217;est fait de grand qui ne soit une esp\u00e9rance exag\u00e9r\u00e9e. &#8221; Aujourd&#8217;hui les locaux provisoires du M\u00e9tafort sont pass\u00e9s de 180 m\u00e8tres carr\u00e9s \u00e0 850 et proposent un ensemble d&#8217;espaces: un accueil pour le d\u00e9p\u00f4t de projets, un espace de formation, un &#8221; M\u00e9talab &#8221; &#8221; atelier de recherche et de cr\u00e9ation pour des projets demandant des d\u00e9veloppements num\u00e9riques complexes &#8220;, un centre de ressources comprenant une multim\u00e9diath\u00e8que, un espace pour le traitement de la photo, du dessin, de la vid\u00e9o, un espace bureautique, un espace &#8221; entreprises &#8220;. Dans la partie baptis\u00e9e la &#8221; Passerelle &#8220;, les r\u00e9alisateurs de projets pourront pr\u00e9senter leur travail en cours, ainsi que les innovations technologiques. Y seront aussi organis\u00e9s des d\u00e9bats et des rencontres. Le M\u00e9tafort, dans sa version r\u00e9duite, est li\u00e9 pour l&#8217;avenir proche avec un nombre important de jeunes artistes, f\u00e9d\u00e9r\u00e9s, notamment par la premi\u00e8re revue d&#8217;art sur internet en France, cr\u00e9\u00e9e et anim\u00e9e par notre collaboratrice Anne-Marie Morice, Synesth\u00e9sie, h\u00e9berg\u00e9e dor\u00e9navant au M\u00e9tafort. Par ailleurs, de 1996 \u00e0 1997, le M\u00e9tafort a d\u00e9velopp\u00e9 dix-huit projets d&#8217;artistes et, en 1998, ce sont quatorze projets qui verront le jour.<\/p>\n<p> <strong> Un projet qui fait appel \u00e0 des apports budg\u00e9taires multiples <\/strong><\/p>\n<p>Les nouveaux apports budg\u00e9taires vont permettre d&#8217;engager des techniciens qui mettront &#8221; l&#8217;outil M\u00e9tafort &#8221; \u00e0 disposition des artistes et des partenaires qui voudront l&#8217;utiliser. Le M\u00e9tafort travaille \u00e9videmment en r\u00e9seau avec une liaison haut d\u00e9bit et b\u00e9n\u00e9ficie d\u00e9j\u00e0 de liens avec des partenaires internationaux de haut niveau, tels le Massachussetts Institute of Technology de Boston, le c\u00e9l\u00e8bre MIT, le High Tech Center de Babelsberg, le ZKM de Karlsruhe et l&#8217;ICC de Tokyo. Le d\u00e9veloppement du M\u00e9tafort, \u00e0 moyen terme du moins, est assur\u00e9 par des engagements pour le budget de fonctionnement de l&#8217;ordre de 500 000 F pour l&#8217;ann\u00e9e 1998 et de 2 millions de francs pour l&#8217;ann\u00e9e 1999, en provenance du minist\u00e8re de la Culture, ainsi que 200 000 F pour 1998 du minist\u00e8re des Transports, de l&#8217;Equipement et du Logement. Les d\u00e9clarations de Catherine Trautmann, et son attachement aux &#8221; projets transversaux &#8221; encouragent la vocation du M\u00e9tafort: &#8221; \u00eatre un lieu sp\u00e9cifique de rencontres et de travail multidisciplinaires, charg\u00e9 d&#8217;accueillir et d&#8217;accompagner la r\u00e9alisation de projets associant les techniques contemporaines \u00e0 la cr\u00e9ation et aux attentes sociales &#8220;.<\/p>\n<p><strong> Communiquer demain <\/strong><\/p>\n<p>Au Centre des congr\u00e8s de Poitiers, Internet occupait le devant de la sc\u00e8ne. C&#8217;est en effet l\u00e0 que le IVe Forum organis\u00e9 par la Mission pour la c\u00e9l\u00e9bration de l&#8217;an 2 000, pr\u00e9sid\u00e9e par Jean-Jacques Aillagon, se d\u00e9roulait le 29 mai dernier. Intitul\u00e9 du d\u00e9bat: &#8221; Demain tous en ligne ? Les nouvelles technologies de la communication &#8220;. Ce mode de transmission de l&#8217;information par ligne t\u00e9l\u00e9phonique, c\u00e2ble ou par satellite, ne conna\u00eetrait ni fronti\u00e8res ni limites de contenu et serait appel\u00e9 \u00e0 modifier profond\u00e9ment nos modes de vie comme nos repr\u00e9sentations de l&#8217;espace. Membre du Conseil sup\u00e9rieur de l&#8217;audiovisuel, Philippe-Olivier Rousseau livre sa vision des choses: &#8221; La mondialisation, pas seulement celle de l&#8217;\u00e9conomie et des flux financiers, mais aussi celle de la pollution, des crimes, du terrorisme, de la famine, des \u00e9pid\u00e9mies, implique la d\u00e9finition d&#8217;un nouveau pacte social. Sans action politique, les in\u00e9galit\u00e9s dans le monde seront amen\u00e9es \u00e0 cro\u00eetre de mani\u00e8re insupportable. Et sans r\u00e9gulation politique, la soci\u00e9t\u00e9 de l&#8217;\u00e9conomie de l&#8217;immat\u00e9riel sera plus violente et plus in\u00e9galitaire que ne l&#8217;a \u00e9t\u00e9 la soci\u00e9t\u00e9 industrielle &#8220;. Solution envisag\u00e9e par l&#8217;intervenant qui r\u00e9clame toutefois la n\u00e9cessit\u00e9 d&#8217;une &#8221; gouvernance mondiale &#8220;: &#8221; Le march\u00e9, la d\u00e9r\u00e9glementation et le lib\u00e9ralisme, sont les conditions imp\u00e9ratives du d\u00e9veloppement rapide de la soci\u00e9t\u00e9 de l&#8217;information &#8220;. Un point de vue dominant que reprendront et \u00e9tayeront un philosophe, un politologue et un homme de marketing&#8230; Mais, au regard du contexte mondial d\u00e9crit par Philippe Qu\u00e9au qui dirige la division de l&#8217;information et de l&#8217;informatique de l&#8217;Unesco, la position de Philippe-Olivier Rousseau est ouvertement contradictoire. Qui serait \u00e0 m\u00eame d&#8217;exercer une mission de gouvernance en toute \u00e9quit\u00e9 au regard des actuels d\u00e9tenteurs des moyens de communication et de la r\u00e9partition g\u00e9ographique de ces\u00e9quipements ? Philippe Qu\u00e9au d\u00e9peint une conjoncture \u00e9loquente: sur les six milliards d&#8217;habitants de la plan\u00e8te, les t\u00e9l\u00e9coms, tous pays confondus, desservent 500 millions d&#8217;abonn\u00e9s au t\u00e9l\u00e9phone, abonn\u00e9s potentiellement concern\u00e9s par Internet, chiffre \u00e0 mettre en regard des trois milliards d&#8217;humains qui ignorent tout de l&#8217;existence du combin\u00e9, et davantage encore de l&#8217;ordinateur. &#8221; La globalisation d&#8217;Internet, continue Philippe Qu\u00e9au, ne concerne que les riches: la parole des &#8220;Etats-nation &#8221; est laiss\u00e9e de c\u00f4t\u00e9 et ce sont des firmes surpuissantes qui dictent les r\u00e8gles du jeu de l&#8217;\u00e9conomie mondiale &#8220;. Et de reprendre le rapport de mars 1998 de l&#8217;Union internationale des t\u00e9l\u00e9coms selon lequel le co\u00fbt de la connexion t\u00e9l\u00e9phonique serait dix fois plus \u00e9lev\u00e9 en Afrique que dans les pays de l&#8217;OCDE: &#8221; Un simple changement de politique tarifaire, conclut-il, permettait de doubler le nombre d&#8217;abonn\u00e9s donc de d\u00e9mocratiser l&#8217;acc\u00e8s au r\u00e9seau Internet. La globalisation politique et la globalisation des esprits, c&#8217;est-\u00e0-dire la prise en compte de l&#8217;int\u00e9r\u00eat g\u00e9n\u00e9ral, sont inexistantes d&#8217;o\u00f9 l&#8217;aggravation du d\u00e9s\u00e9quilibre mondial &#8220;. Autre question essentielle: quel sera le v\u00e9ritable impact d&#8217;Internet qui bouleverse les notions de distance et de lieu ? Jean-Michel Billaut, responsable de la veille technologique \u00e0 la Compagnie bancaire et vice-pr\u00e9sident de l&#8217;Association fran\u00e7aise pour le commerce et les \u00e9changes \u00e9lectroniques, tentera d&#8217;y r\u00e9pondre en une pirouette: &#8221; Je ne sais pas o\u00f9 nous allons, mais nous y allons ! &#8221; Mais il produit un certain nombre d&#8217;\u00e9l\u00e9ments tangibles s&#8217;agissant du commerce \u00e9lectronique: achats qui ne n\u00e9cessitent aucun d\u00e9placement, abaissement du prix des marchandises et disparition d&#8217;un nombre important d&#8217;interm\u00e9diaires: &#8221; Aux USA, un million de v\u00e9hicules sont vendus par Internet sur Auto-by-Tel, et plus de 500 000 actionnaires abonn\u00e9s \u00e0 E-trade. com, un courtier en bourse \u00e9lectronique qui ne facture aucune commission. Ces deux soci\u00e9t\u00e9s s&#8217;installent en France&#8230; &#8220;, avant de conclure son intervention par: &#8221; L&#8217;\u00e9lite dirigeante fran\u00e7aise n&#8217;a aucune id\u00e9e de ce qui va lui arriver&#8230; &#8221; Par bonheur, l&#8217;Internet permet bien d&#8217;autres possibilit\u00e9s que d&#8217;acheter des automobiles. Les r\u00e9seaux sont des outils de communication et de savoir qui doivent faire l&#8217;objet d&#8217;une appropriation sociale, hors des calculs mercantiles.<\/p>\n<p>Par Maris Marques<\/p>\n","protected":false},"excerpt":{"rendered":"<p> Voir aussi <\/p>\n","protected":false},"author":1,"featured_media":0,"comment_status":"open","ping_status":"open","sticky":false,"template":"","format":"standard","meta":{"_themeisle_gutenberg_block_has_review":false,"footnotes":""},"categories":[141],"tags":[288],"class_list":["post-1062","post","type-post","status-publish","format-standard","hentry","category-archives-web","tag-spectacle-vivant"],"_links":{"self":[{"href":"https:\/\/archives.regards.fr\/index.php?rest_route=\/wp\/v2\/posts\/1062","targetHints":{"allow":["GET"]}}],"collection":[{"href":"https:\/\/archives.regards.fr\/index.php?rest_route=\/wp\/v2\/posts"}],"about":[{"href":"https:\/\/archives.regards.fr\/index.php?rest_route=\/wp\/v2\/types\/post"}],"author":[{"embeddable":true,"href":"https:\/\/archives.regards.fr\/index.php?rest_route=\/wp\/v2\/users\/1"}],"replies":[{"embeddable":true,"href":"https:\/\/archives.regards.fr\/index.php?rest_route=%2Fwp%2Fv2%2Fcomments&post=1062"}],"version-history":[{"count":0,"href":"https:\/\/archives.regards.fr\/index.php?rest_route=\/wp\/v2\/posts\/1062\/revisions"}],"wp:attachment":[{"href":"https:\/\/archives.regards.fr\/index.php?rest_route=%2Fwp%2Fv2%2Fmedia&parent=1062"}],"wp:term":[{"taxonomy":"category","embeddable":true,"href":"https:\/\/archives.regards.fr\/index.php?rest_route=%2Fwp%2Fv2%2Fcategories&post=1062"},{"taxonomy":"post_tag","embeddable":true,"href":"https:\/\/archives.regards.fr\/index.php?rest_route=%2Fwp%2Fv2%2Ftags&post=1062"}],"curies":[{"name":"wp","href":"https:\/\/api.w.org\/{rel}","templated":true}]}}