{"id":10602,"date":"2017-10-02T12:47:24","date_gmt":"2017-10-02T10:47:24","guid":{"rendered":"https:\/\/wp.muchomaas.com\/article-lila-le-bas-c-est-a-l-entreprise-de-former-des-travailleurs-pas-a-l-universite\/"},"modified":"2023-06-23T23:25:25","modified_gmt":"2023-06-23T21:25:25","slug":"article-lila-le-bas-c-est-a-l-entreprise-de-former-des-travailleurs-pas-a-l-universite","status":"publish","type":"post","link":"https:\/\/archives.regards.fr\/?p=10602","title":{"rendered":"Lil\u00e2 Le Bas : &#8220;C&#8217;est \u00e0 l&#8217;entreprise de former des travailleurs, pas \u00e0 l&#8217;universit\u00e9&#8221;"},"content":{"rendered":"<p class=\"post_excerpt\">Pour le grand retour de <em>La Midinale<\/em>, <em>Regards<\/em> re\u00e7oit aujourd\u2019hui Lil\u00e2 Le Bas, pr\u00e9sidente de l&#8217;UNEF. L\u2019occasion de revenir avec elle sur la rentr\u00e9e universitaire, le climat social, les mobilisations \u00e0 venir et la tentation du tout s\u00e9curitaire du gouvernement Macron. <\/p>\n<p><iframe loading=\"lazy\" width=\"490\" height=\"276\" src=\"https:\/\/www.youtube.com\/embed\/CFHjMRoxFNA\" frameborder=\"0\" allowfullscreen><\/iframe><div id='gallery-1' class='gallery galleryid-10602 gallery-columns-3 gallery-size-thumbnail'><figure class='gallery-item'>\n\t\t\t<div class='gallery-icon landscape'>\n\t\t\t\t<a href='https:\/\/archives.regards.fr\/wp-content\/uploads\/2017\/10\/midinale_homepage-7d8.png'><img loading=\"lazy\" decoding=\"async\" width=\"150\" height=\"150\" src=\"https:\/\/archives.regards.fr\/wp-content\/uploads\/2017\/10\/midinale_homepage-7d8-150x150.png\" class=\"attachment-thumbnail size-thumbnail\" alt=\"midinale_homepage.png\" \/><\/a>\n\t\t\t<\/div><\/figure>\n\t\t<\/div>\n<\/p>\n","protected":false},"excerpt":{"rendered":"<p>Pour le grand retour de <em>La Midinale<\/em>, <em>Regards<\/em> re\u00e7oit aujourd\u2019hui Lil\u00e2 Le Bas, pr\u00e9sidente de l&#8217;UNEF. L\u2019occasion de revenir avec elle sur la rentr\u00e9e universitaire, le climat social, les mobilisations \u00e0 venir et la tentation du tout s\u00e9curitaire du gouvernement Macron. <\/p>\n","protected":false},"author":1039,"featured_media":25321,"comment_status":"open","ping_status":"open","sticky":false,"template":"","format":"standard","meta":{"_themeisle_gutenberg_block_has_review":false,"footnotes":""},"categories":[157],"tags":[],"class_list":["post-10602","post","type-post","status-publish","format-standard","has-post-thumbnail","hentry","category-web"],"_links":{"self":[{"href":"https:\/\/archives.regards.fr\/index.php?rest_route=\/wp\/v2\/posts\/10602","targetHints":{"allow":["GET"]}}],"collection":[{"href":"https:\/\/archives.regards.fr\/index.php?rest_route=\/wp\/v2\/posts"}],"about":[{"href":"https:\/\/archives.regards.fr\/index.php?rest_route=\/wp\/v2\/types\/post"}],"author":[{"embeddable":true,"href":"https:\/\/archives.regards.fr\/index.php?rest_route=\/wp\/v2\/users\/1039"}],"replies":[{"embeddable":true,"href":"https:\/\/archives.regards.fr\/index.php?rest_route=%2Fwp%2Fv2%2Fcomments&post=10602"}],"version-history":[{"count":0,"href":"https:\/\/archives.regards.fr\/index.php?rest_route=\/wp\/v2\/posts\/10602\/revisions"}],"wp:featuredmedia":[{"embeddable":true,"href":"https:\/\/archives.regards.fr\/index.php?rest_route=\/wp\/v2\/media\/25321"}],"wp:attachment":[{"href":"https:\/\/archives.regards.fr\/index.php?rest_route=%2Fwp%2Fv2%2Fmedia&parent=10602"}],"wp:term":[{"taxonomy":"category","embeddable":true,"href":"https:\/\/archives.regards.fr\/index.php?rest_route=%2Fwp%2Fv2%2Fcategories&post=10602"},{"taxonomy":"post_tag","embeddable":true,"href":"https:\/\/archives.regards.fr\/index.php?rest_route=%2Fwp%2Fv2%2Ftags&post=10602"}],"curies":[{"name":"wp","href":"https:\/\/api.w.org\/{rel}","templated":true}]}}