{"id":10597,"date":"2017-10-02T00:09:20","date_gmt":"2017-10-01T22:09:20","guid":{"rendered":"https:\/\/wp.muchomaas.com\/article-ecologie-la-rentree-ratee-de-nicolas-hulot\/"},"modified":"2023-06-23T23:25:24","modified_gmt":"2023-06-23T21:25:24","slug":"article-ecologie-la-rentree-ratee-de-nicolas-hulot","status":"publish","type":"post","link":"https:\/\/archives.regards.fr\/?p=10597","title":{"rendered":"\u00c9cologie : la rentr\u00e9e rat\u00e9e de Nicolas Hulot"},"content":{"rendered":"<p class=\"post_excerpt\">Suppression d&#8217;aides \u00e0 l\u2019agriculture bio, projet de loi ambigu contre les hydrocarbures, JO parisiens, ratification du CETA\u2026 La transition \u00e9cologique restera lettre morte tant que son ministre servira de caution aux renoncements du gouvernement.<\/p>\n<p>Depuis la fin ao\u00fbt, suites logiques du <a href=\"http:\/\/www.gouvernement.fr\/action\/plan-climat\">plan climat<\/a> pr\u00e9sent\u00e9 en juillet dernier par Nicolas Hulot, poussant comme des l\u00e9gumes sous glyphosate, les mesures et les projets de lois se r\u00e9pandent un peu partout, dans les m\u00e9dias et sur les tables des commissions avant leur passage \u00e0 l\u2019assembl\u00e9e.<\/p>\n<h2>Beaucoup de bruit pour ?<\/h2>\n<p>Nicolas Hulot d\u00e9finissait ainsi diff\u00e9rents axes qui comprenaient notamment 4 milliards d\u2019euros consacr\u00e9s \u00e0 la lutte contre la pr\u00e9carit\u00e9 \u00e9nerg\u00e9tique dans le secteur des b\u00e2timents publics, 50 millions d\u2019investissements pour les b\u00e2timents priv\u00e9s, la r\u00e9duction de la part du nucl\u00e9aire \u00e0 50% d\u2019ici 2025, la fin de la commercialisation des voitures roulant \u00e0 l\u2019essence ou au gazole d\u2019ici 2040, la fin de l\u2019exploitation des \u00e9nergies fossiles la m\u00eame ann\u00e9e. <\/p>\n<p>Multipliant les interviewes et passages \u00e0 la t\u00e9l\u00e9vision, l\u2019embl\u00e9matique ministre de la Transition \u00e9cologique pr\u00e9sentait ainsi <a href=\"http:\/\/www.liberation.fr\/futurs\/2017\/09\/17\/le-plan-hulot-quatre-mesures-ecologiques-et-solidaires_1597043\">dans <em>Lib\u00e9ration<\/em><\/a>, la semaine derni\u00e8re, ses premi\u00e8res mesures et sa volont\u00e9 de mener <em>\u00ab une politique ambitieuse \u00bb<\/em> sur tout le quinquennat afin de lutter contre le r\u00e9chauffement climatique. <\/p>\n<p>Primes \u00e0 la conversion des v\u00e9hicules et ch\u00e8ques \u00e9nergies pour les m\u00e9nages, cr\u00e9dit d\u2019imp\u00f4t pour la transition \u00e9nerg\u00e9tique, le ministre pouvait alors s\u2019enorgueillir de la dimension sociale des premi\u00e8res mesures pr\u00e9sent\u00e9es. Un ramdam qui s\u2019est prolong\u00e9 quelques jours tard avec la pr\u00e9sentation d\u2019Edouard Philippe de 57 milliards d\u2019investissements dont 20 d\u00e9di\u00e9s \u00e0 la transition \u00e9nerg\u00e9tique faisant de celle-ci <em>\u00ab la priorit\u00e9 du gouvernement \u00bb<\/em>.<\/p>\n<p>Mais comme pourrait le dire l\u2019adage : \u00e0 gros chiffres, grand\u2026 flou. Rien de nouveau, en r\u00e9alit\u00e9, dans ces investissements dont <em>\u00ab moins de la moiti\u00e9 est toutefois constitu\u00e9e de nouveaux investissements \u00bb<\/em> rappelle l\u2019\u00e9conomiste Maxime Combes, membre d&#8217;Attac. <em>\u00ab C\u2019est le programme d\u2019investissement annonc\u00e9 dans le cadre de la campagne d\u2019Emmanuel Macron. La part de ce qui revient \u00e0 la transition \u00e9cologique est \u00e0 pr\u00e9ciser. Le gros enjeu, c\u2019est de s\u2019assurer que ces aides n\u2019aillent pas qu\u2019\u00e0 ceux qui ont les moyens d\u2019investir \u00bb<\/em> ajoute-t-il. <\/p>\n<h2>Le diable est dans les d\u00e9tails<\/h2>\n<p>Le d\u00e9calage entre les coups de com du gouvernement et les d\u00e9cisions concr\u00e8tes dessinent au contraire les contours d\u2019une transition men\u00e9e avec le dos de la cuill\u00e8re. Comme souvent, il faut s\u2019attarder sur le contenu des projets de loi et des mesures \u00e0 venir pour s\u2019apercevoir que le diable n\u00e9olib\u00e9ral se loge \u00e9videmment dans les d\u00e9tails. <\/p>\n<p>Il y a quelques semaines, 350.org, Attac, les Amis de la terre et plusieurs collectifs faisaient part de leur inqui\u00e9tude quant au d\u00e9calage entre les annonces d&#8217;un nouveau projet de loi <em>\u00ab mettant fin \u00e0 la recherche et \u00e0 l\u2019exploitation des hydrocarbures \u00bb<\/em> et la r\u00e9alit\u00e9 du texte propos\u00e9 en commission avant son passage \u00e0 l\u2019assembl\u00e9e. Elles d\u00e9non\u00e7aient au contraire un projet de loi qui <em>\u00ab ne permet pas d\u2019atteindre la transition progressive jusqu\u2019en 2040, ni d\u2019interdiction effective de l\u2019exploration des hydrocarbures non-conventionnels. Les permis actuels seront prolong\u00e9s et donneront lieu \u00e0 de nouvelles concessions, et les concessions actuelles pourront \u00eatre prolong\u00e9es jusqu\u2019en 2040 \u00bb<\/em>. <\/p>\n<p>Il y a deux jours, le passage en commission du projet de loi \u2013 avant l\u2019arriv\u00e9e du texte \u00e0 l\u2019assembl\u00e9e \u2013 confirmait quelques avanc\u00e9es, mais \u00e9galement les difficult\u00e9s rencontr\u00e9es pour faire passer des amendements pourtant essentiels afin de limiter la cr\u00e9ation de nouvelles exploitations. <\/p>\n<p><a href=\"http:\/\/www.amisdelaterre.org\/Loi-Hulot-les-ameliorations-doivent-etre-confirmees-et-les-dernieres-failles.html\">Dans un communiqu\u00e9<\/a>, Juliette Renaud, des Amis de la terre France,\u00a0interpellait ainsi directement le ministre : <em>\u00ab\u00a0Le gouvernement refuse de s\u2019attaquer au c\u0153ur du probl\u00e8me\u00a0! Nicolas Hulot s\u2019est justifi\u00e9 en indiquant que selon lui, refuser une concession au motif de la lutte contre le changement climatique porterait atteinte aux \u201cdroits acquis\u201d des industriels. Alors que ce projet de loi \u00e9tait cens\u00e9 \u201csonner la fin d\u2019un mod\u00e8le\u201d selon les propres mots du ministre, le gouvernement s\u2019obstine dans une logique du pass\u00e9 qui fait passer les int\u00e9r\u00eats \u00e9conomiques priv\u00e9s avant le climat, l\u2019environnement et les populations \u00bb<\/em>.<br \/>\n<\/p>\n<blockquote class=\"twitter-tweet\" data-lang=\"fr\">\n<p lang=\"fr\" dir=\"ltr\">[COMMUNIQUE] <a href=\"https:\/\/twitter.com\/hashtag\/LoiHulot?src=hash&amp;ref_src=twsrc%5Etfw\">#LoiHulot<\/a> : les am\u00e9liorations doivent \u00eatre confirm\u00e9es et les derni\u00e8res failles combl\u00e9es -&gt; <a href=\"https:\/\/t.co\/iNRFdLRDhj\">https:\/\/t.co\/iNRFdLRDhj<\/a> <a href=\"https:\/\/t.co\/6mPtumPgxG\">pic.twitter.com\/6mPtumPgxG<\/a><\/p>\n<p>&mdash; Amis de la Terre FR (@amisdelaterre) <a href=\"https:\/\/twitter.com\/amisdelaterre\/status\/912976492279287808?ref_src=twsrc%5Etfw\">27 septembre 2017<\/a><\/p><\/blockquote>\n<p> <script async src=\"\/\/platform.twitter.com\/widgets.js\" charset=\"utf-8\"><\/script><\/p>\n<p>Peur de la censure du conseil constitutionnel ou de celles des grands groupes industriels, le refus de M. Hulot de laisser passer des amendements au projet de loi en disait long sur l\u2019actuel processus d\u00e9mocratique, mais \u00e9galement sur les cousinages entre gouvernement, lobbies et multinationales.<\/p>\n<h2>Make the pesticides great again <\/h2>\n<p>Du c\u00f4t\u00e9 du minist\u00e8re de l\u2019Agriculture, men\u00e9 par le <a href=\"https:\/\/wp.muchomaas.com\/mauvais-esprit-par-guillaume-liegard\/article\/stephane-travert-ministre-eclaire-de-l-agriculture-intensive\">tr\u00e8s lobby-friendly St\u00e9phane Travert<\/a>, les reculades concernant l\u2019interdiction des nicotino\u00efdes cet \u00e9t\u00e9 ou du glyphosate il y a quelques jours ne faisaient que confirmer cette proximit\u00e9.<br \/>\n<\/p>\n<blockquote class=\"twitter-tweet\" data-lang=\"fr\">\n<p lang=\"fr\" dir=\"ltr\">Je n&#39;en ai pas le sentiment &#8230; <a href=\"https:\/\/twitter.com\/hashtag\/InitiativeEurope?src=hash&amp;ref_src=twsrc%5Etfw\">#InitiativeEurope<\/a> <a href=\"https:\/\/t.co\/mHl1WCYWpf\">pic.twitter.com\/mHl1WCYWpf<\/a><\/p>\n<p>&mdash; Emmanuel Macron (@EmmanuelMacron) <a href=\"https:\/\/twitter.com\/EmmanuelMacron\/status\/912691343637536770?ref_src=twsrc%5Etfw\">26 septembre 2017<\/a><\/p><\/blockquote>\n<p> <script async src=\"\/\/platform.twitter.com\/widgets.js\" charset=\"utf-8\"><\/script><\/p>\n<p>Jouant sur les mots, le gouvernement pr\u00e9sentait la <a href=\"https:\/\/www.bastamag.net\/Sous-la-pression-des-lobbies-le-gouvernement-renonce-a-interdire-le-glyphosate\">d\u00e9rogation de l\u2019utilisation du d\u00e9sherbant<\/a> (reconnu comme probablement canc\u00e9rig\u00e8ne par l\u2019OMS)[[Sur cinq \u00e0 sept ans au lieu des dix annonc\u00e9s par la Commission europ\u00e9enne.]] comme un geste de r\u00e9sistance. En r\u00e9alit\u00e9, face \u00e0 la pression du syndicat agricole majoritaire FNSEA, maintes fois \u00e9pingl\u00e9 pour ses positions productivistes et anti-\u00e9cologiques, le gouvernement et le ministre repoussaient la d\u00e9cision d\u2019une interdiction totale \u2013et par cons\u00e9quent l\u2019impulsion n\u00e9cessaire vers un passage \u00e0 une agriculture sans pesticides. <\/p>\n<p>De quoi s\u2019inqui\u00e9ter pour la politique agricole de mani\u00e8re g\u00e9n\u00e9rale. La r\u00e9cente <a href=\"http:\/\/www.lemonde.fr\/economie\/article\/2017\/09\/22\/l-etat-supprime-les-aides-au-maintien-de-l-agriculture-bio_5189584_3234.html\">suppression des aides de l\u2019\u00c9tat aux maintien de l&#8217;agriculture bio<\/a> est un autre exemple de cette \u00e9cologie de fa\u00e7ade. Alors que la demande d\u2019accompagnement vers le bio explose, dans un syst\u00e8me agricole en crise, St\u00e9phane Travert annon\u00e7ait le d\u00e9sengagement de l\u2019\u00c9tat et le transfert de financement au niveau r\u00e9gional d\u2019une aide pourtant n\u00e9cessaire et cons\u00e9quente, sans chiffrer n\u00e9anmoins le montant transf\u00e9r\u00e9 aux r\u00e9gions. <\/p>\n<h2>Sauver le soldat Hulot ?<\/h2>\n<p>En claquant la porte du minist\u00e8re de l\u2019\u00c9cologie sous Hollande, Delphine Batho s\u2019\u00e9tait exclam\u00e9e : <em>\u00ab Les lobbies sont les plus puissants \u00bb<\/em>. Aujourd\u2019hui, rien ne semble avoir chang\u00e9. Les accords sur le CETA et <a href=\"https:\/\/reporterre.net\/Le-gaspillage-et-les-interets-prives-remportent-les-Jeux-olympiques-de-Paris\">les JO 2024<\/a> consacrent en ce sens la schizophr\u00e9nie inh\u00e9rente des politiques actuelles. Nicolas Hulot a, sur ces dossiers dont les cons\u00e9quences environnementales s\u2019av\u00e9reraient d\u00e9sastreuses, pr\u00e9f\u00e9r\u00e9 recourir \u00e0 la discr\u00e9tion ou \u00e0 l\u2019aveuglement volontaire, renon\u00e7ant \u00e0 la volont\u00e9 d\u2019acter une transition \u00e9cologique via des mesures volontaristes, et se montrant incapable de s\u2019\u00e9manciper du r\u00e9gime qui va \u00e0 son encontre. <\/p>\n<blockquote class=\"twitter-tweet\" data-cards=\"hidden\" data-lang=\"fr\">\n<p lang=\"fr\" dir=\"ltr\">&#128079;&#128079;&#128079; <a href=\"https:\/\/twitter.com\/hashtag\/Paris2024?src=hash&amp;ref_src=twsrc%5Etfw\">#Paris2024<\/a> Et 100 ans apr\u00e8s \u00e0 <a href=\"https:\/\/twitter.com\/Paris?ref_src=twsrc%5Etfw\">@Paris<\/a>, des Jeux Olympiques qui seront \u00e9cologiques et solidaires. <a href=\"https:\/\/t.co\/XYrYyKBJQo\">pic.twitter.com\/XYrYyKBJQo<\/a><\/p>\n<p>&mdash; Nicolas Hulot (@N_Hulot) <a href=\"https:\/\/twitter.com\/N_Hulot\/status\/908071810230611973?ref_src=twsrc%5Etfw\">13 septembre 2017<\/a><\/p><\/blockquote>\n<p> <script async src=\"\/\/platform.twitter.com\/widgets.js\" charset=\"utf-8\"><\/script><\/p>\n<p>Quant au plan climat de Hulot, il <em>\u00ab se r\u00e9sume \u00e0 intervenir \u00e0 la p\u00e9riph\u00e9rie de ce qui constitue la crise climatique ou de ce qui la g\u00e9n\u00e8re. On va simplement tenter de modifier \u00e0 la marge la fa\u00e7on dont les prix sont fix\u00e9s avec des aides, des taxes, etc<\/em>, analyse Maxime Combes. <em>L\u00e0, on est dans ce qui convient au paradigme n\u00e9olib\u00e9ral ou de l\u2019\u00e9conomie classique \u00bb<\/em>.<\/p>\n<p>Rel\u00e9gu\u00e9e \u00e0 une politique de bon gr\u00e9 mal gr\u00e9, l\u2019\u00e9cologie telle qu\u2019elle s\u2019incarne au sein du gouvernement continue ainsi de courber la t\u00eate, faisant de la transition une s\u00e9rie d\u2019ajustements convenant au lib\u00e9ralisme gouvernemental. Tant que cette prise de conscience ne s\u2019accompagnera pas d\u2019une combativit\u00e9 accrue, au prix d&#8217;une opposition frontale aux coups de com et aux int\u00e9r\u00eats dominants, Nicolas Hulot aura beau lever le doigt du fond de la classe, il n\u2019y aura personne quasiment personne pour le voir et l\u2019entendre.<div id='gallery-1' class='gallery galleryid-10597 gallery-columns-3 gallery-size-thumbnail'><figure class='gallery-item'>\n\t\t\t<div class='gallery-icon landscape'>\n\t\t\t\t<a href='https:\/\/archives.regards.fr\/wp-content\/uploads\/2017\/09\/hulot-rentree-566.jpg'><img loading=\"lazy\" decoding=\"async\" width=\"150\" height=\"150\" src=\"https:\/\/archives.regards.fr\/wp-content\/uploads\/2017\/09\/hulot-rentree-566-150x150.jpg\" class=\"attachment-thumbnail size-thumbnail\" alt=\"hulot-rentree.jpg\" \/><\/a>\n\t\t\t<\/div><\/figure>\n\t\t<\/div>\n<\/p>\n","protected":false},"excerpt":{"rendered":"<p>Suppression d&#8217;aides \u00e0 l\u2019agriculture bio, projet de loi ambigu contre les hydrocarbures, JO parisiens, ratification du CETA\u2026 La transition \u00e9cologique restera lettre morte tant que son ministre servira de caution aux renoncements du gouvernement.<\/p>\n","protected":false},"author":1,"featured_media":25309,"comment_status":"open","ping_status":"open","sticky":false,"template":"","format":"standard","meta":{"_themeisle_gutenberg_block_has_review":false,"footnotes":""},"categories":[157],"tags":[412],"class_list":["post-10597","post","type-post","status-publish","format-standard","has-post-thumbnail","hentry","category-web","tag-ecologie"],"_links":{"self":[{"href":"https:\/\/archives.regards.fr\/index.php?rest_route=\/wp\/v2\/posts\/10597","targetHints":{"allow":["GET"]}}],"collection":[{"href":"https:\/\/archives.regards.fr\/index.php?rest_route=\/wp\/v2\/posts"}],"about":[{"href":"https:\/\/archives.regards.fr\/index.php?rest_route=\/wp\/v2\/types\/post"}],"author":[{"embeddable":true,"href":"https:\/\/archives.regards.fr\/index.php?rest_route=\/wp\/v2\/users\/1"}],"replies":[{"embeddable":true,"href":"https:\/\/archives.regards.fr\/index.php?rest_route=%2Fwp%2Fv2%2Fcomments&post=10597"}],"version-history":[{"count":0,"href":"https:\/\/archives.regards.fr\/index.php?rest_route=\/wp\/v2\/posts\/10597\/revisions"}],"wp:featuredmedia":[{"embeddable":true,"href":"https:\/\/archives.regards.fr\/index.php?rest_route=\/wp\/v2\/media\/25309"}],"wp:attachment":[{"href":"https:\/\/archives.regards.fr\/index.php?rest_route=%2Fwp%2Fv2%2Fmedia&parent=10597"}],"wp:term":[{"taxonomy":"category","embeddable":true,"href":"https:\/\/archives.regards.fr\/index.php?rest_route=%2Fwp%2Fv2%2Fcategories&post=10597"},{"taxonomy":"post_tag","embeddable":true,"href":"https:\/\/archives.regards.fr\/index.php?rest_route=%2Fwp%2Fv2%2Ftags&post=10597"}],"curies":[{"name":"wp","href":"https:\/\/api.w.org\/{rel}","templated":true}]}}