{"id":10538,"date":"2017-06-27T12:23:13","date_gmt":"2017-06-27T10:23:13","guid":{"rendered":"https:\/\/wp.muchomaas.com\/article-olivier-dartigolles-pour-reinventer-la-gauche-il-ne-faut-exclure-personne\/"},"modified":"2023-06-23T23:25:12","modified_gmt":"2023-06-23T21:25:12","slug":"article-olivier-dartigolles-pour-reinventer-la-gauche-il-ne-faut-exclure-personne","status":"publish","type":"post","link":"https:\/\/archives.regards.fr\/?p=10538","title":{"rendered":"Olivier Dartigolles : \u00ab\u00a0Pour r\u00e9inventer la gauche, il ne faut exclure personne \u00bb"},"content":{"rendered":"<p class=\"post_excerpt\">Porte-parole du PCF, Olivier Dartigolles revient sur la d\u00e9cision de former un groupe ind\u00e9pendant de la France insoumise, et appelle autant \u00e0 la transformation de son parti qu&#8217;\u00e0 la reconstruction d&#8217;un projet politique \u00e0 gauche.<\/p>\n<p><iframe loading=\"lazy\" width=\"490\" height=\"276\" src=\"https:\/\/www.youtube.com\/embed\/FZoEliNqfi4?rel=0&amp;showinfo=0\" frameborder=\"0\" allowfullscreen><\/iframe><div id='gallery-1' class='gallery galleryid-10538 gallery-columns-3 gallery-size-thumbnail'><figure class='gallery-item'>\n\t\t\t<div class='gallery-icon landscape'>\n\t\t\t\t<a href='https:\/\/archives.regards.fr\/wp-content\/uploads\/2017\/06\/midinale-dartigolles-512.jpg'><img loading=\"lazy\" decoding=\"async\" width=\"150\" height=\"150\" src=\"https:\/\/archives.regards.fr\/wp-content\/uploads\/2017\/06\/midinale-dartigolles-512-150x150.jpg\" class=\"attachment-thumbnail size-thumbnail\" alt=\"midinale-dartigolles.jpg\" \/><\/a>\n\t\t\t<\/div><\/figure>\n\t\t<\/div>\n<\/p>\n","protected":false},"excerpt":{"rendered":"<p>Porte-parole du PCF, Olivier Dartigolles revient sur la d\u00e9cision de former un groupe ind\u00e9pendant de la France insoumise, et appelle autant \u00e0 la transformation de son parti qu&#8217;\u00e0 la reconstruction d&#8217;un projet politique \u00e0 gauche.<\/p>\n","protected":false},"author":1039,"featured_media":25171,"comment_status":"open","ping_status":"open","sticky":false,"template":"","format":"standard","meta":{"_themeisle_gutenberg_block_has_review":false,"footnotes":""},"categories":[157],"tags":[293,406],"class_list":["post-10538","post","type-post","status-publish","format-standard","has-post-thumbnail","hentry","category-web","tag-entretien","tag-pcf"],"_links":{"self":[{"href":"https:\/\/archives.regards.fr\/index.php?rest_route=\/wp\/v2\/posts\/10538","targetHints":{"allow":["GET"]}}],"collection":[{"href":"https:\/\/archives.regards.fr\/index.php?rest_route=\/wp\/v2\/posts"}],"about":[{"href":"https:\/\/archives.regards.fr\/index.php?rest_route=\/wp\/v2\/types\/post"}],"author":[{"embeddable":true,"href":"https:\/\/archives.regards.fr\/index.php?rest_route=\/wp\/v2\/users\/1039"}],"replies":[{"embeddable":true,"href":"https:\/\/archives.regards.fr\/index.php?rest_route=%2Fwp%2Fv2%2Fcomments&post=10538"}],"version-history":[{"count":0,"href":"https:\/\/archives.regards.fr\/index.php?rest_route=\/wp\/v2\/posts\/10538\/revisions"}],"wp:featuredmedia":[{"embeddable":true,"href":"https:\/\/archives.regards.fr\/index.php?rest_route=\/wp\/v2\/media\/25171"}],"wp:attachment":[{"href":"https:\/\/archives.regards.fr\/index.php?rest_route=%2Fwp%2Fv2%2Fmedia&parent=10538"}],"wp:term":[{"taxonomy":"category","embeddable":true,"href":"https:\/\/archives.regards.fr\/index.php?rest_route=%2Fwp%2Fv2%2Fcategories&post=10538"},{"taxonomy":"post_tag","embeddable":true,"href":"https:\/\/archives.regards.fr\/index.php?rest_route=%2Fwp%2Fv2%2Ftags&post=10538"}],"curies":[{"name":"wp","href":"https:\/\/api.w.org\/{rel}","templated":true}]}}