{"id":10530,"date":"2017-06-23T13:13:59","date_gmt":"2017-06-23T11:13:59","guid":{"rendered":"https:\/\/wp.muchomaas.com\/article-etienne-balibar-l-insoumission-est-necessaire-mais-elle-n-est-pas-suffisante\/"},"modified":"2023-06-23T23:25:11","modified_gmt":"2023-06-23T21:25:11","slug":"article-etienne-balibar-l-insoumission-est-necessaire-mais-elle-n-est-pas-suffisante","status":"publish","type":"post","link":"https:\/\/archives.regards.fr\/?p=10530","title":{"rendered":"\u00c9tienne Balibar : \u00ab\u00a0L\u2019insoumission est n\u00e9cessaire, mais elle n\u2019est pas suffisante\u00a0\u00bb"},"content":{"rendered":"<p class=\"post_excerpt\">Nous avons interrog\u00e9 \u00c9tienne Balibar, philosophe sp\u00e9cialiste de Marx et Spinoza, sur le r\u00f4le et la place de l&#8217;intellectuel dans nos soci\u00e9t\u00e9s et dans les luttes sociales, ainsi que sur les divisions actuelles de la gauche \u2013 comme sur la question europ\u00e9enne.<\/p>\n<p><iframe loading=\"lazy\" width=\"490\" height=\"276\" src=\"https:\/\/www.youtube.com\/embed\/ao3eybIn780?rel=0&amp;showinfo=0\" frameborder=\"0\" allowfullscreen><\/iframe><div id='gallery-1' class='gallery galleryid-10530 gallery-columns-3 gallery-size-thumbnail'><figure class='gallery-item'>\n\t\t\t<div class='gallery-icon landscape'>\n\t\t\t\t<a href='https:\/\/archives.regards.fr\/wp-content\/uploads\/2017\/06\/midinale-balibar-7cb.jpg'><img loading=\"lazy\" decoding=\"async\" width=\"150\" height=\"150\" src=\"https:\/\/archives.regards.fr\/wp-content\/uploads\/2017\/06\/midinale-balibar-7cb-150x150.jpg\" class=\"attachment-thumbnail size-thumbnail\" alt=\"midinale-balibar.jpg\" \/><\/a>\n\t\t\t<\/div><\/figure>\n\t\t<\/div>\n<\/p>\n","protected":false},"excerpt":{"rendered":"<p>Nous avons interrog\u00e9 \u00c9tienne Balibar, philosophe sp\u00e9cialiste de Marx et Spinoza, sur le r\u00f4le et la place de l&#8217;intellectuel dans nos soci\u00e9t\u00e9s et dans les luttes sociales, ainsi que sur les divisions actuelles de la gauche \u2013 comme sur la question europ\u00e9enne.<\/p>\n","protected":false},"author":1039,"featured_media":25159,"comment_status":"open","ping_status":"open","sticky":false,"template":"","format":"standard","meta":{"_themeisle_gutenberg_block_has_review":false,"footnotes":""},"categories":[157],"tags":[293,295],"class_list":["post-10530","post","type-post","status-publish","format-standard","has-post-thumbnail","hentry","category-web","tag-entretien","tag-nupes"],"_links":{"self":[{"href":"https:\/\/archives.regards.fr\/index.php?rest_route=\/wp\/v2\/posts\/10530","targetHints":{"allow":["GET"]}}],"collection":[{"href":"https:\/\/archives.regards.fr\/index.php?rest_route=\/wp\/v2\/posts"}],"about":[{"href":"https:\/\/archives.regards.fr\/index.php?rest_route=\/wp\/v2\/types\/post"}],"author":[{"embeddable":true,"href":"https:\/\/archives.regards.fr\/index.php?rest_route=\/wp\/v2\/users\/1039"}],"replies":[{"embeddable":true,"href":"https:\/\/archives.regards.fr\/index.php?rest_route=%2Fwp%2Fv2%2Fcomments&post=10530"}],"version-history":[{"count":0,"href":"https:\/\/archives.regards.fr\/index.php?rest_route=\/wp\/v2\/posts\/10530\/revisions"}],"wp:featuredmedia":[{"embeddable":true,"href":"https:\/\/archives.regards.fr\/index.php?rest_route=\/wp\/v2\/media\/25159"}],"wp:attachment":[{"href":"https:\/\/archives.regards.fr\/index.php?rest_route=%2Fwp%2Fv2%2Fmedia&parent=10530"}],"wp:term":[{"taxonomy":"category","embeddable":true,"href":"https:\/\/archives.regards.fr\/index.php?rest_route=%2Fwp%2Fv2%2Fcategories&post=10530"},{"taxonomy":"post_tag","embeddable":true,"href":"https:\/\/archives.regards.fr\/index.php?rest_route=%2Fwp%2Fv2%2Ftags&post=10530"}],"curies":[{"name":"wp","href":"https:\/\/api.w.org\/{rel}","templated":true}]}}