{"id":10524,"date":"2017-06-21T21:13:02","date_gmt":"2017-06-21T19:13:02","guid":{"rendered":"https:\/\/wp.muchomaas.com\/article-communistes-et-insoumis-a-l-assemblee-chambre-a-part-mais-front-commun\/"},"modified":"2017-06-21T21:13:02","modified_gmt":"2017-06-21T19:13:02","slug":"article-communistes-et-insoumis-a-l-assemblee-chambre-a-part-mais-front-commun","status":"publish","type":"post","link":"https:\/\/archives.regards.fr\/?p=10524","title":{"rendered":"Communistes et insoumis \u00e0 l&#8217;Assembl\u00e9e : Chambre \u00e0 part mais front commun ?"},"content":{"rendered":"<p class=\"post_excerpt\">Les d\u00e9put\u00e9s \u00e9lus sous l&#8217;\u00e9tiquette PCF ont (presque) tranch\u00e9 : ils ne formeront pas un groupe parlementaire avec ceux de la France insoumise. Mais cette partition ne devrait pas emp\u00eacher les uns et les autres de mener ensemble les combats l\u00e9gislatifs.<\/p>\n<p>Selon Andr\u00e9 Chassaigne, le PCF est en mesure, et a fait le choix, de constituer son propre groupe parlementaire apr\u00e8s le ralliement des quatre d\u00e9put\u00e9s ultramarins de l\u2019ancien groupe GDR. Ce qui signifierait que Marie-George Buffet et St\u00e9phane Peu, qui appelaient jusqu\u2019\u00e0 lundi \u00e0 la constitution d\u2019un seul groupe d\u2019opposition de gauche, se seraient ralli\u00e9s \u00e0 la ligne Chassaigne. Un \u00e9tat de fait quasi d\u00e9finitif, mais \u00e0 nuancer au vu de la relative diversit\u00e9 de points de vue au sein des d\u00e9put\u00e9s PCF, et de la r\u00e9union entre le parti et la France insoumise programm\u00e9e demain. <\/p>\n<h2>D\u00e9nouement attendu<\/h2>\n<p>Ce d\u00e9nouement ne serait pas une surprise si l\u2019on consid\u00e8re que les d\u00e9clarations de part et d\u2019autre reprenaient jusqu\u2019alors les m\u00eames argumentaires que <a href=\"https:\/\/wp.muchomaas.com\/web\/article\/accord-france-insoumise-parti-communiste-ce-qui-bloque\">lors des n\u00e9gociations pr\u00e9-l\u00e9gislatives<\/a>, qui avaient men\u00e9 \u00e0 une division sur fond de vives tensions, notamment quant \u00e0 la signature de la Charte de la France insoumise relative au financement de la campagne et \u00e0 la discipline de vote. <\/p>\n<p>En effet, Jean-Luc M\u00e9lenchon affirmait d\u00e8s dimanche que <em>\u00ab\u00a0le groupe France insoumise\u00a0\u00bb<\/em> serait <em>\u00ab\u00a0coh\u00e9rent, disciplin\u00e9 et offensif\u00a0\u00bb<\/em>, ouvert \u00e0 <em>\u00ab\u00a0tous ceux qui le voudr[aient]\u00a0\u00bb<\/em>, ses lieutenants \u00e9voquant m\u00eame, <em>\u00ab\u00a0personnellement\u00a0\u00bb<\/em>, leur v\u0153u de le voir pr\u00e9sider le groupe parlementaire. De son c\u00f4t\u00e9, le PCF, par la voix de son secr\u00e9taire national Pierre Laurent, appelait simplement et sans mentionner LFI, \u00e0 <em>\u00ab\u00a0trouver des formes de travail communes\u00a0\u00bb<\/em>. <\/p>\n<h2>R\u00e9actions variables<\/h2>\n<p>Fran\u00e7ois Ruffin affirme qu\u2019il <em>\u00ab\u00a0s\u2019en fout du moment que \u00e7a n\u2019est pas la guerre, ce que je ne pense pas\u00bb<\/em>, m\u00eame s\u2019il souhaitait la cr\u00e9ation d\u2019un groupe commun. Cl\u00e9mentine Autain, elle, se dit <em>\u00ab\u00a0abasourdie par la d\u00e9cision unilat\u00e9rale de d\u00e9put\u00e9s PCF alors que nous allons faire face tous ensemble, avec les d\u00e9put\u00e9s de la FI, au rouleau compresseur antisocial du gouvernement Macron-Philippe. Je ne veux pas pour autant gommer les diff\u00e9rences strat\u00e9giques qui s\u2019expriment \u00e0 cette occasion, mais je pense que nous sommes en de\u00e7\u00e0 de nos responsabilit\u00e9s collectives devant le pays et l\u2019histoire.\u00a0\u00bb<\/em><\/p>\n<p>Enfin, Elsa Faucillon, d\u00e9put\u00e9e PCF, estime que <em>\u00ab\u00a0les choses qui se sont dites ce matin en r\u00e9union n\u2019\u00e9taient pas aussi d\u00e9finitives que ce qui en est ressorti en conf\u00e9rence de presse\u00a0\u00bb<\/em>, dans la mesure o\u00f9 <em>\u00ab\u00a0la vraie r\u00e9union se d\u00e9roulera demain en compagnie de la FI\u00a0\u00bb<\/em>, et o\u00f9 <em>\u00ab\u00a0parmi les d\u00e9put\u00e9s PCF coexistent diverses opinions sur la meilleure mani\u00e8re de fournir un travail commun avec les d\u00e9put\u00e9s FI\u00a0\u00bb<\/em>. Elle se montre cependant pessimiste quant aux chances d\u2019aboutir \u00e0 la constitution d\u2019un groupe commun. <\/p>\n<h2>Quelles cons\u00e9quences\u00a0?<\/h2>\n<p>Andr\u00e9 Chassaigne, cit\u00e9 par la journaliste du <em>Monde<\/em> Rapha\u00eblle Besse Desmouli\u00e8res, affirme que deux groupes diff\u00e9rents <em>\u00ab\u00a0travaillant ensemble avec des espaces communs auront beaucoup plus d\u2019efficacit\u00e9\u00a0\u00bb<\/em>, rejetant toute id\u00e9e d\u2019<em>\u00ab\u00a0atomisation \u00bb<\/em>. Cl\u00e9mentine Autain ne partage pas cet avis\u00a0: <em>\u00ab\u00a0Je pense que nous aurions \u00e9t\u00e9 plus forts rassembl\u00e9s et que nos \u00e9lecteurs doivent trouver ce spectacle de divisions bien politicien\u00a0\u00bb<\/em>.<\/p>\n<p>La r\u00e9union de demain devrait donc, sauf \u00e9norme surprise, ent\u00e9riner la formation de deux groupes distincts. D\u2019un c\u00f4t\u00e9 les onze d\u00e9put\u00e9s PCF et les quatre ultramarins. De l\u2019autre, les d\u00e9put\u00e9s France insoumise auxquels s\u2019ajouteront Fran\u00e7ois Ruffin, qui a ent\u00e9rin\u00e9 son adh\u00e9sion au groupe FI <em>\u00ab\u00a0apr\u00e8s des discussions sereines avec M\u00e9lenchon et Chassaigne\u00a0\u00bb<\/em>, ainsi que Cl\u00e9mentine Autain pour qui <em>\u00ab\u00a0le groupe FI a le m\u00e9rite d\u2019\u00eatre marqu\u00e9 par un fort renouvellement\u00a0\u00bb<\/em>. Ne restera donc plus qu\u2019\u00e0 discuter des fameuses <em>\u00ab\u00a0formes \u00e0 donner \u00e0 un travail commun dans le respect des diverses identit\u00e9s \u00bb<\/em>, conclut Elsa Faucillon. <\/p>\n","protected":false},"excerpt":{"rendered":"<p>Les d\u00e9put\u00e9s \u00e9lus sous l&#8217;\u00e9tiquette PCF ont (presque) tranch\u00e9 : ils ne formeront pas un groupe parlementaire avec ceux de la France insoumise. Mais cette partition ne devrait pas emp\u00eacher les uns et les autres de mener ensemble les combats l\u00e9gislatifs.<\/p>\n","protected":false},"author":1,"featured_media":0,"comment_status":"open","ping_status":"open","sticky":false,"template":"","format":"standard","meta":{"_themeisle_gutenberg_block_has_review":false,"footnotes":""},"categories":[157],"tags":[295,406],"class_list":["post-10524","post","type-post","status-publish","format-standard","hentry","category-web","tag-nupes","tag-pcf"],"_links":{"self":[{"href":"https:\/\/archives.regards.fr\/index.php?rest_route=\/wp\/v2\/posts\/10524","targetHints":{"allow":["GET"]}}],"collection":[{"href":"https:\/\/archives.regards.fr\/index.php?rest_route=\/wp\/v2\/posts"}],"about":[{"href":"https:\/\/archives.regards.fr\/index.php?rest_route=\/wp\/v2\/types\/post"}],"author":[{"embeddable":true,"href":"https:\/\/archives.regards.fr\/index.php?rest_route=\/wp\/v2\/users\/1"}],"replies":[{"embeddable":true,"href":"https:\/\/archives.regards.fr\/index.php?rest_route=%2Fwp%2Fv2%2Fcomments&post=10524"}],"version-history":[{"count":0,"href":"https:\/\/archives.regards.fr\/index.php?rest_route=\/wp\/v2\/posts\/10524\/revisions"}],"wp:attachment":[{"href":"https:\/\/archives.regards.fr\/index.php?rest_route=%2Fwp%2Fv2%2Fmedia&parent=10524"}],"wp:term":[{"taxonomy":"category","embeddable":true,"href":"https:\/\/archives.regards.fr\/index.php?rest_route=%2Fwp%2Fv2%2Fcategories&post=10524"},{"taxonomy":"post_tag","embeddable":true,"href":"https:\/\/archives.regards.fr\/index.php?rest_route=%2Fwp%2Fv2%2Ftags&post=10524"}],"curies":[{"name":"wp","href":"https:\/\/api.w.org\/{rel}","templated":true}]}}