{"id":10452,"date":"2017-05-22T12:19:57","date_gmt":"2017-05-22T10:19:57","guid":{"rendered":"https:\/\/wp.muchomaas.com\/article-gilles-poux-s-il-n-y-a-pas-d-accord-aux-legislatives-c-est-la-faute-des\/"},"modified":"2017-05-22T12:19:57","modified_gmt":"2017-05-22T10:19:57","slug":"article-gilles-poux-s-il-n-y-a-pas-d-accord-aux-legislatives-c-est-la-faute-des","status":"publish","type":"post","link":"https:\/\/archives.regards.fr\/?p=10452","title":{"rendered":"Gilles Poux : \u00ab S\u2019il n\u2019y a pas d\u2019accord aux l\u00e9gislatives, c\u2019est la faute des communistes \u00bb"},"content":{"rendered":"<p class=\"post_excerpt\">Le Maire PCF de La Courneuve revient sur les conflits autour des l\u00e9gislatives, mais aussi sur les probl\u00e9matiques des quartiers populaires, sur l\u2019ub\u00e9risation et les cons\u00e9quences \u00e9conomiques et sociales du projet d\u2019Emmanuel Macron.<\/p>\n<p><iframe loading=\"lazy\" width=\"490\" height=\"276\" src=\"https:\/\/www.youtube.com\/embed\/BWmO1wUUi_4?rel=0&amp;showinfo=0\" frameborder=\"0\" allowfullscreen><\/iframe><\/p>\n","protected":false},"excerpt":{"rendered":"<p>Le Maire PCF de La Courneuve revient sur les conflits autour des l\u00e9gislatives, mais aussi sur les probl\u00e9matiques des quartiers populaires, sur l\u2019ub\u00e9risation et les cons\u00e9quences \u00e9conomiques et sociales du projet d\u2019Emmanuel Macron.<\/p>\n","protected":false},"author":1039,"featured_media":0,"comment_status":"open","ping_status":"open","sticky":false,"template":"","format":"standard","meta":{"_themeisle_gutenberg_block_has_review":false,"footnotes":""},"categories":[157],"tags":[293,502,406],"class_list":["post-10452","post","type-post","status-publish","format-standard","hentry","category-web","tag-entretien","tag-legislatives-2017","tag-pcf"],"_links":{"self":[{"href":"https:\/\/archives.regards.fr\/index.php?rest_route=\/wp\/v2\/posts\/10452","targetHints":{"allow":["GET"]}}],"collection":[{"href":"https:\/\/archives.regards.fr\/index.php?rest_route=\/wp\/v2\/posts"}],"about":[{"href":"https:\/\/archives.regards.fr\/index.php?rest_route=\/wp\/v2\/types\/post"}],"author":[{"embeddable":true,"href":"https:\/\/archives.regards.fr\/index.php?rest_route=\/wp\/v2\/users\/1039"}],"replies":[{"embeddable":true,"href":"https:\/\/archives.regards.fr\/index.php?rest_route=%2Fwp%2Fv2%2Fcomments&post=10452"}],"version-history":[{"count":0,"href":"https:\/\/archives.regards.fr\/index.php?rest_route=\/wp\/v2\/posts\/10452\/revisions"}],"wp:attachment":[{"href":"https:\/\/archives.regards.fr\/index.php?rest_route=%2Fwp%2Fv2%2Fmedia&parent=10452"}],"wp:term":[{"taxonomy":"category","embeddable":true,"href":"https:\/\/archives.regards.fr\/index.php?rest_route=%2Fwp%2Fv2%2Fcategories&post=10452"},{"taxonomy":"post_tag","embeddable":true,"href":"https:\/\/archives.regards.fr\/index.php?rest_route=%2Fwp%2Fv2%2Ftags&post=10452"}],"curies":[{"name":"wp","href":"https:\/\/api.w.org\/{rel}","templated":true}]}}