{"id":10413,"date":"2017-05-04T23:39:12","date_gmt":"2017-05-04T21:39:12","guid":{"rendered":"https:\/\/wp.muchomaas.com\/article-a-frejus-la-democratie-a-la-poutine-du-front-national\/"},"modified":"2023-06-23T23:24:50","modified_gmt":"2023-06-23T21:24:50","slug":"article-a-frejus-la-democratie-a-la-poutine-du-front-national","status":"publish","type":"post","link":"https:\/\/archives.regards.fr\/?p=10413","title":{"rendered":"\u00c0 Fr\u00e9jus, la &#8220;d\u00e9mocratie \u00e0 la Poutine&#8221; du Front national"},"content":{"rendered":"<p class=\"post_excerpt\">La ville de David Rachline fait tout pour \u00eatre la vitrine du Front national. Cette strat\u00e9gie d&#8217;implantation locale pour conqu\u00e9rir le pouvoir, Marine le Pen l&#8217;avait annonc\u00e9e. Du discours \u00e0 la m\u00e9thode, la commune du Var a franchi le pas. Reportage.<\/p>\n<p><em>\u00ab\u00a0Entre la France ou l&#8217;Europe, vous choisissez quoi\u00a0? Avec la droite et la gauche, la France est dans le mur et \u00e7a fait trente ans que \u00e7a dure, il faut passer \u00e0 autre chose maintenant, il faut enfin faire confiance \u00e0 Marine\u00a0!\u00a0\u00bb<\/em> Impossible de raisonner cet homme \u00e0 la voix tonitruante qui s&#8217;impose sur le march\u00e9 de Fr\u00e9jus. Il coupe court aux discussions entre les m\u00e9lenchonistes ind\u00e9cis et les membres du Forum r\u00e9publicain dont les tracts invitent\u00a0\u00e0 faire barrage au Front national. <\/p>\n<p><em>\u00ab\u00a0Les frontistes de ce calibre sont incapables d&#8217;analyser les r\u00e9ponses qu&#8217;ils vous donnent\u00a0\u00bb<\/em>, commente Jacques, venu tracter pour Macron. <em>\u00ab\u00a0Les gens sont comme lobotomis\u00e9s, le Front National repose sur un culte de la personnalit\u00e9 autour de Marine Le Pen, c&#8217;est tr\u00e8s grave\u00a0\u00bb<\/em>, soupire-t-il. \u00c0 ses c\u00f4t\u00e9s, Catherine est plus vindicative\u00a0: <em>\u00ab\u00a0Les grands points du programme FN sont aujourd&#8217;hui \u00e9cart\u00e9s\u00a0: la retraite \u00e0 60 ans, le retour au franc, la sortie de l&#8217;UE. Le FN n&#8217;a plus de programme \u00e9conomique, le seul point qui tienne encore, c&#8217;est cette histoire de fronti\u00e8res, ces id\u00e9es aux relents racistes\u00a0!\u00a0\u00bb<\/em> La jeune retrait\u00e9e arbore un tee-shirt En Marche\u00a0! et tracte sans rel\u00e2che\u00a0: elle esp\u00e8re que les citoyens de Fr\u00e9jus se d\u00e9cideront dimanche en faveur de Macron.<\/p>\n<p><img loading=\"lazy\" decoding=\"async\" class=\" aligncenter size-full wp-image-24966\" src=\"https:\/\/wp.muchomaas.com\/wp-content\/uploads\/2017\/05\/frejus-01t-2dc.jpg\" alt=\"frejus-01t.jpg\" align=\"center\" width=\"460\" height=\"345\" srcset=\"https:\/\/archives.regards.fr\/wp-content\/uploads\/2017\/05\/frejus-01t-2dc.jpg 460w, https:\/\/archives.regards.fr\/wp-content\/uploads\/2017\/05\/frejus-01t-2dc-300x225.jpg 300w\" sizes=\"auto, (max-width: 460px) 100vw, 460px\" \/><br \/>\n<\/p>\n<h2>\u00ab\u00a0Recadrer tout \u00e7a\u00a0\u00bb<\/h2>\n<p>La sc\u00e8ne se d\u00e9roule devant la permanence du Front national, \u00e0 quelques m\u00e8tres de la mairie de Fr\u00e9jus. Sous la devise r\u00e9publicaine &#8220;libert\u00e9, \u00e9galit\u00e9, fraternit\u00e9&#8221;, un drapeau fran\u00e7ais, mais point de drapeau europ\u00e9en\u00a0: la commune du Var de quelque 52.000 habitants est men\u00e9e par le frontiste David Rachline, \u00e9lu en 2014 avec 45,55% des suffrages exprim\u00e9s. Directeur de campagne de Marine le Pen, le s\u00e9nateur-maire est \u00e0 Paris. <em>\u00ab\u00a0On le voit \u00e0 la t\u00e9l\u00e9, pas \u00e0 Fr\u00e9jus\u00a0\u00bb<\/em>, plaisante Patrick Loidreau, g\u00e9rant du restaurant voisin Les Micocouliers.<\/p>\n<p>Depuis qu&#8217;il a commenc\u00e9 \u00e0 passer la main \u00e0 son fils, le commer\u00e7ant a la parole d\u00e9complex\u00e9e\u00a0: <em>\u00ab\u00a0David Rachline g\u00e8re la Mairie de Fr\u00e9jus en bon p\u00e8re de famille<\/em>, explique le sexag\u00e9naire entre deux services. <em>Le centre-ville a \u00e9t\u00e9 r\u00e9nov\u00e9, les imp\u00f4ts n&#8217;ont pas augment\u00e9 et la s\u00e9curit\u00e9 est pr\u00e9sente dans Fr\u00e9jus avec des policiers qui sont 24h\/24 sur le terrain. Ce n&#8217;est pas parce le Front national est arriv\u00e9 \u00e0 Fr\u00e9jus que les touristes ne viennent plus, au contraire\u00a0!\u00a0\u00bb<\/em><\/p>\n<p><img loading=\"lazy\" decoding=\"async\" class=\" aligncenter size-full wp-image-24967\" src=\"https:\/\/wp.muchomaas.com\/wp-content\/uploads\/2017\/05\/frejus-03ta-b03.jpg\" alt=\"frejus-03ta.jpg\" align=\"center\" width=\"460\" height=\"345\" srcset=\"https:\/\/archives.regards.fr\/wp-content\/uploads\/2017\/05\/frejus-03ta-b03.jpg 460w, https:\/\/archives.regards.fr\/wp-content\/uploads\/2017\/05\/frejus-03ta-b03-300x225.jpg 300w\" sizes=\"auto, (max-width: 460px) 100vw, 460px\" \/><br \/>\n <\/p>\n<p>Patrick Loidreau se dit gaulliste\u00a0: il a rejoint le FN apr\u00e8s avoir \u00e9t\u00e9 d\u00e9\u00e7u par la politique de Sarkozy. Sa femme votait d\u00e9j\u00e0 FN depuis plusieurs ann\u00e9es : son travail de pompier dans les quartiers difficiles avec des jeunes qui compliquaient la t\u00e2che, c&#8217;est ce qui lui a fait quitter Lutte ouvri\u00e8re pour le Front. <em>\u00ab\u00a0Je me suis dit que si on ne faisait rien pour recadrer tout \u00e7a, on allait couler\u00a0\u00bb<\/em>, raconte-t-elle. Et d&#8217;ajouter\u00a0: <em>\u00ab\u00a0J&#8217;\u00e9vitais d&#8217;en parler en famille car mon p\u00e8re \u00e9tait communiste, j&#8217;\u00e9tais la brebis galeuse de la famille\u00a0\u00bb<\/em>.<\/p>\n<p>Les Loidreau ont lu les 144 engagements de Marine Le Pen et sont unanimes\u00a0: Marine sera capable de <em>\u00ab\u00a0relever la France\u00a0\u00bb<\/em>. Leur ni\u00e8ce de dix-neuf ans a aussi \u00e9pingl\u00e9 la fleur bleue des &#8220;patriotes&#8221; sur son polo. Clothilde expose fi\u00e8rement qu&#8217;elle est entr\u00e9e au FNJ, le Front national de la jeunesse. Elle est contente d&#8217;\u00eatre encadr\u00e9e par des jeunes plus \u00e2g\u00e9s form\u00e9s par la mairie afin qu&#8217;il n&#8217;y ait pas de <em>\u00ab\u00a0d\u00e9bordement\u00a0\u00bb<\/em>. <em>\u00ab\u00a0Ce que j&#8217;aime dans le parti, c&#8217;est cet amour pour le pays. Pour lutter contre le terrorisme, il faut lutter pour nos valeurs patriotes.\u00a0\u00bb<\/em> Clothilde parle avec assurance\u00a0: <em>\u00ab\u00a0On tracte aujourd\u2019hui sur le march\u00e9 pour ouvrir les yeux des gens, pour leur faire prendre conscience de l&#8217;importance de ce vote crucial. C&#8217;est un choix de civilisation\u00a0\u00bb<\/em>. <\/p>\n<h2>\u00ab\u00a0La mairie essaye de tout contr\u00f4ler\u00a0\u00bb<\/h2>\n<p>Effar\u00e9, un journaliste portugais assiste aux \u00e9changes. <em>\u00ab\u00a0Les Portugais s&#8217;inqui\u00e8tent beaucoup du vote des Fran\u00e7ais. Pas seulement pour le million de Portugais vivant en France, mais aussi car le Portugal d\u00e9pend de l&#8217;Union europ\u00e9enne. Si Marine le Pen est pr\u00e9sidente, l&#8217;UE risque de s&#8217;\u00e9crouler et le futur du Portugal sera compliqu\u00e9\u00a0!\u00a0\u00bb<\/em> <\/p>\n<p>\u00c0 la table voisine aussi, l&#8217;ambiance est morose sous le soleil : <em>\u00ab\u00a0C&#8217;est difficile de prendre le risque d&#8217;avoir le Pen comme pr\u00e9sidente, mais avec cinq ans de Macron, il n&#8217;y aura plus de classe moyenne\u00a0\u00bb<\/em>. Ces deux m\u00e9lenchonistes ne savent que faire de leur droit de vote dans une ville o\u00f9 le FN est arriv\u00e9 en t\u00eate avec 33,5% des suffrages exprim\u00e9s lors du premier tour des pr\u00e9sidentielles.<\/p>\n<p><img decoding=\"async\" src=\"IMG\/jpg\/frejus-02b.jpg\" alt=\"frejus-02b.jpg\" align=\"center\" \/><br \/>\n<\/p>\n<p>Pour qui observe bien, toute une pi\u00e8ce de th\u00e9\u00e2tre se joue devant l&#8217;h\u00f4tel de ville, sous les regards attentifs des adjoints au maire, tr\u00e8s pr\u00e9sents en ce jour de grande affluence. <em>\u00ab\u00a0La mairie frontiste essaye de tout contr\u00f4ler\u00a0\u00e0 Fr\u00e9jus \u00bb<\/em>, d\u00e9clare Marie-Jos\u00e9 de Azevero, pr\u00e9sidente du Forum r\u00e9publicain, un mouvement citoyen mis en place en 2014 en r\u00e9action \u00e0 l&#8217;\u00e9lection du Maire FN. <\/p>\n<p>Courageusement, l&#8217;enseignante, qui a appris au maire actuel \u00e0 lire et \u00e0 \u00e9crire, explique pourquoi le Front national n&#8217;est pas un parti d\u00e9mocratique\u00a0: <em>\u00ab\u00a0Il y a beaucoup d&#8217;atteintes aux libert\u00e9s dans notre ville. Vous ne pouvez pas vous exprimer si vous ne pensez pas comme les frontistes. Si vous le faites dans les r\u00e9seaux sociaux, vous vous faites insulter. Et il y a une mise au pas, on l&#8217;a vu avec la fermeture du centre social de Villeneuve, avec l&#8217;association de quartier de La Tour de Mare qui s&#8217;est fait reprendre son local, et avec la presse qui doit batailler pour suivre les conseils municipaux\u00a0\u00bb<\/em>.<\/p>\n<p><img decoding=\"async\" src=\"IMG\/jpg\/frejus-04.jpg\" alt=\"frejus-04.jpg\" align=\"center\" \/><br \/>\n<\/p>\n<h2>\u00ab\u00a0Pas un parti comme les autres \u00bb<\/h2>\n<p>Le chef d&#8217;agence du quotidien <em>Var Matin<\/em> pour Saint-Rapha\u00ebl-Fr\u00e9jus confirme les relations houleuses de sa r\u00e9daction avec David Rachline\u00a0: <em>\u00ab\u00a0Pendant huit mois, nous n&#8217;avions plus acc\u00e8s \u00e0 l&#8217;information, m\u00eame plus aux avis de d\u00e9c\u00e8s, si importants pour un journal local\u00a0\u00bb<\/em>, raconte \u00c9ric Farel. <em>\u00ab\u00a0Les frontistes ne d\u00e9livrent pas d&#8217;information, ils laissent publier les articles, puis ils exigent un droit de r\u00e9ponse.\u00a0\u00bb<\/em> Le journaliste a co\u00e9crit le livre <em>Ma ville couleur bleu marine, le vrai visage du FN au pouvoir<\/em>\u00a0: <em>\u00ab\u00a0Le livre est sorti fin 2015. Aujourd&#8217;hui, j&#8217;aurais encore plus de choses \u00e0 \u00e9crire car lorsque vous c\u00f4toyez le FN, vous comprenez que ce n&#8217;est pas un parti comme les autres\u00a0\u00bb<\/em>.<\/p>\n<p><img decoding=\"async\" src=\"IMG\/jpg\/frejus-05.jpg\" alt=\"frejus-05.jpg\" align=\"center\" \/><br \/>\n<\/p>\n<p>\u00c9ric Farel a observ\u00e9 des soci\u00e9t\u00e9s inscrites au micro-parti d&#8217;extr\u00eame droite Jeanne, et proches de personnalit\u00e9s du GUD, remporter les march\u00e9s publics de la ville. Il a aussi d\u00e9crypt\u00e9 le &#8220;syst\u00e8me Rachline&#8221;, qui exige de ses conseillers municipaux qu&#8217;ils abandonnent leurs activit\u00e9s professionnelles \u2013 ce qui les rend compl\u00e8tement d\u00e9pendants du parti. Le journaliste montre aussi le dernier num\u00e9ro de <em>Fr\u00e9jus Le Magazine<\/em> arriv\u00e9 sur son bureau\u00a0: <em>\u00ab\u00a0Lisez le titre, &#8220;Scandale d&#8217;\u00e9tat&#8221;\u00a0: c&#8217;est au sujet de la mosqu\u00e9e de Fr\u00e9jus dont le Conseil d&#8217;\u00c9tat a autoris\u00e9 l&#8217;ouverture. Un ramassis de propagande\u00a0!\u00a0\u00bb<\/em><\/p>\n<p>Non loin de la r\u00e9daction de <em>Var Matin<\/em>, un autre irr\u00e9ductible d\u00e9nonce les m\u00e9thodes de la mairie frontiste : \u00e0 soixante-seize ans, Jean-Paul Radigois pr\u00e9side le Comit\u00e9 de d\u00e9fense des int\u00e9r\u00eats g\u00e9n\u00e9raux de Fr\u00e9jus-Plage et conteste la b\u00e9tonisation du bord de mer\u00a0: <em>\u00ab\u00a0Rachline a vendu des terrains publics pour 36 millions. 15 millions ont servi \u00e0 rembourser la dette de la commune, mais le reste est pass\u00e9 o\u00f9\u00a0?\u00a0\u00bb<\/em> L&#8217;architecte \u00e0 la retraite d\u00e9nonce le fait que la mairie vende <em>\u00ab\u00a0les bijoux de famille\u00a0de la ville\u00a0\u00bb<\/em> sans respecter le jeu d\u00e9mocratique. <\/p>\n<p><img decoding=\"async\" src=\"IMG\/jpg\/frejus-06b.jpg\" alt=\"frejus-06b.jpg\" align=\"center\" \/><br \/>\n<\/p>\n<p>R\u00e9sultat, le Comit\u00e9 s&#8217;est retrouv\u00e9 dans la ligne de mire de la mairie. Pour les quatre-vingt-dix ans de l&#8217;association, Jean-Paul Radigois a pr\u00e9par\u00e9 une pancarte qui fait le parall\u00e8le entre la r\u00e9quisition de son local en 1942 pour les besoins des arm\u00e9es allemandes et la r\u00e9quisition envoy\u00e9e fin f\u00e9vrier par la mairie de Rachline, en pr\u00e9vision de la cr\u00e9ation d&#8217;une \u00e9cole de p\u00e9tanque[[Fr\u00e9jus vise le label &#8220;capitale de la p\u00e9tanque&#8221;.]]. <em>\u00ab\u00a0Les frontistes disposent leurs pions de mani\u00e8re strat\u00e9gique, dans les associations et les comit\u00e9s de quartiers, pour ne pas avoir d&#8217;opposition. On tend doucement \u00e0 une d\u00e9mocratie \u00e0 la Poutine et les habitants de Fr\u00e9jus ne s&#8217;en aper\u00e7oivent pas, malheureusement\u00a0!\u00a0\u00bb<\/em> Reste \u00e0 savoir si la majorit\u00e9 d&#8217;entre eux se r\u00e9veillera avant dimanche.<\/p>\n<p><a href=\"https:\/\/twitter.com\/NobletCha\">@NobletCha<\/a><\/p>\n<p><a href=\"https:\/\/wp.muchomaas.com\/web\/article\/regards-le-numero-de-printemps-10328\"><img loading=\"lazy\" decoding=\"async\" class=\" aligncenter size-full wp-image-24827\" src=\"https:\/\/wp.muchomaas.com\/wp-content\/uploads\/2017\/04\/promo-printemps-460-170.jpg\" alt=\"promo-printemps-460.jpg\" align=\"center\" width=\"460\" height=\"307\" \/><\/a><div id='gallery-1' class='gallery galleryid-10413 gallery-columns-3 gallery-size-thumbnail'><figure class='gallery-item'>\n\t\t\t<div class='gallery-icon landscape'>\n\t\t\t\t<a href='https:\/\/archives.regards.fr\/wp-content\/uploads\/2017\/04\/promo-printemps-460-532.jpg'><img loading=\"lazy\" decoding=\"async\" width=\"150\" height=\"150\" src=\"https:\/\/archives.regards.fr\/wp-content\/uploads\/2017\/04\/promo-printemps-460-532-150x150.jpg\" class=\"attachment-thumbnail size-thumbnail\" alt=\"promo-printemps-460.jpg\" \/><\/a>\n\t\t\t<\/div><\/figure><figure class='gallery-item'>\n\t\t\t<div class='gallery-icon landscape'>\n\t\t\t\t<a href='https:\/\/archives.regards.fr\/wp-content\/uploads\/2017\/05\/frejus-01t-74e.jpg'><img loading=\"lazy\" decoding=\"async\" width=\"150\" height=\"150\" src=\"https:\/\/archives.regards.fr\/wp-content\/uploads\/2017\/05\/frejus-01t-74e-150x150.jpg\" class=\"attachment-thumbnail size-thumbnail\" alt=\"frejus-01t.jpg\" \/><\/a>\n\t\t\t<\/div><\/figure><figure class='gallery-item'>\n\t\t\t<div class='gallery-icon landscape'>\n\t\t\t\t<a href='https:\/\/archives.regards.fr\/wp-content\/uploads\/2017\/05\/frejus-03ta-420.jpg'><img loading=\"lazy\" decoding=\"async\" width=\"150\" height=\"150\" src=\"https:\/\/archives.regards.fr\/wp-content\/uploads\/2017\/05\/frejus-03ta-420-150x150.jpg\" class=\"attachment-thumbnail size-thumbnail\" alt=\"frejus-03ta.jpg\" \/><\/a>\n\t\t\t<\/div><\/figure>\n\t\t<\/div>\n<\/p>\n","protected":false},"excerpt":{"rendered":"<p>La ville de David Rachline fait tout pour \u00eatre la vitrine du Front national. Cette strat\u00e9gie d&#8217;implantation locale pour conqu\u00e9rir le pouvoir, Marine le Pen l&#8217;avait annonc\u00e9e. Du discours \u00e0 la m\u00e9thode, la commune du Var a franchi le pas. Reportage.<\/p>\n","protected":false},"author":1,"featured_media":24966,"comment_status":"open","ping_status":"open","sticky":false,"template":"","format":"standard","meta":{"_themeisle_gutenberg_block_has_review":false,"footnotes":""},"categories":[157],"tags":[355],"class_list":["post-10413","post","type-post","status-publish","format-standard","has-post-thumbnail","hentry","category-web","tag-extreme-droite"],"_links":{"self":[{"href":"https:\/\/archives.regards.fr\/index.php?rest_route=\/wp\/v2\/posts\/10413","targetHints":{"allow":["GET"]}}],"collection":[{"href":"https:\/\/archives.regards.fr\/index.php?rest_route=\/wp\/v2\/posts"}],"about":[{"href":"https:\/\/archives.regards.fr\/index.php?rest_route=\/wp\/v2\/types\/post"}],"author":[{"embeddable":true,"href":"https:\/\/archives.regards.fr\/index.php?rest_route=\/wp\/v2\/users\/1"}],"replies":[{"embeddable":true,"href":"https:\/\/archives.regards.fr\/index.php?rest_route=%2Fwp%2Fv2%2Fcomments&post=10413"}],"version-history":[{"count":0,"href":"https:\/\/archives.regards.fr\/index.php?rest_route=\/wp\/v2\/posts\/10413\/revisions"}],"wp:featuredmedia":[{"embeddable":true,"href":"https:\/\/archives.regards.fr\/index.php?rest_route=\/wp\/v2\/media\/24966"}],"wp:attachment":[{"href":"https:\/\/archives.regards.fr\/index.php?rest_route=%2Fwp%2Fv2%2Fmedia&parent=10413"}],"wp:term":[{"taxonomy":"category","embeddable":true,"href":"https:\/\/archives.regards.fr\/index.php?rest_route=%2Fwp%2Fv2%2Fcategories&post=10413"},{"taxonomy":"post_tag","embeddable":true,"href":"https:\/\/archives.regards.fr\/index.php?rest_route=%2Fwp%2Fv2%2Ftags&post=10413"}],"curies":[{"name":"wp","href":"https:\/\/api.w.org\/{rel}","templated":true}]}}