{"id":10411,"date":"2017-05-04T12:30:34","date_gmt":"2017-05-04T10:30:34","guid":{"rendered":"https:\/\/wp.muchomaas.com\/article-marie-george-buffet-le-pcf-doit-se-depasser\/"},"modified":"2023-06-23T23:24:49","modified_gmt":"2023-06-23T21:24:49","slug":"article-marie-george-buffet-le-pcf-doit-se-depasser","status":"publish","type":"post","link":"https:\/\/archives.regards.fr\/?p=10411","title":{"rendered":"Marie-George Buffet : \u00ab\u00a0Le PCF doit se d\u00e9passer \u00bb"},"content":{"rendered":"<p class=\"post_excerpt\">D\u00e9put\u00e9e communiste de Seine-Saint-Denis, Marie-George Buffet fixe comme horizon de l&#8217;apr\u00e8s-pr\u00e9sidentielle la n\u00e9cessit\u00e9 de prolonger la dynamique de la France insoumise aux l\u00e9gislatives. Et de vraiment refonder la gauche.<\/p>\n<p><iframe loading=\"lazy\" width=\"490\" height=\"276\" src=\"https:\/\/www.youtube.com\/embed\/2bmCrgMtbW8?rel=0&amp;showinfo=0\" frameborder=\"0\" allowfullscreen><\/iframe><div id='gallery-1' class='gallery galleryid-10411 gallery-columns-3 gallery-size-thumbnail'><figure class='gallery-item'>\n\t\t\t<div class='gallery-icon landscape'>\n\t\t\t\t<a href='https:\/\/archives.regards.fr\/wp-content\/uploads\/2017\/05\/midinale-buffet-89d.jpg'><img loading=\"lazy\" decoding=\"async\" width=\"150\" height=\"150\" src=\"https:\/\/archives.regards.fr\/wp-content\/uploads\/2017\/05\/midinale-buffet-89d-150x150.jpg\" class=\"attachment-thumbnail size-thumbnail\" alt=\"midinale-buffet.jpg\" \/><\/a>\n\t\t\t<\/div><\/figure>\n\t\t<\/div>\n<\/p>\n","protected":false},"excerpt":{"rendered":"<p>D\u00e9put\u00e9e communiste de Seine-Saint-Denis, Marie-George Buffet fixe comme horizon de l&#8217;apr\u00e8s-pr\u00e9sidentielle la n\u00e9cessit\u00e9 de prolonger la dynamique de la France insoumise aux l\u00e9gislatives. Et de vraiment refonder la gauche.<\/p>\n","protected":false},"author":1039,"featured_media":24962,"comment_status":"open","ping_status":"open","sticky":false,"template":"","format":"standard","meta":{"_themeisle_gutenberg_block_has_review":false,"footnotes":""},"categories":[157],"tags":[293,502,406],"class_list":["post-10411","post","type-post","status-publish","format-standard","has-post-thumbnail","hentry","category-web","tag-entretien","tag-legislatives-2017","tag-pcf"],"_links":{"self":[{"href":"https:\/\/archives.regards.fr\/index.php?rest_route=\/wp\/v2\/posts\/10411","targetHints":{"allow":["GET"]}}],"collection":[{"href":"https:\/\/archives.regards.fr\/index.php?rest_route=\/wp\/v2\/posts"}],"about":[{"href":"https:\/\/archives.regards.fr\/index.php?rest_route=\/wp\/v2\/types\/post"}],"author":[{"embeddable":true,"href":"https:\/\/archives.regards.fr\/index.php?rest_route=\/wp\/v2\/users\/1039"}],"replies":[{"embeddable":true,"href":"https:\/\/archives.regards.fr\/index.php?rest_route=%2Fwp%2Fv2%2Fcomments&post=10411"}],"version-history":[{"count":0,"href":"https:\/\/archives.regards.fr\/index.php?rest_route=\/wp\/v2\/posts\/10411\/revisions"}],"wp:featuredmedia":[{"embeddable":true,"href":"https:\/\/archives.regards.fr\/index.php?rest_route=\/wp\/v2\/media\/24962"}],"wp:attachment":[{"href":"https:\/\/archives.regards.fr\/index.php?rest_route=%2Fwp%2Fv2%2Fmedia&parent=10411"}],"wp:term":[{"taxonomy":"category","embeddable":true,"href":"https:\/\/archives.regards.fr\/index.php?rest_route=%2Fwp%2Fv2%2Fcategories&post=10411"},{"taxonomy":"post_tag","embeddable":true,"href":"https:\/\/archives.regards.fr\/index.php?rest_route=%2Fwp%2Fv2%2Ftags&post=10411"}],"curies":[{"name":"wp","href":"https:\/\/api.w.org\/{rel}","templated":true}]}}