{"id":10330,"date":"2017-04-11T06:52:47","date_gmt":"2017-04-11T04:52:47","guid":{"rendered":"https:\/\/wp.muchomaas.com\/article-la-revue-du-11-avril-2017\/"},"modified":"2023-06-23T23:24:33","modified_gmt":"2023-06-23T21:24:33","slug":"article-la-revue-du-11-avril-2017","status":"publish","type":"post","link":"https:\/\/archives.regards.fr\/?p=10330","title":{"rendered":"La Revue du 11 avril 2017"},"content":{"rendered":"<strong>ACTUALITE<\/strong>\n\n-En Guyane, les barrages routiers piliers de la contestation (un reportage de Philippe Rand\u00e9; son) : https:\/\/www.franceinter.fr\/emissions\/le-zoom-de-la-redaction\/le-zoom-de-la-redaction-10-avril-2017\n\n<strong>-&#8220;Dominique, Riad, Chantal vivent avec le RSA&#8221; (Sylvain Mouillard) : <\/strong> http:\/\/www.liberation.fr\/france\/2017\/04\/09\/vivre-avec-un-revenu-de-precarite-active_1561571?xtor=EPR-450206&#038;utm_source\n\n-Les panneaux photovolta\u00efques pourront d\u00e9sormais \u00eatre recycl\u00e9s en France (son du 10 avril) : https:\/\/www.radioclassique.fr\/radio\/emissions\/matinale-de-radio-classique\/3-minutes-planete\/\n\n&#8211;<strong>La lutte contre le r\u00e9chauffement climatique s&#8217;invite dans les tribunaux (Nathalie Fontrel; son) :<\/strong> https:\/\/www.franceinter.fr\/emissions\/planete-environnement\/planete-environnement-10-avril-2017\n\n-Avec &#8220;Boost&#8221;, Air France veut cr\u00e9er une compagnie pour les 18-35 ans ( Fabrice Gliszczynski) : http:\/\/www.latribune.fr\/entreprises-finance\/services\/transport-logistique\/avec-boost-air-france-veut-creer-une-compagnie-pour-les-millennials-683419.html#xtor\n\n-Il y a 3 600 000 particuliers employeurs \u00e0 domicile en France (Marie-B\u00e9atrice Levaux, pr\u00e9sidente de leur F\u00e9d\u00e9ration; interrog\u00e9e par Baptiste Gaborit; son du 10 avril) : https:\/\/www.radioclassique.fr\/radio\/emissions\/matinale-de-radio-classique\/l-invite-de-l-economie\/\n\n-&#8220;8% de croissance pour la chirurgie esth\u00e9tique&#8221; (le docteur Bertrand Matt\u00e9oli, invit\u00e9 de St\u00e9phane D\u00e9pinoy; vid\u00e9o) : http:\/\/www.francetvinfo.fr\/economie\/video-chirurgie-8-de-croissance-pour-la-chirurgie-esthetique-selon-le-dr-bertrand-matteoli_2139666.html\n\n<strong>-Le camp de migrants de Grande Synthe ravag\u00e9 par un incendie (vid\u00e9o) : <\/strong>      \nhttp:\/\/www.huffingtonpost.fr\/2017\/04\/10\/plus-de-la-moitie-du-camp-de-migrants-de-grande-synthe-ravage-pa_a_22034323\/?utm_hp_ref=fr-homepage\n                                                       \n-La Soci\u00e9t\u00e9 g\u00e9n\u00e9rale a fait saisir les comptes bancaires de J\u00e9r\u00f4me Kerviel :    http:\/\/www.francetvinfo.fr\/societe\/justice\/jerome-kerviel\/la-societe-generale-a-fait-saisir-les-comptes-bancaires-de-jerome-kerviel_2138883.html\n\n<strong>-&#8220;Penelope Fillon a \u00e9t\u00e9 r\u00e9mun\u00e9r\u00e9e par l&#8217;Assembl\u00e9e nationale d\u00e8s 1982&#8221; (Mediapart; pi\u00e8ce jointe);<\/strong>\n\n<strong>POLITIQUE<\/strong>\n\n<strong>-&#8220;Le but d&#8217;une campagne, c&#8217;est qu&#8217;une dynamique ne s&#8217;arr\u00eate pas. Il peut aller au deuxi\u00e8me tour. Ce qui s&#8217;est pass\u00e9 en 2012 ne se reproduira pas cette fois-ci. Je dis \u00e0 Beno\u00eet Hamon et aux autres :&#8221;Regardez ce que nous sommes en train de faire&#8221; . Il y a l\u00e0 quelque chose qui va plus loin que Jean-Luc M\u00e9lenchon. C&#8217;est une promesse sociale fid\u00e8le \u00e0 l&#8217;histoire du pays. C&#8217;est la promesse humaniste faite en programme politique. En 2002, Mme Le Pen \u00e9tait la porte-parole de Jean-Marie Le Pen qui disait que &#8220;les chambres \u00e0 gaz \u00e9taient un d\u00e9tail de l&#8217;histoire&#8221; (Alexis Corbi\u00e8re, invit\u00e9 de la matinale de CNews; vid\u00e9o)<\/strong>  : http:\/\/www.cnews.fr\/chroniques\/linvite-de-la-matinale\/alexis-corbiere-invite-de-la-matinale-info-du-10042017-174405\n\n-Comme d&#8217;habitude, dans &#8220;C \u00e0 Vous&#8221;, sur France 5, Patrick Cohen lui avait pr\u00e9par\u00e9 un de ses coups tordus dont il a le secret, confondant, cette fois, une alliance commerciale et une alliance militaire ! (vid\u00e9o) : http:\/\/www.france5.fr\/emissions\/c-a-vous\/videos\/jusquou_ira_melenchon_-_c_a_vous_-_10042017_10-04-2017_1535107?origin=ftvsite_homepage\n\n-&#8220;A Marseille, M\u00e9lenchon \u00e0 bon port&#8221; (Rachid La\u00efreche) : http:\/\/www.liberation.fr\/elections-presidentielle-legislatives-2017\/2017\/04\/09\/a-marseille-melenchon-a-bon-port_1561621?xtor\n\n<strong>-Violente r\u00e9action d&#8217;Emmanuel Macron au discours de Marseille de Jean-Luc M\u00e9lenchon sur la paix (vid\u00e9o. Inesp\u00e9r\u00e9 !) : <\/strong> http:\/\/www.bfmtv.com\/mediaplayer\/video\/pour-macron-la-paix-voulue-par-melenchon-releve-de-l-angelisme-voire-de-l-irresponsabilite-932433.html\n\n-&#8220;Tous contre M\u00e9lenchon&#8221; (vid\u00e9o) : http:\/\/www.francetvinfo.fr\/elections\/presidentielle\/presidentielle-2017-tous-contre-melenchon_2139692.html\n\n-&#8220;Le projet lunaire de M\u00e9lenchon&#8221; (Dominique Seux des &#8220;Echos&#8221;; son) : https:\/\/www.franceinter.fr\/emissions\/l-edito-eco\/l-edito-eco-10-avril-2017\n\n-&#8220;Quand on est Jean-Luc M\u00e9lenchon, c&#8217;est quand m\u00eame un tour de force d&#8217;arriver \u00e0 faire une affiche sereine&#8221; (vid\u00e9o) : http:\/\/rmc.bfmtv.com\/mediaplayer\/video\/quand-on-est-jean-luc-melenchon-c-est-quand-meme-un-tour-de-force-d-arriver-a-faire-une-affiche-sereine-932351.html\n\n-&#8220;M\u00e9lenchon explique qu&#8217;il serait possible de moraliser le capitalisme, je ne le crois pas&#8221; (Nathalie Arthaud, candidate de LO; face \u00e0 Guillaume Durand; vid\u00e9o) :  https:\/\/www.dailymotion.com\/video\/x5hpg10_ce-quinquennat-a-vu-naitre-1-million-de-chomeurs-supplementaires-nathalie-arthaud-10-04-2017_news\n\n-Sa dynamique ? &#8220;Je crois qu&#8217;il y a un rejet du Parti socialiste, il en b\u00e9n\u00e9ficie et je pense que c&#8217;est tant mieux&#8221; (elle \u00e9tait l&#8217;invit\u00e9e de Laurence Ferrari sur CNews; vid\u00e9o) : http:\/\/www.cnews.fr\/chroniques\/linvite-de-laurence-ferrari\/linvite-de-laurence-ferrari-du-10042017-174443\n\n-&#8220;M\u00e9lenchon n&#8217;est pas un adversaire, mais il n&#8217;est pas la solution&#8221; (Philippe Poutou, candidat du NPA) : https:\/\/www.publicsenat.fr\/article\/politique\/nicolas-bay-melenchon-est-le-champion-de-l-immigration-58435\n\n-&#8220;On ne peut plus douter que Marine Le Pen soit d&#8217;extr\u00eame droite. Ma campagne n&#8217;est pas facile. Incontestablement le bilan du quinquennat p\u00e8se&#8230; ainsi que les d\u00e9parts, les d\u00e9fections qui sont un poison permanent &#8221; (Beno\u00eet Hamon; interrog\u00e9 par Elizabeth Martichoux; vid\u00e9o) : http:\/\/www.rtl.fr\/actu\/politique\/benoit-hamon-vel-hiv-plus-douter-que-marine-le-pen-est-extreme-droite-7788048712\n\n-&#8220;Macron me pique toutes mes id\u00e9es&#8221; (Jean Lassalle, interrog\u00e9 par Caroline Roux; vid\u00e9o) : http:\/\/www.francetvinfo.fr\/politique\/melenchon\/les-4-verites-jean-lassalle-macron-me-pique-toutes-mes-idees_2139029.html\n\n-&#8220;J&#8217;ai la certitude que je serai le prochain pr\u00e9sident&#8217; (il \u00e9tait l&#8217;invit\u00e9 de la matinale de Franceinfo; vid\u00e9o) : http:\/\/www.dailymotion.com\/video\/x5hpik3_jean-lassalle-j-ai-la-certitude-que-je-serai-le-prochain-president_news\n\n-&#8220;On doit combattre la dictature financi\u00e8re et recr\u00e9er quelque chose en Europe&#8221; (Jacques Cheminade, candidat \u00e0 l&#8217;\u00e9lection pr\u00e9sidentielle; interrog\u00e9 par Fabien Namias; vid\u00e9o) : http:\/\/www.dailymotion.com\/video\/x5hpc1r_europe-euro-espace-jacques-cheminade-repond-aux-questions-de-fabien-namias_news\n\n-&#8220;L&#8217;Euro est trop faible par rapport \u00e0 la comp\u00e9titivit\u00e9 allemande&#8221; (Fran\u00e7ois Asselineau, candidat \u00e0 l&#8217;\u00e9lection pr\u00e9sidentielle; face \u00e0 Alexandra Bensaid; vid\u00e9o) : https:\/\/www.franceinter.fr\/emissions\/l-invite-de-7h50\/l-invite-de-7h50-10-avril-2017\n\n-Quand elle refuse d&#8217;enqu\u00eater sur le cabinet noir, &#8220;je note que la justice est moins prompte \u00e0 r\u00e9agir sur les autres que sur Fran\u00e7ois Fillon&#8221; (Eric Woerth, charg\u00e9 du projet de Fran\u00e7ois Fillon, qui pr\u00e9cise ce que son candidat propose pour les jeunes; interrog\u00e9 par Laurence Ferrari; vid\u00e9o) : http:\/\/www.c8.fr\/c8-info\/pid8591-c8-punchline.html?vid=1443866\n\n-&#8220;Je ne crois absolument pas \u00e0 la dynamique d\u00e9finitive de M\u00e9lenchon&#8221; (Bernard Debr\u00e9, d\u00e9put\u00e9 LR de Paris, porte-parole de Fran\u00e7ois Fillon; face \u00e0 Fr\u00e9d\u00e9ric Rivi\u00e8re; vid\u00e9o) : http:\/\/www.rfi.fr\/video\/20170410-bernard-debre-je-crois-absolument-pas-dynamique-definitive-melenchon\n\n-Face \u00e0 la progression de Jean-Luc M\u00e9lenchon, &#8220;il n&#8217;y a pas 52% de gauche dans le pays&#8221; (Annie Genevard, d\u00e9put\u00e9e LR du Doubs, porte-parole de Fran\u00e7ois Fillon; vid\u00e9o)  :  http:\/\/www.lcp.fr\/la-politique-en-video\/poussee-de-melenchon-dans-les-sondages-il-ny-pas-52-de-gauche-dans-le-pays\n\n-&#8220;Pendant de longues semaines, notre candidat a d\u00fb faire un 110 m\u00e8tres quand les autres candidats ne faisaient que 100 m\u00e8tres. On a \u00e9puis\u00e9 les Fran\u00e7ais avec ces affaires. Nos \u00e9lecteurs ne veulent pas se faire voler l&#8217;alternance. A droite, personne n&#8217;a trahi le r\u00e9sultat de la primaire&#8221; (Damien Abad, d\u00e9put\u00e9 LR de l&#8217;Ain; vid\u00e9o) : http:\/\/www.cnews.fr\/chroniques\/linvite-dolivier-galzi\/linvite-dolivier-galzi-du-10042017-174448\n\n-&#8220;Fran\u00e7ois Fillon devrait renoncer, m\u00eame M. M\u00e9lenchon le devance. \u00c7a traduit la protestation des Fran\u00e7ais. C&#8217;est la mode M\u00e9lenchon, apr\u00e8s la mode Jupp\u00e9, la mode Fillon, la mode Macron&#8221; (Nicolas Dupont-Aignan; vid\u00e9o) : http:\/\/www.lci.fr\/replay\/l-invite-politique-de-8h15-du-10-avril-2017-nicolas-dupont-aignan-candidat-a-l-election-presidentielle-2044520.html\n\n-&#8220;J&#8217;ai \u00e9t\u00e9 surpris par l&#8217;amour spontan\u00e9 (de Philippe Poutou) pour la police alors  que le NPA organise des manifestations contre elle&#8221; (Florian Philippot, vice-pr\u00e9sident du FN, qui est d&#8217;accord avec Nathalie Arthaud quand elle met en cause les bas salaires et les grandes fortunes; interrog\u00e9 par Laurence Ferrari; vid\u00e9o) : http:\/\/www.c8.fr\/c8-info\/pid8591-c8-punchline.html?vid=1443865\n\n-Sur le Vel d&#8217;Hiv, &#8220;Marine Le Pen a dit la position traditionnelle r\u00e9publicaine de la France&#8221; (vid\u00e9o) : http:\/\/www.lcp.fr\/la-politique-en-video\/vel-dhiv-marine-le-pen-dit-la-position-traditionnelle-republicaine-de-la\n\n-&#8220;Le FN revient \u00e0 son  origine&#8221; (Patrick Cohen; vid\u00e9o) : https:\/\/www.franceinter.fr\/emissions\/le-7h43\/le-7h43-10-avril-2017\n\n-&#8220;53% de l&#8217;\u00e9lectorat du FN ne voteraient pas pour un candidat juif&#8221; (Yonathan Arfi, pr\u00e9sident du Crif; interrog\u00e9 par Thomas Sotto; vid\u00e9o) : http:\/\/www.dailymotion.com\/video\/x5hpa1g_yonathan-arfi-53-de-l-electorat-du-front-national-ne-voterait-pas-pour-un-candidat-juif_news\n\n<strong>-&#8220;M\u00e9lenchon est le champion de l&#8217;immigration et de la fiscalit\u00e9&#8221; (Nicolas Bay, secr\u00e9taire g\u00e9n\u00e9ral du FN; vid\u00e9o) :<\/strong> https:\/\/www.dailymotion.com\/video\/x5hpgwn_bay-melenchon-est-le-champion-de-l-immigration_tv\n\n-Il \u00e9tait l&#8217;invit\u00e9 de &#8220;Territoires d&#8217;Infos&#8221; (vid\u00e9o) : https:\/\/www.dailymotion.com\/video\/x5hpicm_invite-nicolas-bay-territoires-d-infos-le-best-of-10-04-2017_tv\n\n<strong>-&#8220;Colleurs d&#8217;affiches&#8221; (Emmanuelle Skyvington; vid\u00e9o) : <\/strong>                                                       http:\/\/television.telerama.fr\/television\/colleurs-d-affiches-l-heure-du-grand-marouflage,156454.php\n\n-&#8220;J&#8217;ai eu l&#8217;impression depuis le d\u00e9but de cette campagne que nous \u00e9tions de petits esprits. On en est arriv\u00e9 l\u00e0 parce que nous sommes incapables d&#8217;imaginer autre chose&#8221; (Matthieu Niango, auteur de &#8220;La d\u00e9mocratie sans ma\u00eetres&#8221;; invit\u00e9 de la matinale de CNews; vid\u00e9o) : http:\/\/www.cnews.fr\/chroniques\/linvite-de-la-matinale\/linvite-de-la-matinale-du-10042017-174404\n\n<strong>-&#8220;Cette fois, on ne conna\u00eet pas \u00e0 14 jours du vote la configuration du second tour. On est dans la marge d&#8217;erreur et on ne sait pas quels seront les deux qualifi\u00e9s. On observe un tassement des deux premiers  alors qu&#8217;aucun candidat ne d\u00e9passe la barre des 25%, ce qui est probl\u00e9matique pour celui qui sera \u00e9lu. N&#8217;aura-t-on pas un pr\u00e9sident sans \u00e9lan ? La deuxi\u00e8me donn\u00e9e, c&#8217;est la forte progression de Jean-Luc M\u00e9lenchon. L&#8217;abstention recule et cela lui profite surtout. Il profite bien s\u00fbr de l&#8217;effondrement de Beno\u00eet Hamon et aussi d&#8217;un petit transfert de jeunes \u00e9lecteurs du FN&#8221; (Bernard Sanan\u00e8s de l&#8217;Institut de sondages Elabe; son du 10 avril) :<\/strong> https:\/\/www.radioclassique.fr\/radio\/emissions\/matinale-de-radio-classique\/l-invite-du-matin\/ \n\n<strong>-Le point de vue de J\u00e9r\u00f4me Fourquet, directeur du d\u00e9partement Opinion de l&#8217;Ifop, qui s&#8217;exprime aussi sur la Corse, \u00e0 partir de son livre &#8220;La nouvelle question corse&#8221; (il \u00e9tait l&#8217;invit\u00e9 du &#8220;Club de la Presse&#8221; d&#8217;Europe 1; son) <\/strong> : http:\/\/www.europe1.fr\/emissions\/le-club-de-la-presse\/europe-soir-le-club-de-la-presse-jerome-fourquet-et-alain-dinin-10042017-3290672\n\n-&#8220;Qui aurait pr\u00e9vu que Fran\u00e7ois Fillon et Jean-Luc M\u00e9lenchon serait au coude \u00e0 coude ? Aucun des deux ne joue pour une petite finale. Fran\u00e7ois Fillon n&#8217;attaque pas Jean-Luc M\u00e9lenchon de crainte de le faire monter. Il concentre ses coups sur celui qu&#8217;il veut rattraper Emmanuel Macron&#8221; (Guillaume Tabard du &#8220;Figaro&#8221;; son du 10 avril) : https:\/\/www.radioclassique.fr\/radio\/emissions\/matinale-de-radio-classique\/22630-2\/\n\n-&#8220;Vers un second tour Le Pen\/M\u00e9lenchon ? (Yves Thr\u00e9ard du &#8220;Figaro&#8221;; vid\u00e9o) : http:\/\/www.dailymotion.com\/video\/x5hp8ay_vers-un-second-tour-le-pen-melenchon_news\n\n-&#8220;Se voit-il vraiment \u00e0 l&#8217;Elys\u00e9e ?&#8221; (Alba Ventura; vid\u00e9o) : http:\/\/www.rtl.fr\/actu\/politique\/jean-luc-melenchon-se-voit-il-vraiment-a-l-elysee-s-interroge-alba-ventura-7788048675\n\n<em>-Les intentions de vote au 10 avril <\/em> : http:\/\/dataviz.ifop.com:8080\/HNS\/HNSAdmin\/start.appli?appid=60930&#038;logonUser=USERWEB&#038;logonPswcd=ZnJhbmNvaXNF\n\n<em>-Le m\u00eame (OPINION-WAY) : <\/em> http:\/\/opinionlab.opinion-way.com\/opinionlab\/832\/627\/presitrack.html#m6\n\n<strong>EUROPE-MONDE<\/strong>\n\n<strong>-&#8220;Ceux qui pensent qu&#8217;on pouvait s&#8217;arranger avec Bachar al-Assad en sont pour leurs frais&#8221; (Jean-Marc Ayrault, ministre des Affaires \u00e9trang\u00e8res, \u00e9tait l&#8217;invit\u00e9 de la matinale de France Inter; vid\u00e9os) : <\/strong>  https:\/\/www.franceinter.fr\/emissions\/l-invite-de-8h20\/l-invite-de-8h20-10-avril-2017\n\n-Il a r\u00e9pondu aux questions des auditeurs (son) : https:\/\/www.franceinter.fr\/emissions\/interactiv\/interactiv-10-avril-2017\n\n-L&#8217;Union europ\u00e9enne soutient Trump apr\u00e8s les frappes en Syrie (Georgi Gotev) : http:\/\/www.euractiv.fr\/section\/l-europe-dans-le-monde\/news\/eu-heavyweights-side-with-trump-following-us-syria-strike\/?nl_ref\n\n-Des \u00e9lus europ\u00e9ens appellent \u00e0 une adh\u00e9sion rapide de l&#8217;Ecosse : http:\/\/www.euractiv.fr\/section\/royaume-uni-en-europe\/news\/50-mps-meps-support-fast-track-eu-membership-for-independent-scotland\/?nl_ref\n\n<strong>-&#8220;La Gr\u00e8ce au bord de la guerre ?&#8221; (Alexias Kefalas; son) : <\/strong> https:\/\/www.franceinter.fr\/emissions\/meridien-d-europe\/meridien-d-europe-10-avril-2017\n\n-&#8220;Le PPE menace d&#8217;activer l&#8217;article 7 de suspension d&#8217;un Etat membre                                                                                                                                                                                                                                                                                                                                                                                                                                                                                                                                                                                                                                                                                                                                                                                                                                                                                                                                                                                                                                                                                                                                                                                                                                                                                                                                                                                                                                                                                                                                                                                                                                                                                                                                                                                                                                                                                                                                                                                                                                                                                                                                                                                                                                                                                                                                                                                                                                                                                                                                                                                                                                                                                                                                                                                                                                                                                                                                                                                                                     contre Budapest (Sarantis Michalopoulos) :  http:\/\/www.euractiv.fr\/section\/avenir-de-l-ue\/news\/epp-warns-budapest-with-article-7-nuclear-option\/?nl_ref\n\n-Malte plaide pour ralentir la lutte de l&#8217;Union europ\u00e9enne contre l&#8217;\u00e9vasion fiscale : http:\/\/www.euractiv.fr\/section\/economie\/news\/malte-plaide-pour-ralentir-la-lutte-de-lue-contre-levasion-fiscale\/?nl_ref=35270008\n\n-&#8220;Isra\u00ebl construit la plus haute tour solaire du monde&#8221; (vid\u00e9o) : http:\/\/www.francetvinfo.fr\/replay-jt\/france-2\/20-heures\/solaire-la-geante-du-desert_2139710.html\n\n-L&#8217;\u00e9tat d&#8217;urgence d\u00e9cr\u00e9t\u00e9 pour trois mois en Egypte (vid\u00e9o) : http:\/\/www.francetvinfo.fr\/monde\/terrorisme-djihadistes\/egypte-l-etat-d-urgence-decrete_2139686.html\n\n-Johannesburg autorise le commerce de la corne de rhinoc\u00e9ros (Joris Bolomey                                                      http:\/\/www.liberation.fr\/planete\/2017\/04\/09\/johannesburg-autorise-le-commerce-de-la-corne-de-rhinoceros_1561522?xtor\n\n<strong>-&#8220;Trump face au monde&#8221; (l&#8217;\u00e9ditorial de Michel Rogalski dans le dernier num\u00e9ro de &#8220;Recherches internationales&#8221; qui vient de para\u00eetre, centr\u00e9 sur &#8220;La nouvelle configuration mondiale et ses risques de guerre&#8221; <\/strong> : http:\/\/www.recherches-internationales.fr\/chroniques\/2017-03-Trump-face-au-monde.pdf\n\n-En Chine, une mer de nuages fait dispara\u00eetre une ville enti\u00e8re (vid\u00e9o) : http:\/\/www.francetvinfo.fr\/monde\/chine\/video-en-chine-une-mer-de-nuages-fait-disparaitre-une-ville-entiere_2138983.html\n\n-Trop de v\u00e9los partag\u00e9s (Anthony Bellanger; son) : https:\/\/www.franceinter.fr\/emissions\/les-histoires-du-monde\/les-histoires-du-monde-10-avril-2017\n\n-La Cor\u00e9e du Nord se dit &#8220;pr\u00eate \u00e0 la guerre&#8221; : http:\/\/www.huffingtonpost.fr\/2017\/04\/10\/la-coree-du-nord-se-dit-prete-a-la-guerre-et-promet-de-repondr_a_22034498\/?utm_hp_ref=fr-homepage\n\n-&#8220;Le monde n&#8217;est pas pr\u00eat \u00e0 affronter une pand\u00e9mie&#8221; (St\u00e9phane Bussard) : https:\/\/www.letemps.ch\/monde\/2017\/04\/10\/monde-nest-pret-affronter-une-pandemie?utm_source\n\n&#8211;<strong>&#8220;Plong\u00e9e dans l&#8217;oc\u00e9an plastique&#8221; (Coralie Schaub) : <\/strong> http:\/\/www.liberation.fr\/futurs\/2017\/04\/09\/plongee-dans-l-ocean-plastique_1561588?xtor\n\n-La Grande barri\u00e8re de corail ne se remettra pas du r\u00e9chauffement des eaux (vid\u00e9os) : http:\/\/www.lemonde.fr\/planete\/article\/2017\/04\/10\/la-grande-barriere-de-corail-ne-se-remettra-pas-du-rechauffement-des-eaux_5108614_3244.html\n\n<strong>-&#8220;Elle est d\u00e9vast\u00e9e&#8221; (vid\u00e9o) : <\/strong> http:\/\/www.francetvinfo.fr\/meteo\/climat\/la-grande-barriere-de-corail-devastee_2139590.html\n\n<strong>CULTURE-MEDIA<\/strong>\n\n<strong>-&#8220;La France, c&#8217;\u00e9tait \u00e0 la fois de Gaulle \u00e0 Londres et P\u00e9tain \u00e0 Vichy&#8221; (l&#8217;historienne Annette Wierviorka; propos recueillis par Fr\u00e9d\u00e9ric Lema\u00eetre) <\/strong> : http:\/\/www.lemonde.fr\/politique\/article\/2017\/04\/10\/annette-wieviorka-la-france-c-etait-a-la-fois-de-gaulle-a-londres-et-petain-a-vichy_5108938_823448.html\n\n<strong>-Les Canadiens dans la guerre 14-18 (&#8220;La Marche de l&#8217;Histoire&#8221; de Jean Lebrun avec Laurent Veyssi\u00e8re du Conservatoire du patrimoine; son) : <\/strong> https:\/\/www.franceinter.fr\/emissions\/la-marche-de-l-histoire\/la-marche-de-l-histoire-10-avril-2017\n\n<strong>-Le discours de Fran\u00e7ois Hollande pour le 100e anniversaire de la bataille de la Cr\u00e8te de Vimy (vid\u00e9o) :<\/strong> http:\/\/www.elysee.fr\/videos\/100e-anniversaire-de-la-bataille-de-la-crete-de-vimy\/\n\n-Jusqu&#8217;au 8 janvier 2018, au Mus\u00e9e de l&#8217;Homme \u00e0 Paris, l&#8217;exposition &#8220;Nous et les autres, des pr\u00e9jug\u00e9s au racisme&#8221; (Laura Daniel) : http:\/\/www.telerama.fr\/sortir\/au-musee-de-l-homme-dans-la-peau-d-une-personne-discriminee,156419.php#xtor\n\n-&#8220;Le racisme n&#8217;est pas une fatalit\u00e9&#8221; (Evelyne Heyer, commissaire de l&#8217;exposition; vid\u00e9o) : http:\/\/www.francetvinfo.fr\/economie\/emploi\/metiers\/art-culture-edition\/une-exposition-au-musee-de-l-homme-lutte-contre-les-prejuges-racistes_2138951.html\n\n<strong>-&#8220;Un pav\u00e9 lanc\u00e9 contre la grande r\u00e9gression&#8221; (Sonya Faure) : <\/strong> http:\/\/www.liberation.fr\/debats\/2017\/04\/09\/un-pave-lance-contre-la-grande-regression_1561572?xtor\n\n-Claire Chazal recevait St\u00e9phane Braunschweig, directeur du Th\u00e9\u00e2tre de l&#8217;Od\u00e9on \u00e0 Paris; son du 8 avril :                                                        https:\/\/www.radioclassique.fr\/radio\/emissions\/l-invite-culture-de-claire-chazal\/\n\n<strong>-A Uz\u00e8s 30), d\u00e9couverte exceptionnelle d&#8217;une mosa\u00efque de l&#8217;\u00e9poque romaine (Laurence Houot; vid\u00e9o) <\/strong> : http:\/\/culturebox.francetvinfo.fr\/patrimoine\/histoire\/visite-exceptionnelle-de-la-mosaique-de-l-epoque-romaine-decouverte-a-uzes-254717\n\n-Jean-Claude Joulia, sculpteur-conteur corse inspir\u00e9 par les Am\u00e9rindiens (Romane Guigue; vid\u00e9o) :                      \nhttp:\/\/culturebox.francetvinfo.fr\/arts\/sculpture\/jean-claude-joulian-sculpteur-conteur-corse-inspire-par-les-amerindiens-254525\n\n-La promesse faite \u00e0 Orson Welles de finir son dernier film sera tenue (vid\u00e9o)                                                                           http:\/\/culturebox.francetvinfo.fr\/cinema\/stars\/la-promesse-faite-a-orson-welles-de-finir-son-dernier-film-sera-respectee-254727\n\n-&#8220;La jeune fille et son aigle&#8221; d&#8217;Otto Bell sur les \u00e9crans mercredi (Sophie Granel; vid\u00e9os) : http:\/\/culturebox.francetvinfo.fr\/cinema\/documentaire\/la-jeune-fille-et-son-aigle-une-aventure-humaine-qui-a-emu-hollywood-254721\n\n<strong>-&#8220;Le cerveau d&#8217;Hugo&#8221;, celui d&#8217;un jeune autiste (ici, un documentaire de Sophie R\u00e9vil, suivi d&#8217;un d\u00e9bat; vid\u00e9o) :<\/strong> http:\/\/www.lcp.fr\/emissions\/grand-ecran\/278908-le-cerveau-dhugo\n\n-Jusqu&#8217;au 11 juin \u00e0 Saint-Quentin dans l&#8217;Aisne, &#8220;Portraits du cin\u00e9ma&#8221; du Studio Harcourt (Chrystel Chabert; vid\u00e9o) : http:\/\/culturebox.francetvinfo.fr\/arts\/photo\/les-portraits-de-cinema-du-studio-harcourt-toujours-mythiques-254673\n\n-&#8220;Le mois de la photo&#8221; \u00e0 Paris (Val\u00e9rie Oddos; vid\u00e9o) : http:\/\/culturebox.francetvinfo.fr\/arts\/photo\/avril-devient-le-mois-de-la-photo-du-grand-paris-254685\n\n<strong>-40 ans apr\u00e8s sa mort, Jacques Pr\u00e9vert superstar aupr\u00e8s des enfants (Sophie Granel; vid\u00e9os) <\/strong> : http:\/\/culturebox.francetvinfo.fr\/musique\/chanson-francaise\/40-ans-apres-sa-mort-jacques-prevert-superstar-aupres-des-enfants-254719\n\n-&#8220;Armand Gatti, figure du th\u00e9\u00e2tre du XXe si\u00e8cle&#8221; (Daniel Cohn-Bendit; son) : http:\/\/www.dailymotion.com\/video\/x5hi31x_la-mort-d-armand-gatti-figure-du-theatre-du-xxeme-siecle_news\n\n<strong>-&#8220;Un ami, un po\u00e8te, un homme qui nous a ouvert un monde d&#8217;utopie&#8221; (le PCF) : <\/strong> http:\/\/www.pcf.fr\/98606\n\n-&#8220;Sons of Kemet&#8221;, le quartet qui secoue le jazz anglais (Eric Delhaye; vid\u00e9o) :                                                                                         http:\/\/www.telerama.fr\/sortir\/sons-of-kemet-le-quartet-qui-secoue-le-jazz-anglais,156379.php\n\n<strong>-L&#8217;heure de la retraite a sonn\u00e9 pour Philippe Manoeuvre apr\u00e8s 43 ans pass\u00e9s au magazine &#8220;Rock and Folk&#8221; (entretien r\u00e9alis\u00e9 par Pierrick Allain, Erwan Perron et Jean-Baptiste Roch; vid\u00e9o) : <\/strong> http:\/\/www.telerama.fr\/musique\/entretien-post-it-avec-philippe-manoeuvre-ni-remords-ni-regrets-vous-ne-m-aurez-pas-les-gars,156455.php#xtor\n\n<strong>-&#8220;Barbra sans stress&#8221; (Rebecca Manzoni; vid\u00e9o) : <\/strong> https:\/\/www.franceinter.fr\/emissions\/pop-co\/pop-co-10-avril-2017\n\n-Le chanteur et musicien britannique Ed Sheeran \u00e9tait l&#8217;invit\u00e9 d&#8217;Augustin Trapenard (son) : https:\/\/www.franceinter.fr\/emissions\/boomerang\/boomerang-10-avril-2017\n\n<strong>-Le plumassier Maxime Leroy re\u00e7oit le prix de &#8220;La jeune cr\u00e9ation m\u00e9tiers d&#8217;art&#8221; (Corinne Jeammet; vid\u00e9o) <\/strong> : http:\/\/culturebox.francetvinfo.fr\/mode\/metiers-d-art\/le-plumassier-maxime-leroy-recoit-le-prix-de-la-jeune-creation-metiers-d-art-253979\n\n-Alix Bouilhaguet, r\u00e9dactrice en chef de &#8220;L&#8217;\u00e9mission politique&#8221; sur France 2, auteure du &#8220;Couloir de Madame&#8221; \u00e0 l&#8217;Elys\u00e9e (vid\u00e9o) : http:\/\/www.lci.fr\/replay\/l-invite-de-8h45-du-10-avril-2017-alix-bouilhaguet-2044524.html\n\n<strong>-Comment combattre les &#8220;Fakes News&#8221; ? (Laurent Solly, directeur de Facebook France, \u00e9tait l&#8217;invit\u00e9 de Bruno Donnet; vid\u00e9o amener le curseur sur 1:07) : <\/strong> https:\/\/www.franceinter.fr\/emissions\/l-instant-m\/l-instant-m-10-avril-2017\n\n<strong>-&#8220;Ces r\u00e8gles d&#8217;\u00e9galit\u00e9 sont n\u00e9cessaires pour prot\u00e9ger les chaines et les candidats des lobbies&#8221; (Sylvie Pierre-Brossolette du CSA; invit\u00e9e d&#8217;Eric Delvaux; son) :  <\/strong> https:\/\/www.franceinter.fr\/emissions\/l-invite-du-5-7\/l-invite-du-5-7-10-avril-2017\n\n-&#8220;Le CSA ruine le travail des journalistes&#8221; (Fr\u00e9d\u00e9ric M\u00e9t\u00e9zeau; son) : https:\/\/www.franceinter.fr\/emissions\/l-edito-politique\/l-edito-politique-10-avril-2017\n\n<strong>-Le programme de Fran\u00e7ois Fillon pour l&#8217;audiovisuel (J\u00e9r\u00f4me Ivanichtchenko; vid\u00e9o) <\/strong> :  http:\/\/www.dailymotion.com\/video\/x5hpg4n_le-programme-de-francois-fillon-a-la-sauce-audiovisuelle_news\n\n-Les clips officiels des candidats (vid\u00e9o) : http:\/\/www.francetvinfo.fr\/politique\/melenchon\/presidentielle-2017-les-candidats-devoilent-leurs-clips_2139700.html\n\n<strong>-Celui de Philippe Poutou (vid\u00e9o) <\/strong> : http:\/\/www.telerama.fr\/presidentielle-2017\/presidentielle-2017-ou-quand-comment-voir-les-clips-de-campagne-officiels,156526.php#xtor\n\n-Sur M6, les nouvelles r\u00e8gles de la saison 3 de &#8220;The Island&#8221; changent tout (Gary Assouline; vid\u00e9os) : http:\/\/www.huffingtonpost.fr\/2017\/04\/09\/regles-the-island-saison-3-sur-m6_a_22030290\/?utm_hp_ref=fr-homepage\n\n-La s\u00e9rie franco-belge &#8220;Zone blanche&#8221; a d\u00e9barqu\u00e9 hier sur France 2 (Isabelle Poitte; vid\u00e9o) : http:\/\/www.telerama.fr\/series-tv\/qu-est-ce-qui-se-cache-dans-les-sous-bois-de-zone-blanche,156203.php#xtor\n\n-&#8220;Notre cha\u00eene a \u00e9t\u00e9 attaqu\u00e9e par des hackers russes&#8221; (Yves Bigot; vid\u00e9o) : https:\/\/www.dailymotion.com\/video\/x5hpgai_les-artistes-francais-de-ces-50-dernieres-annees-ont-du-gerer-avec-la-culture-angle-saxonne-yves-bi_news\n\n-Vers une alliance entre Canal + et Orange pour la couverture du  football ? (son du 10 avril) : https:\/\/www.radioclassique.fr\/radio\/emissions\/matinale-de-radio-classique\/la-vie-des-medias\/\n\n<strong>-&#8220;Les VRP d&#8217;Assad&#8221; (Sophia Aram; vid\u00e9o) <\/strong> : https:\/\/www.franceinter.fr\/emissions\/le-billet-de-sophia-aram\/le-billet-de-sophia-aram-10-avril-2017\n\n-La chronique politique de Thomas VDB (vid\u00e9o) : http:\/\/www.dailymotion.com\/video\/x5hptbv_la-chronique-politique-de-thomas-vdb_fun\n\n<strong>-&#8220;Fran\u00e7ois Asselineau serait-il un agent double infiltr\u00e9 ?&#8221; (Charline Vanhoenacker et Guillaume Meurice; vid\u00e9o) <\/strong> : http:\/\/www.dailymotion.com\/video\/x5hpadf_francois-asselineau-serait-il-un-agent-double-infiltre-le-billet-de-charline_fun\n\n-&#8220;Le vote utile&#8221; (Guillaume Meurice; vid\u00e9o) : http:\/\/www.dailymotion.com\/video\/x5hjdx5_le-vote-utile-le-moment-meurice_fun\n\n<h2 class=\"wp-block-heading\">Documents joints<\/h2>\n\n\n\n<div class=\"wp-block-file\"><a href=\"https:\/\/wp.muchomaas.com\/wp-content\/uploads\/2017\/04\/penelope_fillon_a_ete_remuneree_par_l-73f.pdf\">penelope_fillon_a_ete_remuneree_par_l.pdf<\/a><\/div>\n\n\n","protected":false},"excerpt":{"rendered":"<p>ACTUALITE -En Guyane, les barrages routiers piliers de la contestation (un reportage de Philippe Rand\u00e9; son) : https:\/\/www.franceinter.fr\/emissions\/le-zoom-de-la-redaction\/le-zoom-de-la-redaction-10-avril-2017 -&#8220;Dominique, Riad, Chantal vivent avec le RSA&#8221; (Sylvain Mouillard) : http:\/\/www.liberation.fr\/france\/2017\/04\/09\/vivre-avec-un-revenu-de-precarite-active_1561571?xtor=EPR-450206&#038;utm_source -Les panneaux photovolta\u00efques pourront d\u00e9sormais \u00eatre recycl\u00e9s en France (son du 10 avril) : https:\/\/www.radioclassique.fr\/radio\/emissions\/matinale-de-radio-classique\/3-minutes-planete\/ &#8211;La lutte contre le r\u00e9chauffement climatique s&#8217;invite dans les tribunaux (Nathalie [&hellip;]<\/p>\n","protected":false},"author":1042,"featured_media":0,"comment_status":"open","ping_status":"open","sticky":false,"template":"","format":"standard","meta":{"_themeisle_gutenberg_block_has_review":false,"footnotes":""},"categories":[151],"tags":[],"class_list":["post-10330","post","type-post","status-publish","format-standard","hentry","category-la-revue-de-presse-de-lulu"],"_links":{"self":[{"href":"https:\/\/archives.regards.fr\/index.php?rest_route=\/wp\/v2\/posts\/10330","targetHints":{"allow":["GET"]}}],"collection":[{"href":"https:\/\/archives.regards.fr\/index.php?rest_route=\/wp\/v2\/posts"}],"about":[{"href":"https:\/\/archives.regards.fr\/index.php?rest_route=\/wp\/v2\/types\/post"}],"author":[{"embeddable":true,"href":"https:\/\/archives.regards.fr\/index.php?rest_route=\/wp\/v2\/users\/1042"}],"replies":[{"embeddable":true,"href":"https:\/\/archives.regards.fr\/index.php?rest_route=%2Fwp%2Fv2%2Fcomments&post=10330"}],"version-history":[{"count":0,"href":"https:\/\/archives.regards.fr\/index.php?rest_route=\/wp\/v2\/posts\/10330\/revisions"}],"wp:attachment":[{"href":"https:\/\/archives.regards.fr\/index.php?rest_route=%2Fwp%2Fv2%2Fmedia&parent=10330"}],"wp:term":[{"taxonomy":"category","embeddable":true,"href":"https:\/\/archives.regards.fr\/index.php?rest_route=%2Fwp%2Fv2%2Fcategories&post=10330"},{"taxonomy":"post_tag","embeddable":true,"href":"https:\/\/archives.regards.fr\/index.php?rest_route=%2Fwp%2Fv2%2Ftags&post=10330"}],"curies":[{"name":"wp","href":"https:\/\/api.w.org\/{rel}","templated":true}]}}