{"id":10327,"date":"2017-04-10T05:46:35","date_gmt":"2017-04-10T03:46:35","guid":{"rendered":"https:\/\/wp.muchomaas.com\/article-la-revue-du-10-avril-2017\/"},"modified":"2023-06-23T23:24:31","modified_gmt":"2023-06-23T21:24:31","slug":"article-la-revue-du-10-avril-2017","status":"publish","type":"post","link":"https:\/\/archives.regards.fr\/?p=10327","title":{"rendered":"La Revue du 10 avril 2017"},"content":{"rendered":"<strong>ACTUALITE<\/strong>\n\n<strong>-Ces familles au faible pouvoir d&#8217;achat (vid\u00e9o) :<\/strong> http:\/\/www.francetvinfo.fr\/economie\/au-plus-pres-ces-familles-au-faible-pouvoir-d-achat_2136547.html#xtor=CS2-765\n\n-A Port-Lesley dans le Jura, fermeture d&#8217;une \u00e9picerie qui est un chantier d&#8217;insertion (vid\u00e9o) : http:\/\/www.francetvinfo.fr\/economie\/emploi\/jura-fermeture-de-l-epicerie-qui-remettait-sur-les-rails-des-personnes-en-rupture-sociale_2136341.html\n\n<em>-&#8220;Le paritarisme pour le paritarisme, non merci&#8221; (la CGT) :<\/em> http:\/\/www.cgt.fr\/Le-paritarisme-pour-le-paritarisme.html\n\n-Des incidents \u00e0 Cayenne (vid\u00e9o) : http:\/\/www.francetvinfo.fr\/economie\/crise-en-guyane\/guyane-incidents-a-cayenne_2136549.html#xtor=CS2-765\n\n-Des &#8220;500 fr\u00e8res&#8221; ont rendu visite au policier bless\u00e9 (vid\u00e9o) : http:\/\/www.francetvinfo.fr\/economie\/crise-en-guyane\/guyane-les-500-freres-rendent-visite-au-policier-blesse_2137681.html\n\n<strong>-Le sous-investissement d\u00e9clar\u00e9 an\u00e9mie publique num\u00e9ro 1&#8243; (Natacha Zimmermann) <\/strong> : http:\/\/www.liberation.fr\/france\/2017\/04\/07\/en-guyane-le-sous-investissement-declare-anemie-publique-numero-1_1561294?xtor \n\n-&#8220;Il faut entendre la revendication de la Guyane&#8221; (Patrick Karam, ancien d\u00e9l\u00e9gu\u00e9 \u00e0 l&#8217;Outre-mer, vice-pr\u00e9sident LR du Conseil r\u00e9gional d&#8217;Ile-de-France; vid\u00e9o) :  http:\/\/www.francetvinfo.fr\/politique\/francois-hollande\/guyane-le-conflit-dans-l-impasse_2136109.html\n\n-Le d\u00e9cret de fermeture de Fessenheim publi\u00e9 au Journal Officiel&#8230;aux conditions d&#8217;EDF : http:\/\/www.francetvinfo.fr\/societe\/nucleaire\/le-decret-de-fermeture-de-la-centrale-nucleaire-de-fessenheim-publie-au-journal-officiel-en-s-alignant-sur-les-conditions-d-edf_2137414.html                                                                        http:\/\/www.lemonde.fr\/planete\/article\/2017\/04\/09\/le-decret-pour-la-fermeture-de-fessenheim-est-signe_5108402_3244.html#xtor\n\n<em>-Les chiffres-cl\u00e9s de l&#8217;\u00e9galit\u00e9 entre les femmes et les hommes (document) : <\/em> http:\/\/www.familles-enfance-droitsdesfemmes.gouv.fr\/wp-content\/uploads\/2017\/03\/27999-DICOM-Brochure-egalite-FH-2017-v4_bd.pdf\n\n<strong>-La voiture autonome, le projet de Renault pour 2020 (vid\u00e9o) : <\/strong> https:\/\/videos.lesechos.fr\/lesechos\/reportages\/voiture-autonome-le-projet-de-renault-pour-2020\/8prfqs\n\n-Ladji Doukour\u00e9 prend sa retraite de champion. Il \u00e9tait l&#8217;invit\u00e9 de la matinale de CNews (vid\u00e9o) : http:\/\/www.cnews.fr\/chroniques\/linvite-du-week-end\/linvite-du-dimanche-matin-du-08042017-174357\n\n<strong>-Dans une tribune, cinq \u00e9lus de la Seine-Saint-Denis d\u00e9fendent la candidature de Paris 2024 :<\/strong> http:\/\/www.lejdd.fr\/JDD-Paris\/TRIBUNE-Des-elus-du-93-defendent-la-candidature-de-Paris-2024-858854\n\n-&#8220;Pr\u00e8s de six ans apr\u00e8s avoir renonc\u00e9 \u00e0 la lutte arm\u00e9e, ETA donne la liste de ses caches d&#8217;armes&#8221; (vid\u00e9o) : http:\/\/newscdn.newsrep.net\/h5\/nrvideo.html?r=3&#038;lan=fr_FR&#038;pid=14&#038;id=w5b39162a1a_fr&#038;app_lan=fr_FR&#038;mcc=208&#038;declared_lan \n\n-&#8220;Cette \u00e9tape est un grand pas&#8221; (le ministre de l&#8217;Int\u00e9rieur Matthias Fekl; vid\u00e9o) : http:\/\/www.francetvinfo.fr\/monde\/espagne\/video-desarmement-d-eta-cette-etape-est-un-grand-pas-estime-matthias-fekl_2136193.html\n\n<strong>-A Bayonne, &#8220;l&#8217;adieu aux armes&#8221; (vid\u00e9o)<\/strong> : http:\/\/www.francetvinfo.fr\/monde\/espagne\/eta-l-adieu-aux-armes_2137422.html\n\n<strong>-Catherine Ceylac recevait Patrick Pelloux, pr\u00e9sident de l&#8217;Association des m\u00e9decins urgentistes hospitaliers (vid\u00e9o) <\/strong> : http:\/\/www.france2.fr\/emissions\/the-ou-cafe\/videos\/replay_-_the_ou_cafe_08-04-2017_1533853\n\n-Pour lutter contre les d\u00e9serts m\u00e9dicaux, les maires mettent les bouch\u00e9es doubles (vid\u00e9o) : http:\/\/www.lci.fr\/societe\/pour-lutter-contre-les-deserts-medicaux-les-maires-mettent-les-bouchees-doubles-2044404.html%3Ftype=content\n\n<strong>-&#8220;Le malaise de la communaut\u00e9 asiatique&#8221; (&#8220;13H15 le samedi&#8221;; vid\u00e9o) : <\/strong> http:\/\/www.francetvinfo.fr\/replay-magazine\/france-2\/13h15\/13h15-du-samedi-8-avril-2017_2134389.html\n\n-&#8220;Il y a en Chine une nouvelle classe moyenne favorable au tourisme fran\u00e7ais&#8221; (Philippe Liu, pr\u00e9sident de l&#8217;agence de voyage &#8220;Concorde Travel&#8221;; invit\u00e9 de Jean-Paul Chapel; vid\u00e9o) : http:\/\/www.francetvinfo.fr\/faits-divers\/mort-de-liu-shaoyo\/video-chine-une-nouvelle-classe-moyenne-pour-le-tourisme-francais-selon-concorde-travel_2134947.html\n\n-&#8220;La l\u00e9gislation europ\u00e9enne va se substituer aux l\u00e9gislations nationales. Il s&#8217;agit de donner \u00e0 l&#8217;individu le contr\u00f4le de ce qui se fait avec ses donn\u00e9es&#8221; (Isabelle Falque-Pierrotin, pr\u00e9sidente de la CNIL, interrog\u00e9e par Fabienne Schmitt; vid\u00e9o) : https:\/\/videos.lesechos.fr\/lesechos\/invite-des-echos\/protection-des-donnees-faut-il-sinquieter-de-ladministration-trump\/8p80sp\n\n-&#8220;Le Parquet national financier n&#8217;enqu\u00eatera pas sur &#8220;le cabinet noir&#8221; comme le demandait le camp Fillon&#8221; (Romain Herreros) : http:\/\/www.huffingtonpost.fr\/2017\/04\/06\/le-parquet-national-financier-nenquetera-pas-sur-le-cabinet-no_a_22028879\/\n\n<strong>-Trois mois avec la brigade des mineurs, &#8220;les gardiens de l&#8217;innocence&#8221; (un reportage d&#8217;Emmanuel Orian; vid\u00e9o) <\/strong> : http:\/\/www.lci.fr\/replay\/grands-reportages-du-8-avril-2017-brigade-des-mineurs-les-gardiens-de-l-innocence-2044380.html%3Ftype=conten \n\n<strong>POLITIQUE<\/strong>\n\n<strong>-Jean-Luc M\u00e9lenchon \u00e9tait l&#8217;invit\u00e9 de &#8220;On n&#8217;est pas couch\u00e9&#8221; de Laurent Ruquier (vid\u00e9o) :<\/strong> http:\/\/www.france2.fr\/emissions\/on-n-est-pas-couche\/videos\/jean-luc_melenchon_-_on_nest_pas_couche_8_avril_2017_onpc_09-04-2017_1533965?onglet\n\n<strong>-Le meeting de Marseille (vid\u00e9o int\u00e9grale, amener le curseur sur 41:50) : <\/strong> https:\/\/www.youtube.com\/watch?v=yrjWwsV4zS4\n\n<strong>-&#8220;Sur la Syrie, il est est sur la m\u00eame position que l&#8217;ONU&#8221; (Raquel Garrido, porte-parole de &#8220;La France insoumise&#8221;, interrog\u00e9e par St\u00e9phane Leneuf; son) <\/strong> :  https:\/\/www.franceinter.fr\/emissions\/l-interview-politique\/l-interview-politique-08-avril-2017\n\n<strong>-&#8220;Son indignation est humaniste&#8230; comparable \u00e0 l&#8217;engouement qu&#8217;il y avait eu en 2010 autour  du livre &#8220;Indignez-vous&#8221; de St\u00e9phane Hessel. Aujourd&#8217;hui, quatre candidats sont susceptibles d&#8217;acc\u00e9der au second tour parmi lesquels Jean-Luc M\u00e9lenchon. Il est le candidat du changement, celui qui permet de mettre d\u00e9mocratiquement un terme \u00e0 cette cinqui\u00e8me R\u00e9publique. Une force populaire va se lever. En 2012, il y avait eu le vote utile pour contrer une remont\u00e9e de Nicolas Sarkozy, ce qui a mis du vent dans les voiles de Fran\u00e7ois Hollande et nous a fait baisser. Cette fois, c&#8217;est diff\u00e9rent. On sait que la M\u00e9diterran\u00e9e n&#8217;a pas \u00e9t\u00e9 une fronti\u00e8re entre les peuples. L&#8217;utilisation d&#8217;armes chimiques, d&#8217;o\u00f9 qu&#8217;elles viennent, doit \u00eatre s\u00e9v\u00e8rement ch\u00e2ti\u00e9e. L&#8217;ONU n&#8217;\u00e9tait pas bloqu\u00e9e, elle pr\u00e9parait une commission d&#8217;enqu\u00eate internationale. Je ne suis pas l&#8217;ami de Poutine&#8221; (Alexis Corbi\u00e8re, porte-parole de Jean-Luc M\u00e9lenchon; son) : <\/strong> http:\/\/www.europe1.fr\/emissions\/linterview-verite-du-week-end\/alexis-corbiere-lindignation-de-melenchon-est-humaniste-3287924\n\n-Jacques G\u00e9n\u00e9reux, \u00e9conomiste, professeur \u00e0 Sciences Po, coordinateur du programme \u00e9conomique de Jean-Luc M\u00e9lenchon, \u00e9tait l&#8217;invit\u00e9 d&#8217;Yves Calvi (vid\u00e9o) : http:\/\/www.lci.fr\/replay\/l-invite-de-24h-en-questions-du-7-avril-2017-jacques-genereux-coordinateur-du-programme-de-jean-luc-melenchon-2044338.html%3Ftype=content\n\n<strong>-Le magazine &#8220;Elle&#8221; a interrog\u00e9 le candidat de &#8220;La France insoumise&#8221; (vid\u00e9o) : <\/strong> https:\/\/www.youtube.com\/watch?v=BxO3pzBdC-w\n\n<strong>-&#8220;Les influences derri\u00e8re son discours&#8221; (Sophie Delpont et Eric Chaverou; vid\u00e9os et sons) <\/strong> : https:\/\/www.franceculture.fr\/politique\/les-influences-derriere-le-discours-de-jean-luc-melenchon\n\n<strong>-Cl\u00e9mentine Autain, soutien de Jean-Luc M\u00e9lenchon et Philippe Poutou, candidat du NPA, \u00e9taient les invit\u00e9s de &#8220;C Pol\u00e9mique&#8221; \u00e9mission anim\u00e9e par Bruce Toussaint (vid\u00e9o) :<\/strong> http:\/\/www.france5.fr\/emissions\/c-politique\/videos\/salaries_patronat_pourquoi_une_si_grande_fracture__09-04-2017_1534121\n\n-Nathalie Arthaud, candidate LO, \u00e9tait l&#8217;invit\u00e9e de &#8220;On n&#8217;est pas couch\u00e9&#8221; (vid\u00e9o, amener le curseur sur 3:54:50) : http:\/\/www.france2.fr\/emissions\/on-n-est-pas-couche\/videos\/replay_-_on_nest_pas_couche_08-04-2017_1533983\n\n-Les propositions \u00e9conomiques de Beno\u00eet Hamon. Julia Cag\u00e9, \u00e9conomiste, professeur \u00e0 Sciences-Po Paris, \u00e9tait l&#8217;invit\u00e9e de &#8220;On arr\u00eate pas l&#8217;\u00e9co&#8221; sur France Inter, avec Yves Decaens (son; amener le curseur sur 6:07) : s:\/\/www.franceinter.fr\/emissions\/on-n-arrete-pas-l-eco\/on-n-arrete-pas-l-eco-08-avril-2017\n\n<strong>-Au deuxi\u00e8me tour, face \u00e0 Marine Le Pen, c&#8217;est pour Jean-Luc M\u00e9lenchon qu&#8217;il pr\u00e9f\u00e8rerait avoir \u00e0 voter&#8221; (Il \u00e9tait l&#8217;invit\u00e9 de &#8220;On n&#8217;est pas couch\u00e9&#8221; (vid\u00e9o)<\/strong> : http:\/\/www.france2.fr\/emissions\/on-n-est-pas-couche\/videos\/benoit_hamon_-_on_nest_pas_couche_8_avril_2017_onpc_09-04-2017_1533991?onglet\n\n-Au Creusot, il est &#8220;plant\u00e9 par Montebourg et rass\u00e9r\u00e9n\u00e9 par Mitterrand&#8221; (Rachid La\u00efreche) : http:\/\/www.liberation.fr\/elections-presidentielle-legislatives-2017\/2017\/04\/07\/au-creusot-hamon-plante-par-montebourg-et-rasserene-par-mitterrand_1561352?utm_campaign\n\n-&#8220;Pour une coalition de gouvernement&#8221; avec Emmanuel Macron (Fran\u00e7ois Rebsamen, maire PS de Dijon) : http:\/\/www.lejdd.fr\/Politique\/Francois-Rebsamen-Pour-une-coalition-de-gouvernement-avec-Emmanuel-Macron-859070\n\n-&#8220;La miniguerre des gauches&#8221; (Philippe Leymarie) : http:\/\/blog.mondediplo.net\/2017-04-04-La-miniguerre-des-gauches\n\n<strong>-&#8220;La S\u00e9curit\u00e9 sociale, une assistance ou un droit ?&#8221; (Martine Bulard) : <\/strong> http:\/\/www.monde-diplomatique.fr\/2017\/04\/BULARD\/57417 \n\n<strong>-&#8220;Et cette fois encore, le pi\u00e8ge du vote utile ?&#8221; (Serge Halimi) : <\/strong> http:\/\/www.monde-diplomatique.fr\/2017\/04\/HALIMI\/57398\n\n<strong>-&#8220;Le FN n&#8217;est pas un parti comme un autre mais il faut le combattre de mani\u00e8re r\u00e9publicaine, pas par la violence. Ma pr\u00e9f\u00e9rence, en Syrie, c&#8217;est que cela se passe de fa\u00e7on coordonn\u00e9e sous l&#8217;\u00e9gide de l&#8217;ONU. Fran\u00e7ois Fillon, comme premier ministre, a accompagn\u00e9 le conflit lybien qui a \u00e9t\u00e9 une erreur. J&#8217;ai un vrai d\u00e9saccord avec lui sur la Russie. Je ne l&#8217;appellerai pas Fran\u00e7ois Balkany mais il ressemble plus \u00e0 \u00e7a qu&#8217;\u00e0 autre chose aujourd&#8217;hui. Sur Fessenheim, S\u00e9gol\u00e8ne Royal a pris la bonne d\u00e9cision, je ne la remettrai pas en cause&#8221; (Emmanuel Macron, invit\u00e9 de &#8220;Dimanche Politique&#8221;; interrog\u00e9 par Francis Letellier; vid\u00e9o)<\/strong> : http:\/\/pluzz.francetv.fr\/videos\/dimanche_en_politique.html\n\n-&#8220;Moi pr\u00e9sident&#8221; (son interview dans le JDD, entretien r\u00e9alis\u00e9 par Herv\u00e9 Gattegno et David Revault d&#8217;Allonnes) : http:\/\/www.lejdd.fr\/Politique\/Emmanuel-Macron-Moi-president-859097\n\n-&#8220;Si les Fran\u00e7ais \u00e9lisent Emmanuel Macron, ce ne sera pas ensuite pour le priver de majorit\u00e9. Sur les questions internationales, ses positions sont les moins fluctuantes. Nous n&#8217;avons sollicit\u00e9 aucun soutien. Les appareils ne nous int\u00e9ressent pas du tout&#8221; (Richard Ferrand, secr\u00e9taire g\u00e9n\u00e9ral de &#8220;En Marche !&#8221;; invit\u00e9 de &#8220;Questions Politiques&#8221;; vid\u00e9o) :                                                                                                 http:\/\/www.dailymotion.com\/video\/x5hnom0_richard-ferrand-si-les-francais-elisent-emmanuel-macron-ce-ne-sera-pas-pour-ensuite-le-priver-de-maj_news        http:\/\/www.dailymotion.com\/video\/x5hnoo1_richard-ferrand-sur-les-questions-internationales-les-positions-d-emmanuel-macron-sont-les-moins-flu_news           http:\/\/www.dailymotion.com\/video\/x5hnojv_richard-ferrand-nous-n-avons-sollicite-aucun-soutien_news                                                                                        http:\/\/www.dailymotion.com\/video\/x5hnojv_richard-ferrand-nous-n-avons-sollicite-aucun-soutien_news\n\n-&#8220;Fran\u00e7ois Fillon est dans une d\u00e9rive mortif\u00e8re pour son parti. Si le cabinet noir \u00e9tait pilot\u00e9 par Fran\u00e7ois Hollande \u00e0 l&#8217;Elys\u00e9e, j&#8217;ai l&#8217;impression, avec la disparition politique du pr\u00e9sident et la mont\u00e9e de Jean-Luc M\u00e9lenchon, que ce n&#8217;est pas tr\u00e8s efficace. Le soutien de Nicolas Sarkozy fait penser \u00e0 la reconstitution d&#8217;une ligue dissoute. Fran\u00e7ois Fillon a radicalis\u00e9 le socle de la droite, \u00e0 un moment, il se fera manger par le FN comme l&#8217;est  (\u00e0 gauche) Beno\u00eet Hamon par Jean-Luc M\u00e9lenchon&#8221; (Christophe Castaner, d\u00e9put\u00e9 PS des Alpes-de-Haute-Provence, porte-parole d&#8217;Emmanuel Macron; invit\u00e9 de la matinale de Franceinfo; sons et vid\u00e9os) :  http:\/\/www.francetvinfo.fr\/replay-radio\/8h30-politique\/accusation-de-cabinet-noir-francois-fillon-est-dans-une-derive-mortifere-pour-son-parti-selon-le-porte-parole-d-emmanuel-macron_2114737.html\n\n-&#8220;Ces 14 candidats d&#8217;Emmanuel Macron qui d\u00e9fient la droite et le PS&#8221; (Paul Laubacher) : http:\/\/tempsreel.nouvelobs.com\/presidentielle-2017\/20170407.OBS7703\/ces-14-candidats-d-emmanuel-macron-qui-defient-le-ps-et-la-droite.html#xtor\n\n-Mohamed Saou, un r\u00e9f\u00e9rent de &#8220;En Marche !&#8221;, \u00e9cart\u00e9 pour &#8220;des raisons strat\u00e9giques&#8221; (Frantz Durupt) : http:\/\/www.liberation.fr\/elections-presidentielle-legislatives-2017\/2017\/04\/07\/mohamed-saou-un-referent-d-en-marche-ecarte-pour-des-raisons-strategiques_1561200?xtor\n\n-L&#8217;attaque cibl\u00e9e ordonn\u00e9e par Donald Trump en Syrie, apr\u00e8s l&#8217;attaque chimique de Khan Cheikhoun, &#8220;est une r\u00e9ponse appropri\u00e9e \u00e0 un acte inacceptable mais inutile d&#8217;aller plus loin&#8230;D\u00e9truire le r\u00e9gime de Damas, c&#8217;est choisir le d\u00e9veloppement de l&#8217;Emirat islamique&#8221; (G\u00e9rard Longuet, s\u00e9nateur LR de la Meuse, ancien ministre de la D\u00e9fense; son) : http:\/\/www.europe1.fr\/emissions\/l-interview-politique-du-week-end\/gerard-longuet-detruire-le-regime-de-damas-cest-choisir-le-developpement-de-lemirat-islamique-3287960\n\n-&#8220;Le pr\u00e9sident Trump a rompu l&#8217;immunit\u00e9 dont b\u00e9nificiait Bachar al-Assad. Je soutiens sa fermet\u00e9 et je souhaite que la France s&#8217;en inspire. Notre priorit\u00e9 doit \u00eatre d&#8217;exterminer Daesh. Je suis l&#8217;ami de la Russie. Nous aurions d\u00fb avoir une politique europ\u00e9enne et discuter avec la Russie et les Etats-Unis. Nous nous trouvons avec une partie de notre \u00e9lectorat extr\u00e8mement radicalis\u00e9. Je dis au ma\u00eetre (Fran\u00e7ois Fillon) qu&#8217;il doit faire attention aux courtisans qui sont autour de lui. Je n&#8217;imagine pas le g\u00e9n\u00e9ral de Gaulle faire siffler quelqu&#8217;un qui appartient \u00e0 son parti&#8221; (Christan Estrosi, pr\u00e9sident LR de la r\u00e9gion PACA; invit\u00e9 du &#8220;Grand Rendez-vous&#8221; d&#8217;Europe 1; vid\u00e9o ) : \n<iframe loading=\"lazy\" title=\"Le Grand rendez-vous avec Christian Estrosi\" frameborder=\"0\" width=\"500\" height=\"281\" src=\"https:\/\/geo.dailymotion.com\/player.html?video=x5hnl7y&#038;\" allowfullscreen allow=\"autoplay; fullscreen; picture-in-picture; web-share\"><\/iframe>\n\n-&#8220;Je trouve la situation tr\u00e8s dangereuse et la pr\u00e9cipitation des autorit\u00e9s fran\u00e7aises dans le soutien \u00e0 Donald Trump excessive et dangereuse, car personne ne sait si c&#8217;est Assad et son r\u00e9gime qui ont organis\u00e9 ces  attaques chimiques. Si c&#8217;est lui, il faut une r\u00e9action impitoyable, mais dans le cadre de l&#8217;ONU.  Si ce n&#8217;est pas lui mais d&#8217;une destruction d&#8217;armes chimiques de Daesh et d&#8217;Al Qaida, cela voudrait dire qu&#8217;on est dans la m\u00eame manipulation m\u00e9diatique que lors de l&#8217;invasion de l&#8217;Irak&#8221; (Nicolas Dupont-Aignan, candidat de &#8220;Debout la France&#8221;; interrog\u00e9 par Sandrine Aramon; vid\u00e9o) :  http:\/\/www.francetvinfo.fr\/monde\/revolte-en-syrie\/attaque-chimique-en-syrie\/frappes-americaines-en-syrie-il-pourrait-sagir-dune-manipulation-mediatique-dapres-nicolas-dupont-aignan_2136105.html\n\n-TF1 a pass\u00e9 24 heures avec lui (vid\u00e9o) : http:\/\/www.lci.fr\/elections\/presidentielle-24h-avec-nicolas-dupont-aignan-2044403.html%3Ftype\n\n-Il \u00e9tait aussi l&#8217;invit\u00e9 de &#8220;Questions Politiques&#8221; sur France Inter (vid\u00e9o, amener le curseur sur 12:25) : http:\/\/www.dailymotion.com\/video\/x5hnm4b_nicolas-dupont-aignan-invite-de-questions-politiques_news\n\n-&#8220;C&#8217;est le d\u00e9but d&#8217;un engrenage extr\u00eamement dangereux. Il y a un doute sur l&#8217;origine du gazage. La moindre des choses, c&#8217;est de faire une enqu\u00eate avant de sanctionner. L&#8217;ennemi de la France, c&#8217;est le terrorisme. Il y a ind\u00e9niablement un message de politique int\u00e9rieure dans la d\u00e9cision de Donald Trump&#8221; (Thierry Mariani, d\u00e9put\u00e9 LR des Fran\u00e7ais \u00e0 l&#8217;\u00e9tranger, face \u00e0 Bernard Poirette; son) :\nhttp:\/\/www.rtl.fr\/actu\/international\/frappes-americaines-en-syrie-le-debut-d-un-engrenage-dangereux-selon-mariani-7788019989\n\n-&#8220;Le pr\u00e9sident am\u00e9ricain se sent le droit d&#8217;intervenir comme s&#8217;il \u00e9tait le ma\u00eetre du monde sans aucune autorisation de la communaut\u00e9 internationale, ce qui est tr\u00e8s inqui\u00e9tant. Bachar menace son peuple mais ne menace pas le monde. Les anti-Trump fanatiques, comme Fran\u00e7ois Hollande, sont pris \u00e0 contre-pied et disent maintenant que Trump, c&#8217;est bien&#8221; (le philosophe Luc Ferry, ancien ministre de Nicolas Sarkozy; invit\u00e9 d&#8217;Audrey Crespo-Mara; vid\u00e9o) : http:\/\/www.lci.fr\/replay\/l-invite-de-8h45-du-7-avril-2017-luc-ferry-philosophe-et-ancien-ministre-2044236.html%3Ftype\n\n-Marine Le Pen n&#8217;a pas d&#8217;adversaire pr\u00e9f\u00e9r\u00e9. Pour elle, un duel avec Jean-Luc M\u00e9lenchon &#8220;serait encore plus clair&#8221; (vid\u00e9os) : http:\/\/www.bfmtv.com\/politique\/presidentielle-marine-le-pen-n-a-pas-d-adversaire-prefere-1138144.html\n\n-Elle recevait Ruth Elkrief de BFMTV dans son local de campagne (vid\u00e9o) : https:\/\/www.youtube.com\/watch?v=pCONVU_1BoU\n\n-&#8220;Soyez fiers d&#8217;\u00eatre Corses, soyez fiers d&#8217;\u00eatre Fran\u00e7ais. Les conseils r\u00e9gionaux n&#8217;ont servi \u00e0 rien. Il y a des groupuscules ultranationnalistes venus pour des actes de violence contre des Corses. Elue, j&#8217;annulerai le d\u00e9cret de S\u00e9gol\u00e8ne Royal sur Fessenheim&#8221; (Marine Le Pen, invit\u00e9e du &#8220;Grand Jury&#8221;; vid\u00e9o) : http:\/\/www.dailymotion.com\/video\/x5hnpzo_marine-le-pen-opposee-a-la-fermeture-de-fessenheim-veut-arreter-l-eolien_news\n\n-Ses meetings souvent boulevers\u00e9s (vid\u00e9o) : http:\/\/www.francetvinfo.fr\/politique\/marine-le-pen\/presidentielle-les-meetings-de-marine-le-pen-souvent-bouleverses_2136545.html\n\n-Marion Mar\u00e9chal-Le Pen sera candidate aux \u00e9lections l\u00e9gislatives : http:\/\/www.lejdd.fr\/Politique\/Marion-Marechal-Le-Pen-excuse-Marine-Le-Pen-859256 \n\n<em>-Le vote FN en milieu rural (pi\u00e8ce jointe; document);<\/em>\n\n-La campagne \u00e9lectorale vue par une journaliste italienne et un journaliste britannique (vid\u00e9o ) : http:\/\/www.france5.fr\/emissions\/c-a-vous\/videos\/les_candidats_vus_par_la_presse_etrangere_-_c_a_vous_-_07042017_07-04-2017_1533727?onglet\n\n-&#8220;La justice est proche de l&#8217;asphyxie&#8221;. Telle est la conclusion d&#8217;un rapport d&#8217;une mission d&#8217;information s\u00e9natoriale (le s\u00e9nateur LR de la Manche Philippe Bas, ancien secr\u00e9taire g\u00e9n\u00e9ral de l&#8217;Elys\u00e9e; son, amener le curseur sur 10:15) :   http:\/\/www.europe1.fr\/emissions\/c-est-arrive-cette-semaine\/cest-arrive-cette-semaine-080417-3287948\n\n<em>-Le dossier de presse de la mission d&#8217;information (document) : <\/em> http:\/\/www.senat.fr\/fileadmin\/Fichiers\/Images\/commission\/lois\/Dossier_de_presse.pdf\n\n<strong>-A deux semaines du scrutin, les analyses de Bernard Sanan\u00e8s, pr\u00e9sident de l&#8217;institut de sondages Elabe (propos recueillis par St\u00e9phane Dupont) :<\/strong> https:\/\/www.lesechos.fr\/elections\/presidentielle-2017\/0211952287888-bernard-sananes-le-risque-cest-davoir-un-president-sans-grand-elan-pour-reformer-2078309.php#xtor=EPR-130\n\n<em>-Au 7 avril, les intentions de vote des \u00e9lecteurs de l&#8217;\u00e9lection pr\u00e9sidentielle de 2012 (pi\u00e8ce jointe);<\/em>\n\n<em>-Les intentions de vote \u00e0 l&#8217;\u00e9lection pr\u00e9sidentielle, avec pour la premi\u00e8re fois Jean-Luc M\u00e9lenchon sond\u00e9 au 2e tour (KANTAR-SOFRES) :<\/em> http:\/\/fr.kantar.com\/elections\/presidentielle\/2017\/intentions-de-vote-forte-percee-de-jean-luc-melenchon\/\n\n<strong>-&#8220;Le sondage qui va faire du bruit&#8221; (Emmanuel Rivi\u00e8re, directeur de Kantar; son) :<\/strong> https:\/\/www.youtube.com\/watch?v=mz-GaZuf0Hw\n\n<strong>EUROPE-MONDE<\/strong>\n\n<strong>-&#8220;On peut changer les trait\u00e9s europ\u00e9ens&#8221; (Delphine Simon; son) :<\/strong> https:\/\/www.franceinter.fr\/emissions\/le-vrai-faux-de-l-europe\/le-vrai-faux-de-l-europe-08-avril-2017\n\n-Sixi\u00e8me jour de manifestations en Serbie contre l&#8217;\u00e9lection de Vucic (vid\u00e9o) : http:\/\/newscdn.newsrep.net\/h5\/nrvideo.html?r=3&#038;lan=fr_FR&#038;pid=14&#038;id=keb3fc71b78_fr&#038;app_lan\n\n-&#8220;Le pr\u00e9sident Trump n&#8217;est pas comme les autres, il est un homme de parole. Il faut que la France participe fortement \u00e0 cette intervention militaire. Il faut arr\u00eater le blablabla de Gen\u00e8ve et faire la guerre pour renverser Bachar al-Assad. J&#8217;appelle le premier ministre isra\u00e9lien \u00e0 entrer dans cette guerre&#8221; (Fahad Al-Masri, coordinateur du Front de salut national syrien; vid\u00e9o) : http:\/\/www.dailymotion.com\/video\/x5hiupa_le-coordinateur-du-front-de-national-syrien-la-france-doit-participer-a-ces-operations-militaires_news\n\n<strong>-&#8220;Le pr\u00e9sident Poutine fait plut\u00f4t des moulinets et cela n&#8217;ira pas plus loin. Donald Trump a voulu montrer qu&#8217;il n&#8217;\u00e9tait pas Obama. Il va pouvoir dialoguer avec M. Poutine, sans donner le sentiment de perdre la face. Mais ce qui me fait le plus peur, c&#8217;est le choix de la date  pour frapper la Syrie, \u00e0 l&#8217;occasion de la visite du pr\u00e9sident chinois. Ce n&#8217;est pas un hasard, il n&#8217;a n&#8217;a pas d\u00fb appr\u00e9cier et le fera payer \u00e0 Donald Trump&#8221; (Fran\u00e7ois Heisbourg, conseiller sp\u00e9cial de la Fondation pour la recherche strat\u00e9gique; son, amener le curseur sur 1:40) : <\/strong> http:\/\/www.europe1.fr\/emissions\/c-est-arrive-cette-semaine\/cest-arrive-cette-semaine-080417-3287948\n\n<strong>-&#8220;Un coup pour rien de Trump ?&#8221; (Jean-Pierre Filiu, professeur \u00e0 Sciences-Po Paris) : <\/strong> http:\/\/filiu.blog.lemonde.fr\/2017\/04\/09\/un-coup-pour-rien-de-trump-en-syrie\/\n\n<strong>-&#8220;Des incertitudes demeurent sur l&#8217;attaque chimique imput\u00e9e au r\u00e9gime syrien&#8221; (Antoine Malo, Fran\u00e7ois Clemenceau et Bachir El-Khoury) : <\/strong> http:\/\/www.lejdd.fr\/International\/Moyen-Orient\/Syrie-une-attaque-chimique-et-un-raid-en-questions-859001\n\n-&#8220;L&#8217;Am\u00e9rique est de retour mais elle est de retour version Trump&#8221; (Hasni Abidi, directeur de recherche au CERNAM de Gen\u00e8ve; propos recueillis par Vittorio De Filippis) : http:\/\/www.liberation.fr\/planete\/2017\/04\/07\/l-amerique-est-de-retour-mais-elle-est-de-retour-facon-trump_1561240?xtor\n\n-&#8220;Les Russes ont laiss\u00e9 faire alors qu&#8217;ils \u00e9taient inform\u00e9s&#8221; (Igor Delano\u00eb de l&#8217;Observatoire franco-russe \u00e0 Moscou; propos recueillis par C\u00e9line Lussato) : http:\/\/tempsreel.nouvelobs.com\/monde\/20170407.OBS7722\/les-russes-ont-laisse-faire-les-americains-en-syrie.html#xto\n\n-&#8220;D\u00e9monstration de force des Etats-Unis face \u00e0 la Cor\u00e9e du Nord&#8221; (vid\u00e9o) : http:\/\/newscdn.newsrep.net\/h5\/nrvideo.html?r=3&#038;lan=fr_FR&#038;pid=14&#038;id=iWb3fc719R0_fr&#038;app_lan=fr_FR&#038;mcc=208&#038;declared_lan\n\n<strong>-&#8220;Vers un syst\u00e8me dictatorial au Venezuela ?&#8221; (Paula Vasquez, anthropologue et ethnologue, charg\u00e9e de recherche au CNRS; invit\u00e9e de Thierry Garcin; son et vid\u00e9os)<\/strong> : https:\/\/www.franceculture.fr\/emissions\/les-enjeux-internationaux\/union-europeenne-londres-et-bruxelles-durant-les-negociations\n\n-Le principal opposant au pr\u00e9sident Maduro in\u00e9ligible pendant 15 ans (vid\u00e9o) : http:\/\/newscdn.newsrep.net\/h5\/nrvideo.html?r=3&#038;lan=fr_FR&#038;pid=14&#038;id=O1b377940nJ_fr&#038;app_lan=fr_FR&#038;mcc=208&#038;declared_lan\n\n-Un mort et de nombreux bless\u00e9s dans une manifestation (vid\u00e9o) : http:\/\/newscdn.newsrep.net\/h5\/nrvideo.html?r=3&#038;lan=fr_FR&#038;pid=14&#038;id=SZb2f8a081J_fr&#038;app_lan=fr_FR&#038;mcc=208&#038;declared_lan\n\n-Les abattoirs dans le viseur des nationalistes hindous (Julien Bouissou) : http:\/\/www.lemonde.fr\/m-actu\/article\/2017\/04\/05\/les-abattoirs-dans-le-viseur-des-nationalistes-hindous_5106472_4497186.html\n\n<em>-&#8220;Les perspectives des migrations internationales&#8221; (document de l&#8217;OCDE, dont le d\u00e9partement &#8220;Migrations&#8221; est dirig\u00e9 par l&#8217;ami Jean-Christophe Dumont qui fr\u00e9quentait le lyc\u00e9e de Montreuil (93), dans la m\u00eame classe que ma fille Karine, directrice de la communication du Centre dramatique national des Amandiers de Nanterre (92) : <\/em> http:\/\/www.oecd.org\/fr\/migrations\/perspectives-des-migrations-internationales-19991258.htm\n\n<strong>CULTURE-MEDIA<\/strong>\n\n<strong>-Le capitalisme marche quand on remet les compteurs \u00e0 z\u00e9ro de temps en temps&#8221; (l&#8217;anthropologue et sociologue Paul Jorion, invit\u00e9 de &#8220;La Grande Table&#8221; d&#8217;Olivia Gesbert; son) :<\/strong> https:\/\/www.franceculture.fr\/emissions\/la-grande-table-2eme-partie\/capitalisme-bon-debarras-plaidoyer-de-paul-jorion\n\n-Culture, les propositions des candidats \u00e0 l&#8217;\u00e9lection pr\u00e9sidentielle (Eric Chaverou; sons) : https:\/\/www.franceculture.fr\/politique\/culture-les-propositions-des-candidats-la-presidentielle\n\n-&#8220;Et si on supprimait le minist\u00e8re de la Culture ?&#8221; (C\u00e9cile de Kervasdou\u00e9; sons) : https:\/\/www.franceculture.fr\/politique\/et-si-supprimait-le-ministere-de-la-culture\n\n-&#8220;Jacques Pr\u00e9vert, le libertaire exquis&#8221; (Camille Poirier) : http:\/\/www.telerama.fr\/radio\/jacques-prevert-le-libertaire-exquis-sur-france-culture,156414.php\n\n<strong>-A \u00e9couter ici : <\/strong> https:\/\/www.franceculture.fr\/emissions\/une-vie-une-oeuvre\/jacques-prevert-1900-1977-le-libertaire-exquis\n\n-Au Centre Pompidou, la gr\u00e8ve a pris fin (Christophe Jacquet) : http:\/\/www.telerama.fr\/scenes\/la-greve-a-pris-fin-au-centre-pompidou,156464.php#xtor\n\n-&#8220;Grand remue-m\u00e9nage dans les \u00e9curies du polar&#8221; (Christine Ferniot) : http:\/\/www.telerama.fr\/livre\/grand-remue-menage-dans-les-ecuries-du-polar,156447.php#xtor\n\n<strong>-&#8220;Un roman d&#8217;amour entre une Isra\u00e9lienne et un Palestinien banni des programmes scolaires&#8221; <\/strong> : http:\/\/www.lemonde.fr\/proche-orient\/article\/2016\/01\/01\/un-roman-d-amour-entre-une-israelienne-et-un-palestinien-banni-des-programmes-scolaires_4840769_3218.html?xtmc\n\n<strong>-Jusqu&#8217;au 29 mai \u00e0 La Villette, l&#8217;exposition &#8220;Afriques Capitales&#8221; (Sabine Cessou) : <\/strong> http:\/\/blog.mondediplo.net\/2017-04-05-Afriques-Capitales-quand-l-art-fait-de-la\n\n<strong>-Le diaporama de l&#8217;exposition :<\/strong> https:\/\/lavillette.com\/evenement\/festival-100-exposition-afriques-capitales\/\n\n-A Ath\u00e8nes, jusqu&#8217;au 16 juillet, &#8220;Documenta 14&#8221;, l&#8217;art inscrit dans la cit\u00e9 (Elisabeth Chardon) : https:\/\/www.letemps.ch\/culture\/2017\/04\/07\/athenes-lart-inscrit-cite?utm_source\n\n<strong>-J\u00e9r\u00e9my Lopez \u00e0 l&#8217;affiche de deux pi\u00e8ces de la Com\u00e9die fran\u00e7aise (Emilie Grangeray; vid\u00e9os) :<\/strong> http:\/\/www.lemonde.fr\/m-gens-portrait\/article\/2017\/04\/06\/jeremy-lopez-le-theatre-comme-exutoire_5106745_4497229.html\n\n-&#8220;B\u00e9r\u00e9nice Bejo se met \u00e0 nu dans &#8220;Les Trois sacres&#8221; du chor\u00e9graphe Sylvain Groud (Sophie Granel; vid\u00e9o) : http:\/\/culturebox.francetvinfo.fr\/danse\/danse-contemporaine\/berenice-bejo-se-met-a-nu-dans-les-trois-sacres-du-choregraphe-sylvain-groud-254705\n\n-G\u00e9rard Jugnot \u00e9tait l&#8217;invit\u00e9 de &#8220;Salut les Terriens&#8221; (vid\u00e9o) : http:\/\/www.c8.fr\/c8-divertissement\/ms-salut-les-terriens\/pid7527-emission.html?vid=1443807\n\n-Il \u00e9tait au &#8220;20 heures&#8221; de France 2 pour pr\u00e9senter son nouveau film &#8220;C&#8217;est beau la vie quand on y pense&#8221; (vid\u00e9o) : http:\/\/www.francetvinfo.fr\/culture\/cinema\/gerard-jugnot-acteur-et-realisateur-dans-c-est-beau-la-vie-quand-on-y-pense_2137933.html\n\n<strong>-La nouvelle collection de DVD &#8220;Edizione Maestro&#8221; d\u00e9marre en fanfare avec quatre films italiens (Laurent Delmas; son)<\/strong> : https:\/\/www.franceinter.fr\/emissions\/la-prescription-cinema-de-laurent-delmas\/la-prescription-cinema-de-laurent-delmas-08-avril-2017\n\n-&#8220;L&#8217;Op\u00e9ra, star de cin\u00e9ma&#8221; (vid\u00e9o) : http:\/\/www.france5.fr\/emissions\/entree-libre\/videos\/lopera_star_de_cinema_06-04-2017_1532585?onglet\n\n<strong>-&#8220;Les Fleurs bleues&#8221;, le dernier film d\u2019Andrzej Wajda (Fran\u00e7ois Albera; vid\u00e9o) : <\/strong> http:\/\/blog.mondediplo.net\/2017-04-06-L-interminable-realisme-socialiste\n\n<strong>-&#8220;A voix haute&#8221;, le documentaire de St\u00e9phane de Frietas et Ladj Ly sur &#8220;Eloquentia&#8221;, le concours d&#8217;\u00e9loquence qu&#8217;organise chaque ann\u00e9e l&#8217;Universit\u00e9 de Saint-Denis (93; Christine Masson et Laurent Delmas; son et vid\u00e9o) : <\/strong> https:\/\/www.franceinter.fr\/emissions\/on-aura-tout-vu\/on-aura-tout-vu-08-avril-2017\n\n<strong>-Avec Fran\u00e7ois Gorin, retrouver Peggy Lee (vid\u00e9os et sons) : <\/strong>                                http:\/\/www.telerama.fr\/musique\/peggy-lee-1-volupte-de-l-insomnie,156279.php        http:\/\/www.telerama.fr\/musique\/peggy-lee-2-rendez-vous-avec-la-lune,156407.php  http:\/\/www.telerama.fr\/musique\/peggy-lee-3-bill-jim-et-tous-les-hommes,156425.php \nhttp:\/\/www.telerama.fr\/musique\/peggy-lee-4-alors-c-est-tout,156460.php  \n\n<strong>-&#8220;M&#8221;-le Mali&#8221; (vid\u00e9o) :<\/strong> http:\/\/www.france5.fr\/emissions\/entree-libre\/videos\/-m-_le_mali_05-04-2017_1531537?onglet\n\n<strong>-&#8220;Vieilles Canailles&#8221; (Jacques Dutronc, Eddy Mitchell et Johnny Hallyday; vid\u00e9o) :<\/strong> http:\/\/www.bfmtv.com\/mediaplayer\/video\/dutronc-mitchell-et-hallyday-chantent-vieilles-canailles-sur-scene-931729.html#?xtor\n\n-Jane Birkin chante Gainsbourg, accompagn\u00e9e par un orchestre symphonique (vid\u00e9o) : http:\/\/www.lci.fr\/musique\/concerts-quand-jane-birkin-chante-gainsbourg-2044409.html%3Ftype=content\n\n<strong>-Hubert Reeves \u00e9tait l&#8217;invit\u00e9 d&#8217;Elsa Boublil dans son \u00e9mission &#8220;Musique \u00e9moi&#8221; (son) : <\/strong> https:\/\/www.francemusique.fr\/emissions\/musique-emoi\/hubert-reeves-astrophysicien-33132\n\n-&#8220;The Voice dans les lyc\u00e9es de Stasbourg&#8221; (vid\u00e9o) : http:\/\/www.lci.fr\/societe\/the-voice-dans-les-lycees-ou-presque-2044415.html%3Ftype=content\n\n-Chilly Gonzales et Jarvis Cocker (vid\u00e9o) :                                                             http:\/\/www.france5.fr\/emissions\/c-a-vous\/videos\/chilly_gonzales_jarvis_cocker_en_live_-_c_a_vous_-_07042017_07-04-2017_1533715?onglet\n\n-Yemi Alade, une des reines de l&#8217;afropop (Anne Berthod; vid\u00e9o) : http:\/\/www.telerama.fr\/sortir\/pourquoi-a-27-ans-yemi-alade-est-l-une-des-reines-de-l-afropop,156378.php\n\n<strong>-La chanson &#8220;Crazy Lazy&#8221; de David Cairol mise en image par Sylvain Chomet, le r\u00e9alisateur des &#8220;Triplettes de Belleville&#8221; (Guillemette Odicino; vid\u00e9o) : <\/strong> http:\/\/www.telerama.fr\/musique\/a-voir-sur-telerama-fr-un-clip-de-david-cairol-realise-par-sylvain-chomet,156438.php\n\n-&#8220;Monsieur Beaucaire&#8221; d&#8217;Andr\u00e9 Messager, avec l&#8217;orchestre de Radio France, sur France Culture (Sophie Bourdais; \u00e9couter ici) :\nhttps:\/\/www.franceculture.fr\/emissions\/fictions-theatre-et-cie\/monsieur-beaucaire-dandre-messager?xtmc\n\n<strong>-La t\u00e9l\u00e9vision et l&#8217;\u00e9lection pr\u00e9sidentielle (&#8220;13H15 le dimanche&#8221;; vid\u00e9o) : <\/strong> http:\/\/www.francetvinfo.fr\/replay-magazine\/france-2\/13h15\/13h15-du-dimanche-9-avril-2017_2126479.html\n\n-Et une nuit sur la communication politique (Laurence Le Saux) : http:\/\/www.telerama.fr\/radio\/une-nuit-autour-de-la-communication-politique-sur-france-culture,156435.php#xtor\n\n<strong>-A retrouver ici, en compagnie du photographe S\u00e9bastien Calvet et de Chlo\u00e9 Leprince (sons) : <\/strong> \nhttps:\/\/www.franceculture.fr\/emissions\/les-nuits-de-france-culture\/sebastien-calvet-depuis-2002-jai-vu-lenvahissement-du\nhttps:\/\/www.franceculture.fr\/emissions\/les-nuits-de-france-culture\/sebastien-calvet-le-veritable-enjeu-en-photo-cest-montrer                                                     https:\/\/www.franceculture.fr\/emissions\/les-nuits-de-france-culture\/entretien-avec-sebastien-calvet\n\n<strong>-Sur France Inter, &#8220;Le Nouveau rendez-vous&#8221; de Laurent Goumarre choisit le d\u00e9bat (Aude Dassonville; son) <\/strong> : http:\/\/www.telerama.fr\/radio\/chez-laurent-goumarre-le-debat-est-de-mise,155573.php\n\n-En \u00e9couter davantage ici : https:\/\/www.franceinter.fr\/emissions\/le-nouveau-rendez-vous\n\n<strong>-&#8220;Le plan B de France T\u00e9l\u00e9visions&#8221; (Alexandra Ackoun; son) : <\/strong> https:\/\/www.franceinter.fr\/emissions\/regard-sur-les-medias\/regard-sur-les-medias-08-avril-2017\n\n-Deux \u00e9coles de l&#8217;art \u00e0 la t\u00e9l\u00e9vision britannique (H\u00e9l\u00e8ne Rochette; vid\u00e9os) : http:\/\/television.telerama.fr\/television\/le-dandy-ou-le-pedagogue-a-houppette-deux-ecoles-de-l-art-a-la-tele-british,156200.php#xtor\n\n-&#8220;Entre Donald Trump et FoxNews, une ind\u00e9fectible histoire d&#8217;amour&#8221; (J\u00e9r\u00e9mie Maire; vid\u00e9o) : http:\/\/television.telerama.fr\/television\/entre-donald-trump-et-fox-news-une-indefectible-histoire-d-amour,156469.php#xtor\n\n-L&#8217;Internet des Poutou (Olivier B\u00e9nis; son) : https:\/\/www.franceinter.fr\/emissions\/campagne-com\/campagne-com-08-avril-2017\n\n-Les vid\u00e9os stars de Youtube (vid\u00e9o) : http:\/\/www.francetvinfo.fr\/internet\/youtube\/internet-les-videos-stars-de-youtube_2136113.html\n\n-&#8220;Fiscal Kombat&#8221;, la chasse aux oligarques gr\u00e2ce au jeu vid\u00e9o de Jean-Luc M\u00e9lenchon (vid\u00e9os) : http:\/\/tempsreel.nouvelobs.com\/presidentielle-2017\/20170407.OBS7704\/fiscal-kombat-partez-a-la-chasse-aux-oligarques-grace-au-jeu-video-de-melenchon.html#xtor\n\n-Pour en savoir plus (vid\u00e9o) : http:\/\/melenchon.fr\/2017\/04\/07\/sortie-jeu-fiscal-kombat\/\n\n<strong>-Pour jouer ici : <\/strong> http:\/\/fiscalkombat.fr\/\n\n-Le Paris-Roubaix de Raymond Devos (vid\u00e9o de l&#8217;Ina) : http:\/\/www.ina.fr\/video\/CAC96015843\n\n-La campagne \u00e9lectorale de Jean Poiret et Michel Serrault (vid\u00e9o de l&#8217;Ina; vid\u00e9o) : http:\/\/www.ina.fr\/video\/I00017267\/jean-poiret-et-michel-serrault-la-campagne-electorale-video.html\n\n<strong>-&#8220;Election pr\u00e9sidentielle&#8221; (Didier Porte; vid\u00e9o) <\/strong> : https:\/\/www.youtube.com\/watch?v=fXdR26jY29Q\n\n<strong>-&#8220;Une chanson pour sauver Fran\u00e7ois Fillon&#8221; (St\u00e9phane Guillon; vid\u00e9o) : <\/strong>          http:\/\/www.c8.fr\/c8-divertissement\/ms-salut-les-terriens\/pid8294-stephane-guillon.html?vid=1443830         \n<h2 class=\"wp-block-heading\">Documents joints<\/h2>\n\n\n\n<div class=\"wp-block-file\"><a href=\"https:\/\/wp.muchomaas.com\/wp-content\/uploads\/2017\/04\/fnetrural-1cb.pdf\">fnetrural.pdf<\/a><\/div>\n\n\n\n<div class=\"wp-block-file\"><a href=\"https:\/\/wp.muchomaas.com\/wp-content\/uploads\/2017\/04\/2012-2017-456.pdf\">2012-2017.pdf<\/a><\/div>\n\n\n","protected":false},"excerpt":{"rendered":"<p>ACTUALITE -Ces familles au faible pouvoir d&#8217;achat (vid\u00e9o) : http:\/\/www.francetvinfo.fr\/economie\/au-plus-pres-ces-familles-au-faible-pouvoir-d-achat_2136547.html#xtor=CS2-765 -A Port-Lesley dans le Jura, fermeture d&#8217;une \u00e9picerie qui est un chantier d&#8217;insertion (vid\u00e9o) : http:\/\/www.francetvinfo.fr\/economie\/emploi\/jura-fermeture-de-l-epicerie-qui-remettait-sur-les-rails-des-personnes-en-rupture-sociale_2136341.html -&#8220;Le paritarisme pour le paritarisme, non merci&#8221; (la CGT) : http:\/\/www.cgt.fr\/Le-paritarisme-pour-le-paritarisme.html -Des incidents \u00e0 Cayenne (vid\u00e9o) : http:\/\/www.francetvinfo.fr\/economie\/crise-en-guyane\/guyane-incidents-a-cayenne_2136549.html#xtor=CS2-765 -Des &#8220;500 fr\u00e8res&#8221; ont rendu visite au policier bless\u00e9 (vid\u00e9o) : [&hellip;]<\/p>\n","protected":false},"author":1042,"featured_media":0,"comment_status":"open","ping_status":"open","sticky":false,"template":"","format":"standard","meta":{"_themeisle_gutenberg_block_has_review":false,"footnotes":""},"categories":[151],"tags":[],"class_list":["post-10327","post","type-post","status-publish","format-standard","hentry","category-la-revue-de-presse-de-lulu"],"_links":{"self":[{"href":"https:\/\/archives.regards.fr\/index.php?rest_route=\/wp\/v2\/posts\/10327","targetHints":{"allow":["GET"]}}],"collection":[{"href":"https:\/\/archives.regards.fr\/index.php?rest_route=\/wp\/v2\/posts"}],"about":[{"href":"https:\/\/archives.regards.fr\/index.php?rest_route=\/wp\/v2\/types\/post"}],"author":[{"embeddable":true,"href":"https:\/\/archives.regards.fr\/index.php?rest_route=\/wp\/v2\/users\/1042"}],"replies":[{"embeddable":true,"href":"https:\/\/archives.regards.fr\/index.php?rest_route=%2Fwp%2Fv2%2Fcomments&post=10327"}],"version-history":[{"count":0,"href":"https:\/\/archives.regards.fr\/index.php?rest_route=\/wp\/v2\/posts\/10327\/revisions"}],"wp:attachment":[{"href":"https:\/\/archives.regards.fr\/index.php?rest_route=%2Fwp%2Fv2%2Fmedia&parent=10327"}],"wp:term":[{"taxonomy":"category","embeddable":true,"href":"https:\/\/archives.regards.fr\/index.php?rest_route=%2Fwp%2Fv2%2Fcategories&post=10327"},{"taxonomy":"post_tag","embeddable":true,"href":"https:\/\/archives.regards.fr\/index.php?rest_route=%2Fwp%2Fv2%2Ftags&post=10327"}],"curies":[{"name":"wp","href":"https:\/\/api.w.org\/{rel}","templated":true}]}}