{"id":10322,"date":"2017-04-08T06:04:04","date_gmt":"2017-04-08T04:04:04","guid":{"rendered":"https:\/\/wp.muchomaas.com\/article-la-revue-du-8-avril-2017\/"},"modified":"2017-04-08T06:04:04","modified_gmt":"2017-04-08T04:04:04","slug":"article-la-revue-du-8-avril-2017","status":"publish","type":"post","link":"https:\/\/archives.regards.fr\/?p=10322","title":{"rendered":"La Revue du 8 avril 2017"},"content":{"rendered":"<p><strong>ACTUALITE<\/strong><\/p>\n<p>-R\u00e9actions \u00e0 Fessenheim (vid\u00e9o) : http:\/\/www.francetvinfo.fr\/societe\/nucleaire\/nucleaire-reactions-divisees-a-fessenheim_2134531.html<\/p>\n<p>-&#8220;La fermeture en question&#8221; (vid\u00e9o) : http:\/\/www.francetvinfo.fr\/societe\/nucleaire\/fessenheim-la-fermeture-en-question_2135179.html<\/p>\n<p>-Sur la Guyane, &#8220;il faut donner un carton rouge au plan gouvernemental&#8221; (Olivier Dartigolles, porte-parole du PCF) : https:\/\/francais.rt.com\/opinions\/36471-conflit-social-guyane-il-faut-mettre-carton-rouge-plan-gouvernemental<\/p>\n<p><strong>-&#8220;Tous les voyants sont au rouge&#8221; (le rappeur Jean-Claude Cab\u00e9ria; son) : <\/strong> https:\/\/www.franceculture.fr\/emissions\/hashtag\/tous-les-voyants-sont-au-rouge#xtor<\/p>\n<p><strong>-Le Brexit inqui\u00e8te les p\u00eacheurs bretons (vid\u00e9o) : <\/strong> http:\/\/www.francetvinfo.fr\/monde\/europe\/la-grande-bretagne-et-l-ue\/brexit-l-inquietude-des-pecheurs-bretons_2135167.html<\/p>\n<p>-&#8220;On ne dit pas assez les bienfaits de l&#8217;euro&#8221; (Jean-Luc Petithuguenin, PDG de &#8220;Paprec Group&#8221;, g\u00e9ant du recyclage des d\u00e9chets; invit\u00e9 de Nicolas Pierron; vid\u00e9o) : https:\/\/www.dailymotion.com\/video\/x5hi9tk_on-ne-dit-pas-assez-les-bienfaits-qu-a-apporte-l-euro-jean-luc-petithuguenin-07-04-17_news<\/p>\n<p><strong>-&#8220;D\u00e9barrasser l&#8217;Everest de ses d\u00e9chets&#8221; (Baptiste Gaborit; son du 7 avril) : <\/strong> https:\/\/www.radioclassique.fr\/radio\/emissions\/matinale-de-radio-classique\/3-minutes-planete\/<\/p>\n<p>-Dimanche, le 115e Paris-Roubaix (Patrick Cohen; vid\u00e9o) : https:\/\/www.franceinter.fr\/emissions\/le-7h43\/le-7h43-07-avril-2017<\/p>\n<p><strong>-Le portrait des Fran\u00e7ais dans &#8220;La France vue d&#8217;ici&#8221; (vid\u00e9o) : <\/strong> http:\/\/www.francetvinfo.fr\/economie\/emploi\/metiers\/art-culture-edition\/culture-une-exposition-dresse-le-portrait-des-francais_2135213.html<\/p>\n<p><strong>POLITIQUE<\/strong><\/p>\n<p><strong>-Jean-Luc M\u00e9lenchon \u00e9tait l&#8217;invit\u00e9 de Laurent Delahousse sur France 2 (vid\u00e9o) :<\/strong>      http:\/\/www.francetvinfo.fr\/elections\/presidentielle\/direct-presidentielle-regardez-l-interview-de-jean-luc-melenchon-dans-l-entretien-politique-sur-france-2_2135077.html#xtor<\/p>\n<p><strong>-&#8220;On risque d&#8217;entrer dans une escalade extr\u00eamement dangereuse apr\u00e8s le crime de guerre qui a \u00e9t\u00e9 commis avec l&#8217;utilisation d&#8217;armes chimiques, acte insupportable. Les frappes am\u00e9ricaines ne vont pas r\u00e9gler la situation. L&#8217;urgence, c&#8217;est la paix. Tous les bellig\u00e9rants ont une part de responsabilit\u00e9, Russe compris. Raison de plus pour les mettre autour de la table des n\u00e9gociations. Il vaut toujours mieux la discussion que de faire parler les armes. Je suis contre la fermeture de Fessenheim et pour aller au bout de la construction de l&#8217;EPR. Je suis pour une transition \u00e9nerg\u00e9tique qui aboutisse \u00e0 associer \u00e9nergie nucl\u00e9aire et \u00e9nergies renouvelables qu&#8217;il convient de d\u00e9velopper. La gestion gouvernementale du dossier \u00e9nerg\u00e9tique est catastrophique. Il fait n&#8217;importe quoi. Avec Jean-Luc M\u00e9lenchon, nous avons un d\u00e9saccord sur le sujet depuis 2012. La dynamique de sa candidature est bien r\u00e9elle, il peut cr\u00e9er la surprise. Beno\u00eet Hamon pourrait le rejoindre alors qu&#8217;il est nettement devant. J&#8217;esp\u00e8re qu&#8217;on n&#8217;aura pas \u00e0 le regretter si la gauche est \u00e9limin\u00e9e du second tour&#8221; (Michel Laurent, face \u00e0 Jean-Jacques Bourdin; vid\u00e9o) : <\/strong> http:\/\/www.bfmtv.com\/mediaplayer\/video\/pierre-laurent-face-a-jean-jacques-bourdin-en-direct-931769.html<\/p>\n<p><em>-&#8220;Trump alimente l&#8217;escalade militaire&#8221; (le PCF) <\/em> : http:\/\/www.humanite.fr\/syrie-trump-alimente-lescalade-militaire-634450<\/p>\n<p><strong>-&#8220;Nous ne sommes pas des amis de Poutine. Si j&#8217;\u00e9tais Russe, je ne voterais pas pour lui, je le combattrais. Je suis oppos\u00e9 \u00e0 cette strat\u00e9gie de cow-boy de Trump, un homme dangereux. Ce n&#8217;est pas \u00e0 lui de d\u00e9cider seul ce qu&#8217;il convient de faire. Voulons-nous pr\u00e9parer une guerre contre la Russie ? Je suis pour que l&#8217;ONU, quelques soient  les auteurs de l&#8217;utilisation d&#8217;armes chimiques, les sanctionne durement. Ne banalisons pas l&#8217;explosion des salaires des grands patrons. La r\u00e9ponse de Jean-Luc M\u00e9lenchon est au carrefour des pr\u00e9occupations sociales, \u00e9cologiques et d\u00e9mocratiques. Il est rassurant, compar\u00e9 \u00e0 ce que proposent Fran\u00e7ois Fillon et Emmanuel Macron&#8221; (Alexis Corbi\u00e8re, porte-parole de Jean-Luc M\u00e9lenchon; face \u00e0 Guillaume Durand; vid\u00e9o) :<\/strong> https:\/\/www.dailymotion.com\/video\/x5hiaex_nous-ne-sommes-pas-des-amis-de-poutine-alexis-corbiere-07-04-2017_news<\/p>\n<p>-&#8220;Jean-Luc M\u00e9lenchon pourrait bient\u00f4t appara\u00eetre dans les sondages de second tour&#8221; (Mattias Guyomar, secr\u00e9taire g\u00e9n\u00e9ral de la Commission des sondages; propos recueillis par Hadrien Mathoux) : https:\/\/www.marianne.net\/politique\/presidentielle-jean-luc-melenchon-pourrait-bientot-apparaitre-dans-des-sondages-de-second<\/p>\n<p><strong>-&#8220;Il y a une rencontre entre &#8220;La France insoumise&#8221; et une bonne partie du peuple&#8221; (Charlotte Girard, ma\u00eetre de conf\u00e9rences de droit public \u00e0 l&#8217;universit\u00e9 de Nanterre, membre de l&#8217;\u00e9quipe de campagne de Jean-Luc M\u00e9lenchon; invit\u00e9e de Fr\u00e9d\u00e9ric Rivi\u00e8re; vid\u00e9o) <\/strong> : http:\/\/www.rfi.fr\/video\/20170407-charlotte-girard-il-y-une-rencontre-entre-france-insoumise-une-bonne-partie-peuple<\/p>\n<p>-Le face \u00e0 face Cl\u00e9mentine Autain, soutien de Jean-Luc M\u00e9lenchon, candidate aux \u00e9lections l\u00e9gislatives en Seine-Saint-Denis\/Bariza Chiary, s\u00e9natrice PS, soutien d&#8217;Emmanuel Macron (d\u00e9bat anim\u00e9 par Patrick Poivre d&#8217;Arvor; son du 6 avril) :  https:\/\/www.radioclassique.fr\/radio\/emissions\/le-19h20h\/grand-debat-soir\/<\/p>\n<p><strong>-&#8220;M\u00e9lenchon est devenu le vote utile de conviction \u00e0 gauche&#8221; (vid\u00e9o) : <\/strong> https:\/\/www.publicsenat.fr\/article\/politique\/melenchon-est-devenu-le-vote-utile-de-conviction-a-gauche-pour-clementine-autain<\/p>\n<p><strong>-&#8220;La logique de la guerre entra\u00eene la guerre. Agir pour agir, ce n&#8217;est pas une r\u00e9ponse. En Irak, \u00e7a n&#8217;a rien r\u00e9solu.  Il faut une coalition internationale. La France  devrait y contribuer.  Vladimir Poutine aurait d\u00fb condamner l&#8217;attaque \u00e0 l&#8217;arme chimique au lieu de mettre son veto \u00e0 l&#8217;ONU. Il a un projet imp\u00e9rialiste, il faut s&#8217;en m\u00e9fier, ce qui ne veut pas dire qu&#8217;il ne faille pas parler avec lui, ce que personne ne demande. Bachar al-Hassad, c&#8217;est une autre affaire, il est le chef sanguinaire qui agit contre son peuple&#8221;  (Cl\u00e9mentine Autain, invit\u00e9e de &#8220;Territoires d&#8217;Infos&#8221;; vid\u00e9o, amener le curseur sur 34:09) :<\/strong>  https:\/\/www.publicsenat.fr\/emission\/territoires-d-infos\/invitee-clementine-autain-56800<\/p>\n<p>-&#8220;Cerises&#8221;, num\u00e9ro 318) :   http:\/\/www.cerisesenligne.fr\/file\/archive\/cerises-318.pdf <\/p>\n<p>-&#8220;Nathalie Arthaud a \u00e9t\u00e9 excellente . Elle a r\u00e9ussi \u00e0 faire entendre les exigences du monde du travail  et \u00e0 planter le drapeau des luttes sociales.  On ne se plaint  pas, on revendique&#8221; (Jean-Pierre Mercier, porte-parole de Nathalie Arthaud; invit\u00e9 de la matinale de CNews; vid\u00e9o) :  http:\/\/www.cnews.fr\/chroniques\/linvite-de-la-newsroom\/linvite-disabelle-moreau-du-06042017-174305<\/p>\n<p><strong>-&#8220;La r\u00e9ponse am\u00e9ricaine doit \u00eatre poursuivie au niveau international, dans le cadre des Nations-Unies, si c&#8217;est possible&#8221; (Fran\u00e7ois Hollande; vid\u00e9o) : <\/strong> http:\/\/www.francetvinfo.fr\/monde\/usa\/presidentielle\/donald-trump\/video-frappe-en-syrie-la-reponse-americaine-doit-etre-poursuivie-au-niveau-international-affirme-hollande_2134399.html<\/p>\n<p>-&#8220;La d\u00e9cision de Donald Trump va dans le bon sens&#8221; (S\u00e9gol\u00e8ne Royale; vid\u00e9o) : http:\/\/www.bfmtv.com\/mediaplayer\/video\/syrie-pour-royal-la-decision-de-trump-va-dans-le-bon-sens-931739.html<\/p>\n<p><strong>-&#8220;Pour la premi\u00e8re fois, le conseil d&#8217;administration d&#8217;EDF admet la fermeture de Fessenheim. En m&#8217;appuyant sur la r\u00e9solution adopt\u00e9e, je vais donc signer le d\u00e9cret avant la fin du quinquennat et la centrale sera ferm\u00e9e en 2018, comme pr\u00e9vu. Aujourd&#8217;hui, la centrale est \u00e0 l&#8217;arr\u00eat et c&#8217;est le contribuable qui paye tout \u00e7a sur sa facture d&#8217;\u00e9lectricit\u00e9&#8221; (Elle \u00e9tait l&#8217;invit\u00e9e d&#8217;Elizabeth Martichoux et n&#8217;a pas envie de dire quel sera son vote; vid\u00e9o) : <\/strong> http:\/\/www.rtl.fr\/actu\/politique\/presidentielle-royal-macron-et-hamon-7788000975 <\/p>\n<p>-&#8220;Hollande rate sa sortie du nucl\u00e9aire&#8221; (Dominique Seux des &#8220;Echos&#8221;; son) : https:\/\/www.franceinter.fr\/emissions\/l-edito-eco\/l-edito-eco-07-avril-2017<\/p>\n<p>-&#8220;On aurait d\u00fb \u00e9couter Fran\u00e7ois Hollande en son temps qui proposait d&#8217;intervenir en Syrie. Si aujourd&#8217;hui, la communaut\u00e9 internationale veut faire bloc qu&#8217;elle le fasse, mais dans un cadre multilat\u00e9ral. Les \u00e9lus qui rejoignent Emmanuel Macron seront traduits devant la commission des conflits. Il n&#8217;y a pas de double appartenance au PS, ceux qui se pr\u00e9sentent sous l&#8217;\u00e9tiquette &#8220;En marche !&#8221; sont exclus. Nous sommes le seul parti \u00e0 ne pas avoir de dettes. Je soutiens Beno\u00eet Hamon. Je n&#8217;ai jamais vu un candidat socialiste satisfaire \u00e0 100% tous les adh\u00e9rents&#8221; (Jean-Christophe Cambad\u00e9lis face \u00e0 Fabien Namias; vid\u00e9o) : https:\/\/www.dailymotion.com\/video\/x5hi56d_syrie-emmanuel-macron-ps-jean-christophe-cambadelis-repond-aux-questions-de-fabien-namias_news<\/p>\n<p>-&#8220;Manuel Valls revient \u00e0 ses premi\u00e8res amours de la deuxi\u00e8me gauche. Je le regrette&#8221; (Luc Carvounas, s\u00e9nateur PS du Val-de-Marne; vid\u00e9o) : http:\/\/www.lcp.fr\/la-politique-en-video\/manuel-valls-revient-ses-premieres-amours-de-la-deuxieme-gauche-regrette-un-de<\/p>\n<p>-&#8220;Je vois surtout que les Etats-Unis sont dans une action que Fran\u00e7ois Hollande proposait il y a quelques ann\u00e9es&#8221; (Il \u00e9tait l&#8217;invit\u00e9 de &#8220;Politique Matin&#8221;, interrog\u00e9 par Brigitte Boucher (vid\u00e9o, amener le curseur sur 33:49) : http:\/\/www.lcp.fr\/emissions\/politique-matin\/282797-politique-matin<\/p>\n<p>-Sur RFI, avant les frappes am\u00e9ricaines en Syrie, Emmanuel Macron s&#8217;\u00e9tait exprim\u00e9 sur la politique \u00e9trang\u00e8re (face \u00e0 Anne Carpet et Christophe Boisbouvier; vid\u00e9o) :   http:\/\/www.rfi.fr\/video\/20170405-presidentielle-emmanuel-macron-s-exprime-vision-politique-etrangere   <\/p>\n<p>-&#8220;Emmanuel veut \u00e0 la fois lib\u00e9rer et prot\u00e9ger. Il y a longtemps que je sais qu&#8217;il a les capacit\u00e9s pour \u00eatre pr\u00e9sident. Il a gagn\u00e9 beaucoup de points hier soir&#8221; (Fran\u00e7ois Patriat, s\u00e9nateur de C\u00f4te-d&#8217;Or qui a quitt\u00e9 le PS; invit\u00e9 de &#8220;Politique matin&#8221;, face \u00e0 Brigitte Boucher; vid\u00e9o, amener le curseur sur 8:11) : http:\/\/www.lcp.fr\/emissions\/politique-matin\/282797-politique-matin<\/p>\n<p>-&#8220;L&#8217;ombre d&#8217;un doute&#8221; (Alba Ventura; vid\u00e9o) : http:\/\/www.rtl.fr\/actu\/politique\/presidentielle-2017-macron-l-ombre-d-un-doute-analyse-alba-ventura-7788000119<\/p>\n<p>-&#8220;Un inconnu, il y a deux ans&#8221; (Thomas Legrand; son) : https:\/\/www.franceinter.fr\/emissions\/l-edito-politique\/l-edito-politique-07-avril-2017<\/p>\n<p>-&#8220;La frappe am\u00e9ricaine en Syrie ne doit pas conduire \u00e0 une confrontation, ce serait un terrible danger pour la paix&#8221; (Fran\u00e7ois Fillon) : http:\/\/www.francetvinfo.fr\/monde\/revolte-en-syrie\/attaque-chimique-en-syrie\/la-frappe-americaine-en-syrie-ne-doit-pas-conduire-a-une-confrontation-ce-serait-un-danger-pour-la-paix-selon-fillon_2134411.html<\/p>\n<p>-&#8220;Je ne suis pas venu \u00e0 Strasbourg parler boulangerie mais culture&#8221; (vid\u00e9o) : http:\/\/www.lcp.fr\/la-politique-en-video\/francois-fillon-je-ne-suis-pas-venu-strasbourg-parler-boulangerie-mais-culture<\/p>\n<p><strong>-Cabinet noir, la contre-attaque d&#8217;un haut magistrat (Emmanuel Fansten) : <\/strong> http:\/\/www.liberation.fr\/france\/2017\/04\/06\/cabinet-noir-la-contre-attaque-d-un-haut-magistrat_1560967?utm_campaign<\/p>\n<p>-&#8220;Pour Fran\u00e7ois Fillon, le pire est pass\u00e9, mais la progression n&#8217;est pas garantie&#8221; (Alain Duhamel; vid\u00e9o) : http:\/\/www.rtl.fr\/actu\/politique\/alain-duhamel-pour-francois-fillon-le-pire-est-passe-mais-le-progres-n-est-pas-garanti-7787995708<\/p>\n<p>-&#8220;Emmanuel Macron est un gamin qui n&#8217;y conna\u00eet rien. Je n&#8217;ai rien compris \u00e0 sa position sur la Syrie&#8221; (Bernard Debr\u00e9, d\u00e9put\u00e9 LR de Paris; vid\u00e9o) : https:\/\/www.publicsenat.fr\/article\/politique\/emmanuel-macron-un-gamin-qui-n-y-connait-rien-attaque-bernard-debre-58384<\/p>\n<p>-Son lapsus (vid\u00e9o) : http:\/\/www.lcp.fr\/la-politique-en-video\/il-y-une-volonte-de-francois-fillon-de-nuire-la-droite-le-lapsus-de-bernard<\/p>\n<p>-&#8220;Je ne voudrais pas qu&#8217;on nous refasse le coup de l&#8217;Irak ou de la Libye, pour \u00e0 la fin, avoir le chaos, une situation pire qu&#8217;avant&#8221; (Nicolas Dupont-Aignan; vid\u00e9o) :  http:\/\/www.bfmtv.com\/mediaplayer\/video\/frappes-en-syrie-dupont-aignan-ne-veut-pas-qu-on-nous-refasse-le-coup-de-l-irak-ou-de-la-libye-932021.html<\/p>\n<p>-Il \u00e9tait l&#8217;invit\u00e9 de Jean-Pierre Elkabbach sur CNews (vid\u00e9o) : http:\/\/www.cnews.fr\/chroniques\/linterview-de-jean-pierre-elkabbach\/nicolas-dupont-aignan-invite-de-jean-pierre-elkabbach-174332<\/p>\n<p>-&#8220;Une fois de plus, on promet des choses  qu&#8217;on ne fera pas. Elu, aucun n&#8217;ira au bout de son mandat&#8221; (Jean Lassalle interrog\u00e9 par Alain Passeret; vid\u00e9o) : http:\/\/www.dailymotion.com\/video\/x5hfju5_jean-lassalle-est-l-invite-de-la-page-presidentielle-du-13h_news<\/p>\n<p>-&#8220;Pour l&#8217;instant, je n&#8217;ai qu&#8217;une popularit\u00e9 relative, je suis \u00e0 1% dans les sondages mais ces 1% sont hyperactifs. Je suis un coureur moyen sur le plat, mon terrain ce sont les cols, ils arrivent&#8221; (Il \u00e9tait l&#8217;invit\u00e9 de la matinale de CNews; vid\u00e9o) : http:\/\/www.cnews.fr\/chroniques\/linvite-de-la-newsroom\/linvite-disabelle-moreau-du-06042017-174297<\/p>\n<p>-&#8220;C&#8217;\u00e9tait trop demander que d&#8217;attendre  les r\u00e9sultats d&#8217;une enqu\u00eate internationale ? Je suis un peu \u00e9tonn\u00e9e parce que M. Trump avait indiqu\u00e9 \u00e0 plusieurs reprises qu&#8217;il n&#8217;entendait plus faire des Etats-Unis le gendarme du monde, et  c&#8217;est exactement ce qu&#8217;il a fait hier. Ce qui s&#8217;est pass\u00e9 est \u00e9pouvantable. Il faut respecter  la souverainet\u00e9 des Etats et des peuples. Il faut permettre au peuple syrien de faire son choix. On a vu ce que cela donnait de choisir \u00e0 la place du peuple en Irak et en Libye. Mon \u00e9lection permettra l&#8217;ouverture d&#8217;une grande n\u00e9gociation sur l&#8217;avenir de l&#8217;Europe&#8221; (Marine Le Pen, face \u00e0 Jeff Wittenberg; vid\u00e9o) : http:\/\/www.france2.fr\/emissions\/telematin\/actu\/les-4-verites-marine-le-pen_564179<\/p>\n<p>-&#8220;J&#8217;aurais pr\u00e9f\u00e9r\u00e9 une enqu\u00eate internationale ind\u00e9pendante plut\u00f4t qu&#8217;une frappe. C&#8217;est un peu facile de jeter l&#8217;opprobe et d&#8217;insulter sans apporter de preuve. Il y a eu de l&#8217;enthousiasme g\u00e9n\u00e9ralis\u00e9 parce qu&#8217;il (Philippe Poutou) est venu en pyjama et qu&#8217;il ne s&#8217;\u00e9tait pas ras\u00e9. J&#8217;ai toujours dit que je ne ferai pas de la politique toute ma vie&#8221; (Marion Mar\u00e9chal-Le Pen, d\u00e9put\u00e9e FN du Vaucluse; invit\u00e9e de la matinale de Franceinfo; vid\u00e9o) :  https:\/\/www.youtube.com\/watch?v=MGeP1lqxapw<\/p>\n<p>-Marine Le Pen s&#8217;exprime sur la culture : http:\/\/culturebox.francetvinfo.fr\/culture\/le-programme-culturel-des-candidats\/presidentielle-2017-le-programme-culturel-de-marine-le-pen-254615<\/p>\n<p>-&#8220;Nous sommes contre la fermeture de Fessenheim et pour le maintien de la fili\u00e8re nucl\u00e9aire&#8221; (Wallerand de Saint-Just, tr\u00e9sorier du FN; face \u00e0 Olivier Galzi; vid\u00e9o) : http:\/\/www.cnews.fr\/chroniques\/linvite-dolivier-galzi\/wallerand-de-saint-just-invite-dolivier-galzi-174324<\/p>\n<p>-&#8220;Cette frappe militaire risque de mettre la Syrie dans une situation beaucoup plus grave qu&#8217;elle ne l&#8217;est&#8221; (Jean-Lin Lacapelle, conseiller r\u00e9gional FN d&#8217;Ile-de-France; face \u00e0 Jean-Pierre Elkabbach; vid\u00e9o) : http:\/\/www.cnews.fr\/chroniques\/linterview-de-jean-pierre-elkabbach\/jean-lin-lacapelle-invite-de-jean-pierre-elkabbach-174336<\/p>\n<p>-&#8220;Clairement, Emmanuel Macron a cherch\u00e9 \u00e0 s\u00e9duire les \u00e9lecteurs de droite qu&#8217;il ne veut pas laisser partir. Son cap est de se situer du c\u00f4t\u00e9 du social-lib\u00e9ralisme assum\u00e9. Son face \u00e0 face avec le r\u00e9alisateur Fran\u00e7ois Ruffin l&#8217;y a aid\u00e9&#8221; (Guillaume Tabard du &#8220;Figaro&#8221;; son du 7 avril) : https:\/\/www.radioclassique.fr\/radio\/emissions\/matinale-de-radio-classique\/22630-2\/<\/p>\n<p><strong>-Cette intervention en Syrie, &#8220;moi, j&#8217;en pense plut\u00f4t du bien. Trump, m\u00eame s&#8217;il est impr\u00e9visible, vient d&#8217;endosser d&#8217;un coup le costume pr\u00e9sidentiel&#8221; (G\u00e9rard Leclerc, sur &#8220;Radio classique&#8221;; vid\u00e9o) <\/strong> : https:\/\/www.dailymotion.com\/video\/x5hibmp_trump-vient-d-endosser-le-costume-presidentiel-gerard-leclerc-07-04-2017_news<\/p>\n<p><strong>-La matinale de France Inter, depuis  Roubaix (vid\u00e9o) : <\/strong> http:\/\/www.dailymotion.com\/video\/x5hi6px_france-inter-matinale-en-direct-et-en-public-a-roubaix_news<\/p>\n<p><strong>-Les r\u00e9ponses aux questions du public (vid\u00e9o) : <\/strong> http:\/\/www.dailymotion.com\/video\/x5hi91g_matinale-de-franec-inter-en-direct-de-roubaix-les-questions-du-public_news<\/p>\n<p><strong>-&#8220;A Roubaix, abstention ne veut pas dire d\u00e9politisation&#8221; (un reportage de Claire Chaudi\u00e8re; son) : <\/strong> https:\/\/www.franceinter.fr\/emissions\/le-zoom-de-la-redaction\/le-zoom-de-la-redaction-07-avril-2017<\/p>\n<p>-La r\u00e9action des candidats aux frappes am\u00e9ricaines (vid\u00e9o) : http:\/\/www.francetvinfo.fr\/monde\/revolte-en-syrie\/frappe-americaine-en-syrie\/presidentielle-les-reactions-des-candidats-face-aux-frappes-americaines_2135205.html<\/p>\n<p><em>-La pr\u00e9sidentielle tourne au match \u00e0 quatre (ODOXA) : <\/em> http:\/\/www.odoxa.fr\/sondage\/redevient-possible-presidentielle-tourne-match-a-quatre\/<\/p>\n<p><em>-Les intentions de vote \u00e0 l&#8217;\u00e9lection pr\u00e9sidentielle (BVA) :<\/em> http:\/\/www.lunion.fr\/24766\/article\/2017-04-07\/sondage-presidentielle-jean-luc-melenchon-le-troisieme-homme<\/p>\n<p><em>-Le m\u00eame (HARRIS) <\/em>  : http:\/\/harris-interactive.fr\/opinion_polls\/intentions-de-vote-pour-lelection-presidentielle\/<\/p>\n<p><em>-Les intentions de vote au 7 avril (OPINION-WAY) : <\/em> https:\/\/www.lesechos.fr\/elections\/presidentielle-2017\/0211739192332-sondage-le-suivi-quotidien-de-la-presidentielle-2062937.php<\/p>\n<p><em>-Le m\u00eame (IFOP) :<\/em> http:\/\/dataviz.ifop.com:8080\/HNS\/HNSAdmin\/start.appli?appid=60930&#038;logonUser=USERWEB&#038;logonPswcd=ZnJhbmNvaXNF<\/p>\n<p><em>-La synth\u00e8se hebdomadaire (IFOP) : <\/em> http:\/\/www.ifop.com\/?option=com_publication&#038;type=poll&#038;id=3723<\/p>\n<p><strong>EUROPE-MONDE<\/strong><\/p>\n<p><strong>-Les r\u00e9actions en Europe aux frappes am\u00e9ricaines (vid\u00e9o) : <\/strong> http:\/\/www.francetvinfo.fr\/monde\/revolte-en-syrie\/frappe-americaine-en-syrie\/frappes-americaines-en-syrie-la-russie-condamne-leurope-soutient_2135191.html<\/p>\n<p>-&#8220;Le contr\u00f4le syst\u00e9matique des Europ\u00e9ens aux fronti\u00e8res ext\u00e9rieures commence&#8221; :<br \/>\nhttp:\/\/www.euractiv.fr\/section\/monde\/news\/le-controle-systematique-des-europeens-aux-frontieres-exterieures-commence\/?nl_ref<\/p>\n<p><strong>-La Su\u00e8de attaqu\u00e9e (vid\u00e9os) :<\/strong> http:\/\/www.francetvinfo.fr\/monde\/europe\/attaque-au-camion-belier-a-stockholm\/terrorisme-la-suede-attaquee_2135163.html             http:\/\/www.francetvinfo.fr\/monde\/europe\/attaque-au-camion-belier-a-stockholm\/terrorisme-stockholm-sous-le-choc_2135151.html<\/p>\n<p>-L&#8217;Europe du Sud tiendra un sommet le 10 avril pour parler du Brexit : http:\/\/www.euractiv.fr\/section\/avenir-de-l-ue\/news\/leurope-du-sud-tient-son-sommet-a-madrid-pour-parler-du-brexit\/?nl_ref<\/p>\n<p>-&#8220;L&#8217;Europe pointe une population carc\u00e9rale end\u00e9mique en France : http:\/\/www.euractiv.fr\/section\/justice-affaires-interieures\/news\/leurope-pointe-une-surpopulation-carcerale-endemique-en-france\/?nl_ref<\/p>\n<p>-&#8220;Bruxelles promet d&#8217;accompagner l&#8217;essor des voitures sans conducteur&#8221; (Dave Keating) : http:\/\/www.euractiv.fr\/section\/economie\/news\/eu-commission-drives-home-merits-of-autonomous-vehicles\/?nl_ref<\/p>\n<p><strong>-L&#8217;Islande impose par la loi l&#8217;\u00e9galit\u00e9 salariale entre les hommes et les femmes, une premi\u00e8re au monde (Hughes Beaudoin; son du 6 avril) : <\/strong> https:\/\/www.radioclassique.fr\/radio\/emissions\/le-19h20h\/24h-en-europe\/<\/p>\n<p>-L&#8217;ETA  d\u00e9pose les armes. En Grande Bretagne, Jeremy Corbyn veut des repas gratuit s\u00e0 l&#8217;\u00e9cole (vid\u00e9o) : http:\/\/www.francetvinfo.fr\/monde\/espagne\/l-eurozapping-l-eta-depose-les-armes-corbyn-veut-des-repas-gratuits-a-l-ecole_2134473.html<\/p>\n<p>-&#8220;Hassad a arrach\u00e9 la vie d&#8217;hommes, femmes et enfants sans d\u00e9fense. Toutes les nations civilis\u00e9es devraient nous rejoindre pour arr\u00eater le bain de sang&#8221; (Donald Trump, cit\u00e9 par Maxime Bourdeau; vid\u00e9o) : http:\/\/www.huffingtonpost.fr\/2017\/04\/06\/donald-trump-a-ordonne-une-frappe-en-syrie-car-assad-a-arrache_a_22029481\/?utm_hp_ref<\/p>\n<p>-&#8220;Des frappes pour mettre fin au massacre&#8221; (vid\u00e9o) : http:\/\/www.francetvinfo.fr\/monde\/usa\/presidentielle\/donald-trump\/video-donald-trump-ordonne-une-frappe-en-syrie-et-appelle-toutes-les-nations-civilisees-a-le-rejoindre_2134247.html<\/p>\n<p>-&#8220;Soutien total&#8221; (Benyamin Netanyahu, cit\u00e9 par Franck Genauzeau; vid\u00e9o) : http:\/\/www.francetvinfo.fr\/monde\/revolte-en-syrie\/frappe-americaine-en-syrie\/frappes-americaines-en-syrie-les-reactions-au-proche-orient_2134523.html<\/p>\n<p>-&#8220;Personne ne sait quelle est la strat\u00e9gie de Donald Trump&#8221; (Jacques Cardoze; vid\u00e9o) :  http:\/\/www.francetvinfo.fr\/monde\/usa\/presidentielle\/donald-trump\/frappes-americaines-en-syrie-quelles-consequences_2134519.html<\/p>\n<p>-&#8220;Une agression contre un \u00e9tat souverain&#8221; (Vladimir Poutine; vid\u00e9o) : http:\/\/www.huffingtonpost.fr\/2017\/04\/06\/donald-trump-a-ordonne-une-frappe-en-syrie-car-assad-a-arrache_a_22029481\/?utm_hp_ref<\/p>\n<p>-&#8220;M. Poutine, qui ne conna\u00eet que les rapports de force,  a compris qu&#8217;avec M. Trump, les r\u00e8gles du jeu ont chang\u00e9. A la Russie, qui avait la position de force, Donald Trump dit qu&#8217;il est capable d&#8217;avoir un ascendant. C&#8217;est un rapport de force psychologique entre M. Trump et M. Poutine&#8221; (le g\u00e9n\u00e9ral Dominique Trinquant; vid\u00e9o) : http:\/\/www.bfmtv.com\/mediaplayer\/video\/frappes-americaines-en-syrie-poutine-a-compris-que-avec-trump-les-regles-du-jeu-ont-change-931715.html<\/p>\n<p>-Il \u00e9tait l&#8217;invit\u00e9 de la matinale de CNews (vid\u00e9o) : http:\/\/www.cnews.fr\/chroniques\/linvite-de-la-newsroom\/linvite-de-la-newsroom-du-07042017-174340<\/p>\n<p>-&#8220;Le dernier des crimes de Bachar al-Assad laisse les Etats-Unis et la Russie face \u00e0 face&#8221; (Bernard Guetta) : https:\/\/www.franceinter.fr\/emissions\/geopolitique\/geopolitique-07-avril-2017<\/p>\n<p><strong>-&#8220;Trump a montr\u00e9 qu&#8217;il n&#8217;\u00e9tait pas Obama&#8221; (Fran\u00e7ois Heisbourg de la Fondation pour la recherche strat\u00e9gique; vid\u00e9o) : <\/strong><br \/>\n<iframe loading=\"lazy\" title=\"Fran\u00e7ois Heisbourg sur la Syrie : &quot;Trump a montr\u00e9 qu&#039;il n&#039;\u00e9tait pas Obama&quot;\" frameborder=\"0\" width=\"500\" height=\"283\" src=\"https:\/\/geo.dailymotion.com\/player.html?video=x5hiz35&#038;\" allowfullscreen allow=\"autoplay; fullscreen; picture-in-picture; web-share\"><\/iframe><\/p>\n<p>-Arnold Schwarzenegger d\u00e9nonce les coupes budg\u00e9taires dans l&#8217;\u00e9ducation (vid\u00e9o) : http:\/\/www.francetvinfo.fr\/monde\/usa\/presidentielle\/donald-trump\/arnold-schwarzenegger-charge-donald-trump-sur-ses-coupes-budgetaires-dans-leducation_2135075.html<\/p>\n<p><em>-&#8220;L&#8217;exp\u00e9rience am\u00e9ricaine dans la sant\u00e9 des &#8220;Accountables Care Organizations&#8221; (Julien Mousqu\u00e8s et Marie-Camille Lenormand; document) : <\/em> http:\/\/www.irdes.fr\/recherche\/questions-d-economie-de-la-sante\/227-l-experience-americaine-des-accountable-care-organizations-des-enseignements-pour-la-france.pdf<\/p>\n<p><strong>CULTURE-MEDIAS<\/strong><\/p>\n<p><strong>-&#8220;La mythologie de notre d\u00e9mocratie&#8221; ( le philosophe Matthieu Niango, invit\u00e9 d&#8217;Ali Baddou; vid\u00e9o)<\/strong> :  http:\/\/www.dailymotion.com\/video\/x5hi3bz_matthieu-niango-repond-aux-questions-d-ali-baddou_news<\/p>\n<p>-&#8220;Armand Gatti, un parcours dans le si\u00e8cle&#8221; (Emmanuelle Bouchez) : http:\/\/www.telerama.fr\/scenes\/armand-gatti-un-parcours-dans-le-siecle,156452.php#xtor<\/p>\n<p>-Zo\u00e9 Sfez en fait le portrait. Elle \u00e9voque ensuite le d\u00e9luge de critiques qui s&#8217;abat sur le film de Philippe de Chauveron &#8220;A Bras ouvert&#8221;  (son et vid\u00e9os) : https:\/\/www.franceculture.fr\/emissions\/le-journal-de-la-culture\/cinema-deluge-de-critiques-pour-bras-ouvert-de-philippe-de#xtor<\/p>\n<p><strong>-Retrouvez-le dans l&#8217;\u00e9mission &#8220;Des mots de minuit&#8221; du 19 avril 2000 (vid\u00e9o) : <\/strong> http:\/\/culturebox.francetvinfo.fr\/des-mots-de-minuit\/videotheque\/dmdm-29-nous-sommes-l-agonie-d-une-etoile-armand-gatti-243499<\/p>\n<p>-Le fondateur de &#8220;La Parole errante&#8221; \u00e0 Montreuil (93; Elsa Marnette) : http:\/\/www.leparisien.fr\/montreuil-93100\/montreuil-que-va-devenir-la-salle-de-spectacles-la-parole-errante-02-02-2017-6650274.php#<\/p>\n<p>-Aur\u00e9lien Masson quitte &#8220;La S\u00e9rie noire&#8221; de Gallimard qu&#8217;il dirigeait pour cr\u00e9er un label polar aux Ar\u00e8nes (Christine Ferniot) : http:\/\/www.telerama.fr\/livre\/aurelien-masson-sort-de-la-serie-noire-et-entre-aux-arenes,156433.php#xtor<\/p>\n<p><strong>-A Chinon, en Indre-et-Loire, sur les traces de Rabelais (vid\u00e9o) : <\/strong> http:\/\/www.francetvinfo.fr\/economie\/emploi\/metiers\/art-culture-edition\/fenetre-sur-chinon-et-les-traces-de-rabelais_2134857.html<\/p>\n<p><strong>-La journaliste Tina Kieffer, qui lutte contre la prostitution des jeunes filles au Cambodge, \u00e9tait l&#8217;invit\u00e9e de &#8220;Passion classique&#8221; d&#8217;Olivier Bellamy; son du 6 avril) :<\/strong><br \/>\nhttps:\/\/www.radioclassique.fr\/radio\/emissions\/passion-classique\/<\/p>\n<p>-La pr\u00e9sidentielle se joue aussi au th\u00e9\u00e2tre (vid\u00e9o) : http:\/\/culturebox.francetvinfo.fr\/theatre\/comedie\/la-presidentielle-se-joue-aussi-au-theatre-pour-rire-et-reflechir-254623<\/p>\n<p><strong>-L&#8217;empreinte culturelle des pr\u00e9sidents (vid\u00e9o) : <\/strong> http:\/\/www.francetvinfo.fr\/culture\/culture-l-empreinte-des-presidents_2135169.html<\/p>\n<p><strong>-&#8220;La N\u00e9gociation&#8221;, un documentaire haletant de Nicolas Frank sur la politique agricole commune&#8221;. A voir ici jusqu&#8217;au 30 avril (Isabelle Poitte; vid\u00e9o) : <\/strong> http:\/\/television.telerama.fr\/television\/la-negociation-un-documentaire-haletant-sur-la-politique-agricole-commune,156197.php#xtor<\/p>\n<p>-Jusqu&#8217;au 29 avril, la Cin\u00e9math\u00e8que de Paris consacre une r\u00e9trospective \u00e0 Jacques Becker (Jacques Morice; vid\u00e9os) : http:\/\/www.telerama.fr\/cinema\/jacques-becker-un-classique-moderne-a-la-cinematheque,156410.php#xtor<\/p>\n<p>-Le r\u00e9alisateur Jacques Pinoteau est mort \u00e0 93 ans (vid\u00e9o) : http:\/\/culturebox.francetvinfo.fr\/cinema\/stars\/le-realisateur-jacques-pinoteau-est-mort-a-93-ans-254621<\/p>\n<p>-Le Festival &#8220;Cin\u00e9ma du r\u00e9el&#8221; r\u00e9compense doublement &#8220;Derniers jours \u00e0 Shibati&#8221; d&#8217;Hendrick Dussolier (Fran\u00e7ois Ekchajzer; vid\u00e9os) : http:\/\/television.telerama.fr\/television\/derniers-jours-a-shibati-un-bijou-de-grace-et-d-emotion-dans-la-pure-tradition-du-cinema-du-reel,156389.php#xtor<\/p>\n<p>-A Bordeaux, jusqu&#8217;au 9 avril, le Festival &#8220;Musical \u00e9cran&#8221; (Odile Morain; vid\u00e9os) : http:\/\/culturebox.francetvinfo.fr\/cinema\/documentaire\/musical-ecran-quand-la-musique-devient-la-star-du-documentaire-254627<\/p>\n<p><strong>-Jusqu&#8217;\u00e0 dimanche 6 heures, ici, en direct du Festival &#8220;Arte concert&#8221; \u00e0 la Ga\u00eet\u00e9 lyrique (Christophe Jacquet; vid\u00e9o)<\/strong> : http:\/\/concert.arte.tv\/fr\/arte-concert-festival-la-gaite-lyrique-livestream<\/p>\n<p><strong>-&#8220;Amomali&#8221; (son nouvel album) est un hommage aux signes int\u00e9rieurs de richesse&#8221; (Matthieu Chedid; propos recueillis par Laure Narlian; vid\u00e9os) : <\/strong> http:\/\/culturebox.francetvinfo.fr\/musique\/pop\/matthieu-chedid-lamomali-est-un-hommage-aux-signes-interieurs-de-richesse-254629<\/p>\n<p> &#8220;Le Gnaoua Tour&#8221; \u00e9tait au Bataclan (vid\u00e9o) :<br \/>\n http:\/\/www.rfi.fr\/video\/20170407-le-gnaoua-tour-chante-vie-bataclan    <\/p>\n<p><strong>-&#8220;Aux chansons et aux chanteurs qui ont un lien avec Roubaix&#8221; (Didier Varrot; vid\u00e9o) <\/strong> :   https:\/\/www.franceinter.fr\/emissions\/pop-co\/pop-co-07-avril-2017<\/p>\n<p><strong>-&#8220;Ce que le djazz fait \u00e0 ma djambe&#8221; (le spectacle de Jacques Gamblin au th\u00e9\u00e2tre de l&#8217;Atelier; vid\u00e9o int\u00e9grale) <\/strong> : http:\/\/culturebox.francetvinfo.fr\/musique\/jazz-blues\/ce-que-le-djazz-fait-a-ma-djambe-de-jacques-gamblin-253455<\/p>\n<p><strong>-Jusqu&#8217;\u00e0 demain, rap et \u00e9lectro \u00e0 la 20e \u00e9dition du Festival de Morlaix &#8220;Panoramas&#8221; (Erwan Perron; sons et vid\u00e9os) :<\/strong> http:\/\/www.telerama.fr\/musique\/festival-panoramas-5-artistes-rap-et-electro-a-suivre,156269.php#xtor<\/p>\n<p><em>-Les Fran\u00e7ais et la musique (BVA) :<\/em> http:\/\/www.bva-group.com\/sondages\/3056-2\/<\/p>\n<p><strong>-Le Conseil r\u00e9gional de Normandie, pr\u00e9sid\u00e9 par l&#8217;UDI Herv\u00e9 Morin, d\u00e9branche les concerts gratuits \u00e0 Rouen (Christophe Jacquet)<\/strong> : http:\/\/www.telerama.fr\/scene\/la-normandie-debranche-ses-concerts-gratuits-a-rouen,156244.php#xtor<\/p>\n<p>-Le DJ mixeur de l&#8217;appel \u00e0 la pri\u00e8re, condamn\u00e9 \u00e0 un an de prison en Tunisie (vid\u00e9o) : http:\/\/culturebox.francetvinfo.fr\/musique\/electro\/le-dj-mixeur-de-l-appel-a-la-priere-condamne-a-un-an-de-prison-en-tunisie-254635<\/p>\n<p>-Jusqu&#8217;au 9 avril, la 22e \u00e9dition du Festival des jeunes cr\u00e9ateurs de mode \u00e0 Dinan (Corinne Jeammet; vid\u00e9o) : http:\/\/culturebox.francetvinfo.fr\/mode\/createurs\/10-talents-en-quete-de-notoriete-au-festival-des-createurs-de-mode-de-dinan-254475<\/p>\n<p>-Les &#8220;Rencontres du 9e art&#8221; d&#8217;Aix-en-Provence s&#8217;ach\u00e8vent demain (Laurence Le Saux) : http:\/\/www.telerama.fr\/livre\/d-allechantes-rencontres-du-9e-art-a-aix-en-provence,156450.php#xtor<\/p>\n<p>-A l&#8217;Aquarium de Paris, les artistes se mobilisent pour la d\u00e9fense des oc\u00e9ans : http:\/\/culturebox.francetvinfo.fr\/le-blog-de-thierry-hay\/2017\/04\/06\/a-laquarium-de-paris-les-artistes-se-mobilisent-pour-la-defense-des-oceans.html<\/p>\n<p>-Jusqu&#8217;en mai, huit expositions photo \u00e0 d\u00e9couvrir \u00e0 Paris (Fr\u00e9d\u00e9rique Chapuis) : http:\/\/www.telerama.fr\/sortir\/huit-expositions-photo-a-decouvrir-d-urgence-a-paris,156405.php#xtor<\/p>\n<p><strong>-Le graffeur Jef A\u00e9rosol \u00e9tait l&#8217;invit\u00e9 d&#8217;Augustin Trapenard (son) : <\/strong> https:\/\/www.franceinter.fr\/emissions\/boomerang\/boomerang-07-avril-2017<\/p>\n<p>-Un entretien avec le youtubeur politique Jean Massiet, fondateur de la cha\u00eene &#8220;Accropolis&#8221; (r\u00e9alis\u00e9 par Xavier Thomann; vid\u00e9os) : http:\/\/www.telerama.fr\/presidentielle-2017\/en-direct-entretien-avec-le-youtubeur-politique-jean-massiet-de-la-chaine-accropolis,156421.php#xtor<\/p>\n<p>-La photo qui choque en une de &#8220;Lib\u00e9ration&#8221; (Yasmine Youssi) : http:\/\/www.telerama.fr\/medias\/les-enfants-d-assad-en-une-de-libe-quand-la-photo-choque,156442.php#xtor<\/p>\n<p><strong>-Debbie Reynold, l&#8217;h\u00e9ro\u00efne de &#8220;Chantons sous la pluie&#8221;, sur France Musique dans l&#8217;\u00e9mission de Laurent Vali\u00e8re &#8220;42e Rue&#8221; (Laurence Le Saux; \u00e0 \u00e9couter ici) : <\/strong> http:\/\/www.telerama.fr\/radio\/debbie-reynold-savait-chanter-sous-la-pluie,155576.php#xtor<\/p>\n<p>-3,6 millions de t\u00e9l\u00e9spectateurs pour &#8220;L&#8217;Emission politique&#8221; avec Emmanuel Macron, un peu moins qu&#8217;avec Marine Le Pen :http:\/\/tvmag.lefigaro.fr\/programme-tv\/audiences-record-d-audience-pour-l-emission-politique-avec-emmanuel-macron_ff657352-1b62-11e7-88d6-e7c3ba8773d7\/ <\/p>\n<p><em>-Le sondage r\u00e9alis\u00e9 pour l&#8217;\u00e9mission (HARRIS) <\/em> : http:\/\/harris-interactive.fr\/opinion_polls\/httpharris-interactive-frwp-contentuploadssites6201704rapport-harris-emission-politique-du-0604-avec-emmanuel-macron-france-televisions-pdf\/<\/p>\n<p>-&#8220;On n&#8217;est pas couch\u00e9&#8221; de Laurent Ruquier perd du terrain (Marc Baudriller; son du 7 avril) : https:\/\/www.radioclassique.fr\/radio\/emissions\/matinale-de-radio-classique\/la-vie-des-medias\/<\/p>\n<p>-Pourquoi n&#8217;y a-t-il pas d&#8217;\u00e9missions sur les matchs de l&#8217;\u00e9quipe de France de football ? (Philippe Vandel; vid\u00e9o, amener le curseur sur 3:15) : https:\/\/www.franceinter.fr\/emissions\/l-instant-m\/l-instant-m-07-avril-2017<\/p>\n<p>-Fran\u00e7ois Fillon en dessins (vid\u00e9o) : http:\/\/www.francetvinfo.fr\/politique\/francois-fillon\/video-le-portrait-de-francois-fillon-en-dessins_2134949.html<\/p>\n<p><strong>-&#8220;Le Brexit, c&#8217;est vraiment Titanic&#8221; (Maxence Sorel; vid\u00e9o en anglais) : <\/strong> http:\/\/www.telerama.fr\/monde\/le-brexit-c-est-vraiment-titanic,156451.php#xtor<\/p>\n<p>-&#8220;Mobilisez-vous pour les socialos du coeur&#8221; (Laurent Gerra; son) : http:\/\/www.rtl.fr\/actu\/societe-faits-divers\/laurent-gerra-imitant-gerard-holtz-mobilisez-vous-pour-les-socialos-du-coeur-7788002603<\/p>\n<p><strong>-Le joueur de billard (Louis De Fun\u00e8s) : <\/strong><br \/>\n<iframe loading=\"lazy\" title=\"Louis De Funes playing Billiards\" width=\"500\" height=\"375\" src=\"https:\/\/www.youtube.com\/embed\/RISdWAMU8WE?feature=oembed\" frameborder=\"0\" allow=\"accelerometer; autoplay; clipboard-write; encrypted-media; gyroscope; picture-in-picture; web-share\" referrerpolicy=\"strict-origin-when-cross-origin\" allowfullscreen><\/iframe><\/p>\n<p><strong>-&#8220;Les conseils \u00e0 Fran\u00e7ois Fillon des communicants  de l&#8217;agence WinWin&#8221; (Charline Vanhoenacker et Guillaume Meurice; vid\u00e9o) <\/strong> : https:\/\/www.franceinter.fr\/emissions\/le-billet-de-charline-vanhoenacker\/le-billet-de-charline-vanhoenacker-06-avril-2017<\/p>\n<p><strong>-&#8220;Alex Vizorek pr\u00e9sente ses excuses&#8221; (vid\u00e9o) : <\/strong> https:\/\/www.franceinter.fr\/emissions\/le-billet-d-alex-vizorek\/le-billet-d-alex-vizorek-07-avril-2017<\/p>\n<p><strong>-&#8220;Modeste&#8221; (Fran\u00e7ois Morel; son) : <\/strong>                                                        https:\/\/www.franceinter.fr\/emissions\/le-billet-de-francois-morel\/le-billet-de-francois-morel-07-avril-2017<\/p>\n","protected":false},"excerpt":{"rendered":"<p>ACTUALITE -R\u00e9actions \u00e0 Fessenheim (vid\u00e9o) : http:\/\/www.francetvinfo.fr\/societe\/nucleaire\/nucleaire-reactions-divisees-a-fessenheim_2134531.html -&#8220;La fermeture en question&#8221; (vid\u00e9o) : http:\/\/www.francetvinfo.fr\/societe\/nucleaire\/fessenheim-la-fermeture-en-question_2135179.html -Sur la Guyane, &#8220;il faut donner un carton rouge au plan gouvernemental&#8221; (Olivier Dartigolles, porte-parole du PCF) : https:\/\/francais.rt.com\/opinions\/36471-conflit-social-guyane-il-faut-mettre-carton-rouge-plan-gouvernemental -&#8220;Tous les voyants sont au rouge&#8221; (le rappeur Jean-Claude Cab\u00e9ria; son) : https:\/\/www.franceculture.fr\/emissions\/hashtag\/tous-les-voyants-sont-au-rouge#xtor -Le Brexit inqui\u00e8te les p\u00eacheurs bretons (vid\u00e9o) : http:\/\/www.francetvinfo.fr\/monde\/europe\/la-grande-bretagne-et-l-ue\/brexit-l-inquietude-des-pecheurs-bretons_2135167.html [&hellip;]<\/p>\n","protected":false},"author":1042,"featured_media":0,"comment_status":"open","ping_status":"open","sticky":false,"template":"","format":"standard","meta":{"_themeisle_gutenberg_block_has_review":false,"footnotes":""},"categories":[151],"tags":[],"class_list":["post-10322","post","type-post","status-publish","format-standard","hentry","category-la-revue-de-presse-de-lulu"],"_links":{"self":[{"href":"https:\/\/archives.regards.fr\/index.php?rest_route=\/wp\/v2\/posts\/10322","targetHints":{"allow":["GET"]}}],"collection":[{"href":"https:\/\/archives.regards.fr\/index.php?rest_route=\/wp\/v2\/posts"}],"about":[{"href":"https:\/\/archives.regards.fr\/index.php?rest_route=\/wp\/v2\/types\/post"}],"author":[{"embeddable":true,"href":"https:\/\/archives.regards.fr\/index.php?rest_route=\/wp\/v2\/users\/1042"}],"replies":[{"embeddable":true,"href":"https:\/\/archives.regards.fr\/index.php?rest_route=%2Fwp%2Fv2%2Fcomments&post=10322"}],"version-history":[{"count":0,"href":"https:\/\/archives.regards.fr\/index.php?rest_route=\/wp\/v2\/posts\/10322\/revisions"}],"wp:attachment":[{"href":"https:\/\/archives.regards.fr\/index.php?rest_route=%2Fwp%2Fv2%2Fmedia&parent=10322"}],"wp:term":[{"taxonomy":"category","embeddable":true,"href":"https:\/\/archives.regards.fr\/index.php?rest_route=%2Fwp%2Fv2%2Fcategories&post=10322"},{"taxonomy":"post_tag","embeddable":true,"href":"https:\/\/archives.regards.fr\/index.php?rest_route=%2Fwp%2Fv2%2Ftags&post=10322"}],"curies":[{"name":"wp","href":"https:\/\/api.w.org\/{rel}","templated":true}]}}