{"id":10319,"date":"2017-04-07T06:57:11","date_gmt":"2017-04-07T04:57:11","guid":{"rendered":"https:\/\/wp.muchomaas.com\/article-la-revue-du-7-avril-2017\/"},"modified":"2017-04-07T06:57:11","modified_gmt":"2017-04-07T04:57:11","slug":"article-la-revue-du-7-avril-2017","status":"publish","type":"post","link":"https:\/\/archives.regards.fr\/?p=10319","title":{"rendered":"La Revue du 7 avril 2017"},"content":{"rendered":"<p><strong>ACTUALITE<\/strong><\/p>\n<p>-La Caisse d&#8217;\u00e9pargne veut supprimer des agences en Auvergne-Limousin (vid\u00e9o) : http:\/\/www.francetvinfo.fr\/economie\/banques-la-caisse-d-epargne-veut-supprimer-des-agences-en-auvergne-limousin_2133017.html<\/p>\n<p><strong>-&#8220;C&#8217;est du boulot d&#8217;\u00eatre une fille !&#8221; (L\u00e9na, du lyc\u00e9e d&#8217;Argenteuil (95), cit\u00e9e par Marie-Jo\u00eblle Gros; photos de Claudine Doury) <\/strong> : http:\/\/www.telerama.fr\/monde\/c-est-du-boulot-d-etre-une-fille-lena-15-ans-argenteuil,156036.php#xtor<\/p>\n<p><strong>-&#8220;Les sopranos du barreau&#8221; (un reportage d&#8217;Olivier Pighetti; vid\u00e9o) :<\/strong> http:\/\/www.lci.fr\/replay\/grands-reportages-du-2-avril-2017-les-sopranos-du-barreau-2035089.html%3Ftype=content <\/p>\n<p>-BlaBlaCar propose un forfait-voiture (son fondateur Fr\u00e9d\u00e9ric Mazella, invit\u00e9 de Nicolas Pierron; son du 6 avril) : https:\/\/www.radioclassique.fr\/radio\/emissions\/matinale-de-radio-classique\/l-invite-de-l-economie\/<\/p>\n<p>-Des salari\u00e9s d&#8217;EDF ont manifest\u00e9 contre la fermeture de la centrale de Fessenheim (vid\u00e9o) : http:\/\/www.francetvinfo.fr\/economie\/industrie\/edf-des-manifestations-contre-la-fermeture-de-fessenheim_2132999.html<\/p>\n<p>-&#8220;Pour que ce soit vot\u00e9, il faut que les administrateurs ind\u00e9pendants votent la fermeture, or, ils n&#8217;en ont pas envie&#8221; (Marie-Claire Cailletaud, porte-parole de la F\u00e9d\u00e9ration CGT de l&#8217;\u00e9nergie et des mines; face \u00e0 Romain Desarbres; vid\u00e9o) : http:\/\/www.cnews.fr\/chroniques\/linvite-de-la-matinale\/linvite-de-la-matinale-du-06042017-174284 <\/p>\n<p>-&#8220;La transition du nucl\u00e9aire vers d&#8217;autres formes d&#8217;\u00e9nergie est possible&#8221; (Yves Marignac, de l&#8217;association &#8220;N\u00e9gawatt&#8221;; interrog\u00e9 par Yves Calvi; vid\u00e9o) : http:\/\/www.dailymotion.com\/video\/x5hebjt_fessenheim-prouver-que-la-transition-du-nucleaire-vers-d-autres-formes-d-energie-est-possible_news<\/p>\n<p>-&#8220;Une promesse de Fran\u00e7ois Hollande&#8221; (Baptiste Gaborit; son) : https:\/\/www.radioclassique.fr\/radio\/emissions\/matinale-de-radio-classique\/3-minutes-planete\/<\/p>\n<p>-Elle ne sera pas tenue sous son quinquennat. (Dans &#8220;L&#8217;Emission politique&#8221; sur France 2, Emmanuel Macron s&#8217;est engag\u00e9 \u00e0 le faire s&#8217;il est \u00e9lu) (Anne Feitz) : https:\/\/www.lesechos.fr\/industrie-services\/energie-environnement\/0211951602780-fessenheim-edf-gagne-du-temps-avant-la-fermeture-2078088.php<\/p>\n<p>-&#8220;Comment Fran\u00e7ois Hollande s&#8217;est contredit&#8221; (vid\u00e9o) : http:\/\/www.francetvinfo.fr\/societe\/nucleaire\/video-comment-francois-hollande-s-est-contredit-sur-le-sort-de-la-centrale-de-fessenheim_2131425.html<\/p>\n<p><em>-L&#8217;adresse de Pierre Laurent aux salari\u00e9s de l&#8217;\u00e9nergie<\/em> : http:\/\/2017.pcf.fr\/adresse_de_pierre_laurent_energie_mars2017 <\/p>\n<p><strong>-&#8220;Les enfants sont absents des d\u00e9bats&#8221; (Homayra Sellier, pr\u00e9sidente de l&#8217;association &#8220;Innocence en danger&#8221;; invit\u00e9e de Marc-Olivier Fogiel (vid\u00e9o) : <\/strong> http:\/\/www.dailymotion.com\/video<\/strong>\/x5hex3l_presidentielle-2017-les-enfants-sont-absents-des-debats-regrette-homayra-sellier_news<\/p>\n<p>-L&#8217;\u00e9v\u00eaque de Dax forc\u00e9 de d\u00e9missionner (vid\u00e9o) : http:\/\/www.francetvinfo.fr\/societe\/religion\/eglise-l-eveque-de-dax-force-de-demissionner_2133377.html<\/p>\n<p>-Hypnose au bloc op\u00e9ratoire (vid\u00e9o) : http:\/\/www.francetvinfo.fr\/sante\/sante-hypnose-au-bloc-operatoire_2133035.html<\/p>\n<p><strong>-A Grasse, le proviseur du lyc\u00e9e Tocqueville accueilli comme un h\u00e9ros (vid\u00e9o) : <\/strong> http:\/\/www.francetvinfo.fr\/faits-divers\/fusillade-dans-un-lycee-de-grasse\/grasse-le-proviseur-accueilli-en-heros_2132947.html<\/p>\n<p><strong>POLITIQUE<\/strong><\/p>\n<p>-Face \u00e0 face tendu entre Julia Cag\u00e9 et Jacques G\u00e9n\u00e9reux, \u00e9conomistes, professeurs \u00e0 Sciences Po, respectivement soutiens de Beno\u00eet Hamon et de Jean-Luc M\u00e9lenchon; anim\u00e9 par Fabien Namias (vid\u00e9o) : http:\/\/www.dailymotion.com\/video\/x5he1nl_debat-tendu-entre-les-soutiens-de-melenchon-et-hamon_news<\/p>\n<p>-&#8220;Le lettr\u00e9 M\u00e9lenchon et ses t\u00eates militantes&#8221; (Simon Blin) : http:\/\/www.liberation.fr\/debats\/2017\/04\/05\/le-lettre-melenchon-et-ses-tetes-militantes_1560748<\/p>\n<p>-&#8220;Jean-Luc M\u00e9lenchon confirme sa perc\u00e9e&#8221; (Christophe Barbier; vid\u00e9o) : http:\/\/www.bfmtv.com\/mediaplayer\/replay\/politique-premiere\/<\/p>\n<p>-&#8220;Lui et l&#8217;extr\u00eame-gauche ont le vent en poupe&#8221; (vid\u00e9o) : http:\/\/rmc.bfmtv.com\/mediaplayer\/video\/qg-bourdin-2017-jean-luc-melenchon-et-l-extreme-gauche-ont-le-vent-en-poupe-0604-931347.html<\/p>\n<p>-&#8220;Le moment M\u00e9lenchon parti pour durer&#8221; (Baptiste Legrand) : http:\/\/tempsreel.nouvelobs.com\/presidentielle-2017\/20170405.OBS7611\/grand-debat-le-moment-melenchon-parti-pour-durer.html<\/p>\n<p>-&#8220;Je voterai Jean-Luc M\u00e9lenchon&#8221; (Bernard Lavilliers; propos recueillis par Emmanuel Marolle) : http:\/\/www.leparisien.fr\/election-presidentielle-2012\/bernard-lavilliers-je-voterai-melenchon-06-04-2012-1942472.php<\/p>\n<p>-&#8220;J&#8217;ai \u00e9t\u00e9 convaincu, je vote Poutou&#8221; (vid\u00e9o) : http:\/\/rmc.bfmtv.com\/mediaplayer\/video\/apres-le-debat-karim-a-ete-convaincu-par-poutou-je-vais-voter-pour-lui-931349.html<\/p>\n<p><strong>-St\u00e9phane Le Foll choisira son vote &#8220;en fonction du risque de l&#8217;extr\u00eame-droite&#8221;. Il \u00e9tait l&#8217;invit\u00e9 de la matinale de Franceinfo (vid\u00e9o)<\/strong> : https:\/\/www.youtube.com\/watch?v=K75RpqTuPLQ<\/p>\n<p><strong>-Sur le plateau, &#8220;il y avait l\u00e0 trois ou quatre candidats qui veulent g\u00e9rer l&#8217;Etat, les autres voulant quitter l&#8217;Europe ou d\u00e9passer le capitalisme, ce qui ne correspond pas \u00e0 ce que souhaitent nos concitoyens. Emmanuel Macron s&#8217;\u00e9rode. Je ne crois pas que le candidat du PS sera d\u00e9pass\u00e9 par Jean-Luc M\u00e9lenchon. Je souhaite, comme S\u00e9gol\u00e8ne Royal,  qu&#8217;Emmanuel Macron revienne vers la gauche. Avec Jean-Luc M\u00e9lenchon, ce n&#8217;est pas une question d&#8217;addition, il y a une question d&#8217;options politiques diff\u00e9rentes&#8221; (Fran\u00e7ois Kalfon, conseiller r\u00e9gional PS d&#8217;Ile-de-France; invit\u00e9 d&#8217;Olivier Galzi; vid\u00e9o) : <\/strong> http:\/\/www.cnews.fr\/chroniques\/linvite-dolivier-galzi\/francois-kalfon-invite-dolivier-galzi-174288 <\/p>\n<p><strong>-&#8220;En Syrie, \u00e7a fait six ans que cela dure. Nous leur envoyons des aides. Notre objectif, c&#8217;est l&#8217;arr\u00eat des bombardements et la n\u00e9gociation. Un jour viendra o\u00f9 M. Bachar sera puni mais l&#8217;urgence ce n&#8217;est pas \u00e7a. Nous n\u00e9gocions avec la Russie pour que la r\u00e9solution soit vot\u00e9e, sur la base de l&#8217;interdiction des armes chimiques, et pour que les n\u00e9gociations de paix reprennent \u00e0 Gen\u00e8ve&#8221; (Jean-Marc Ayrault, ministre des Affaires \u00e9trang\u00e8res, interrog\u00e9 par Jean-Pierre Elkabbach; vid\u00e9o) : <\/strong> http:\/\/www.cnews.fr\/chroniques\/linterview-de-jean-pierre-elkabbach\/jean-marc-ayrault-invite-de-jean-pierre-elkabbach-174290<\/p>\n<p>-&#8220;Je mets en garde les administrateurs qui seraient tent\u00e9s de ne pas voter la fermeture de Fessenheim. L&#8217;\u00e9nergie nucl\u00e9aire est de plus en plus ch\u00e8re. Investir dans les vieilles centrales va co\u00fbter beaucoup plus cher que de le faire dans les \u00e9nergies renouvelables. C&#8217;est l&#8217;int\u00e9r\u00eat de l&#8217;entreprise EDF qui, pour une large part, appartient aux Fran\u00e7ais&#8221; (S\u00e9gol\u00e8ne Royal, ministre d l&#8217;Environnement; interrog\u00e9e par Laurence Ferrari; vid\u00e9o) : http:\/\/www.cnews.fr\/chroniques\/linvite-de-laurence-ferrari\/segolene-royal-invitee-de-laurence-ferrari-174285<\/p>\n<p>-&#8220;Je condamne ceux qui ont plac\u00e9 le pr\u00e9sident de la R\u00e9publique en situation de ne pas \u00eatre candidat&#8221; (Michel Sapin, ministre de l&#8217;Economie; vid\u00e9o) : http:\/\/www.bfmtv.com\/mediaplayer\/video\/sapin-condamne-ceux-qui-ont-empeche-le-president-d-etre-candidat-931345.html<\/p>\n<p>-&#8220;Le candidat de mon parti, c&#8217;est Beno\u00eet Hamon. Je voterai donc Beno\u00eet Hamon. Vous dire que je suis satisfait de sa campagne, de ses propositions, ce serait vous mentir&#8221; (vid\u00e9o) :  http:\/\/www.bfmtv.com\/mediaplayer\/video\/michel-sapin-le-candidat-de-mon-parti-c-est-benoit-hamon-je-voterai-donc-benoit-hamon-931343.html<\/p>\n<p>-Il \u00e9tait l&#8217;invit\u00e9 de Jean-Jacques Bourdin sur BFMTV (vid\u00e9o) : http:\/\/www.bfmtv.com\/mediaplayer\/video\/michel-sapin-face-a-jean-jacques-bourdin-en-direct-931403.html<\/p>\n<p><strong>-&#8220;Ce que cachent les politiques qui rejoignent Macron&#8221; (Paul Quil\u00e8s, ancien ministre socialiste&#8221; <\/strong> : http:\/\/www.huffingtonpost.fr\/paul-quiles\/emmanuel-macron-presidentielle-2017_a_22023708\/?utm_hp_ref<\/p>\n<p>-&#8220;Robert Hue finit sa mue chez Macron&#8221; (&#8220;La Marseillaise&#8221;) : http:\/\/www.md-progressistes.fr\/robert-hue-finit-sa-mue-chez-macron\/?utm_source=Base+de+contacts+mdP&#038;utm_campaign<\/p>\n<p>-&#8220;Un marxiste chez Macron&#8221; (vid\u00e9o) : http:\/\/www.md-progressistes.fr\/robert-hue-un-marxiste-chez-macron\/?utm_source=Base+de+contacts+mdP&#038;utm_campaign<\/p>\n<p><strong>-Cinq s\u00e9quences de &#8220;L&#8217;Emission politique&#8221; avec Emmanuel Macron (vid\u00e9os) : <\/strong> http:\/\/www.francetvinfo.fr\/elections\/presidentielle\/videos-presidentielle-cinq-sequences-qu-il-ne-fallait-pas-rater-dans-l-emission-politique-avec-emmanuel-macron_2133455.html<\/p>\n<p><strong>-Face \u00e0 Fran\u00e7ois Ruffin, r\u00e9alisateur de &#8220;Merci Patron&#8221; (vid\u00e9o) : <\/strong> http:\/\/www.francetvinfo.fr\/elections\/presidentielle\/video-francois-ruffin-a-emmanuel-macron-combien-allez-vous-faire-de-cadeaux-au-cac-40-avec-votre-programme_2134171.html<\/p>\n<p>-L&#8217;int\u00e9grale (vid\u00e9o) : http:\/\/www.francetvinfo.fr\/replay-magazine\/france-2\/l-emission-politique\/l-emission-politique-du-jeudi-6-avril-2017_2122309.html<\/p>\n<p>-&#8220;L&#8217;annonce d&#8217;une loi de la moralisation de la vie publique, cet engagement-l\u00e0 me lie (\u00e0 Emmanuel Macron). L&#8217;immense majorit\u00e9 de ceux qui \u00e9taient sur le plateau \u00e9taient anti-europ\u00e9ens, signe d&#8217;un profond malaise auquel il faudra r\u00e9pondre. Le candidat que je soutiens est le seul \u00e0 avoir d\u00e9fendu l&#8217;id\u00e9al europ\u00e9en&#8221; (Fran\u00e7ois Bayrou, pr\u00e9sident du MoDem, soutien d&#8217;Emmanuel Macron, invit\u00e9 d&#8217;Yves Calvi; vid\u00e9o) : http:\/\/www.lci.fr\/replay\/l-invite-de-24-heures-en-questions-du-5-avril-2017-francois-bayrou-president-du-mouvement-democrate-2044107.html%3Ftype=content<\/p>\n<p>-&#8220;Macron n&#8217;a pas chang\u00e9, il est simple. Au dernier d\u00e9bat, il est le seul \u00e0 avoir parl\u00e9 du handicap. Il faut \u00eatre honn\u00eate, dans un meeting, j&#8217;ai entendu Jean-Luc M\u00e9lenchon en parler longuement &#8221; (Patrick Toulmet, pr\u00e9sident de la Chambre de commerce et de l&#8217;artisanat de la Seine-Saint-Denis; interrog\u00e9 par Elizabeth Martichoux; vid\u00e9o) : http:\/\/www.dailymotion.com\/video\/x5he113_patrick-toulmet-sur-rtl-macron-n-a-pas-change-il-est-simple_news<\/p>\n<p>-Le n\u00b0838 de &#8220;ReSPUBLICA&#8221; : http:\/\/www.gaucherepublicaine.org\/wp-content\/uploads\/lettres\/20170405_respublica-lettre-sommaire_lettre-838.htm<\/p>\n<p><strong>-Fran\u00e7ois Fillon \u00e9tait l&#8217;invit\u00e9 du &#8220;Grand Format&#8221; de France Inter (vid\u00e9o) <\/strong> : http:\/\/www.dailymotion.com\/video\/x5he3is_matinale-grand-format-avec-francois-fillon-sur-france-inter-premiere-partie_news<\/p>\n<p>-Il a r\u00e9pondu \u00e0 Patrick Cohen, Thomas Legras et Bernard Guetta (vid\u00e9o) : http:\/\/www.dailymotion.com\/video\/x5hebit_francois-fillon-repond-a-thomas-legrand-et-patrick-cohen_news<\/p>\n<p>-Il a r\u00e9pondu aux auditeurs (vid\u00e9o) : http:\/\/www.dailymotion.com\/video\/x5hec7e_francois-fillon-repond-aux-auditeurs-de-france-inter_news<\/p>\n<p>-&#8220;Financer la protection sociale sur les salaires, c&#8217;est une erreur. J&#8217;ai toutes les indications qui me permettront, le moment venu, de poursuivre ceux qui m&#8217;ont fait \u00e7a. La r\u00e9forme du coll\u00e8ge a \u00e9t\u00e9 b\u00e2cl\u00e9e. Si Bachar tombe, c&#8217;est Daech qui prend le pouvoir (quelques-unes de ses r\u00e9ponses; vid\u00e9os) :<br \/>\nhttp:\/\/www.dailymotion.com\/video\/x5hdwi0_francois-fillon-je-pense-que-financer-la-protection-sociale-sur-le-travail-c-est-une-erreur_news                                   http:\/\/www.dailymotion.com\/video\/x5hdx9r_francois-fillon-j-ai-toutes-les-indications-qui-me-permettront-le-moment-venu-de-poursuivre-ceux-qui_news                http:\/\/www.dailymotion.com\/video\/x2qryh0_francois-fillon-la-reforme-du-college-a-ete-baclee-c-est-un-passage-en-force_news                                               http:\/\/www.dailymotion.com\/video\/x38loj7_francois-fillon-si-bachar-tombe-c-est-l-etat-islamique-qui-prend-le-pouvoir_news<\/p>\n<p>-Sur RFI, il s&#8217;est exprim\u00e9 sur sa vision de la politique \u00e9trang\u00e8re (interrog\u00e9 par Anne Corpet et Christophe Boisbouvier; vid\u00e9o) : http:\/\/www.rfi.fr\/video\/20170406-francois-fillon-s-exprime-vision-politique-etrangere<\/p>\n<p>-Enfarin\u00e9 \u00e0 Strasbourg (vid\u00e9o) : http:\/\/www.francetvinfo.fr\/elections\/presidentielle\/video-presidentielle-francois-fillon-enfarine-lors-de-son-meeting-a-strasbourg_2133237.html<\/p>\n<p>-&#8220;Il y a sur l&#8217;acc\u00e9l\u00e9ration des proc\u00e9dures judiciaires quelque chose de bizarre. Je reste fid\u00e8le \u00e0 ma formation politique&#8221; (Herv\u00e9 Gaymard, pr\u00e9sident LR du Conseil d\u00e9partemental de la Savoie; invit\u00e9 du &#8220;Club de la Presse&#8221; d&#8217;Europe1; son) : http:\/\/www.europe1.fr\/emissions\/le-club-de-la-presse\/europe-soir-le-club-de-la-presse-herve-gaymard-et-felicite-herzog-06042017-3234965<\/p>\n<p>-&#8220;Emmanuel Macron, c&#8217;est le syndrome de la voiture d&#8217;occasion&#8221; (Henri de Castries, ancien PDG d&#8217;Axa, conseiller \u00e9conomique de Fran\u00e7ois Fillon; propos recueillis par Richard Werly) :  https:\/\/www.letemps.ch\/economie\/2017\/04\/05\/henri-castries-emmanuel-macron-cest-syndrome-voiture-doccasion?utm_source<\/p>\n<p>-&#8220;Il faut une intervention de tous en Syrie. Il faut n\u00e9gocier avec tout le monde. Partenaire fr\u00e9quentable, \u00e7a ne veut rien dire. Ce sont les Etats qui comptent. Personne n&#8217;attaque la dictature financi\u00e8re&#8221; (Jacques Cheminade, candidat de &#8220;Solidarit\u00e9 et progr\u00e8s&#8221;; invit\u00e9 de Caroline Roux; vid\u00e9o) : http:\/\/www.france2.fr\/emissions\/telematin\/actu\/les-4-verites-jacques-cheminade_563975<\/p>\n<p>-&#8220;On ne peut pas ren\u00e9gocier les trait\u00e9s puisqu&#8217;il faudrait l&#8217;unanimit\u00e9 des Etats. Je suis le seul \u00e0 proposer la sortie comme le font les Britanniques&#8221; (Fran\u00e7ois Asselineau, candidat de l&#8217;UPR; face \u00e0 Guillaume Durand; son du 6 avril) : https:\/\/www.radioclassique.fr\/radio\/emissions\/matinale-de-radio-classique\/l-invite-du-matin\/<\/p>\n<p>-&#8220;Le protectionnisme n&#8217;est pas seulement un mot, c&#8217;est une r\u00e9alit\u00e9 aujourd&#8217;hui. Hassad n&#8217;est pas notre ami, ce n&#8217;est pas nous qui l&#8217;avons invit\u00e9, c&#8217;est Nicolas Sarkozy. Je suis contre une intervention l\u00e0-bas. Emmanuel Macron veut plaire \u00e0 tout le monde en m\u00eame temps, on y comprend rien&#8221; (Florian Philippot, vice-pr\u00e9sident du FN; face \u00e0 Guillaume Durand; vid\u00e9os) : https:\/\/www.dailymotion.com\/video\/x5heglc_le-protectionnisme-n-est-pas-seulement-un-mot-c-est-une-realite-florian-philippot-06-04-2017-partie_news<br \/>\n<iframe loading=\"lazy\" title=\"&quot;Emmanuel Macron est en permanence dans le flou&quot; Florian Philippot (06\/04\/2017) Partie 2\" frameborder=\"0\" width=\"500\" height=\"281\" src=\"https:\/\/geo.dailymotion.com\/player.html?video=x5hen3n&#038;\" allowfullscreen allow=\"autoplay; fullscreen; picture-in-picture; web-share\"><\/iframe><\/p>\n<p>-Philippe Poutou, &#8220;\u00e0 mon avis, il y a bien longtemps qu&#8217;il n&#8217;a pas vu un ouvrier&#8221; (David Rachline, directeur de campagne de Marine Le Pen; vid\u00e9o) : http:\/\/rmc.bfmtv.com\/mediaplayer\/video\/philippe-poutou-a-mon-avis-ca-fait-bien-longtemps-qu-il-n-a-pas-vu-un-ouvrier-lance-david-rachline-931351.html <\/p>\n<p>-&#8220;Elle a le peuple comme avocat derri\u00e8re elle. Elle est authentifi\u00e9e par ceux qui l&#8217;attaquent. Que Philippe Poutou, apr\u00e8s sa belle phrase, aille se reposer dans les ch\u00e2teaux de la CGT. M. Hollande, malgr\u00e9 son air mou, c&#8217;est un dur du cabinet noir&#8221; (Gilbert Collard, d\u00e9put\u00e9 apparent\u00e9 FN du Gard; interrog\u00e9 par Audrey Crespo-Mara; vid\u00e9o) : http:\/\/www.lci.fr\/replay\/l-invite-politique-de-8h15-du-6-avril-2017-gilbert-collard-secretaire-general-du-rassemblement-bleu-marine-2044123.html%3Ftype=content  <\/p>\n<p>-&#8220;C&#8217;est une instrumentalisation politique d&#8217;une partie de la justice. Philippe Poutou a voulu se faire remarquer. L&#8217;immunit\u00e9 parlementaire n&#8217;est pas un privil\u00e8ge. Marine Le Pen a une l\u00e9gitimit\u00e9 pour parler des ouvriers, pas M. Poutou&#8221; (Nicolas Bay, secr\u00e9taire g\u00e9n\u00e9ral du FN; face \u00e0 Patrick Poivre d&#8217;Arvor; son du 5 avril) : https:\/\/www.radioclassique.fr\/radio\/emissions\/le-19h20h\/grand-debat-soir\/   <\/p>\n<p>-&#8220;Il y a encore 40% de Fran\u00e7ais qui ne savent pas pour qui voter. C&#8217;est \u00e0 eux que notre message s&#8217;adresse&#8221; (S\u00e9bastien Chenu, conseiller r\u00e9gional FN des Hauts-de-France; face \u00e0 Fr\u00e9d\u00e9ric Rivi\u00e8re; vid\u00e9o) :<br \/>\nhttp:\/\/www.rfi.fr\/video\/20170406-sebastien-chenu-il-y-encore-40-francais-savent-pas-voter<\/p>\n<p>-&#8220;Marine Le Pen cherche \u00e0 appara\u00eetre moins Le Pen et plus Marine&#8221; (Alba Ventura; vid\u00e9o) : http:\/\/www.dailymotion.com\/video\/x5he2gx_presidentielle-2017-marine-le-pen-cherche-a-apparaitre-moins-le-pen-et-plus-marine_news<\/p>\n<p>-&#8220;Elle a du mal \u00e0 se renouveler. Elle progresse de plus de 7 points sur 2012. Sa grande diffult\u00e9 reste le second tour. Le face \u00e0 face avec Emmanuel Macron a sa pr\u00e9f\u00e9rence&#8221; (Guillaume Tabard du &#8220;Figaro&#8221;; son du 6 avril) : https:\/\/www.radioclassique.fr\/radio\/emissions\/matinale-de-radio-classique\/22630-2\/<\/p>\n<p>-&#8220;Candidats, envoyez-nous du r\u00eave !&#8221; (Yves Thr\u00e9ard du &#8221; Figaro&#8221; (vid\u00e9o) : http:\/\/www.dailymotion.com\/video\/x5hdw51_message-aux-candidats-envoyez-nous-du-reve_news<\/p>\n<p>-&#8220;On votera par d\u00e9faut, le moins pire&#8221; (A Valence dans la Dr\u00f4me; vid\u00e9o) : http:\/\/rmc.bfmtv.com\/mediaplayer\/video\/vives-les-francais-a-valence-on-votera-par-defaut-le-moins-pire-931367.html<\/p>\n<p>-&#8220;L&#8217;\u00e9quipe de Fran\u00e7ois Fillon a \u00e9t\u00e9 odieuse&#8221; (la journaliste Ga\u00ebl Tchakaloff; vid\u00e9o) : https:\/\/www.dailymotion.com\/video\/x5hepwo_l-equipe-de-francois-fillon-a-ete-absolument-odieuse-gael-tchakaloff-06-04-2017_news<\/p>\n<p><em>-Le bilan du quinquennat Hollande (ODOXA)<\/em> : http:\/\/www.odoxa.fr\/sondage\/bilan-quinquennat-de-francois-hollande\/<\/p>\n<p><em>-Le barom\u00e8tre politique (ELABE) <\/em> : http:\/\/elabe.fr\/barometre-politique-avril-2017\/<\/p>\n<p><em>-Le tableau de bord politique (IFOP) <\/em> : http:\/\/www.ifop.com\/?option=com_publication&#038;type=poll&#038;id=3720<\/p>\n<p><em>-Le palmar\u00e8s mensuel des personnalit\u00e9s (YOUGOV) : <\/em> https:\/\/fr.yougov.com\/news\/2017\/04\/06\/resultats-du-barometre-yougov-france-le-huffington\/<\/p>\n<p><strong>-M\u00e9lenchon devient la personnalit\u00e9 pr\u00e9f\u00e9r\u00e9e des Fran\u00e7ais (Alexandre Rousset) : <\/strong> https:\/\/www.lesechos.fr\/elections\/jean-luc-melenchon\/0211951014748-popularite-melenchon-devient-la-personnalite-politique-preferee-des-francais-2078062.php<\/p>\n<p>-Les intentions et motivations de vote pour l&#8217;\u00e9lection pr\u00e9sidentielle (HARRIS) : http:\/\/harris-interactive.fr\/opinion_polls\/intentions-et-motivations-de-vote-pour-lelection-presidentielle-de-2017-2\/<\/p>\n<p>-Le m\u00eame (ODOXA) : http:\/\/www.odoxa.fr\/sondage\/bombe-melenchon-talonne-fillon-tomber-hamon-10\/<\/p>\n<p><em>-Les intentions de vote au 6 avril (IFOP)<\/em> : http:\/\/www.ifop.com\/media\/poll\/3722-1-study_file.pdf<\/p>\n<p><em>-Le m\u00eame (OPINION-WAY) :<\/em> https:\/\/www.lesechos.fr\/elections\/presidentielle-2017\/0211739192332-sondage-le-suivi-quotidien-de-la-presidentielle-2062937.php<\/p>\n<p>-&#8220;Filteris, la bulle dans laquelle Fran\u00e7ois Fillon est toujours favori&#8221; (Olivier Tesquet) : http:\/\/www.telerama.fr\/medias\/filteris-la-bulle-dans-laquelle-francois-fillon-est-toujours-favori,156406.php#xtor<\/p>\n<p>-Pour se faire peur, visiter le site : http:\/\/filteris.com\/<\/p>\n<p><strong>EUROPE-MONDE<\/strong><\/p>\n<p>-&#8220;Apr\u00e8s le scandale PIP, le Parlement europ\u00e9en renforce le contr\u00f4le des dispositifs m\u00e9dicaux&#8221; (Sarantis Michalopoulos) : http:\/\/www.euractiv.fr\/section\/politique\/news\/parliament-medical-devices-should-be-traced-and-under-post-market-scrutiny\/?nl_ref<\/p>\n<p>-La justice europ\u00e9enne condamne les usurpateurs de la marque Laguiole : http:\/\/www.euractiv.fr\/section\/justice-affaires-interieures\/news\/la-justice-europeenne-condamne-les-usurpateurs-de-la-marque-laguiole\/?nl_ref<\/p>\n<p><strong>-Pour le Brexit, la r\u00e9solution adopt\u00e9e par le Parlement europ\u00e9en a toutes les allures d&#8217;une mise en garde (Hughes Beaudoin; son du 5 avril) : <\/strong> https:\/\/www.radioclassique.fr\/radio\/emissions\/le-19h20h\/24h-en-europe\/<\/p>\n<p>-&#8220;L&#8217;Allemagne met sur pied une cyberarm\u00e9e pour contrer la Russie&#8221; (Andreas Maisch) : http:\/\/www.euractiv.fr\/section\/politique\/news\/germany-rolls-out-new-cyber-defence-team\/?nl_ref<\/p>\n<p><strong>-Comment vivent les Danois ? (vid\u00e9o) :<\/strong> http:\/\/www.francetvinfo.fr\/sante\/avenue-de-l-europe-les-danois-sont-ils-vraiment-heureux_2133037.html<\/p>\n<p>-&#8220;Les N\u00e9erlandais main dans la main contre l&#8217;homophobie&#8221; (vid\u00e9o) : http:\/\/www.francetvinfo.fr\/monde\/europe\/video-les-neerlandais-main-dans-la-main-contre-l-homophobie_2132941.html<\/p>\n<p><strong>-La Pologne s&#8217;offusque de l&#8217;accord \u00e0 l&#8217;amiable entre Bruxelles et Gazprom : <\/strong> http:\/\/www.euractiv.fr\/section\/economie\/news\/poland-to-lead-battle-against-commission-gazprom-entente\/?nl_ref<\/p>\n<p>-Orban lance une consultation anti-europ\u00e9enne en Hongrie (Georgi Gotev) : http:\/\/www.euractiv.fr\/section\/avenir-de-l-ue\/news\/commission-unmoved-by-orbans-stop-europe-initiative\/?nl_ref<\/p>\n<p><strong>-&#8220;Washington passe \u00e0 l&#8217;attaque et lance des missiles en Syrie&#8221; : <\/strong> http:\/\/www.lemonde.fr\/syrie\/article\/2017\/04\/07\/les-etats-unis-lancent-des-missiles-en-syrie_5107220_1618247.html<\/p>\n<p>-Le commerce et la Cor\u00e9e du Nord \u00e0 l&#8217;ordre du jour de la rencontre Trump-Xi Jinping (Ana\u00efs Cherif) : http:\/\/www.latribune.fr\/economie\/international\/rencontre-trump-jinping-le-commerce-et-la-coree-du-nord-a-l-ordre-du-jour-680027.html#xtor<\/p>\n<p><strong>-Stephen Bannon, le conseiller strat\u00e9gique de Donald Trump, exclu du Conseil national de s\u00e9curut\u00e9 (Val\u00e9rie de Graffenried) : <\/strong> https:\/\/www.letemps.ch\/monde\/2017\/04\/05\/premiere-claque-controverse-stephen-bannon?utm_campaign<\/p>\n<p><strong>CULTURE-MEDIA<\/strong><\/p>\n<p><strong>-La mort d&#8217;Armand Gatti, &#8220;miroir \u00e9clat\u00e9 des utopies&#8221; (Brigitte Salino) :<\/strong> http:\/\/www.lemonde.fr\/disparitions\/article\/2017\/04\/06\/mort-d-armand-gatti-figure-du-theatre-du-xxe-siecle_5106966_3382.html#xtor=AL-32280270<\/p>\n<p><strong>-&#8220;Dans ma famille, les armes sont les livres, les combats sont les mots, la r\u00e9volution, c&#8217;est les mots&#8221; (l&#8217;hommage de France Culture; sons) <\/strong> : https:\/\/www.franceculture.fr\/theatre\/armand-gatti-dans-ma-famille-les-armes-sont-les-livres-les-combats-sont-les-mots-la#xtor<\/p>\n<p><strong>-&#8220;Les mots me lisent&#8221; (les premiers mots de &#8220;La Parole errante&#8221;, cit\u00e9s par Jean-Claude Leroy)<\/strong> : https:\/\/blogs.mediapart.fr\/jean-claude-leroy\/blog\/060417\/armand-gatti-anarchiste-de-combat-avec-les-mots-pour-armes-et-pour-liberte-0<\/p>\n<p><strong>-&#8220;Cin\u00e9aste public \u00e0 Montb\u00e9liard&#8221; (Anne Gu\u00e9rin-Castell)<\/strong> : https:\/\/blogs.mediapart.fr\/anne-guerin-castell\/blog\/060417\/armand-gatti-cineaste-public-montbeliard<\/p>\n<p><strong>-L&#8217;acad\u00e9micien Jean-Christophe Rufin \u00e9tait l&#8217;nvit\u00e9 de &#8220;Passion classique&#8221; d&#8217;Olivier Bellamy; son du 5 avril) <\/strong> : https:\/\/www.radioclassique.fr\/radio\/emissions\/passion-classique\/<\/p>\n<p>-Jean-Pierre L\u00e9aud, un com\u00e9dien \u00e0 part (St\u00e9phane Gobbo; vid\u00e9o) : https:\/\/www.letemps.ch\/culture\/2017\/04\/05\/jeanpierre-leaud-roisoleil-seteignit?utm_source<\/p>\n<p><strong>-&#8220;L&#8217;Op\u00e9ra&#8221;, le documentaire de Jean-St\u00e9phane Bron qui plonge au coeur de la prestigieuse maison (Jacques Morice; vid\u00e9o) :<\/strong> http:\/\/www.telerama.fr\/cinema\/l-opera-jean-stephane-bron-nous-emmene-derriere-le-rideau,156400.php#xtor<\/p>\n<p>-Il \u00e9tait l&#8217;invit\u00e9 de Claire Chazal (son du 1er avril) : https:\/\/www.radioclassique.fr\/radio\/emissions\/l-invite-culture-de-claire-chazal\/<\/p>\n<p>-Dans &#8220;Corporate&#8221; de Nicolas Silhol, C\u00e9line Salette en inqui\u00e9tante DRH tueuse d&#8217;entreprises (Guillemette Odicino; vid\u00e9o) : http:\/\/www.telerama.fr\/cinema\/corporate-celine-salette-inquietante-en-tueuse-d-entreprise,156399.php#xtor<\/p>\n<p>-&#8220;La Vengeresse&#8221; de Bill Plympton, le franc-tireur de l&#8217;animation (vid\u00e9o) : http:\/\/www.telerama.fr\/cinema\/la-vengeresse-meme-assagi-bill-plympton-reste-le-plus-dingue-des-cineastes,156401.php#xtor<\/p>\n<p>-&#8220;A bras ouverts&#8221;, mais qu&#8217;est-ce qu&#8217;on a fait au bon Dieu pour qu&#8217;on nous inflige un tel navet ?&#8221; (Pierre Murat; vid\u00e9o) : http:\/\/www.telerama.fr\/cinema\/a-bras-ouverts-mais-qu-est-ce-qu-on-a-fait-au-bon-dieu-pour-qu-on-nous-inflige-un-tel-navet,156416.php#xtor<\/p>\n<p><strong>-Les femmes dans le design (Xavier de Jarcy, invit\u00e9 de Fabienne Pascaud; vid\u00e9o) : <\/strong> http:\/\/www.telerama.fr\/scenes\/dans-les-coulisses-de-telerama-les-femmes-designers,156413.php#xto<\/p>\n<p>-La programmation artistique du &#8220;Grand Paris Express&#8221; (Sabrina Silamo) : http:\/\/www.telerama.fr\/sortir\/des-artistes-investissent-le-grand-paris-express,156403.php#xtor<\/p>\n<p><strong>-Hommage \u00e0 Pr\u00e9vert (Didier Varrot; vid\u00e9o) :<\/strong> http:\/\/www.dailymotion.com\/video\/x5hdxlx_didier-varrod-rend-hommage-a-prevert-pop-co_news<\/p>\n<p>-Le groupe de rock qu\u00e9b\u00e9cois des &#8220;Cowboys fringants&#8221; \u00e0 l&#8217;Olympia (vid\u00e9o) :                           http:\/\/www.francetvinfo.fr\/culture\/musique\/musique-les-cowboys-fringants-a-lassaut-de-lolympia_2133011.html<\/p>\n<p>-Une vente aux ench\u00e8res au profit des victimes d&#8217;attentats (Christophe Jacquet) : http:\/\/www.telerama.fr\/musique\/guitares-photos-ou-vestes-collector-en-vente-au-profit-des-victimes-d-attentats,156409.php#xtor<\/p>\n<p><strong>-&#8220;Que savent les Russes de ce qui se passe chez eux&#8221; (Fran\u00e7oise Dauc\u00e9, directrice d&#8217;\u00e9tudes \u00e0 l&#8217;EHESS, invit\u00e9e de Sonia Devillers; vid\u00e9o, amener le curseur sur 3:37) : <\/strong> http:\/\/www.dailymotion.com\/video\/x5hevlq_que-savent-les-russes-de-ce-qui-se-passe-chez-eux_news<\/p>\n<p><strong>-&#8220;En quinze ans, la presse papier am\u00e9ricaine a perdu un poste sur deux&#8221; (J\u00e9r\u00e9mie Maire) : <\/strong> http:\/\/www.telerama.fr\/medias\/en-quinze-ans-la-presse-papier-americaine-a-perdu-plus-d-un-poste-sur-deux,156391.php#xtor<\/p>\n<p>-&#8220;\u00c7a se corse pour Michel Field&#8221; (Marc Baudriller; son du 6 avril) : https:\/\/www.radioclassique.fr\/radio\/emissions\/matinale-de-radio-classique\/la-vie-des-medias\/<\/p>\n<p>-En remplacement du d\u00e9bat annul\u00e9, France 2 propose des entretiens individuels de 15 minutes, les uns \u00e0 la suite des autres (J\u00e9r\u00f4me Ivanitchenko; vid\u00e9o) : http:\/\/www.dailymotion.com\/video\/x5hegf8_france-2-renonce-a-son-debat_news<\/p>\n<p><strong>-Yann Arthus-Bertrand  donne un s\u00e9rieux coup de main \u00e0 &#8220;Reporters sans fronti\u00e8res&#8221; (invit\u00e9 du &#8220;13 heures&#8221; de France 2; vid\u00e9o) :<\/strong> http:\/\/www.francetvinfo.fr\/economie\/medias\/yann-arthus-bertrand-mis-a-l-honneur-par-reporters-sans-frontieres_2132975.html<\/p>\n<p>-La s\u00e9rie &#8220;Prison Break&#8221; revient sur M6. &#8220;Elle aurait mieux fait de rester dans son trou&#8221; (Pierre Langlais; vid\u00e9o) : http:\/\/www.telerama.fr\/series-tv\/prison-break-sort-de-son-trou,156402.php#xtor<\/p>\n<p>-&#8220;Faire la m\u00e9t\u00e9o est un m\u00e9tier complexe. Il faut beaucoup de passion&#8221; (Tatiana Silva qui la pr\u00e9sente sur TF1 depuis le 10 mars; vid\u00e9o) : http:\/\/www.dailymotion.com\/video\/x5heo4c_tatiana-silva-miss-meteo-est-un-metier-complexe-il-faut-beaucoup-de-passion_news<\/p>\n<p><strong>-L&#8217;affaire Fillon revisit\u00e9e par Jean de la Fontaine&#8230;et la blogueuse Klaire (vid\u00e9o) : <\/strong> http:\/\/www.telerama.fr\/presidentielle-2017\/l-affaire-fillon-facon-jean-de-la-fontaine,156420.php#xtor<\/p>\n<p>-&#8220;Quelle belle veste foresti\u00e8re M&#8217;sieur Fillon&#8221; (Laurent Gerra; son) : http:\/\/www.dailymotion.com\/video\/x5hea1w_laurent-gerra-imitant-l-inspecteur-colombo-quelle-belle-veste-forestiere-m-sieur-fillon_fun<\/p>\n<p>-Alex Vizorek pr\u00e9sente &#8220;Boomrang&#8221; d&#8217;Augustin Trapenard (vid\u00e9o) : http:\/\/www.dailymotion.com\/video\/x5hclao_alex-vizorek-presente-boomerang-si-tu-ecoutes-le-sketch_fun<\/p>\n<p>-&#8220;Jean Lassalle, Ast\u00e9rix et belote&#8221; (le journal de 17H17; vid\u00e9o) : http:\/\/www.dailymotion.com\/video\/x5hchg8_jean-lassalle-asterix-et-belote-le-journal-de-17h17_fun<\/p>\n<p><strong>-&#8220;Essayons, c&#8217;est que cinq ans&#8221; (St\u00e9phane Guillon a fait un retour \u00e9clair sur France Inter; vid\u00e9o) :<\/strong> http:\/\/www.dailymotion.com\/video\/x5hepsj_essayons-c-est-que-5-ans-la-chronique-de-stephane-guillon_fun<\/p>\n","protected":false},"excerpt":{"rendered":"<p>ACTUALITE -La Caisse d&#8217;\u00e9pargne veut supprimer des agences en Auvergne-Limousin (vid\u00e9o) : http:\/\/www.francetvinfo.fr\/economie\/banques-la-caisse-d-epargne-veut-supprimer-des-agences-en-auvergne-limousin_2133017.html -&#8220;C&#8217;est du boulot d&#8217;\u00eatre une fille !&#8221; (L\u00e9na, du lyc\u00e9e d&#8217;Argenteuil (95), cit\u00e9e par Marie-Jo\u00eblle Gros; photos de Claudine Doury) : http:\/\/www.telerama.fr\/monde\/c-est-du-boulot-d-etre-une-fille-lena-15-ans-argenteuil,156036.php#xtor -&#8220;Les sopranos du barreau&#8221; (un reportage d&#8217;Olivier Pighetti; vid\u00e9o) : http:\/\/www.lci.fr\/replay\/grands-reportages-du-2-avril-2017-les-sopranos-du-barreau-2035089.html%3Ftype=content -BlaBlaCar propose un forfait-voiture (son fondateur Fr\u00e9d\u00e9ric Mazella, invit\u00e9 [&hellip;]<\/p>\n","protected":false},"author":1042,"featured_media":0,"comment_status":"open","ping_status":"open","sticky":false,"template":"","format":"standard","meta":{"_themeisle_gutenberg_block_has_review":false,"footnotes":""},"categories":[151],"tags":[],"class_list":["post-10319","post","type-post","status-publish","format-standard","hentry","category-la-revue-de-presse-de-lulu"],"_links":{"self":[{"href":"https:\/\/archives.regards.fr\/index.php?rest_route=\/wp\/v2\/posts\/10319","targetHints":{"allow":["GET"]}}],"collection":[{"href":"https:\/\/archives.regards.fr\/index.php?rest_route=\/wp\/v2\/posts"}],"about":[{"href":"https:\/\/archives.regards.fr\/index.php?rest_route=\/wp\/v2\/types\/post"}],"author":[{"embeddable":true,"href":"https:\/\/archives.regards.fr\/index.php?rest_route=\/wp\/v2\/users\/1042"}],"replies":[{"embeddable":true,"href":"https:\/\/archives.regards.fr\/index.php?rest_route=%2Fwp%2Fv2%2Fcomments&post=10319"}],"version-history":[{"count":0,"href":"https:\/\/archives.regards.fr\/index.php?rest_route=\/wp\/v2\/posts\/10319\/revisions"}],"wp:attachment":[{"href":"https:\/\/archives.regards.fr\/index.php?rest_route=%2Fwp%2Fv2%2Fmedia&parent=10319"}],"wp:term":[{"taxonomy":"category","embeddable":true,"href":"https:\/\/archives.regards.fr\/index.php?rest_route=%2Fwp%2Fv2%2Fcategories&post=10319"},{"taxonomy":"post_tag","embeddable":true,"href":"https:\/\/archives.regards.fr\/index.php?rest_route=%2Fwp%2Fv2%2Ftags&post=10319"}],"curies":[{"name":"wp","href":"https:\/\/api.w.org\/{rel}","templated":true}]}}