{"id":10314,"date":"2017-04-06T07:25:20","date_gmt":"2017-04-06T05:25:20","guid":{"rendered":"https:\/\/wp.muchomaas.com\/article-la-revue-du-6-avril-2017\/"},"modified":"2023-06-23T23:24:29","modified_gmt":"2023-06-23T21:24:29","slug":"article-la-revue-du-6-avril-2017","status":"publish","type":"post","link":"https:\/\/archives.regards.fr\/?p=10314","title":{"rendered":"La Revue du 6 avril 2017"},"content":{"rendered":"<strong>ACTUALITE<\/strong>\n\n-La crise en Guyane va-t-elle d\u00e9boucher sur des revendications ind\u00e9pendantistes ? (Isabelle Hidair-Krivsky, ma\u00eetre de conf\u00e9rences \u00e0 l&#8217;universit\u00e9 de Cayenne; propos recueillis par Louis Boy) : http:\/\/www.francetvinfo.fr\/economie\/crise-en-guyane\/la-crise-en-guyane-va-t-elle-deboucher-sur-des-revendications-independantistes_2129243.html\n\n<strong>-&#8220;L&#8217;appel des solidarit\u00e9s et celui du monde de demain&#8221; (Thierry Kuhn d&#8217;Emma\u00fcs France; Mathieu Labonne de Colibris;  Alix Mazounie de la fondation Nicolas Hulot et Jean-Christophe Sarrot d&#8217;ATD Quart Monde; invit\u00e9s de Mediapart; vid\u00e9o) : <\/strong> https:\/\/www.youtube.com\/watch?v=rRhMzISe9Zs\n\n<strong>-&#8220;L&#8217;appel des jours heureux&#8221; (Solenne Boiziau, Fanny Charasse, doctorante en sociologie et le philosophe Patrick Viveret; vid\u00e9o) <\/strong> : https:\/\/www.youtube.com\/watch?v=JZ5cRU-D13c\n\n<strong>-&#8220;Le programme de Fran\u00e7ois Fillon est le plus abouti&#8221; (Pierre Gattaz, pr\u00e9sident du Medef; invit\u00e9 d&#8217;Alexandra Bensa\u00efd; vid\u00e9o)<\/strong> : https:\/\/www.franceinter.fr\/emissions\/l-invite-de-7h50\/l-invite-de-7h50-05-avril-2017\n\n-Les Gad, trois ans apr\u00e8s (vid\u00e9o) : http:\/\/www.francetvinfo.fr\/economie\/emploi\/emploi-les-gad-trois-ans-apres_2131081.html\n\n<strong>-Des \u00e9tudiants ing\u00e9nieurs et architectes am\u00e9nagent des cubes dans des bureaux vides pour y accueillir des SDF et des r\u00e9fugi\u00e9s (Emmanuel Moreau; son) : <\/strong> https:\/\/www.franceinter.fr\/emissions\/l-esprit-d-initiative\/l-esprit-d-initiative-05-avril-2017\n\n-A Saint-Etienne, l&#8217;ancien footballeur Herv\u00e9 Revelli accompagne des ch\u00f4meurs (vid\u00e9o) : http:\/\/www.francetvinfo.fr\/replay-jt\/france-3\/19-20\/saint-etienne-l-ancien-footballeur-herve-revelli-accompagne-les-chomeurs_2130055.html\n\n-Dans la ville, une entreprise leader du textile m\u00e9dical en Europe (vid\u00e9o) : http:\/\/www.francetvinfo.fr\/economie\/industrie\/saint-etienne-visite-d-une-entreprise-leader-du-textile-medical-en-europe_2130057.html\n\n-Trente ans de d\u00e9sindustrialisation sur la ville (vid\u00e9o) : http:\/\/www.francetvinfo.fr\/replay-jt\/france-3\/19-20\/en-campagne-30-ans-de-desindustrialisation-a-saint-etienne_2130043.html\n\n-&#8220;Emp\u00eacher la disparition d&#8217;un savoir-faire&#8221; (Elizabeth Ducottet, PDG de l&#8217;entreprise Thuasne, interrog\u00e9e par Carole Gaessler; vid\u00e9o) : http:\/\/www.francetvinfo.fr\/economie\/industrie\/renaissance-de-l-industrie-a-saint-etienne-empecher-la-disparition-d-un-savoir-faire_2130049.html\n\n<strong>-&#8220;Les m\u00e9tiers des \u00e9nergies renouvelables embauchent&#8221; (vid\u00e9o) : <\/strong> http:\/\/www.francetvinfo.fr\/monde\/environnement\/emploi-les-metiers-des-energies-renouvelables-embauchent_2131723.html\n\n-&#8220;Ultimes tensions au sommet de l&#8217;Etat sur l&#8217;arr\u00eat de Fessenheim&#8221; (Jean-Michel Bezat) : http:\/\/www.lemonde.fr\/economie\/article\/2017\/04\/05\/ultimes-tensions-au-sommet-de-l-etat-sur-l-arret-de-fessenheim_5106238_3234.html?xtmc=fessenheim&#038;xtcr=1\n\n-Quatre questions sur l&#8217;arr\u00eat de la centrale de Fessenheim (Anne Feitz) : https:\/\/www.lesechos.fr\/industrie-services\/energie-environnement\/0211948673843-fessenheim-4-questions-sur-larret-de-la-doyenne-des-centrales-nucleaires-2077768.php\n\n-&#8220;Il n&#8217;y a aucune raison de fermer Fessenheim&#8221; (Philippe Page Le M\u00e9rour, d\u00e9l\u00e9l\u00e9gu\u00e9 syndical central d&#8217;entreprise CGT d&#8217;EDF; vid\u00e9o) : https:\/\/www.youtube.com\/watch?v=FFsgA8i_aho\n\n<strong>-A Reims, Soissons et Laon, parcours d&#8217;obstacles pour les personnes handicap\u00e9es (Delphine Evenou; son) <\/strong> : https:\/\/www.franceinter.fr\/emissions\/le-zoom-de-la-redaction\/le-zoom-de-la-redaction-05-avril-2017\n\n<strong>-&#8220;Personne ne peut pr\u00e9tendre \u00e0 une d\u00e9mocratie avec 10% d&#8217;illettr\u00e9s en France&#8221; (Thierry Lepaon, pr\u00e9sident de l&#8217;Agence nationale de lutte contre l&#8217;illettrisme; invit\u00e9 de Jean-Paul Chapel: vid\u00e9o) : <\/strong> http:\/\/www.francetvinfo.fr\/replay-radio\/question-d-education\/video-thierry-lepaon-personne-ne-peut-pretendre-a-une-democratie-avec-10-d-illettres-en-france_2130827.html\n\n<em>-Les Fran\u00e7ais et la recherche (CSA) :<\/em> https:\/\/www.csa.eu\/fr\/survey\/1ere-edition-de-lobservatoire-les-fran%C3%A7ais-et-la-recherche\n\n<strong>-Nouvelle croisade de &#8220;Race for Water&#8221; contre les plastiques en mer (Nathalie Fontrel; son et vid\u00e9o) <\/strong> : https:\/\/www.franceinter.fr\/emissions\/planete-environnement\/planete-environnement-05-avril-2017\n\n-&#8220;Les acheteurs sont tr\u00e8s attentifs au niveau des taux d&#8217;emprunt. Le logement est absent de la campagne \u00e9lectorale&#8221; (Bernard Cadeau, du r\u00e9seau Orfi, interrog\u00e9 par Nicolas Pierron; son du 5 avril) : https:\/\/www.radioclassique.fr\/radio\/emissions\/matinale-de-radio-classique\/l-invite-de-l-economie\/\n\n-A Paris, des fouilles autoris\u00e9es dans les transports (vid\u00e9o) : http:\/\/www.francetvinfo.fr\/monde\/terrorisme-djihadistes\/paris-fouilles-autorisees-dans-les-transports_2131729.html\n\n<strong>-A Saint-Denis (93) pour la cinqui\u00e8me ann\u00e9e, le concours d&#8217;\u00e9loquence de la Seine-Saint-Denis (vid\u00e9o)<\/strong> : http:\/\/www.francetvinfo.fr\/france\/ile-de-france\/seine-saint-denis\/concours-d-eloquence-faire-entendre-sa-voix-a-saint-denis_2131721.html\n\n<strong>POLITIQUE<\/strong>\n\n<strong>-&#8220;Jean-Luc M\u00e9lenchon : la dynamique !&#8221; (Patrick Le Hyaric; pi\u00e8ce jointe);\n<\/strong>\n\n-Pierre Laurent en campagne pour Jean-Luc M\u00e9lenchon \u00e0 Strasbourg (vid\u00e9o) : http:\/\/france3-regions.francetvinfo.fr\/grand-est\/bas-rhin\/strasbourg-0\/strasbourg-pierre-laurent-preside-reunion-soutien-jean-luc-melenchon-1228211.html\n\n<strong>-&#8220;A 11, ce n&#8217;\u00e9tait pas simple. L&#8217;objectif de Jean-Luc M\u00e9lenchon \u00e9tait de monter qu&#8217;il est pr\u00eat \u00e0 gouverner.  Il faut le changement mais tranquillement. Je f\u00e9licite Philippe Poutou pour sa r\u00e9partie \u00e0 Marine Le Pen. Je ne l&#8217;ai pas trouv\u00e9e en grande forme. Sur l&#8217;Europe, il y a un vrai d\u00e9bat  avec Beno\u00eet Hamon qui est sur la position de Fran\u00e7ois Hollande et des sociaux d\u00e9mocrates-europ\u00e9ens. Ce que porte Jean-Luc M\u00e9lenchon, c&#8217;est l&#8217;exigence de la R\u00e9publique sociale&#8221; (Alexis Corbi\u00e8re, son porte-parole; face \u00e0 Caroline Roux; vid\u00e9o) : <\/strong> http:\/\/www.france2.fr\/emissions\/telematin\/actu\/les-4-verites-alexis-corbiere_563689\n\n-&#8220;Il y a un caract\u00e8re extr\u00eamement incertain dans cette \u00e9lection. Jean-Luc M\u00e9lenchon a choisi de ne pas parler \u00e0 une cat\u00e9gorie mais \u00e0 tout le monde. On verra le 23 avril prochain si il y a une adh\u00e9sion \u00e0 ses id\u00e9es. Nous on le sent sur le terrain (Manuel Bompard, coordinateur de la campagne, avant le d\u00e9bat, invit\u00e9 de Mardi Politique; vid\u00e9o) : http:\/\/www.rfi.fr\/video\/20170404-manuel-bompard-directeur-campagne-jean-luc-melenchon\n\n-&#8220;Le seul candidat \u00e0 pouvoir tenir t\u00eate \u00e0 Marine Le Pen, c&#8217;est Jean-Luc M\u00e9lenchon&#8221; (l&#8217;\u00e9conomiste Jacques Sapir; vid\u00e9o) : https:\/\/www.youtube.com\/watch?v=P7eXh4PmV_g\n\n-&#8220;Il me fait retrouver l&#8217;optimisme de ma jeunesse&#8221; (Isabelle Mergault (cit\u00e9e par Patrick Cabannes) : http:\/\/tvmag.lefigaro.fr\/programme-tv\/isabelle-mergault-melenchon-me-fait-retrouver-l-optimisme-de-ma-jeunesse-_166352e0-1929-11e7-b9ca-d0be96cb32e5\/\n\n-&#8220;Il y a l&#8217;histoire du vote utile. Il y a une diff\u00e9rence entre ce que les gens ont dans leurs t\u00eates et leurs votes. Redonner une conscience de classe, c&#8217;est pas facile. Ce qui nous s\u00e9pare avec Jean-Luc M\u00e9lenchon, c&#8217;est l&#8217;expropriation des banques. Nous, on n&#8217;est pas pour la r\u00e9volution douce. La solution, c&#8217;est ce qui se passe en Guyane&#8221; (Philippe Poutou, candidat du NPA, invit\u00e9 de Fabien Namias sur Europe1; vid\u00e9o) : http:\/\/www.dailymotion.com\/video\/x5hbczq_debat-fn-programme-philippe-poutou-repond-aux-questions-de-fabien-namias_news\n\n-&#8220;Nous, on n&#8217;a pas d&#8217;immunit\u00e9 ouvri\u00e8re&#8221; (Philippe Poutou; vid\u00e9o) : http:\/\/www.bfmtv.com\/mediaplayer\/video\/quand-poutou-s-attaque-a-fillon-et-le-pen-sur-la-morale-en-politique-930893.html\n\n-&#8220;Quand on est mal pay\u00e9, que ce soit en franc ou en euro, on reste mal pay\u00e9&#8221; (Nathalie Arthaud; vid\u00e9o) : http:\/\/www.bfmtv.com\/mediaplayer\/video\/nathalie-arthaud-quand-on-est-mal-paye-en-franc-ou-en-euro-on-reste-mal-paye-930887.html\n\n-&#8220;Fichez-nous la paix avec votre religion !&#8221; (Jean-Luc M\u00e9lenchon; vid\u00e9o) : http:\/\/www.bfmtv.com\/mediaplayer\/video\/fichez-nous-la-paix-avec-la-religion-lance-melenchon-a-le-pen-930903.html\n\n-&#8220;Ce d\u00e9bat \u00e9tait tr\u00e8s int\u00e9ressant. Pour la premi\u00e8re fois depuis tr\u00e8s longtemps, Marine Le Pen a \u00e9t\u00e9 en extr\u00eame difficult\u00e9. C&#8217;est une bonne nouvelle&#8221; (Julien Dray, conseiller r\u00e9gional PS d&#8217;Ile-de-France; vid\u00e9o) : http:\/\/www.dailymotion.com\/video\/x5hcvnl_debat-marine-le-pen-a-ete-en-difficulte-estime-julien-dray_news\n\n-Il \u00e9tait l&#8217;invit\u00e9 du &#8220;Club de la Presse&#8221; d&#8217;Europe1 (son) : http:\/\/www.europe1.fr\/emissions\/le-club-de-la-presse\/europe-soir-le-club-de-la-presse-julien-dray-et-jean-quatremer-05042017-3221900\n\n<strong>-&#8220;Quand on est socialiste, on vote pour le candidat issu de la primaire. Il y a des contraintes morales. On a sign\u00e9 des documents. Si dans la derni\u00e8re semaine, on se rend compte qu&#8217;il y a un p\u00e9ril majeur, \u00e0 ce moment l\u00e0, on est oblig\u00e9 d&#8217;en tirer les cons\u00e9quences, y compris \u00e9lectorales, mais on n&#8217;est pas dans cette s\u00e9quence&#8221; (Julien Dray, conseiller r\u00e9gional PS de la R\u00e9gion Ile-de-France, invit\u00e9 d&#8217;Yves Calvi; vid\u00e9o) : <\/strong> http:\/\/www.lci.fr\/replay\/l-invite-de-24-heures-en-questions-du-4-avril-2017-julien-dray-conseiller-ps-de-la-region-ile-de-france-2043547.html\n\n<strong>-&#8220;Cette attaque au gaz chimique montre que ceux qui ont fait preuve de complaisance \u00e0 l&#8217;\u00e9gard de Bachar al-Assad -je pense \u00e0 Fran\u00e7ois Fillon, je pense \u00e0 Marine Le Pen et je pense \u00e0 Jean-Luc M\u00e9lenchon- c&#8217;est vraiment criminel. Il y a des candidats qui sont des ventriloques de Vladimir Poutine&#8221; (Aur\u00e9lie Filippetti, ancienne ministre PS de la Culture, invit\u00e9e de &#8220;l&#8217;Epreuve de V\u00e9rit\u00e9&#8221; sur les cha\u00eenes parlementaires. A ne pas manquer, le comportement des journalistes qui, ouvertement, invite l&#8217;ancienne ministre \u00e0 charger la barque de Jean-Luc M\u00e9lenchon;   vid\u00e9o)<\/strong> : https:\/\/www.dailymotion.com\/video\/x5h9xdg_invite-aurelie-filippetti-l-epreuve-de-verite-04-04-2017_tv\n\n-&#8220;Un massacre de plus en Syrie. C&#8217;est tr\u00e8s important que la Russie ait r\u00e9agi tout de suite en parlant de la responsabilit\u00e9 de Assad. La France doit maintenir son effort de pr\u00e9sence et d&#8217;intervention \u00e0 l&#8217;\u00e9tranger en recevant l&#8217;aide des autres pays europ\u00e9ens. L&#8217;organisation du d\u00e9bat a \u00e9t\u00e9 \u00e0 la hauteur, avec un c\u00f4t\u00e9 t\u00e9l\u00e9-r\u00e9alit\u00e9. Le moment le plus fort, c&#8217;est quand Philippe Poutou a attaqu\u00e9 Marine Le Pen. Je ne veux pas polluer l&#8217;\u00e9lection pr\u00e9sidentielle avec les l\u00e9gislatives&#8221; (Fran\u00e7ois Bayrou, pr\u00e9sident du MoDem; face \u00e0 Jean-Jacques Bourdin; vid\u00e9o) : http:\/\/www.bfmtv.com\/mediaplayer\/video\/francois-bayrou-face-a-jean-jacques-bourdin-en-direct-930979.html\n\n-Ce que l&#8217;on sait de cette nouvelle attaque en Syrie (David Namias) : http:\/\/www.bfmtv.com\/international\/syrie-ce-que-l-on-sait-de-la-nouvelle-attaque-chimique-1136136.html#?xtor\n\n-&#8220;\u00c7a fait un an qu&#8217;Emmanuel Macron est la cible parce qu&#8217;il d\u00e9range. Cela nous arrange. Il ne faut pas reprendre les m\u00eames et pour \u00eatre un pr\u00e9sident exemplaire, il faut avoir \u00e9t\u00e9 un candidat exemplaire&#8221; (Benjamin Griveau, porte-parole d&#8217;Emmanuel Macron, interrog\u00e9 par Jean-Pierre Elkabbach; vid\u00e9o, amener le curseur sur 13:28) :  http:\/\/www.cnews.fr\/chroniques\/linterview-de-jean-pierre-elkabbach\/bruno-retailleau-et-benjamin-griveaux-invites-de-jean-pierre-elkabbach-174257  \n\n-&#8220;Fran\u00e7ois Fillon a mis et de la hauteur et du s\u00e9rieux dans ce d\u00e9bat&#8221; (Eric Ciotti, d\u00e9put\u00e9 LR des Alpes Maritimes; face \u00e0 Guillaume Durand; vid\u00e9o) : https:\/\/www.dailymotion.com\/video\/x5hbfc0_francois-fillon-a-mis-de-la-hauteur-et-du-serieux-dans-ce-debat-eric-ciotti-05-04-2017_news\n\n-&#8220;Il est apparu comme un chef d&#8217;Etat, le seul \u00e0 venir sur la dette publique. Pour le d\u00e9bat du 20 avril, c&#8217;est tous ou rien&#8221; (Bruno Retailleau, porte-parole de Fran\u00e7ois Fillon; face \u00e0 Jean-Pierre Elkabbach; vid\u00e9o) : http:\/\/www.cnews.fr\/chroniques\/linterview-de-jean-pierre-elkabbach\/bruno-retailleau-et-benjamin-griveaux-invites-de-jean-pierre-elkabbach-174257\n\n-Il \u00e9tait l&#8217;invit\u00e9 de &#8220;Mardi Politique&#8221; sur France 24 (vid\u00e9o) : http:\/\/www.rfi.fr\/video\/20170404-bruno-retailleau-president-groupe-lr-senat\n\n-&#8220;Voter Macron, c&#8217;est prendre le risque de faire \u00e9lire Le Pen&#8221; (Luc Chatel, porte-parole de Fran\u00e7ois Fillon; invit\u00e9 de la matinale de Franceinfo; vid\u00e9o) : http:\/\/www.dailymotion.com\/video\/x5hbla9_luc-chatel-juge-que-voter-macron-c-est-prendre-le-risque-de-faire-elire-le-pen_news\n\n-&#8220;Je me suis retir\u00e9 de sa campagne (de Fran\u00e7ois Fillon). La tournure qu&#8217;elle a prise me perturbait. J&#8217;ai constat\u00e9 qu&#8217;un grand nombre  de maires ont fait le m\u00eame choix que moi. La candidature d&#8217;Emmanuel Macron est plus friable que ce que disent les sondages. S&#8217;il l&#8217;emporte, ce sera une situation in\u00e9dite avec la possibilit\u00e9 d&#8217;une recomposition&#8221; (Edouard Philippe, d\u00e9put\u00e9-maire du Havre; invit\u00e9 de Patrick Poivre d&#8217;Arvor; son du 4 avril) : https:\/\/www.radioclassique.fr\/radio\/emissions\/le-19h20h\/grand-debat-soir\/\n\n-&#8220;C&#8217;\u00e9tait moins convenu. France T\u00e9l\u00e9vision n&#8217;a qu&#8217;\u00e0 laisser les pupitres vides le 20. Je souhaite que ce ne soit pas la rue qui gouverne&#8221; (Nicolas Dupont-Aignan, candidat de &#8220;Debout la France&#8221;, face \u00e0 Guillaume Durand; son du 5 avril) :  https:\/\/www.radioclassique.fr\/radio\/emissions\/matinale-de-radio-classique\/l-invite-du-matin\/\n\n-&#8220;Si la Russie de Poutine avait organis\u00e9 un d\u00e9bat t\u00e9l\u00e9vis\u00e9 avec la moiti\u00e9 des candidats, ici on crierait \u00e0 la dictature. J&#8217;attaque Emmanuel Macron parce que je vais l&#8217;affronter au deuxi\u00e8me tour&#8221; (il \u00e9tait l&#8217;invit\u00e9 d&#8217;Audrey Crespo-Mara qu&#8217;il avait abandonn\u00e9e sur le plateau de TF1. Il s&#8217;est refus\u00e9 \u00e0 critiquer Marine Le Pen; vid\u00e9o) : http:\/\/www.lci.fr\/replay\/l-invite-politique-de-8h15-du-5-avril-2017-nicolas-dupont-aignan-candidat-a-l-election-presidentielle-2043544.html%3Ftype=content\n\n-&#8220;\u00c7a n&#8217;a pas chang\u00e9 grand chose. Les partisans de Fran\u00e7ois Fillon sont rest\u00e9s derri\u00e8re le corbillard. J&#8217;ai appr\u00e9ci\u00e9 la fra\u00eecheur de ceux qu&#8217;on appelle &#8220;les petits candidats&#8221;. Je ne suis pas ici pour \u00eatre votre faire-valoir madame, vous n&#8217;avez pas besoin de \u00e7a&#8221; (Gilbert Collard, d\u00e9put\u00e9 &#8220;Bleu Marine&#8221; du Gard; invit\u00e9 d&#8217;Elizabeth Martichoux; vid\u00e9o) : http:\/\/www.dailymotion.com\/video\/x5hbdhd_gilbert-collard-etait-l-invite-de-rtl-le-5-avril-2017_news\n\n-&#8220;C&#8217;est vrai, il y a sept ans, j&#8217;ai \u00e9t\u00e9 salari\u00e9 trois mois dans la r\u00e9gion Nord-Pas-de-Calais alors que j&#8217;\u00e9tais \u00e9lu en PACA. Je travaillais aux c\u00f4t\u00e9s de Marine Le Pen, ce que tout le monde  sait mais pourquoi une telle affaire sort-elle maintenant ? Pour justifier ma mise sur \u00e9coute ?&#8221; (David Rachline, directeur de cabinet de Marine Le Pen; vid\u00e9o) :  http:\/\/www.lcp.fr\/la-politique-en-video\/le-directeur-de-campagne-de-marine-le-pen-reconnait-avoir-ete-salarie-3-mois\n\n-Il \u00e9tait l&#8217;invit\u00e9 de &#8220;Politique matin&#8221;, interrog\u00e9 par Brigitte Boucher (vid\u00e9o, amener le curseur sur 29:46) : http:\/\/www.lcp.fr\/emissions\/politique-matin\/282795-politique-matin\n\n<strong>-&#8220;Nous n&#8217;avons rien appris, mais les t\u00e9l\u00e9spectateurs ont vu &#8220;les petits candidats&#8221; rappeler quelques v\u00e9rit\u00e9s que les autres n&#8217;auraient jamais os\u00e9 dire. Mais une seule fois, \u00e7a suffit&#8221; (Thomas Legrand; son) <\/strong> : https:\/\/www.franceinter.fr\/emissions\/l-edito-politique\/l-edito-politique-05-avril-2017\n\n-&#8220;Cette campagne est passionnante&#8221; (Yves Thr\u00e9ard; vid\u00e9o) : http:\/\/www.dailymotion.com\/video\/x5hb82b_presidentielle-cette-campagne-est-passionnante_news\n\n-&#8220;Ce d\u00e9bat avait tous les d\u00e9fauts possibles mais il avait le m\u00e9rite d&#8217;exister. Il y avait une in\u00e9galit\u00e9 de niveau entre les candidats&#8221; (Guillaume Tabard du &#8220;Figaro&#8221;; son du 5 avril; son) : https:\/\/www.radioclassique.fr\/radio\/emissions\/matinale-de-radio-classique\/22630-2\/\n\n-&#8220;Sur 11 candidats, 10 ont \u00e9t\u00e9 contre l&#8217;un des deux trait\u00e9s europ\u00e9ens. Les manants \u00e9taient invit\u00e9s \u00e0 la table des seigneurs&#8221; (Jean-Louis Bourlanges, ancien eurod\u00e9put\u00e9 centriste; vid\u00e9o) : https:\/\/www.dailymotion.com\/video\/x5hbfsw_sur-11-candidats-10-ont-ete-contre-l-un-des-2-traites-europeens-jean-louis-bourlanges-05-04-2017_news\n\n-&#8220;Pas s\u00fbr que ce d\u00e9bat ait vraiment \u00e9clair\u00e9 le choix des \u00e9lecteurs&#8221; (Alba Ventura; vid\u00e9o) : http:\/\/www.dailymotion.com\/video\/x5hbio5_alba-ventura-pas-sur-que-ce-debat-ait-vraiment-eclaire-le-choix-des-electeurs_news\n\n-&#8220;Moi, pr\u00e9sident&#8221; (Herv\u00e9 Pauchon; son) :  https:\/\/www.franceinter.fr\/emissions\/moi-president\/moi-president-05-avril-2017\n\n-Le S\u00e9nat propose une loi &#8220;pour sauver la justice&#8221; (le s\u00e9nateur LR de la Manche, Philippe Bas, pr\u00e9sident de la commission d&#8217;enqu\u00eate pluraliste: vid\u00e9o) : https:\/\/www.dailymotion.com\/video\/x5hc387_le-senat-propose-une-loi-pour-sauver-la-justice_tv\n\n<em>-Le dossier de presse de pr\u00e9sentation du rapport (document) : <\/em> http:\/\/www.senat.fr\/fileadmin\/Fichiers\/Images\/commission\/lois\/Dossier_de_presse.pd\n\n-Les affiches des 11 candidats (diaporama) : http:\/\/www.bfmtv.com\/diaporama\/decouvrez-les-affiches-des-candidats-a-la-presidentielle-2017-4622\/emmanuel-macron-1\/\n\n<strong>-La moralisation et la transparence de la vie politique, des th\u00e8mes prioritaires pour les \u00e9lecteurs (Jean-Baptiste Marteau; vid\u00e9o) :<\/strong>  http:\/\/www.francetvinfo.fr\/politique\/francois-fillon\/affaires-fillon\/presidentielle-la-moralisation-des-politiques-un-theme-prioritaire-pour-les-electeurs_2131083.html\n\n<em>-Le sondage (IPSOS) <\/em> : http:\/\/www.ipsos.fr\/decrypter-societe\/2017-04-05-presidentielle-2017-francais-et-moralisation-vie-politique\n\n<em>-Radiographie de l&#8217;\u00e9lectorat d&#8217;Emmanuel Macron (IFOP) <\/em> : http:\/\/www.ifop.com\/?option=com_publication&#038;type=poll&#038;id=3718\n\n<em>-L&#8217;enqu\u00eate post-d\u00e9bat du 4 avril (HARRIS) :<\/em> http:\/\/harris-interactive.fr\/opinion_polls\/enquete-post-2eme-debat-de-lelection-presidentielle-de-2017\/\n\n<em>-Les r\u00e9action apr\u00e8s ce d\u00e9bat (OPINION-WAY) :<\/em> https:\/\/www.opinion-way.com\/fr\/component\/edocman\/?task=document.viewdoc&#038;id=1589&#038;Itemid=0\n\n<em>-Les intentions de vote au 5 avril (OPINION-WAY) : <\/em> http:\/\/opinionlab.opinion-way.com\/opinionlab\/832\/627\/presitrack.html#m5\n\n<em>-Le m\u00eame (IFOP) <\/em> : http:\/\/dataviz.ifop.com:8080\/HNS\/HNSAdmin\/start.appli?appid=60930&#038;logonUser=USERWEB&#038;logonPswcd=ZnJhbmNvaXNF\n\n<strong>EUROPE-MONDE<\/strong>\n\n-La commission d&#8217;enqu\u00eate sur les moteurs diesel truqu\u00e9s a rendu un verdict s\u00e9v\u00e8re mais le Parlement europ\u00e9en a refus\u00e9 l&#8217;id\u00e9e d&#8217;une agence europ\u00e9enne ind\u00e9pendante (Daniel Cohn-Bendit; son) : http:\/\/www.dailymotion.com\/video\/x5hbai8_verdict-pour-le-scandale-des-moteurs-diesels-truques_news\n\n-Les eurod\u00e9put\u00e9s modifient les r\u00e8gles de contr\u00f4le des v\u00e9hicules (St\u00e9phanie Senet) : http:\/\/www.euractiv.fr\/section\/plan-te\/news\/apres-le-dieselgate-les-eurodeputes-modifient-les-controles-de-vehicules\/?nl_ref\n\n-McDonald&#8217;s soup\u00e7onn\u00e9 de pratiques anticoncurrentielles : http:\/\/www.euractiv.fr\/section\/concurrence\/news\/mcdonalds-soupconne-de-pratiques-anticoncurrentielles-en-europe\/?nl_ref\n\n<strong>-&#8220;La N\u00e9gociation&#8221;, un documentaire de Nicolas Frank sur la r\u00e9forme de la Pac engag\u00e9e en 2012, disponible sur le site de T\u00e9l\u00e9rama  du 7 au 16 avril (Manon Flausch) <\/strong> : http:\/\/www.euractiv.fr\/section\/politique\/news\/la-negociation-plongee-documentaire-dans-les-coulisses-de-la-pac\/?nl_ref\n\n-&#8220;Le d\u00e9part anglais favorise-t-il la puissance allemande ?&#8221; (Christian Makarian de &#8220;L&#8217;Express&#8221;; son) : https:\/\/www.franceinter.fr\/emissions\/meridien-d-europe\/meridien-d-europe-05-avril-2017\n\n-Theresa May fait son march\u00e9 au Moyen Orient et la d\u00e9mission du pr\u00e9sident de l&#8217;Eurogroupe est r\u00e9clam\u00e9e par de plus en plus de pays, \u00e0 l&#8217;exception de l&#8217;Allemagne(Hughes Beaudoin; son du 4 avril) : https:\/\/www.radioclassique.fr\/radio\/emissions\/le-19h20h\/24h-en-europe\/\n\n-L&#8217;Ecosse veut pouvoir accueillir plus de migrants : http:\/\/www.euractiv.fr\/section\/royaume-uni-en-europe\/news\/scotland-demands-powers-to-bring-in-more-migrants\/?nl_ref\n\n<strong>-Des villes europ\u00e9ennes tendent la main \u00e0 l&#8217;universit\u00e9 Soros \u00e0 Budapst, menac\u00e9e de fermeture par le gouvernement (Sam Morgan) : <\/strong> http:\/\/www.euractiv.fr\/section\/culture\/news\/under-threat-soros-university-thrown-lifeline-by-other-european-cities\/?nl_ref=34956194\n\n<strong>-A Oman, les fjords d&#8217;Arabie attirent les touristes (vid\u00e9o) : <\/strong> http:\/\/www.francetvinfo.fr\/replay-jt\/france-2\/20-heures\/oman-les-fjords-d-arabie-attirent-les-touristes_2130023.html\n\n<strong>-Le r\u00e9gime syrien accus\u00e9 (vid\u00e9o) <\/strong> : http:\/\/www.francetvinfo.fr\/monde\/revolte-en-syrie\/attaque-chimique-en-syrie\/attaque-chimique-le-regime-syrien-accuse_2131725.html\n\n-&#8220;Les raisons de Bachar al-Assad&#8221; (Bernard Guetta; son) : https:\/\/www.franceinter.fr\/emissions\/geopolitique\/geopolitique-05-avril-2017\n\n<strong>-&#8220;C&#8217;est une attaque chimique, il n&#8217;y a aucun doute&#8221; (le m\u00e9decin urgentiste Rapha\u00ebl Pitty; interrog\u00e9 par Thomas Sotto; son) : <\/strong> http:\/\/www.dailymotion.com\/video\/x5hba43_raphael-pitti-sur-la-syrie-c-est-une-attaque-chimique-il-n-y-a-aucun-doute_news\n\n-&#8220;Condamnation unanime&#8221; (vid\u00e9o) : http:\/\/www.francetvinfo.fr\/monde\/revolte-en-syrie\/attaque-chimique-en-syrie\/syrie-condamnation-unanime-apres-l-attaque-chimique_2131025.html\n\n-Le Conseil de s\u00e9curit\u00e9 de l&#8217;ONU reporte son vote (vid\u00e9os) : http:\/\/www.leparisien.fr\/international\/attaque-chimique-en-syrie-face-au-veto-russe-le-conseil-de-securite-de-l-onu-reporte-son-vote-05-04-2017-6828915.php\n\n<strong>-Aux Etats-Unis, la baisse de l&#8217;esp\u00e9rance de vie des hommes de la classe moyenne blanche (vid\u00e9o) :<\/strong> http:\/\/www.francetvinfo.fr\/economie\/emploi\/chomage\/etats-unis-une-etude-choc-sur-la-baisse-de-l-esperance-de-vie-des-hommes-de-classe-moyenne-blanche_2129989.html\n\n<strong>CULTURE-MEDIAS<\/strong>\n\n<strong>-&#8220;On adore d\u00e9tester, on est au spectacle d&#8217;une parole dont on n&#8217;attend plus d&#8217;effet de v\u00e9rit\u00e9&#8221;. L&#8217;historien Patrick Boucheron, professeur au Coll\u00e8ge de France, \u00e9tait l&#8217;invit\u00e9 de la matinale de France Inter. Il r\u00e9pondait aux questions de Patrick Cohen et des auditeurs (vid\u00e9os) : <\/strong> https:\/\/www.franceinter.fr\/emissions\/l-invite-de-8h20\/l-invite-de-8h20-05-avril-2017\n\n<strong>-&#8220;La v\u00e9rit\u00e9, avant, apr\u00e8s&#8221;, sa conf\u00e9rence au Coll\u00e8ge de France (vid\u00e9o) :  <\/strong> http:\/\/www.college-de-france.fr\/site\/patrick-boucheron\/course-2017-01-17-11h00.htm\n\n<em>-La p\u00e9tition pour la libert\u00e9 de l&#8217;information de &#8220;Reporters sans fronti\u00e8res&#8221; : <\/em> https:\/\/rsf.org\/\n\n<strong>-A la Cit\u00e9 des sciences et de l&#8217;industrie de Paris, l&#8217;exposition &#8220;Terra Data, nos vies \u00e0 l&#8217;\u00e8re du num\u00e9rique&#8221; (Sophie B\u00e9cherel; son) <\/strong> :  https:\/\/www.franceinter.fr\/emissions\/grand-angle\/grand-angle-05-avril-2017\n\n-&#8220;Je veux m&#8217;inscrire dans une politique de d\u00e9mocratisation culturelle&#8221; (Beno\u00eet Hamon, invit\u00e9 de Guillaume Erner (son et vid\u00e9o) : https:\/\/www.franceculture.fr\/emissions\/linvite-des-matins-2eme-partie\/benoit-hamon-je-veux-minscrire-dans-une-politique-de#xtor\n\n-Ce que propose Jean-Luc M\u00e9lenchon (Zo\u00e9 Sfez; son) : https:\/\/www.franceculture.fr\/emissions\/le-journal-de-la-culture\/democratisation-de-la-culture-retour-de-letat-le-programme-de\n\n-Le romancier Fran\u00e7ois Garde, invit\u00e9 de &#8220;Passion classique&#8221; d&#8217;Olivier Bellamy (son du 4 avril) : https:\/\/www.radioclassique.fr\/radio\/emissions\/passion-classique\/\n\n<strong>-&#8220;Corporate&#8221;, le film de Nicolas Silhol, relate la trag\u00e9die des suicides de France Telecom. L&#8217;opinion de la secr\u00e9taire du syndicat des DRH B\u00e9n\u00e9dicte Ravache; interrog\u00e9e par Eric Devaux; son) <\/strong> : https:\/\/www.franceinter.fr\/emissions\/l-invite-du-5-7\/l-invite-du-5-7-05-avril-2017\n\n<strong>-Prolongation ici pour le documentaire de Bertrand Bonello &#8220;Sarah Winchester, l&#8217;op\u00e9ra fant\u00f4me&#8221; (vid\u00e9o)<\/strong> : https:\/\/www.youtube.com\/watch?v=DYObR4fUkIc\n\n-Corinne Masiero dans le film de Cyril Mennegun &#8220;La Consolation&#8221;, invit\u00e9e de Francis Letellier (vid\u00e9o) : http:\/\/www.francetvinfo.fr\/culture\/cinema\/cinema-corinne-masiero-n-est-pas-seulement-le-capitaine-marleau_2130849.html\n\n<strong>-&#8220;L&#8217;Am\u00e9rique de la romanci\u00e8re Louise Erdrich&#8221;, invit\u00e9e d&#8217;Augustin Trapenard (son) : <\/strong> https:\/\/www.franceinter.fr\/emissions\/boomerang\/boomerang-05-avril-2017\n\n<strong>-&#8220;Territory&#8221; du duo The Blaze (Didier Varrod; vid\u00e9o) : <\/strong> https:\/\/www.franceinter.fr\/emissions\/pop-co\/pop-co-05-avril-2017\n\n<strong>-La playlist jazz de Nathalie Piol\u00e9 (son) : <\/strong> https:\/\/www.francemusique.fr\/emissions\/banzzai\/la-playlist-jazz-de-nathalie-piole-ella-fitzgerald-lionel-hampton-lionel-hampton-django-reinhardt-and-more-33041\n\n<strong>-Jean-Baptiste P\u00e9reti\u00e9 est le r\u00e9alisateur du documentaire &#8220;Moi candidat&#8221;, diffus\u00e9 hier sur Canal +. Il \u00e9tait l&#8217;invit\u00e9 de Sonia Devillers (vid\u00e9o, amener le curseur sur 5:54) :<\/strong> http:\/\/www.dailymotion.com\/video\/x5hbmtl_presidentielle-dans-la-peau-des-candidats_news\n\n-&#8220;La r\u00e9volution des d\u00e9bats t\u00e9l\u00e9&#8221; (Marcelo Wesfreid du &#8220;Figaro&#8221;; son) : https:\/\/www.franceinter.fr\/emissions\/histoires-politiques\/histoires-politiques-05-avril-2017\n\n<strong>-France 2 abandonne le d\u00e9bat \u00e0 11 du 20 avril (Engu\u00e9rand Renault) :<\/strong> http:\/\/www.lefigaro.fr\/politique\/le-scan\/2017\/04\/05\/25001-20170405ARTFIG00248-presidentielle-france-2-abandonne-le-second-debat-entre-les-onze-candidats.php\n\n-&#8220;Il a au moins eu le m\u00e9rite d&#8217;exister&#8221; (J\u00e9r\u00f4me Ivanichtchenko; vid\u00e9o) : http:\/\/www.dailymotion.com\/video\/x5hbh32_le-debat-a-au-moins-eu-le-merite-d-exister_news\n\n-Un carton d&#8217;audience pour BFMTV et CNews : http:\/\/www.lepoint.fr\/medias\/grand-debat-presidentiel-carton-d-audience-pour-bfm-tv-et-cnews-05-04-2017-2117383_260.php\n\n-&#8220;Un moment de t\u00e9l\u00e9-r\u00e9alit\u00e9. Tous ces gens avaient en commun d&#8217;\u00eatre en col\u00e8re&#8221; (Alain Duhamel et Guillaume Roquette; vid\u00e9o) : http:\/\/www.dailymotion.com\/video\/x5hbmnx_le-grand-debat-un-moment-de-tele-realite-selon-guillaume-roquette_news\n\n-&#8220;Aujourd&#8217;hui, nous sommes devant CNews&#8221; (Thierry Thuillier, directeur de LCI; vid\u00e9o) : http:\/\/www.dailymotion.com\/video\/x5hbjll_thierry-thuillier-sur-les-audiences-aujourd-hui-nous-sommes-devant-cnews_news\n\n-&#8220;Moi, candidat&#8221; (Patrick Cohen; vid\u00e9o) : https:\/\/www.franceinter.fr\/emissions\/le-7h43\/le-7h43-05-avril-2017\n\n-&#8220;Macron, c&#8217;est le maillot jaune, c&#8217;est normal qu&#8217;il soit attaqu\u00e9&#8221; (St\u00e9phane Guillon; invit\u00e9 d&#8217;Audrey Crespo-Mara; vid\u00e9o) : http:\/\/www.lci.fr\/replay\/l-invite-de-8h45-du-5-avril-2017-stephane-guillon-comedien-2043546.html\n\n-Le simulateur de revenu universel de Beno\u00eet Hamon bugge et annonce des pertes d&#8217;argent (Marie-Pierre Haddad; vid\u00e9o) : http:\/\/www.dailymotion.com\/video\/x5hagxf_hamon-son-simulateur-de-revenu-universel-bugge-et-annonce-des-pertes-d-argent_news\n\n-&#8220;Quand nos politiques croient aux astres&#8221; (Nicolas Domenach; vid\u00e9o) : http:\/\/www.dailymotion.com\/video\/x5hblkh_nicolas-domenach-quand-nos-politiques-croient-aux-astres_news\n\n<strong>-&#8220;Un d\u00e9bat chiant, bord\u00e9lique et mal cadr\u00e9&#8221; (Alain Jupp\u00e9, cit\u00e9 par Laurent Gerra; son) <\/strong> : http:\/\/www.dailymotion.com\/video\/x5hbftx_laurent-gerra-du-05-avril-2017_fun\n\n<strong>-&#8220;Gattaz pr\u00e9sident !&#8221; (Charline Vanhoenacker et Guillaume Meurice; vid\u00e9o) : <\/strong> https:\/\/www.franceinter.fr\/emissions\/le-billet-de-charline-vanhoenacker\/le-billet-de-charline-vanhoenacker-05-avril-2017\n\n-&#8220;Poutou et le peuple de droite&#8221; (Guillaume Meurice; vid\u00e9o) : https:\/\/www.youtube.com\/watch?v=CMFwDQ5VVNY&#038;feature=youtu.be\n\n<strong>-&#8220;Informer n&#8217;est pas un d\u00e9lit, c&#8217;est un d\u00e9fi&#8221; (Nicole Ferroni; vid\u00e9o) : <\/strong> http:\/\/www.dailymotion.com\/video\/x5hbj26_informer-n-est-pas-un-delit-c-est-un-defi-le-billet-de-nicole-ferroni_fun\n<h2 class=\"wp-block-heading\">Documents joints<\/h2>\n\n\n\n<div class=\"wp-block-file\"><a href=\"https:\/\/wp.muchomaas.com\/wp-content\/uploads\/2017\/04\/la_dynamique_melenchon-183.pdf\">la_dynamique_melenchon.pdf<\/a><\/div>\n\n\n","protected":false},"excerpt":{"rendered":"<p>ACTUALITE -La crise en Guyane va-t-elle d\u00e9boucher sur des revendications ind\u00e9pendantistes ? (Isabelle Hidair-Krivsky, ma\u00eetre de conf\u00e9rences \u00e0 l&#8217;universit\u00e9 de Cayenne; propos recueillis par Louis Boy) : http:\/\/www.francetvinfo.fr\/economie\/crise-en-guyane\/la-crise-en-guyane-va-t-elle-deboucher-sur-des-revendications-independantistes_2129243.html -&#8220;L&#8217;appel des solidarit\u00e9s et celui du monde de demain&#8221; (Thierry Kuhn d&#8217;Emma\u00fcs France; Mathieu Labonne de Colibris; Alix Mazounie de la fondation Nicolas Hulot et Jean-Christophe Sarrot [&hellip;]<\/p>\n","protected":false},"author":1042,"featured_media":0,"comment_status":"open","ping_status":"open","sticky":false,"template":"","format":"standard","meta":{"_themeisle_gutenberg_block_has_review":false,"footnotes":""},"categories":[151],"tags":[],"class_list":["post-10314","post","type-post","status-publish","format-standard","hentry","category-la-revue-de-presse-de-lulu"],"_links":{"self":[{"href":"https:\/\/archives.regards.fr\/index.php?rest_route=\/wp\/v2\/posts\/10314","targetHints":{"allow":["GET"]}}],"collection":[{"href":"https:\/\/archives.regards.fr\/index.php?rest_route=\/wp\/v2\/posts"}],"about":[{"href":"https:\/\/archives.regards.fr\/index.php?rest_route=\/wp\/v2\/types\/post"}],"author":[{"embeddable":true,"href":"https:\/\/archives.regards.fr\/index.php?rest_route=\/wp\/v2\/users\/1042"}],"replies":[{"embeddable":true,"href":"https:\/\/archives.regards.fr\/index.php?rest_route=%2Fwp%2Fv2%2Fcomments&post=10314"}],"version-history":[{"count":0,"href":"https:\/\/archives.regards.fr\/index.php?rest_route=\/wp\/v2\/posts\/10314\/revisions"}],"wp:attachment":[{"href":"https:\/\/archives.regards.fr\/index.php?rest_route=%2Fwp%2Fv2%2Fmedia&parent=10314"}],"wp:term":[{"taxonomy":"category","embeddable":true,"href":"https:\/\/archives.regards.fr\/index.php?rest_route=%2Fwp%2Fv2%2Fcategories&post=10314"},{"taxonomy":"post_tag","embeddable":true,"href":"https:\/\/archives.regards.fr\/index.php?rest_route=%2Fwp%2Fv2%2Ftags&post=10314"}],"curies":[{"name":"wp","href":"https:\/\/api.w.org\/{rel}","templated":true}]}}