{"id":10307,"date":"2017-04-05T07:12:53","date_gmt":"2017-04-05T05:12:53","guid":{"rendered":"https:\/\/wp.muchomaas.com\/article-la-revue-du-5-avril-2017\/"},"modified":"2017-04-05T07:12:53","modified_gmt":"2017-04-05T05:12:53","slug":"article-la-revue-du-5-avril-2017","status":"publish","type":"post","link":"https:\/\/archives.regards.fr\/?p=10307","title":{"rendered":"La Revue du 5 avril 2017"},"content":{"rendered":"<p><strong>ACTUALITE<\/strong><\/p>\n<p>-Le bras de fer continue en Guyane (vid\u00e9o) : http:\/\/www.francetvinfo.fr\/economie\/crise-en-guyane\/guyane-le-bras-de-fer-se-poursuit_2129659.html<\/p>\n<p><em>-&#8220;Combattre les violences faites aux femmes dans les outre-mer&#8221; (un rapport d&#8217;Ernestine Ronai et de Dominique Rivi\u00e8re, membres du Conseil \u00e9conomique, social et environnemental; document) : <\/em> http:\/\/www.lecese.fr\/sites\/default\/files\/pdf\/Fiches\/2017\/FI09_violences_femmes.pdf<\/p>\n<p><em>-Peut-on parler de pauvret\u00e9 scolaire ? (Centre d&#8217;observation de la soci\u00e9t\u00e9; document) <\/em> : http:\/\/www.observationsociete.fr\/education\/echec-scolaire\/peut-on-parler-de-pauvrete-scolaire.html<\/p>\n<p><strong>-Christophe Robert, d\u00e9l\u00e9gu\u00e9 g\u00e9n\u00e9ral de la Fondation Abb\u00e9 Pierre, a parl\u00e9 de &#8220;L&#8217;Appel des solidarit\u00e9s&#8221; au &#8220;Club de la Presse&#8221; d&#8217;Europe1 (son) : <\/strong> http:\/\/www.europe1.fr\/emissions\/le-club-de-la-presse\/europe-soir-le-club-de-la-presse-christophe-robert-et-eric-fassin-04042017-3221051<\/p>\n<p><strong>-La France, mauvaise \u00e9l\u00e8ve de la conditions p\u00e9nitentiaire (Delphine Boesel, pr\u00e9sidente de l&#8217;Observatoire international des prisons; invit\u00e9e de Guillaume Erner; son) : <\/strong> https:\/\/www.franceculture.fr\/emissions\/la-question-du-jour\/pourquoi-la-france-est-elle-le-mauvais-eleve-de-la-condition#xtor<\/p>\n<p>-Haribo veut supprimer une centaine d&#8217;emplois (vid\u00e9o) : http:\/\/www.francetvinfo.fr\/economie\/emploi\/chomage\/emploi-haribo-pourrait-supprimer-une-centaine-de-postes_2129673.html<\/p>\n<p>-Smoove, la petite smart-up de l&#8217;H\u00e9rault qui fait trembler JCDecaux (vid\u00e9o) : http:\/\/www.francetvinfo.fr\/economie\/transports\/velib-smoove-la-petite-start-up-de-l-herault-qui-fait-trembler-jcdecaux_2129683.html<\/p>\n<p>-A Villeneuve-sur-Lot, pionniers de l&#8217;agriculture bio (vid\u00e9o) : http:\/\/www.francetvinfo.fr\/economie\/emploi\/metiers\/agriculture\/a-la-decouverte-de-la-famille-pozzer-pionniere-de-l-agriculture-biologique_2129531.html<\/p>\n<p><strong>-M\u00e9tiers hors du commun, m\u00e9tiers \u00e0 risques (vid\u00e9o) : <\/strong> http:\/\/newscdn.newsrep.net\/h5\/nrvideo.html?r=3&#038;lan=fr_FR&#038;pid=14&#038;id=0Ub093708PL_fr&#038;app_lan=fr_FR&#038;mcc=208&#038;declared_lan<\/p>\n<p><strong>-Un an apr\u00e8s, le mauvais bilan de la loi de p\u00e9nalistion des clients de la prostitution  (Marc Dixneuf, directeur d&#8217;AIDES; vid\u00e9o) <\/strong> :<\/strong> http:\/\/www.francetvinfo.fr\/sante\/maladie\/penalisation-des-clients-des-prostitues-quel-bilan-un-an-apres_2129707.html<\/p>\n<p>-Anti-IVG, la guerre se joue d\u00e9sormais sur le web (Perrine Dutreil (vid\u00e9o) : http:\/\/television.telerama.fr\/television\/anti-ivg-la-guerre-se-joue-desormais-sur-le-web,155909.php<\/p>\n<p><strong>POLITIQUE<\/strong><\/p>\n<p><strong>-&#8220;Il s&#8217;agit de faire passer la France ind\u00e9cise \u00e0 la France insoumise. Nous ne sommes pas la gauche de la gauche, nous portons des pr\u00e9occupations qui sont majoritaires dans le pays. Beno\u00eet Hamon n&#8217;a pas besoin de M\u00e9lenchon pour que chaque jour quelqu&#8217;un de son propre camp lui plante un couteau dans le dos&#8221; (Alexis Corbi\u00e8re, porte-parole de Jean-Luc M\u00e9lenchon; invit\u00e9 d&#8217;Alexandra Bensaid; vid\u00e9o) : <\/strong> http:\/\/www.dailymotion.com\/video\/x5h8lfd_alexis-corbiere-il-s-agit-de-faire-passer-de-la-france-indecise-a-la-france-insoumise-l-invite-de-7h_news <\/p>\n<p>-Il \u00e9tait aussi l&#8217;invit\u00e9 d&#8217;Olivier Galzi sur CNews (vid\u00e9o) : http:\/\/www.cnews.fr\/chroniques\/linvite-dolivier-galzi\/alexis-corbiere-invite-dolivier-galzi-174230<\/p>\n<p>-Et \u00e9galement celui de &#8220;Politique matin&#8221; sur LCP (vid\u00e9o; amener le curseur sur 32:37) : http:\/\/www.lcp.fr\/emissions\/politique-matin\/282794-politique-matin<\/p>\n<p>-&#8220;Le soutien de Renaud ne fait pas d&#8217;Emmanuel Macron un anarchiste&#8221; (Danielle Simonnet, porte-parole  de Jean-Luc M\u00e9lenchon ; invit\u00e9e de la matinale de Franceinfo; vid\u00e9o) : http:\/\/www.dailymotion.com\/video\/x5h8tim_presidentielle-le-soutien-de-renaud-ne-fait-pas-d-emmanuel-macron-un-anarchiste-selon-danielle-simon_news<\/p>\n<p>-&#8220;Pour gagner, il faut allier projet de transformation sociale et d\u00e9marche de rassemblement&#8221; (Pierre Dhar\u00e9ville, secr\u00e9taire de la F\u00e9d\u00e9ration des Bouches-du-Rh\u00f4ne du PCF dans &#8220;La Marseillaise&#8221;; propos recueillis par L\u00e9o Purguette) : http:\/\/m.lamarseillaise.fr\/bouches-du-rhone\/politique\/59067-pour-gagner-il-faut-allier-projet-de-transformation-sociale-et-demarche-de-rassemblement<\/p>\n<p>-&#8220;Pour une fois, pendant ce d\u00e9bat, on sera sur un pied d&#8217;\u00e9galit\u00e9. Je mettrai l&#8217;accent sur le camp des travailleurs. On va voir des beaux-parleurs, des com\u00e9diens qui, au pouvoir, ne feront rien&#8221; (Nathlie Arthaud, candidate de LO, invit\u00e9e de Caroline Roux: vid\u00e9o) : http:\/\/www.france2.fr\/emissions\/telematin\/actu\/les-4-verites-nathalie-arthaud_563557<\/p>\n<p>-&#8220;Rester trois heures et demie debout, c&#8217;est le plus dur&#8221; (Philippe Poutou, candidat du NPA; vid\u00e9o) :<br \/>\nhttp:\/\/rmc.bfmtv.com\/mediaplayer\/video\/le-grand-debat-sur-bfmtv-rester-trois-heures-et-demi-debout-c-est-le-plus-dur-explique-philippe-poutou-930677.html<\/p>\n<p><strong>-Les sept s\u00e9quences du d\u00e9bat qu&#8217;il ne fallait pas manquer (vid\u00e9os) : <\/strong> http:\/\/www.francetvinfo.fr\/elections\/presidentielle\/videos-presidentielle-les-sept-sequences-a-retenir-du-grand-debat-a-onze-candidats_2130565.html#xtor<\/p>\n<p>-Jean-Luc M\u00e9lenchon jug\u00e9 le plus convainquant :http:\/\/www.francetvinfo.fr\/elections\/sondages\/presidentielle-jean-luc-melenchon-juge-le-plus-convaincant-du-debat-selon-un-sondage-elabe_2130577.html<\/p>\n<p><em>-Le sondage (ELABE) :<\/em> http:\/\/elabe.fr\/a-ete-plus-convaincant\/<\/p>\n<p>-Philippe Poutou remarqu\u00e9 \u00e0 dix reprises (vid\u00e9os) : http:\/\/www.francetvinfo.fr\/elections\/presidentielle\/videos-presidentielle-dix-fois-ou-philippe-poutou-s-est-distingue-pendant-le-grand-debat_2130039.html<\/p>\n<p>-12 dessins de presse pendant le d\u00e9bat : http:\/\/www.francetvinfo.fr\/elections\/presidentielle\/en-images-presidentielle-le-grand-debat-en-dix-dessins-de-presse-droles-et-moqueurs_2129923.html#xtor<\/p>\n<p>-21 tweets dr\u00f4les : http:\/\/www.francetvinfo.fr\/internet\/reseaux-sociaux\/twitter\/presidentielle-les-20-tweets-qui-nous-ont-fait-marrer-pendant-le-grand-debat_2130561.html#xtor<\/p>\n<p><strong>-L&#8217;int\u00e9grale pour ceux qui se sont endormis (vid\u00e9o) : <\/strong> http:\/\/www.francetvinfo.fr\/elections\/presidentielle\/direct-presidentielle-regardez-le-grand-debat-entre-les-11-candidats-sur-bfmtv-et-cnews_2129533.html#xtor<\/p>\n<p>-&#8220;Un d\u00e9bat t\u00e9l\u00e9vis\u00e9, une pr\u00e9sidentielle, plusieurs France&#8221; (Richard Werly du quotidien suisse &#8220;Le Temps&#8221; : https:\/\/www.letemps.ch\/monde\/2017\/04\/05\/second-debat-presidentiel-creuse-lecart-entre-favoris-petits-candidats?utm_campaign<\/p>\n<p><strong>-&#8220;La quasi totalit\u00e9 des conflits sont dus \u00e0 un probl\u00e8me climatique. La justice climatique, c&#8217;est une justice o\u00f9 on ne prend pas aux uns pour donner aux autres. C&#8217;est la premi\u00e8re fois qu&#8217;on demande aux dirigeants politiques pour qui ils vont voter. Il y a une vraie d\u00e9t\u00e9rioration du d\u00e9bat politique. J&#8217;attends de voir les d\u00e9bats. C&#8217;est Beno\u00eet Hamon et Jean-Luc M\u00e9lenchon qui se sont le plus investis sur les questions de l&#8217;environnement&#8221; (S\u00e9gol\u00e8ne Royal , qui convoite la direction du programme pour le d\u00e9loppement des Nations-Unies, \u00e9tait l&#8217;invit\u00e9e de la matinale de France Inter; interrog\u00e9e par Patrick Cohen er les auditeurs; vid\u00e9os) : <\/strong> http:\/\/www.dailymotion.com\/video\/x5h8n3e                  http:\/\/www.dailymotion.com\/video\/x5h8mz6_segolene-royal-le-pouvoir-peut-etre-puissant-pour-un-ministre-de-l-environnement-interactiv_news<\/p>\n<p>-&#8220;Il est le seul \u00e0 avoir un projet novateur, le plus adapt\u00e9 aux \u00e9volutions de la soci\u00e9t\u00e9 . Nos seuls adversaires, c&#8217;est l&#8217;extr\u00eame-droite et la droite. Voter Beno\u00eet Hamon contre la vision lib\u00e9rale de la soci\u00e9t\u00e9 d&#8217;Emmanuel Macron. (Aur\u00e9lie Filippetti, ancienne ministre PS de la Culture; face \u00e0 Jean-Jacques Bourdin; vid\u00e9o) : http:\/\/www.bfmtv.com\/mediaplayer\/video\/aurelie-filippetti-face-a-jean-jacques-bourdin-en-direct-930681.html<\/p>\n<p>-&#8220;A sept, c&#8217;\u00e9tait d\u00e9j\u00e0 difficile. Il y a encore beaucoup de gens qui h\u00e9sitent. Pour plusieurs candidats, la cible unique, c&#8217;est Emmanuel Macron. Ils ne parlent m\u00eame plus de leur programme&#8221; (Fran\u00e7ois de Rugy, soutien d&#8217;Emmanuel Macron; interrog\u00e9 par Guillaume Durand; vid\u00e9o) : https:\/\/www.dailymotion.com\/video\/x5h8oyj_il-y-a-encore-beaucoup-de-francais-qui-hesitent-francois-de-rugy-04-04-2017_news <\/p>\n<p><strong>-Macron, Hamon, quelles bases \u00e9lectorales ? (Yves-Marie Cann et Chlo\u00e9 Morin de la Fondation Jean Jaur\u00e8s) :<\/strong> https:\/\/jean-jaures.org\/nos-productions\/macron-hamon-quelles-bases-electorales<\/p>\n<p>-Jean Lassalle, un candidat iconoclaste (vid\u00e9o) : http:\/\/www.lcp.fr\/la-politique-en-video\/jean-lassalle-un-candidat-iconoclaste-en-piste-pour-lelysee<\/p>\n<p>-&#8220;Je n&#8217;accepte pas l&#8217;insulte d&#8217;Emmanuel Macron. Fran\u00e7ois Fillon est le seul candidat qui a 36 ans d&#8217;exp\u00e9rience. Il a le principe de fondre tous les r\u00e9gimes de retraite. Il y a une forme de pompage de son programme par les autres candidats&#8221; (J\u00e9r\u00f4me Chartier, conseiller sp\u00e9cial de Fran\u00e7ois Fillon; interrog\u00e9 par Audrey Crespo-Mara; vid\u00e9o) : http:\/\/www.lci.fr\/replay\/l-invite-politique-du-4-avril-2017-jerome-chartier-conseiller-special-de-francois-fillon-2035290.html%3Ftype=content<\/p>\n<p>-&#8220;Il porte un projet solide qui ne change pas tous les jours. Le climat de cette campagne est d\u00e9testable. Il faut porter le projet. La Guyane est le miroir d&#8217;une France qui va mal&#8221; (G\u00e9rard Larcher, pr\u00e9sident LR du S\u00e9nat, face \u00e0 Jean-Pierre Elkabbach; vid\u00e9o) : http:\/\/www.cnews.fr\/chroniques\/linterview-de-jean-pierre-elkabbach\/gerard-larcher-invite-de-jean-pierre-elkabbach-174232l<\/p>\n<p>-&#8220;Tout le monde est contre le syst\u00e8me, je ne sais pas ce que c&#8217;est. L&#8217;ambiance, les affaires poussent au vote FN (Benoist Apparu, d\u00e9put\u00e9 LR de la Marne qui s&#8217;est retir\u00e9 de la campagne de Fran\u00e7ois Fillon; interrog\u00e9 par Elizabeth Martichoux; vid\u00e9o) : http:\/\/www.dailymotion.com\/video\/x5h8l1i_benoist-apparu-etait-l-invite-de-rtl-le-4-avril-2017_news<\/p>\n<p>-&#8220;Je suis fatigu\u00e9 par le ton de cette campagne. J&#8217;attends le d\u00e9bat de fond&#8221; (Herv\u00e9 Mariton; d\u00e9put\u00e9 LR de la Dr\u00f4me, face \u00e0  Fr\u00e9d\u00e9ric Rivi\u00e8re; vid\u00e9o) : http:\/\/www.rfi.fr\/video\/20170404-herve-mariton-lr-je-suis-fatigue-le-ton-cette-campagne-j-attends-le-debat-fond<\/p>\n<p>-&#8220;Personne ne semble vouloir aller au d\u00e9bat du 20 avril. Les Fran\u00e7ais n&#8217;ont aucune raison d&#8217;avoir peur puisque je les consulterai par r\u00e9f\u00e9rendum. La mont\u00e9e de M. M\u00e9lenchon, c&#8217;est l&#8217;effondrement  du PS et la d\u00e9route de son candidat Beno\u00eet Hamon&#8221; (Marine Le Pen, invit\u00e9e de &#8220;Territoires d&#8217;Infos&#8221;; vid\u00e9o) : https:\/\/www.youtube.com\/watch?v=HcwPov9t0e8<\/p>\n<p>&#8211;<strong>&#8220;Le d\u00e9bat pr\u00e9c\u00e9dent a consid\u00e9rablement favoris\u00e9 Jean-Luc M\u00e9lenchon. Les niveaux  d&#8217;ind\u00e9cision et d&#8217;abstention sont exceptionnels si pr\u00e8s du vote. Il y a un d\u00e9ficit de 7 \u00e0 8 points pour la droite. Cette fois, c&#8217;est le Parti socialiste qui est victime du vote utile avec d&#8217;un c\u00f4t\u00e9 Emmanuel Macron, de l&#8217;autre Jean-Luc M\u00e9lenchon&#8221; (Le politologue J\u00e9r\u00f4me Jaffr\u00e9, interrog\u00e9 par Fabien Namias; vid\u00e9o) <\/strong> : http:\/\/www.dailymotion.com\/video\/x5h8kxi_debat-vote-utile-ralliements-jerome-jaffre-repond-aux-questions-de-fabien-namias_news<\/p>\n<p>-Aucun scrutin n&#8217;aura \u00e9t\u00e9 moins repr\u00e9sentatif et donc moins d\u00e9mocratique que celui-ci&#8221; (Philippe Tesson; vid\u00e9o) : https:\/\/www.dailymotion.com\/video\/x5h8p6f_aucun-scrutin-n-aura-ete-moins-representatif-et-donc-moins-democratique-que-celui-ci-philippe-tesso_news<\/p>\n<p>-&#8220;Un d\u00e9bat \u00e0 11, c&#8217;est n\u00e9cessaire mais pas franchement passionnant&#8221; (Alba Ventura; vid\u00e9o) : http:\/\/www.dailymotion.com\/video\/x5h8ta8_alba-ventura-un-debat-a-onze-necessaire-mais-pas-franchement-passionnant_news<\/p>\n<p><strong>-Ce qu&#8217;en avaient dit Patrick Appel-Muller de &#8220;l&#8217;Humanit\u00e9&#8221; et Hugo Domenach du &#8220;Point&#8221;, avant le d\u00e9bat dans &#8220;Politique matin&#8221; (vid\u00e9o, amener le curseur sur 48:10) <\/strong> : http:\/\/www.lcp.fr\/emissions\/politique-matin\/282794-politique-matin<\/p>\n<p><em>-Le barom\u00e8tre de la confiance politique (CEVIPOF) <\/em> : http:\/\/www.cevipof.com\/fr\/le-barometre-de-la-confiance-politique-du-cevipof\/<\/p>\n<p><strong>-La confiance dans les candidats (Jean-Daniel L\u00e9vy, de Harris; vid\u00e9o) :<\/strong> http:\/\/www.lcp.fr\/la-politique-en-video\/sondage-aucun-candidat-la-presidentielle-ne-suscite-la-confiance-dune-majorite<\/p>\n<p><em>-L&#8217;enqu\u00eate \u00e9lectorale fran\u00e7aise (CEVIPOF-IPSOS)<\/em> : http:\/\/www.ipsos.fr\/decrypter-societe\/2017-04-04-enquete-electorale-francaise-vague-12bis-emmanuel-macron-et-marine-pen-conservent-leur-avance-sur<\/p>\n<p><em>-Le regard des Fran\u00e7ais sur l&#8217;image des principaux candidats (IFOP) : <\/em> http:\/\/www.ifop.com\/?option=com_publication&#038;type=poll&#038;id=3716<\/p>\n<p><em>-Les pharmaciens et l&#8217;\u00e9lection pr\u00e9sidentielle (IFOP) :<\/em> http:\/\/www.ifop.com\/?option=com_publication&#038;type=poll&#038;id=3717<\/p>\n<p><em>-O\u00f9 sont pass\u00e9s les \u00e9lecteurs de Nicolas Sarkozy ? (ELABE)<\/em> : http:\/\/elabe.fr\/a-j-30-passes-anciens-electeurs-de-nicolas-sarkozy\/<\/p>\n<p><em>-Les intentions de vote au 4 avril (IFOP) : <\/em> http:\/\/dataviz.ifop.com:8080\/HNS\/HNSAdmin\/start.appli?appid=60930&#038;logonUser=USERWEB&#038;logonPswcd=ZnJhbmNvaXNF<\/p>\n<p><em>-Le m\u00eame (OPINION-WAY) : <\/em> http:\/\/opinionlab.opinion-way.com\/opinionlab\/832\/627\/presitrack.html#m6<\/p>\n<p><strong>EUROPE-MONDE<\/strong><\/p>\n<p>-Le ch\u00f4mage toujours plus \u00e9lev\u00e9 en Fance qu&#8217;en zone euro (Marion Candau) : http:\/\/www.euractiv.fr\/section\/economie\/news\/le-chomage-en-france-toujours-plus-eleve-quen-zone-euro\/ <\/p>\n<p>-Bruxelles somm\u00e9e de prot\u00e9ger  l&#8217;industrie de pointe contre les rachats \u00e9trangers (Sarantis Michalopoulos) : http:\/\/www.euractiv.fr\/section\/economie\/news\/commission-need-for-an-eu-deal-to-tackle-public-procurement-imbalance-with-third-countries\/<\/p>\n<p><strong>-Le Parlement europ\u00e9en vent-debout contre le pr\u00e9sident de l&#8217;Eurogroupe : <\/strong> http:\/\/www.euractiv.fr\/section\/institutions\/news\/le-parlement-europeen-vent-debout-contre-dijsselbloem\/?nl_ref=34845376<\/p>\n<p>-La cr\u00e9ation d&#8217;un parquet anti-fraude europ\u00e9en se pr\u00e9cise  : http:\/\/www.euractiv.fr\/section\/justice-affaires-interieures\/news\/la-creation-dun-parquet-europeen-anti-fraude-se-precise\/<\/p>\n<p>-Les dirigeants religieux encouragent le projet europ\u00e9en (Herbert Vytiska) :  http:\/\/www.euractiv.fr\/section\/avenir-de-l-ue\/news\/europes-churches-put-faith-in-more-eu-cooperation\/?nl_ref<\/p>\n<p>-&#8220;Ces cinq grands projets qui vont changer l&#8217;Europe&#8221; (Fabien Cazenave) :<br \/>\nhttp:\/\/www.ouest-france.fr\/leditiondusoir\/data\/977\/reader\/reader.html?t=1491238773332#!preferred\/1\/package\/977\/pub\/978\/page\/6<\/p>\n<p><strong>-Le Parlement europ\u00e9en se penche sur l&#8217;huile de Palme (Baptiste Gaborit; son du 4 avril) :<\/strong> https:\/\/www.radioclassique.fr\/radio\/emissions\/matinale-de-radio-classique<br \/>\n\/3-minutes-planete\/<\/p>\n<p>-Laurence Tubiana, pr\u00e9sidente de la F\u00e9d\u00e9ration europ\u00e9enne pour le climat, demande \u00e0 l&#8217;Espagne de s&#8217;engager pour la d\u00e9carbonisation (Katy Arevalo) :<br \/>\nhttp:\/\/www.euractiv.fr\/section\/changement-climatique\/news\/paris-agreement-architect-spain-needs-to-contribute-to-decarbonisation-strategies\/?nl_ref<\/p>\n<p>-&#8220;Le groupe de Visegrad est en plein d\u00e9clin&#8221; (l&#8217;ancien premier ministre tch\u00e8que Mirek Topol\u00e1nek; propos recueilli par Karolina Zbytniewska ) : http:\/\/www.euractiv.fr\/section\/avenir-de-l-ue\/interview\/topolanek-europe-shouldnt-follow-german-dreams\/<\/p>\n<p><strong>-&#8220;Russie, Chine, Inde, un vieux triangle dans un nouvel ordre mondial ?&#8221; (Bobo LO de l&#8217;Ifri) : <\/strong> https:\/\/www.ifri.org\/sites\/default\/files\/atoms\/files\/bobolo_triangle_russie_chine_inde_2017.pdf<\/p>\n<p><strong>-&#8220;Plus jamais de dictature&#8221;, manifestations au Paraguay (vid\u00e9o) : <\/strong> http:\/\/newscdn.newsrep.net\/h5\/nrvideo.html?r=3&#038;lan=fr_FR&#038;pid=14&#038;id=iMb0749a9Aj_fr&#038;app_lan=fr_FR&#038;mcc=208&#038;declared_lan<\/p>\n<p><em>-&#8220;Les eaux us\u00e9es, une ressource inexploit\u00e9e&#8221; (rapport mondial des Nations Unies; document) :<\/em> http:\/\/unesdoc.unesco.org\/images\/0024\/002475\/247551f.pdf<\/p>\n<p><strong>CULTURE-MEDIA<\/strong><\/p>\n<p>-&#8220;Le comportement de l&#8217;humanit\u00e9 est inconscient&#8221; (Pierre Rabhi, le philosphe-paysan; invit\u00e9 du JT de France 2; vid\u00e9o) : http:\/\/www.francetvinfo.fr\/economie\/emploi\/metiers\/agriculture\/pierre-rabhi-le-comportement-de-l-humanite-est-inconscient_2129583.html<\/p>\n<p>-Du nouveau sur &#8220;La Faute \u00e0 Diderot&#8221; : http:\/\/www.lafauteadiderot.net\/<\/p>\n<p><strong>-&#8220;Populisme, le grand ressentiment&#8221; (le sociologue Eric Fassin, invit\u00e9 du &#8220;Club de la Presse&#8221; d&#8217;Europe1; son, amener le curseur sur 24:13) : <\/strong> http:\/\/www.europe1.fr\/emissions\/le-club-de-la-presse\/europe-soir-le-club-de-la-presse-christophe-robert-et-eric-fassin-04042017-3221051<\/p>\n<p>-&#8220;Le grand apport des impressionnistes \u00e0 la peinture est d&#8217;en avoir chass\u00e9 le sujet&#8221; (Christophe Duvivier, historien de l&#8217;art, directeur des mus\u00e9es Camille Pissaro et Tavet-Delacourt; invit\u00e9 de &#8220;Paso doble&#8221; sur France Culture; son) : https:\/\/www.franceculture.fr\/emissions\/paso-doble-le-grand-entretien-de-lactualite-culturelle\/christophe-duvivier-le-grand-apport#xtor<\/p>\n<p><strong>-&#8220;Et Rodin cr\u00e9a la porte de l&#8217;enfer&#8221; (Fran\u00e7ois Ekchajzer; vid\u00e9o) :<\/strong> http:\/\/television.telerama.fr\/television\/sur-arte-rodin-en-terre-et-en-os,155884.php<\/p>\n<p><strong>-Revoir ici le documentaire du plasticien Bruno Aveillan (vid\u00e9o, plus que 3 jours) : <\/strong> http:\/\/www.arte.tv\/guide\/fr\/068377-000-A\/et-rodin-crea-la-porte-de-l-enfer<\/p>\n<p>-&#8220;L&#8217;art d\u00e9g\u00e9n\u00e9r\u00e9 pill\u00e9 par les nazis, un art malade rentable&#8221; (Carole Lefran\u00e7ois) :  http:\/\/www.telerama.fr\/radio\/l-art-degenere-pille-par-les-nazis-un-art-malade-rentable,156131.php<\/p>\n<p><strong>-En quatre \u00e9pisodes dans l&#8217;\u00e9mission de Perrine Kervran &#8220;LSD, la s\u00e9rie documentaire&#8221;. A \u00e9couter ici <\/strong> : https:\/\/www.franceculture.fr\/emissions\/lsd-la-serie-documentaire\/lart-degenere-14-lexposition<\/p>\n<p>-&#8220;L&#8217;Homme aux mille visages&#8221; du r\u00e9alisateur espagnol Alberto Rodriguez (Samuel Douhaire; vid\u00e9o) : http:\/\/www.telerama.fr\/cinema\/regardez-en-exclusivite-un-extrait-de-l-homme-aux-mille-visages-d-alberto-rodriguez,156156.php#xtor<\/p>\n<p><strong>-&#8220;Sarah Winchester, l&#8217;op\u00e9ra fant\u00f4me&#8221;, un court m\u00e9trage in\u00e9dit de Bertrand Bonello, \u00e0 regarder ici pendant 24 heures (Jacques Morice; vid\u00e9o) <\/strong> : http:\/\/www.telerama.fr\/cinema\/regardez-sarah-winchester-l-opera-fantome-court-metrage-inedit-de-bertrand-bonello,156159.php#xtor=EPR-126-newsletter_tra-20170404<\/p>\n<p>-&#8220;L&#8217;Op\u00e9ra de Paris fait son cin\u00e9ma&#8221; pour la sortie du documentaire du Suisse Jean-No\u00ebl Bron (son directeur, St\u00e9phane Lissner, \u00e9tait l&#8217;invit\u00e9 d&#8217;Isabelle Moreau; vid\u00e9o) : http:\/\/www.cnews.fr\/chroniques\/les-invites-disabelle-moreau\/linvite-disabelle-moreau-du-04042017-174243<\/p>\n<p>-L&#8217;Op\u00e9ra d\u00e9voil\u00e9 comme jamais (vid\u00e9o) : http:\/\/www.francetvinfo.fr\/culture\/musique\/l-opera-de-paris-devoile-comme-jamais_2129217.html<\/p>\n<p>-Des courts m\u00e9trages d&#8217;animation pour enfants en acc\u00e8s libre (Nicolas Didier; vid\u00e9os ) : http:\/\/television.telerama.fr\/television\/enfants-courts-metrages-d-animation-faites-le-programme,156119.php<\/p>\n<p><strong>-A voir ici :<\/strong> https:\/\/films-pour-enfants.com\/<\/p>\n<p><strong>-Jusqu&#8217;au 17 juillet, la BnF expose 300 pi\u00e8ces du dessinateur Roland Topor (Jos\u00e9phine Bind\u00e9; vid\u00e9o) : <\/strong> http:\/\/www.telerama.fr\/sortir\/de-hara-kiri-a-telechat-le-dessinateur-roland-topor-est-un-genie-de-l-humour-noir,156223.php#xtor<\/p>\n<p>-&#8220;Writers&#8221;, le documentaire de Marc-Aurel Vecchione sur l&#8217;histoire du graffiti parisien, \u00e0 voir ici (Fran\u00e7ois Chevalier; vid\u00e9o) : http:\/\/www.telerama.fr\/cinema\/writers-le-film-culte-sur-l-histoire-du-graffiti-parisien,155904.php#xtor<\/p>\n<p><strong>-Le philosophe Fabrice Midal \u00e9tait l&#8217;invit\u00e9 de &#8220;Passion classique&#8221; d&#8217;Olivier Bellamy; son du 3 avril) <\/strong> : https:\/\/www.radioclassique.fr\/radio\/emissions\/passion-classique\/<\/p>\n<p><strong>-Liane La Havas, la nouvelle \u00e9toile de la sc\u00e8ne britannique, au Casino de Paris (vid\u00e9o int\u00e9grale) <\/strong> : http:\/\/www.arte.tv\/guide\/fr\/071476-000-A\/lianne-la-havas-live<\/p>\n<p><strong>-Le retour de Jean Guidoni (Didier Varrod; vid\u00e9o) : <\/strong><br \/>\n<iframe loading=\"lazy\" title=\"L\u00e9gendes urbaines, le retour de Jean Guidoni - Pop &amp; Co\" frameborder=\"0\" width=\"500\" height=\"283\" src=\"https:\/\/geo.dailymotion.com\/player.html?video=x5h8if4&#038;\" allowfullscreen allow=\"autoplay; fullscreen; picture-in-picture; web-share\"><\/iframe><\/p>\n<p><strong>-&#8220;Le silence des candidats \u00e0 la pr\u00e9sidentielle sur la culture est frappant&#8221; (Stanislas Nordey, directeur du Th\u00e9\u00e2tre national de Strasbourg; propos recueillis par Emmanuelle Bouchez) <\/strong> : http:\/\/www.telerama.fr\/presidentielle-2017\/stanislas-nordey-le-silence-des-candidats-a-la-presidentielle-sur-la-culture-est-frappant,156162.php <\/p>\n<p><strong>-&#8220;Quand la finance contamine l&#8217;organisation mondiale de la sant\u00e9&#8221;. Arte diffusait hier l&#8217;enqu\u00eate de Jutta Pinzler et Tatjana Mischke, comment\u00e9e par Rony Broman, ancien pr\u00e9sident de &#8220;M\u00e9decins sans fronti\u00e8res&#8221; (propos recueillis par Emile Gavoile; vid\u00e9o) :  <\/strong> http:\/\/television.telerama.fr\/television\/quand-la-finance-contamine-l-organisation-mondiale-de-la-sante,155886.php<\/p>\n<p><strong>-Revoir l&#8217;enqu\u00eate ici (vid\u00e9o) : <\/strong> http:\/\/www.arte.tv\/guide\/fr\/061650-000-A\/l-oms-dans-les-griffes-des-lobbyistes<\/p>\n<p>-Pink Oculus, la diva hollandaise aux multiples talents (Erwan Perron, Jean-Baptiste Roche; vid\u00e9o) : http:\/\/www.telerama.fr\/musique\/pink-oculus-j-admire-les-artistes-qui-sont-constants-dans-la-qualite,156108.php#xtor<\/p>\n<p>-Retrouver les Mo-dettes avec Fran\u00e7ois Gorin (son) : http:\/\/www.telerama.fr\/musique\/mo-dettes-au-bonheur-des-filles,156255.php#xtor<\/p>\n<p><strong>-Sonia Devillers recevait le r\u00e9alisateur Olivier Pighetti pour son documentaire &#8220;Tuer sans le vouloir&#8221; (vid\u00e9o, amener le curseur sur 6:12) :<\/strong> http:\/\/www.dailymotion.com\/video\/x5h8slj_documentaire-impensable-homicide-involontaire_news<\/p>\n<p><strong>-Revoir le documentaire ici :<\/strong> http:\/\/www.france5.fr\/emissions\/le-monde-en-face\/videos\/replay_-_tuer_sans_le_vouloir_04-04-2017_1530449<\/p>\n<p><em>-La une du &#8220;Canard encha\u00een\u00e9&#8221; :<\/em> http:\/\/www.lecanardenchaine.fr\/la-une-du-5-avril-2017\/<\/p>\n<p>-&#8220;Comment \u00e7a fait l&#8217;amour &#8220;En Marche !&#8221; ?  (Sonia Devillers; vid\u00e9o) : http:\/\/www.dailymotion.com\/video\/x5h8im1_le-film-qui-donne-envie-de-coucher-politique-l-instant-tele_news<\/p>\n<p>-Les candidats en musique (Patrick Cohen; vid\u00e9o) : http:\/\/www.dailymotion.com\/video\/x5h8iu7<\/p>\n<p><strong>-&#8220;Le PS, ses r\u00e9fugi\u00e9s climatiques&#8221; (Alex Vizorek; vid\u00e9o) : <\/strong> http:\/\/www.dailymotion.com\/video\/x5h8pc8_le-ps-ses-refugies-climatiques-le-billet-d-alex-vizorek_tv<\/p>\n<p>-&#8220;Les pr\u00e9visions de ma voyante&#8221; (Guillaume Meurice; vid\u00e9o) : http:\/\/www.dailymotion.com\/video\/x5h8iu7<\/p>\n","protected":false},"excerpt":{"rendered":"<p>ACTUALITE -Le bras de fer continue en Guyane (vid\u00e9o) : http:\/\/www.francetvinfo.fr\/economie\/crise-en-guyane\/guyane-le-bras-de-fer-se-poursuit_2129659.html -&#8220;Combattre les violences faites aux femmes dans les outre-mer&#8221; (un rapport d&#8217;Ernestine Ronai et de Dominique Rivi\u00e8re, membres du Conseil \u00e9conomique, social et environnemental; document) : http:\/\/www.lecese.fr\/sites\/default\/files\/pdf\/Fiches\/2017\/FI09_violences_femmes.pdf -Peut-on parler de pauvret\u00e9 scolaire ? (Centre d&#8217;observation de la soci\u00e9t\u00e9; document) : http:\/\/www.observationsociete.fr\/education\/echec-scolaire\/peut-on-parler-de-pauvrete-scolaire.html -Christophe Robert, d\u00e9l\u00e9gu\u00e9 [&hellip;]<\/p>\n","protected":false},"author":1042,"featured_media":0,"comment_status":"open","ping_status":"open","sticky":false,"template":"","format":"standard","meta":{"_themeisle_gutenberg_block_has_review":false,"footnotes":""},"categories":[151],"tags":[],"class_list":["post-10307","post","type-post","status-publish","format-standard","hentry","category-la-revue-de-presse-de-lulu"],"_links":{"self":[{"href":"https:\/\/archives.regards.fr\/index.php?rest_route=\/wp\/v2\/posts\/10307","targetHints":{"allow":["GET"]}}],"collection":[{"href":"https:\/\/archives.regards.fr\/index.php?rest_route=\/wp\/v2\/posts"}],"about":[{"href":"https:\/\/archives.regards.fr\/index.php?rest_route=\/wp\/v2\/types\/post"}],"author":[{"embeddable":true,"href":"https:\/\/archives.regards.fr\/index.php?rest_route=\/wp\/v2\/users\/1042"}],"replies":[{"embeddable":true,"href":"https:\/\/archives.regards.fr\/index.php?rest_route=%2Fwp%2Fv2%2Fcomments&post=10307"}],"version-history":[{"count":0,"href":"https:\/\/archives.regards.fr\/index.php?rest_route=\/wp\/v2\/posts\/10307\/revisions"}],"wp:attachment":[{"href":"https:\/\/archives.regards.fr\/index.php?rest_route=%2Fwp%2Fv2%2Fmedia&parent=10307"}],"wp:term":[{"taxonomy":"category","embeddable":true,"href":"https:\/\/archives.regards.fr\/index.php?rest_route=%2Fwp%2Fv2%2Fcategories&post=10307"},{"taxonomy":"post_tag","embeddable":true,"href":"https:\/\/archives.regards.fr\/index.php?rest_route=%2Fwp%2Fv2%2Ftags&post=10307"}],"curies":[{"name":"wp","href":"https:\/\/api.w.org\/{rel}","templated":true}]}}