{"id":10304,"date":"2017-04-04T05:57:07","date_gmt":"2017-04-04T03:57:07","guid":{"rendered":"https:\/\/wp.muchomaas.com\/article-la-revue-du-4-avril-2017\/"},"modified":"2017-04-04T05:57:07","modified_gmt":"2017-04-04T03:57:07","slug":"article-la-revue-du-4-avril-2017","status":"publish","type":"post","link":"https:\/\/archives.regards.fr\/?p=10304","title":{"rendered":"La Revue du 4 avril 2017"},"content":{"rendered":"<p><strong>ACTUALITE<\/strong><\/p>\n<p>-En Guyane, r\u00e9cit d&#8217;une n\u00e9gociation dans l&#8217;impasse (Patrick Roger) : http:\/\/www.lemonde.fr\/politique\/article\/2017\/04\/03\/en-guyane-recit-d-une-negociation-dans-l-impasse_5104791_823448.html<\/p>\n<p><strong>-Les collectifs ont dit &#8220;non&#8221; (Edwige Saint-Thomas; son) <\/strong> : https:\/\/www.franceinter.fr\/emissions\/journal-d-outre-mer-1ere\/journal-d-outre-mer-1ere-03-avril-2017<\/p>\n<p>-La mobilisation se durcit (vid\u00e9o) : http:\/\/www.francetvinfo.fr\/economie\/crise-en-guyane\/guyane-la-mobilisation-se-durcit_2127951.html<\/p>\n<p>-Bernard Cazeneuve rejette la demande de 2,5 milliards d&#8217;euros comme &#8220;irr\u00e9aliste&#8221; (vid\u00e9o) : http:\/\/www.francetvinfo.fr\/economie\/crise-en-guyane\/direct-guyane-le-collectif-rejette-la-proposition-du-gouvernement-tous-les-barrages-fermes-lundi_2127543.html<\/p>\n<p>-&#8220;Il n&#8217;a entam\u00e9 en rien notre d\u00e9termination&#8221; (Davy Rimane, porte-parole du collectif &#8220;Pou la Gwiyann d\u00e9kol\u00e9&#8221;; son) : http:\/\/www.rtl.fr\/actu\/societe-faits-divers\/guyane-cazeneuve-n-a-entache-en-aucune-maniere-notre-determination-7787936438<\/p>\n<p><strong>-&#8220;Dans cinq ans, il est probable que Wendel ne sera plus dans Saint-Gobain&#8221; (Fr\u00e9d\u00e9ric Lemoine, pr\u00e9sident du directoire de Wendel; entretien r\u00e9alis\u00e9 par Delphine Cuny et Philippe Mabille) <\/strong> : http:\/\/www.latribune.fr\/entreprises-finance\/banques-finance\/dans-cinq-ans-il-est-probable-que-wendel-ne-sera-plus-dans-saint-gobain-675763.html#xtor<\/p>\n<p>-L&#8217;avenir des lanceurs de satellites r\u00e9utilisables (le pr\u00e9sident du CNES Jean-Yves Le Gall; propos recueillis par Michel Cabirol) :                                                       http:\/\/www.latribune.fr\/entreprises-finance\/industrie\/aeronautique-defense\/lanceur-reutilisable-l-europe-est-sur-le-meilleur-tempo-possible-jean-yves-le-gall-cnes-677885.html#xtor<\/p>\n<p>-&#8220;La CGT n&#8217;est plus le premier syndicat de France&#8221; (Daniel Cohn-Bendit; son) : http:\/\/www.dailymotion.com\/video\/x5h3vug_la-cgt-n-est-plus-le-premier-syndicat-de-france_news<\/p>\n<p>-&#8220;Une victoire paradoxale&#8221; (Dominique Seux des &#8220;Echos&#8221;; son) : https:\/\/www.franceinter.fr\/emissions\/l-edito-eco\/l-edito-eco-03-avril-2017<\/p>\n<p>-Planter autrement pour \u00e9viter les allergies au pollen ? (Nathalie Fontrel; son) : https:\/\/www.franceinter.fr\/emissions\/planete-environnement\/planete-environnement-03-avril-2017<\/p>\n<p>-Vaincre &#8220;la maladie du soda&#8221; (vid\u00e9o) : http:\/\/www.francetvinfo.fr\/sante\/alimentation\/sante-vaincre-la-maladie-du-soda_2128023.html<\/p>\n<p>-Les contr\u00f4les sanitaires des restaurants consultables en ligne (vid\u00e9o) : http:\/\/www.francetvinfo.fr\/economie\/emploi\/metiers\/restauration-hotellerie-sports-loisirs\/restauration-les-controles-sanitaires-sont-desormais-consultables-en-ligne_2127913.html<\/p>\n<p><em>-Le site d\u00e9di\u00e9 du minist\u00e8re de l&#8217;Agriculture :<\/em> http:\/\/www.alim-confiance.gouv.fr\/<\/p>\n<p><strong>-En Alsace, c&#8217;est l&#8217;heure de l&#8217;osterputze, le grand nettoyage de printemps (vid\u00e9o) : <\/strong> http:\/\/www.francetvinfo.fr\/monde\/environnement\/alsace-c-est-l-heure-de-l-osterputze-le-grand-nettoyage-de-printemps_2128037.html<\/p>\n<p>-Des fleurs coup\u00e9es bio en Is\u00e8re (vid\u00e9o) : http:\/\/www.francetvinfo.fr\/economie\/emploi\/metiers\/agriculture\/fleurs-coupees-une-exploitation-bio-en-isere_2128035.html<\/p>\n<p>-&#8220;Velib&#8217;, un mod\u00e8le \u00e9conomique gripp\u00e9&#8221; (Philippe Escande) : http:\/\/www.lemonde.fr\/economie\/article\/2017\/04\/03\/velib-un-modele-economique-grippe_5105015_3234.html<\/p>\n<p>-&#8220;On ne va pas \u00e9radiquer le terrorisme mais on va faire notre part&#8221; (Camille Simien, rescap\u00e9e du Bataclan, invit\u00e9e de Thomas Sotto; vid\u00e9o) :<br \/>\n<iframe loading=\"lazy\" title=\"Camille Simien : &quot;On ne va pas \u00e9radiquer le terrorisme, mais on va faire notre part&quot;\" frameborder=\"0\" width=\"500\" height=\"281\" src=\"https:\/\/geo.dailymotion.com\/player.html?video=x5h3uw2&#038;\" allowfullscreen allow=\"autoplay; fullscreen; picture-in-picture; web-share\"><\/iframe><\/p>\n<p>-En d\u00e9saccord avec le Garde des Sceaux, le directeur de l&#8217;administration p\u00e9nitenciaire, nomm\u00e9 en septembre 2016, d\u00e9missionne  : http:\/\/tempsreel.nouvelobs.com\/societe\/20170403.OBS7445\/en-desaccord-avec-urvoas-le-directeur-de-l-administration-penitentiaire-demissionne.html#xtor<\/p>\n<p><strong>-Place de la R\u00e9publique \u00e0 Paris, la col\u00e8re des Fran\u00e7ais d&#8217;origine chinoise (Harold Thibault) : <\/strong> http:\/\/www.lemonde.fr\/police-justice\/article\/2017\/04\/02\/mort-de-liu-shaoyao-nouveau-rassemblement-a-paris-pour-reclamer-justice-et-verite_5104677_1653578.html<\/p>\n<p><strong>-&#8220;L&#8217;ami Dominique Bucchini et sa famille ne peuvent oublier&#8221; (Patrick Cohen; vid\u00e9o) : <\/strong> https:\/\/www.franceinter.fr\/emissions\/le-7h43\/le-7h43-03-avril-2017<\/p>\n<p><strong>POLITIQUE<\/strong><\/p>\n<p><strong>-&#8220;Il faut ren\u00e9gocier les trait\u00e9s europ\u00e9ens qui sont en train de nous \u00e9touffer&#8221; (Jean-Luc M\u00e9lenchon, interrog\u00e9 par Arnaud Leparmentier du &#8220;Monde&#8221; (vid\u00e9o) : <\/strong> http:\/\/www.lemonde.fr\/election-presidentielle-2017\/video\/2017\/04\/03\/jean-luc-melenchon-il-faut-renegocier-les-traites-europeens-qui-sont-en-train-de-nous-etouffer_5105294_4854003.html<\/p>\n<p>-&#8220;Cette pouss\u00e9e (de Jean-Luc M\u00e9lenchon) tient d&#8217;abord \u00e0 sa coh\u00e9rence. Il est une sorte de point fixe dans un monde politique d\u00e9boussol\u00e9, d\u00e9boussol\u00e9 par un gouvernement de gauche qui a men\u00e9 une politique de droite, d\u00e9boussol\u00e9 parce que le paysage politique est en train d&#8217;imploser. Je crois que l&#8217;on est \u00e0 l&#8217;or\u00e9e d&#8217;une vaste recomposition politique&#8221; (Cl\u00e9mentine Autain, conseill\u00e8re r\u00e9gionale d&#8217;Ile-de France, candidate aux \u00e9lections l\u00e9gislatives en Seine-Saint-Denis; face \u00e0 Nicolas Beytout de &#8220;L&#8217;Opinion&#8221;; vid\u00e9o) : http:\/\/www.dailymotion.com\/video\/x5h3znk_clementine-autain-jean-luc-melenchon-souhaite-sortir-du-dogme-des-depenses-publiques_news<\/p>\n<p><strong>-&#8220;Oui, nous pouvons gagner cette \u00e9lection&#8221; (Raquel Garrido, porte-parole de &#8220;La France insoumise&#8221;; vid\u00e9o) :<\/strong>  http:\/\/www.dailymotion.com\/video\/x5h71q6_garrido-melenchon-peut-gagner-cette-election_news<\/p>\n<p>-Elle \u00e9tait l&#8217;invit\u00e9e du &#8220;Club de la Presse&#8221; d&#8217;Europe1 (son) :                                http:\/\/www.europe1.fr\/emissions\/le-club-de-la-presse\/europe-soir-le-club-de-la-presse-raquel-garrido-et-olivier-mathiot-03042017-3219554<\/p>\n<p>-&#8220;Le printemps de Jean-Luc M\u00e9lenchon&#8221;, tel \u00e9tait le th\u00e8me de l&#8217;\u00e9mission &#8220;C dans l&#8217;air&#8221;, anim\u00e9e par Caroline Roux (vid\u00e9o) :                                                        http:\/\/www.france5.fr\/emissions\/c-dans-l-air\/videos\/melenchon_y_croit__03-04-2017_1529065?onglet=tous&#038;page=1<\/p>\n<p>-&#8220;En Guyane, c&#8217;est la mobilisation qui sera d\u00e9terminante. Il y a un bras de fer. J&#8217;esp\u00e8re que le mouvement tiendra. On n&#8217;a pas les moyens d&#8217;y aller. La solution ici aussi viendra d&#8217;une mobilisation du peuple, pas d&#8217;un politicien sauveur&#8221; (Philippe Poutou, candidat du NPA, invit\u00e9 de Caroline Roux; vid\u00e9o) : http:\/\/www.france2.fr\/emissions\/telematin\/actu\/les-4-verites-philippe-poutou_563221<\/p>\n<p><strong>-&#8220;Je pense qu&#8217;il ne faut pas ouvrir de nouveaux fronts, et un de ces nouveaux fronts serait d&#8217;accepter de ren\u00e9gocier les fronti\u00e8res en Europe entre la Russie et l&#8217;Union europ\u00e9enne&#8221; (Beno\u00eet Hamon, invit\u00e9 de &#8220;L&#8217;entretien politique&#8221;, interrog\u00e9 par David Pujadas; vid\u00e9o) <\/strong> : http:\/\/www.france2.fr\/emission\/lentretien-politique\/diffusion-du-03-04-2017-20h35<\/p>\n<p>-&#8220;M\u00e9lenchon b\u00e9n\u00e9ficie du d\u00e9sarroi, voire de la d\u00e9saffection d&#8217;une partie de notre \u00e9lectorat&#8221; (Aur\u00e9lie Filippetti, ancienne ministre PS de la Culture, face \u00e0 Guillaume Durand; vid\u00e9o) : https:\/\/www.dailymotion.com\/video\/x5h4861_ce-que-proposent-emmanuel-macron-et-francois-fillon-c-est-de-continuer-comme-avant-aurelie-filippet_news<\/p>\n<p>-&#8220;La gauche de M\u00e9lenchon a renonc\u00e9 \u00e0 gouverner. Il a gagn\u00e9 le concours de l&#8217;\u00e9loquence. J&#8217;appelle les \u00e9lecteurs \u00e0 ne pas renoncer \u00e0 cette gauche qu&#8217;on a construite ces 30 derni\u00e8res ann\u00e9es&#8221; (la ministre des Familles Laurence Rossignol; invit\u00e9e d&#8217;Elizabeth Martichoux;  vid\u00e9o) : https:\/\/www.dailymotion.com\/video\/x5h3zu9_laurence-rossignol-invitee-de-rtl-lundi-3-avril_news<\/p>\n<p>-&#8220;C&#8217;est plut\u00f4t les questions sociales qui sont dans le d\u00e9bat. Il est incontestable que Jean-Luc M\u00e9lenchon  est une belle machine \u00e9lectorale, mais \u00e0 quoi \u00e7a sert ?&#8221;  Une finale M\u00e9lenchon-Le Pen ? &#8220;C&#8217;est possible, dans ce climat tendu. Fran\u00e7ois Fillon a pourri l&#8217;\u00e9lection . Il nous a tous pris en otage. Je vote Hamon pour sauver le PS. C&#8217;est gr\u00e2ce au socialisme de gouvernement que toutes les conqu\u00eates sociales ont eu lieu&#8221; (Julien Dray, conseiller r\u00e9gional PS; face \u00e0 Jean-Pierre Elkabbach; vid\u00e9o) : http:\/\/www.cnews.fr\/chroniques\/linterview-de-jean-pierre-elkabbach\/julien-dray-invite-de-jean-pierre-elkabbach-174202<\/p>\n<p>-Manuel Valls soutient Emmanuel Macron, &#8220;c&#8217;est son choix, je n&#8217;y souscris pas. Il vaut mieux rester dans le couloir de ce qu&#8217;a d\u00e9sign\u00e9 la primaire. Il y a un chemin difficile mais on ne jette pas l&#8217;\u00e9ponge. Rendez-vous au soir du 23 avril. J&#8217;ai toujours soutenu le quinquennat de Fran\u00e7ois Hollande, je le fais encore dans cette campagne pour Beno\u00eet Hamon&#8221; (Jean-Luc Carvounas, s\u00e9nateur PS du Val-de-Marne; vid\u00e9o) : http:\/\/www.bfmtv.com\/mediaplayer\/video\/manuel-valls-soutient-emmanuel-macron-c-est-son-choix-je-n-y-souscris-pas-luc-carvounas-930219.html<\/p>\n<p>-Beno\u00eet Hamon esp\u00e8re convaincre sur le revenu universel gr\u00e2ce \u00e0 trois caravanes pour sillonner la France (vid\u00e9o) : http:\/\/www.lcp.fr\/la-politique-en-video\/revenu-universel-hamon-espere-convaincre-avec-3-caravanes-sillonnant-la-france<\/p>\n<p>-&#8220;Au PS, le big-bang, c&#8217;est maintenanrt&#8221; (Serge Raffy) : http:\/\/tempsreel.nouvelobs.com\/presidentielle-2017\/20170402.OBS7430\/ps-le-big-bang-c-est-maintenant.html#xtor<\/p>\n<p><strong>-&#8220;M\u00e9lenchon, le troisi\u00e8me homme ? Il donne de la hauteur, de la noblesse au d\u00e9bat d\u00e9mocratique. Tout peut arriver&#8221; (Laurent Neumann et Eric Brunet; vid\u00e9o) : <\/strong> http:\/\/www.bfmtv.com\/mediaplayer\/video\/brunet-neumann-melenchon-serait-il-le-troisieme-homme-930221.html<\/p>\n<p>-&#8220;La perc\u00e9e de M\u00e9lenchon est \u00e0 la fois explicable, spectaculaire et presque po\u00e9tique&#8221; (Alain Duhamel; vid\u00e9o) : http:\/\/www.rtl.fr\/actu\/politique\/la-percee-de-jean-luc-melenchon-est-a-la-fois-explicable-spectaculaire-et-presque-poetique-7787936718<\/p>\n<p>-La dynamique M\u00e9lenchon&#8221; (Thomas Legrand) : https:\/\/www.franceinter.fr\/emissions\/l-edito-politique\/l-edito-politique-03-avril-2017<\/p>\n<p>-&#8220;Emmanuel Macron ne sera pas l&#8217;\u00e9lu d&#8217;un clan, il sera l&#8217;\u00e9lu de la France. Je ne crois qu&#8217;au vote r\u00e9el. C&#8217;est un point faible de M. Fillon de devoir s&#8217;essayer \u00e0 un r\u00f4le d&#8217;humoriste qui ne lui va pas tr\u00e8s bien. Nous avons un programme de rupture qui veut \u00e0 la fois lib\u00e9rer plus et prot\u00e9ger davantage&#8221; (Richard Ferrand, d\u00e9put\u00e9 PS du Finist\u00e8re, secr\u00e9taire g\u00e9n\u00e9ral de &#8220;En Marche !&#8221;; interrog\u00e9 par Alexandra Bensaid; vid\u00e9o) : http:\/\/www.dailymotion.com\/video\/x5h3wzh_richard-ferrand-emmanuel-macron-ne-sera-pas-l-elu-d-un-clan-il-sera-l-elu-de-la-france-l-invite-de-7_news<\/p>\n<p>-&#8220;Notre objectif, c&#8217;est d&#8217;\u00eatre devant Marine Le Pen&#8221; (Bariza Khiari, d\u00e9l\u00e9gu\u00e9e nationale &#8220;d&#8217;En Marche !&#8221;; face \u00e0 Fr\u00e9d\u00e9ric Rivi\u00e8re; vid\u00e9o) : http:\/\/www.rfi.fr\/video\/20170403-bariza-khiari-deleguee-nationale-marche-notre-objectif-est-etre-devant-marine-le-pen<\/p>\n<p><strong>-&#8220;J&#8217;ai offert au pouvoir le moyen de m&#8217;\u00e9liminer&#8221; (Fran\u00e7ois Fillon; vid\u00e9o) : <\/strong> http:\/\/www.francetvinfo.fr\/politique\/francois-fillon\/affaires-fillon\/video-francois-fillon-j-ai-offert-au-pouvoir-le-moyen-de-m-eliminer_2127667.html<\/p>\n<p>-&#8220;Si j&#8217;avais le moindre doute sur ma culpabilit\u00e9, je ne serais pas candidat. Je ne suis pas redevable \u00e0 M. Burgi (pour les costumes). J&#8217;abrogerai le d\u00e9lit d&#8217;entrave \u00e0 l&#8217;information sur l&#8217;IVG. Est-ce que je mets de l&#8217;argent de c\u00f4t\u00e9 ? Non. Je propose d&#8217;augmenter toutes les retraites de moins de 1 000 euros&#8221;. Aux journalistes, &#8220;est-ce que parfois vous pouvez faire votre examen de conscience ? On a besoin de rassembler toutes les \u00e9nergies mais je ne suis pas favorable \u00e0 un gouvernement d&#8217;union nationale&#8221; (Il \u00e9tait l&#8217;invit\u00e9 de la matinale de BFM TV, face \u00e0 Jean-Jacques Bourdin; vid\u00e9os) :<br \/>\nhttp:\/\/www.bfmtv.com\/mediaplayer\/video\/fillon-si-j-avais-le-moindre-doute-sur-ma-culpabilite-je-ne-serais-pas-candidat-930293.html                                           http:\/\/www.bfmtv.com\/mediaplayer\/video\/sur-les-costumes-offerts-fillon-ne-se-sent-en-aucun-cas-redevable-930295.html                                                     http:\/\/www.bfmtv.com\/mediaplayer\/video\/francois-fillon-veut-abroger-la-loi-sur-le-delit-d-entrave-a-l-ivg-930303.html                                                                   http:\/\/www.bfmtv.com\/mediaplayer\/video\/francois-fillon-est-ce-que-je-mets-de-l-argent-de-cote-non-930307.html                                                                 http:\/\/www.bfmtv.com\/mediaplayer\/video\/fillon-aux-journalistes-est-ce-que-parfois-vous-pouvez-faire-votre-examen-de-conscience-930323.html                            http:\/\/www.bfmtv.com\/mediaplayer\/video\/francois-fillon-ouvre-la-porte-a-manuel-valls-on-a-besoin-de-rassembler-toutes-les-energies-930321.html<\/p>\n<p>&#8220;Le vote utile contre Macron, c&#8217;est Fillon&#8221; (Herv\u00e9 Mariton, d\u00e9put\u00e9 LR de la Dr\u00f4me; vid\u00e9o) : https:\/\/www.dailymotion.com\/video\/x5h4doc_mariton-le-vote-utile-contre-macron-c-est-fillon_tv<\/p>\n<p>-Il \u00e9tait l&#8217;invit\u00e9 de &#8220;Territoires d&#8217;Infos&#8221; sur Public S\u00e9nat (vid\u00e9o) : https:\/\/www.dailymotion.com\/video\/x5h4e3z_invite-herve-mariton-territoires-d-infos-le-best-of-03-04-2017_tv<\/p>\n<p>-&#8220;Fran\u00e7ois Fillon est le seul \u00e0 apporter des r\u00e9ponses aux probl\u00e8mes des Fran\u00e7ais. Pendant plusieurs semaines, il n&#8217;a pas pu faire campagne. Je suis dans l&#8217;incompr\u00e9hension de ce qu&#8217;a fait Christian Estrosi&#8221; (Bernard Accoyer, secr\u00e9taire des R\u00e9publicains; interrog\u00e9 par Laurence Ferrari; vid\u00e9o) : http:\/\/www.cnews.fr\/chroniques\/linvite-de-laurence-ferrari\/linvite-de-laurence-ferrari-du-03042017-174223  <\/p>\n<p>-&#8220;Je ne suis dans aucune \u00e9quipe de campagne, je suis extr\u00eamement libre. Le programme de Fran\u00e7ois Fillon a plus d&#8217;intensit\u00e9 et de coh\u00e9rence&#8221; (Jean-Christophe Fromentin, d\u00e9put\u00e9-maire de Neuilly-sur-Seine; interrog\u00e9 par Yves Calvi; vid\u00e9o) : http:\/\/www.lci.fr\/replay\/l-invite-de-24h-en-questions-du-3-avril-2017-jean-christophe-fromantin-depute-des-hauts-de-seine-2035276.html%3Ftype=content<\/p>\n<p>-&#8220;On en oublie le bilan de Fran\u00e7ois Hollande qui est catastrophique. Il aide en sous-main Emmanuel Macron. On a investi 577 candidats, il n&#8217;y en a pas un qui a l\u00e2ch\u00e9. Henri Guaino, qu&#8217;il s&#8217;en aille.&#8221; (Jean-Fran\u00e7ois Lamour, d\u00e9put\u00e9 LR de Paris, interrog\u00e9 par Brigitte Boucher; vid\u00e9o; amener le curseur sur 30:22) : http:\/\/www.lcp.fr\/emissions\/politique-matin\/282793-politique-matin<\/p>\n<p>-&#8220;Je ne roule pour personne. Pour la premi\u00e8re fois de ma vie, je n&#8217;irai pas voter au second tour. La seule fa\u00e7on de faire barrage au FN, c&#8217;est de l&#8217;interdire. La sortie de l&#8217;euro est un d\u00e9bat honorable, si on ne l&#8217;avait pas, on se porterait mieux mais je ne veux pas prendre la responsabilit\u00e9 de la r\u00e9versibilit\u00e9. Qu&#8217;est-ce que c&#8217;est  que ces salles hyst\u00e9riques comme \u00e0 Toulon ! Regardez le tableau, c&#8217;est tragique ! C&#8217;est un rattage total&#8221; (Henri Guaino, d\u00e9put\u00e9 LR des Yvelines, interrog\u00e9 par Thomas Sotto; vid\u00e9o) : http:\/\/www.dailymotion.com\/video\/x5h3yz0_second-tour-fn-euro-henri-guaino-repond-aux-questions-de-thomas-sotto_news<\/p>\n<p>-&#8220;A droite, s&#8217;il perd au premier tour, ils veulent pousser Fillon dans les orties&#8221; (Nathalie Schuck du &#8220;Parisien&#8221;; son) : https:\/\/www.franceinter.fr\/emissions\/histoires-politiques\/histoires-politiques-03-avril-2017<\/p>\n<p>-Ce que disent les programmes de l&#8217;\u00e9vasion fiscales  (Cyril Graziani; son) : https:\/\/www.franceinter.fr\/emissions\/les-programmes-au-banc-d-essai\/les-programmes-au-banc-d-essai-03-avril-2017<\/p>\n<p>-&#8220;Nuit Debout&#8221; \u00e0 l&#8217;heure de la pr\u00e9sidentielle (Adrien P\u00e9cout) : http:\/\/www.lemonde.fr\/politique\/article\/2017\/04\/02\/a-paris-nuit-debout-a-l-heure-de-la-presidentielle_5104782_823448.html<\/p>\n<p><strong>-Ces parlementaires qui jettent l&#8217;\u00e9ponge (S\u00e9bastien Sabiron; son) : <\/strong> https:\/\/www.franceinter.fr\/emissions\/le-zoom-de-la-redaction\/le-zoom-de-la-redaction-03-avril-2017<\/p>\n<p>-&#8220;Notre solitude est en quelque sorte notre force parceque nous ne ressemblons pas aux autres&#8221; (Louis Alliot, vice-pr\u00e9sident du FN, interrog\u00e9 par Patrik Cohen; vid\u00e9o) :<br \/>\n<iframe loading=\"lazy\" title=\"Louis Aliot : &quot;Notre solitude est en quelque sorte une force, parce que nous ne ressemblons pas aux autres&quot; (L&#039;invit\u00e9 de 8h20)\" frameborder=\"0\" width=\"500\" height=\"283\" src=\"https:\/\/geo.dailymotion.com\/player.html?video=x5h41a6&#038;\" allowfullscreen allow=\"autoplay; fullscreen; picture-in-picture; web-share\"><\/iframe><\/p>\n<p>-&#8220;Face \u00e0 Melenchon au second tour, il y aura un d\u00e9bat s\u00e9rieux entre deux candidats anti-syst\u00e8me&#8221; (il r\u00e9pondait aux questions des auditeurs de France Inter; son) : https:\/\/www.franceinter.fr\/emissions\/interactiv\/interactiv-03-avril-2017<\/p>\n<p>-&#8220;C&#8217;est l&#8217;int\u00e9gralit\u00e9 de l&#8217;Outre-mer qui a \u00e9t\u00e9 abandonn\u00e9e par le gouvernement&#8221; (David Rachline, directeur de campagne de Marine Le Pen; invit\u00e9 de la matinale de Franceinfo; son et vid\u00e9os) : http:\/\/www.francetvinfo.fr\/replay-radio\/8h30-aphatie\/david-rachline-cest-lintegralite-de-loutre-mer-qui-a-ete-abandonnee-par-le-gouvernement_2106902.html<\/p>\n<p>-&#8220;L&#8217;ensemble des ressources de la Guyane sont pill\u00e9es par les pays voisins et elle subit une immigration clandestine massive. Il faut mettre fin aux pompes aspirantes de l&#8217;immigration et valoriser les immenses richesses de l&#8217;outre-mer qui a \u00e9t\u00e9 abandonn\u00e9e par les gouvernements depuis des ann\u00e9es&#8221; (Nicolas Bay, secr\u00e9taire g\u00e9n\u00e9ral du FN; face \u00e0 Audrey Crespo-Mara (vid\u00e9o) : http:\/\/www.lci.fr\/replay\/replay-l-invite-politique-du-3-avril-2017-nicolas-bay-secretaire-general-du-fn-2035137.html<\/p>\n<p>-&#8220;On esp\u00e8re que M. Macron sera moins creux. A 15 %, M. M\u00e9lenchon a atteint son plafond. Il propose 100 milliards d&#8217;imp\u00f4ts suppl\u00e9mentaires, c&#8217;est colossal et il a un probl\u00e8me avec la nation. Il a profit\u00e9 de la faiblesse de M. Hamon&#8221; (Florian Philippot, vice-pr\u00e9sident du FN; face \u00e0 Isabelle Moreau; vid\u00e9o) : http:\/\/www.cnews.fr\/chroniques\/les-invites-disabelle-moreau\/linvite-disabelle-moreau-du-03042017-174212<\/p>\n<p>-&#8220;Marine Le Pen peut-elle rassembler plus large ?&#8221; (Tves Thr\u00e9ard du &#8220;Figaro&#8221; (vid\u00e9o) : http:\/\/www.dailymotion.com\/video\/x5h3qzu_marine-le-pen-peut-elle-rassembler-plus-large_news<\/p>\n<p>-Antoine Bueno, auteur du manifeste &#8220;No vote&#8221;, fait campagne pour l&#8217;abstention (interrog\u00e9 par Romain Desarbres; vid\u00e9o) : http:\/\/www.cnews.fr\/chroniques\/linvite-de-la-matinale\/linvite-de-la-matinale-du-03042017-174199<\/p>\n<p>-&#8220;C&#8217;est l&#8217;abstention qui est un pi\u00e8ge \u00e0 cons&#8221; (Nicolas Domenach; vid\u00e9o) : http:\/\/www.rtl.fr\/actu\/societe-faits-divers\/presidentielle-2017-c-est-l-abstention-qui-est-un-piege-a-cons-selon-nicolas-domenach-7787925779<\/p>\n<p><em>-Barom\u00e8tre de confiance envers l&#8217;ex\u00e9cutif et les principales personnalit\u00e9s politiques (HARRIS) : <\/em> http:\/\/harris-interactive.fr\/opinion_polls\/barometre-de-confiance-envers-lexecutif-et-les-principales-personnalites-politiques\/<\/p>\n<p><em>-Les Fran\u00e7ais, Jean-Luc M\u00e9lenchon et la gauche (IFOP) :<\/em> http:\/\/www.ifop.com\/?option=com_publication&#038;type=poll&#038;id=3714<\/p>\n<p><em>-La perception des prestations t\u00e9l\u00e9visuelles des-candidats (HARRIS) <\/em> : http:\/\/harris-interactive.fr\/opinion_polls\/la-perception-des-prestations-televisuelles-des-candidats-a-lelection-presidentielle\/<\/p>\n<p><em>-Les intentions de vote au 3 mars (OPINION-WAY) <\/em> : http:\/\/opinionlab.opinion-way.com\/opinionlab\/832\/627\/presitrack.html#m6<\/p>\n<p><em>-Le m\u00eame (IFOP) <\/em> : http:\/\/dataviz.ifop.com:8080\/HNS\/HNSAdmin\/start.appli?appid=60930&#038;logonUser=USERWEB&#038;logonPswcd=ZnJhbmNvaXNF<\/p>\n<p><strong>EUROPE-MONDE<\/strong><\/p>\n<p><strong>-Les ravages de la culture d&#8217;huile de Palme pass\u00e9s au crible du Parlement europ\u00e9en (Martine Valo) <\/strong> : http:\/\/www.lemonde.fr\/planete\/article\/2017\/04\/03\/les-ravages-de-la-culture-d-huile-de-palme-passes-au-crible-du-parlement-europeen_5104827_3244.html<\/p>\n<p>-C&#8217;est avec elle que seraient fabriqu\u00e9s les futurs billets de banque de la Grande-Bretagne (Gr\u00e9goire Normand) : http:\/\/www.latribune.fr\/entreprises-finance\/banques-finance\/royaume-uni-de-l-huile-de-palme-dans-les-billets-de-banque-676083.html<\/p>\n<p>-&#8220;A part le Brexit, l&#8217;Union europ\u00e9enne a beaucoup de choses \u00e0 c\u00e9l\u00e9brer&#8221; (Roman Escolano, vice-pr\u00e9sident de la Banque europ\u00e9enne d&#8217;investissement pour l&#8217;Am\u00e9rique latine; propos recueillis par Fernando Heller) :<br \/>\nhttp:\/\/www.euractiv.fr\/section\/aide-au-developpement\/news\/eib-vice-president-despite-brexit-europe-has-much-to-celebrate\/?nl_ref<\/p>\n<p>-Une fronde qui vient du Portugal (son) : https:\/\/www.franceinter.fr\/emissions\/meridien-d-europe\/meridien-d-europe-03-avril-2017<\/p>\n<p>-&#8220;L&#8217;Espagne inflige deux camouflets \u00e0 Londres (Philippe Bernard et Sandrine Morel) :<br \/>\nhttp:\/\/www.lemonde.fr\/referendum-sur-le-brexit\/article\/2017\/04\/03\/brexit-l-espagne-inflige-deux-camouflets-a-londres_5104823_4872498.html<\/p>\n<p>-Les 27 soutiennent l&#8217;Espagne sur l&#8217;avenir de Gibraltar (Jorge Valero) : http:\/\/www.euractiv.fr\/section\/royaume-uni-en-europe\/news\/eu-27-hands-spain-veto-over-gibraltars-brexit-deal\/?nl_ref<\/p>\n<p>-&#8220;Elle assouplit sa position sur l&#8217;ind\u00e9pendance \u00e9cossaise&#8221; : http:\/\/www.euractiv.fr\/section\/royaume-uni-en-europe\/news\/lespagne-assouplit-sa-position-sur-lindependance-ecossaise\/?nl_ref<\/p>\n<p>-&#8220;Martin Schultz se tient \u00e0 distance du gouvernement allemand&#8221; (Hans Monath) : http:\/\/www.euractiv.fr\/section\/elections\/news\/schulz-distances-self-from-german-government\/?nl_ref<\/p>\n<p><strong>-Le Premier ministre hongrois attaque la Cour europ\u00e9enne des droits de l&#8217;homme (Sarantis Michalopoulos) : <\/strong> http:\/\/www.euractiv.fr\/section\/politique\/news\/orban-attacks-the-european-court-of-human-rights-at-epp-congress\/?nl_ref<\/p>\n<p>-En Roumanie, les fake news alimentent l&#8217;euroscepticisme : http:\/\/www.euractiv.fr\/section\/medias\/news\/en-roumanie-les-\u2009fake-news\u2009-alimentent-leuroscepticisme\/?nl_ref<\/p>\n<p>-La r\u00e9action de Vladimir Poutine apr\u00e8s l&#8217;explosion dans le m\u00e9tro de Saint-P\u00e9tersbourg (vid\u00e9o) : http:\/\/www.francetvinfo.fr\/monde\/russie\/video-explosion-dans-le-metro-a-saint-petersbourg-poutine-n-ecarte-aucune-hypothese_2128133.html<\/p>\n<p> <strong>-&#8220;Human Rights Watch&#8221; accuse Isra\u00ebl d&#8217;emp\u00eacher ses chercheurs d&#8217;entrer la bande de Gaza : <\/strong> http:\/\/www.lemonde.fr\/proche-orient\/article\/2017\/04\/03\/human-rights-watch-accuse-israel-d-empecher-ses-chercheurs-d-entrer-dans-la-bande-de-gaza_5104804_3218.html<\/p>\n<p>-En Equateur, la gauche l&#8217;emporte au premier tour et sa victoire \u00e9carte la menace d&#8217;expulsion de Julian Assange : http:\/\/www.lemonde.fr\/pixels\/article\/2017\/04\/03\/equateur-la-victoire-de-la-gauche-ecarte-la-menace-d-une-expulsion-de-julian-assange_5105148_4408996.html<\/p>\n<p>-&#8220;Trump f\u00e9licite l&#8217;Union europ\u00e9enne pour son unit\u00e9 malgr\u00e9 le Brexit&#8221; : http:\/\/www.euractiv.fr\/section\/avenir-de-l-ue\/news\/trump-felicite-lue-pour-son-unite-malgre-le-brexit\/?nl_ref=34747557<\/p>\n<p>-Aux Etats-Unis, depuis la l\u00e9galisation du cannabis, la production est insuffisante (Anthony Bellange; son) : https:\/\/www.franceinter.fr\/emissions\/les-histoires-du-monde\/les-histoires-du-monde-03-avril-2017<\/p>\n<p>-A Montr\u00e9al, sous la pression populaire, les dirigeants de l&#8217;entrepise &#8220;Bombardier&#8221; renoncent \u00e0 l&#8217;augmentation de leurs r\u00e9mun\u00e9rations  : http:\/\/www.lemonde.fr\/economie\/article\/2017\/04\/03\/a-montreal-l-augmentation-des-dirigeants-de-bombardier-fait-scandale_5104794_3234.html<\/p>\n<p>-&#8220;Le chaos v\u00e9n\u00e9zu\u00e9lien&#8221; (Bernard Guetta; son) : https:\/\/www.franceinter.fr\/emissions\/geopolitique\/geopolitique-03-avril-2017<\/p>\n<p><strong>-La FAO s&#8217;inqui\u00e8te du retour de la famine (Matthew Tempest) : <\/strong> http:\/\/www.euractiv.fr\/section\/aide-au-developpement\/interview\/monday-un-food-organization-deputy-general-famine-is-back\/?nl_ref<\/p>\n<p><strong>CULTURE-MEDIAS<\/strong><\/p>\n<p>-&#8220;La Guyane est une ile&#8221; (&#8220;La Marche de l&#8217;Histoire&#8221; de Jean Lebrun; son) : https:\/\/www.franceinter.fr\/emissions\/la-marche-de-l-histoire\/la-marche-de-l-histoire-03-avril-2017<\/p>\n<p><strong>-Dans l&#8217;atelier de Vermeer avec le professeur d&#8217;histoire de l&#8217;art Jan Blanc et en quatre \u00e9pisodes (sons) <\/strong> : https:\/\/www.franceculture.fr\/emissions\/les-chemins-de-la-philosophie\/le-mystere-vermeer-14-dans-latelier-de-lartiste#xtor<\/p>\n<p><strong>-&#8220;Vers une histoire de France au pluriel ?&#8221; (l&#8217;historien Jean-No\u00ebl Jeanneney et Delphine Diaz, ma\u00eetresse de conf\u00e9rences \u00e0 l&#8217;universit\u00e9 de Reims; invit\u00e9s de Guillaume Erner; sons et vid\u00e9o) <\/strong> : https:\/\/www.franceculture.fr\/emissions\/linvite-des-matins\/vers-une-histoire-de-france-au-pluriel#xtor                                                           https:\/\/www.franceculture.fr\/emissions\/linvite-des-matins-2eme-partie\/vers-une-histoire-de-france-au-pluriel-2eme-partie         <\/p>\n<p>-&#8220;Aux Etats-Unis, col\u00e8re noire contre artiste blanche&#8221; (Roxana Azimi; vid\u00e9o) : http:\/\/www.lemonde.fr\/m-moyen-format\/article\/2017\/04\/03\/aux-etats-unis-colere-noire-contre-une-artiste-blanche_5104873_4497271.html<\/p>\n<p>-A Nogent-sur-Seine dans l&#8217;Aube, Camille Claudel a enfin son mus\u00e9e (Sabrina Silamo) : http:\/\/www.telerama.fr\/scenes\/camille-claudel-a-enfin-son-musee,156127.php#xto<\/p>\n<p>-&#8220;Pour l&#8217;artiste peintre, r\u00e9sister \u00e0 la tyranie de la nouveaut\u00e9&#8221; (Olivier Cena) : http:\/\/www.telerama.fr\/sortir\/en-2017-un-artiste-peintre-doit-il-forcement-faire-la-course-a-l-originalite,155912.php#xtor<\/p>\n<p><strong>-Marie-Aude Murail, une des papesse de la litt\u00e9rature jeunesse, \u00e9tait l&#8217;invit\u00e9e d&#8217;Augustin Trapenard (son) <\/strong> : https:\/\/www.franceinter.fr\/emissions\/boomerang\/boomerang-03-avril-2017<\/p>\n<p>-Fran\u00e7ois Florent, ma\u00eetre de plusieurs g\u00e9n\u00e9rations d&#8217;acteurs (Guillemette Odsicino; extrait en vid\u00e9o) : http:\/\/television.telerama.fr\/television\/francois-florent-prof-au-long-cours,155889.php#xtor                                                                             http:\/\/www.cineplus.fr\/pid5888-cine-club.html?vid=1439187<\/p>\n<p>-Juqu&#8217;au 21 avril, \u00e0 &#8220;La Loge&#8221; \u00e0 Paris, &#8220;Samo&#8221;, la pi\u00e8ce-spectacle de La\u00ebticia Gu\u00e9don sur la vie du peintre Jean-Michel Basquiat. L&#8217;auteur, Koffi Kwahul\u00e9, r\u00e9pond aux questions de Thierry Voisin) : https:\/\/www.youtube.com\/watch?v=_vKk_S1v4hY<\/p>\n<p>-&#8220;Au th\u00e9\u00e2tre, le cin\u00e9ma est un faux ami&#8221; (Fabienne Pascaud) : http:\/\/www.telerama.fr\/sortir\/au-theatre-le-cinema-est-un-faux-ami,155915.php#xtor<\/p>\n<p>-&#8220;Quand les fake news contaminent l&#8217;art contemporain&#8221; (Laurent Boudier) : http:\/\/www.telerama.fr\/sortir\/quand-les-fake-news-contaminent-l-art-contemporain,156140.php#xtor<\/p>\n<p>-&#8220;Les Sorci\u00e8res de Salem&#8221; de Raymond Rouleau enfin dans une version restaur\u00e9e (Samuel Douhaire) : http:\/\/www.telerama.fr\/cinema\/fin-du-purgatoire-pour-les-sorcieres-de-salem,156132.php#xtor<\/p>\n<p>-Un extrait de la version originale \u00e0 voir ici (vid\u00e9o) : https:\/\/www.youtube.com\/watch?v=_vKk_S1v4hY<\/p>\n<p>-Financer la version longue de &#8220;Datagueule&#8221; (Perrine Dutreil; vid\u00e9o) : http:\/\/television.telerama.fr\/television\/datagueule-en-version-longue-participez,156067.php#xtor<\/p>\n<p><strong>-D&#8217;autre \u00e9pisodes ici (vid\u00e9os) : <\/strong><br \/>\nhttps:\/\/www.youtube.com\/watch?v=OcNftI9gKHI                    https:\/\/www.youtube.com\/watch?v=eAQAN2assMw                                        https:\/\/www.youtube.com\/watch?v=rnu9e1ft5qw<\/p>\n<p>-&#8220;The Banksy Jub&#8221;, un documentaire retrace l&#8217;histoitre du plus c\u00e9l\u00e8bre braqueur du street art (Olivier Granoux; vid\u00e9o) : http:\/\/www.telerama.fr\/sortir\/the-banksy-job-la-folle-histoire-du-plus-celebre-braqueur-du-street-art,155956.php#xtor   <\/p>\n<p><strong>-Roubaix, capitale de l&#8217;art urbain :<\/strong> http:\/\/www.telerama.fr\/scenes\/street-generation-s-roubaix-capitale-de-l-art-urbain,156109.php#xtor<\/p>\n<p>-JR a mis les habitants de Clichy-Montfermeil (93) daus une fresque : http:\/\/culturebox.francetvinfo.fr\/arts\/photo\/jr-a-mis-les-habitants-de-clichy-montfermeil-dans-une-fresque-254509<\/p>\n<p><strong>-Pendant onze jours, Didier Locwood et son violon seront au th\u00e9\u00e2tre de l&#8217;Oeuvre \u00e0 Paris. Il \u00e9tait l&#8217;invit\u00e9 d&#8217;Isabelle Moreau sur CNews (vid\u00e9o) <\/strong> : http:\/\/www.cnews.fr\/chroniques\/les-invites-disabelle-moreau\/linvite-disabelle-moreau-du-03042017-174209<\/p>\n<p><strong>-Retrouver Lloyd Cole avec Laurent Rigoulet (vid\u00e9os) <\/strong> : http:\/\/www.telerama.fr\/musique\/lloyd-cole-american-psycho,156083.php#xtor<\/p>\n<p><strong>-&#8220;Villa Rosa&#8221;, le nouvel album de Da Silva (Didier Varrod; vid\u00e9o) : <\/strong> https:\/\/www.franceinter.fr\/emissions\/pop-co\/pop-co-03-avril-2017<\/p>\n<p>-Le rappeur Koriass, coup de coeur du journaliste sportif Xavier Monferran (son et vid\u00e9o) : https:\/\/www.franceinter.fr\/emissions\/le-coup-de-coeur-des-voix-d-inter\/le-coup-de-coeur-des-voix-d-inter-03-avril-2017<\/p>\n<p><strong>-Abou Diarra \u00e9tait en concert au Hangar \u00e0 Ivry (94; vid\u00e9o)<\/strong> : http:\/\/www.rfi.fr\/video\/20170331-abou-diarra-joue-tunga-concert-hangar-ivry<\/p>\n<p>-&#8220;A Moscou, la photographie a ses ambassades&#8221; (Fr\u00e9d\u00e9rique Chapuis) : http:\/\/www.telerama.fr\/sortir\/a-moscou-la-photographie-a-ses-ambassades,156061.php#xtor    <\/p>\n<p><strong>-Jusqu&#8217;au 15 avril, \u00e0 &#8220;La Maison des m\u00e9tallos&#8221; \u00e0 Paris, &#8220;La France vue d&#8217;ici&#8221; par cinq photograhes choisis par &#8220;Mediapart&#8221; et &#8220;ImageSinguli\u00e8res&#8221; (Fr\u00e9d\u00e9rique Chapuis) <\/strong> : http:\/\/www.telerama.fr\/sortir\/en-images-5-photographes-demontent-les-cliches-sur-la-france-d-aujourd-hui,155850.php#xtor<\/p>\n<p><strong>-&#8220;Pars vite et reviens tard&#8221; de Fred Vargas, une adaptation en feuilleton sur  France Culture, jusqu&#8217;au 14 avril (Laurence Le Saux) <\/strong> : http:\/\/www.telerama.fr\/radio\/l-oeuvre-au-noir-de-fred-vargas-sur-france-culture,155895.php#xtor=<br \/>\nhttps:\/\/www.franceculture.fr\/emissions\/fictions-le-feuilleton        <\/p>\n<p>-Toujours sur France Culture, dans &#8220;M\u00e9tronomique&#8221;, &#8220;Quand l&#8217;Iran swinguait&#8221;  (Camille Poirier; son) : http:\/\/www.telerama.fr\/radio\/sur-france-culture-quand-l-iran-swinguait,155235.php#xtor      <\/p>\n<p>-Ambiance tendue sur le plateau de &#8220;On n&#8217;est pas couch\u00e9&#8221; (J\u00e9rome Ivanichtchenko; vid\u00e9o) : http:\/\/www.dailymotion.com\/video\/x5h49mn_ambiance-tendue-sur-le-plateau-d-on-n-est-pas-couche_news<\/p>\n<p>-RFI rend hommage \u00e0 Laurent Sadoux d\u00e9c\u00e9d\u00e9 \u00e0 51 ans, pr\u00e9sentateur de &#8220;Afrique midi&#8221; (vid\u00e9o) : http:\/\/www.rfi.fr\/video\/20170331-rfi-rend-hommage-laurent-sadoux<\/p>\n<p>-&#8220;Face aux candidats, nous devons \u00eatre complices&#8221;   (Ruth Elkrief qui animera, avec Laurence Ferrari, le d\u00e9bat de ce soir; vid\u00e9o) : http:\/\/www.dailymotion.com\/video\/x5h4dvx_ruth-elkrief-face-aux-candidats-nous-devons-etre-complices_news <\/p>\n<p><strong>-Ce soir, sur les chaines d&#8217;infos (C\u00e9line Pigalle, directrice de la r\u00e9daction de CNews, invit\u00e9e de Sonia Devillers; vid\u00e9o, amener le curseur sur 3:09) : <\/strong> https:\/\/www.franceinter.fr\/emissions\/l-instant-m\/l-instant-m-03-avril-2017<\/p>\n<p>-&#8220;Un dispositif d&#8217;envergure&#8221; (J\u00e9r\u00f4me Revon, interrog\u00e9 par Isabelle Moreau; vid\u00e9o) : http:\/\/www.cnews.fr\/chroniques\/les-invites-disabelle-moreau\/linvite-disabelle-moreau-du-03042017-174213<\/p>\n<p>-Natacha Polony ne sait pas pour qui elle va voter, c&#8217;est la premi\u00e8re fois de sa vie. Elle \u00e9tait l&#8217;invit\u00e9e d&#8217;Audrey Crespo-Mara (vid\u00e9o) : http:\/\/www.lci.fr\/replay\/replay-natacha-polony-journaliste-et-essayiste-2035142.html<\/p>\n<p><strong>-&#8220;On n&#8217;est pas couch\u00e9&#8221; sur France 2, l&#8217;\u00e9mission du m\u00e9pris ? (Audrey Kucinskas; vid\u00e9os) : <\/strong> http:\/\/www.lexpress.fr\/actualite\/medias\/on-n-est-pas-couche-sur-france-2-l-emission-du-mepris_1895199.html?PMSRC_CAMPAIGN<\/p>\n<p>-C&#8217;\u00e9tait hier soir sur France 5, &#8220;Les Moissons du ciel&#8221; de Terrence Malick. Heureux ceux qui ne les ont pas manqu\u00e9es (Sonia Devillers; vid\u00e9o) : https:\/\/www.franceinter.fr\/emissions\/l-instant-tele\/l-instant-tele-03-avril-2017<\/p>\n<p><strong>-&#8220;Nicole Ferroni, la voix sans ma\u00eetre&#8221; (Trois chroniques pour illuster la palette tr\u00e8s large de cette humoriste de formation scientifique tr\u00e8s pouss\u00e9e, habitu\u00e9e de cette revue (vid\u00e9os) :<\/strong><br \/>\nhttp:\/\/www.leparisien.fr\/laparisienne\/actu-people\/personnalites\/video-la-chronique-sur-alep-de-nicole-ferroni-bouleversante-sur-france-inter-14-12-2016-6454869.php<br \/>\nhttps:\/\/www.youtube.com\/watch?v=8QXQlbv9nvk                                            https:\/\/www.youtube.com\/watch?v=XV1sWVbOb4M          <\/p>\n<p>-Et d&#8217;autres parce qu&#8217;on ne s&#8217;en lasse pas (vid\u00e9os) : http:\/\/www.topito.com\/top-meilleures-chroniques-nicole-ferroni      <\/p>\n<p>-Une cagnotte pour Fran\u00e7ois Fillon qui n&#8217;arrive pas \u00e0 faire d&#8217;\u00e9conomies (Le Gorafi) : https:\/\/www.leetchi.com\/c\/solidarite-de-franaois-fillon-18193780<\/p>\n<p><strong>-&#8220;Louis Alliot et les trolls&#8221;  (Sophia Aram; vid\u00e9o) :<\/strong> https:\/\/www.franceinter.fr\/emissions\/le-billet-de-sophia-aram\/le-billet-de-sophia-aram-03-avril-2017  <\/p>\n","protected":false},"excerpt":{"rendered":"<p>ACTUALITE -En Guyane, r\u00e9cit d&#8217;une n\u00e9gociation dans l&#8217;impasse (Patrick Roger) : http:\/\/www.lemonde.fr\/politique\/article\/2017\/04\/03\/en-guyane-recit-d-une-negociation-dans-l-impasse_5104791_823448.html -Les collectifs ont dit &#8220;non&#8221; (Edwige Saint-Thomas; son) : https:\/\/www.franceinter.fr\/emissions\/journal-d-outre-mer-1ere\/journal-d-outre-mer-1ere-03-avril-2017 -La mobilisation se durcit (vid\u00e9o) : http:\/\/www.francetvinfo.fr\/economie\/crise-en-guyane\/guyane-la-mobilisation-se-durcit_2127951.html -Bernard Cazeneuve rejette la demande de 2,5 milliards d&#8217;euros comme &#8220;irr\u00e9aliste&#8221; (vid\u00e9o) : http:\/\/www.francetvinfo.fr\/economie\/crise-en-guyane\/direct-guyane-le-collectif-rejette-la-proposition-du-gouvernement-tous-les-barrages-fermes-lundi_2127543.html -&#8220;Il n&#8217;a entam\u00e9 en rien notre d\u00e9termination&#8221; (Davy Rimane, porte-parole du collectif [&hellip;]<\/p>\n","protected":false},"author":1042,"featured_media":0,"comment_status":"open","ping_status":"open","sticky":false,"template":"","format":"standard","meta":{"_themeisle_gutenberg_block_has_review":false,"footnotes":""},"categories":[151],"tags":[],"class_list":["post-10304","post","type-post","status-publish","format-standard","hentry","category-la-revue-de-presse-de-lulu"],"_links":{"self":[{"href":"https:\/\/archives.regards.fr\/index.php?rest_route=\/wp\/v2\/posts\/10304","targetHints":{"allow":["GET"]}}],"collection":[{"href":"https:\/\/archives.regards.fr\/index.php?rest_route=\/wp\/v2\/posts"}],"about":[{"href":"https:\/\/archives.regards.fr\/index.php?rest_route=\/wp\/v2\/types\/post"}],"author":[{"embeddable":true,"href":"https:\/\/archives.regards.fr\/index.php?rest_route=\/wp\/v2\/users\/1042"}],"replies":[{"embeddable":true,"href":"https:\/\/archives.regards.fr\/index.php?rest_route=%2Fwp%2Fv2%2Fcomments&post=10304"}],"version-history":[{"count":0,"href":"https:\/\/archives.regards.fr\/index.php?rest_route=\/wp\/v2\/posts\/10304\/revisions"}],"wp:attachment":[{"href":"https:\/\/archives.regards.fr\/index.php?rest_route=%2Fwp%2Fv2%2Fmedia&parent=10304"}],"wp:term":[{"taxonomy":"category","embeddable":true,"href":"https:\/\/archives.regards.fr\/index.php?rest_route=%2Fwp%2Fv2%2Fcategories&post=10304"},{"taxonomy":"post_tag","embeddable":true,"href":"https:\/\/archives.regards.fr\/index.php?rest_route=%2Fwp%2Fv2%2Ftags&post=10304"}],"curies":[{"name":"wp","href":"https:\/\/api.w.org\/{rel}","templated":true}]}}