{"id":10303,"date":"2017-04-03T06:09:06","date_gmt":"2017-04-03T04:09:06","guid":{"rendered":"https:\/\/wp.muchomaas.com\/article-la-revue-du-3-avril-2017\/"},"modified":"2023-06-23T23:24:25","modified_gmt":"2023-06-23T21:24:25","slug":"article-la-revue-du-3-avril-2017","status":"publish","type":"post","link":"https:\/\/archives.regards.fr\/?p=10303","title":{"rendered":"La Revue du 3 avril 2017"},"content":{"rendered":"<strong>ACTUALITE<\/strong>\n\n<strong>-&#8220;En Guyane, on envoie des satellites mais nous sommes les derniers \u00e0 avoir acc\u00e8s \u00e0 internet. Il sera difficile d&#8217;apaiser la col\u00e8re des Guyanais&#8221; (Bernard Lama, ancien goal de l&#8217;\u00e9quipe de France de football; propos recueillis par Aghate Mercante) : <\/strong> https:\/\/www.lesechos.fr\/politique-societe\/regions\/0211926199605-bernard-lama-en-guyane-on-envoie-des-satellites-mais-nous-sommes-les-derniers-a-avoir-acces-a-internet-2076147.php#xtor\n\n<strong>-&#8220;Un territoire oubli\u00e9 de la R\u00e9publique.  Cela fait des ann\u00e9es que les \u00e9lus, majoritairement de gauche, tirent la sonnette d&#8217;alarme. Ils ont \u00e9t\u00e9 marginalis\u00e9s et le gouvernement doit n\u00e9gocier directement avec la population et ses repr\u00e9sentants, les collectifs. La mer aujourd&#8217;hui, c&#8217;est la richesse de la France&#8221; (Patrick Karam, ancien d\u00e9l\u00e9gu\u00e9 interminist\u00e9riel sous Nicolas Sarkozy \u00e0 l&#8217;\u00e9galit\u00e9 des chances en Outre-mer; invit\u00e9 de  David Abiker; son, amener le curseur sur 1:07) : <\/strong> http:\/\/www.europe1.fr\/emissions\/c-est-arrive-cette-semaine\/cest-arrive-cette-semaine-010417-3217586\n\n-Le gouvernement annonce un plan d&#8217;un million d&#8217;euros (vid\u00e9o) : http:\/\/www.francetvinfo.fr\/economie\/crise-en-guyane\/guyane-un-plan-d-un-milliard-d-euros-annonce_2125449.html#xtor=CS2-765\n\n-La d\u00e9ception de la population (Anne-Claire Coignard; vid\u00e9o) : http:\/\/www.francetvinfo.fr\/economie\/crise-en-guyane\/guyane-les-habitants-decus-par-les-promesses-du-gouvernement_2125451.html#xtor=CS2-765 \n\n-&#8220;Le plan, du gouvernement rejet\u00e9, les n\u00e9gociations continuent&#8221; (Patrick Roger) : http:\/\/www.lemonde.fr\/politique\/article\/2017\/04\/01\/en-guyane-les-annonces-du-gouvernement-peinent-a-convraincre_5104482_823448.html\n\n-L&#8217;exigence &#8220;d&#8217;un statut particulier&#8221; (vid\u00e9o) : http:\/\/newscdn.newsrep.net\/h5\/nrvideo.html?r=3&#038;lan=fr_FR&#038;pid=14&#038;id=K0af0ecd4TA_fr&#038;app_lan=fr_FR&#038;mcc=208&#038;declared_lan\n\n-L&#8217;Etat envisagerait &#8220;une nationalisation transitoire&#8221; des chantiers navals STX de Saint-Nazaire (Jean-Christophe F\u00e9raud) : http:\/\/www.liberation.fr\/futurs\/2017\/03\/31\/chantiers-de-saint-nazaire-le-scenario-du-pavillon-francais-est-de-retour_1559826?xtor\n\n<strong>-Cuve de Flamanville, l&#8217;incroyable l\u00e9g\u00e8ret\u00e9 d&#8217;Areva et d&#8217;EDF (Jacques Morin, avec une enqu\u00eate de Sylvain Tronchet; son) :<\/strong> https:\/\/www.franceinter.fr\/emissions\/secrets-d-info\/secrets-d-info-01-avril-2017\n\n<strong>-&#8220;Peugeot, la lutte d\u00e9class\u00e9e&#8221; (Marc Belpois; photos de Rapha\u00ebl Helle; diaporama) : <\/strong> http:\/\/www.telerama.fr\/monde\/peugeot-la-lutte-declassee,155551.php\n\n<strong>-&#8220;20 ans et la vigne devant soi&#8221; (J\u00e9r\u00e9mie Couston; photos de J\u00e9r\u00f4me Bonnet) : <\/strong> \nhttp:\/\/www.telerama.fr\/monde\/20-ans-et-la-vigne-devant-soi,155805.php#xtor\n\n<strong>-Ils pr\u00e9servent des vari\u00e9t\u00e9s anciennes de fruits, de l\u00e9gumes et de graines (&#8220;13H15 le dimanche&#8221;; vid\u00e9o) :<\/strong> http:\/\/www.france2.fr\/emission\/13h15-les-francais\/diffusion-du-02-04-2017-14h15\n\n-18 millions de randonneurs en France (S\u00e9verine Ikkawi, directrice de la F\u00e9d\u00e9ration de randonn\u00e9e p\u00e9destre; vid\u00e9o) : http:\/\/www.cnews.fr\/chroniques\/linvite-du-week-end\/linvite-du-samedi-matin-du-01042017-174152\n\n<em>-Les Fran\u00e7ais et l&#8217;arbitrage vid\u00e9o (ODOXA) :<\/em> http:\/\/www.odoxa.fr\/sondage\/francais-larbitrage-video-ne-debat\/\n\n-Le cimentier Lafarge ne fournira plus Paris-plage en sable pour cause de mur Trump : https:\/\/www.lesechos.fr\/industrie-services\/industrie-lourde\/0211922249111-mur-trump-lafarge-ne-fournira-plus-de-sable-pour-paris-plages-2075853.php#xtor\n\n-Une gyn\u00e9cologue vend son cabinet pour un euro sur &#8220;Le Bon coin&#8221; (vid\u00e9o) : http:\/\/www.francetvinfo.fr\/sante\/sante-une-gynecologue-vend-son-cabinet-sur-le-bon-coin-pour-1-euro_2125133.html\n\n-&#8220;L&#8217;irrationalit\u00e9 de la taille mannequin soulign\u00e9e par les photos de Julia Busato&#8221; (Annabel Benhaiem; vid\u00e9o) : http:\/\/www.huffingtonpost.fr\/2017\/03\/23\/une-photographe-souligne-lirrationalite-de-la-taille-mannequin_a_22008432\/\n\n-Pour mieux  conna\u00eetre cette photographe : https:\/\/jbusatophotography.wordpress.com\/\n\n<strong>-&#8220;La France exile volontairement ses enfants autistes&#8221; (Christine Chr\u00e9tien, pr\u00e9sidente de &#8220;S\u00e9same autisme&#8221;, invit\u00e9e de Wendy Bouchard; son) <\/strong> : http:\/\/www.europe1.fr\/emissions\/linterview-verite-du-week-end\/christine-meignien-la-france-exile-de-force-nos-enfants-autistes-3217469\n\n<strong>-&#8220;L&#8217;air pas si pur de la vall\u00e9e du Mont Blanc, la plus pollu\u00e9e de France&#8221; (vid\u00e9o) :<\/strong> \nhttp:\/\/www.francetvinfo.fr\/meteo\/particules-fines\/vallee-du-mont-blanc-un-air-pas-si-pur_2125435.html#xtor=CS2-765\n\n<strong>-&#8220;Fos-sur-mer et Port-Saint-Louis, malades de leur pollution ?&#8221; (l&#8217;anthropologue Yolaine Ferrier; Sylvaine Goix, charg\u00e9e de mission &#8220;Sant\u00e9-environnement&#8221; et le professeur Fran\u00e7ois Elsinger, \u00e9pid\u00e9miologiste; vid\u00e9o) <\/strong> : http:\/\/pluzz.francetv.fr\/videos\/dimanche_en_politique_provence_alpes_,156194475.html \n\n<strong>-L&#8217;accueil des r\u00e9fugi\u00e9s dans la commune de Saint-Hilaire-du-Rosier (38), tel est le sujet choisi par FR3 Alpes dans &#8220;Dimanche en Politique&#8221; (avec Nadia Pinard-Cadet, premi\u00e8re adjointe de la commune; Patricia L&#8217;Ecolier d&#8217;une association d&#8217;aide aux demandeurs d&#8217;asile et une d&#8217;entre elles; vid\u00e9o) :<\/strong> http:\/\/pluzz.francetv.fr\/videos\/dimanche_en_politique_alpes_,156302836.html\n\n<strong>POLITIQUE<\/strong>\n\n<strong>-Pierre Laurent donne son point de vue sur une future majorit\u00e9 parlementaire, sur l&#8217;avenir du PS, sur le r\u00e9sultat de la CFDT et sur le discours de pr\u00e9f\u00e9rence nationale du FN (vid\u00e9os) : <\/strong> \nhttp:\/\/www.dailymotion.com\/video\/x5h1gbt_pierre-laurent-sur-l-elaboration-d-une-majorite-legislative_tv                                                                                 http:\/\/www.dailymotion.com\/video\/x5h1f0f_pierre-laurent-on-va-vers-l-eclatement-du-parti-socialiste_tv                                                                                      http:\/\/www.dailymotion.com\/video\/x5h1fp1_pierre-laurent-sur-la-victoire-de-la-cfdt_tv                                                                                                        http:\/\/www.dailymotion.com\/video\/x5h1gm4_pierre-laurent-sur-le-discours-de-preference-nationale-du-fn_tv\n\n<strong>-&#8220;Vu que la dynamique en faveur de Jean-Luc M\u00e9lenchon est l\u00e0, \u00e0 laquelle nous travaillons, je pense qu&#8217;un accord (avec Beno\u00eet Hamon) nous aurait aid\u00e9s. Si cet accord n&#8217;est pas possble, et manifestement il ne va pas l&#8217;\u00eatre, nous aiderons \u00e0 ce que la gauche soit le plus haut possible&#8221;. Le PCF va &#8220;porter la candidature de Jean-Luc M\u00e9lenchon en esp\u00e9rant qu&#8217;elle franchisse le cap de la qualification du deuxi\u00e8me tour, et cr\u00e9er les conditions d&#8217;une majorit\u00e9 politique autour de lui&#8221; (Pierre Laurent \u00e9tait l&#8217;invit\u00e9 de &#8220;Questions Politiques&#8221; sur France Inter (vid\u00e9o, amener le curseur sur 10:50) : <\/strong> http:\/\/www.dailymotion.com\/video\/x5h1jjp_pierre-laurent-invite-de-questions-politiques_news\n\n-&#8220;Le Parti communiste r\u00e9unionnais a choisi de soutenir Jean-Luc M\u00e9lenchon&#8221; (Yvan Dejean, vid\u00e9o) : http:\/\/www.linfo.re\/la-reunion\/politique\/715227-le-pcr-soutient-jean-luc-melenchon\n\n<strong>-&#8220;La CGT reste premi\u00e8re dans la Fonction publique mais je ne nie pas qu&#8217;il y ait un bouleversement. La premi\u00e8re conclusion, c&#8217;est la crise du syndicalisme fran\u00e7ais. Philippe Martinez fait un travail qui peut porter ses fruits. Il faut attendre pour analyser. Je pr\u00e9f\u00e8re le renouvellement au d\u00e9gagisme mais j&#8217;entends l&#8217;exasp\u00e9ration dans ce mot d&#8217;ordre. J&#8217;entends ce qui se passe entre la gauche, les ouvriers et les employ\u00e9s mais pr\u00e9cis\u00e9ment Jean-Luc M\u00e9lenchon essaie d&#8217;y r\u00e9pondre. Oui, nous menons une bataille de reconqu\u00eate des milieux populaires tr\u00e8s d\u00e9\u00e7us par les politiques men\u00e9es. Je pr\u00e9f\u00e8re l&#8217;unit\u00e9 \u00e0 la division et la victoire \u00e0 la d\u00e9faite mais les conditions n&#8217;ont pas \u00e9t\u00e9 r\u00e9unies pour une candidature unique. J&#8217;entends celles et ceux que \u00e7a enrage.  Nous sommes devant une grande recomposition politique. Dire comme Mme Le Pen qu&#8217;on peut combattre le r\u00e9chauffement climatique \u00e0 l&#8217;\u00e9chelle nationale, c&#8217;est n&#8217;importe quoi. Il faut n\u00e9gocier avec Poutine, sans ang\u00e9lisme, il a un projet imp\u00e9rialiste&#8221; (Cl\u00e9mentine Autain, porte-parole de &#8220;Ensemble&#8221;, candidate aux \u00e9lections l\u00e9gislatives en Seine-Saint-Denis; invit\u00e9e d&#8217;Yves Calvi; vid\u00e9o) : <\/strong> http:\/\/www.lci.fr\/replay\/l-invite-de-24h-en-questions-du-31-mars-2017-clementine-autain-conseillere-regionale-et-soutien-de-jean-luc-melenchon-1-2034958.html%3Ftype=content \n\n-&#8220;Sur le terrain, on voit qu&#8217;il se passe quelque chose. Fran\u00e7ois Fillon n&#8217;est plus tr\u00e8s loin. Au moins un tiers des personnes qui viennent dans nos meetings ne savent pas pour qui elles vont voter. Nous touchons des gens d\u00e9sorient\u00e9s par le qinquennat qu&#8217;ils viennent de vivre dont beaucoup avaient vot\u00e9 pour Fran\u00e7ois Hollande en 2012. Il n&#8217;est plus  l\u00e0, on ne nous refera pas le coup du vote utile. Le candidat ouvrier, c&#8217;est l&#8217;abstention&#8221; (Eric Coquerel, coordinateur du Parti de gauche; invit\u00e9 de Wendy Bouchard; son) :  http:\/\/www.europe1.fr\/emissions\/linterview-verite-du-week-end\/christine-meignien-la-france-exile-de-force-nos-enfants-autistes-3217469\n\n-Raquel Garrido, porte-parole de &#8220;la France insoumise&#8221;, participait \u00e0 &#8220;Dimanche en Politique&#8221; en Ile-de-France (vid\u00e9o) : http:\/\/pluzz.francetv.fr\/videos\/dimanche_en_politique_paris_ile_de_france_,155535578.html\n\n-En Gironde, c&#8217;est S\u00e9bastien Laborde, secr\u00e9taire de la F\u00e9d\u00e9ration du PCF, qui repr\u00e9sentait Jean-Luc M\u00e9lenchon dans &#8220;Dimanche en Politique&#8221; en r\u00e9gion (vid\u00e9o) : \nhttp:\/\/pluzz.francetv.fr\/videos\/dimanche_en_politique_aquitaine_,156187138.html\n\n<strong>-&#8220;Je deviens une candidature rassurante. Le mot (gauche) a \u00e9t\u00e9 d\u00e9natur\u00e9. Quand vous dites &#8220;gauche&#8221;, les gens entendent Hollande et son \u00e9quipe. Ils ont la naus\u00e9e&#8230;et moi aussi&#8221; (Jean-Luc M\u00e9lenchon dans le &#8220;JDD&#8221;; propos recueillis par Anna Cabana, Herv\u00e9 Gattegno et Arthur Nazaret) :<\/strong> http:\/\/www.lejdd.fr\/Politique\/Jean-Luc-Melenchon-Je-deviens-une-figure-rassurante-857708\n\n<strong>-Dans &#8220;Punchline&#8221; de Laurence Ferrari (vid\u00e9o) :<\/strong> http:\/\/replay.c8.fr\/video\/1442838\n\n-Son meeting \u00e0 Ch\u00e2teauroux (vid\u00e9o) : https:\/\/www.youtube.com\/watch?v=dClJe2t-9vc\n\n<em>-&#8220;Le candidat qui incarne le mieux la gauche&#8221; (IFOP; Herv\u00e9 Gattegno) :<\/em> http:\/\/www.lejdd.fr\/Politique\/SONDAGE-La-percee-Melenchon-857813\n\n-&#8220;\u00c7a correspond \u00e0 l&#8217;\u00e9tat d&#8217;esprit des Fran\u00e7ais mais pendant ce temps, on ne parle pas des programmes. Je n&#8217;ai pas bien compris quel \u00e9tait le sien&#8221; (Jacques Attali, auteur du roman policier d&#8217;anticipation &#8220;Premier arr\u00eat apr\u00e8s la mort&#8221;; invit\u00e9 de David Abiker; son, amener le curseur sur 10:47) : http:\/\/www.europe1.fr\/emissions\/c-est-arrive-demain\/cest-arrive-demain-david-abiker-020417-3218183\n\n-&#8220;Entre 2012 et 2017, comment il a chang\u00e9 ?&#8221; (Remy Dodet et Arthur Nazaret) : http:\/\/tempsreel.nouvelobs.com\/presidentielle-2017\/20170330.OBS7347\/melenchon-2012-2017-comment-il-a-change.html                                                                 http:\/\/www.lejdd.fr\/Politique\/Les-metamorphoses-strategiques-de-Melenchon-857678      \n\n-&#8220;Th\u00e9or\u00e8me de M\u00e9lenchon, plus il monte dans les sondages, plus il baisse le ton&#8221; (Xavier Frison) : https:\/\/www.marianne.net\/politique\/theoreme-de-melenchon-plus-il-monte-dans-les-sondages-plus-il-baisse-le-ton                          \n\n-&#8220;L&#8217;\u00e9lection de Jean-Luc M\u00e9lenchon peut faire des espoirs de &#8220;Nuit Debout&#8221; une r\u00e9alit\u00e9 (L\u00e9ila Chaibi de &#8220;La France insoumise&#8221;) : http:\/\/www.huffingtonpost.fr\/leila-chaibi\/la-victoire-de-jean-luc-melenchon-peut-permettre-de-faire-des-es_a_22020790\/\n\n-&#8220;M\u00e9lenchon et Macron, le succ\u00e8s du retour de l&#8217;intellectuel en politique&#8221; (Bruno-Roger Petit) : https:\/\/www.challenges.fr\/election-presidentielle-2017\/melenchon-et-macron-le-succes-du-retour-de-l-intellectuel-en-politique_464095\n\n-&#8220;Le ph\u00e9nom\u00e8ne M\u00e9lenchon&#8221; (Laurent de Boissieu) : http:\/\/www.la-croix.com\/France\/Politique\/Le-phenomene-Melenchon-2017-03-31-1200836325\n\n-&#8220;Oui, on est pour l&#8217;interdiction des licenciements. On est pour plus de fonctionnaires. Aujourd&#8217;hui, Bernard Arnault, il a 40 milliards d&#8217;euros. Ce qu&#8217;il a, il l&#8217;a vol\u00e9. Il faut r\u00e9quisitionner, exproprier. Ce syst\u00e8me ne fonctionne pas&#8221; (Philippe Poutou, candidat du NPA \u00e0 l&#8217;\u00e9lection pr\u00e9sidentielle; invit\u00e9 de &#8220;On n&#8217;est pas couch\u00e9&#8221;; vid\u00e9o, amener le curseur sur 3:05:10) : http:\/\/www.france2.fr\/emissions\/on-n-est-pas-couche\/videos\/integrale_-_on_nest_pas_couche_1er_avril_2017_onpc_01-04-2017_1527635?onglet=tous&#038;page=1\n\n-Avec Jean Lassalle, ils \u00e9taient ensemble sur le plateau de &#8220;C \u00e0 vous&#8221; de Sophie Lapix (vid\u00e9o) : https:\/\/www.youtube.com\/watch?v=BTfqOcFzA-g\n\n<strong>-&#8220;Aujourd&#8217;hui peux-t-on se marier avec Jean-Luc ? Civilement, nos coeurs sont d\u00e9j\u00e0 pris ! Pour le reste, je travaillerai toujours \u00e0 l&#8217;unit\u00e9&#8221; (Beno\u00eet Hamon dans &#8220;Le Parisien&#8221;; vid\u00e9os) :<\/strong> http:\/\/www.leparisien.fr\/elections\/presidentielle\/exclusif-video-benoit-hamon-macron-n-est-pas-de-gauche-02-04-2017-6817005.php \n\n-Le secr\u00e9taire d&#8217;Etat Thierry Mandon, soutien de Beno\u00eet Hamon \u00e9tait face \u00e0 Nadine Morano, eurod\u00e9put\u00e9e LR, soutien de Fran\u00e7ois Fillon dans &#8220;Dimanche Politique&#8221;, anim\u00e9 par Francis Letellier (vid\u00e9o) : http:\/\/pluzz.francetv.fr\/videos\/dimanche_en_politique.html\n\n-&#8220;Le Parti socialiste est un champ de ruines, ce n&#8217;est plus le parti de la fraternit\u00e9. Il est incapable de produire des id\u00e9es. Beno\u00eet Hamon n&#8217;a rien fait pour une r\u00e9conciliation. Il s&#8217;est plut\u00f4t tourn\u00e9 vers Jean-Luc M\u00e9lenchon et Yannick Jadot que vers les sociaux-r\u00e9formistes. Emmanuel Macron a rendu une &#8220;visite r\u00e9publicaine&#8221; \u00e0 Christian Estrosi. Pr\u00e9sident de la R\u00e9publique, il travaillera avec tout le monde&#8221; (Fran\u00e7ois Patriat, s\u00e9nateur de la C\u00f4te-d&#8217;Or, qui a quitt\u00e9 le PS; invit\u00e9 de la matinale de Franceinfo, interrog\u00e9 par Ya\u00ebl Goosz; son et vid\u00e9os) : http:\/\/www.francetvinfo.fr\/replay-radio\/8h30-politique\/presidentielle-francois-patriat-juge-que-le-parti-socialiste-est-un-champ-de-ruines_2103927.html\n\n-A Marseille, Emmanuel Macron tire \u00e0 boulets rouges sur Fran\u00e7ois Fillon (Ludovic Galtier; vid\u00e9o) : http:\/\/www.rtl.fr\/actu\/politique\/presidentielle-2017-macron-tire-a-boulets-rouges-sur-fillon-a-marseille-7787910956\n\n-L&#8217;int\u00e9grale (vid\u00e9o) : https:\/\/www.youtube.com\/watch?v=OeNelZ8mLzY&#038;t=153s\n\n-Une rencontre inattendue avec Christian Estrosi (vid\u00e9o) : http:\/\/www.francetvinfo.fr\/politique\/emmanuel-macron\/emmanuel-macron-christian-estrosi-un-rendez-vous-remarque_2125427.html#xtor=CS2-765\n\n-Fran\u00e7ois Fillon  recommande \u00e0 ce dernier &#8220;de faire attention \u00e0 ce qu&#8217;il dit&#8221; (cit\u00e9 par Cl\u00e9mence Bauduin) : http:\/\/www.rtl.fr\/actu\/politique\/fillon-recommande-a-estrosi-de-faire-attention-a-ce-qu-il-dit-7787910977 \n\n-&#8220;Estrosi, c&#8217;est un signe. De nombreux responsables politiques pensent qu&#8217;il faudra travailler ensemble. Je l&#8217;ai soutenu au 2e tour de l&#8217;\u00e9lection r\u00e9gionale et il y a des \u00e9lus MoDem sur sa liste. Les partisans de Fran\u00e7ois Fillon ont hyst\u00e9ris\u00e9 cette campagne. C&#8217;est de l&#8217;anti-gaullisme absolui. Emmanuel Macron a quitt\u00e9 deux fois Fran\u00e7ois Hollande. Il y a deux sortes de candidats, ceux que l&#8217;on quitte comme Fran\u00e7ois Fillon et Beno\u00eet Hamon; ceux que l&#8217;on rejoint comme Emmanuel Macron&#8221; (Fran\u00e7ois Bayrou, pr\u00e9sident du MoDem; invit\u00e9 du &#8220;Grand Jury-RTL&#8221;; son) : http:\/\/www.rtl.fr\/actu\/politique\/francois-bayrou-est-l-invite-du-grand-jury-7787914905\n\n-&#8220;Beno\u00eet Hamon devait rencontrer tous les candidats de la primaire. Quand on se marie, tout le monde peut signer un papier et tout le monde peut divorcer. Je vais me soumettre au vote des \u00e9lecteurs \u00e0 l&#8217;\u00e9lection l\u00e9gislative. J&#8217;ai beaucoup plus de convergences avec Emmanuel Macron qu&#8217;avec Beno\u00eet Hamon. Arnaud Montebourg, qui le soutient aujourd&#8217;hui, a dit dans la primaire qu&#8217;il nous ramenait &#8220;aux poubelles de l&#8217;histoire&#8221;. Vous trouvez que c&#8217;est coh\u00e9rent ? (Fran\u00e7ois de Rugy, d\u00e9put\u00e9 \u00e9cologiste de Loire Atlantique, soutien d&#8217;Emmanuel Macron; invit\u00e9 de &#8220;On n&#8217;est pas couch\u00e9&#8221;; vid\u00e9o) : http:\/\/www.france2.fr\/emissions\/on-n-est-pas-couche\/videos\/francois_de_rugy_-_on_nest_pas_couche_1er_avril_2017_onpc_02-04-2017_1527631?onglet=tous&#038;page=1 \n\n-&#8220;Le ralliement de Manuel Valls ne vaut que parce qu&#8217;il montre qu&#8217;Emmanuel Macron va l&#8217;emporter mais c&#8217;est aussi un cadeau pour Fran\u00e7ois Fillon qui lui permet de rassembler la droite. Pour les socialistes, Macron et M\u00e9lenchon incarnent aujourd&#8217;hui deux gauches irratrapables&#8221; (Herv\u00e9 Gattegno du JDD; son) : http:\/\/www.europe1.fr\/emissions\/ledito-du-jdd\/les-consequences-du-soutien-de-manuel-valls-a-emmanuel-macron-3218213\n\n<strong>-Eric Woerth, d\u00e9put\u00e9 LR de l&#8217;Oise, a d\u00e9fendu le programme \u00e9conomique de Fran\u00e7ois Fillon dans &#8220;On ne change pas l&#8217;\u00e9co&#8221; d&#8217;Yves Decaens, sur France Inter (vid\u00e9os)<\/strong> : http:\/\/www.dailymotion.com\/video\/x5gxf8m_eric-woerth-invite-d-on-n-arrete-pas-l-eco-premiere-partie_news\n<iframe loading=\"lazy\" title=\"Eric Woerth invit\u00e9 d&#039;On n&#039;arr\u00eate pas l&#039;\u00e9co : deuxi\u00e8me partie\" frameborder=\"0\" width=\"500\" height=\"283\" src=\"https:\/\/geo.dailymotion.com\/player.html?video=x5gxftz&#038;\" allowfullscreen allow=\"autoplay; fullscreen; picture-in-picture; web-share\"><\/iframe>\n\n-&#8220;Voter Dupont-Aignan, c&#8217;est voter Macron, c&#8217;est la m\u00eame chose. La d\u00e9fense nationale a besoin de plus de moyens&#8221; (il \u00e9tait l&#8217;invit\u00e9 de &#8220;BFM Politique&#8221;; vid\u00e9os) : http:\/\/www.bfmtv.com\/mediaplayer\/video\/presidentielle-voter-dupont-aignan-c-est-voter-macron-c-est-la-meme-chose-eric-woerth-930195.html                             http:\/\/www.bfmtv.com\/mediaplayer\/video\/politiques-au-quotidien-la-defense-nationale-a-besoin-de-plus-de-moyens-eric-woerth-930197.html                             http:\/\/www.bfmtv.com\/mediaplayer\/video\/questions-d-eco-je-pense-qu-il-faut-maintenir-le-lien-entre-administration-fiscale-et-contribuables-en-matiere-d-impot-sur-le-revenu-eric-woerth-930199.html                                            http:\/\/www.bfmtv.com\/mediaplayer\/video\/eric-woerth-face-aux-francais-le-compte-penibilite-est-une-usine-a-gaz-et-une-injustice-majeure-930201.html                                                                                \n\n-&#8220;C&#8217;est le poisson d&#8217;avril de Christian Estrosi. Le seul candidat cr\u00e9dible, c&#8217;est Fran\u00e7ois Fillon&#8221; (son conseiller sp\u00e9cial J\u00e9r\u00f4me Chartier, d\u00e9put\u00e9 LR du Val d&#8217;Oise; invit\u00e9 de Sandrine Aramon; vid\u00e9o) : http:\/\/www.francetvinfo.fr\/elections\/presidentielle\/presidentielle-2017-le-seul-candidat-credible-c-est-francois-fillon-selon-jerome-chartier_2126345.html\n\n-&#8220;Je n&#8217;ai jamais complot\u00e9 pour d\u00e9stabiliser Fran\u00e7ois Fillon&#8221; (Laurent Wauquiez, pr\u00e9sident LR de la r\u00e9gion Auvergne-Rh\u00f4ne-Alpes; propos recueillis par Anna Cabana dans le &#8220;JDD&#8221;) : http:\/\/www.lejdd.fr\/Politique\/Laurent-Wauquiez-Je-n-ai-jamais-complote-pour-destabiliser-Francois-Fillon-857798\n\n<strong>-Luc Ferry, ministre de l&#8217;Education nationale de Nicolas Sarkozy, premier invit\u00e9 de &#8220;C&#8217;est clair&#8221;, la nouvelle \u00e9mission de Claire Chazal sur Franceinfo (vid\u00e9o) : <\/strong> http:\/\/www.francetvinfo.fr\/monde\/europe\/la-grande-bretagne-et-l-ue\/video-brexit-fracture-au-ps-prix-nobel-a-bob-dylan-luc-ferry-evoque-l-actu-avec-claire-chazal_2125247.html\n\n-&#8220;Fran\u00e7ois Fillon, profession de soi&#8221; (Alain Auffray) : http:\/\/www.liberation.fr\/elections-presidentielle-legislatives-2017\/2017\/03\/31\/francois-fillon-la-profession-de-soi_1559878?xtor\n\n-Nicolas Dupont-Aignan avec Laurence Ferrari sur un march\u00e9 du XVe arrondissement de Paris (vid\u00e9o) : http:\/\/replay.c8.fr\/video\/1442842\n\n-Il \u00e9tait l&#8217;invit\u00e9 de &#8220;BFM Politique&#8221; (vid\u00e9os) :                                                        http:\/\/www.bfmtv.com\/mediaplayer\/video\/guyane-je-propose-un-developpement-economique-pas-seulement-axe-sur-le-spatial-nicolas-dupont-aignan-930187.html http:\/\/www.bfmtv.com\/mediaplayer\/video\/politiques-au-quotidien-la-sortie-de-l-union-europeenne-sera-un-levier-et-une-menace-pour-sa-reconstruction-nicolas-dupont-aignan-930189.html                                                                           http:\/\/www.bfmtv.com\/mediaplayer\/video\/questions-d-eco-je-veux-reorienter-la-politique-economique-de-la-france-defendre-nos-pme-et-supprimer-le-rsi-nicolas-dupont-aignan-930191.html                                                                        http:\/\/www.bfmtv.com\/mediaplayer\/video\/nicolas-dupont-aignan-face-aux-francais-il-faut-arreter-la-guerre-contre-les-automobilistes-et-mener-celle-contre-les-chauffards-930193.html\n\n-&#8220;Je me pose en rempart de l&#8217;invasion financi\u00e8re&#8221; (Jacques Cheminade, candidat \u00e0 l&#8217;\u00e9lection pr\u00e9sidentielle; invit\u00e9 de Catherine Matausch; vid\u00e9o) : http:\/\/www.francetvinfo.fr\/politique\/jacques-cheminade\/l-invite-politique-jacques-cheminade-se-pose-en-rempart-contre-l-occupation-financiere_2125215.html \n\n-&#8220;La France n&#8217;est plus un pays ind\u00e9pendant&#8221; (Fran\u00e7ois Asselineau, candidat de l&#8217;UPR \u00e0 l&#8217;\u00e9lection pr\u00e9sidentielle; interrog\u00e9 par Pierre Weill; son) :              https:\/\/www.franceinter.fr\/emissions\/l-interview-politique\/l-interview-politique-01-avril-2017\n\n-&#8220;Une nuit avec ses colleurs d&#8217;affiches&#8221; (vid\u00e9o) : http:\/\/www.francetvinfo.fr\/elections\/video-presidentielle-une-nuit-avec-les-colleurs-d-affiches-de-francois-asselineau_2125529.html\n\n-&#8220;Rien n&#8217;est fait tant que les \u00e9lecteurs n&#8217;ont pas mis un bulletin dans l&#8217;urne. Si je vous donne des noms de chanteurs, ils ne pourront plus faire de galas. Si on gagne, on chantera la Marseillaise avec les Fran\u00e7ais, sans bling-bling. C&#8217;est vrai que les banquiers ne nous aiment pas. Il faut arr\u00eater cette strat\u00e9gie de guerre froide. On peut critiquer sans couper les ponts avec la Russie, les Etats-Unis, la Chine&#8230;&#8221; (Florian Philippot, vice-pr\u00e9sident du FN, invit\u00e9 de &#8220;On n&#8217;est pas couch\u00e9&#8221;; vid\u00e9o) : http:\/\/www.france2.fr\/emissions\/on-n-est-pas-couche\/videos\/florian_philippot_-_on_nest_pas_couche_1er_avril_2017_onpc_02-04-2017_1527621?onglet=tous&#038;page=1\n\n-Il a accus\u00e9 Laurent Ruquier d&#8217;\u00ebtre un militant anti-FN, qui le prend comme un compliment (vid\u00e9o) : http:\/\/www.francetvinfo.fr\/politique\/front-national\/video-philippot-accuse-ruquier-d-etre-un-militant-anti-fn-l-animateur-le-prend-comme-un-compliment_2126363.html\n\n-St\u00e9phane Ravier, s\u00e9nateur-maire FN des Bouches-du-Rh\u00f4ne, \u00e9tait l&#8217;invit\u00e9 de &#8220;Questions Politiques&#8221; sur France Inter (vid\u00e9o) : http:\/\/www.dailymotion.com\/video\/x5h1luq_stephane-ravier-invite-de-questions-politiques_news\n\n<strong>-&#8220;Le FN, un parti ouvrier ?&#8221; (Florent Gougou, enseignant \u00e0 Sciences Po Grenoble; l&#8217;historienne Val\u00e9rie Igounet et le sociologue Willy Pelletier, coordinateur de la Fondation Copernic; rencontre anim\u00e9e par Herv\u00e9 Gardette; son) :<\/strong> https:\/\/www.franceculture.fr\/emissions\/du-grain-moudre\/le-front-national-est-il-un-parti-ouvrier \n\n-Rencontre avec Gr\u00e9goire, jeune agriculteur qui va voter pour la premi\u00e8re fois (Eric Valmir; son) : https:\/\/www.franceinter.fr\/emissions\/toute-premiere-fois\/toute-premiere-fois-01-avril-2017\n\n<strong>-&#8220;En 1969, des socialistes choisissent un centriste pour l&#8217;\u00e9lection pr\u00e9sidentielle&#8221; (Claude Askolovitch; son) :<\/strong> https:\/\/www.franceinter.fr\/emissions\/histoire-et-politique\/histoire-et-politique-02-avril-2017\n\n-&#8220;L&#8217;\u00e9lection est une pure com\u00e9die&#8221; (le chercheur et historien Emmanuel Todd; propos recueillis par Marie-Claire Delorme) : http:\/\/www.lejdd.fr\/Politique\/Emmanuel-Todd-L-election-est-une-pure-comedie-857597\n\n-&#8220;Les Pr\u00e9sidents et la guerre&#8221;, un ouvrage de Pierre Servent, interrog\u00e9 par Pierre Weill qui soulige que nous \u00e9lisons en fait &#8220;un monarque r\u00e9publicain&#8221;; son) : https:\/\/www.franceinter.fr\/emissions\/l-interview-politique\/l-interview-politique-02-avril-2017 \n\n<strong>-Les questions de soci\u00e9t\u00e9, \u00e9cole, fin de vie, parit\u00e9, cannabis&#8230;en d\u00e9bat dans &#8220;Le Grand Rendez-vous&#8221; d&#8217;Europe 1 (Alexis Corbi\u00e8re pour Jean-Luc M\u00e9lenchon; l&#8217;ancienne ministre Dominique Bertinotti, pour Beno\u00eft Hamon; Florian Philippot pour Marine Le Pen; Fran\u00e7ois de Rugy pour Emmanuel Macron et Damien Abad pour Fran\u00e7ois Fillon; vid\u00e9o et son) : <\/strong>http:\/\/www.europe1.fr\/emissions\/c-est-arrive-demain\/cest-arrive-demain-david-abiker-020417-3218183                                 http:\/\/www.europe1.fr\/emissions\/le-grand-rendez-vous\/le-grand-rendez-vous-alexis-corbiere-dominique-bertinotti-florian-philippot-francois-de-rugy-et-damien-abad-3218237        \n\n<em>-Les intentions de vote \u00e0 l&#8217;\u00e9lection pr\u00e9sidentielle (BVA) :<\/em>  http:\/\/www.bva-group.com\/sondages\/15eme-vague-dintentions-de-vote-a-3-semaines-de-lelection-presidentielle\/\n\n<em>-Le compilateur de sondages de  &#8220;L&#8217;Huffingtonpost&#8221; : <\/em>                                                         http:\/\/www.huffingtonpost.fr\/2017\/04\/01\/lection-presidentielle-2017-regardez-tous-les-sondages-grace-a_a_22021203\/?utm_hp_ref=fr-homepage\n\n<strong>EUROPE-MONDE<\/strong>\n\n<strong>-Les institutions europ\u00e9ennes emploient 56 000 fonctionnaires pour une grille des salaires qui va de 2 600 \u00e0 19 000 euros brut (Delphine Simon; son) : <\/strong> https:\/\/www.franceinter.fr\/emissions\/le-vrai-faux-de-l-europe\/le-vrai-faux-de-l-europe-01-avril-2017\n\n<strong>-&#8220;La date historique sera probablemnt dans deux ans quand le divorce sera effectif. Je le souhaite \u00e0 l&#8217;amiable. Le Royaume Uni veut passer du mariage au pacte. C&#8217;est pas facile \u00e0 faire dans ce sens l\u00e0. Il faut trouver un arrangement, pas seulement pour pr\u00e9server les enfants mais auussi parce que, dans le monde tel qu&#8217;il est, il vaut mieux rester ensemble. C&#8217;est ce qu&#8217;exprime la lettre de Theresa May&#8221; (Yves Bertoncini, directeur de l&#8217;Institut Jacques Delors; interrog\u00e9 par David Abiker; son, amener le curseur sur 11:11)<\/strong> : http:\/\/www.europe1.fr\/emissions\/c-est-arrive-cette-semaine\/cest-arrive-cette-semaine-010417-3217586\n\n<strong>-&#8220;Le march\u00e9 impur du diamant&#8221; (une enqu\u00eate de Marc Roche; son) :<\/strong> https:\/\/www.franceinter.fr\/emissions\/l-interview\/l-interview-01-avril-2017\n\n-En Serbie, le premier ministre devient Pr\u00e9sident d\u00e8s le premier tour : http:\/\/www.lemonde.fr\/europe\/article\/2017\/04\/02\/en-serbie-le-premier-ministre-aleksandar-vucic-devient-president_5104777_3214.html\n\n-Les Palestiniens d\u00e9noncent une nouvelle colonie isra\u00e9lienne (vid\u00e9o) : http:\/\/newscdn.newsrep.net\/h5\/nrvideo.html?r=3&#038;lan=fr_FR&#038;pid=14&#038;id=Zoadeaf6aAV_fr&#038;app_lan=fr_FR&#038;mcc=208&#038;declared_lan\n\n<strong>-&#8220;En Cisjordanie, Isra\u00ebl tourne le dos au droit international&#8221; (vid\u00e9o) : <\/strong> http:\/\/newscdn.newsrep.net\/h5\/nrvideo.html?r=3&#038;lan=fr_FR&#038;pid=14&#038;id=krae4143ck1_fr&#038;app_lan=fr_FR&#038;mcc=208&#038;declared_lan \n\n<strong>-&#8220;Alep, la vie dans les d\u00e9combres&#8221; (un reportage de Christian Chesnot; son) : <\/strong> https:\/\/www.franceinter.fr\/emissions\/interception\/interception-02-avril-2017\n\n<strong>-&#8220;Une histoire ordinaire de pr\u00e9dation congolaise et de voitures de luxe&#8221; (Joane Tilouine et Simon Piel) :<\/strong> http:\/\/www.lemonde.fr\/afrique\/article\/2017\/03\/29\/willy-nguesso-une-histoire-ordinaire-de-predation-congolaise-et-de-voitures-de-luxe_5102518_3212.html\n\n<strong>-&#8220;72 jours apr\u00e8s l&#8217;\u00e9lection de Donald Trump&#8221; (&#8220;13H15 le samedi&#8221;; vid\u00e9o) : <\/strong> http:\/\/www.francetvinfo.fr\/replay-magazine\/france-2\/13h15\/13h15-du-samedi-1-avril-2017_2114321.html\n\n-&#8220;Les V\u00e9n\u00e9zu\u00e9liens s&#8217;\u00e9puisent dans des strat\u00e9gies de survie&#8221; (le chercheur Edouardo Rios; entretien r\u00e9alis\u00e9 par Fran\u00e7ois-Xavier Gomez) : http:\/\/www.liberation.fr\/planete\/2017\/03\/31\/les-venezueliens-s-epuisent-dans-des-strategies-de-survie_1559824?xtor\n\n-La Cour supr\u00eame fait marche arri\u00e8re (vid\u00e9o) : http:\/\/newscdn.newsrep.net\/h5\/nrvideo.html?r=3&#038;lan=fr_FR&#038;pid=14&#038;id=wOae92d3eoH_fr&#038;app_lan=fr_FR&#038;mcc=208&#038;declared_lan\n\n-Ce qui n&#8217;emp\u00eache pas l&#8217;opposition de manifester (vid\u00e9o) : http:\/\/newscdn.newsrep.net\/h5\/nrvideo.html?r=3&#038;lan=fr_FR&#038;pid=14&#038;id=cxaf0e013Mt_fr&#038;app_lan=fr_FR&#038;mcc=208&#038;declared_lan\n\n-Le Parlement du Paraguay pris d&#8217;assaut par des manifestants (vid\u00e9o) : http:\/\/newscdn.newsrep.net\/h5\/nrvideo.html?r=3&#038;lan=fr_FR&#038;pid=14&#038;id=UTae92d36D4_fr&#038;app_lan=fr_FR&#038;mcc=208&#038;declared_lan\n\n<strong>-&#8220;A Fukushima, un retour forc\u00e9 en terres irradi\u00e9es&#8221;  (Arnaud Vaulerin) : <\/strong> http:\/\/www.liberation.fr\/planete\/2017\/03\/31\/fukushima-un-retour-force-en-terre-irradiee_1559867?xtor\n\n<strong>CULTURE-MEDIA<\/strong>\n\n<strong>-&#8220;Quel r\u00e9cit national pour la gauche fran\u00e7aise ?&#8221; (l&#8217;historien Patrick Boucheron, professeur au Coll\u00e8ge de France; vid\u00e9o) :<\/strong>  https:\/\/www.youtube.com\/watch?v=IlNJAffsD2o\n\n<strong>-&#8220;Existe-t-il une culture fran\u00e7aise ?&#8221; (l&#8217;\u00e9crivain, m\u00e9decin et diplomate Jean-Christophe Rufin, membre de l&#8217;Acad\u00e9mie fran\u00e7aise, rejoint par Sophie Claudel, directrice de l&#8217;Ecole normale sup\u00e9rieure d&#8217;Art de Dijon; invit\u00e9s de Guillaume Erner; sons) : <\/strong> https:\/\/www.franceculture.fr\/emissions\/linvite-des-matins\/existe-t-il-une-culture-francaise                                                                                                   https:\/\/www.franceculture.fr\/emissions\/linvite-des-matins-2eme-partie\/existe-t-il-une-culture-francaise-2eme-partie\n\n-Il pr\u00e9face l&#8217;\u00e9dition int\u00e9grale du manuscrit du &#8220;Tour de la terre en 80 jours&#8221; de Jules Verne (son, amener le curseur sur 26:02) : http:\/\/www.europe1.fr\/emissions\/c-est-arrive-cette-semaine\/cest-arrive-cette-semaine-010417-3217586\n\n-&#8220;Plus rien \u00e0 foutre de la d\u00e9mocratie !&#8221; (d\u00e9bat avec l&#8217;auteur, Brice Teinturier, directeur g\u00e9n\u00e9ral d&#8217;Ipsos; vid\u00e9o) : \n<iframe loading=\"lazy\" title=\"Plus rien \u00e0 foutre de la d\u00e9mocratie\u00a0! D\u00e9bat avec Brice Teinturier\" width=\"500\" height=\"281\" src=\"https:\/\/www.youtube.com\/embed\/8Qk5qANlPd0?feature=oembed\" frameborder=\"0\" allow=\"accelerometer; autoplay; clipboard-write; encrypted-media; gyroscope; picture-in-picture; web-share\" referrerpolicy=\"strict-origin-when-cross-origin\" allowfullscreen><\/iframe>\n\n-&#8220;La politique n&#8217;est pas morale&#8221; (le philosophe Comte-Sponville qui votera Macron d\u00e8s le premier tour; pi\u00e8ce jointe);\n\n-&#8220;Ce jour o\u00f9 Picasso a rencontr\u00e9 l&#8217;art n\u00e8gre&#8221;. Jusqu&#8217;au 23 juillet au Mus\u00e9e du Quai Branly, &#8220;Picasso primitif&#8221; (Sophie Cachon) : http:\/\/www.telerama.fr\/sortir\/ce-jour-ou-picasso-est-sorti-de-sa-zone-de-confort,156110.php#xtor\n\n-Au Louvre, les secrets de &#8220;La Laiti\u00e8re&#8221; de Vermeer (Blaise Ducos, le commissaire de l&#8217;exposition; vid\u00e9o) : http:\/\/www.bfmtv.com\/mediaplayer\/video\/au-louvre-a-paris-la-laitiere-de-vermeer-devoile-ses-secrets-929783.html#?xtor\n\n<strong>-Retrouver Stendhal \u00e0 &#8220;La Compagnie des auteurs&#8221; de Matthieu Garrigou-Lagrange (sons) :<\/strong> https:\/\/www.franceculture.fr\/emissions\/la-compagnie-des-auteurs\/stendhal\n\n<strong>-&#8220;Je suis un d\u00e9pressif qui s&#8217;emballe&#8221; (Fabrice Luchini, invit\u00e9 de l&#8217;excellente Eva Bester; son) :<\/strong> https:\/\/www.franceinter.fr\/emissions\/remede-a-la-melancolie\/remede-a-la-melancolie-02-avril-2017\n\n<strong>-Jusqu&#8217;au 5 avril \u00e0 l&#8217;Op\u00e9ra de Lyon, le festival &#8220;M\u00e9moires&#8221; (Sophie Bourdais; vid\u00e9os) <\/strong> : http:\/\/www.telerama.fr\/musique\/a-l-opera-de-lyon-les-mises-en-scene-ont-de-la-memoire,156135.php#xtor\n\n-La troupe &#8220;Rock the Ballet&#8221;, un m\u00e9lange de danse classique et de hip-hop (vid\u00e9o) : http:\/\/www.francetvinfo.fr\/economie\/emploi\/metiers\/art-culture-edition\/rock-the-ballet-un-melange-de-hip-pop-et-classique-sur-scene_2125491.html#xtor=CS2-765\n\n<strong>-D\u00e8s demain, \u00e0 la Philharmonie de Paris jusqu&#8217;au 13 ao\u00fbt, l&#8217;exposition &#8220;Jamaica Jamaica&#8221; rend hommage \u00e0 Bob Marley (vid\u00e9o) :<\/strong> http:\/\/www.francetvinfo.fr\/culture\/musique\/jamaica-jamaica-une-exposition-rend-hommage-a-la-legende-bob-marley_2125469.html\n\n<strong>-En 1984, Bob Dylan parle de la difficult\u00e9 d&#8217;\u00e9crire d&#8217;un futur Prix Nobel de litt\u00e9rature (vid\u00e9o de l&#8217;ina) : <\/strong> https:\/\/www.ina.fr\/video\/I16288388\/bob-dylan-a-propos-de-son-ecriture-du-surrealisme-video.html\n\n-Le scandale du Mediator port\u00e9 \u00e0 la sc\u00e8ne au Th\u00e9\u00e2tre des Bouffes du Nord \u00e0 Paris (vid\u00e9o) : http:\/\/www.francetvinfo.fr\/economie\/emploi\/metiers\/art-culture-edition\/culture-le-scandale-du-mediator-adapte-en-piece-de-theatre_2125227.html\n\n<strong>-Dans &#8220;Paris la Blanche&#8221;, la r\u00e9alisatrice Lidia Terki \u00e9claire le destin des chibanis, ces travailleurs immigr\u00e9s venus en France dans les ann\u00e9es 1970 (propos recueills par Guillemette Odicino; vid\u00e9o) :<\/strong> http:\/\/www.telerama.fr\/cinema\/de-l-algerie-a-paris-la-blanche-le-destin-sacrifie-des-chibanis,156146.php#xtor\n\n<strong>-Claudia Cardinal, sur l&#8217;affiche du Festival de Cannes 2017, \u00e9tait d\u00e9j\u00e0 sur la Croisette en 1961, avec Fran\u00e7ois Chalais, visiblement subjugu\u00e9 (vid\u00e9o de l&#8217;Ina) :<\/strong> http:\/\/www.ina.fr\/video\/I05045637\n\n-Laurent Delmas recommande &#8220;Pris de court&#8221; de Emmanuelle Cuau (son) : https:\/\/www.franceinter.fr\/emissions\/la-prescription-cinema-de-laurent-delmas\/la-prescription-cinema-de-laurent-delmas-01-avril-2017\n\n<strong>-&#8220;Pour beaucoup de gens, la vie des graffeurs est une fiction&#8221; (Marc-Aur\u00e8le Vecchione, r\u00e9alisateur de &#8220;Star&#8221; (entretien r\u00e9alis\u00e9 par Basile Lemaire; vid\u00e9o) : <\/strong> http:\/\/www.telerama.fr\/cinema\/pour-beaucoup-de-gens-la-vie-des-graffeurs-est-une-fiction,156136.php#xtor\n\n-Vous pouvez t\u00e9l\u00e9charger le film ici&#8230;pour 3,69 euros : http:\/\/www.star.resistancefilms.com\/ \n\n-La fabrique de super-h\u00e9ros de l&#8217;\u00e9diteur am\u00e9ricain &#8220;DC Comics&#8221; expos\u00e9e jusqu&#8217;au 10 septembre au mus\u00e9e &#8220;Art ludique&#8221;, dans le 13e arrondissement de Paris (Vincent Brunner) : http:\/\/www.telerama.fr\/sortir\/a-paris-batman-et-wonder-woman-devoilent-leurs-tresors,156118.php#xtor\n\n<strong>-La play-list jazz de Nathlie Piol\u00e9 (son)<\/strong> : https:\/\/www.francemusique.fr\/emissions\/banzzai\/la-playlist-jazz-de-nathalie-piole-aka-moon-ali-farka-toure-ray-charles-herbie-hancock-and-more-32749\n\n<strong>-Toujours sur France Musique, la programmation musicale du psychiatre et psychoth\u00e9rapeute Christophe Andr\u00e9, dans l&#8217;\u00e9mission d&#8217;Elsa Boublil &#8220;Musique \u00e9moi&#8221;  (son) <\/strong> : https:\/\/www.francemusique.fr\/emissions\/musique-emoi\/christophe-andre-psychiatre-et-psychotherapeute-32953\n\n<strong>-Retrouver les groupes &#8220;Weekend&#8221; et &#8220;The Blow Monkeys&#8221; avec Fran\u00e7ois Gorin (sons et vid\u00e9o) :<\/strong>\nhttp:\/\/www.telerama.fr\/musique\/weekend-1-le-jour-ou-alison-bossa,156077.php\nhttp:\/\/www.telerama.fr\/musique\/weekend-2-nostalgie-somnambule,156112.php http:\/\/www.telerama.fr\/musique\/blow-monkeys-un-cocktail-et-pschitt,156134.php#xtor=EPR-126-newsletter_tra-20170401\n\n-&#8220;Les Moolandingz&#8221;, le groupe \u00e9lectro le plus d\u00e9jant\u00e9 du Royaume Uni, sort un nouvel album (vid\u00e9os) :                                                                           http:\/\/www.lemonde.fr\/m-moyen-format\/article\/2017\/03\/30\/la-lose-flamboyante-de-moonlandingz_5103454_4497271.html\n\n<strong>-&#8220;L&#8217;opportuniste&#8221; (Jacques Dutronc, 1969; vid\u00e9o de l&#8217;Ina) :<\/strong> http:\/\/www.ina.fr\/video\/I05056284\n\n<strong>-Matthieu Chedid rend hommage au Mali dans &#8220;Lamolali&#8221;   (Pascale Deschamps; vid\u00e9o) :<\/strong> http:\/\/www.francetvinfo.fr\/monde\/mali\/chronique-culture-matthieu-chedid-rend-hommage-au-mali-avec-lamomali_2125181.html\n\n-&#8220;Je voulais faire un disque personnel et abouti artistiquement&#8221; (la chanteuse Jil Caplan, invit\u00e9e de Bernard Poirette; vid\u00e9o) : http:\/\/www.dailymotion.com\/video\/x5gvcem_je-voulais-faire-un-disque-personnel-et-abouti-artistiquement-confie-jil-caplan_news\n\n-&#8220;L&#8217;un de nous&#8221;, le nouvel album de Albin de la Simone (son, amener le curseur sur 27:36) : http:\/\/www.europe1.fr\/emissions\/c-est-arrive-demain\/cest-arrive-demain-david-abiker-020417-3218183\n\n<strong>-Les poissons d&#8217;avril musicaux de France Musique (Philippe Cassard; son. Super !) : <\/strong> https:\/\/www.francemusique.fr\/emissions\/portraits-de-famille\/poissons-d-avril-32936\n\n<strong>-Pourquoi des artistes comme Daft Punk choisissent-ils l&#8217;anonymat ? (le critique d&#8217;art Yann Perreau; son, amener le curseur sur 19:56) <\/strong> : http:\/\/www.europe1.fr\/emissions\/c-est-arrive-demain\/cest-arrive-demain-david-abiker-020417-3218183\n\n-Abraham Poincheval, l&#8217;artiste qui couve des oeufs (vid\u00e9o) : http:\/\/www.lemonde.fr\/arts\/video\/2017\/03\/30\/abraham-poincheval-l-artiste-qui-couve-des-ufs_5103450_1655012.html\n\n-Toujours plus de clients insatisfaits de SFR (Le\u00efla Marchand) : https:\/\/www.lesechos.fr\/tech-medias\/hightech\/0211927623360-sfr-compte-toujours-plus-de-clients-insatisfaits-2076200.php#xtor\n\n<strong>-Dans &#8220;La Nuit r\u00eav\u00e9e de&#8230;&#8221; sur France Culture, Pierre Bellemare, \u00e0 87 ans, diffuse encore &#8220;de l&#8217;envie, de l&#8217;optimisme et de la fantaisie&#8221; (sons) :     <\/strong>   https:\/\/www.franceculture.fr\/emissions\/les-nuits-de-france-culture\/pierre-bellemare-chaque-annee-je-lis-la-passion-du-christ-de                                                    https:\/\/www.franceculture.fr\/emissions\/les-nuits-de-france-culture\/pierre-bellemare-raconte-son-age-dor-de-la-tele-et-de-la-radio                                                   https:\/\/www.franceculture.fr\/emissions\/les-nuits-de-france-culture\/la-nuit-revee-de-pierre-bellemare-entretien-33     \n\n-Pour le d\u00e9bat \u00e0 11 du 20 avril, France 2 persiste et cafouille (Michel Bezbakh) : http:\/\/television.telerama.fr\/television\/debat-de-la-presidentielle-france-2-persiste-et-cafouille,156148.php#xtor\n\n-&#8220;Un d\u00e9bat sur le d\u00e9bat&#8221; (Alexandra Ackoun; son) : https:\/\/www.franceinter.fr\/emissions\/regard-sur-les-medias\/regard-sur-les-medias-01-avril-2017\n\n-&#8220;11 candidats, quelle strat\u00e9gie pour un d\u00e9bat ?&#8221; (Patrice Duhamel, ancien directeur g\u00e9n\u00e9ral de France T\u00e9l\u00e9visions; interrog\u00e9 par David Abiker; son, amener le curseur sur 1:07) : http:\/\/www.europe1.fr\/emissions\/c-est-arrive-demain\/cest-arrive-demain-david-abiker-020417-3218183\n\n-Trump et la Maison Blanche snobent le traditionnel d\u00eener de la presse am\u00e9ricaine (J\u00e9r\u00e9mie Maire; vid\u00e9o) : http:\/\/www.telerama.fr\/medias\/trump-et-la-maison-blanche-snobent-le-diner-des-correspondants-un-boycott-au-gout-de-revanche,156105.php#xtor\n\n<strong>-Avec David Pujadas, &#8220;les m\u00e2les se rebiffent&#8221; (Samuel Gontier; vid\u00e9o) <\/strong> :http:\/\/television.telerama.fr\/television\/debat-de-la-presidentielle-france-2-persiste-et-cafouille,156148.php#xtor\n\n-&#8220;La demande en mariage&#8221; (Jacqueline Maillan et Francis Blanche; vid\u00e9o de l&#8217;Ina) : http:\/\/www.ina.fr\/video\/I05038285\n\n-&#8220;Le Dul\u00e9ry show&#8221; (vid\u00e9o) : http:\/\/www.c8.fr\/c8-divertissement\/ms-salut-les-terriens\/pid8608-invites.html?vid=1442784\n\n<strong>-&#8220;Le Journal des Pr\u00e9sidents&#8221; de Cabu (vid\u00e9o) :<\/strong> http:\/\/www.bfmtv.com\/mediaplayer\/video\/tous-les-dessins-politiques-de-cabu-reunis-dans-journal-de-presidents-929855.html#?xtor\n\n-Dans &#8220;On n&#8217;est pas couch\u00e9&#8221; de Laurent Ruquier, l&#8217;urgentiste Patrick Pellou a pr\u00e9sent\u00e9 son livre &#8220;L&#8217;Instinct de vie&#8221; qui revient sur l&#8217;attentat de &#8220;Charlie Hebdo&#8221; dans lequel Cabu a trouv\u00e9 la mort, le 7 janvier 20125 (vid\u00e9o) : http:\/\/www.france2.fr\/emissions\/on-n-est-pas-couche\/videos\/patrick_pelloux_-_on_nest_pas_couche_1er_avril_2017_onpc_02-04-2017_1527617?onglet=tous&#038;page=1\n\n-&#8220;La gauche a explos\u00e9, il y en a partout&#8221; (Tanguy Pastureau; vid\u00e9o) : http:\/\/www.dailymotion.com\/video\/x5gy0bs_tanguy-pastureau-la-gauche-a-explose-et-il-y-en-a-partout_news\n\n<strong>-&#8220;Guillon 2017&#8221; (St\u00e9phane Guillon; vid\u00e9o)<\/strong> : http:\/\/www.c8.fr\/c8-divertissement\/ms-salut-les-terriens\/pid8294-stephane-guillon.html?vid=1442791\n\n<strong>-Le message de soutien \u00e0 Beno\u00eet Hamon de Matthieu Madegnan et VDB (vid\u00e9o) : <\/strong> http:\/\/www.6play.fr\/le-message-de-madenian-et-vdb-p_6730\/un-message-de-madenian-et-vdb-pour-soutenir-benoit-hamon-c_11670906\n\n<h2 class=\"wp-block-heading\">Documents joints<\/h2>\n\n\n\n<div class=\"wp-block-file\"><a href=\"https:\/\/wp.muchomaas.com\/wp-content\/uploads\/2017\/04\/comte-629.pdf\">comte.pdf<\/a><\/div>\n\n\n","protected":false},"excerpt":{"rendered":"<p>ACTUALITE -&#8220;En Guyane, on envoie des satellites mais nous sommes les derniers \u00e0 avoir acc\u00e8s \u00e0 internet. Il sera difficile d&#8217;apaiser la col\u00e8re des Guyanais&#8221; (Bernard Lama, ancien goal de l&#8217;\u00e9quipe de France de football; propos recueillis par Aghate Mercante) : https:\/\/www.lesechos.fr\/politique-societe\/regions\/0211926199605-bernard-lama-en-guyane-on-envoie-des-satellites-mais-nous-sommes-les-derniers-a-avoir-acces-a-internet-2076147.php#xtor -&#8220;Un territoire oubli\u00e9 de la R\u00e9publique. Cela fait des ann\u00e9es que les \u00e9lus, [&hellip;]<\/p>\n","protected":false},"author":1042,"featured_media":0,"comment_status":"open","ping_status":"open","sticky":false,"template":"","format":"standard","meta":{"_themeisle_gutenberg_block_has_review":false,"footnotes":""},"categories":[151],"tags":[],"class_list":["post-10303","post","type-post","status-publish","format-standard","hentry","category-la-revue-de-presse-de-lulu"],"_links":{"self":[{"href":"https:\/\/archives.regards.fr\/index.php?rest_route=\/wp\/v2\/posts\/10303","targetHints":{"allow":["GET"]}}],"collection":[{"href":"https:\/\/archives.regards.fr\/index.php?rest_route=\/wp\/v2\/posts"}],"about":[{"href":"https:\/\/archives.regards.fr\/index.php?rest_route=\/wp\/v2\/types\/post"}],"author":[{"embeddable":true,"href":"https:\/\/archives.regards.fr\/index.php?rest_route=\/wp\/v2\/users\/1042"}],"replies":[{"embeddable":true,"href":"https:\/\/archives.regards.fr\/index.php?rest_route=%2Fwp%2Fv2%2Fcomments&post=10303"}],"version-history":[{"count":0,"href":"https:\/\/archives.regards.fr\/index.php?rest_route=\/wp\/v2\/posts\/10303\/revisions"}],"wp:attachment":[{"href":"https:\/\/archives.regards.fr\/index.php?rest_route=%2Fwp%2Fv2%2Fmedia&parent=10303"}],"wp:term":[{"taxonomy":"category","embeddable":true,"href":"https:\/\/archives.regards.fr\/index.php?rest_route=%2Fwp%2Fv2%2Fcategories&post=10303"},{"taxonomy":"post_tag","embeddable":true,"href":"https:\/\/archives.regards.fr\/index.php?rest_route=%2Fwp%2Fv2%2Ftags&post=10303"}],"curies":[{"name":"wp","href":"https:\/\/api.w.org\/{rel}","templated":true}]}}