{"id":10300,"date":"2017-04-01T06:11:42","date_gmt":"2017-04-01T04:11:42","guid":{"rendered":"https:\/\/wp.muchomaas.com\/article-la-revue-du-1er-avril-2017\/"},"modified":"2023-06-23T23:24:25","modified_gmt":"2023-06-23T21:24:25","slug":"article-la-revue-du-1er-avril-2017","status":"publish","type":"post","link":"https:\/\/archives.regards.fr\/?p=10300","title":{"rendered":"La Revue du 1er avril 2017"},"content":{"rendered":"<strong>ACTUALITE<\/strong>\n\n<strong>-La fin de la tr\u00eave hivernale (vid\u00e9o) :<\/strong> http:\/\/www.francetvinfo.fr\/economie\/immobilier\/immobilier-indigne\/logement-fin-de-la-treve-hivernale_2123643.html\n\n<strong>-Dix maires de banlieue parisienne prennent des arr\u00eat\u00e9s &#8220;anti-mise \u00e0 la rue&#8221; d&#8217;un type nouveau (Malika Butsbach) :<\/strong> https:\/\/www.politis.fr\/articles\/2017\/03\/logement-des-arretes-anti-expulsion-dun-nouveau-type-36612\/\n\n<strong>-&#8220;70,77% de &#8220;non&#8221; au r\u00e9f\u00e9rendum organis\u00e9 \u00e0 RTE :<\/strong> http:\/\/www.humanite.fr\/les-salaries-de-rte-refusent-massivement-un-accord-temps-de-travail-que-la-direction-tentait-634168\n\n<em>-&#8220;Un v\u00e9ritable camouflet pour la loi Travail et la direction de RTE&#8221; (la CGT) :<\/em> http:\/\/www.cgt.fr\/Un-veritable-camouflet-pour-la-Loi.html\n\n<strong>-La CFDT devient le premier syndicat dans le priv\u00e9 (Le\u00efla de Comarmond) : <\/strong> https:\/\/www.lesechos.fr\/economie-france\/social\/0211934375639-la-cfdt-devient-premier-syndicat-au-niveau-national-2076756.php\n\n<em>-Les r\u00e9sultats officiels :<\/em> https:\/\/www.elections-professionnelles.travail.gouv.fr\/resultats\n\n-La conf\u00e9rence de presse de Laurent Berger, secr\u00e9taire de la CFDT (vid\u00e9o) : https:\/\/www.cfdt.fr\/portail\/actualites\/la-representativite\/-video-la-conference-de-presse-de-laurent-berger-suite-sur-la-premiere-place-de-la-cfdt-srv2_417860\n\n<em>-Le communiqu\u00e9 de la CGT<\/em> : http:\/\/www.cgt.fr\/Communique-de-la-CGT-44369.html\n\n-La r\u00e9action de Philippe Martinez (vid\u00e9o) : http:\/\/www.francetvinfo.fr\/economie\/syndicats\/syndicats-retour-sur-les-122-ans-de-regne-de-la-cgt_2123613.html\n\n-&#8220;La CFDT est un partenaire social avec lequel nous trouvons des compromis&#8221; (Alexandre Saubot, vice-pr\u00e9sident du Medef; interrog\u00e9 par Nicolas Pierron; vid\u00e9o) : https:\/\/www.dailymotion.com\/video\/x5gsviq_la-cfdt-est-un-partenaire-social-avec-lequel-nous-trouvons-des-compromis-alexandre-saubot-31-03-201_news\n\n<em>-Les salari\u00e9s et la formation professionnelle (BVA) :<\/em> http:\/\/www.bva-group.com\/sondages\/salaires-formation-professionnelle\/\n\n<strong>-Les origines de la crise guyanaise (l&#8217;historienne Fran\u00e7oise Verg\u00e8s, invit\u00e9e d&#8217;Axel de Tarl\u00e9; vid\u00e9o) :<\/strong> http:\/\/www.france5.fr\/emissions\/c-a-dire\/videos\/guyane_quelles_sont_les_origines_de_la_crise__28-03-2017_1524463?onglet\n\n-Les excuses d&#8217;une ministre (vid\u00e9o) : https:\/\/www.youtube.com\/watch?v=IDfJXw_aWxI\n\n-Jeudi, les retrait\u00e9s manifestaient pour leur pouvoir d&#8217;achat&#8221; (le sociologue Serge Gu\u00e9rin; vid\u00e9o) : http:\/\/www.france5.fr\/emissions\/c-a-dire\/videos\/les_retraites_manifestent_pour_leur_pouvoir_dachat_30-03-2017_1526021?onglet\n\n<strong>-La carte de France des d\u00e9serts m\u00e9dicaux (Emmanuel Vigneron, professeur de g\u00e9ographie \u00e0 Montpellier III; vid\u00e9o) :<\/strong> http:\/\/www.lemonde.fr\/sante\/visuel\/2017\/03\/30\/la-france-des-deserts-medicaux_5103486_1651302.html\n\n-L&#8217;installation des compteurs individuels de chauffage dans les immeubles collectifs co\u00fbte cher et leur efficacit\u00e9 est contest\u00e9e (Baptiste Gaborit; son du 31 mars) : https:\/\/www.radioclassique.fr\/radio\/emissions\/matinale-de-radio-classique\/3-minutes-planete\/\n\n-&#8220;L&#8217;arbitrage vid\u00e9o nous parait essentiel&#8221; (Nathalie Boy de la Tour, pr\u00e9sidente de la Ligue professionnelle de football, invit\u00e9e de Thomas Sotto; vid\u00e9o) : http:\/\/www.dailymotion.com\/video\/x5gskho_nathalie-boy-de-la-tour-l-arbitrage-video-nous-semble-essentiel_news\n\n-Avec les paris, les match truqu\u00e9s gagnent du terrain dans d&#8217;autres disciplines que le football (C\u00e9cilia Arbona; son) : https:\/\/www.franceinter.fr\/emissions\/grand-angle\/grand-angle-31-mars-2017\n\n-&#8220;La fin du d\u00e9put\u00e9-maire&#8221; (Baptiste Bouthier) : http:\/\/www.liberation.fr\/france\/2017\/03\/31\/cumul-des-mandats-c-est-la-fin-du-depute-maire_1558882?xtor\n\n-La sortie spatiale de Peggy Whitson, la plus longue de l&#8217;histoire pour une femme (vid\u00e9o) : http:\/\/www.liberation.fr\/video\/2017\/03\/30\/peggy-whitson-devient-la-femme-ayant-effectue-le-plus-de-sorties-spatiales_1559457?xtor\n\n<strong>-&#8220;L\u00e9a Poplin, la directrice de prison qui dit stop&#8221; (Julie Brafman) : <\/strong> http:\/\/www.liberation.fr\/france\/2017\/03\/30\/surpopulation-carcerale-lea-poplin-la-directrice-de-prison-qui-dit-stop_1559569?xtor\n\n-&#8220;Les vendredis de l&#8217;\u00e9conomie&#8221; \u00e0 Vitry-sur-Seine (94; pi\u00e8ce jointe); \n\n<strong>-Il y a trente ans, le proc\u00e8s Barbie (vid\u00e9o) : <\/strong> http:\/\/www.francetvinfo.fr\/sciences\/histoire\/il-y-a-trente-ans-le-proces-barbie_2123363.html\n\n<strong>-L&#8217;exigence de v\u00e9rit\u00e9 apr\u00e8s la mort de Liu Shaoyao (photos de J\u00e9r\u00f4me Chobeaux; pi\u00e8ce jointe);<\/strong>\n\n-L&#8217;\u00e9v\u00eaque d&#8217;Evry invente &#8220;la p\u00e9dophilie malencontreuse&#8221; : https:\/\/www.marianne.net\/societe\/l-eveque-d-evry-invente-la-pedophilie-malencontreuse\n\n<em>-Les essentiels du rapport sur la lutte contre le racisme en 2016 (Commission nationale consultative des droits de l&#8217;homme; document \u00e0 t\u00e9l\u00e9charger) :<\/em> http:\/\/www.cncdh.fr\/fr\/publications\/les-essentiels-du-rapport-sur-la-lutte-contre-le-racisme-2016\n\n<strong>POLITIQUE<\/strong>\n\n-Cinq d\u00e9put\u00e9s, dont Andr\u00e9 Chassaigne, ont demand\u00e9 \u00e0 Fran\u00e7ois Hollande de reporter l&#8217;application du trait\u00e9 de libre \u00e9change entre l&#8217;Union eurp\u00e9enne et le Canada (Aline Robert) : http:\/\/www.euractiv.fr\/section\/commerce-industrie\/news\/la-demande-de-report-du-ceta-rencontre-un-faible-succes\/?nl_ref=34619861\n\n<strong>-Jean-Luc M\u00e9lenchon a pr\u00e9sent\u00e9 &#8220;une g\u00e9opolitique et une d\u00e9fense au service de la paix&#8221; (vid\u00e9o) : <\/strong> https:\/\/www.youtube.com\/watch?v=vQ6VRi0smIo&#038;app=desktop#action=share\n\n-La 23e \u00e9dition de sa &#8220;Revue de la semaine&#8221; qui rassempble aujourd&#8217;hui 250 000 abonn\u00e9s (vid\u00e9o) : http:\/\/melenchon.fr\/2017\/03\/30\/revue-de-semaine-23-evasion-fiscale-brexit-frontieres-france-2-melenphone-jeu-video\/\n\n-&#8220;Beaucoup de socialistes ont envie de venir dans ce mouvement pour la 6e R\u00e9publique&#8221; (Raquel Garrido, porte-parole de &#8220;La France insoumise&#8221;; vid\u00e9o) :        https:\/\/wp.muchomaas.com\/ecrire\/?exec=article_edit&#038;id_article=10300\n\n<strong>-&#8220;Jean-Luc M\u00e9lenchon ne participera pas \u00e0 ce d\u00e9bat alors que le CSA demande \u00e0 France 2 de changer la date. Je ne comprends pas pourquoi France 2 s&#8217;ent\u00eate. Ce serait arrogant de demander \u00e0 Beno\u00eet Hamon de se retirer. Si la question se pose, c&#8217;est dans sa famille qu&#8217;elle doit \u00eatre discut\u00e9e&#8221; (Elle \u00e9tait l&#8217;invit\u00e9e de &#8220;Territoires d&#8217;Infos&#8221; sur &#8220;Public S\u00e9nat&#8221; (vid\u00e9o) :<\/strong> https:\/\/www.dailymotion.com\/video\/x5gsz06_invitee-raquel-garrido-territoires-d-infos-le-best-of-31-03-2017_tv\n\n-&#8220;Cela fait un an que nous sommes en campagne. Aujourd&#8217;hui, il y a trois grandes familles qui se pr\u00e9sentent : la guerre du tous contre tous de Marine Le Pen, le chacun pour soi du lib\u00e9ralisme de M. Macron et un projet  d&#8217;\u00e9mancipation collective, du tous ensemble qui est port\u00e9 par Jean-Luc M\u00e9lenchon. Droite et PS sont explos\u00e9s entre ces grandes familles. On vient d&#8217;assister \u00e0 l&#8217;explosion du Parti socialiste. On ne se positionne pas sur un \u00e9chiquier gauche\/droite. On a un programme humaniste et on s&#8217;adresse \u00e0 l&#8217;ensemble de notre peuple avec des r\u00e9ponses aux grands d\u00e9fis. Les communistes ont fait le choix d&#8217;une campagne autonome. Nous le respectons&#8221; (Manuel Bompard, directeur de campagne de Jean-Luc M\u00e9lenchon; invit\u00e9 de Fran\u00e7ois-Xavier M\u00e9nage; vid\u00e9o)  : http:\/\/www.lci.fr\/replay\/replay-l-invite-politique-du-31-mars-2017-manuel-bompard-directeur-de-campagne-de-jean-luc-melenchon-2030909.html\n\n-&#8220;Demander \u00e0 Hamon ou \u00e0 M\u00e9lenchon de se retirer ne sert \u00e0 rien&#8221; (Lilian Alemagna) : http:\/\/www.liberation.fr\/elections-presidentielle-legislatives-2017\/2017\/03\/31\/demander-a-hamon-ou-melenchon-de-se-retirer-ne-sert-a-rien_1559684\n\n-&#8220;M\u00e9lenchon, un vote pour provoquer l&#8217;avenir&#8221; (C\u00e9dric Durand, ma\u00eetre de conf\u00e9rence en \u00e9conomie \u00e0 Paris XIII et Razmig Keucheyan, sociologue \u00e0 l&#8217;universit\u00e9 de Bordeaux) : http:\/\/www.liberation.fr\/debats\/2017\/03\/31\/melenchon-un-vote-pour-provoquer-l-avenir_1559534\n\n-&#8220;Au pr\u00e9sent avec M\u00e9lenchon pour un autre avenir&#8221; (&#8220;Cerises&#8221; n\u00b0317) : http:\/\/www.cerisesenligne.fr\/file\/archive\/cerises-317.pdf\n\n-&#8220;PCF et &#8220;France insoumise&#8221; d\u00e9suni dans deux circonscriptions havraises&#8221; (vid\u00e9o) : http:\/\/france3-regions.francetvinfo.fr\/normandie\/seine-maritime\/pays-de-caux\/havre\/pcf-france-insoumise-desunis-deux-circonscriptions-havraises-1225369.html\n\n-&#8220;Tous les grands groupes prosp\u00e8rent et \u00e9crasent la condition ouvri\u00e8re&#8221; (Nathalie Arthaud, invit\u00e9e de Guillaume Durand; vid\u00e9o) : https:\/\/www.dailymotion.com\/video\/x5gsy9z_tous-les-grands-groupes-prosperent-et-ecrasent-la-condition-ouvriere-nathalie-arthaud-31-03-2017_news\n\n-&#8220;Ce que fait Manuel Valls, c&#8217;est un acte de parjure. Il a trahi la primaire. Voter Jean-Luc M\u00e9lenchon, c&#8217;est perdre la culture de gouvernement, voter Emmanuel Macron, c&#8217;est perdre la n\u00e9cessit\u00e9 de d\u00e9fendre le monde du travail. Beno\u00eet Hamon incarne la synth\u00e8se entre les deux&#8221; (Fran\u00e7ois Kalfon, conseiller r\u00e9gional PS d&#8217;Ile-de-France; interrog\u00e9 par Guillaume Durand; vid\u00e9o) : https:\/\/www.dailymotion.com\/video\/x5gsxdn_ce-qu-a-fait-manuel-valls-est-un-acte-de-parjure-il-a-trahi-la-primaire-francois-kalfon-31-03-2017_news\n\n-&#8220;Le comportement de Manuel Valls est minable&#8221; (Karine Berger, d\u00e9put\u00e9e PS des Hautes-Alpes, interrog\u00e9e par Elsa Freyssenet; vid\u00e9o) : https:\/\/videos.lesechos.fr\/lesechos\/invite-des-echos\/le-comportement-de-manuel-valls-est-minable-karine-berger-deputee-ps\/8zm3ks\n\n-&#8220;C&#8217;est extraordinairement m\u00e9diocre&#8221; (Sandrine Mazetier, d\u00e9put\u00e9e PS de Paris; vid\u00e9o) : http:\/\/www.lcp.fr\/la-politique-en-video\/vote-de-valls-pour-macron-cest-extraordinairement-mediocre-juge-mazetier\n\n-Elle \u00e9tait l&#8217;invit\u00e9e de &#8220;Politique matin&#8221;, interrog\u00e9e par Brigitte Boucher (vid\u00e9o, amener le curseur sur 29:28) : http:\/\/www.lcp.fr\/la-politique-en-video\/vote-de-valls-pour-macron-cest-extraordinairement-mediocre-juge-mazetier\n\n-En critiquant Macron, Hamon &#8220;se trompe d&#8217;adversaire&#8221; (la secr\u00e9taire d&#8217;Etat Barbara Pompili; vid\u00e9o) : http:\/\/www.lcp.fr\/la-politique-en-video\/en-critiquant-macron-hamon-se-trompe-dadversaire-deplore-pompili\n\n-Elle \u00e9tait l&#8217;invit\u00e9e de &#8220;Parlement Hebdo&#8221; sur les chaines parlementaires (vid\u00e9o) : http:\/\/www.lcp.fr\/emissions\/parlement-hebdo\/280392-parlement-hebdo\n\n-&#8220;Avec les militants de Hamon \u00e0 Montpellier&#8221; (Sarah Finger) : http:\/\/www.liberation.fr\/elections-presidentielle-legislatives-2017\/2017\/03\/30\/avec-les-militants-de-hamon-a-montpellier-si-on-est-la-c-est-pour-lui-dire-de-se-battre_1559555?xtor\n\n-&#8220;Ils n&#8217;ont pas \u00e9t\u00e9 surpris de la r\u00e9ponse de Jean-Luc M\u00e9lenchon \u00e0 Beno\u00eet Hamon&#8221; (vid\u00e9o) : http:\/\/www.liberation.fr\/video\/2017\/03\/30\/main-tendue-de-hamon-a-melenchon-un-refus-qui-ne-surprend-pas_1559378?xtor\n\n-&#8220;Tous les indicateurs sont au vert pour Jean-Luc M\u00e9lenchon. En 2012, il avait atteint 16% pour retomber \u00e0 11%. Il peut dire merci aux socialistes, avec Hamon, depuis que M\u00e9lenchon l&#8217;a d\u00e9pass\u00e9,  maintenant confront\u00e9 \u00e0 deux votes utiles, l&#8217;un \u00e0 sa droite pour Macron, l&#8217;autre \u00e0 sa gauche pour M\u00e9lenchon&#8221; (Guillaume Tabard du &#8220;Figaro&#8221;; son du 31 mars) : https:\/\/www.radioclassique.fr\/radio\/emissions\/matinale-de-radio-classique\/22630-2\/\n\n<strong>-&#8220;Le calvaire de Beno\u00eet Hamon. Qui ne tranche pas finit par \u00eatre tranch\u00e9&#8221; (Thomas Legrand; son) : <\/strong> https:\/\/www.franceinter.fr\/emissions\/tubes-co\/tubes-co-31-mars-2017\n\n<strong>-Dans la matinale de France Inter, face \u00e0 face Cristophe Castaner, d\u00e9put\u00e9 PS des Alpes-de-Haute-Provence, soutien d&#8217;Emmanuel Macron\/J\u00e9r\u00f4me Guedj, ancien pr\u00e9sident PS du Conseil d\u00e9partemental de l&#8217;Essonne, soutien de Beno\u00eet Hamon. Ils ont r\u00e9pondu aux questions de Patrick Cohen et des auditeurs (vid\u00e9os) : <\/strong>                                                                             http:\/\/www.dailymotion.com\/video\/x5gso4r_christophe-castaner-et-jerome-guedj-repondent-aux-questions-de-patrick-cohen_news                                              http:\/\/www.dailymotion.com\/video\/x5gsqk9_christophe-castaner-et-jerome-guedj-repondent-aux-questions-des-auditeurs-de-france-inter_news\n\n-&#8220;Les cons\u00e9quences pour la gauche du soutien de Manuel Valls \u00e0 Emmanuel Macron&#8221; (Anne Resencher de &#8220;L&#8217;Express&#8221; et Judith Waintraub du &#8220;Figaro&#8221;; vid\u00e9o) :  http:\/\/www.francetvinfo.fr\/politique\/manuel-valls\/les-consequences-du-soutien-de-manuel-valls-a-emmanuel-macron_2123343.html\n\n<strong>-&#8220;La mort du PS, je n&#8217;y crois pas parce que c&#8217;est un parti d&#8217;\u00e9lus et parce que l&#8217;autre gauche, celle de M. M\u00e9lenchon, n&#8217;a pas r\u00e9ussi \u00e0 inscrire son mouvement dans un parti politique. La seule fa\u00e7on pour le PS de survivre, c&#8217;est qu&#8217;il clarifie une ligne. S&#8217;il la choisit de gauche avec Beno\u00eet Hamon, alors il devra se rassembler avec M. M\u00e9lenchon et on aura une sorte de nouveau Parti communiste comme l&#8217;\u00e9tait le PC avant. Et on aura un parti social-d\u00e9mocrate avec ceux qui ont rejoint Emmanuel Macron et lui. On aurait deux gauches qui se retrouveraient \u00e0 la case d\u00e9part comme dans les ann\u00e9es 70. Mais le PS n&#8217;est pas \u00e9ternel, on le voit dans toute l&#8217;Europe. L&#8217;\u00e9go des uns et des autres est responsable de tout cela. Si Fran\u00e7ois Hollande \u00e9tait candidat, dans les circonstances actuelles, il aurait de fortes chances de l&#8217;emporter&#8221; (Jacques Attali, interrog\u00e9 par Yves Calvi; vid\u00e9o) :      <\/strong>                                 http:\/\/www.lci.fr\/politique\/l-invite-de-24h-en-questions-du-30-mars-2017-jacques-attali-ecrivain-et-ancien-conseiller-de-f-mitterand-2034925.html%3Ftype=content\n \n-&#8220;C&#8217;est Valls qui est mena\u00e7ant. Ce qu&#8217;il a fait s&#8217;appelle une trahison. Le PS est mort depuis 1983. Emmanuel Macron est le candidat d\u00e9complex\u00e9 de ce socialisme l\u00e0. Il y a une aile droite et une aile gauche dans tous les partis politiques. C&#8217;est Jean-Luc M\u00e9lenchon qui est probl\u00e9matique parce qu&#8217;il demande aux autres de se rallier \u00e0 son programme alors qu&#8217;avec des programmes diff\u00e9rents, la gauche pourrait \u00eatre au second tour. Je rappelle que M\u00e9lenchon a vot\u00e9 le trait\u00e9 de Maastricht alors qu&#8217;il nous explique qu&#8217;aujourd&#8217;hui  tous nos maux viennent de l&#8217;Europe. Il y a une gauche invisible, sans repr\u00e9sentant, un peu perdue&#8221; (le philosophe Michel Onfray, interrog\u00e9 par Fabien Namias; vid\u00e9o) : http:\/\/www.dailymotion.com\/video\/x5gsoc5_michel-onfray-il-y-a-une-gauche-invisible-sans-representant-qui-est-un-peu-perdue_news\n\n-&#8220;Beno\u00eet Hamon fait une recomposition politique \u00e0 la gauche de la gauche avec Jean-Luc M\u00e9lenchon et C\u00e9cile Duflot. Avec celle que m\u00e8ne Emmanuel Macron, les vieux partis politiques traditionnels sont en train de craquer. Ils ne correspondent plus aux clivages r\u00e9els. Beaucoup de candidats font plus campagne contre Emmanuel Macron que contre Fran\u00e7ois Fillon et Marine Le Pen&#8221; (Fran\u00e7ois de Rugy, d\u00e9put\u00e9 \u00e9cologiste de Loire Atlantique, soutien d&#8217;Emmanuel Macron; invit\u00e9 de la matinale de Franceinfo; son et vid\u00e9os) : http:\/\/www.francetvinfo.fr\/replay-radio\/8h30-aphatie\/francois-de-rugy-les-recompositions-politiques-font-craquer-le-vieux-systeme-politique_2102317.html\n\n-&#8220;Macron chasseur de t\u00eates en Seine-Saint-Denis&#8221; (Guillaume Gendron) : http:\/\/www.liberation.fr\/elections-presidentielle-legislatives-2017\/2017\/03\/30\/quartiers-populaires-macron-chasseur-de-tetes_1559542?xtor\n\n<strong>-&#8220;Valls\/Macron, merci pour ce soutien !&#8221; (en d\u00e9bat dans &#8220;C dans l&#8217;air&#8221; anim\u00e9 par Caroline Roux; vid\u00e9o) :<\/strong> http:\/\/www.france5.fr\/emissions\/c-dans-l-air\/diffusions\/30-03-2017_562761\n\n-&#8220;Je veux reconstituer  un \u00e9tat. La commune, c&#8217;est le commencement de la d\u00e9mocratie. Je retirerai  les troupes engag\u00e9es \u00e0 l&#8217;\u00e9tranger&#8221; (Jean Lassalle; vid\u00e9o) : http:\/\/www.francetvinfo.fr\/politique\/jean-lassalle\/presidentielle-jean-lassalle-est-l-invite-du-12-13_2123703.html\n\n-&#8220;Les chiraquiens aussi sont derri\u00e8re Macron&#8221; (Yves Thr\u00e9ard du &#8220;Figaro&#8221;; vid\u00e9o) : http:\/\/www.dailymotion.com\/video\/x5gscpi_les-chiraquiens-aussi-sont-derriere-macron_news\n\n-&#8220;Il r\u00e9siste et il d\u00e9roule son projet. Les 20 personnes qui tapent sur des casseroles sont des militants d&#8217;extr\u00eame-gauche&#8221; (Luc Chatel, porte-parole de Fran\u00e7ois Fillon; face \u00e0 Jeff Wittemberg; vid\u00e9o) : http:\/\/www.france2.fr\/emissions\/telematin\/actu\/les-4-verites-luc-chatel_562823\n\n-&#8220;Fran\u00e7ois Fillon est un candidat bless\u00e9, balafr\u00e9, estropi\u00e9, d\u00e9consid\u00e9r\u00e9 mais toujours pas d\u00e9courag\u00e9&#8221; (Alain Duhamel; vid\u00e9o) : http:\/\/www.dailymotion.com\/video\/x5gqozk_francois-fillon-est-un-candidat-blesse-balafre-estropie-deconsidere-mais-toujours-pas-decourage_news\n\n<strong>-&#8220;Le match des programmes&#8221; (Philippe Aghion, professur au Coll\u00e8ge de France pour Emmanuel Macron, face \u00e0 Henri de Castries, ancien PDG d&#8217;Axa, pour Fran\u00e7ois Fillon; d\u00e9bat anim\u00e9 par Ruth Elkrief; vid\u00e9o) <\/strong> : http:\/\/www.bfmtv.com\/mediaplayer\/video\/philippe-aghion-face-a-henri-de-castries-le-match-des-programmes-fillonmacron-929527.html\n\n-&#8220;Ni Mme Le Pen, ni M. M\u00e9lenchon, ni M. Dupont-Aignan ne proposent de sortir de l&#8217;Union europ\u00e9enne. Ils proposent de ren\u00e9gocier les trait\u00e9s et \u00e9ventuellement d&#8217;organiser un r\u00e9f\u00e9rendum. Avec moi, nous sortirons tout de suite de l&#8217;Union et de l&#8217;euro, sereinement, en appliquant l&#8217;article 50, comme le fait Mme Theresa May qui n&#8217;est pas une extr\u00e9miste&#8221; (Fran\u00e7ois Asselineau, candidat de l&#8217;UPR \u00e0 l&#8217;\u00e9lection pr\u00e9sidentielle; interrog\u00e9 par David Pujadas; vid\u00e9o) : http:\/\/pluzz.francetv.fr\/videos\/l_entretien_politique.html\n\n-&#8220;La ministre aurait d\u00fb pr\u00e9senter les excuses de tous les gouvernements qui se sont succ\u00e8d\u00e9s et qui ont abandonn\u00e9 la Guyane. Marine Le Pen se maintient \u00e0 un niveau tr\u00e8s \u00e9lev\u00e9. Le vrai clivage, c&#8217;est Macron le mondialiste contre Marine Le Pen la patriote. On veut faire \u00e9voluer l&#8217;euro vers une monnaie commune&#8221; (Nicolas Bay, secr\u00e9taire g\u00e9n\u00e9ral du FN; face \u00e0 Elizabeth Martichoux; vid\u00e9o) :                     http:\/\/www.dailymotion.com\/video\/x5gslhi_nicolas-bay-etait-l-invite-de-rtl-le-31-mars-2017_news\n\n-Macron en t\u00eate des sondages ? &#8220;C&#8217;est un vote \u00e0 la mode, un peu  showbiz, \u00e7a passera&#8221; (Florian Philippot, vice-pr\u00e9sident du FN; face \u00e0 Ruth Elkrief; vid\u00e9o) : http:\/\/www.bfmtv.com\/mediaplayer\/video\/macron-en-tete-des-sondages-c-est-un-vote-un-peu-a-la-mode-un-peu-showbiz-ca-passera-florian-philippot-929525.html\n\n-&#8220;Chaque fois qu&#8217;il y a une perquisition, on retrouve un compte rendu dans la presse. Nous sommes les principaux adversaires de l&#8217;Union europ\u00e9enne, c&#8217;est pour cela qu&#8217;elle sort des affaires. Beno\u00eet Hamon est en perdition, alors il dit n&#8217;importe quoi&#8221;  (David Rachline, directeur de campagne de Marine Le Pen; face \u00e0 Laurent Neumann; vid\u00e9o) : http:\/\/www.bfmtv.com\/mediaplayer\/video\/david-rachline-face-a-laurent-neumann-en-direct-929621.html\n\n-&#8220;Deux tiers des abstentionnistes sont des gens engag\u00e9s&#8221; (Antoine Peillon, auteur de &#8220;Voter, c&#8217;est abdiquer&#8221;. Pour eux, ils sont dans l&#8217;action directe. Electoralement, le FN est le plus touch\u00e9&#8221;; vid\u00e9o) : http:\/\/www.lemonde.fr\/election-presidentielle-2017\/video\/2017\/03\/30\/antoine-peillon-deux-tiers-des-abstentionnistes-sont-des-gens-engages_5103317_4854003.html\n\n<strong>-&#8220;Les 18-30 ans constituent la cat\u00e9gorie qui s&#8217;abstient le plus&#8221; (C\u00e9line Braconnier, directrice de Sciences Po Saint-Germain-en-Layes; vid\u00e9o) :<\/strong> http:\/\/www.lemonde.fr\/videos\/#8zf33f\n\n-Des abstentionnistes t\u00e9moignent : http:\/\/www.lemonde.fr\/election-presidentielle-2017\/article\/2017\/03\/30\/pourquoi-ils-n-iront-pas-voter-des-abstentionnistes-temoignent_5103503_4854003.html\n\n-Ce que pensent des jeunes de la campagne \u00e9lectorale (vid\u00e9o) : http:\/\/www.francetvinfo.fr\/elections\/presidentielle\/presidentielle-que-pensent-les-jeunes-de-la-campagne_2123353.html\n\n<em>-La fermeture des fronti\u00e8res (VIAVOICE) :<\/em> http:\/\/www.institut-viavoice.com\/viavoice-paris\/publications\/sondages-publies\/590-faut-il-fermer-nos-frontieres-pour-sauver-nos-emplois-3\n\n<em>-Les intentions de vote des Fran\u00e7ais de l&#8217;\u00e9tranger (BVA) :<\/em> http:\/\/www.bva-group.com\/sondages\/intentions-de-vote-aupres-francais-de-letranger\/\n\n<em>-Les intentions de vote \u00e0 l&#8217;\u00e9lection pr\u00e9sidentielle (ODOXA) :<\/em> http:\/\/www.odoxa.fr\/sondage\/bombe-melenchon-talonne-fillon-tomber-hamon-10\/\n\n<em>-Les intentions de vote au 31 mars (OPINION-WAY) <\/em> : http:\/\/opinionlab.opinion-way.com\/opinionlab\/832\/627\/presitrack.html#m6\n\n<em>-Le m\u00eame (IFOP)<\/em>  : http:\/\/dataviz.ifop.com:8080\/HNS\/HNSAdmin\/start.appli?appid=60930&#038;logonUser=USERWEB&#038;logonPswcd=ZnJhbmNvaXNF\n\n<em>-Les r\u00e9sultats de la semaine (OPINION-WAY) : <\/em> https:\/\/www.opinion-way.com\/fr\/component\/edocman\/?task=document.viewdoc&#038;id=1585&#038;Itemid=0\n\n<strong>EUROPE-MONDE<\/strong>\n\n-&#8220;Juncker menace Trump de soutenir la demande d&#8217;ind\u00e9pendance du Texas&#8221; (James Crisp) : http:\/\/www.euractiv.fr\/section\/avenir-de-l-ue\/news\/if-you-back-brexit-ill-call-for-texit-juncker-tells-trump\/?nl_ref=34619861\n\n<strong>-L&#8217;Union europ\u00e9enne s&#8217;engage \u00e0 prot\u00e9ger les stocks de poissons en M\u00e9diterran\u00e9e (St\u00e9phanie Senet) :<\/strong> http:\/\/www.euractiv.fr\/section\/agriculture-alimentation\/news\/lue-sengage-a-proteger-les-stocks-de-poissons-en-mediterranee\/?nl_ref=34619861\n\n-Les dirigeants demandent plus de temps pour n\u00e9gocier le Brexit (Jorge Valero) : http:\/\/www.euractiv.fr\/section\/royaume-uni-en-europe\/news\/transitional-period-after-brexit-talks-gains-momentum\/?nl_ref=34619861\n\n-&#8220;Le Royaume Uni veut une relation \u00e9troite avec l&#8217;Union europ\u00e9enne mais, avant, il faudra aller au bout du Brexit . C&#8217;est une n\u00e9gociation tr\u00e8s complexe dont le terme a \u00e9t\u00e9 fix\u00e9. Chine et Etats-Unis sont deux super-puissances condamn\u00e9es \u00e0 s&#8217;entendre&#8221; (Sylvie Bermann, ambassadrice de France \u00e0 Londres, qui le fut avant en Chine; interrog\u00e9e par Jean-Pierre Elkabbach; vid\u00e9o) : http:\/\/www.cnews.fr\/chroniques\/linterview-de-jean-pierre-elkabbach\/sylvie-bermann-et-abdallah-zekri-invites-de-jean-pierre-elkabbach-174123\n\n-Michel Barnier a d\u00e9voil\u00e9 son premier plan de n\u00e9gociations avec le Royaume-Uni :  http:\/\/www.euractiv.fr\/section\/royaume-uni-en-europe\/news\/lue-devoile-son-premier-plan-de-negociations-du-brexit\/?nl_ref=34619861\n\n-Londres esp\u00e8re prot\u00e9ger la libre-circulation entre l&#8217;Espagne et Gibraltar : http:\/\/www.euractiv.fr\/section\/royaume-uni-en-europe\/news\/uk-ambassador-to-spain-gibraltars-cross-border-movement-a-post-brexit-priority\/?nl_ref=34619861\n\n-&#8220;L&#8217;Autriche veut exclure les travailleurs europ\u00e9ens des nouveaux emplois&#8221; : http:\/\/www.liberation.fr\/planete\/2017\/03\/30\/l-autriche-veut-exclure-les-travailleurs-europeens-des-nouveaux-emplois_1559575?xtor\n\n<strong>-&#8220;Netanyahou valide la cr\u00e9ation d&#8217;une nouvelle colonie, une premi\u00e8re depuis 25 ans&#8221;  (Piotr Smolar) :<\/strong> http:\/\/www.lemonde.fr\/proche-orient\/article\/2017\/03\/30\/netanyahou-valide-la-creation-d-une-nouvelle-colonie-une-premiere-depuis-25-ans_5103549_3218.html\n\n-&#8220;En Syrie, un barrage bombard\u00e9 menace des centaines de milliers de vies (vid\u00e9o) : http:\/\/www.lemonde.fr\/proche-orient\/video\/2017\/03\/30\/syrie-un-barrage-bombarde-menace-des-centaines-de-milliers-de-vies_5103529_3218.html\n\n<strong>-L&#8217;Afrique de l&#8217;Ouest frapp\u00e9e par la famine (vid\u00e9o) : <\/strong> http:\/\/www.francetvinfo.fr\/monde\/afrique\/famine\/l-afrique-de-l-ouest-touchee-par-la-famine_2123361.html\n\n<strong>-&#8220;Donald Trump, ennemi climatique n\u00b01&#8221; (Estelle Patt\u00e9e) :<\/strong> http:\/\/www.liberation.fr\/planete\/2017\/03\/30\/donald-trump-ennemi-climatique-numero-1_1559567?xtor\n\n-Il s&#8217;attaque aux frondeurs R\u00e9publicains du Congr\u00e8s (Gilles Paris) : http:\/\/www.lemonde.fr\/donald-trump\/article\/2017\/03\/31\/donald-trump-passe-a-l-offensive-contre-les-frondeurs-du-congres_5103625_4853715.html\n\n-&#8220;Trump change de camp&#8221; (Bernard Guetta) : https:\/\/www.franceinter.fr\/emissions\/geopolitique\/geopolitique-31-mars-2017\n\n-Le d\u00e9clin de la classe moyenne am\u00e9ricaine (Fran\u00e7ois Lenglet; son) : http:\/\/www.dailymotion.com\/video\/x5gtdms_francois-lenglet-se-penche-sur-le-declin-de-la-classe-moyenne-americaine_news\n\n<strong>-&#8220;Au Venezuela, l&#8217;Etat est devenu un champ de bataille&#8221; (Christophe Ventura, chercheur \u00e0 l&#8217;Iris; propos recueillis par Jean-Baptiste Fran\u00e7ois) : <\/strong> http:\/\/www.la-croix.com\/Monde\/Ameriques\/Au-Venezuela-lEtat-est-devenu-un-champ-de-bataille-2017-03-31-1200836308?utm_source\n\n<strong>-&#8220;Infos-Paix&#8221; n\u00b0395 <\/strong>  : http:\/\/www.mvtpaix.org\/outils\/infos-paix\/2017\/infospaix395.htm\n\n<strong>CULTURE-MEDIA<\/strong>\n\n-&#8220;En finir avec la conception \u00e9tatiste et centralisatrice du d\u00e9veloppement&#8221; (Jean-Claude Mairal, ancien pr\u00e9sident communiste du Conseil d\u00e9partemental de l&#8217;Allier; pi\u00e8ce jointe);\n\n<strong>-&#8220;Nous et les autres, du pr\u00e9jug\u00e9 au racisme&#8221;, l&#8217;exposition s&#8217;ouvre au Mus\u00e9e de l&#8217;Homme. Sa commissaire scientifique, la g\u00e9n\u00e9ticienne Evelyne Heyer, \u00e9tait l&#8217;invit\u00e9e d&#8217;Ali Baddou (vid\u00e9o) :<\/strong> http:\/\/www.dailymotion.com\/video\/x5gsi7h_evelyne-heyer-repond-aux-questions-d-ali-baddou_news\n\n-Erri De Luca \u00e9tait l&#8217;invit\u00e9 de &#8220;La Grande Table&#8221; d&#8217;Olivia Gesbert, avec son dernier roman &#8220;La Nature expos\u00e9e&#8221; (son) : https:\/\/www.franceculture.fr\/emissions\/la-grande-table-1ere-partie\/sacre-erri-de-luca#xtor \n\n-Le grand succ\u00e8s de l&#8217;exposition Rodin au Grand Palais (Guy Boyer; vid\u00e9o) : https:\/\/www.dailymotion.com\/video\/x5gswh9_le-centenaire-de-la-mort-de-rodin-attire-les-visiteurs-au-musee-rodin-guy-boyer-31-03-2017_news\n\n-Jusqu&#8217;au 2 avril au Grand Palais, la foire d&#8217;art contemporain (photos) : http:\/\/www.francetvinfo.fr\/en-image\/en-images-art-paris-art-fair-huit-oeuvres-un-peu-etranges-a-ne-pas-rater-a-la-foire-d-art-contemporain-du-grand-palais_2123511.html\n\n<strong>-Le violoniste Amaury Coeytaux \u00e9tait l&#8217;invit\u00e9 de &#8220;Passion classique&#8221; d&#8217;Olivier Bellamy; son du 30 mars)<\/strong> : https:\/\/www.radioclassique.fr\/radio\/emissions\/passion-classique\/\n\n-Les m\u00e9tiers d&#8217;art \u00e0 l&#8217;honneur (Isabelle Moreau; vid\u00e9o) : http:\/\/www.cnews.fr\/chroniques\/les-invites-disabelle-moreau\/linvite-disabelle-moreau-du-31032017-174130#\n\n<strong>-Le retour de Michel Jonasz sur les planches, au Th\u00e9\u00e2tre du Gymnase \u00e0 Paris (vid\u00e9o) <\/strong> : http:\/\/www.france5.fr\/emissions\/entree-libre\/videos\/quest-ce_qui_fait_courir_jonasz__28-03-2017_1524329?onglet\n\n-Alain Gomis, r\u00e9alisateur de &#8220;F\u00e9licit\u00e9&#8221;, d\u00e9fenseur du cin\u00e9ma africain (vid\u00e9o) :  http:\/\/www.france5.fr\/emissions\/entree-libre\/videos\/_felicite_regard_noir_29-03-2017_1525335?onglet\n\n-&#8220;Dire au revoir&#8221;, le premier livre de Ga\u00ebtan Roussel du groupe Louise Attaque (Invit\u00e9 d&#8217;Isabelle Moreau; vid\u00e9o) : http:\/\/www.cnews.fr\/chroniques\/les-invites-disabelle-moreau\/linvite-disabelle-moreau-du-31032017-174133\n\n-&#8220;Divine com\u00e9die&#8221; de Ga\u00ebl Tchakaloff, livtre dont les h\u00e9ros sont Marine Le Pen, Jean-Luc M\u00e9lenchon et Emmanuel Macron et qui estime que la d\u00e9testation de la politique tient au fait que les politiques juent la com\u00e9die. Invit\u00e9e d&#8217;Amandine B\u00e9got; vid\u00e9o) : http:\/\/www.lci.fr\/replay\/replay-l-invite-de-8h45-de-lci-matin-du-31-mars-2017-gael-tchakaloff-journaliste-et-ecrivaine-2030913.html%3Ftype=content \n\n-&#8220;A l&#8217;heure o\u00f9 noircit la campagne&#8221; (le nouveau livre de Guy Bedos; vid\u00e9o) : http:\/\/www.france5.fr\/emissions\/entree-\nlibre\/videos\/guy_bedos_mieux_vaut_en_rire_29-03-2017_1525331?onglet\n\n<strong>-&#8220;Heart of Glass&#8221; du groupe Blondie (Rebecca Manzoni; vid\u00e9os) : <\/strong> https:\/\/www.franceinter.fr\/emissions\/tubes-co\/tubes-co-31-mars-2017\n\n<strong>-Juliette Armanet et son piano \u00e9taient les invit\u00e9s d&#8217;Augustin Trapenard (son) : <\/strong> https:\/\/www.franceinter.fr\/emissions\/boomerang\/boomerang-31-mars-2017\n\n-France-T\u00e9l\u00e9visions a \u00e9quilibr\u00e9 ses comptes (Marc Baudriller; son du 31 mars) : https:\/\/www.radioclassique.fr\/radio\/emissions\/matinale-de-radio-classique\/la-vie-des-medias\/\n\n<strong>-La bataille du d\u00e9bat \u00e0 la t\u00e9l\u00e9 (Philippe Vendel; vid\u00e9o) : <\/strong> http:\/\/www.dailymotion.com\/video\/x5gsz4v_presidentielle-la-bataille-du-debat-a-la-tele-l-humeur-de-philippe-vandel_news\n\n<strong>-Le CSA rencontre les syndicats de CNews (J\u00e9r\u00f4me Ivanichtchenko; vid\u00e9o) :<\/strong> http:\/\/www.dailymotion.com\/video\/x5gt052_cnews-le-csa-rencontre-les-syndicats-ce-vendredi_news\n\n<strong>-Mobilisation pour C\u00e9cile Amar, journaliste sanctionn\u00e9e par la direction de L&#8217;Obs. L&#8217;intersyndicale des journalistes du &#8220;Monde&#8221; a pris position dans le m\u00eame sens : <\/strong> http:\/\/www.lejdc.fr\/politique\/2017\/03\/31\/des-artistes-et-des-politiques-se-mobilisent-pour-une-journaliste-de-l-obs_12345937.html\n\n<strong>-Dans un documentaire diffus\u00e9 lundi sur France 3, Val\u00e9rie Giscard d&#8217;Estaing se confie \u00e0 Patrice Duhamel, ancien directeur de France-T\u00e9l\u00e9visions. Il \u00e9tait l&#8217;invit\u00e9 de Sonia Devillers (vid\u00e9o, amener le curseur sur 5:27) : <\/strong> http:\/\/www.dailymotion.com\/video\/x5gtcuf_patrice-duhamel-fait-parler-giscard_news\n\n-Sur France 4, &#8220;Sherlock&#8221; a achev\u00e9 sa 4e saison (vid\u00e9o) : http:\/\/www.lemonde.fr\/televisions-radio\/video\/2017\/03\/30\/sherlock-l-une-des-meilleures-series-produites-depuis-longtemps_5103495_1655027.html\n\n-&#8220;Beno\u00eet Hamon au chevet de sa campagne \u00e9lectorale&#8221; (Nicolas Canteloup; vid\u00e9o) : http:\/\/www.dailymotion.com\/video\/x5gsrk9_benoit-hamon-au-chevet-de-sa-campagne-electorale_news\n\n<strong>-&#8220;Thomas Pesquet, le Michel Drucker de l&#8217;espace&#8221; (Charline Vanhoenacker et Alex Vizorek; vid\u00e9o) :<\/strong> https:\/\/www.franceinter.fr\/emissions\/le-billet-de-charline-vanhoenacker\/le-billet-de-charline-vanhoenacker-31-mars-2017\n\n<strong>-&#8220;J&#8217;ai la solution pour la gauche&#8221; (Fran\u00e7ois Morel; son) : <\/strong> https:\/\/www.franceinter.fr\/emissions\/le-billet-de-francois-morel\/le-billet-de-francois-morel-31-mars-2017\n<h2 class=\"wp-block-heading\">Documents joints<\/h2>\n\n\n\n<div class=\"wp-block-file\"><a href=\"https:\/\/wp.muchomaas.com\/wp-content\/uploads\/2017\/03\/vendredi-eco2017-32f.pdf\">vendredi-eco2017.pdf<\/a><\/div>\n\n\n\n<div class=\"wp-block-file\"><a href=\"https:\/\/wp.muchomaas.com\/wp-content\/uploads\/2017\/03\/exigence_de_verite-32a.pdf\">exigence_de_verite.pdf<\/a><\/div>\n\n\n\n<div class=\"wp-block-file\"><a href=\"https:\/\/wp.muchomaas.com\/wp-content\/uploads\/2017\/04\/jean-claude_mairal-729.pdf\">jean-claude_mairal.pdf<\/a><\/div>\n\n\n","protected":false},"excerpt":{"rendered":"<p>ACTUALITE -La fin de la tr\u00eave hivernale (vid\u00e9o) : http:\/\/www.francetvinfo.fr\/economie\/immobilier\/immobilier-indigne\/logement-fin-de-la-treve-hivernale_2123643.html -Dix maires de banlieue parisienne prennent des arr\u00eat\u00e9s &#8220;anti-mise \u00e0 la rue&#8221; d&#8217;un type nouveau (Malika Butsbach) : https:\/\/www.politis.fr\/articles\/2017\/03\/logement-des-arretes-anti-expulsion-dun-nouveau-type-36612\/ -&#8220;70,77% de &#8220;non&#8221; au r\u00e9f\u00e9rendum organis\u00e9 \u00e0 RTE : http:\/\/www.humanite.fr\/les-salaries-de-rte-refusent-massivement-un-accord-temps-de-travail-que-la-direction-tentait-634168 -&#8220;Un v\u00e9ritable camouflet pour la loi Travail et la direction de RTE&#8221; (la CGT) : http:\/\/www.cgt.fr\/Un-veritable-camouflet-pour-la-Loi.html [&hellip;]<\/p>\n","protected":false},"author":1042,"featured_media":0,"comment_status":"open","ping_status":"open","sticky":false,"template":"","format":"standard","meta":{"_themeisle_gutenberg_block_has_review":false,"footnotes":""},"categories":[151],"tags":[],"class_list":["post-10300","post","type-post","status-publish","format-standard","hentry","category-la-revue-de-presse-de-lulu"],"_links":{"self":[{"href":"https:\/\/archives.regards.fr\/index.php?rest_route=\/wp\/v2\/posts\/10300","targetHints":{"allow":["GET"]}}],"collection":[{"href":"https:\/\/archives.regards.fr\/index.php?rest_route=\/wp\/v2\/posts"}],"about":[{"href":"https:\/\/archives.regards.fr\/index.php?rest_route=\/wp\/v2\/types\/post"}],"author":[{"embeddable":true,"href":"https:\/\/archives.regards.fr\/index.php?rest_route=\/wp\/v2\/users\/1042"}],"replies":[{"embeddable":true,"href":"https:\/\/archives.regards.fr\/index.php?rest_route=%2Fwp%2Fv2%2Fcomments&post=10300"}],"version-history":[{"count":0,"href":"https:\/\/archives.regards.fr\/index.php?rest_route=\/wp\/v2\/posts\/10300\/revisions"}],"wp:attachment":[{"href":"https:\/\/archives.regards.fr\/index.php?rest_route=%2Fwp%2Fv2%2Fmedia&parent=10300"}],"wp:term":[{"taxonomy":"category","embeddable":true,"href":"https:\/\/archives.regards.fr\/index.php?rest_route=%2Fwp%2Fv2%2Fcategories&post=10300"},{"taxonomy":"post_tag","embeddable":true,"href":"https:\/\/archives.regards.fr\/index.php?rest_route=%2Fwp%2Fv2%2Ftags&post=10300"}],"curies":[{"name":"wp","href":"https:\/\/api.w.org\/{rel}","templated":true}]}}