{"id":10298,"date":"2017-03-31T07:40:29","date_gmt":"2017-03-31T05:40:29","guid":{"rendered":"https:\/\/wp.muchomaas.com\/article-la-revue-du-31-mars-2017\/"},"modified":"2017-03-31T07:40:29","modified_gmt":"2017-03-31T05:40:29","slug":"article-la-revue-du-31-mars-2017","status":"publish","type":"post","link":"https:\/\/archives.regards.fr\/?p=10298","title":{"rendered":"La Revue du 31 mars 2017"},"content":{"rendered":"<p><strong>ACTUALITE<\/strong><\/p>\n<p><strong>-En Guyane, &#8220;si vous \u00eates pauvre et que vous survivez \u00e0 un accident, c&#8217;est que vous avez de la chance&#8221; (Hugo Caillaux) :<\/strong> http:\/\/www.francetvinfo.fr\/economie\/crise-en-guyane\/en-guyane-si-vous-etes-pauvre-et-que-vous-survivez-a-un-accident-c-est-que-vous-avez-de-la-chance_2118737.html<\/p>\n<p>-Les n\u00e9gociations au point mort (vid\u00e9o) : http:\/\/www.francetvinfo.fr\/economie\/crise-en-guyane\/guyane-les-negociations-au-point-mort_2122313.html#xtor=CS2-765<\/p>\n<p>-Que propose le gouvernement ? (Anne-Claire Poignard; vid\u00e9o) : http:\/\/www.francetvinfo.fr\/economie\/crise-en-guyane\/guyane-quelles-sont-les-propositions-du-gouvernement_2122297.html#xtor=CS2-765<\/p>\n<p>-La ministre des Outre-mer pr\u00e9sente ses excuses (vid\u00e9o) : http:\/\/www.francetvinfo.fr\/economie\/crise-en-guyane\/video-crise-en-guyane-la-ministre-des-outre-mer-presente-ses-excuses_2123077.html<\/p>\n<p><strong>-&#8220;D\u00e8s 2005, l&#8217;Autorit\u00e9 de s\u00fbret\u00e9 nucl\u00e9aire avait alert\u00e9 EDF et Areva sur les d\u00e9fauts de la cuve de l&#8217;EPR de Flamanville&#8221; (Sylvain Tronchet. &#8220;On vous dit tout !&#8221;) :     <\/strong><br \/>\nhttp:\/\/www.francetvinfo.fr\/societe\/nucleaire\/info-franceinfo-defauts-sur-la-cuve-de-lepr-de-flamanville-l-autorite-de-surete-nucleaire-avait-alerte-edf-des-2005-de-dysfonctionnements-chez-le-fabricant_2121929.html<\/p>\n<p><strong>-Le t\u00e9moignage de Jeanne Jury, ancienne salari\u00e9e d&#8217;une usine de Clermont-Ferrand, victime de l&#8217;amiante (vid\u00e9o) <\/strong> : http:\/\/www.francetvinfo.fr\/sante\/affaires\/scandale-de-l-amiante\/amiante-le-temoignage-d-une-victime_2121937.html<\/p>\n<p>-&#8220;Le livret A, c&#8217;est un signal de s\u00e9curit\u00e9&#8221; (Pierre-Ren\u00e9 Lemas, directeur de la Caisse des d\u00e9p\u00f4ts; invit\u00e9 de Nicolas Pierron; vid\u00e9o) : https:\/\/www.dailymotion.com\/video\/x5goo39_le-livret-a-c-est-un-signal-de-securite-pierre-rene-lemas-30-03-2017_news<\/p>\n<p>-Qui sont les 39 milliardaires fran\u00e7ais ? (vid\u00e9o) : http:\/\/www.francetvinfo.fr\/replay-jt\/france-2\/20-heures\/classement-qui-sont-les-39-milliardaires-francais_2106810.html <\/p>\n<p><strong>-&#8220;Pour produire fran\u00e7ais, il faut accepter de mettre quelques centimes de plus&#8221; (Christiane Lambert, vice-pr\u00e9sidente de la FNSEA; interrog\u00e9e par Eric Delvaux; son) : <\/strong> https:\/\/www.franceinter.fr\/emissions\/l-invite-du-5-7\/l-invite-du-5-7-30-mars-2017<\/p>\n<p><strong>-A Monaco, une semaine d\u00e9di\u00e9e \u00e0 la protection des oc\u00e9ans (Baptistes Gaborit; son du 30 mars) :<\/strong> https:\/\/www.radioclassique.fr\/radio\/emissions\/matinale-de-radio-classique\/3-minutes-planete\/<\/p>\n<p><strong>-Quand les c\u00e9tac\u00e9s s&#8217;\u00e9chouent (Nathalie Fontrel; son) <\/strong> :<br \/>\nhttps:\/\/www.franceinter.fr\/emissions\/planete-environnement\/planete-environnement-30-mars-2017<\/p>\n<p>-&#8220;En Ile-de-France, pour la construction de logements, l&#8217;ann\u00e9e 2016 a \u00e9t\u00e9 la meilleure depuis 1977&#8221; (la ministre Emmanuelle Cosse; vid\u00e9o) : http:\/\/www.lcp.fr\/la-politique-en-video\/constructions-de-logements-2016-meilleure-annee-en-ile-de-france-depuis-1977 <\/p>\n<p>-Elle \u00e9tait l&#8217;invit\u00e9e de &#8220;Politique Matin&#8221; sur LCP (vid\u00e9o, amener le curseur sur 31:22) : http:\/\/www.lcp.fr\/emissions\/politique-matin\/282791-politique-matin<\/p>\n<p>-&#8220;D\u00e9rives sexistes dans un lyc\u00e9e \u00e0 Valence&#8221; (Margaux Boggaert) : http:\/\/www.liberation.fr\/france\/2017\/03\/29\/tenue-indecente-tu-ne-reviens-pas-comme-ca-derives-sexistes-dans-un-lycee-a-valence_1559161?xtor <\/p>\n<p><strong>-A Courgis dans l&#8217;Yonne, la fermeture d&#8217;une \u00e9cole en zone rurale (vid\u00e9o) : <\/strong> http:\/\/www.francetvinfo.fr\/france\/bourgogne-franche-comte\/yonne\/yonne-la-fermeture-d-une-ecole-en-milieu-rural_2122319.html#xtor=CS2-765<\/p>\n<p>-&#8220;A Rennes, des \u00e9tudiants manifestent contre l&#8217;ambassadrice d&#8217;Isra\u00ebl&#8221; : http:\/\/www.ouest-france.fr\/bretagne\/rennes-35000\/rennes-des-etudiants-manifestent-contre-l-ambassadrice-d-israel-4894221<\/p>\n<p>-Viticulteurs en guerre contre les vins espagnols (vid\u00e9o) : http:\/\/www.francetvinfo.fr\/economie\/emploi\/metiers\/agriculture\/viticulteurs-en-guerre-contre-les-vins-espagnols_2122285.html<\/p>\n<p>-&#8220;France-Espagne, foot, mensonges et vid\u00e9o&#8221;  (Gr\u00e9goire Margotton, cit\u00e9 par Michel Bezbakh) : http:\/\/television.telerama.fr\/television\/france-espagne-foot-mensonges-et-video,156086.php#xtor<\/p>\n<p><strong>-&#8220;Blatter voulait un dernier scalp&#8221; (Michel Platini; propos recueillis par R\u00e9mi Dupr\u00e9) : <\/strong> https:\/\/www.letemps.ch\/sport\/2017\/03\/30\/michel-platini-sort-silence-blatter-voulait-un-dernier-scalp?utm_source<\/p>\n<p>-Sophie Belhay, aveugle, m\u00e8re de deux enfants, raconte dans un livre sa vie de handicap\u00e9e (vid\u00e9o) : http:\/\/www.francetvinfo.fr\/sante\/handicap\/handicap-un-livre-coup-de-gueule-d-une-mere-jeune-lyonnaise-aveugle_2121967.html<\/p>\n<p>-Des patients maltrait\u00e9s dans le service de dermatologie de l&#8217;h\u00f4pital de Besan\u00e7on ? (vid\u00e9o) : http:\/\/www.francetvinfo.fr\/sante\/affaires\/des-patients-maltraites-dans-le-service-de-dermatologie-de-l-hopital-de-besancon_2122069.html<\/p>\n<p><strong>-&#8220;L&#8217;instinct de survie&#8221;, le livre de l&#8217;urgentiste Patrick Pelloux  sur l&#8217;attentat qui a fapp\u00e9 &#8220;Charlie Hebdo&#8221;. Il \u00e9tait l&#8217;invit\u00e9 d&#8217;Alexandra Bensaid (vid\u00e9o) : <\/strong> http:\/\/www.dailymotion.com\/video\/x5goawu_patrick-pelloux-repond-aux-questions-d-alexandra-bensaid_news<\/p>\n<p>-&#8220;Le racisme anti-Roms s\u00e9vit \u00e0 Marseille&#8221; (Olivier Martocq; son) : https:\/\/www.franceinter.fr\/emissions\/le-zoom-de-la-redaction\/le-zoom-de-la-redaction-30-mars-2017<\/p>\n<p><strong>-Troisi\u00e8me nuit de col\u00e8re de la communaut\u00e9 chinoise \u00e0 Paris apr\u00e8s que l&#8217;un d&#8217;entre eux ait \u00e9t\u00e9 tu\u00e9 par la police (vid\u00e9o) <\/strong> : http:\/\/www.francetvinfo.fr\/faits-divers\/mort-de-liu-shaoyo\/video-mort-de-liu-shaoyo-troisieme-nuit-de-colere-de-la-communaute-chinoise-a-paris_2122053.html<\/p>\n<p>-Les femmes rattrapent les hommes pour la consommation de drogue (vid\u00e9o) : http:\/\/www.francetvinfo.fr\/societe\/drogue\/drogues-nivellement-de-la-consommation-entre-hommes-et-femmes_2122013.html<\/p>\n<p><strong>-Sur M6, &#8220;Dossier Tabou&#8221; a ouvert celui de la l\u00e9galisation du cannabis (vid\u00e9o) : <\/strong> http:\/\/www.6play.fr\/dossier-tabou-p_6188\/et-si-on-legalisait-le-cannabis-en-france-c_11668722<\/p>\n<p>-&#8220;Pas un seul candidat n&#8217;est venu voir ce qui se passait en prison&#8221; (Pierre Botton, invit\u00e9 de Thomas Sotto; vid\u00e9o) : http:\/\/www.dailymotion.com\/video\/x5go9ot_pierre-botton-pas-un-seul-candidat-n-est-venu-voir-ce-qu-il-se-passe-en-prison_news<\/p>\n<p>-Enqu\u00eate contre Laurent Wauquiez pour &#8220;d\u00e9tournement de fonds publics&#8221; : http:\/\/www.huffingtonpost.fr\/2017\/03\/30\/enquete-pour-detournement-de-fonds-publics-contre-wauquiez-apr_a_22019038\/?utm_hp_ref=fr-homepage<\/p>\n<p><strong>POLITIQUE<\/strong><\/p>\n<p><strong>-&#8220;Je ne suis plus dans les r\u00e8gles internes du Parti socialiste. Ce qu&#8217;il faut reprocher \u00e0 Manuel Valls, ce n&#8217;est pas ce qu&#8217;il a dit hier, c&#8217;est sa politique. Pour Marine Le Pen, il vaudrait mieux un bon capitalisme bleu, blanc, rouge, avec des patrons fran\u00e7ais qui exploitent des salari\u00e9s fran\u00e7ais. Le projet d&#8217;Emmanuel Macron est tr\u00e8s dangereux pour le pays. Est-ce que c&#8217;est cr\u00e9dible de dire que Beno\u00eet Hamon a une centralit\u00e9 \u00e0 gauche? Je ne veux pas pol\u00e9miquer. Tout un vieux personnel politique est dans les choux. Les communistes soutiennent Jean-Luc M\u00e9lenchon, c&#8217;est \u00e7a qui compte. Ne dites pas de mal de mes amis communistes. La bataille en Europe, c&#8217;est celle pour l&#8217;harmonisation sociale et fiscale, interdite par les trait\u00e9s actuels. Quand le peuple a eu la parole, il a dit non. Le Front national, ce sont des nationalistes. Je serai loyal jusquau bout, avec Beno\u00eet, Julien et les autres&#8221; (Alexis Corbi\u00e8re, porte-parole de Jean-Luc M\u00e9lenchon; invit\u00e9 de Jean-Jacques Bourdin; vid\u00e9o) : <\/strong> http:\/\/www.bfmtv.com\/mediaplayer\/video\/alexis-corbiere-face-a-jean-jacques-bourdin-en-direct-929237.html<\/p>\n<p>-Au &#8220;20 heures&#8221; de TF1, &#8220;24 heures avec Jean-Luc M\u00e9lenchon&#8221; (vid\u00e9o, amener le curseur sur 12:35) :  https:\/\/www.tf1.fr\/tf1\/jt-20h\/videos\/20-heures-30-mars-2017.html<\/p>\n<p><em>-Des militants et fondateurs de &#8220;Nouvelle donne&#8221; le soutiennent (appel collectif) : <\/em> https:\/\/blogs.mediapart.fr\/les-invites-de-mediapart\/blog\/300317\/une-nouvelle-donne-en-2017-c-est-possible-avec-jean-luc-melenchon<\/p>\n<p>-Qu&#8217;il passe devant Fran\u00e7ois Fillon &#8220;n&#8217;est pas le sc\u00e9nario le plus probable&#8221; mais &#8220;il est tout \u00e0 fait possible&#8221; (Ga\u00ebl Sliman, pr\u00e9sident de l&#8217;Institut Odoxa; vid\u00e9o) : http:\/\/rmc.bfmtv.com\/mediaplayer\/video\/et-si-melenchon-passait-devant-fillon-c-ets-tout-a-fait-possible-929317.html<\/p>\n<p>-&#8220;Dans la centralit\u00e9 qui est la mienne \u00e0 gauche, j&#8217;ai la capacit\u00e9 de parler \u00e0 tout le monde. Je ne pense pas que Jean-Luc M\u00e9lenchon ait cette centralit\u00e9. Le projet qu&#8217;il d\u00e9fend nous d\u00e9place sur un segment qui ne pourra pas rassembler toute la gauche. Il y a un plafond \u00e0 sa dynamique&#8221; (Beno\u00eet Hamon, invit\u00e9 de la matinale de Franceinfo; vid\u00e9o) : http:\/\/www.dailymotion.com\/video\/x5gou6g_pour-benoit-hamon-manuel-valls-ne-respecte-pas-la-democratie-pour-denoncer-un-peril-democratique_news<\/p>\n<p><strong>-La d\u00e9cision de Manuel Valls, &#8220;je la vis comme son choix , je ne fais pas le m\u00eame que lui pour contrer le FN. J&#8217;ai vot\u00e9 pour lui \u00e0 la primaire mais il y a chez Beno\u00eet Hamon ce projet n\u00e9cessaire pour y parvenir. Je m&#8217;abstiens de tout commentaire. \u00c7a ne sert \u00e0 rien de d\u00e9chirer davantage la famille socialiste. Je ne crois pas tr\u00e8s plausible le retrait d&#8217;un des deux candidats (Beno\u00eet Hamon et Jean-Luc M\u00e9lenchon)&#8221; (Najat Vallaud-Belkacem, ministre de l&#8217;Education nationale, invit\u00e9e de Patrick Poivre d&#8217;Arvor; son du 29 mars) :<\/strong> https:\/\/www.radioclassique.fr\/radio\/emissions\/le-19h20h\/grand-debat-soir\/<\/p>\n<p><strong>-&#8220;Le Parti socialiste tel qu&#8217;on l&#8217;a connu n&#8217;existe plus. Manuel Valls, que je n&#8217;ai jamais soutenu, avait raison de parler de deux gauches irr\u00e9conciliables.  A gauche, pour rivaliser avec Jean-Luc M\u00e9lenchon, il faut \u00eatre dans une forme exceptionnelle&#8221; (le g\u00e9n\u00e9ticien Axel Kahn, soutien de Beno\u00eet Hamon; vid\u00e9o) :<\/strong> http:\/\/rmc.bfmtv.com\/mediaplayer\/video\/exclusion-des-deserteurs-du-ps-vu-l-etat-du-parti-ca-n-a-aucune-importance-929257.html<\/p>\n<p>-&#8220;Peut-on dire en m\u00eame temps qu&#8217;il y aurait deux gauches irr\u00e9conciliables et qu&#8217;une le serait avec la droite. Quand on fait une primaire, on en accepte le verdict. On comprend que certains ne veuillent pas d&#8217;un d\u00e9bat parce qu&#8217;ils ont une rente de situation. Beno\u00eet Hamon veut ce d\u00e9bat pour remonter&#8221; (Olivier Faure, pr\u00e9sident du groupe socialiste; face \u00e0 Olivier Galzi; vid\u00e9o) : http:\/\/www.cnews.fr\/chroniques\/linvite-dolivier-galzi\/linvite-dolivier-galzi-du-30032017-174112<\/p>\n<p>-Philippe Doucet, d\u00e9put\u00e9 PS du Val-d&#8217;Oise proche de Manuel Valls votera Macron d\u00e8s le premier tour. Il expose sa conception de la future majorit\u00e9 parlementaire si ce dernier l&#8217;emporte (vid\u00e9o) : http:\/\/www.lcp.fr\/la-politique-en-video\/les-vallsistes-pensent-deja-la-future-majorite-de-macron-lassemblee<\/p>\n<p>-Il \u00e9tait l&#8217;invit\u00e9 de &#8220;Politique matin&#8221; sur LCP (vid\u00e9o) : http:\/\/www.lcp.fr\/emissions\/politique-matin\/282791-politique-matinhttp:\/\/www.lcp.fr\/la-politique-en-video\/les-vallsistes-pensent-deja-la-future-majorite-de-macron-lassemblee<\/p>\n<p>-&#8220;C&#8217;est l&#8217;\u00e9lection la plus favorable \u00e0 Marine Le Pen, elle n&#8217;aura pas une autre chance comme celle-l\u00e0. Beno\u00eet Hamon a fait l&#8217;erreur d&#8217;aller sur le terrain de Jean-Luc M\u00e9lenchon qui est plus coh\u00e9rent et talentueux que lui&#8221; (Malek Boutih, d\u00e9put\u00e9 PS de l&#8217;Essonne qui votera Macron au premier tour pour ne pas voir Marine Le Pen pr\u00e9sidente; interrog\u00e9 par Fabien Namias; vid\u00e9o) : http:\/\/www.dailymotion.com\/video\/x5goe4u_malek-boutih-c-est-l-election-la-plus-favorable-a-marine-le-pen-elle-n-aura-pas-une-autre-chance-com_news <\/p>\n<p>-&#8220;A Lille, Hamon et Aubry unit par les liens du d\u00e9zingage&#8221; (Laure Bretton) : http:\/\/www.liberation.fr\/elections-presidentielle-legislatives-2017\/2017\/03\/30\/a-lille-hamon-et-aubry-unis-par-les-liens-du-dezingage_1559340?xtor<\/p>\n<p>-&#8220;Elle torpille Macron tandis que Hamon d\u00e9plore &#8220;le caract\u00e8re de M\u00e9lenchon&#8221; (S\u00e9bastien Billard) : http:\/\/tempsreel.nouvelobs.com\/presidentielle-2017\/20170329.OBS7292\/a-lille-aubry-torpille-macron-hamon-defie-le-pen.html#xtor<\/p>\n<p>-&#8220;Remue-m\u00e9nage de printemps au Parti socialiste&#8221; (Lilian Allemagna et Laure Bretton) : http:\/\/www.liberation.fr\/elections-presidentielle-legislatives-2017\/2017\/03\/29\/remue-menage-de-printemps-au-parti-socialiste_1559317?xtor<\/p>\n<p>-&#8220;Valls, le pivot devenu girouette&#8221; (Laurent Joffrin) : http:\/\/www.liberation.fr\/elections-presidentielle-legislatives-2017\/2017\/03\/29\/valls-le-pivot-devenu-girouette_1559313?xtor<\/p>\n<p>-&#8220;Les socialistes en slip&#8221; (Sylvain Courage) : http:\/\/tempsreel.nouvelobs.com\/presidentielle-2017\/20170329.OBS7295\/presidentielle-les-socialistes-en-slip.html#xtor<\/p>\n<p><strong>-&#8220;Le PS va exploser mais pas uniquement \u00e0 cause de l&#8217;appel de Manuel Valls, ultime coup de gr\u00e2ce d&#8217;une crise profonde qui signe l&#8217;impossibilit\u00e9 pour les diff\u00e9rentes sensibilit\u00e9s, comme elles le faisaient depuis cinquante ans, de cohabiter dans un m\u00eame parti. Il y a bien une responsabilit\u00e9 personnelle de Manuel Valls mais aussi de Beno\u00eet Hamon qui, depuis qu&#8217;il a remport\u00e9 la primaire, n&#8217;a rien fait pour f\u00e9d\u00e9rer la famille socialiste. Au contraire, il s&#8217;est d\u00e9port\u00e9 encore plus \u00e0 gauche en s&#8217;alliant avec Yannick Jadot et en cherchant un accord avec Jean-Luc M\u00e9lenchon. On voit le r\u00e9sultat, depuis, il est sur un tobogan. Mais avant eux, il ne faut pas oublier la responsabilit\u00e9 personnelle de Fran\u00e7ois Hollande et de l&#8217;\u00e9chec de son quinquennat. Contrairement \u00e0 ce qu&#8217;avance Jean-Christophe Cambad\u00e9lis, le niveau de destruction du Parti socialiste d\u00e9pendra bien du r\u00e9sultat du premier tour de l&#8217;\u00e9lection pr\u00e9sidentielle. S&#8217;il confirme les sondages actuels, Macron sera nettement devant le candidat du PS distanc\u00e9 aussi par Jean-Luc M\u00e9lenchon. Une partie de la force sociale-d\u00e9mocrate rejoindra le premier dans une majorit\u00e9 nouvelle, l&#8217;autre le second, mais dans les deux cas, ce n&#8217;est plus cette force l\u00e0 qui aura le leadership&#8221; (Guillaume Tabard du &#8220;Figaro&#8221;; son du 30 mars) :<\/strong><br \/>\nhttps:\/\/www.radioclassique.fr\/radio\/emissions\/matinale-de-radio-classique\/22630-2\/<\/p>\n<p>-&#8220;Le PS est un mort-vivant&#8221; (Christophe Barbier; vid\u00e9o) : http:\/\/www.bfmtv.com\/mediaplayer\/video\/l-edito-de-christophe-barbier-le-ps-est-un-mort-vivant-929219.html<\/p>\n<p>-&#8220;Manuel Valls, le choix entre deux trahisons&#8221; (Thomas Legrand; son) : https:\/\/www.franceinter.fr\/emissions\/l-edito-politique\/l-edito-politique-30-mars-2017<\/p>\n<p>-&#8221; Ce que Manuel Valls a tranch\u00e9, c&#8217;est un d\u00e9bat de la gauche tout enti\u00e8re qui dure depuis longtemps . Ce qui va se passer, c&#8217;est le rassemblement des r\u00e9formistes. Ces deux partis qui se partageaient le pouvoir vont \u00eatre oblig\u00e9s de se recomposer. Il y a 12 anciens ministres de Chirac et Sarkozy qui soutiennent Emmanuel Macron pour \u00e9crire une nouvelle page. Aucun ne vient pour refaire le quinquennat qui s&#8217;ach\u00e8ve ni ceux qui l&#8217;ont pr\u00e9c\u00e9d\u00e9. L&#8217;\u00e9lection d&#8217;Emmanuel Macron n&#8217;ouvrira pas une crise, elle en fermera une qui dure depuis longtemps&#8221;  (Fran\u00e7ois Bayrou, soutien d&#8217;Emmanuel Macron; invit\u00e9 de Caroline Roux; vid\u00e9o) : http:\/\/www.france2.fr\/emissions\/telematin\/actu\/les-4-verites-francois-bayrou_562471<\/p>\n<p><strong>-&#8220;PS, la mise \u00e0 mort&#8221; (dans &#8220;24 heures en questions&#8221; d&#8217;Yves Calvi; vid\u00e9o) : <\/strong> http:\/\/www.lci.fr\/replay\/replay-24-heures-en-questions-du-30-mars-2017-2030874.html<\/p>\n<p>-&#8220;Le programme d&#8217;Emmanuel Macron, c&#8217;est du Fran\u00e7ois Hollande en mieux&#8221; (Nicolas Bouzou; vid\u00e9o) : https:\/\/www.dailymotion.com\/video\/x5gop3r_le-programme-d-emmanuel-macron-c-est-du-francois-hollande-en-mieux-nicolas-bouzou-30-03-2017_news<\/p>\n<p>-&#8220;La solidarit\u00e9 internationale peine \u00e0 s&#8217;imposer dans la campagne \u00e9lectorale&#8221; (C\u00e9cile Barbi\u00e8re) : http:\/\/www.euractiv.fr\/section\/elections\/news\/la-solidarite-internationale-peine-a-simposer-dans-la-campagne\/?nl_ref<\/p>\n<p><strong>-Hier matin, sept candidats ont expos\u00e9 leur programme au congr\u00e8s de la FNSEA (vid\u00e9os) <\/strong> : https:\/\/www.publicsenat.fr\/article\/politique\/congres-de-la-fnsea-l-agriculture-s-invite-dans-le-debat-politique-58063<\/p>\n<p><strong>-Fran\u00e7ois Fillon \u00e9tait l&#8217;invit\u00e9 de la matinale de RTL. Il a r\u00e9pondu aux questions d&#8217;Elizabeth Martichoux et d&#8217;Yves Calvi (vid\u00e9os) :  <\/strong>                                            http:\/\/www.dailymotion.com\/video\/x5goa19_francois-fillon-sur-rtl-son-plan-d-action-concernant-le-temps-de-travail_news  <\/p>\n<p><strong>-Sur le syst\u00e8me de sant\u00e9, face \u00e0 Michel Cymes (vid\u00e9o) :   <\/strong>                                                    http:\/\/www.dailymotion.com\/video\/x5goase_francois-fillon-il-faut-qu-on-debureaucratise-le-systeme-de-sante_news<\/p>\n<p>-L&#8217;int\u00e9grale (vid\u00e9o) : http:\/\/www.dailymotion.com\/video\/x5gphx3_francois-fillon-invite-du-petit-dejeuner-de-la-presidentielle-sur-rtl-l-integrale_news<\/p>\n<p>-Il a rebaptis\u00e9 Emmanuel Macron (vid\u00e9o) : http:\/\/www.dailymotion.com\/video\/x5gogza_francois-fillon-rebaptise-emmanuel-macron_news<\/p>\n<p>-&#8220;Je ne crois pas que quelqu&#8217;un \u00e0 droite joue la d\u00e9faite de Fran\u00e7ois Fillon&#8221; (Edouard Philippe, d\u00e9put\u00e9-maire LR du Havre, interrog\u00e9 par Guillaume Durand; vid\u00e9o) : https:\/\/www.dailymotion.com\/video\/x5gook2_personne-a-droite-ne-joue-la-defaite-de-francois-fillon-edouard-philippe-30-03-2017_news<\/p>\n<p>-&#8220;Nous d\u00e9non\u00e7ons, si les faits sont confirm\u00e9s, les collusions qui apparaissent dans ce livre.  On demande que la justice fasse la clart\u00e9&#8221; (Luc Chatel, porte-parole de Fran\u00e7ois Fillon; invit\u00e9 de &#8220;Questions d&#8217;Info&#8221;; vid\u00e9o) : http:\/\/www.lcp.fr\/emissions\/questions-dinfo\/279545-questions-dinfo <\/p>\n<p>-&#8220;Et s&#8217;il y avait un vote cach\u00e9 pour Fillon&#8221; (Yves Thr\u00e9ard du &#8220;Figaro&#8221;; vid\u00e9o) : http:\/\/www.dailymotion.com\/video\/x5go4zn_et-s-il-y-avait-un-vote-cache-pour-fillon_news<\/p>\n<p>-&#8220;On ne construit pas de projets sans les peuples&#8221; (Jean Messiha, coordinateur du projet pr\u00e9sidentiel de Marine Le Pen; face \u00e0 Fr\u00e9d\u00e9ric Rivi\u00e8re; vid\u00e9o) : http:\/\/www.rfi.fr\/video\/20170330-jean-messiha-on-construit-pas-projets-peuples<\/p>\n<p>-&#8220;Un mail saisi par les enqu\u00eateurs accable le FN&#8221; : https:\/\/oeilsurlefront.liberation.fr\/l-oeil-sur-le-front\/2017\/03\/29\/affaire-des-assistants-parlementaires-un-mail-saisi-par-les-enqueteurs-accable-le-fn_1559269?xtor<\/p>\n<p><strong>-&#8220;Rien n&#8217;est encore jou\u00e9. Pour la premi\u00e8re  fois, on observe une petite remont\u00e9e de Fran\u00e7ois Fillon. Une partie des \u00e9lecteurs de la primaire socialiste avaient anticip\u00e9 l&#8217;appel de Manuel Valls. Le point marquant de ce sondage, c&#8217;est la dynamique M\u00e9lenchon, la th\u00e9orie du casse-noix qu&#8217;il avait d\u00e9crite marche \u00e0 plein. C&#8217;est tr\u00e8s important pour l&#8217;\u00e9lection et pour apr\u00e8s&#8221; (Bernard Sanan\u00e8s de l&#8217;Institut Elabe, interrog\u00e9 par Guillaume Durand; son du 30 mars) :<\/strong> https:\/\/www.radioclassique.fr\/radio\/emissions\/matinale-de-radio-classique\/l-invite-du-matin\/<\/p>\n<p><em>-Les attentes des salari\u00e9s en mati\u00e8re de protection sociale (BVA) :<\/em> http:\/\/www.bva-group.com\/sondages\/attentes-salaries-matiere-de-protection-sociale\/ <\/p>\n<p><em>-Les Fran\u00e7ais et la coh\u00e9sion sociale (BVA)<\/em> : http:\/\/www.bva-group.com\/sondages\/barometre-dopinion-de-drees-volet-3-francais-cohesion-sociale\/<\/p>\n<p><em>-Les \u00e9pargnants et l&#8217;\u00e9lection pr\u00e9sidentielle (ODOXA) :<\/em> http:\/\/www.odoxa.fr\/sondage\/lelection-presidentielle-peur-aux-epargnants\/<\/p>\n<p><em>-Le regard des Fran\u00e7ais sur la politique ext\u00e9rieure (IFOP) :<\/em> http:\/\/www.ifop.com\/?option=com_publication&#038;type=poll&#038;id=3712<\/p>\n<p><em>-Les intentions de vote des m\u00e9decins (IFOP)<\/em> : http:\/\/www.ifop.com\/?option=com_publication&#038;type=poll&#038;id=3711<\/p>\n<p><em>-Le barom\u00e8tre politique de la SOFRES avec Jean-Luc M\u00e9lenchon qui en prend la t\u00eate <\/em> : http:\/\/fr.kantar.com\/opinion-publique\/politique\/2017\/barometre-politique-avril-2017-nos-indicateurs-de-popularite-a-moins-d-un-mois-de-l-election-presidentielle\/<\/p>\n<p><em>-L&#8217;annonce de Manuel Valls, la r\u00e9action de Beno\u00eet Hamon et qui devrait se retirer  de Beno\u00eet Hamon ou de Jean-Luc M\u00e9lenchon (HARRIS) :<\/em> http:\/\/harris-interactive.fr\/opinion_polls\/comment-les-francais-ont-ils-percu-lannonce-de-manuel-valls-quil-votera-pour-emmanuel-macron-et-la-reaction-de-benoit-hamon\/<\/p>\n<p><em>-Le soutien de Manuel Valls \u00e0 Emmanuel Macron (ODOXA) : <\/em> http:\/\/www.odoxa.fr\/sondage\/soutien-de-valls-handicap-macron-60-francais\/<\/p>\n<p><em>-Les intentions de vote au 30 mars (IFOP) : <\/em> http:\/\/dataviz.ifop.com:8080\/HNS\/HNSAdmin\/start.appli?appid=60930&#038;logonUser=USERWEB&#038;logonPswcd=ZnJhbmNvaXNF<\/p>\n<p><em>-Le m\u00eame (OPINION-WAY) : <\/em> http:\/\/opinionlab.opinion-way.com\/opinionlab\/832\/627\/presitrack.html#m6<\/p>\n<p><strong>EUROPE-MONDE<\/strong><\/p>\n<p><strong>-&#8220;Au risque de cancer au travail, il faut que la Commissiun europ\u00e9enne ajoute d&#8217;autres pathologies&#8221; (Laurent Vogel, chercheur \u00e0 l&#8217;Institut syndical europ\u00e9en) : <\/strong>  http:\/\/www.euractiv.fr\/section\/sante-modes-de-vie\/opinion\/cancer-au-travail-la-prevention-doit-etre-etendue-a-dautres-pathologies\/?nl_ref<\/p>\n<p>-L&#8217;Union europ\u00e9enne peine \u00e0 combattre les cyberattaques dans l&#8217;a\u00e9ronautique (Jorge Valero) : http:\/\/www.euractiv.fr\/section\/politique\/news\/europe-struggles-to-tackle-cyber-attacks-in-aviation\/?nl_ref<\/p>\n<p>-La Commissaire \u00e0 la Justice Vera Jourova, annonce de nouvelles dispositions sur l&#8217;acc\u00e8s aux donn\u00e9es crypt\u00e9es (Catherine Stupp) : http:\/\/www.euractiv.fr\/section\/justice-affaires-interieures\/news\/eu-to-propose-new-rules-on-police-access-to-encrypted-data-in-june\/?nl_ref<\/p>\n<p><strong>-Le Parti populaire europ\u00e9en a adopt\u00e9 une r\u00e9solution sur la corruption qui envoie un message au parti LR de Fran\u00e7ois Fillon (Sarantis Michalopoulos) : <\/strong> http:\/\/www.euractiv.fr\/section\/affaires-publiques\/news\/epp-says-it-wont-tolerate-corrupted-politicians-in-its-ranks\/?nl_ref<\/p>\n<p><strong>-&#8220;A Bruxelles, Macron convainc sans peine&#8221; (Georgi Gotev) <\/strong> : http:\/\/www.euractiv.fr\/section\/elections\/news\/a-bruxelles-macron-convainc-sans-peine\/?nl_ref<\/p>\n<p>-R\u00e9voquer l&#8217;article 50 de mise en oeuvre du Brexit comme le demande le Parlement europ\u00e9en, serait ill\u00e9gal selon des diplomates (Jorge Valero) : http:\/\/www.euractiv.fr\/section\/royaume-uni-en-europe\/news\/revoking-article-50-would-be-illegal-claim-eu-diplomats\/?nl_ref<\/p>\n<p>-&#8220;Nous savons que nous allons perdre en influence&#8221; (Theresa May, cit\u00e9e par Matthew Tempest) : http:\/\/www.euractiv.fr\/section\/royaume-uni-en-europe\/news\/we-know-we-will-lose-influence-may-tells-mps-as-she-triggers-brexit\/?nl_ref<\/p>\n<p><strong>-&#8220;Nous n&#8217;avons jamais aim\u00e9 le drapeau europ\u00e9en, nous aimons notre drapeau&#8221; (son pr\u00e9d\u00e9cesseur David Cameron, cit\u00e9 par Sonia Delessale-Stolper) : <\/strong> http:\/\/www.liberation.fr\/planete\/2017\/03\/29\/brexit-day-1-la-lettre-de-rupture_1559315?xtor<\/p>\n<p>-&#8220;L&#8217;erreur des Britanniques&#8221; (Bernard Guetta; son) : https:\/\/www.franceinter.fr\/emissions\/geopolitique\/geopolitique-30-mars-2017<\/p>\n<p>-&#8220;L&#8217;Europe \u00e0 deux vitesses sera douloureuse parce qu&#8217;il va falloir mettre des pays dehors&#8221;  (Jean Quatremer, correspondant de &#8220;Lib\u00e9ration&#8221; \u00e0 Bruxelles depuis 25 ans, auteur de &#8220;Les salauds de l&#8217;Europe : guide \u00e0 l&#8217;usage des eurosceptiques&#8221;, \u00e9tait l&#8217;invit\u00e9 de la matinale de France Inter (vid\u00e9os) :<br \/>\n<iframe loading=\"lazy\" title=\"Jean Quatremer r\u00e9pond aux questions de Patrick Cohen\" frameborder=\"0\" width=\"500\" height=\"283\" src=\"https:\/\/geo.dailymotion.com\/player.html?video=x5godsg&#038;\" allowfullscreen allow=\"autoplay; fullscreen; picture-in-picture; web-share\"><\/iframe><br \/>\n<iframe loading=\"lazy\" title=\"Jean Quatremer r\u00e9pond aux questions des auditeurs de France Inter\" frameborder=\"0\" width=\"500\" height=\"283\" src=\"https:\/\/geo.dailymotion.com\/player.html?video=x5gojyj&#038;\" allowfullscreen allow=\"autoplay; fullscreen; picture-in-picture; web-share\"><\/iframe><\/p>\n<p><strong>-Pour les n\u00e9gociations sur le Brexit, Paris se rapproche de Dublin (Florece Autret) : <\/strong> http:\/\/www.latribune.fr\/economie\/union-europeenne\/brexit-paris-se-rapproche-de-dublin-673460.html<\/p>\n<p>-Des Etats europ\u00e9ens qui regrettent le d\u00e9part du Royaume-Uni mais qui se disent pr\u00eats pour le processus &#8220;qui devra d\u00e9sormais avancer&#8221; (Sarantis Michalopoulos) : http:\/\/www.euractiv.fr\/section\/royaume-uni-en-europe\/news\/eu-leaders-ready-for-orderly-brexit-but-prepared-for-failure\/?nl_ref  <\/p>\n<p><strong>-&#8220;Tous les ind\u00e9pendantistes, \u00e9cossais, irlandais, catalans, tous pro-europ\u00e9ens, esp\u00e8rent profiter du Brexit&#8221; (Hughes Beaudoin; son du 29 mars) : <\/strong> https:\/\/www.radioclassique.fr\/radio\/emissions\/le-19h20h\/24h-en-europe\/<\/p>\n<p><strong>-&#8220;Il faut \u00e9viter un nouveau mur est-ouest sur le trasport routier&#8221; (Dan Tok, ministre tch\u00e8que du Transport; propos recueillis par Catherine Stupp) :        <\/strong>                  http:\/\/www.euractiv.fr\/section\/politique\/interview\/czech-transport-minister-eu-labour-law-for-truckers-must-avoid-east-west-divide\/?nl_ref<\/p>\n<p><strong>-&#8220;Une nouvelle centrale nucl\u00e9aire ne serait jamais accept\u00e9e&#8221; (Doris Leuthard, pr\u00e9sidente de la Conf\u00e9d\u00e9ration suisse et ministre de l&#8217;Energie; entretien r\u00e9alis\u00e9 par Bernard Wuthrich) <\/strong> : https:\/\/www.letemps.ch\/suisse\/2017\/03\/30\/doris-leuthard-une-nouvelle-centrale-nucleaire-ne-serait-jamais-acceptee?utm_source<\/p>\n<p><strong>-Sur le climat, nouvelle r\u00e9action de Bernie Sanders contre Donald Trump (vid\u00e9o) : <\/strong> http:\/\/www.francetvinfo.fr\/monde\/usa\/presidentielle\/donald-trump\/climat-nouvelle-charge-de-bernie-sanders-contre-donald-trump_2122105.html#xtor=CS2-765<\/p>\n<p>-&#8220;Moscou est &#8216;activement impliqu\u00e9e&#8217; dans la pr\u00e9sidentielle fran\u00e7aise&#8221; (le s\u00e9nateur R\u00e9publicain Richard Burr, pr\u00e9sident de la Commission du renseignement du S\u00e9nat am\u00e9ricain; cit\u00e9 par Ouest-France) : http:\/\/www.ouest-france.fr\/elections\/presidentielle\/moscou-activement-impliquee-dans-la-presidentielle-francaise-4892075<\/p>\n<p>-L&#8217;ultime voyage de Fran\u00e7ois Hollande (vid\u00e9o) : http:\/\/www.liberation.fr\/video\/2017\/03\/29\/l-ultime-voyage-du-quinquennat-de-hollande-en-cinq-moments-cles_1559212?xto<\/p>\n<p>-&#8220;Fin de r\u00e8gne&#8221; (vid\u00e9o) : http:\/\/www.francetvinfo.fr\/elections\/presidentielle\/francois-hollande-fin-de-regne_2122299.html#xtor=CS2-765<\/p>\n<p><strong>-Confidences en forme de bilan (vid\u00e9o, amener le curseur sur 19:47) : <\/strong> https:\/\/www.tf1.fr\/tf1\/jt-20h\/videos\/20-heures-30-mars-2017.html<\/p>\n<p><strong>-Le retour des immigr\u00e9s mexicains au pays s&#8217;acc\u00e9l\u00e8re (son) : <\/strong> tps:\/\/www.franceinter.fr\/emissions\/grand-angle\/grand-angle-30-mars-2017<\/p>\n<p><strong>-&#8220;Investir dans les pays en d\u00e9veloppement pour produire plus de nourriture avec moins de ressources utilis\u00e9es&#8221; (Kofi Annan, ancien secr\u00e9taire g\u00e9n\u00e9ral de l&#8217;ONU; cit\u00e9 par Sarantis Michalopoulos) :<\/strong> http:\/\/www.euractiv.fr\/section\/agriculture-alimentation\/news\/kofi-annan-what-is-the-point-of-economic-growth-if-you-cannot-breathe\/?nl_ref<\/p>\n<p>-Les catastrophes naturelles ont co\u00fbt\u00e9 deux fois plus cher en 2016 (Marine Jobert) : http:\/\/www.euractiv.fr\/section\/changement-climatique\/news\/les-catastrophes-naturelles-ont-coute-deux-fois-plus-cher-en-2016\/?nl_ref<\/p>\n<p><strong>CULTURE-MEDIA<\/strong><\/p>\n<p><strong>-Daniel Renard nous a quitt\u00e9s. L&#8217;hommage de Dominique Lesparre, le maire de Bezons (95). J&#8217;ajoute que Daniel fut aussi un grand syndicaliste qui, au sein du courant &#8220;Unit\u00e9 et action&#8221; de la FEN, notamment avec ses amis Alfred Sorel et Andr\u00e9 Belleville, contribu\u00e8rent \u00e0 la cr\u00e9ation de la FSU :<\/strong> http:\/\/www.ville-bezons.fr\/actualite\/article\/daniel-renard-nous-a-quittes\/<\/p>\n<p>-Dix-huit nouvelles de Francis Scott Fitzgerald sortent de l&#8217;ombre (Nathalie Crom) :                                                                 http:\/\/www.telerama.fr\/livre\/je-me-tuerais-pour-vous-dix-huit-nouvelles-inedites-de-francis-scott-fitzgerald,156090.php#xtor=EPR-126-newsletter_tra-20170330<\/p>\n<p><strong>-Sur France Culture, &#8220;Francis avec Zelda, couple de choix&#8221; (Ir\u00e8ne Verlaque; \u00e0 \u00e9couter ici, sons) <\/strong> : http:\/\/www.telerama.fr\/radio\/zelda-et-francis-scott-fitzgerald-les-magnifiques,146557.php<\/p>\n<p><strong>-Le pianiste Fran\u00e7ois Dumont, invit\u00e9 de &#8220;Passion clasique&#8221; d&#8217;Olivier Bellamy (son du 29 mars) : <\/strong> https:\/\/www.dailymotion.com\/video\/x5goo39_le-livret-a-c-est-un-signal-de-securite-pierre-rene-lemas-30-03-2017_news<\/p>\n<p>-La liste des nomm\u00e9s aux Moli\u00e8res 2017 : http:\/\/www.telerama.fr\/scenes\/molieres-2017-voici-la-liste-des-nommes,156095.php#xto<\/p>\n<p>-&#8220;Paris la blanche&#8221; de Tassadit Mandi, &#8220;un film modeste mais beau&#8221; (Pierre Murat; vid\u00e9o) : http:\/\/www.telerama.fr\/cinema\/paris-la-blanche-une-fable-d-une-seduisante-modestie,156093.php#xtor<\/p>\n<p>-C\u00e9cile Mury n&#8217;a pas aim\u00e9 &#8220;Telle m\u00e8re, telle fille&#8221; de No\u00e9mie Saglio, avec Juliette Binoche (vid\u00e9o) : http:\/\/www.telerama.fr\/cinema\/telle-mere-telle-fille-un-baby-boum-qui-fait-flop,156085.php#xtor<\/p>\n<p>-Quand le dessinateur japonais  Hayao Miyazaki cachait des oeufs de P\u00e2ques dans ses films (vid\u00e9o en anglais) : http:\/\/www.telerama.fr\/cinema\/quand-miyazaki-cachait-des-easter-eggs-dans-ses-films,156087.php#xtor<\/p>\n<p>-Avec &#8220;F\u00e9licit\u00e9&#8221;, le cin\u00e9aste franco-ss\u00e9n\u00e9galais Alain Gomis &#8220;sublime des vies ordinaires&#8221; (Fr\u00e9d\u00e9ric Strauss; vid\u00e9o) : http:\/\/www.telerama.fr\/cinema\/avec-felicite-alain-gomis-sublime-des-vies-ordinaires,156075.php#xtor<\/p>\n<p>-Claudia Cardinal sur l&#8217;affiche du 7Oe Festival de Cannes (vid\u00e9o) : http:\/\/www.telerama.fr\/festival-de-cannes\/2017\/cannes-2017-claudia-cardinale-en-majeste-sur-l-affiche-du-70e-festival,156078.php#xtor<\/p>\n<p><strong>-&#8220;Au-del\u00e0 de la musique, on vit une grande histoire d&#8217;amiti\u00e9&#8221; (le groupe IAM; vid\u00e9o) <\/strong> : http:\/\/www.telerama.fr\/musique\/iam-au-dela-de-la-musique-on-vit-une-grande-histoire-d-amitie,156084.php#xtor<\/p>\n<p><strong>-Ecouter ici cinq titres du nouvel album de Bob Dylan &#8220;Triplicate&#8221; (sons) : <\/strong> https:\/\/www.franceinter.fr\/musique\/bob-dylan-nouvel-album-triplicate-sortie-le-31-mars<\/p>\n<p><strong>-Ce qu&#8217;en dit Rebecca Manzoni (vid\u00e9o) :<\/strong> https:\/\/www.franceinter.fr\/emissions\/pop-co\/pop-co-30-mars-2017<\/p>\n<p><strong>-Bob Dylan, c\u00f4t\u00e9 blues, gospel et soul (Michkas Assayas; son) :   <\/strong>             https:\/\/www.franceinter.fr\/emissions\/very-good-trip\/very-good-trip-30-mars-2017<\/p>\n<p>-Comment traduire &#8220;fake news&#8221; en fran\u00e7ais ? (J\u00e9r\u00e9mie Maire) : http:\/\/www.telerama.fr\/medias\/mais-au-fait-comment-traduire-fake-news-en-francais,156068.php#xtor<\/p>\n<p>-La s\u00e9natrice UDI de l&#8217;Orne Nathalie Goulet a d\u00e9pos\u00e9 une proposition de loi sur le sujet (vid\u00e9o) : https:\/\/www.publicsenat.fr\/article\/politique\/fake-news-la-senatrice-nathalie-goulet-depose-une-proposition-de-loi-58064<\/p>\n<p>-&#8220;La Belle France&#8221;, le nouveau livre de Pierre Bonte, l&#8217;ancien animateur de &#8220;Bonjour M. le maire&#8221;; invit\u00e9 de Marie-Sophie Lacarrau (vid\u00e9o) : http:\/\/www.francetvinfo.fr\/economie\/emploi\/metiers\/art-culture-edition\/l-invite-du-13h-pierre-bonte-presente-la-belle-france_2121957.html<\/p>\n<p><strong>-&#8220;D\u00e9bat du 20 avril sur France 2, le CSA a fait part de ses pr\u00e9occupations. Jean-Luc M\u00e9lenchon a ouvert la bo\u00eete de Pandore, apr\u00e8s Emmanuel Macron, d&#8217;autres candidats risquent de s&#8217;engouffrer dans la br\u00e8che&#8221; (J\u00e9r\u00f4me Ivanichtchenko et Sylvie Pierre-Brossolette, membre du CSA, qui confirme que c&#8217;est la date qui pose probl\u00e8me; vid\u00e9o) : <\/strong> http:\/\/www.dailymotion.com\/video\/x5gou82_debat-du-20-avril-sur-france-2-le-csa-fait-part-de-ses-preoccupations_news<\/p>\n<p><em>-Le communiqu\u00e9 du CSA :<\/em> http:\/\/www.csa.fr\/Espace-Presse\/Communiques-de-presse\/Organisation-des-debats-mise-au-point-du-Conseil-superieur-de-l-audiovisuel<\/p>\n<p><strong>-La com\u00e9dienne Laura Smet et le r\u00e9alisateur de &#8220;La B\u00eate curieuse&#8221; Laurent Perreau \u00e9taient les invit\u00e9s de Sonia Devillers (vid\u00e9o) :<\/strong> http:\/\/www.dailymotion.com\/video\/x5gort6_laura-smet-arte-traque-la-bete-curieuse_news<\/p>\n<p>-BFMTV fait un malheur avec la campagne \u00e9lectorale (Marc Baudriller; son du 30 mars) : https:\/\/www.radioclassique.fr\/radio\/emissions\/matinale-de-radio-classique\/la-vie-des-medias\/ <\/p>\n<p><strong>-\u00c7a c&#8217;est de la pub ! (vid\u00e9o) :<\/strong> http:\/\/www.bfmtv.com\/mediaplayer\/video\/costumes-de-francois-fillon-un-commercant-parisien-s-inspire-de-l-affaire-pour-se-faire-connaitre-929355.html<\/p>\n<p>-Et \u00e7a, c&#8217;est un des dernier compte rendu du Conseil des ministres de St\u00e9phane Le Foll (vid\u00e9o, amener le curseur sur 19:21. \u00c7a sent la quille !) : http:\/\/www.elysee.fr\/videos\/compte-rendu-du-conseil-des-ministres-du-jeudi-30-mars-201\/<\/p>\n<p><strong>-Sur RTL, Laurent Gerra a fait sa chronique devant Fran\u00e7ois Fillon (vid\u00e9o) :  <\/strong> http:\/\/www.dailymotion.com\/video\/x5goijc_la-chronique-de-laurent-gerra-devant-francois-fillon_news<\/p>\n<p>-&#8220;A la rencontre des fans de l&#8217;UPR&#8221; (Guillaume Meurice; vid\u00e9o) : http:\/\/www.dailymotion.com\/video\/x5gqb9j_a-la-rencontre-des-fans-de-l-upr-le-moment-meurice_fun<\/p>\n<p><strong>-&#8220;De plus en plus de socialistes en marche&#8221; (Charline Vanhoenacker; vid\u00e9o) : <\/strong> https:\/\/www.franceinter.fr\/emissions\/le-billet-de-charline-vanhoenacker\/le-billet-de-charline-vanhoenacker-30-mars-2017<\/p>\n","protected":false},"excerpt":{"rendered":"<p>ACTUALITE -En Guyane, &#8220;si vous \u00eates pauvre et que vous survivez \u00e0 un accident, c&#8217;est que vous avez de la chance&#8221; (Hugo Caillaux) : http:\/\/www.francetvinfo.fr\/economie\/crise-en-guyane\/en-guyane-si-vous-etes-pauvre-et-que-vous-survivez-a-un-accident-c-est-que-vous-avez-de-la-chance_2118737.html -Les n\u00e9gociations au point mort (vid\u00e9o) : http:\/\/www.francetvinfo.fr\/economie\/crise-en-guyane\/guyane-les-negociations-au-point-mort_2122313.html#xtor=CS2-765 -Que propose le gouvernement ? (Anne-Claire Poignard; vid\u00e9o) : http:\/\/www.francetvinfo.fr\/economie\/crise-en-guyane\/guyane-quelles-sont-les-propositions-du-gouvernement_2122297.html#xtor=CS2-765 -La ministre des Outre-mer pr\u00e9sente ses excuses (vid\u00e9o) : http:\/\/www.francetvinfo.fr\/economie\/crise-en-guyane\/video-crise-en-guyane-la-ministre-des-outre-mer-presente-ses-excuses_2123077.html -&#8220;D\u00e8s 2005, [&hellip;]<\/p>\n","protected":false},"author":1042,"featured_media":0,"comment_status":"open","ping_status":"open","sticky":false,"template":"","format":"standard","meta":{"_themeisle_gutenberg_block_has_review":false,"footnotes":""},"categories":[151],"tags":[],"class_list":["post-10298","post","type-post","status-publish","format-standard","hentry","category-la-revue-de-presse-de-lulu"],"_links":{"self":[{"href":"https:\/\/archives.regards.fr\/index.php?rest_route=\/wp\/v2\/posts\/10298","targetHints":{"allow":["GET"]}}],"collection":[{"href":"https:\/\/archives.regards.fr\/index.php?rest_route=\/wp\/v2\/posts"}],"about":[{"href":"https:\/\/archives.regards.fr\/index.php?rest_route=\/wp\/v2\/types\/post"}],"author":[{"embeddable":true,"href":"https:\/\/archives.regards.fr\/index.php?rest_route=\/wp\/v2\/users\/1042"}],"replies":[{"embeddable":true,"href":"https:\/\/archives.regards.fr\/index.php?rest_route=%2Fwp%2Fv2%2Fcomments&post=10298"}],"version-history":[{"count":0,"href":"https:\/\/archives.regards.fr\/index.php?rest_route=\/wp\/v2\/posts\/10298\/revisions"}],"wp:attachment":[{"href":"https:\/\/archives.regards.fr\/index.php?rest_route=%2Fwp%2Fv2%2Fmedia&parent=10298"}],"wp:term":[{"taxonomy":"category","embeddable":true,"href":"https:\/\/archives.regards.fr\/index.php?rest_route=%2Fwp%2Fv2%2Fcategories&post=10298"},{"taxonomy":"post_tag","embeddable":true,"href":"https:\/\/archives.regards.fr\/index.php?rest_route=%2Fwp%2Fv2%2Ftags&post=10298"}],"curies":[{"name":"wp","href":"https:\/\/api.w.org\/{rel}","templated":true}]}}