{"id":10294,"date":"2017-03-30T08:03:44","date_gmt":"2017-03-30T06:03:44","guid":{"rendered":"https:\/\/wp.muchomaas.com\/article-la-revue-du-30-mars-2017\/"},"modified":"2023-06-23T23:24:24","modified_gmt":"2023-06-23T21:24:24","slug":"article-la-revue-du-30-mars-2017","status":"publish","type":"post","link":"https:\/\/archives.regards.fr\/?p=10294","title":{"rendered":"La Revue du 30 mars 2017"},"content":{"rendered":"<strong>ACTUALITE<\/strong>\n\n-&#8220;L&#8217;accord sur l&#8217;assurance ch\u00f4mage est responsable et difficile. On va enlever la sur-cotisation sur les contrat courts. On croit au paritarisme. Le programme de Fran\u00e7ois Fillon, c&#8217;est tr\u00e8s bien. Celui d&#8217;Emmanuel Macron va dans le bon sens mais pas assez loin&#8221; (Pierre Gattaz, pr\u00e9sident du Medef; interrog\u00e9 par Elizabeth Martichoux; vid\u00e9o) :  http:\/\/www.rtl.fr\/actu\/politique\/pierre-gattaz-sur-rtl-l-accord-sur-l-unedic-est-responsable-et-difficile-7787864119\n\n<em>-&#8220;Un texte contre les femmes, les travailleurs pr\u00e9caires et les seniors !&#8221; (la CGT) : <\/em> http:\/\/www.cgt.fr\/Un-texte-contre-les-femmes-les.html\n\n<strong>-Les seniors bient\u00f4t moins indemnis\u00e9s (vid\u00e9o) : <\/strong> http:\/\/www.francetvinfo.fr\/economie\/emploi\/chomage\/chomage-les-seniors-bientot-moins-indemnises_2120299.html\n\n-&#8220;Le patronat r\u00eave de Fillon, redoute Le Pen et s&#8217;accommoderait de Macron&#8221; (Alain Duhamel; son) : http:\/\/www.rtl.fr\/actu\/politique\/le-patronat-reve-de-fillon-redoute-le-pen-s-accommoderait-de-macron-selon-duhamel-7787859713\n\nLes salles de consommation de drogue \u00e0 Paris, six mois apr\u00e8s (vid\u00e9o) : http:\/\/www.francetvinfo.fr\/sante\/drogue-addictions\/salle-de-shoot-a-paris-quel-bilan-six-mois-apres-l-ouverture_2120321.html\n\n<strong>-Les buralistes vont vendre leurs propres cigarettes. Ce qu&#8217;en pense le pneumologue Bertrand Dautzenberg, invit\u00e9 d&#8217;Yves Calvi (vid\u00e9o) : <\/strong> http:\/\/www.dailymotion.com\/video\/x5gla3x_tabac-de-nouvelles-marques-de-cigarettes-un-des-effets-pervers-du-paquet-neutre_news\n\n<strong>-&#8220;La course du coeur&#8221; en faveur du don d&#8217;organe (Isabelle Moreau; vid\u00e9o) : <\/strong> http:\/\/www.cnews.fr\/chroniques\/les-invites-disabelle-moreau\/linvite-disabelle-moreau-du-29032017-174063\n\n-Dans la t\u00e9l\u00e9phonie, les litiges se multiplient avec les op\u00e9rateurs (vid\u00e9o) : http:\/\/www.francetvinfo.fr\/internet\/telephonie\/telephonie-les-litiges-se-multiplient_2120301.html\n\n-D\u00e9sormais, c&#8217;est V\u00e9olia qui assurera le recyclage obligatoire des panneaux photovolta\u00efques (Nathalie Fontrel; son) : https:\/\/www.franceinter.fr\/emissions\/planete-environnement\/planete-environnement-29-mars-2017\n\n-Catacombes de Paris, suivez le guide (H\u00e9l\u00e8ne Chevallier; son et vid\u00e9o) : https:\/\/www.franceinter.fr\/emissions\/grand-angle\/grand-angle-29-mars-2017\n\n<strong>POLITIQUE<\/strong>\n\n<strong>-&#8220;L&#8217;utilit\u00e9 d&#8217;un vote&#8221; (Patrick Le Hyaric; pi\u00e8ce jointe);<\/strong>\n\n<strong>-&#8220;J&#8217;ai march\u00e9 mon chemin sans ne c\u00e9der \u00e0 rien, je ne vais pas commencer aujourd&#8217;hui ! A faire le contraire ou \u00e0 c\u00e9der \u00e0 je ne sais quel arrangement qu&#8217;on me sugg\u00e8re de faire&#8230;Ce ne sont pas nos affaires, en tout cas, ce n&#8217;est pas la mienne&#8221;. Assurant ne pas \u00eatre en comp\u00e9tition avec Beno\u00eet Hamon, &#8220;maintenant l&#8217;\u00e9tape pour nous tous, c&#8217;est de rattraper Fillon, et une fois qu&#8217;on l&#8217;aura fait, de rattraper le suivant. Je ne d\u00e9pends que de vous, c&#8217;est \u00e0 vous que j&#8217;ai fait la promesse de ne n\u00e9gocier rien, avec personne ! La fermet\u00e9 de caract\u00e8re et de la d\u00e9cision n&#8217;emp\u00eache pas de dire bienvenue \u00e0 ceux qui veulent prendre place dans nos rangs, avec nous, mais qu&#8217;ils ne demandent rien comme nous, nous ne demandons rien&#8221;&#8230;&#8221;Le Parti socialiste vient d&#8217;\u00e9clater sous nos yeux&#8221; et Emmanuel Macron &#8220;tra\u00eene dans ses fourgons onze anciens ministres de Chirac. C&#8217;est donc au moment o\u00f9 le parti socialiste est r\u00e9duit \u00e0 l&#8217;emballage, contenant des mat\u00e9riaux connus et assez explosifs quand on les approche, qu&#8217;on agite un malheureux candidat que l&#8217;on d\u00e9pouille chaque jour de son \u00e9quipage, et, en m\u00eame temps, on trafique une future majorit\u00e9 de machins, de bidules et de trucs. Notre t\u00e2che, c&#8217;est de regrouper et de f\u00e9d\u00e9rer tout ce qui peut l&#8217;\u00eatre&#8221; (Jean-Luc M\u00e9lenchon au Havre; vid\u00e9o int\u00e9grale) :           <\/strong>           https:\/\/www.youtube.com\/watch?v=wU7b6ZE-4jc&#038;feature=youtu.be\n\n-Pendant le meeting, Raquel Garrido, porte-parole de &#8220;La France insoumise&#8221;, participait \u00e0 l&#8217;\u00e9mission &#8220;News et Compagnie&#8221; sur BFMTV , avec Na\u00efma Charai, porte-parole de Beno\u00eet Hamon et Benjamin Grivaux, d&#8217;Emmanuel Macon (vid\u00e9o) : https:\/\/www.youtube.com\/watch?v=pji6l1bERIg&#038;feature=youtu.be\n\n-&#8220;Dans sa campagne, M\u00e9lenchon s&#8217;applique \u00e0 marginaliser les communistes&#8221; (Rapha\u00eblle Besse Desmouli\u00e8res. En r\u00e9alit\u00e9, le PCF semble bien n&#8217;avoir besoin de personne pour y parvenir; pi\u00e8ce jointe);\n\n-&#8220;Valls, o\u00f9 on retrouve les pudeurs de gazelle&#8221; (Caroline de Hass, candidate aux \u00e9lections l\u00e9gislatives \u00e0 Paris, dans la circonscription de Myriam El Khomri : \nhttps:\/\/blogs.mediapart.fr\/carolinedehaas\/blog\/290317\/valls-ou-lon-retrouve-les-pudeurs-de-gazelles?utm_source=global&#038;utm_medium=social&#038;\n\n-&#8220;Je ne suis pas candidate pour \u00eatre pr\u00e9sidente de la R\u00e9publique&#8221; (Nathalie Arthaud, candidate de LO; invit\u00e9e de Fr\u00e9d\u00e9ric Rivi\u00e8re; vid\u00e9o) : http:\/\/www.rfi.fr\/video\/20170329-nathalie-arthaud-je-suis-pas-candidate-etre-presidente-republique\n\n-&#8220;Je suis de tout coeur avec les Guyanais. Mes \u00e9l\u00e8ves d&#8217;Aubervilliers ont les pieds sur terre&#8221; (elle \u00e9tait invit\u00e9e du 12\/13 de France 3; interrog\u00e9e par Emilie Tran Nguyen; vid\u00e9o) : http:\/\/www.francetvinfo.fr\/economie\/crise-en-guyane\/presidentielle-nathalie-arthaud-est-l-invitee-de-france-3_2120395.html\n\n-Elle \u00e9tait aussi sur Mediapart (vid\u00e9os) : \n<iframe loading=\"lazy\" title=\"MediapartLive : Nathalie Arthaud face \u00e0 la r\u00e9daction\" width=\"500\" height=\"281\" src=\"https:\/\/www.youtube.com\/embed\/77SViMznOcE?feature=oembed\" frameborder=\"0\" allow=\"accelerometer; autoplay; clipboard-write; encrypted-media; gyroscope; picture-in-picture; web-share\" referrerpolicy=\"strict-origin-when-cross-origin\" allowfullscreen><\/iframe>\n\n<strong>-&#8220;Je ne voterai pas pour Beno\u00eet Hamon, je voterai pour Emmanuel Macron parce que je ne veux prendre aucun risque d\u00e8s lors que le FN peux l&#8217;emporter. Je n&#8217;accepte pas la marginalisation de la candidature de Beno\u00eet Hamon. Chacun connait mon d\u00e9saccord avec sa strat\u00e9gie. Je ne veux pas devoir choisir entre M. Fillon et Mme Le Pen. Ce n&#8217;est pas un ralliement, c&#8217;est une prise de position. Cette extr\u00eame-droite p\u00e8sera dans les ann\u00e9es \u00e0 venir. Pour beaucoup, voter pour Fran\u00e7ois Fillon au second tour serait difficile, moi je le ferais. Nous sommes dans un moment de recomposition, viendra ensuite celui de la constitution d&#8217;une majorit\u00e9 dans laquelle les socialistes, les progressistes devront prendre leur place. Avec Emmanuel Macron s&#8217;offre une possibilit\u00e9 de recomposition. Je n&#8217;\u00e9tais pas d&#8217;accord avec sa sortie du gouvernement, mais manifestement, c&#8217;\u00e9tait le bon choix. Je serais exclu par ceux qui n&#8217;ont respect\u00e9 aucune r\u00e8gle pendant cinq ans! Fran\u00e7ois Fillon a pris en otage son parti et la campagne&#8221; (Manuel Valls, d\u00e9put\u00e9 PS de l&#8217;Essonne; face \u00e0 Jean-Jacques Bourdin; vid\u00e9o) : <\/strong> http:\/\/www.bfmtv.com\/mediaplayer\/video\/manuel-valls-face-a-jean-jacques-bourdin-en-direct-928745.html\n\n-&#8220;Il faut respecter le vote des Britanniques. Si l&#8217;Europe continue \u00e0 pr\u00f4ner la concurrence, elle n&#8217;existera bient\u00f4t plus. Les sociaux-d\u00e9mocrates allemands eux croient aux alliances de gauche et ne croient plus \u00e0 l&#8217;alliance avec la droite, le contraire de ce que pr\u00f4nent certains ici. Toutes les semaines est organis\u00e9 un feuilleton destin\u00e9 \u00e0 me nuire. Moi, je fais campagne. Je veux gouverner avec toute la gauche. Mon projet  tourne la page de la gauche de M. Valls comme de la gauche de M. M\u00e9lenchon. Il faut que le d\u00e9bat t\u00e9l\u00e9vis\u00e9 ait lieu, ma 6e R\u00e9publique est avec d\u00e9bat&#8221; (Beno\u00eet Hamon, invit\u00e9 de Caroline Roux; vid\u00e9o) : http:\/\/www.france2.fr\/emissions\/telematin\/actu\/les-4-verites-benoit-hamon_562403\n\n-Il a r\u00e9pondu aux questions des internautes (vid\u00e9o) : \nhttp:\/\/www.france2.fr\/emissions\/telematin\/videos\/benoit_hamon_repond_aux_questions_des_internautes_29-03-2017_1524279?onglet=tous&#038;page=1\n\n-Apr\u00e8s le choix de Manuel Valls, &#8220;j&#8217;appelle les communistes et Jean-Luc M\u00e9lenchon \u00e0 unir leurs forces aux miennes&#8221; (vid\u00e9o) :  https:\/\/www.publicsenat.fr\/article\/politique\/presidentielle-hamon-appelle-les-communistes-et-melenchon-a-unir-leurs-forces\n\n-Olivier Dartigolles, porte-parole du PCF, approuve cet appel (vid\u00e9o) : http:\/\/www.bfmtv.com\/mediaplayer\/video\/le-parti-communiste-veut-oeuvrer-au-rassemblement-prone-par-hamon-928889.html\n\n<em>-La d\u00e9claration de Pierre Laurent <\/em> : http:\/\/www.pcf.fr\/node\/98271\n\n-&#8220;On ne peut pas appeler au vote utile d\u00e8s le premier tour alors qu&#8217;aucun sondage ne donne le FN gagnant&#8221;. En votant Macron pour faire barrage au FN, &#8220;Valls est en train d&#8217;\u00e9touffer la pr\u00e9sidentielle&#8221; (Olivier Faure, pr\u00e9sident du groupe socialiste \u00e0 l&#8217;Assembl\u00e9e nationale; vid\u00e9o) : http:\/\/www.bfmtv.com\/mediaplayer\/video\/en-votant-macron-pour-faire-barrage-au-fn-valls-est-en-train-d-etouffer-la-presidentielle-928833.html\n\n-&#8220;Je suis fier de la campagne que tu m\u00e8nes&#8221; (Martine Aubry) : http:\/\/www.lemonde.fr\/election-presidentielle-2017\/article\/2017\/03\/29\/benoit-hamon-en-meeting-a-lille-apres-l-annonce-de-manuel-valls_5102873_4854003.html\n\n-&#8220;Qu&#8217;est-ce que \u00e7a donne comme signal le fait qu&#8217;un Premier ministre trahisse la parole donn\u00e9e ? Ce ralliement va provoquer une col\u00e8re saine et r\u00e9veiller une solidarit\u00e9&#8221; \u00e0 l&#8217;\u00e9gard du candidat du PS (Razzi Hammadi, d\u00e9put\u00e9 de Seine-Saint Denis, porte-parole du PS; vid\u00e9o) : http:\/\/www.bfmtv.com\/mediaplayer\/video\/le-porte-parole-du-ps-s-interroge-sur-le-signal-que-donne-la-trahison-de-valls-928917.html\n\n-&#8220;C&#8217;est le dernier acte d&#8217;une tentative de sabotage&#8221; (Mathieu Hanotin, directeur de campagne de Beno\u00eet Hamon; vid\u00e9o) :  http:\/\/www.bfmtv.com\/mediaplayer\/video\/valls-soutient-macron-c-est-le-dernier-acte-d-une-tentative-de-sabotage-pour-mathieu-hanotin-928717.html\n\n-&#8220;Le seul vote utile, c&#8217;est le vote pour ses convictions. Je suis engag\u00e9e aux c\u00f4t\u00e9s de Beno\u00eet Hamon sans aucun \u00e9tat d&#8217;\u00e2me&#8221; (Anne Hidalgo, interrog\u00e9e par Fran\u00e7ois-Xavier M\u00e9nage; vid\u00e9o) : http:\/\/www.lci.fr\/replay\/l-invite-politique-de-8h15-du-29-mars-2017-anne-hidalgo-maire-de-paris-et-soutien-de-benoit-hamon-2030664.html\n\n-&#8220;Dans une famille politique, on ne casse pas la table pour un diff\u00e9rend&#8221; (Fran\u00e7ois Kalfon, soutien de Beno\u00eet Hamon; son) :  http:\/\/www.bfmtv.com\/mediaplayer\/video\/dans-une-famille-politique-on-ne-casse-pas-la-table-pour-un-differend-valls-fustige-par-un-soutien-de-hamon-928757.html\n\n-&#8220;Valls s&#8217;assoit sur les r\u00e8gles. Il y a chez lui une jubilation de la destruction&#8221; (vid\u00e9o) : http:\/\/www.dailymotion.com\/video\/x5gltfy_en-soutenant-macron-valls-s-assoit-sur-les-regles-denonce-un-proche-de-hamon_news\n\n-&#8220;Valls est une sorte de pompier pyromane&#8221; (Alexis Bachelay, porte-parole de Beno\u00eet Hamon; vid\u00e9o) : http:\/\/www.bfmtv.com\/mediaplayer\/video\/manuel-valls-est-une-sorte-de-pompier-pyromane-pour-alexis-bachelay-928731.html\n\n-&#8220;Je suis triste de voir mon parti en plein naufrage&#8221; (Gilles Savary, d\u00e9put\u00e9 PS de Gironde, qui salue l&#8217;audace d&#8217;Emmanuel Macron; vid\u00e9o) : http:\/\/www.bfmtv.com\/mediaplayer\/video\/gilles-savary-je-suis-triste-de-voir-mon-parti-en-plein-naufrage-928801.html\n\n-&#8220;Les frondeurs r\u00e9coltent ce qu&#8217;ils ont sem\u00e9&#8221; (Fran\u00e7ois Loncle, d\u00e9put\u00e9 PS de l&#8217;Eure; vid\u00e9o) : http:\/\/www.bfmtv.com\/mediaplayer\/video\/valls-soutient-macron-les-frondeurs-recoltent-ce-qu-ils-ont-seme-estime-francois-loncle-928743.html\n\n-&#8220;Un mauvais signal pour Beno\u00eet Hamon&#8221; (Alain Duhamel; vid\u00e9o) : http:\/\/www.dailymotion.com\/video\/x5gmi9z_alain-duhamel-le-soutient-de-manuel-valls-a-macron-est-un-mauvais-signal-pour-benoit-hamon_news\n\n-&#8220;Le PS n&#8217;a jamais \u00e9t\u00e9 aussi pr\u00e8s de l&#8217;\u00e9clatement&#8221; (vid\u00e9o) : http:\/\/www.dailymotion.com\/video\/x5gmfz4_le-ps-n-a-jamais-semble-aussi-pres-de-l-eclatement-depuis-sa-refonte-en-1971-estime-alain-duhamel_news\n\n<strong>-&#8220;Je mets mon \u00e9nergie \u00e0 faire plut\u00f4t qu&#8217;\u00e0 durer. Les forces de l&#8217;argent, je les ai connues, je les ai quitt\u00e9es. Ma volont\u00e9, c&#8217;est de lancer d\u00e8s le d\u00e9but de grandes r\u00e9forme, parmi lesquelles l&#8217;\u00e9cole et la formation. Le Pr\u00e9sident est devenu ces quinze derni\u00e8res ann\u00e9es celui qui s&#8217;occupe de tout. Je fixe un cap \u00e0 partir de mes engagements et ensuite j&#8217;en suis le garant. J&#8217;ai construit ma d\u00e9marche sur une refondation de la vie politique. Je remercie Manuel Valls. Mon souhait c&#8217;est que le CSA se saisisse de la question du d\u00e9bat avec les candidats et les cha\u00eenes&#8221; (Emmanuel Macron, invit\u00e9 de la matinale d&#8217;Europe 1; interrog\u00e9 par Thomas Sotto et Fabien Namias; vid\u00e9os) :   <\/strong> http:\/\/www.dailymotion.com\/video\/x5gkg7m_emmanuel-macron-je-mets-mon-energie-a-faire-plutot-qu-a-durer_news                              http:\/\/www.dailymotion.com\/video\/x5gkp6l_reformes-chomage-europe-emmanuel-macron-repond-aux-questions-de-fabien-namias_news      \n\n-&#8220;Je suis favorable \u00e0 une sortie  des pesticides sur dix ans. Plusieurs agricultures doivent cohabiter. Je suis favorable au CETA qui est une comp\u00e9tence europ\u00e9enne&#8221; (il r\u00e9pondait \u00e0 Natacha Polony; vid\u00e9o) :   http:\/\/www.dailymotion.com\/video\/x5gkr7p_emmanuel-macron-favorable-a-l-arret-des-pesticides_news                                     \n\n-&#8220;Etre fid\u00e8le \u00e0 ses id\u00e9es plut\u00f4t qu&#8217;\u00e0 son parti, moi je m&#8217;en r\u00e9jouis&#8221; (Benjamin Griveaux, porte-parole de &#8220;En Marche !&#8221;; vid\u00e9o) :  http:\/\/www.bfmtv.com\/mediaplayer\/video\/ce-porte-parole-d-en-marche-salue-le-choix-de-valls-et-critique-l-utilite-des-primaires-928747.html\n\n-(Nous ne sollicitons aucun soutien. Nous ne voulons pas seulement tourner la page des cinq derni\u00e8res ann\u00e9es, nous voulons en finir avec 20 ans de pratiques politiques. Il y a un an, on nous disait vous \u00eates trop seuls, aujourd&#8217;hui on nous accuse de trop-plein. Je pr\u00e9f\u00e8re enregistrer des arriv\u00e9es plut\u00f4t que, comme Fran\u00e7ois Fillon et Beno\u00eet Hamon, enregistrer des d\u00e9fections quotidiennes&#8221; (Richard Ferrand, secr\u00e9taire g\u00e9n\u00e9ral de &#8220;En Marche !&#8221;, invit\u00e9 de &#8220;Mardi Politique&#8221;; vid\u00e9o) : http:\/\/www.rfi.fr\/video\/20170328-richard-ferrand-depute-finistere-secretaire-general-mouvement-marche\n\n-&#8220;Emmanuel Macron s&#8217;interroge sur la pertinence du d\u00e9bat \u00e0 11. Pour la premi\u00e8re fois, il y a un risque pour que Marine Le Pen soit  \u00e9lue, la situation est donc grave. Beaucoup de gens, sentant qu&#8217;il peut \u00eatre \u00e9lu, se rapprochent de la personne d&#8217;Emmanuel Macron sans partager son projet, or il ne veut pas que lui arrive ce qui est arriv\u00e9 \u00e0 Fran\u00e7ois Hollande apr\u00e8s son \u00e9lection&#8221; (G\u00e9rard Collomb, s\u00e9nateur-maire PS de Lyon, soutien d&#8217;Emmanuel Macron; face \u00e0 Guillaume Durand; vid\u00e9o) : https:\/\/www.dailymotion.com\/video\/x5gkvpd_la-situation-en-france-est-grave-sur-le-plan-economique-et-politique-gerard-collomb-29-03-2017_news\n\n<strong>-Fran\u00e7ois Bayrou, pr\u00e9sident du MoDem, \u00e9tait l&#8217;invit\u00e9 de la matinale de France Inter, interrog\u00e9 par Patrick Cohen et par les auditeurs (vid\u00e9o et son) : <\/strong> http:\/\/www.dailymotion.com\/video\/x5gkweg_francois-bayrou-etait-l-invite-de-patrick-cohen_news\n\n-Le soutien de Valls \u00e0 Macron, &#8220;c&#8217;est la rupture du Parti socialiste&#8221; (il \u00e9tait l&#8217;invit\u00e9 de Ruth Elkrief sur BFMTV; vid\u00e9o) : http:\/\/www.bfmtv.com\/mediaplayer\/video\/soutien-de-valls-a-macron-c-est-la-rupture-du-parti-socialiste-francois-bayrou-929067.html\n\n-&#8220;Au PS, le proc\u00e8s de Hollande est engag\u00e9&#8221; (Yves Thr\u00e9ard du &#8220;Figaro&#8221;; vid\u00e9o) : http:\/\/www.dailymotion.com\/video\/x5gkc60_francois-hollande-juge-par-le-ps_news\n\n-&#8220;Au Parti socialiste, parjures, d\u00e9composition, reniement. Le ralliement de Valls \u00e0 Macron est un \u00e9pisode dans une com\u00e9die&#8221; (Bernard Accoyer, secr\u00e9taire g\u00e9n\u00e9ral des R\u00e9publicains, interrog\u00e9 par Guillaume Durand; vid\u00e9o) : https:\/\/www.radioclassique.fr\/magazine\/videos\/au-parti-socialiste-parjures-decomposition-reniement-bernard-accoyer-29032017\/\n\n-&#8220;Le camp Macron est une usine de recyclage des opportunistes de tous bords&#8221; (Laurent Wauquiez, pr\u00e9sident LR de la r\u00e9gion Auvergne-Rh\u00f4ne-Alpes; invit\u00e9 de la matinale de Franceinfo, qui demande \u00e0 son camp d&#8217;abandonner la th\u00e9orie du complot; vid\u00e9o) :  http:\/\/www.dailymotion.com\/video\/x5gl3k7_pour-laurent-wauquiez-le-camp-macron-est-une-usine-de-recyclage-des-opportunistes-de-tous-bords_news\n\n-&#8220;Manuel Valls a donn\u00e9 un double baiser de Judas, un \u00e0 Emmanuel Macron qui tentait de faire oublier qu&#8217;il \u00e9tait un enfant de Fran\u00e7ois Hollande, l&#8217;autre au Parti socialiste pour le tuer. Fran\u00e7ois Hollande aura r\u00e9ussi deux choses, \u00e0 laisser le ch\u00f4mage encore plus important qu&#8217;il n&#8217;\u00e9tait au d\u00e9but de son quinquennat et \u00e0 faire exploser le Parti socialiste, sa famille politique&#8221; (G\u00e9rard Larcher, pr\u00e9sident LR du S\u00e9nat, invit\u00e9 de Laurence Ferrari; vid\u00e9o) : http:\/\/www.cnews.fr\/chroniques\/linvite-de-laurence-ferrari\/gerard-larcher-invite-de-laurence-ferrari-174073  \n\n-&#8220;Toujours autant de monde dans les meetings de Fran\u00e7ois Fillon&#8221; (Marion Mourgue du &#8220;Figaro&#8221;; son) : https:\/\/www.franceinter.fr\/emissions\/histoires-politiques\/histoires-politiques-29-mars-2017\n\n-&#8220;Je pense \u00eatre le seul \u00e0 pouvoir contrer Emmanuel Macron. C&#8217;est une bulle, ce sont les Fran\u00e7ais qui d\u00e9cident&#8221; (Nicolas Dupont-Aignan, candidat de &#8220;Debout la France&#8221;, interrog\u00e9 par Amandine B\u00e9got (vid\u00e9o) : http:\/\/www.lci.fr\/replay\/l-invite-de-8h45-du-29-mars-2017-nicolas-dupont-aignan-candidat-de-debout-la-france-2030670.html\n\n-&#8220;Macron veut rester seul ma\u00eetre des horloges. Il veut tourner la page des cinq derni\u00e8res ann\u00e9es Hollande. Les socialistes sont pr\u00e9venus, un soutien ne vaut pas investiture, mais viendra le jour o\u00f9 il faudra bien n\u00e9gocier&#8221; (Guillaume Tabard du &#8220;Figaro&#8221;; son du 29 mars) :  https:\/\/www.radioclassique.fr\/radio\/emissions\/matinale-de-radio-classique\/22630-2\/\n\n-&#8220;C&#8217;est presque bon signe que M. Gattaz ne nous appr\u00e9cie pas, car sa cr\u00e9dibilit\u00e9 est faible avec les promesses non tenues qu&#8217;il a faites. M. Macron enfile les perles. La seule chose dont on soit s\u00fbr, c&#8217;est qu&#8217;il s&#8217;inscrit dans l&#8217;Europe de Bruxelles que les Fran\u00e7ais ont rejet\u00e9e par r\u00e9f\u00e9rendum &#8221; (Louis Alliot, vice-pr\u00e9sident du FN; invit\u00e9 de &#8220;Mardi Politique&#8221;; vid\u00e9o) :  http:\/\/www.rfi.fr\/video\/20170328-louis-aliot-depute-europeen-vice-president-front-national\n\n-&#8220;Respecter le choix du peuple en Grande-Bretagne, c&#8217;est nouveau et int\u00e9ressant. C&#8217;est ce que nous voulons faire alors que le non au r\u00e9f\u00e9rendum constitutionnel n&#8217;a pas \u00e9t\u00e9 respect\u00e9. M. Macron est le candidat du syst\u00e8me&#8221; (David Rachline, directeur de campagne de la candidate du FN, qui a d\u00e9nonc\u00e9 le traitement r\u00e9serv\u00e9 \u00e0 Marine Le Pen par David Pujadas au &#8220;20 heures&#8221; de France 2. Il \u00e9tait l&#8217;invit\u00e9 de &#8220;Territoires d&#8217;Infos&#8221;; vid\u00e9o, amener le curseur sur 33:52) : https:\/\/www.dailymotion.com\/video\/x5gkkvk_invite-david-rachline-territoires-d-infos-29-03-2017_news\n\n-&#8220;Nous constatons une d\u00e9rive incontestable de France T\u00e9l\u00e9visions ces derni\u00e8res semaines&#8221; (il \u00e9tait l&#8217;invit\u00e9 du &#8220;Club de la Presse&#8221; d&#8217;Europe1; son) : http:\/\/www.europe1.fr\/emissions\/le-club-de-la-presse\/europe-soir-le-club-de-la-presse-david-rachline-29032017-3215543\n\n-&#8220;Marine Le Pen n&#8217;y va pas avec le dos de la cuill\u00e8re avec sa ni\u00e8ce&#8221; (Alba Ventura; vid\u00e9o) : http:\/\/www.rtl.fr\/actu\/politique\/presidentielle-2017-marine-le-pen-n-y-va-pas-avec-le-dos-de-la-cuillere-avec-sa-niece-7787863361\n\n<strong>-A Forbach en Moselle, &#8220;la d\u00e9sillusion \u00e0 l&#8217;\u00e9gard du politique est grande&#8221; (Claire Chaudi\u00e8re; son) : <\/strong> https:\/\/www.franceinter.fr\/emissions\/le-zoom-de-la-redaction\/le-zoom-de-la-redaction-29-mars-2017\n\n<em>-Radiographie des votes ouvriers (J\u00e9r\u00f4me Fourquet de la Fondation Jean-Jaur\u00e8s) : <\/em> https:\/\/jean-jaures.org\/nos-productions\/radiographie-des-votes-ouvriers?utm_content=buffer0bc92&#038;utm_medium=social&#038;utm_source=twitter.com&#038;utm_campaign=buffer\n\n<em>-Enqu\u00eate d&#8217;opinion aupr\u00e8s des enseignants (IFOP) :<\/em> http:\/\/www.ifop.com\/?option=com_publication&#038;type=poll&#038;id=3707\n\n<em>-Les Fran\u00e7ais et le vote blanc (IFOP)<\/em> : http:\/\/www.ifop.com\/?option=com_publication&#038;type=poll&#038;id=3708\n\n<em>-Les intentions de vote \u00e0 l&#8217;\u00e9lection pr\u00e9sidentielle (ELABE) :<\/em> http:\/\/elabe.fr\/intentions-de-vote-election-presidentielle-2017-7\/\n\n<em>-Les intentions de vote au 29 mars (IFOP) :<\/em> http:\/\/dataviz.ifop.com:8080\/HNS\/HNSAdmin\/start.appli?appid=60930&#038;logonUser=USERWEB&#038;logonPswcd=ZnJhbmNvaXNF\n\n<em>-Le m\u00eame (OPINION-WAY) <\/em> : http:\/\/opinionlab.opinion-way.com\/opinionlab\/832\/627\/presitrack.html#m6\n\n<strong>EUROPE-MONDE<\/strong>\n\n<strong>-A l&#8217;initiative de &#8220;Politis&#8221;, Jacques G\u00e9n\u00e9reux et Thomas Piketty, deux \u00e9conomistes, l&#8217;un, soutien de Jean-Luc M\u00e9lenchon, l&#8217;autre de Beno\u00eet Hamon, d\u00e9battent de l&#8217;Europe (vid\u00e9o) <\/strong> : https:\/\/www.youtube.com\/watch?v=W-qHIyuwxQU&#038;feature=youtu.be \n\n<strong>-Le second, \u00e0 l&#8217;initiative de Mediapart, sur le m\u00eame sujet \u00e9tait face \u00e0 Eric Coquerel du Parti de Gauche (vid\u00e9o):<\/strong> https:\/\/www.youtube.com\/watch?v=DaAlM7ot_5w \n\n<strong>-Ce que contient la lettre de Theresa May d\u00e9clenchant le Brexit (Camille Adaoust): <\/strong> http:\/\/www.francetvinfo.fr\/monde\/europe\/la-grande-bretagne-et-l-ue\/partenariat-special-accord-ambitieux-ce-que-contient-la-lettre-de-theresa-may-declenchant-le-brexit_2120239.html\n\n<em>-La lettre d\u00e9clenchant l&#8217;article 50 (document en anglais \u00e0 t\u00e9l\u00e9charger) : <\/em> http:\/\/www.consilium.europa.eu\/en\/press\/press-releases\/2017\/03\/29-euco-50-statement-uk-notification\/\n\n-&#8220;Le Brexit est une affaire extr\u00eamement difficile \u00e0 mettre  en oeuvre pour tout le monde. Il faut trouver un accord sur un syst\u00e8me qui ressemble pour les Britanniques le plus \u00e0 celui qu&#8217;ils quittent. On a un probl\u00e8me croissant avec les pays de l&#8217;Est&#8221; (Jean-Louis Bourlanges, ancien eurod\u00e9put\u00e9; son du 29 mars) : https:\/\/www.radioclassique.fr\/radio\/emissions\/matinale-de-radio-classique\/l-invite-du-matin\/\n\n<strong>-L&#8217;inqui\u00e9tude des p\u00eacheurs fran\u00e7ais (vid\u00e9o) : <\/strong> http:\/\/www.francetvinfo.fr\/monde\/europe\/la-grande-bretagne-et-l-ue\/brexit-l-inquietude-des-pecheurs-francais_2120259.html\n\n<strong>-&#8220;Une Europe qui n&#8217;arrive pas \u00e0 se trouver une existence et qui est de plus en plus diversifi\u00e9e&#8221; (Emmanuel Dupuy, expert en g\u00e9opolitique; son) :<\/strong> https:\/\/www.franceinter.fr\/emissions\/meridien-d-europe\/meridien-d-europe-29-mars-2017\n\n<strong>-Donald Trump a sign\u00e9 un d\u00e9cret qui remet en cause le programme sur le climat de Barack Obama (Baptiste Gaborit; son du 29 mars) : <\/strong> https:\/\/www.radioclassique.fr\/radio\/emissions\/matinale-de-radio-classique\/3-minutes-planete\/\n\n<strong>CULTURE-MEDIA<\/strong>\n\n<strong>-&#8220;L&#8217;exception culturelle a du sens, plus que jamais&#8221; (Macha Make\u00efeff, directrice de &#8220;La Cri\u00e9e&#8221;, Th\u00e9\u00e2tre national de Marseille; invit\u00e9e d&#8217;Eric Delvaux; son) : <\/strong> www.franceinter.fr\/emissions\/l-invite-du-5-7\/l-invite-du-5-7-29-mars-2017\n\n-Dominique Bona, de l&#8217;Acad\u00e9mie fran\u00e7aise, invit\u00e9e de &#8220;Passion classique&#8221; d&#8217;Olivier Bellamy; son, du 28 mars) : https:\/\/www.radioclassique.fr\/radio\/emissions\/passion-classique\/\n\n<strong>-Pr\u00e8s d&#8217;Alicante en Espagne, la ville d&#8217;Orihela c\u00e9l\u00e8bre son po\u00e8te Miguel Hernandez (Anthony Bellanger; son) : <\/strong> https:\/\/www.franceinter.fr\/emissions\/les-histoires-du-monde\/les-histoires-du-monde-29-mars-2017\n\n-Jusqu&#8217;au 30 avril au Th\u00e9\u00e2tre de l&#8217;Oeuvre, &#8220;Sc\u00e8nes de la vie conjugale&#8221;, une pi\u00e8ce adapt\u00e9e de Bergman, avec Laeticia Casta (propos recueillis par Pierre Pinelli) : http:\/\/www.telerama.fr\/sortir\/laetitia-casta-on-m-a-dit-d-arreter-que-je-n-etais-pas-actrice,156049.php#xto\n\n<strong>-&#8220;Les mues de Scarlett Johansson&#8221; (Caroline Besse; vid\u00e9os) :  <\/strong>   http:\/\/www.telerama.fr\/cinema\/scarlett-johansson-les-mues-de-la-muse-sf,156035.php#xtor    \n\n<strong>-Les films de la semaine dans &#8220;Cin\u00e9rama&#8221; avec les critiques Samuel Douhaire et Jacques Morice (vid\u00e9o) :<\/strong> http:\/\/www.telerama.fr\/cinema\/cinerama-l-emission-cinema-felicite-orpheline,156034.php#xtor   \n  \n-Ad\u00e8le Haenel et Ad\u00e8le Exarchopoulos parlent de &#8220;Orpheline&#8221;, le film d&#8217;Arnaud des Palli\u00e8res qu&#8217;elles interpr\u00e8tent  (entretien de Louis Guichard; vid\u00e9o) :                                           http:\/\/www.telerama.fr\/cinema\/le-film-de-la-semaine-adele-haenel-et-adele-exarchopoulos-nous-parlent-d-orpheline,155955.php#xtor\n\n<strong>-Aujourd&#8217;hui, dernier jour pour d\u00e9couvrir le danseur de hip-hop Amala Dianor au Centquatre \u00e0 Paris (Belinda Mathieu; vid\u00e9os)<\/strong> : http:\/\/www.telerama.fr\/sortir\/amala-dianor-fait-s-envoler-la-danse-hip-hop,155945.php#xto\n\n<strong>-Retrouver The Gist avec Fran\u00e7ois Gorin  (son) : <\/strong> http:\/\/www.telerama.fr\/musique\/the-gist-quai-des-brumes-de-chaleur,156037.php#xtor=EPR-126-newsletter_tra-20170329\n\n-Sur Youtube, &#8220;les prolos du rugby&#8221; (Nicolas Delesalle; vid\u00e9os) : http:\/\/television.telerama.fr\/television\/le-rugby-des-placages-rates,155846.php#xtor\n\n<strong>-&#8220;Le journal des Pr\u00e9sidents&#8221;, un ouvrage de BD de Cabu (Nicolas Domenach; vid\u00e9o) <\/strong> : http:\/\/www.dailymotion.com\/video\/x5gkv4z_nicolas-domenach-quand-cabu-croque-les-candidats-a-la-presidentielle_news\n\n-&#8220;Coup de gueule de Nicolas Sarkozy contre la presse&#8221; (Thomas Legrand; son) : https:\/\/www.franceinter.fr\/emissions\/l-edito-politique\/l-edito-politique-29-mars-2017\n\n-Jean-Luc M\u00e9lenchon refuse de participer au d\u00e9bat \u00e0 la date fix\u00e9e par France 2 (Michel Bezbakh) : http:\/\/television.telerama.fr\/television\/melenchon-france-2-l-impossible-debat,156065.php#xtor\n\n-&#8220;Il refuse d&#8217;\u00eatre de la chair \u00e0 buzz&#8221; (J\u00e9r\u00f4me Ivanichtchenko; vid\u00e9o) : http:\/\/www.europe1.fr\/emissions\/le-fait-medias-du-jour\/jean-luc-melenchon-a-refuse-linvitation-du-debat-de-france-2-3215000\n\n-&#8220;Panique \u00e0 bord chez France 2. La date choisie l&#8217;\u00e9tait pour l&#8217;audience&#8221; (Marc Baudriller; son du 29 mars) : https:\/\/www.radioclassique.fr\/radio\/emissions\/matinale-de-radio-classique\/la-vie-des-medias\/\n\n-&#8220;On a bien vu sur France 2 hier la diff\u00e9rence de traitement de M. Pujadas avec Marine Le Pen&#8221; (David Rachline, son directeur de campagne; vid\u00e9o) : https:\/\/www.publicsenat.fr\/article\/politique\/rachline-met-en-cause-la-neutralite-de-france-televisions-58000\n\n<strong>-&#8220;Sur M6, la chasse aux fonctionnaires est ouverte&#8221;  (Samuel Gontier) : <\/strong> http:\/\/television.telerama.fr\/television\/sur-m6-la-chasse-aux-fonctionnaires-est-ouverte,156064.php#xtor\n\n<strong>-Sur France Culture, la bonne table d&#8217;Olivia Cesbert (Carole Lefran\u00e7ois; son) :<\/strong> http:\/\/www.telerama.fr\/radio\/olivia-gesbert-la-bonne-copine-du-dejeuner-sur-france-culture,155571.php#xtor\n\n-Dans &#8220;Vu&#8221; de Patrick Menais sur France 2, Bernard de La Villardi\u00e8re de M6 fumant un joint (vid\u00e9o) : http:\/\/www.telerama.fr\/medias\/l-inenarrable-bernard-de-la-villardiere-plane-dans-le-vu-du-jour,156069.php#xtor\n\n-Trump dans un gros camion (J\u00e9r\u00e9mie Maire; vid\u00e9o en anglais) : http:\/\/www.telerama.fr\/monde\/trump-dans-un-gros-camion-de-la-realite-au-conte-pour-enfants,156074.php#xtor\n\n<strong>-&#8220;Manuel Valls, je le remercie de me mettre dans la merde&#8221; (Emmanuel Macron, imit\u00e9 par Nicolas Canteloup, en pr\u00e9sence du mod\u00e8le; vid\u00e9o) : <\/strong> http:\/\/www.dailymotion.com\/video\/x5gkqv6_macron-sur-le-soutien-de-valls-je-le-remercie-de-me-mettre-dans-la-merde_news\n\n-&#8220;Les Fran\u00e7ais d&#8217;accord avec Marine&#8221; (Guillaume Meurice; vid\u00e9o) : https:\/\/www.youtube.com\/watch?v=JkshFEQGIcc&#038;feature=youtu.be\n\n<strong>-&#8220;Le Medef cherche un candidat&#8221; (vid\u00e9o) <\/strong> : http:\/\/www.dailymotion.com\/video\/x5giqu6_le-medef-se-cherche-un-candidat-le-moment-meurice_fun\n\n<strong>-&#8220;Fillon, il aime l&#8217;argent, non?&#8221; (Didier Porte; vid\u00e9o) : <\/strong> https:\/\/www.youtube.com\/watch?v=iAIFx7DPu40\n\n<strong>-&#8220;En marche, oui. Mais loin de nous !&#8221; (Nicole Ferroni; vid\u00e9o) : <\/strong> http:\/\/www.dailymotion.com\/video\/x5gkvhi_en-marche-oui-mais-loin-de-nous-le-billet-de-nicole-ferroni_fun\n<h2 class=\"wp-block-heading\">Documents joints<\/h2>\n\n\n\n<div class=\"wp-block-file\"><a href=\"https:\/\/wp.muchomaas.com\/wp-content\/uploads\/2017\/03\/edito_hd-5-a8c.pdf\">edito_hd-5.pdf<\/a><\/div>\n\n\n\n<div class=\"wp-block-file\"><a href=\"https:\/\/wp.muchomaas.com\/wp-content\/uploads\/2017\/03\/dans_sa_campagne-1b6.pdf\">dans_sa_campagne.pdf<\/a><\/div>\n\n\n","protected":false},"excerpt":{"rendered":"<p>ACTUALITE -&#8220;L&#8217;accord sur l&#8217;assurance ch\u00f4mage est responsable et difficile. On va enlever la sur-cotisation sur les contrat courts. On croit au paritarisme. Le programme de Fran\u00e7ois Fillon, c&#8217;est tr\u00e8s bien. Celui d&#8217;Emmanuel Macron va dans le bon sens mais pas assez loin&#8221; (Pierre Gattaz, pr\u00e9sident du Medef; interrog\u00e9 par Elizabeth Martichoux; vid\u00e9o) : http:\/\/www.rtl.fr\/actu\/politique\/pierre-gattaz-sur-rtl-l-accord-sur-l-unedic-est-responsable-et-difficile-7787864119 -&#8220;Un [&hellip;]<\/p>\n","protected":false},"author":1042,"featured_media":0,"comment_status":"open","ping_status":"open","sticky":false,"template":"","format":"standard","meta":{"_themeisle_gutenberg_block_has_review":false,"footnotes":""},"categories":[151],"tags":[],"class_list":["post-10294","post","type-post","status-publish","format-standard","hentry","category-la-revue-de-presse-de-lulu"],"_links":{"self":[{"href":"https:\/\/archives.regards.fr\/index.php?rest_route=\/wp\/v2\/posts\/10294","targetHints":{"allow":["GET"]}}],"collection":[{"href":"https:\/\/archives.regards.fr\/index.php?rest_route=\/wp\/v2\/posts"}],"about":[{"href":"https:\/\/archives.regards.fr\/index.php?rest_route=\/wp\/v2\/types\/post"}],"author":[{"embeddable":true,"href":"https:\/\/archives.regards.fr\/index.php?rest_route=\/wp\/v2\/users\/1042"}],"replies":[{"embeddable":true,"href":"https:\/\/archives.regards.fr\/index.php?rest_route=%2Fwp%2Fv2%2Fcomments&post=10294"}],"version-history":[{"count":0,"href":"https:\/\/archives.regards.fr\/index.php?rest_route=\/wp\/v2\/posts\/10294\/revisions"}],"wp:attachment":[{"href":"https:\/\/archives.regards.fr\/index.php?rest_route=%2Fwp%2Fv2%2Fmedia&parent=10294"}],"wp:term":[{"taxonomy":"category","embeddable":true,"href":"https:\/\/archives.regards.fr\/index.php?rest_route=%2Fwp%2Fv2%2Fcategories&post=10294"},{"taxonomy":"post_tag","embeddable":true,"href":"https:\/\/archives.regards.fr\/index.php?rest_route=%2Fwp%2Fv2%2Ftags&post=10294"}],"curies":[{"name":"wp","href":"https:\/\/api.w.org\/{rel}","templated":true}]}}