{"id":10292,"date":"2017-03-29T06:52:26","date_gmt":"2017-03-29T04:52:26","guid":{"rendered":"https:\/\/wp.muchomaas.com\/article-la-revue-du-29-mars-2017\/"},"modified":"2023-06-23T23:24:23","modified_gmt":"2023-06-23T21:24:23","slug":"article-la-revue-du-29-mars-2017","status":"publish","type":"post","link":"https:\/\/archives.regards.fr\/?p=10292","title":{"rendered":"La Revue du 29 mars 2017"},"content":{"rendered":"<strong>ACTUALITE<\/strong>\n\n-&#8220;Ici, en Guyane, on ne parle que du m\u00e9pris et de la c\u00e9cit\u00e9 du gouvernement&#8221; (le d\u00e9put\u00e9 GDR Gabriel Servil; interrog\u00e9 par Guillaume Durand; son du 28 mars) : https:\/\/www.radioclassique.fr\/radio\/emissions\/matinale-de-radio-classique\/l-invite-du-matin\/ \n\n<strong>-&#8220;C&#8217;est l&#8217;expression d&#8217;une exasp\u00e9ration. C&#8217;est toute la soci\u00e9t\u00e9 qui gronde&#8221; (Jean-Michel Martial, pr\u00e9sident du Conseil repr\u00e9sentatif des Fran\u00e7ais d&#8217;Outre-mer; invit\u00e9 de Thomas Sotto; vid\u00e9o) : <\/strong>  http:\/\/www.dailymotion.com\/video\/x5ghdij_jean-michel-martial-c-est-l-expression-d-une-exasperation-c-est-tout-la-societe-qui-gronde_news\n\n-&#8220;On demande un vrai plan de d\u00e9veloppement&#8221; (St\u00e9phane Lambert, pr\u00e9sident du Medef de Guyane qui se trouve avec les gr\u00e9vistes; interrog\u00e9 par Marc-Olivier Fogiel; son) : http:\/\/www.rtl.fr\/actu\/societe-faits-divers\/guyane-on-demande-un-veritable-plan-de-developpement-dit-le-patronat-local-7787845775\n\n<strong>-&#8220;Il ne s&#8217;agit pas de faire comme si la Guyane \u00e9tait le Far West. Il faut engager l&#8217;appareil d&#8217;Etat au plus haut niveau. On ne peut jamais avoir le dernier mot contre la g\u00e9ographie. Il n&#8217;y a pas de convergences politiques entre Macron et Valls&#8221; (Christiane Taubira, ancienne garde des Sceaux; invit\u00e9e d&#8217;Elizabeth Martichoux; vid\u00e9o) : <\/strong> http:\/\/www.rtl.fr\/actu\/politique\/christiane-taubira-sur-rtl-il-n-y-a-pas-de-convergences-politiques-entre-macron-et-valls-7787851633\n\n<strong>-&#8220;Les populations se sont prises en charge \u00e0 travers ces mouvements&#8221; (le sociologue et d\u00e9mographe Claude-Valentin Marie, conseiller pour l&#8217;Outre-mer \u00e0 la direction de l&#8217;Institut national d&#8217;\u00e9tudes d\u00e9mographiques; invit\u00e9 de Guillaume Erner; son et vid\u00e9o) : <\/strong> https:\/\/www.franceculture.fr\/emissions\/linvite-des-matins-2eme-partie\/guyane-t-abandonne-les-dom#xtor\n\n-&#8220;Tant que l&#8217;on mettra de la pommade sur les plaies, il y aura des crises&#8221; (Alba Ventura; vid\u00e9o) :  http:\/\/www.rtl.fr\/actu\/politique\/guyane-tant-qu-on-mettra-de-la-pommade-sur-les-plaies-il-y-aura-des-crises-dit-alba-ventura-7787849055\n\n-&#8220;Une \u00e9lection ne r\u00e9glera pas la totalit\u00e9 des probl\u00e8mes qui plongent depuis des ann\u00e9es la Guyane et Mayotte dans la crise &#8221; (Alain Duhamel; vid\u00e9o) : http:\/\/www.rtl.fr\/actu\/politique\/une-election-ne-reglera-pas-les-problemes-eternels-de-la-guyane-dit-duhamel-7787845831\n\n<strong>-&#8220;On a une vision partielle de ce qui se passe en France&#8221; (Jean-Marie Godard, co-auteur de &#8220;La France qui gronde&#8221;; invit\u00e9 d&#8217;Eric Delvaux; son) : <\/strong>  https:\/\/www.franceinter.fr\/emissions\/l-invite-du-5-7\/l-invite-du-5-7-28-mars-2017\n\n<strong>-Sans la CGT, un accord patronat-syndicats sur l&#8217;assurance ch\u00f4mage (Le\u00efla de Comarmond) <\/strong> : https:\/\/www.lesechos.fr\/economie-france\/social\/0211924105253-patronat-et-syndicats-arrachent-un-large-accord-sur-lassurance-chomage-2076066.php\n\n-&#8220;L&#8217;augmentation de la cotisation patronale est un tr\u00e8s mauvais signal donn\u00e9 en pleine campagne \u00e9lectorale&#8221; (Laurence Parisot, ancienne pr\u00e9sidente du Medef; interrog\u00e9e par Olivier Galzi sur CNews; vid\u00e9o) : http:\/\/www.cnews.fr\/chroniques\/linvite-dolivier-galzi\/laurence-parisot-invitee-dolivier-galzi-174044 \n\n<strong>-&#8220;En taxant les \u00e9changes financiers \u00e0 0,01% on pourrait \u00e9radiquer la mis\u00e8re&#8221; (Nicolas Hulot; entretien r\u00e9alis\u00e9 par Weronika Zarachowicz; vid\u00e9o) :  <\/strong> http:\/\/www.telerama.fr\/monde\/en-direct-nicolas-hulot-repond-a-vos-questions-a-partir-de-12h30,155857.php#xtor\n\n<strong>-&#8220;L&#8217;usine de retraitement de la Hague est-elle \u00e0 l&#8217;\u00e9preuve du pire ?&#8221; (Jean-Christophe F\u00e9raud) <\/strong> : http:\/\/www.liberation.fr\/futurs\/2017\/03\/27\/l-usine-de-retraitement-de-la-hague-est-elle-a-l-epreuve-du-pire_1558737?xtor=EPR-450206&#038;utm_source\n\n<strong>-&#8220;La Hague, entrep\u00f4t provisoire de d\u00e9chets nucl\u00e9aires&#8230;depuis 40 ans&#8221; : <\/strong> http:\/\/www.liberation.fr\/futurs\/2017\/03\/27\/la-hague-entrepot-temporaire-de-dechets-nucleaires-depuis-40-ans_1558739\n\n-&#8220;Le nucl\u00e9aire fait de l&#8217;oeil aux \u00e9nergies renouvelables &#8221; (Nathalie Fontrel; son) : https:\/\/www.franceinter.fr\/emissions\/planete-environnement\n\n-&#8220;Plus d&#8217;un tiers de la facture (d&#8217;\u00e9lectricit\u00e9) est fait de taxes&#8221; (Daniel Fava, directeur de l&#8217;op\u00e9rateur italien ENI qui vient concurrencer EDF sur le march\u00e9 fran\u00e7ais; interrog\u00e9 par Nicolas Pierron; vid\u00e9o) : https:\/\/www.dailymotion.com\/video\/x5ghjws_plus-d-un-tiers-de-la-facture-du-consommateur-est-faite-de-taxes-daniel-fava-28-03-2017_news\n\n<em>-&#8220;A RTE (R\u00e9seau de Transport de l&#8217;Electricit\u00e9), court-circuitons le r\u00e9f\u00e9rendum d&#8217;entreprise !&#8221; (la CGT) :<\/em> http:\/\/www.cgt.fr\/Court-circuitons-le-referendum-d.html\n\n-A Vierzon dans le Cher, un quart des boutiques du centre-ville sont vides (vid\u00e9o) : http:\/\/www.bfmtv.com\/mediaplayer\/video\/en-campagne-a-vierzon-les-commercants-delaissent-le-centre-ville-au-profit-du-centre-commercial-928397.html\n\n-Des \u00e9leveurs bretons se regroupent dans un collectif pour commercialiser eux-m\u00eames leur lait (vid\u00e9o) : http:\/\/www.francetvinfo.fr\/economie\/emploi\/metiers\/agriculture\/lait-de-la-vache-aux-consommateurs_2118677.html\n\n-La CNIL appelle \u00e0 pr\u00e9parer l&#8217;application du r\u00e8glement europ\u00e9en sur la protection des donn\u00e9es (sa pr\u00e9sidente Isabelle Falque-Pierrotin, cit\u00e9e par Amaelle Guiton) : http:\/\/www.liberation.fr\/futurs\/2017\/03\/28\/protection-des-donnees-la-cnil-appelle-a-preparer-l-application-du-reglement-europeen_1558775?xtor\n\n<em>-Son rapport annuel pour l&#8217;ann\u00e9e 2016 (documents \u00e0 t\u00e9l\u00e9charger) :<\/em> https:\/\/www.cnil.fr\/fr\/bilan-2016-une-annee-dactivite-intense-marquee-par-ladoption-de-deux-textes-majeurs-pour-les-droits\n\n-La Ligue des droits de l&#8217;Homme r\u00e9clame la lib\u00e9ration d&#8217;Antonin Bernanos, \u00e9tudiant de 22 ans emprisonn\u00e9 depuis mai 2016 (Isma\u00ebl Halissat) :  http:\/\/www.liberation.fr\/france\/2017\/03\/27\/voiture-de-police-brulee-a-paris-la-detention-interminable-d-antonin-bernanos_1558706?xtor\n\n-Un ressortissant chinois tu\u00e9 par un policier (vid\u00e9o) : http:\/\/www.francetvinfo.fr\/faits-divers\/police\/mort-d-un-chinois-a-paris-des-affrontements-avec-la-police_2118709.html\n\n-La situation de tr\u00e8s jeunes migrants pr\u00e9occupe les habitants d&#8217;un quartier de la capitale (vid\u00e9o) : http:\/\/www.francetvinfo.fr\/monde\/europe\/migrants\/mineurs-isoles-la-situation-de-tres-jeunes-migrants-preoccupe-dans-un-quartier-de-paris_2118635.html\n\n<strong>-Pour les pr\u00eatres p\u00e9dophiles, &#8220;la prescription est utilis\u00e9e comme moyen de protection. Il n&#8217;y a eu aucune sanction contre les coupables et ceux qui ont couvert leur actes&#8221; (Alexandre Dussot, co-fondateur de &#8220;La parole lib\u00e9r\u00e9e&#8221;, avec Christophe Henning, conseiller \u00e9ditorial de l&#8217;hebdomadaire &#8220;P\u00e8lerin&#8221;; invit\u00e9s d&#8217;Yves Calvi; vid\u00e9o) :<\/strong> http:\/\/www.rtl.fr\/actu\/societe-faits-divers\/pretres-pedophiles-la-prescription-est-utilisee-par-l-eglise-comme-outil-de-protection-7787849680\n\n-Penelope Fillon mise en examen notamment pour &#8220;complicit\u00e9 et recel de d\u00e9tournements de fonds publics&#8221; : http:\/\/www.lemonde.fr\/affaire-penelope-fillon\/article\/2017\/03\/28\/soupcons-d-emplois-fictifs-penelope-fillon-mise-en-examen_5102234_5070021.html#xtor\n\n-R\u00e9actions chez Olivier Galzi sur CNews (vid\u00e9o) : http:\/\/www.cnews.fr\/chroniques\/le-grand-decryptage\/le-grand-decryptage-du-28032017-174047\n\n<strong>POLITIQUE<\/strong>\n\n-&#8220;Les \u00e9lecteurs avec qui nous discutons s&#8217;y retrouvent parfaitement. Je suis plus soucieux de rassembler les forces de gauche que de souligner les diff\u00e9rences. Les chiffres montrent que nous pourrions remporter cette \u00e9lection&#8221; (Pierre Laurent, interrog\u00e9 sur &#8220;France Bleue Savoie&#8221;; son) : \nhttps:\/\/www.francebleu.fr\/infos\/politique\/invite-pierre-laurent-secretaire-national-du-parti-communiste-francais-1490681539\n\n-Jean-Luc M\u00e9lenchon planchait devant le WWF sur son programme environnemental (Baptiste Gaborit; son du 28 mars) :https:\/\/www.radioclassique.fr\/radio\/emissions\/matinale-de-radio-classique\/3-minutes-planete\/\n\n<strong>-Son entretien avec Pascal Canfin, directeur g\u00e9n\u00e9ral du WWF France (vid\u00e9o) : <\/strong> https:\/\/www.youtube.com\/watch?v=LcTES8fuM1o\n\n<strong>-Sur le camion des insoumis \u00e0 Dieppe (vid\u00e9o) : <\/strong>        \nhttps:\/\/www.youtube.com\/watch?v=IVb26kBJTww\n\n-&#8220;Il faut enlever les moyens de nuire au capitalisme&#8221; (Philippe Poutou, candidat du NPA \u00e0 l&#8217;\u00e9lection pr\u00e9sidentielle , invit\u00e9 d&#8217;Alexandra Bensaid; vid\u00e9o) : http:\/\/www.dailymotion.com\/video\/x5ghc3p_philippe-poutou-il-faut-enlever-des-moyens-de-nuire-au-capitalisme_news\n\n-&#8220;Je n&#8217;attribue pas la faute sur la Guyane au parti socialiste et au gouvernement&#8221;  (Fran\u00e7ois Kalfon, conseiller r\u00e9gional PS d&#8217;Ile-de-France, soutien de Beno\u00eet Hamon;  oppos\u00e9 \u00e0 Florence Portelli, porte-parole de Fran\u00e7ois Fillon; son du 27 mars) :    https:\/\/www.radioclassique.fr\/radio\/emissions\/le-19h20h\/grand-debat-soir\/\n\n-&#8220;A Berlin, Beno\u00eet Hamon veut se retrouver du poids&#8221; (Lilian Alemagna) : http:\/\/www.liberation.fr\/elections-presidentielle-legislatives-2017\/2017\/03\/28\/a-berlin-hamon-veut-se-retrouver-du-poids_1558693?xtor\n\n-&#8220;J&#8217;ai propos\u00e9 \u00e0 Angela Merkel un trait\u00e9 de d\u00e9mocratisation de la zone euro&#8221; (Beno\u00eet Hamon; vid\u00e9o) : http:\/\/www.bfmtv.com\/mediaplayer\/video\/benoit-hamon-a-propose-a-angela-merkel-un-traite-de-democratisation-de-la-zone-euro-928341.html\n\n-&#8220;Le complexe allemand des candidats fran\u00e7ais&#8221; (Yves Thr\u00e9ard du &#8220;Figaro&#8221;; vid\u00e9o) :http:\/\/www.dailymotion.com\/video\/x5gh9nk_le-complexe-allemand-des-candidats-francais_news \n\n-&#8220;Comment Hamon est squeez\u00e9 par Macron et M\u00e9lenchon&#8221;  (S\u00e9bastien Billard;) : http:\/\/tempsreel.nouvelobs.com\/presidentielle-2017\/20170327.OBS7179\/strategie-electorat-programme-comment-hamon-est-squeeze-par-macron-et-melenchon.html#xtor\n\n-&#8220;Nous avons voulu faire la transparence sur la dur\u00e9e du travail dans la Fonction publique. Nous rappelons la r\u00e8gle des 35 heures pour qu&#8217;elle s&#8217;applique partout&#8221; (Annick Girardin, ministre de la Fonction publique; interrog\u00e9e par Jean-Pierre Elkabbach; vid\u00e9o) : http:\/\/www.cnews.fr\/chroniques\/linterview-de-jean-pierre-elkabbach\/annick-girardin-invitee-de-jean-pierre-elkabbach-174019\n\n-&#8220;Non, il n&#8217;y a pas plus de fonctionnaires !&#8221; (Fran\u00e7ois Langlet; vid\u00e9o) : http:\/\/www.rtl.fr\/actu\/societe-faits-divers\/francois-lenglet-non-les-fonctionnaires-ne-sont-pas-toujours-plus-nombreux-7787849344\n\n<em>-L&#8217;\u00e9tude de l&#8217;INSEE (documents \u00e0 t\u00e9l\u00e9charger) :<\/em> https:\/\/www.insee.fr\/fr\/statistiques?idprec=2012758&#038;categorie=1\n\n-&#8220;L&#8217;enjeu pour le PS ce n&#8217;est plus de gagner, mais comment ne pas casser le jouet. Basculer dans le vote utile pour Macron ou aider Hamon pour le sauvetage du PS ?&#8221; (Christophe Barbier; vid\u00e9o) : http:\/\/www.bfmtv.com\/mediaplayer\/video\/jerome-chartier-face-a-jean-jacques-bourdin-en-direct-928303.html\n\n-&#8220;Les Fran\u00e7ais ne se l\u00e8vent pas le matin en se demandant s&#8217;ils vont passer une bonne journ\u00e9e de droite ou une bonne journ\u00e9e de gauche&#8221; (Fran\u00e7ois Patriat, s\u00e9nateur PS de la C\u00f4te-d&#8217;Or, soutien d&#8217;Emmanuel Macron; face \u00e0 Fr\u00e9d\u00e9ric Rivi\u00e8re; vid\u00e9o) : http:\/\/www.rfi.fr\/video\/20170328-f-patriat-francais-levent-pas-demandant-s-ils-vont-passer-une-bonne-journee\n\n-&#8220;Avec quelle majorit\u00e9 pourrait gouverner Emmanuel Macron ?&#8221; (Dominique Perben, ancien garde des Sceaux chiraquien qui le soutient; invit\u00e9 de Guillaume Erner; son) : \nhttps:\/\/www.franceculture.fr\/emissions\/linvite-des-matins\/avec-quelle-majorite-pourrait-gouverner-emmanuel-macron\n\n-Il \u00e9tait aussi l&#8217;invit\u00e9 de Laurence Ferrari sur CNews (vid\u00e9o) : http:\/\/www.cnews.fr\/chroniques\/linvite-de-laurence-ferrari\/dominique-perben-invite-de-laurence-ferrari-174039\n\n<strong>-&#8220;Le gouvernement ne peut pas se contenter de regarder de l&#8217;ext\u00e9rieur ce qui se passe en Guyane. On a fait des promesses qui comme toujours ont fini dans les sables. Cette campagne r\u00e9v\u00e8le le caract\u00e8re d\u00e9compos\u00e9 des deux partis qui depuis des ann\u00e9es se partagent le pouvoir &#8230;et qui se tiennent par la barbichette. Le centre est de nouveau le lieu rayonnant de la politique fran\u00e7aise&#8221;  (Fran\u00e7ois Bayrou, pr\u00e9sident du MoDem; invit\u00e9 de &#8220;L&#8217;Epreuve de V\u00e9rit\u00e9&#8221;; vid\u00e9o) : <\/strong> https:\/\/www.publicsenat.fr\/emission\/l-epreuve-de-verite\/invite-francois-bayrou-56332\n\n-Cabinet noir, &#8220;seul le procureur peut d\u00e9cider ou non d&#8217;ouvrir une enqu\u00eate&#8221; (Me Jean-Pierre Mignard, soutien d&#8217;Emmanuel Macron; face \u00e0 Yves Calvi) : http:\/\/www.lci.fr\/replay\/l-invite-de-24-heures-en-questions-du-27-mars-2017-jean-pierre-mignard-avocat-et-soutien-d-emmanuel-macron-2030562.html\n\n-&#8220;Macron maintient Valls \u00e0 distance&#8221; (vid\u00e9o) : https:\/\/www.publicsenat.fr\/article\/politique\/macron-maintient-valls-a-distance-57979\n\n-&#8220;Les Fran\u00e7ais d&#8217;Outre-mer ne sont pas des Fran\u00e7ais \u00e0 part. Faire campagne pour Fran\u00e7ois Fillon en gardant sa libert\u00e9&#8221; (G\u00e9rard Larcher, pr\u00e9sident LR du S\u00e9nat; invit\u00e9 de la matinale de Franceinfo; vid\u00e9o) : http:\/\/www.dailymotion.com\/video\/x5ghsei_presidentielle-gerard-larcher-fait-campagne-pour-francois-fillon-en-gardant-sa-liberte_news\n\n-&#8220;Depuis 2012, Fran\u00e7ois Hollande ne fait rien pour la Guyane. Je suis contre le principe de pr\u00e9caution, je suis pour essayer l&#8217;exploitation du gaz de schiste, d\u00e9j\u00e0 au large des c\u00f4tes guyanaises.  Il y a une volont\u00e9 d\u00e9termin\u00e9e que Fran\u00e7ois Fillon ne soit pas le prochain pr\u00e9sident&#8221; (J\u00e9r\u00f4me Chartier, conseiller sp\u00e9cial de Fran\u00e7ois Fillon, en difficult\u00e9 face \u00e0 Jean-Jacques Bourdin; vid\u00e9o) :  http:\/\/www.bfmtv.com\/mediaplayer\/video\/jerome-chartier-face-a-jean-jacques-bourdin-en-direct-928303.html\n\n-&#8220;La bonne strat\u00e9gie, c&#8217;est de parler du projet. Les Fran\u00e7ais n&#8217;auront pas choisi leur pr\u00e9sident&#8221; (Jean-Christophe Lagarde, pr\u00e9sident de l&#8217;UDI, soutien de Fran\u00e7ois Fillon; invit\u00e9 de &#8220;Territoires d&#8217;Infos&#8221;; vid\u00e9o, amener le curseur sur 33:42 : https:\/\/www.dailymotion.com\/video\/x5ghegc_invite-jean-christophe-lagarde-territoires-d-infos-28-03-2017_news\n\n-&#8220;Moi, je ne dis pas que la Guyane est une \u00eele. Manuel Valls, il y a un an et demi , situait la R\u00e9union dans le Pacifique, ce qui montre le niveau de nos dirigeants.  Nous n&#8217;avons plus d&#8217;argent \u00e0 donner \u00e0 l&#8217;Outre-mer, tout est pris par l&#8217;Union europ\u00e9enne qui veut se d\u00e9barrasser de la Guyane. Il faut en sortir&#8221; (Fran\u00e7ois Asselineau, candidat de l&#8217;UPR \u00e0 l&#8217;\u00e9lection pr\u00e9sidentielle; interrog\u00e9 par Caroline Roux; vid\u00e9o) : http:\/\/www.france2.fr\/emissions\/telematin\/actu\/les-4-verites-francois-asselineau_562135\n\n-&#8220;Il est normal que le Pr\u00e9sident de la R\u00e9publique soit inform\u00e9 de ce qui se passe dans le pays. Le quinquennat de Fran\u00e7ois Hollande est un trou&#8221; (Philippe Tesson; vid\u00e9o) : https:\/\/www.dailymotion.com\/video\/x5ghkul_le-quinquennat-de-francois-hollande-est-un-grand-trou-philippe-tesson-28-03-2017_news\n\n-&#8220;Philippe de Villiers nous rejoint, je serais tr\u00e8s honor\u00e9 si Henri Guaino le faisait. Pour la Guyane, qu&#8217;a fait  l&#8217;ind\u00e9pendantiste Christiane Taubira quand elle \u00e9tait au gouvernement ? Depuis Fran\u00e7ois Mitterrand, on sait qu&#8217;il y a un cabinet noir&#8221; (Gilbert Collard, d\u00e9put\u00e9 apparent\u00e9 FN du Gard; interrog\u00e9 par Guillaume Durand; vid\u00e9o) : https:\/\/www.dailymotion.com\/video\/x5ghkc6_le-dossier-francois-fillon-existe-independamment-de-la-revelation-gilbert-collard-28-03-2017_news\n\n-&#8220;Elle est raide&#8221; (Marine Le Pen parlant de sa ni\u00e8ce, cit\u00e9e par Guillaume Tabard; son du 28 mars) : https:\/\/www.radioclassique.fr\/radio\/emissions\/matinale-de-radio-classique\/22630-2\/\n\n-Elle \u00e9tait l&#8217;invit\u00e9e de &#8220;L&#8217;Entretien politique&#8221; sur France 2; face \u00e0 David Pujadas et Fran\u00e7ois Lenglet (vid\u00e9o) : http:\/\/www.france2.fr\/emission\/lentretien-politique\/diffusion-du-28-03-2017-20h35\n\n-&#8220;Grand oral au Medef pour quatre candidats&#8221; (vid\u00e9o) : http:\/\/www.lcp.fr\/la-politique-en-video\/grand-oral-au-medef-de-quatre-candidats-la-presidentielle\n\n-Fran\u00e7ois Fillon, Marine Le Pen (vid\u00e9os int\u00e9grales) : https:\/\/www.youtube.com\/watch?v=SF3DNuanMs8                                            https:\/\/www.youtube.com\/watch?v=DhJ6qVvqBeM\n\n-&#8220;Les patrons ne peuvent pas se passer de parler avec une candidate qui dans quelques semaines sera peut-\u00eatre pr\u00e9sidente de la R\u00e9publique&#8221; (Louis Alliot, vice-pr\u00e9sident du FN; face \u00e0 Fran\u00e7ois-Xavier M\u00e9nage; vid\u00e9o) :  http:\/\/www.lci.fr\/replay\/l-invite-politique-de-8h15-du-28-mars-2017-louis-aliot-vice-president-du-fn-et-depute-europeen-2030479.html%3Ftype\n\n<strong>-&#8220;Sur le Front d&#8217;Avignon&#8221;, quelques le\u00e7ons tir\u00e9es des \u00e9lections r\u00e9gionales de 2015 (Christ\u00e8le Marchand-Lagier et Jessica Sainty) : <\/strong> http:\/\/www.laviedesidees.fr\/Sur-le-Front-d-Avignon.html\n\n<strong>-&#8220;Les sondages&#8221; (Thomas Legrand; son) <\/strong> : https:\/\/www.franceinter.fr\/emissions\/l-edito-politique\/l-edito-politique-28-mars-2017\n\n<em>-Le barom\u00e8tre politique de mars (ODOXA) :<\/em> http:\/\/www.odoxa.fr\/sondage\/barometre-politique-de-mars-macron-melenchon-senvolent\/\n\n<em>-Les intentions de vote au 28 mars (OPINION-WAY) :<\/em> http:\/\/opinionlab.opinion-way.com\/opinionlab\/832\/627\/presitrack.html#m6\n\n<em>-Le m\u00eame (IFOP) <\/em> : http:\/\/dataviz.ifop.com:8080\/HNS\/HNSAdmin\/start.appli?appid=60930&#038;logonUser=USERWEB&#038;logonPswcd=ZnJhbmNvaXNF\n\n<strong>EUROPE-MONDE<\/strong>\n\n<em>-En 2016, 1,2 million primo-demandeurs d&#8217;asile ont \u00e9t\u00e9 enregistr\u00e9s dans l&#8217;Union europ\u00e9enne (Eurostat) :<\/em> http:\/\/ec.europa.eu\/eurostat\/documents\/2995521\/7921619\/3-16032017-BP-FR.pdf\/350605ce-f111-4c2d-8397-fd1eba00de5b\n\n-Des ONG r\u00e9clament \u00e0 Bruxelles un meilleur acc\u00e8s \u00e0 la justice environnementale pour les citoyens (James Crisp) : http:\/\/www.euractiv.fr\/section\/justice-affaires-interieures\/news\/pressure-grows-on-commission-to-change-environment-law-after-un-rebuke\/?nl_ref\n\n<strong>-Sept Etats europ\u00e9ens entendent se doter d&#8217;une informatique surpuissante (Fr\u00e9d\u00e9ric Simon) :<\/strong> http:\/\/www.euractiv.fr\/section\/economie\/news\/eu-hails-new-airbus-size-alliance-for-supercomputers\/?nl_ref\n\n<strong>-Bruxelles c\u00e8de \u00e0 Trump en autorisant la fusion de deux g\u00e9ants de l&#8217;agrochimie (Hannah Black et Sarantis Michalopoulos) : <\/strong> http:\/\/www.euractiv.fr\/section\/economie\/news\/commission-calms-trump-by-clearing-major-agro-chemical-merger\/?nl_ref\n\n-Les r\u00e9gions europ\u00e9ennes veulent un Erasmus pour les m\u00e9decins : http:\/\/www.euractiv.fr\/section\/sante-modes-de-vie\/news\/eu-regions-call-for-better-integration-of-healthcare-systems\/?nl_ref\n\n-&#8220;Les conservateurs allemands revigor\u00e9s apr\u00e8s les \u00e9lections dans la Saxe et en Bulgarie, ce sont aussi les conservateurs pro-europ\u00e9ens qui l&#8217;emportent&#8221; (Hughes Beaudoin; son du 27 mars) : https:\/\/www.radioclassique.fr\/radio\/emissions\/le-19h20h\/24h-en-europe\/\n\n-A Berlin, la paix c\u00e9l\u00e9br\u00e9e comme principale r\u00e9ussite de l&#8217;Union europ\u00e9enne (Arthur Holt) : http:\/\/www.euractiv.fr\/section\/avenir-de-l-ue\/interview\/berlins-march-for-europe-celebrates-erasmus-and-peace-in-our-time\/?nl_ref\n\n-L&#8217;Ecosse s&#8217;achemine vers un nouveau r\u00e9f\u00e9rendum avant le Brexit : http:\/\/www.euractiv.fr\/section\/royaume-uni-en-europe\/news\/lecosse-sachemine-vers-un-nouveau-referendum-a-la-veille-du-brexit\/?nl_ref\n\n-Les d\u00e9put\u00e9s \u00e9cossais l&#8217;ont d\u00e9cid\u00e9 hier, veille du d\u00e9clenchement du Brexit : http:\/\/www.huffingtonpost.fr\/2017\/03\/28\/l-cosse-demande-un-nouveau-referendum-sur-son-independance-du-r_a_22015662\/?utm_hp_ref\n\n-La Slov\u00e9nie veut \u00eatre dans le premier cercle d&#8217;une Europe \u00e0 plusieurs vitesses : http:\/\/www.euractiv.fr\/section\/avenir-de-l-ue\/news\/la-slovenie-veut-etre-dans-le-premier-cercle-dune-europe-a-plusieurs-vitesses\/?nl_ref\n\n-&#8220;La Bosnie-Herz\u00e9govine, un Etat p\u00eale-m\u00eale&#8221; (Zehra Sikias; son) : https:\/\/www.franceinter.fr\/emissions\/meridien-d-europe\/meridien-d-europe-28-mars-2017\n\n-&#8220;Deuxi\u00e8me alerte pour Vladimir Poutine&#8221; (Bernard Guetta; son) : https:\/\/www.franceinter.fr\/emissions\/geopolitique\/geopolitique-28-mars-2017\n\n<strong>-En Isra\u00ebl, &#8220;Je danserai si je veux&#8221;, le film d&#8217;une Palestinienne d\u00e9range (Etienne Monin; son) :<\/strong> https:\/\/www.franceinter.fr\/emissions\/grand-angle\/grand-angle-28-mars-2017\n\n-&#8220;Daech est dans une spirale infernale qui est vou\u00e9e \u00e0 l&#8217;\u00e9chec&#8221; (l&#8217;amiral Laurent Isnard, commandant des forces sp\u00e9ciales; interrog\u00e9 par Fabien Namias; son, amener le curseur sur 2:53) : http:\/\/www.europe1.fr\/emissions\/linterview-politique-de-8h20\/amiral-laurent-isnard-daech-est-dans-une-spirale-infernale-qui-est-vouee-a-lechec-3213746\n\n<strong>-&#8220;Au Maroc, seul l&#8217;argent permet de s&#8217;affranchir des interdits&#8221; (Dounia Hadni) : <\/strong> \nhttp:\/\/www.liberation.fr\/planete\/2017\/03\/27\/au-maroc-seul-l-argent-permet-de-s-affranchir-des-interdits_1558611?xtor\n\n-En C\u00f4te-d&#8217;Ivoire, le proc\u00e8s de Simone Gbagbo touche enfin \u00e0 sa fin (Anna Sylvestre-Treiner) : http:\/\/www.liberation.fr\/planete\/2017\/03\/27\/simone-gbagbo-la-justice-ivoirienne-peine-a-redresser-la-barre_1558718?xtor\n\n-&#8220;Elle est acquitt\u00e9e de crime contre l&#8217;humanit\u00e9&#8221; (S\u00e9bastien Hervieux) : http:\/\/www.lemonde.fr\/afrique\/article\/2017\/03\/28\/cote-d-ivoire-la-prison-a-vie-requise-contre-simone-gbagbo_5102114_3212.html#xtor\n\n<strong>-L&#8217;Ouganda accueille pr\u00e8s d&#8217;un million de r\u00e9fugi\u00e9s venus du Soudan du Sud, chass\u00e9s par la guerre civile (Olivier Poujade; son et vid\u00e9os) : <\/strong> https:\/\/www.franceinter.fr\/emissions\/le-zoom-de-la-redaction\/le-zoom-de-la-redaction-28-mars-2017\n\n<strong>-&#8220;Fran\u00e7ois Hollande freine le d\u00e9sarmement nucl\u00e9aire&#8221; (Paul Quil\u00e8s, ancien ministre de la D\u00e9fense; propos recueillis par Julie Lallou\u00ebt-Geffroy; avec \u00e0 t\u00e9l\u00e9charger, la lettre que lui a adress\u00e9e le Pr\u00e9sident de la R\u00e9publique) :<\/strong> https:\/\/reporterre.net\/Francois-Hollande-freine-le-desarmement-nucleaire\n\n<em>-&#8220;La France doit s&#8217;engager pour un monde sans armes nucl\u00e9aires&#8221; (le PCF) : <\/em> http:\/\/www.pcf.fr\/98146\n\n<strong>-&#8220;L&#8217;eau et les enfants face aux changements climatiques&#8221; (l&#8217;Unicef) :  <\/strong> https:\/\/www.unicef.fr\/contenu\/espace-medias\/journee-mondiale-de-leau-les-enfants-les-plus-pauvres-toujours-plus-durement-touches\n\n<strong>CULTURE-MEDIA<\/strong>\n\n-Jean-Luc M\u00e9lenchon, invit\u00e9 des &#8220;Mardis de l&#8217;ESSEC&#8221; \u00e0 Cergy (vid\u00e9o) : https:\/\/www.youtube.com\/watch?v=Ge0xqHjWZ-0\n\n<strong>-En compagnie de Blanca Li, Claire Chazal visite le Mus\u00e9e Rodin (vid\u00e9o) : <\/strong> http:\/\/www.france5.fr\/emissions\/entree-libre\/videos\/en_compagnie_de_blanca_li_decouvrez_le_musee_rodin_24-03-2017_1522205?onglet=tous&#038;page=1\n\n-Jusqu&#8217;au 3 septembre au Mus\u00e9e Picasso \u00e0 Paris, &#8220;Olga Picasso&#8221;, une exposition in\u00e9dite autour de la premi\u00e8re femme du peintre (Sophie Cachon) : http:\/\/www.telerama.fr\/sortir\/olga-picasso-une-muse-mysterieuse-a-l-influence-controversee,155855.php#xtor\n\n<strong>-Au Louvre-Lens, jusqu&#8217;au 26 juin, les myst\u00e8res des trois fr\u00e8res Le Nain (Val\u00e9rie Oddos; vid\u00e9o) : <\/strong> http:\/\/culturebox.francetvinfo.fr\/arts\/peinture\/les-mysteres-des-le-nain-au-louvre-lens-une-belle-lecon-d-histoire-de-l-art-254213\n\n-Les femmes \u00e0 l&#8217;honneur dans huit expositions parisiennes (B\u00e9n\u00e9dicte Philippe) : http:\/\/www.telerama.fr\/sortir\/a-paris-8-expositions-qui-mettent-les-femmes-a-l-honneur,155906.php#xtor\n\n<strong>-&#8220;La couturi\u00e8re Agn\u00e8s B, collectionneuse d&#8217;art et d\u00e9nicheuse de talents&#8221; (rencontre avec L\u00e9a Salam\u00e9; vid\u00e9o) : <\/strong> http:\/\/www.france2.fr\/emissions\/stupefiant\/videos\/linterview_agnes_b.__20-03-2017_1516995?onglet=tous&#038;page=1\n\n-La rocambolesque aventure du &#8220;Bauhaus fran\u00e7ais&#8221; (Xavier de Jarcy) : http:\/\/www.telerama.fr\/scenes\/la-rocambolesque-aventure-du-bauhaus-francais,155822.php#xtor\n\n-Christophe Ghristi nomm\u00e9 directeur artistique du Th\u00e9\u00e2tre du Capitole de Toulouse : http:\/\/culturebox.francetvinfo.fr\/opera-classique\/christophe-ghristi-nomme-directeur-artistique-du-theatre-du-capitole-de-toulouse-254231\n\n<strong>-Le contre-t\u00e9nor Luc Arbogast a commenc\u00e9 sa tourn\u00e9e \u00e0 l&#8217;Olympia apr\u00e8s la sortie de son album &#8220;Metamorphosis&#8221; (Chrystel Chabert; vid\u00e9os) : <\/strong> http:\/\/culturebox.francetvinfo.fr\/musique\/metamorphosis-la-tournee-de-luc-arbogast-debute-en-beaute-a-l-olympia-254219\n\n-L&#8217;animateur de France 2 Olivier Minne \u00e9tait l&#8217;invit\u00e9 de &#8220;Passion classique&#8221; d&#8217;Olivier Bellamy; son du 27 mars) : https:\/\/www.radioclassique.fr\/radio\/emissions\/passion-classique\/\n\n-Pol\u00e9mique autour du focus-Afrique du prochain festival d&#8217;Avignon (Eve Beauvallet) : http:\/\/next.liberation.fr\/culture-next\/2017\/03\/27\/le-focus-afrique-du-festival-d-avignon-divise_1558703?xtor\n\n<strong>-&#8220;Enfants du terril&#8221;, le documentaire de Fr\u00e9d\u00e9ric Brunnquell (H\u00e9l\u00e8ne Rochette; vid\u00e9o) <\/strong> :  http:\/\/television.telerama.fr\/television\/enfants-du-terril-ou-les-souffrances-du-jeune-loic,155559.php#xtor\n\n<strong>-A voir ici (vid\u00e9o) : <\/strong> http:\/\/www.france2.fr\/emissions\/infrarouge\/videos\/vivre_malgre_la_misere_28-03-2017_1524245\n\n-Etat des lieux avant le Festival 2017 de Cannes (Samuel Douhaire; vid\u00e9o) : http:\/\/www.telerama.fr\/cinema\/cannes-2017-nos-pronostics-en-attendant-la-selection-officielle,155838.php#xtor\n\n-L&#8217;importance du bruitage dans les films de Quentin Tarantino (vid\u00e9o) : http:\/\/www.telerama.fr\/cinema\/l-art-du-bruitage-par-tarantino,155953.php#xtor\n\n-Aujourd&#8217;hui d\u00e9bute \u00e0 Beaune en C\u00f4te d&#8217;Or le 9e festival international du film policier (Laurent Cluzel; vid\u00e9o) : http:\/\/culturebox.francetvinfo.fr\/cinema\/le-9e-festival-international-du-film-policier-de-beaune-debute-ce-mercredi-254197\n\n-Sa programmation jusqu&#8217;au 2 avril : http:\/\/www.beaunefestivalpolicier.com\/2017\/\n\n<strong>-Augustin Trapenard recevait Fabrice Luchini (son) : <\/strong> https:\/\/www.franceinter.fr\/emissions\/boomerang\/boomerang-28-mars-2017\n\n<strong>-Elton John a f\u00eat\u00e9 ses 70 ans avec Lady Gaga, Stevie Wonder et Ryan Adams (vid\u00e9os) <\/strong> : http:\/\/culturebox.francetvinfo.fr\/musique\/pop\/elton-john-a-fete-ses-70-ans-avec-lady-gaga-stevie-wonder-et-ryan-adams-254207\n\n<strong>-Dix ans d&#8217;\u00e9lectro pour le label fran\u00e7ais InFin\u00e9 (son cofondateur Alexandre Cazac, cit\u00e9 par Erwan Perron; sons et vid\u00e9o)<\/strong> : http:\/\/www.telerama.fr\/musique\/le-label-infine-dix-ans-d-electro-et-un-credo-defricher-de-nouvelles-terres-musicales,155813.php#xtor\n\n-Le mythique groupe allemand Kraftwerk, un des pionniers du genre (vid\u00e9o) : http:\/\/www.telerama.fr\/musique\/aux-origines-de-la-techno,155942.php#xtor\n\n-Retrouver Lyle Lovett avec Fran\u00e7ois Gorin (son) : http:\/\/www.telerama.fr\/musique\/lyle-lovett-la-grande-maison-dans-la-prairie,155907.php#xtor\n\n<strong>-Le guin\u00e9en Soul Bang&#8217;s, laur\u00e9at du prix d\u00e9couvertes RFI 2016 (vid\u00e9os) :  <\/strong>                                          http:\/\/www.rfi.fr\/video\/20170327-soul-bang-s-interprete-amassen-place                  http:\/\/www.rfi.fr\/video\/20170328-soul-bang-s-interprete-souaressi-place                  http:\/\/www.rfi.fr\/video\/20170328-soul-bang-s-interprete-nmiraboloma-place\n\n-Il \u00e9tait interrog\u00e9 par Claudy Siar qui pr\u00e9sente  l&#8217;\u00e9mission &#8220;Couleurs tropicales&#8221; sur RFI (vid\u00e9o) : http:\/\/www.rfi.fr\/video\/20170327-interview-soul-bang-s-claudy-siar-issue-son-concert-place\n\n-Au Studio des Champs-Elys\u00e9es, la com\u00e9die musicale &#8220;31&#8221; (vid\u00e9o) : http:\/\/culturebox.francetvinfo.fr\/scenes\/comedie-musicale\/31-comedie-musicale-generationnelle-enjouee-au-studio-des-champs-elysees-254171\n\n<strong>-Arno dans &#8220;Mezzo Voce&#8221; (vid\u00e9o) : <\/strong> http:\/\/culturebox.francetvinfo.fr\/musique\/chanson-francaise\/arno-dans-mezzo-voce-251965\n\n-Dream Koala en concert \u00e0 l&#8217;\u00e9glise Saint-Eustache \u00e0 Paris (vid\u00e9o) : http:\/\/culturebox.francetvinfo.fr\/musique\/paris-music-festival\/dream-koala-en-concert-a-l-eglise-saint-eustache-253573\n\n<strong>-&#8220;The Order of Time&#8221;, le nouvel album de l&#8217;Am\u00e9ricaine Val\u00e9rie June (Rebecca Manzoni; vid\u00e9o) :<\/strong> https:\/\/www.franceinter.fr\/emissions\/pop-co\/pop-co-28-mars-2017\n\n-Le samedi 6 mai, au Sud-Est Th\u00e9\u00e2tre de Villeneuve-Saint-Georges (94), le concert du big band &#8220;Jazzique System&#8221; (pi\u00e8ce jointe);\n\n-Le Street Art sur &#8220;Arte Creative&#8221; (Xavier Thomann; vid\u00e9o) : http:\/\/television.telerama.fr\/television\/il-etait-mille-fois-le-street-art-sur-arte-creative,155809.php#xtor\n\n<strong>-D\u00e9couvrir tous, les \u00e9pisodes ici (vid\u00e9os) :<\/strong> http:\/\/creative.arte.tv\/fr\/graffiti\n\n-Les manifestants guyanais sont branch\u00e9s sur &#8220;Radio peyi&#8221; (vid\u00e9o) : http:\/\/www.francetvinfo.fr\/economie\/crise-en-guyane\/guyane-les-manifestants-branches-sur-radio-peyi_2118637.html\n\n-La une du &#8220;Canard encha\u00een\u00e9&#8221; : http:\/\/www.lecanardenchaine.fr\/la-une-du-29-mars-2017\/\n\n<strong>-&#8220;Les affaires sortent en p\u00e9riode \u00e9lectorale parce que c&#8217;est l\u00e0 que les gens se livrent. Quand il y a une mise en examen, il y a une pr\u00e9somption de culpabilit\u00e9&#8221; (les journalistes d&#8217;investigation Laurent Valdigui\u00e9 et Matthieu Aron \u00e9taient les invit\u00e9s de la matinale de France Inter. Ils ont r\u00e9pondu \u00e0 Patrick Cohen et aux auditeurs (vid\u00e9o et son) :<\/strong> http:\/\/www.dailymotion.com\/video\/x5ghfbf_laurent-valdiguie-et-matthieu-aron-les-affaires-sortent-en-periode-electorale-car-c-est-la-que-les-g_news           https:\/\/www.franceinter.fr\/emissions\/interactiv\/interactiv-28-mars-2017\n\n<strong>-&#8220;Comment &#8220;Quotidien&#8221; a fait tomber Bruno Le Roux&#8221; (la journaliste Valentine Oberti \u00e9taient l&#8217;invit\u00e9e de Sonia Devillers; vid\u00e9o, amener le curseur sur 5:00) : <\/strong>  http:\/\/www.dailymotion.com\/video\/x5ghv2n_comment-quotidien-a-fait-tomber-bruno-le-roux_news\n\n-L&#8217;\u00e9pouse d&#8217;une des victimes de l&#8217;attentat contre &#8220;Charlie Hebdo&#8221; porte plainte contre le journal pour abus de confiance&#8221; (J\u00e9r\u00f4me Ivanitchenko; vid\u00e9o) : http:\/\/www.dailymotion.com\/video\/x5ghk2s_charlie-hebdo-la-femme-d-une-des-victimes-de-l-attentat-porte-plainte-contre-le-journal_news\n\n<strong>-&#8220;La journaliste de l&#8217;Obs C\u00e9cile Amar sanctionn\u00e9e pour avoir \u00e9crit un livre avec Jean-Luc M\u00e9lenchon&#8221; (Manon Aublanc) :<\/strong> http:\/\/www.20minutes.fr\/societe\/2038523-20170327-presidentielle-journaliste-cecile-amar-sanctionnee-avoir-ecrit-livre-melenchon\n\n<strong>-&#8220;Que r\u00e9v\u00e8le le coup de gueule de Christine Angot ?&#8221; (Bruno Donnet; vid\u00e9o) : <\/strong> http:\/\/www.dailymotion.com\/video\/x5ghlic_que-revele-le-coup-de-gueule-de-christine-angot-l-apres-coup-de-bruno-donnet_news\n\n-&#8220;Je ne peux pas faire d&#8217;\u00e9mission sans rapport avec la sant\u00e9&#8221; (Michel Cymes, interrog\u00e9 par Thomas Joubert; son) : http:\/\/www.dailymotion.com\/video\/x5ghlax_michel-cymes-je-ne-veux-pas-faire-d-emission-sans-rapport-avec-la-medecine_news\n\n-La troisi\u00e8me saison de &#8220;57, rue de Varenne&#8221; (l&#8217;adresse de Matignon) revient sur France Culture (Aude Dassonville) : http:\/\/www.telerama.fr\/radio\/sur-france-culture-le-president-est-mort,155473.php#xtor\n\n<strong>-Les deux saisons pr\u00e9c\u00e9dentes \u00e0 r\u00e9\u00e9couter ici (sons) : <\/strong> https:\/\/www.franceculture.fr\/emissions\/fictions-le-feuilleton\/57-rue-de-varenne-saison-1                                                                                                          https:\/\/www.franceculture.fr\/emissions\/fictions-le-feuilleton\/57-rue-de-varenne-saison-2-15-il-faut-finir-ce-qui-ete-commence\n\n-Le lancement du &#8220;Figaro Live&#8221; sur le Net (Marc Baudriller; son du 28 mars) : https:\/\/www.radioclassique.fr\/radio\/emissions\/matinale-de-radio-classique\/la-vie-des-medias\/\n\n<strong>-Mathieu Mad\u00e9nian et Thomas VDB sont d\u00e9sormais sur W9 (vid\u00e9o) :<\/strong> http:\/\/www.lexpress.fr\/actualite\/medias\/video-madenian-et-thomas-vdb-consacrent-leur-premier-sketch-sur-w9-a-fillon_1893367.html?PMSRC_CAMPAIGN\n\n<strong>-&#8220;Nos conseils com&#8217; \u00e0 Philippe Poutou&#8221; (Charline Vanhoenacker et Guillaume Meurice; vid\u00e9o) : <\/strong> http:\/\/www.dailymotion.com\/video\/x5ghc8b_nos-conseils-com-a-philippe-poutou-le-billet-de-charline_fun\n\n-&#8220;L&#8217;\u00e9l\u00e9phant accusera toujours le morpion sans jamais se remettre en question&#8221; (Alex Vizorek; vid\u00e9o) : https:\/\/www.franceinter.fr\/emissions\/le-billet-d-alex-vizorek\/le-billet-d-alex-vizorek-28-mars-2017\n\n<h2 class=\"wp-block-heading\">Documents joints<\/h2>\n\n\n\n<div class=\"wp-block-file\"><a href=\"https:\/\/wp.muchomaas.com\/wp-content\/uploads\/2017\/03\/springshowcase2017_imp_v2-33e.compressed.pdf\">springshowcase2017_imp_v2.compressed.pdf<\/a><\/div>\n\n\n","protected":false},"excerpt":{"rendered":"<p>ACTUALITE -&#8220;Ici, en Guyane, on ne parle que du m\u00e9pris et de la c\u00e9cit\u00e9 du gouvernement&#8221; (le d\u00e9put\u00e9 GDR Gabriel Servil; interrog\u00e9 par Guillaume Durand; son du 28 mars) : https:\/\/www.radioclassique.fr\/radio\/emissions\/matinale-de-radio-classique\/l-invite-du-matin\/ -&#8220;C&#8217;est l&#8217;expression d&#8217;une exasp\u00e9ration. C&#8217;est toute la soci\u00e9t\u00e9 qui gronde&#8221; (Jean-Michel Martial, pr\u00e9sident du Conseil repr\u00e9sentatif des Fran\u00e7ais d&#8217;Outre-mer; invit\u00e9 de Thomas Sotto; vid\u00e9o) [&hellip;]<\/p>\n","protected":false},"author":1042,"featured_media":0,"comment_status":"open","ping_status":"open","sticky":false,"template":"","format":"standard","meta":{"_themeisle_gutenberg_block_has_review":false,"footnotes":""},"categories":[151],"tags":[],"class_list":["post-10292","post","type-post","status-publish","format-standard","hentry","category-la-revue-de-presse-de-lulu"],"_links":{"self":[{"href":"https:\/\/archives.regards.fr\/index.php?rest_route=\/wp\/v2\/posts\/10292","targetHints":{"allow":["GET"]}}],"collection":[{"href":"https:\/\/archives.regards.fr\/index.php?rest_route=\/wp\/v2\/posts"}],"about":[{"href":"https:\/\/archives.regards.fr\/index.php?rest_route=\/wp\/v2\/types\/post"}],"author":[{"embeddable":true,"href":"https:\/\/archives.regards.fr\/index.php?rest_route=\/wp\/v2\/users\/1042"}],"replies":[{"embeddable":true,"href":"https:\/\/archives.regards.fr\/index.php?rest_route=%2Fwp%2Fv2%2Fcomments&post=10292"}],"version-history":[{"count":0,"href":"https:\/\/archives.regards.fr\/index.php?rest_route=\/wp\/v2\/posts\/10292\/revisions"}],"wp:attachment":[{"href":"https:\/\/archives.regards.fr\/index.php?rest_route=%2Fwp%2Fv2%2Fmedia&parent=10292"}],"wp:term":[{"taxonomy":"category","embeddable":true,"href":"https:\/\/archives.regards.fr\/index.php?rest_route=%2Fwp%2Fv2%2Fcategories&post=10292"},{"taxonomy":"post_tag","embeddable":true,"href":"https:\/\/archives.regards.fr\/index.php?rest_route=%2Fwp%2Fv2%2Ftags&post=10292"}],"curies":[{"name":"wp","href":"https:\/\/api.w.org\/{rel}","templated":true}]}}