{"id":10288,"date":"2017-03-28T07:41:47","date_gmt":"2017-03-28T05:41:47","guid":{"rendered":"https:\/\/wp.muchomaas.com\/article-la-revue-du-28-mars-2017\/"},"modified":"2017-03-28T07:41:47","modified_gmt":"2017-03-28T05:41:47","slug":"article-la-revue-du-28-mars-2017","status":"publish","type":"post","link":"https:\/\/archives.regards.fr\/?p=10288","title":{"rendered":"La Revue du 28 mars 2017"},"content":{"rendered":"<p><strong>ACTUALITE<\/strong><\/p>\n<p><strong>-&#8220;En Guyane, les raisons de la col\u00e8re&#8221; (vid\u00e9o) : <\/strong> http:\/\/www.francetvinfo.fr\/economie\/crise-en-guyane\/greve-generale-en-guyane-les-raisons-de-la-colere-de-la-population_2117541.html<\/p>\n<p>-Le soutien massif de la population (Marie-Pierre Courtellemont; vid\u00e9o) : http:\/\/www.francetvinfo.fr\/economie\/crise-en-guyane\/greve-generale-en-guyane-la-population-soutient-massivement-le-mouvement_2117537.html<\/p>\n<p>-Trois chiffres pour le comprendre : http:\/\/www.francetvinfo.fr\/economie\/crise-en-guyane\/crise-en-guyane-trois-chiffres-pour-comprendre-les-raisons-de-la-colere_2116703.html<\/p>\n<p>-Qui sont les &#8220;500 fr\u00e8res&#8221; ? (vid\u00e9o) : http:\/\/www.francetvinfo.fr\/economie\/crise-en-guyane\/video-crise-en-guyane-qui-sont-les500freres_2117099.html<\/p>\n<p>-&#8220;Pourquoi les Guyanais sont en col\u00e8re ?&#8221; (Patrick Karam, ancien d\u00e9l\u00e9gu\u00e9 interminist\u00e9riel de Nicolas Sarkozy aupr\u00e8s des Fran\u00e7ais d&#8217;Outre-mer; interrog\u00e9 par Romain Desarbres; vid\u00e9o) : http:\/\/www.cnews.fr\/chroniques\/linvite-de-la-matinale\/patrick-karam-pourquoi-les-guyanais-sont-en-colere-173977<\/p>\n<p>-Les agriculteurs bio attendent leurs aides d\u00e9sesp\u00e9r\u00e9ment (vid\u00e9o) : http:\/\/www.francetvinfo.fr\/economie\/emploi\/metiers\/agriculture\/les-agriculteurs-bio-attendent-leurs-aides-desesperement_2117167.html<\/p>\n<p>-Un apiculteur ard\u00e9chois fait appel au financement participatif sur Internet (vid\u00e9o) : http:\/\/www.francetvinfo.fr\/sante\/alimentation\/environnement-sauver-les-abeilles-en-un-clic_2117083.html<\/p>\n<p>-Chez Air France, un accord trouv\u00e9 pour Transavia avec le principal syndicat des pilotes (vid\u00e9o) : http:\/\/www.francetvinfo.fr\/economie\/transports\/greve-a-air-france\/air-france-des-salaires-plus-avantageux-pour-les-pilotes-de-transavia_2117513.html<\/p>\n<p>-Arr\u00eat de travail forc\u00e9 pour 650 salari\u00e9s de l&#8217;usine Bosch de Rodez dans l&#8217;Aveyron (vid\u00e9o) : http:\/\/www.francetvinfo.fr\/economie\/automobile\/diesel\/bosch-arret-de-travail-force-pour-650-salaries_2117159.html<\/p>\n<p>-&#8220;L&#8217;industrie du textile pourrait \u00eatre plus innovante&#8221; (Guillaume Gibault, pr\u00e9sident du &#8220;Slip fran\u00e7ais&#8221;, interrog\u00e9 par Nicolas Pierron; vid\u00e9o) : https:\/\/www.dailymotion.com\/video\/x5gd3wt_l-industrie-du-textile-pourrait-etre-beaucoup-plus-innovante-guillaume-gibault-27-03-2017_news<\/p>\n<p><strong>-Au lyc\u00e9e professionnel de la Castellane \u00e0 Marseille (un reportage de Philippe Rand\u00e9; son) :<\/strong> https:\/\/www.franceinter.fr\/emissions\/le-zoom-de-la-redaction\/le-zoom-de-la-redaction-27-mars-2017<\/p>\n<p><strong>-Un rapport sur les paradis fiscaux (Manon Aubry de l&#8217;OXFAM, invit\u00e9e de Bruno Duvic; vid\u00e9o) : <\/strong> http:\/\/www.dailymotion.com\/video\/x5ge76d_evasion-fiscale-manon-aubry-de-l-oxfam-est-l-invitee-du-13-heures-de-bruno-duvic_news<\/p>\n<p><em>-Le rapport :<\/em>  http:\/\/www.banquesenexil.oxfamfrance.org\/ <\/p>\n<p><strong>-Une chambre ouverte \u00e0 Strasbourg pour traiter les allergies au pollen. Il en existe une dizaine dans le monde (vid\u00e9o) :<\/strong>  http:\/\/www.francetvinfo.fr\/replay-jt\/france-2\/13-heures\/sante-une-chambre-pour-traiter-les-allergies-au-pollen_2117165.html<\/p>\n<p>-Du sang cr\u00e9er \u00e0 partir de cellules souches ? (vid\u00e9o) : http:\/\/www.francetvinfo.fr\/sante\/soigner\/du-sang-cree-a-partir-de-cellules-souches_2117217.html<\/p>\n<p><em>-L&#8217;information et la pr\u00e9vention du sida chez les jeunes de 15 \u00e0 24 ans (IFOP) : <\/em> http:\/\/www.ifop.com\/?option=com_publication&#038;type=poll&#038;id=3705<\/p>\n<p>-&#8220;Parlons handicap !&#8221;, sur CNews avec Isabelle Moreau (vid\u00e9o) : http:\/\/www.cnews.fr\/chroniques\/les-invites-disabelle-moreau\/linvite-disabelle-moreau-du-27032017-173992<\/p>\n<p><strong>-&#8220;Il faut traiter au m\u00eame niveau la question du r\u00e9chauffement climatique et celle de la protection de la biodiversit\u00e9. A quoi sert de lutter contre le r\u00e9chauffement climatique s&#8217;il n&#8217;y a plus de vivants&#8221; (Baptiste Gaborit; son du 27 mars) : <\/strong> https:\/\/www.radioclassique.fr\/radio\/emissions\/matinale-de-radio-classique\/3-minutes-planete\/<\/p>\n<p>-La semaine nationale du compost de proximit\u00e9 (Nathalie Fontrel; son) : https:\/\/www.franceinter.fr\/emissions\/planete-environnement\/planete-environnement-27-mars-2017<\/p>\n<p>-Police de proximit\u00e9, &#8220;les politiques ne savent pas de quoi ils parlent. \u00c7a marche pour rassurer la population pas pour combattre la criminalit\u00e9&#8221; (le criminologue Alain Bauer et Jean-Pierre Havrin qui l&#8217;avait install\u00e9e \u00e0 Toulouse; vid\u00e9o) : http:\/\/www.rtl.fr\/actu\/societe-faits-divers\/police-de-proximite-les-politiques-ne-savent-pas-de-quoi-ils-parlent-dit-alain-bauer-7787836452<\/p>\n<p>-Aujourd&#8217;hui, Penelope Fillon convoqu\u00e9e en vue d&#8217;une mise en examen (Alexandre Boudet) : http:\/\/www.huffingtonpost.fr\/2017\/03\/27\/les-procedures-du-penelope-gate-sont-elles-les-memes-pour-les-in_a_22013795\/?utm_hp_ref<\/p>\n<p><strong>POLITIQUE<\/strong><\/p>\n<p><strong>-&#8220;Haut les coeurs amis Guyanais, votre combat est le n\u00f4tre ! En quoi Jean-Luc M\u00e9lenchon est-il fascin\u00e9 par Vladimir Poutine ? On a toujours d\u00e9nonc\u00e9 ce r\u00e9gime qui est une oligarchie. Je conseille \u00e0 Beno\u00eet Hamon de continuer sa campagne plut\u00f4t que de pol\u00e9miquer avec nous, surtout avec des arguments qui sont assez petits. J&#8217;ai envie de dire \u00e0 Beno\u00eet, calme-toi, prends une bonne petite tisane, fais ta campagne et, de gr\u00e2ce, respecte l&#8217;accord que nous avions de ne pas donner de coups sous la ceinture. Au moins, qu&#8217;il respecte sa propre parole quand tant de participants \u00e0 la primaire ne le font pas&#8221; (Alexis Corbi\u00e8re, porte-parole de Jean-Luc M\u00e9lenchon; invit\u00e9 d&#8217;Elizabeth Martichoux; vid\u00e9o) : <\/strong> http:\/\/www.rtl.fr\/actu\/politique\/alexis-corbiere-sur-rtl-la-guyane-dans-une-situation-de-quasi-pays-du-tiers-monde-7787836395<\/p>\n<p><strong>-&#8220;En Guyane, il y a une absence de dignit\u00e9 politique du gouvernement. Cabinet noir ? Je n&#8217;en sais rien, je suis comme vous. La justice fait son travail, c&#8217;est Fran\u00e7ois Fillon qui a r\u00e9clam\u00e9 qu&#8217;elle aille vite. Si les citoyens avaient le droit de r\u00e9voquer les \u00e9lus entre deux \u00e9lections, cela am\u00e8nerait de  l&#8217;\u00e9thique en politique. La bonne campagne , c&#8217;est celle qui met en avant les solutions des candidats&#8221; (Raquel Garrido, porte-parole de &#8220;La France insoumise&#8221; qui a, selon moi, fort bien tenu t\u00eate \u00e0 Jean-Michel Apathie  et \u00e0 son \u00e9quipe, d\u00e9cid\u00e9s \u00e0 la pi\u00e9ger; vid\u00e9o pour appr\u00e9cier par vous-m\u00eames) : <\/strong> http:\/\/www.dailymotion.com\/video\/x5gdm2d_crise-en-guyane-raquel-garrido-denonce-l-absence-de-dignite-politique-du-gouvernement_news<\/p>\n<p>-&#8220;Nous pensons que Marine Le Pen a eu tort de rencontrer Vladimir Poutine dans la campagne \u00e9lectorale. Jean-Luc M\u00e9lenchon n&#8217;aurait jamais fait cela \u00e0 un mois d&#8217;une \u00e9lection. Et Marine Le Pen a \u00e9t\u00e9 se faire photographier avec un antis\u00e9mite homophobe. La Russie est un r\u00e9gime oligarchique. En 2012, au &#8220;Grand Journal&#8221;, Jean-Luc M\u00e9lenchon avait qualifi\u00e9 Poutine de &#8220;graine de dictateur&#8221; (Elle \u00e9tait face \u00e0 Nicolas Bay, secr\u00e9taire g\u00e9n\u00e9ral du FN pour r\u00e9pondre \u00e0 l&#8217;accusation de Beno\u00eet Hamon d&#8217;alignement sur Vladimir Poutine port\u00e9e contre Fran\u00e7ois Fillon, Jean-Luc M\u00e9lenchon et Marine Le Pen. Face \u00e0 face organis\u00e9 par Ruth Elkrief; vid\u00e9o) :  http:\/\/www.bfmtv.com\/mediaplayer\/video\/nicolas-bay-face-a-raquel-garrido-marine-le-pen-est-elle-soumise-au-kremlin-928195.html<\/p>\n<p>-&#8220;Poutine est le repr\u00e9sentant de l&#8217;oligarchie. Je suis compl\u00e8tement solidaire du mouvement en Guyane. Ou on accepte les licenciements ou on les interdit. S&#8217;ils refusent, on r\u00e9quisitionne&#8221; (Nathalie Artaud, candidate de LO, face \u00e0 Alexandra Bensaid; vid\u00e9o) : http:\/\/www.dailymotion.com\/video\/x5gd820_nathalie-artaud-est-l-invitee-d-alexandra-bensaid-du-27-mars-2017_news<\/p>\n<p>-&#8220;Depuis quelques semaines, le d\u00e9bat \u00e0 gauche est minable. Il n&#8217;y a que quelques individus qui ne le (Beno\u00eet Hamon) soutiennent pas. Cazeneuve lui a exprim\u00e9 \u00e0 deux reprises son soutien. Tous ceux qui sortent de la responsabilit\u00e9 (gouvernementale) sont battus. A gauche, nous avons deux candidats et demi. Le PS peut en sortir affaibli mais il reviendra. La droite aussi. Pour gouverner, il faudra bien se tourner vers l&#8217;un ou vers l&#8217;autre. Il faut que la gauche se rassemble au premier tour et donne de la force \u00e0 Beno\u00eet Hamon&#8221; (Vincent Peillon, eurod\u00e9put\u00e9 PS, ancien ministre  de l&#8217;Education nationale; invit\u00e9 de Guillaume Durand; vid\u00e9o) : https:\/\/www.dailymotion.com\/video\/x5gd4j2_le-debat-a-gauche-depuis-quelques-semaines-est-minable-vincent-peillon-27-03-2017_news<\/p>\n<p><strong>-&#8220;La Guyane est trop d\u00e9pendante du continent. Il faut repenser son avenir. S&#8217;il y avait eu un cabinet noir, Fran\u00e7ois Hollande aurait \u00e9t\u00e9 candidat. Fran\u00e7ois Fillon y croit tellement qu&#8217;il a \u00e9t\u00e9 voir le secr\u00e9taire g\u00e9n\u00e9ral de l&#8217;Elys\u00e9e pour demander l&#8217;acc\u00e9l\u00e9ration des proc\u00e9dures contre Nicolas Sarkozy. La campagne \u00e9lectorale est prise en otage par M. Fillon. Il peut encore se ressaisir et se retirer. Fran\u00e7ois Hollande est profond\u00e9ment socialiste. Le parti socialiste est une synth\u00e8se. Il n&#8217;y a pas un signe \u00e9gal entre M. Macron et M. Fillon. Beno\u00eet Hamon a tort de le mettre. Jean-Luc M\u00e9lenchon a un talent extraordinaire, mais \u00e0 quoi \u00e7a sert ? Je lance un appel pour un rassemblement Hamon-M\u00e9lenchon-Macron&#8221; (Julien Dray, conseiller r\u00e9gional PS d&#8217;Ile-de-France, face \u00e0 Jean-Jacques Bourdin; vid\u00e9o) : <\/strong> http:\/\/www.bfmtv.com\/mediaplayer\/video\/julien-dray-face-a-jean-jacques-bourdin-en-direct-927987.html<\/p>\n<p>-&#8220;Il faut s&#8217;occuper de la Guyane. La d\u00e9l\u00e9gation de hauts fonctionnaires n&#8217;est pas une rigolade. Une grande partie des candidats ne d\u00e9couvrent les Outre-mer que depuis quelques jours. M\u00eame quand on ne nous voit pas, on travaille. Christiane Taubira n&#8217;est plus d\u00e9put\u00e9e. Rejoindre Macron au nom de l&#8217;\u00e9cologie ? Il faut changer d&#8217;argument. Beno\u00eet Hamon est le seul candidat socialiste qui a ralli\u00e9 l&#8217;\u00e9cologie. Je ne pourrais jamais voter pour un candidat qui, comme Jean-Luc M\u00e9lenchon, n&#8217;est pas pro-europ\u00e9en. Le conseil politique de Beno\u00eet Hamon ne s&#8217;est pas r\u00e9uni depuis cinq \u00e0 six semaines, c&#8217;est vrai&#8221;  (Emmanuelle Cosse, ministre du Logement; interrog\u00e9e par Jean-Pierre Elkabbach; vid\u00e9o) : http:\/\/www.cnews.fr\/chroniques\/linterview-de-jean-pierre-elkabbach\/emmanuelle-cosse-invitee-de-jean-pierre-elkabbach-173979<\/p>\n<p>-&#8220;Il y a eu des avanc\u00e9es dans les Outre-mer. Fran\u00e7ois Fillon a faut\u00e9 et devient un vrai affabulateur. Manuel Valls instille un poison dans la campagne de Beno\u00eet Hamon. Dans mon sc\u00e9nario, Beno\u00eet Hamon est \u00e9lu pr\u00e9sident de la R\u00e9publique et alors le dialogue a lieu avec Jean-Luc M\u00e9lenchon pour constituer une nouvelle majorit\u00e9. Ils ont beaucoup de choses en commun&#8221; (C\u00e9cile Duflot, d\u00e9put\u00e9e \u00e9cologiste, ancienne ministre du Logement; interrog\u00e9e par Laurence Ferrari; vid\u00e9o) : http:\/\/www.cnews.fr\/chroniques\/linvite-de-laurence-ferrari\/linvite-de-laurence-ferrari-du-27032017-174006<\/p>\n<p>-&#8220;Je ne comprends pas pourquoi la ministre de l&#8217;Outre-mer n&#8217;est pas sur place. Quand on annonce les chiffres du ch\u00f4mage, on ne donne jamais les leurs. Il n&#8217;y a que quelques jours qu&#8217;on est entr\u00e9 dans la bataille des id\u00e9es, maintenant le projet de Beno\u00eet Hamon va pouvoir prendre son essor. Barbara Pompili, \u00e7a fait des mois qu&#8217;elle veut des postes&#8221; (Yannick Jadot, eurod\u00e9put\u00e9 \u00e9cologiste, invit\u00e9 de &#8220;Territoires d&#8217;infos&#8221;; vid\u00e9o, amener le curseur sur 33:27) :<br \/>\nhttps:\/\/www.dailymotion.com\/video\/x5gcvvq_invite-yannick-jadot-territoires-d-infos-27-03-2017_news<\/p>\n<p>-&#8220;Les conditions du dialogue ne sont pas r\u00e9unies&#8221; (Ericka Bareigts, ministre de l&#8217;Outre-mer, interrog\u00e9e par St\u00e9phane Carpentier; son) : http:\/\/www.rtl.fr\/actu\/societe-faits-divers\/guyane-ericka-bareigts-lance-un-veritable-appel-au-calme-7787835696<\/p>\n<p>-Bernard Cazeneuve annonce la venue de ministres avant la fin de la semaine (vid\u00e9o) : http:\/\/www.francetvinfo.fr\/economie\/crise-en-guyane\/video-crise-en-guyane-des-ministres-se-rendront-sur-place-d-ici-la-fin-de-la-semaine-annonce-bernard-cazeneuve_2117037.html<\/p>\n<p>-&#8220;Quand on est attach\u00e9 \u00e0 la d\u00e9mocratie, on ne s&#8217;assied pas sur la r\u00e8gle du jeu&#8221; (J\u00e9r\u00f4me Guedj, conseiller d\u00e9partemental PS de l&#8217;Essonne, porte-parole de Beno\u00eet Hamon; invit\u00e9 de Fr\u00e9d\u00e9ric Rivi\u00e8re; vid\u00e9o) : http:\/\/www.rfi.fr\/video\/20170327-jerome-guedj-ps-quand-on-est-attache-democratie-on-s-assied-pas-regle-jeu<\/p>\n<p><strong>-&#8220;Beno\u00eet Hamon incarne la fronde alors que Jean-Luc M\u00e9lenchon incarne la rupture. Il ne parle qu&#8217;\u00e0 ceux qui lui ressemblent alors que M\u00e9lenchon parle autour. Il reste le repr\u00e9sentant de ce PS qui n&#8217;arr\u00eate pas de se parler \u00e0 lui-m\u00eame&#8221; (Alba Ventura; vid\u00e9o) <\/strong> : http:\/\/www.rtl.fr\/actu\/politique\/presidentielle-2017-benoit-hamon-paie-sa-position-de-frondeur-selon-alba-ventura-7787835837<\/p>\n<p>-&#8220;Dans l&#8217;entourage de Beno\u00eet Hamon, la confusion et l&#8217;inqui\u00e9tude r\u00e8gnent&#8221; (Bastien Bonnefous) : http:\/\/www.lemonde.fr\/election-presidentielle-2017\/article\/2017\/03\/27\/dans-l-entourage-de-benoit-hamon-la-confusion-regne_5101245_4854003.html#xtor<\/p>\n<p>-Macron est &#8220;le premier candidat qui veut faire la r\u00e9volution en prenant appui sur le mus\u00e9e Gr\u00e9vin&#8221; (le secr\u00e9taire d&#8217;Etat Thierry Mandon; vid\u00e9o) : http:\/\/www.lcp.fr\/la-politique-en-video\/macron-premier-candidat-qui-veut-faire-la-revolution-en-prenant-appui-sur-le<\/p>\n<p>-Il a d\u00e9plor\u00e9 le &#8220;manque de s\u00e9rieux&#8221; de journalistes d\u00e9non\u00e7ant un cabinet noir (vid\u00e9o) : http:\/\/www.lcp.fr\/la-politique-en-video\/bienvenue-place-beauvau-mandon-deplore-le-manque-de-serieux-des-journalistes<\/p>\n<p>-&#8220;Il y a eu un travail tout \u00e0 fait positif du gouvernement en Guyane. Dans la crise politique, un certain nombre de dirigeants politiques ne tiennent pas compte de la parole donn\u00e9e. Jean-Luc M\u00e9lenchon incarne une gauche de protestation, il veut recomposer la gauche&#8221; (Guillaume Balas, porte-parole de Beno\u00eet Hamon, invit\u00e9 d&#8217;Isabelle Moreau; vid\u00e9o) :  http:\/\/www.cnews.fr\/chroniques\/les-invites-disabelle-moreau\/linvite-disabelle-moreau-du-27032017-173993<\/p>\n<p>-&#8220;Macron en passe d&#8217;enterrer le clivage gauche-droite&#8221; (son porte-parole, Benjamin Griveaux, face \u00e0 Sandrine Aramon; vid\u00e9o) :  http:\/\/www.francetvinfo.fr\/politique\/emmanuel-macron\/presidentielle-macron-en-passe-denterrer-le-clivage-gauche-droite_2116915.html<\/p>\n<p>-&#8220;Il faut rassembler pour pouvoir peser sur les structures afin de les faire \u00e9voluer. Nous ne demandons rien \u00e0 personne. Soutien ne vaut pas investiture. Les Fran\u00e7ais ont besoin d&#8217;un candidat qui porte le symbole de la fonction. Emmanuel Macron avance une nouvelle offre politique fond\u00e9e sur les convictions. L&#8217;intelligence ne s&#8217;enferme pas dans une \u00e9tiquette politique. Sur les 13 000 candidatures, je vois beaucoup de jeunes femmes. Pour 50% des candidats retenus, ce sera leur premi\u00e8re \u00e9lection&#8221; (Jean-Paul Delevoye, ancien ministre de Jacques Chirac, pr\u00e9sident de la Commission d&#8217;investitures de &#8220;En Marche !&#8221;; interrog\u00e9 par Hedwige Chevrillon; vid\u00e9o) : http:\/\/bfmbusiness.bfmtv.com\/mediaplayer\/video\/presidentielle-emmanuel-macron-prepare-ses-membres-legislatifs-pour-le-prochain-quinquennat-2703-928097.html<\/p>\n<p>-A La R\u00e9union, il n&#8217;a pas fait le plein (vid\u00e9o) : http:\/\/www.lcp.fr\/la-politique-en-video\/la-reunion-macron-ne-fait-pas-le-plein<\/p>\n<p>-&#8220;Hollande ne peut que voter Macron&#8221; (Yves Thr\u00e9ard du &#8220;Figaro&#8221;; vid\u00e9o) : http:\/\/www.dailymotion.com\/video\/x5gcpke_pourquoi-hollande-ne-peut-que-voter-macron_news<\/p>\n<p>-62% de ses \u00e9lecteurs potentiels certains de leur vote (Jean-Daniel L\u00e9vy de l&#8217;Institut HARRIS; vid\u00e9o) : http:\/\/www.lcp.fr\/la-politique-en-video\/sondage-62-des-electeurs-potentiels-demmanuel-macron-certains-de-leur-vote<\/p>\n<p>-&#8220;R\u00e9sistons !. Nous avons totalement abandonn\u00e9 nos territoires  d&#8217;outre-mer depuis trente ans et bien d&#8217;autres aussi. C&#8217;est l\u00e0 que devrait aller Macron pour rendre compte du bilan du gouvernement auquel il a particip\u00e9. Dans cette campagne, le fait divers tient lieu de projet et trois ou quatre candidats ont \u00e9t\u00e9 choisis, une nomenclature&#8221; (Jean Lassalle, candidat \u00e0 l&#8217;\u00e9lection pr\u00e9sidentiel; interrog\u00e9 par Fran\u00e7ois-Xavier M\u00e9nage; vid\u00e9o) : http:\/\/www.lci.fr\/replay\/l-invite-politique-de-8h15-jean-lassalle-candidat-resistons-a-l-election-presidentielle-2030364.html%3Ftype=content<\/p>\n<p>-&#8220;Son nouveau combat&#8221; (vid\u00e9o) : http:\/\/www.francetvinfo.fr\/elections\/jean-lassalle-la-presidentielle-son-nouveau-combat_2117531.html<\/p>\n<p>-&#8220;Le Pen et Fillon ne peuvent pas battre Macron, je suis le seul&#8221; (Nicolas Dupont-Aignan, candidat de &#8220;Debout la France&#8221;; interrog\u00e9 par Catherine Roux; vid\u00e9o) :<br \/>\nhttp:\/\/www.france2.fr\/emissions\/telematin\/actu\/les-4-verites-nicolas-dupont-aignan_561943<\/p>\n<p>-Il \u00e9tait l&#8217;invit\u00e9 de la matinale de France Inter, interrog\u00e9 par Patrick Cohen et par les auditeurs (vid\u00e9o) : http:\/\/www.dailymotion.com\/video\/x5gd821_nicolas-dupont-aignan-est-l-invite-de-patrick-cohen-du-27-mars-2017_news<\/p>\n<p>-&#8220;On oublie de parler du bilan catastrophique de Fran\u00e7ois Hollande. Que le parquet national financier fasse vite une enqu\u00eate sur la base de ce livre semble-t-il bien document\u00e9&#8221; (Jean-Fran\u00e7ois Lamour, d\u00e9put\u00e9 LR de Paris; face \u00e0 Ruth Elkrief; vid\u00e9o) : http:\/\/www.bfmtv.com\/mediaplayer\/video\/jean-francois-lamour-face-a-ruth-elkrief-928183.html<\/p>\n<p>-&#8220;Ce qui compte, c&#8217;est que Fran\u00e7ois Fillon puisse aller sur le terrain o\u00f9 il a re\u00e7u un accueil enthousiaste. Tout le monde peut recevoir des cadeaux personnels&#8221; (Vincent Chriqui, directeur de campagne de Fran\u00e7ois Fillon, face \u00e0 Olivier Galzi; vid\u00e9o) : http:\/\/www.cnews.fr\/chroniques\/linvite-dolivier-galzi\/linvite-dolivier-galzi-du-27032017-174014<\/p>\n<p>-&#8220;Un gouvernement par le centre est \u00e0 mon sens une catastrophe&#8221; (Luc Ferry; vid\u00e9o) : https:\/\/www.dailymotion.com\/video\/x5gd4wu_un-gouvernement-par-le-centre-est-a-mon-sens-une-catastrophe-luc-ferry-27-03-2017_news<\/p>\n<p><strong>-&#8220;L&#8217;argent, telle est au fond la part d&#8217;ombre du candidat Fillon&#8221; (Richard Werly, du quotidien suisse &#8220;Le Temps) :<\/strong> https:\/\/www.letemps.ch\/monde\/2017\/03\/26\/francois-fillon-part-dombre?utm_source<\/p>\n<p>-Olivia Recasens, co-auteure de &#8220;Bienvenue Place Bauveau&#8221;, invit\u00e9e de Guillaume Durand (son du 27 mars) : https:\/\/www.radioclassique.fr\/radio\/emissions\/matinale-de-radio-classique\/l-invite-du-matin\/<\/p>\n<p>-&#8220;Un cabinet noir \u00e0 l&#8217;Elys\u00e9e ?&#8221;, chez Olivier Galzi sur C8 (vid\u00e9o) : http:\/\/www.cnews.fr\/chroniques\/le-grand-decryptage\/le-grand-decryptage-du-27032017-174016<\/p>\n<p>-Le camp Fillon saisit la justice (vid\u00e9o) : http:\/\/www.francetvinfo.fr\/politique\/francois-fillon\/affaires-fillon\/cabinet-noir-le-camp-fillon-saisit-la-justice_2117535.html<\/p>\n<p>-&#8220;Admirez le tour de passe-passe autour de ce livre avec des auteurs qui nous disent qu&#8217;il n&#8217;y a rien dedans. Curieuse promotion ! Attaquer sur ce terrain est \u00e0 double tranchant pour Fran\u00e7ois Fillon qui \u00e9tait oblig\u00e9, dans sa situation, de prendre des risques&#8221; (Guillaume Tabard du &#8220;Figaro&#8221;; son du 27 mars) : https:\/\/www.radioclassique.fr\/radio\/emissions\/matinale-de-radio-classique\/22630-2\/<\/p>\n<p>-&#8220;Chez Les R\u00e9publicains, on pr\u00e9pare d\u00e9j\u00e0 le jour d&#8217;apr\u00e8s&#8221; (Nathalie Schuck du &#8220;Parisien&#8221;; son) : https:\/\/www.franceinter.fr\/emissions\/histoires-politiques\/histoires-politiques-27-mars-2017<\/p>\n<p>-&#8220;Si on ne fait pas sauter les menottes qu&#8217;on a aux pieds, on ne peut pas mener une politique sociale&#8221; (Jacques  Cheminade, candidat \u00e0 l&#8217;\u00e9lection pr\u00e9sidentielle, interrog\u00e9 par Eric Delvaux; son) : https:\/\/www.franceinter.fr\/emissions\/l-invite-du-5-7\/l-invite-du-5-7-27-mars-2017<\/p>\n<p>-&#8220;Emmanuel Macron est le Jean-Claude Van Damme de la politique&#8221; (Marine Le Pen \u00e0 Lille: vid\u00e9o) : http:\/\/www.francetvinfo.fr\/elections\/presidentielle\/marine-le-pen-emmanuel-macron-est-le-jean-claude-van-damme-de-la-politique_2117163.html<\/p>\n<p>-&#8220;Je comprends les 500 fr\u00e8res en Guyane. Il y a une immigration clandestine massive cause de l&#8217;ins\u00e9curit\u00e9. Il faut que l&#8217;\u00e9tat y reprenne pied. Je me moque d&#8217;\u00eatre \u00e9cout\u00e9e mais il faut que cela cesse. Le secret de l&#8217;instruction est r\u00e9guli\u00e8rement viol\u00e9. Il y a un doute l\u00e9gitime sur l&#8217;ind\u00e9pendance des juges adh\u00e9rents du Syndicat de la Magistrature. Il n&#8217;y a pas de d\u00e9bat sur l&#8217;euro en France. Il y avait une grande majorit\u00e9 pour la constitution europ\u00e9enne, apr\u00e8s le d\u00e9bat, le non l&#8217;a emport\u00e9. La nationalit\u00e9 fran\u00e7aise doit s&#8217;h\u00e9riter ou se m\u00e9riter. Avec M. Poutine, je suis all\u00e9e discuter du terrorisme, pas demander des conseils comme l&#8217;ont fait M. Macron et M. Fillon avec Mme Merkel&#8221; (Marine Le Pen \u00e9tait l&#8217;invit\u00e9e de la matinale d&#8217;Europe 1; interrog\u00e9e par Thomas Sotto et Fabien Damias; vid\u00e9os) : http:\/\/www.dailymotion.com\/video\/x5gcu7r_marine-le-pen-je-me-moque-d-etre-ecoutee-mais-l-etat-doit-cesser-ces-methodes_news                                          http:\/\/www.dailymotion.com\/video\/x5gczge_marine-le-pen-la-nationalite-francaise-doit-s-heriter-ou-se-meriter_news<\/p>\n<p>-&#8220;La France a un h\u00e9ritage chr\u00e9tien qui appartient \u00e0 tous, partag\u00e9 par ceux qui croient en d&#8217;autres religions ou qui ne croient pas. Le peuple doit redevenir le sujet principal de la d\u00e9mocratie en France&#8221; (face \u00e0 Natacha Poloni; vid\u00e9o) : http:\/\/www.dailymotion.com\/video\/x5gd0me_la-culture-et-l-heritage-les-oublies-de-la-campagne-presidentielle_news<\/p>\n<p>-&#8220;Marine Le Pen et Vladimir Poutine&#8221; (Thomas Legrand; son) : https:\/\/www.franceinter.fr\/emissions\/l-edito-politique\/l-edito-politique-27-mars-2017<\/p>\n<p>-Fran\u00e7ais, ils vivent \u00e0 Londres. Leur regard sur les \u00e9lections (vid\u00e9o) : http:\/\/www.francetvinfo.fr\/politique\/emmanuel-macron\/dans-ma-rue-francais-ils-vivent-a-londres_2117527.html<\/p>\n<p><strong>-&#8220;Les ind\u00e9cis d\u00e9cideront-ils de l&#8217;\u00e9lection ?&#8221; (C\u00e9line Braconnier, directrice de Sciences Po Saint-Germain-en-Laye et le sociologue Antoine Jardin; invit\u00e9s de Guillaume Erner; sons) :<\/strong> https:\/\/www.franceculture.fr\/emissions\/linvite-des-matins\/les-indecis-decideront-ils-de-lelection#xtor                                                                     https:\/\/www.franceculture.fr\/emissions\/linvite-des-matins-2eme-partie\/les-indecis-decideront-ils-de-lelection-2eme-partie<\/p>\n<p><em>-Les chefs d&#8217;entreprises et les candidats \u00e0 l&#8217;\u00e9lection pr\u00e9sidentielle (OPINION-WAY) : <\/em> https:\/\/www.opinion-way.com\/fr\/component\/edocman\/?task=document.viewdoc&#038;id=1578&#038;Itemid=0<\/p>\n<p><em>-Les Fran\u00e7ais et les programmes \u00e9lectoraux (OPINION-WAY) <\/em> : https:\/\/www.opinion-way.com\/fr\/component\/edocman\/?task=document.viewdoc&#038;id=1574&#038;Itemid=0<\/p>\n<p><em>-La place des affaires dans la campagne \u00e9lectorale (IFOP) :<\/em> http:\/\/www.ifop.com\/?option=com_publication&#038;type=poll&#038;id=3706<\/p>\n<p><em>-Les intentions de vote et l&#8217;\u00e9tat d&#8217;esprit des Fran\u00e7ais \u00e0 quatre semaines du premier tour (IPSOS) :<\/em> http:\/\/www.ipsos.fr\/decrypter-societe\/2017-03-28-presidentielle-2017-l-etat-d-esprit-francais-4-semaines-l-election-presidentielle<\/p>\n<p><em>-Les intentions de vote au 27 mars (OPINION-WAY)<\/em> : http:\/\/opinionlab.opinion-way.com\/opinionlab\/832\/627\/presitrack.html#m6<\/p>\n<p><em>-Le m\u00eame (IFOP) <\/em> : http:\/\/dataviz.ifop.com:8080\/HNS\/HNSAdmin\/start.appli?appid=60930&#038;logonUser=USERWEB&#038;logonPswcd=ZnJhbmNvaXNF<\/p>\n<p><strong>EUROPE-MONDE<\/strong><\/p>\n<p>-Les 27 tentent de renouveler le projet europ\u00e9en (Georgi Gotev) : http:\/\/www.euractiv.fr\/section\/avenir-de-l-ue\/news\/on-eus-60th-anniversary-leaders-give-union-a-10-year-horizon\/?nl_ref<\/p>\n<p><strong>-&#8220;A Rome, une d\u00e9claration commune mais pas de recette miracle. Les critiques s&#8217;amplifient et il y a une raison \u00e0 cela&#8221; (Sarantis Michalopoulos) <\/strong> : http:\/\/www.euractiv.fr\/section\/avenir-de-l-ue\/news\/eu-citizens-send-strong-anti-nationalist-message-from-rome\/?nl_ref<\/p>\n<p><strong>-&#8220;L&#8217;Europe risque d&#8217;\u00eatre marginalis\u00e9e&#8221; (Romano Prodi, ancien pr\u00e9sident de la Commission europ\u00e9enne; propos recueillis par Laurent Marchand) : <\/strong> http:\/\/www.ouest-france.fr\/europe\/romano-prodi-l-europe-risque-d-etre-marginalisee-4881531<\/p>\n<p><strong>-&#8220;Les banques europ\u00e9ennes restent accroc aux paradis fiscaux&#8221; (C\u00e9cile Barbi\u00e8re) : <\/strong> http:\/\/www.euractiv.fr\/section\/economie\/news\/les-banques-europeennes-restent-accro-aux-paradis-fiscaux\/?nl_ref<\/p>\n<p>-&#8220;Le mensonge des Etats sur leurs for\u00eats irrite la Commission europ\u00e9enne&#8221; (James Crisp): http:\/\/www.euractiv.fr\/section\/climat\/news\/leaked-paper-exposes-eu-countries-abuse-of-climate-loophole\/?nl_ref<\/p>\n<p><strong>-Monsanto accus\u00e9 de corruption scientifique pour sauver le glyphosate (Sarantis Michalopoulos) :<\/strong> http:\/\/www.euractiv.fr\/section\/agriculture-alimentation\/news\/green-ngos-blame-monsanto-for-buying-science-to-save-glyphosate\/?nl_ref<\/p>\n<p><strong>-Europol veut coop\u00e9rer avec l&#8217;Afrique dans la lutte contre les passeurs (Nicole Sagener) :<\/strong> http:\/\/www.euractiv.fr\/section\/l-europe-dans-le-monde\/news\/europol-teases-more-african-cooperation-in-fight-against-people-smugglers\/?nl_ref<\/p>\n<p><strong>-&#8220;Juncker pr\u00e9vient les Etats Unis d&#8217;un risque de guerre dans les Balkans si l&#8217;Union europ\u00e9enne s&#8217;effondre&#8221; (Georgi Gotev) :<\/strong> http:\/\/www.euractiv.fr\/section\/politique\/news\/juncker-to-us-if-the-eu-collapses-there-will-be-war-in-balkans\/?nl_ref<\/p>\n<p>-La pr\u00e9sidence maltaise voudrait boucler la directive sur les travailleurs d\u00e9tach\u00e9s d&#8217;ici juin (Catherine Stupp) : http:\/\/www.euractiv.fr\/section\/economie\/news\/divides-deepen-between-member-states-over-posted-workers-bill\/?nl_ref<\/p>\n<p>-&#8220;Rajoy et le cauchemar \u00e9cossais&#8221; (le journaliste espagnol Juan Jose Durado; son) : https:\/\/www.franceinter.fr\/emissions\/meridien-d-europe\/meridien-d-europe-27-mars-2017<\/p>\n<p>-La CDU d&#8217;Angela Merkel a remport\u00e9 les \u00e9lections r\u00e9gionales en Sarre (vid\u00e9o) : http:\/\/www.francetvinfo.fr\/monde\/europe\/elections-en-allemagne\/allemagne-une-victoire-electorale-qui-reconforte-angela-merkel_2116899.html<\/p>\n<p>-&#8220;Schulz serait une chance pour l&#8217;Europe sociale&#8221; (Thomas Opperman, pr\u00e9sident du groupe du SPD au Parlement allemand; propos recueillis par Sarantis Michalopoulos) : http:\/\/www.euractiv.fr\/section\/elections\/interview\/spd-chairman-austerity-is-an-ideology-not-a-successful-economic-strategy\/?nl_ref<\/p>\n<p><strong>-Le r\u00e9gime su\u00e9dois de retraites moins favorable que le fran\u00e7ais (vid\u00e9o) : <\/strong> http:\/\/www.francetvinfo.fr\/economie\/retraite\/reforme-des-retraites\/retraites-la-suede-est-elle-un-modele_2117503.html<\/p>\n<p><strong>-&#8220;Prague dit oui \u00e0 une d\u00e9fense commune mais non \u00e0 une Europe \u00e0 plusieurs vitesses&#8221; (Lukas Hendrych) :<\/strong> http:\/\/www.euractiv.fr\/section\/avenir-de-l-ue\/news\/czechs-before-rome-no-to-multi-speed-yes-to-common-defence\/?nl_ref<\/p>\n<p>-Le centre droit du premier ministre l&#8217;emporte aux \u00e9lections l\u00e9gislatives en Bulgarie tandis que les socialistes, favorables \u00e0 un rapprochement avec la Russie, ne renouvellent pas leur succ\u00e8s de l&#8217;\u00e9lection pr\u00e9sidentielle (Georgi Gotev) : http:\/\/www.euractiv.fr\/section\/elections\/news\/borissovs-gerb-wins-bulgarian-election-difficult-coalition-talks-ahead\/?nl_ref<\/p>\n<p>-En Russie, des manifestations dans plusieurs villes et des arrestations (vid\u00e9o) : http:\/\/www.francetvinfo.fr\/monde\/russie\/video-des-centaines-de-manifestants-arretes-en-russie_2115851.html<\/p>\n<p>-&#8220;A Mossoul, les civils paient cher la guerre \u00e0 l&#8217;Etat islamique&#8221; (R\u00e9my Ourdan) :  https:\/\/www.letemps.ch\/monde\/2017\/03\/27\/mossoul-civils-paient-cher-guerre-letat-islamique?utm_source<\/p>\n<p><strong>-&#8220;Au del\u00e0 du d\u00e9sastre, penser et agir avec les d\u00e9mocrates syriens&#8221; (Jack Ralite) : <\/strong> http:\/\/www.humanite.fr\/au-dela-du-desastre-penser-et-agir-avec-les-democrates-syriens-633888<\/p>\n<p><strong>-Selon la ministre du tourisme, &#8220;la s\u00e9curit\u00e9 est r\u00e9tablie en Tunisie&#8221; (invit\u00e9e de Jean-Paul Chapel; vid\u00e9o) :<\/strong> http:\/\/www.francetvinfo.fr\/faits-divers\/tueries\/meurtre-terroriste-de-londres\/video-tunisie-la-securite-est-retablie-selon-la-ministre-du-tourisme_2111461.html<\/p>\n<p><strong>-36 millions de personnes et quatre pays concern\u00e9s par la famine en Afrique (vid\u00e9o) : <\/strong><br \/>\nhttp:\/\/www.francetvinfo.fr\/monde\/somalie\/famine-somalie\/famine-en-afrique-36-millions-de-personnes-et-quatre-pays-concernes_2116901.html<\/p>\n<p>-En Chine, le vrai boom de l&#8217;industrie du faux (Cl\u00e9ment Burge) : https:\/\/www.letemps.ch\/economie\/2017\/03\/26\/marques-suisses-se-lancent-lassaut-contrefacon-chinoise?utm_campaign<\/p>\n<p><strong>CULTURE-MEDIA<\/strong><\/p>\n<p>-&#8220;Un lien de sang et de sens unit la politique et le livre&#8221; (Nicolas Domenach; vid\u00e9o) : http:\/\/www.rtl.fr\/culture\/arts-spectacles\/salon-du-livre-2017-un-lien-de-sang-et-de-sens-unit-la-politique-et-le-livre-clame-nicolas-domenach-7787836235<\/p>\n<p>-Anne Nivat, auteure de &#8220;Dans quelle France vit-on ?&#8221; (vid\u00e9o) : http:\/\/www.lci.fr\/replay\/l-invitee-de-8h45-anne-nivat-auteure-de-l-ouvrage-dans-quelle-france-on-vit-2030366.html%3Ftype=content<\/p>\n<p>-Du 2 au 21 mai au Th\u00e9\u00e2tre du Rond-Point \u00e0 Paris, &#8220;La Joun\u00e9e d&#8217;une r\u00eaveuse&#8221; mise en sc\u00e8ne par l&#8217;acteur Pierre Maillet (cit\u00e9 par Emmanuelle Bouchez) : http:\/\/www.telerama.fr\/sortir\/au-theatre-pierre-maillet-aspire-a-pousser-l-art-du-jeu-le-plus-loin-possible,155745.php#xtor<\/p>\n<p>-&#8220;Je ne publie pas des recueils pour satisfaire le petit milieu de la po\u00e9sie&#8221; (Bruno Doucey, cr\u00e9ateur de la maison d&#8217;\u00e9dition qui porte son nom; entretien r\u00e9alis\u00e9 par Julie Biet) : http:\/\/www.telerama.fr\/sortir\/bruno-doucey-je-ne-publie-pas-des-recueils-pour-satisfaire-le-petit-milieu-de-la-poesie,155835.php#xtor<\/p>\n<p>-Le CNRS cr\u00e9e une application capable d&#8217;analyser les comportements dans les mus\u00e9es des visiteurs qui regardent les tableaux (Nicolas Delesalle) : http:\/\/www.telerama.fr\/scenes\/comment-regardons-nous-les-oeuvres-d-art,155832.php#xtor<\/p>\n<p><strong>-Le Centre Pompidou a inspir\u00e9 le designer am\u00e9ricain Tinker Hatfield pour cr\u00e9er la chaussure Nike Air Max (Fran\u00e7ois Chevalier; vid\u00e9o) : <\/strong> http:\/\/www.telerama.fr\/sortir\/tinker-hatfield-l-homme-qui-s-est-inspire-du-centre-pompidou-pour-creer-la-nike-air-max,155634.php#xtor<\/p>\n<p>-Jusqu&#8217;au 21 mai, au Gemeentemuseum de La Haye, on f\u00eate Mondrian (Sophie Berthier) : http:\/\/www.telerama.fr\/sortir\/a-la-haye-on-fete-mondrian-un-genie-au-carre,155752.php#xtor<\/p>\n<p>-Jusqu&#8217;au 15 avril \u00e0 la Galerie Marian Goodman \u00e0 Paris, voir les films tendres et inventifs de William Kentridge, une star de l&#8217;art contemporain (Laurent Boudier) : http:\/\/www.telerama.fr\/sortir\/l-univers-poetique-et-tres-sensible-de-william-kentridge,155815.php#xtor <\/p>\n<p><strong>-Voir ici &#8220;Felix in exile&#8221; (vid\u00e9o) :<\/strong> https:\/\/www.youtube.com\/watch?v=k5w_CkyPapY<\/p>\n<p>-Il expose son process cr\u00e9atif (vid\u00e9o en anglais) : https:\/\/www.youtube.com\/watch?v=SmaXqktW3A8<\/p>\n<p>-&#8220;La Belle et la b\u00eate&#8221;, le dernier succ\u00e8s de Disney, est en train de conqu\u00e9rir le public fran\u00e7ais, en d\u00e9pit de la pol\u00e9mique anti-gay (Caroline Besse; vid\u00e9o) : http:\/\/www.telerama.fr\/cinema\/la-belle-et-la-bete-nouveau-succes-de-disney-malgre-la-polemique-anti-gay,155817.php#xtor<\/p>\n<p>-&#8220;Une Vie ailleurs&#8221; d&#8217;Olivier Peyon avec Ramzy Badia, invit\u00e9 de Claire Chazal (son du 25 mars) : https:\/\/www.radioclassique.fr\/radio\/emissions\/l-invite-culture-de-claire-chazal\/<\/p>\n<p>-Les premiers jours de The Weeknd (Laurent Rigoulet; son) : http:\/\/www.telerama.fr\/musique\/les-premiers-jours-de-the-weeknd,155807.php#xtor<\/p>\n<p><strong>-Une histoire de poche de la bossa nova (Rebecca Manzoni; vid\u00e9o) : <\/strong> https:\/\/www.franceinter.fr\/emissions\/pop-co\/pop-co-27-mars-2017<\/p>\n<p><strong>-&#8220;On est servi par une actualit\u00e9, une campagne inou\u00efes&#8221; (Caroline Roux, invit\u00e9e de Thomas Joubert; vid\u00e9o) :<\/strong> http:\/\/www.dailymotion.com\/video\/x5gddn1_caroline-roux-on-est-servi-par-une-campagne-inouie_news<\/p>\n<p>-Le samedi \u00e0 17 heures sur France Inter, &#8220;Les Routes de la musique&#8221; avec Andr\u00e9 Manoukian (Aude Dassonville) : http:\/\/www.telerama.fr\/radio\/plaisirs-pharaoniques-sur-france-inter,155229.php#xtor<\/p>\n<p><strong>-Ecouter ici les derni\u00e8res \u00e9missions (sons) :<\/strong> https:\/\/www.franceinter.fr\/emissions\/les-routes-de-la-musique<\/p>\n<p><strong>-Sur France Culture, &#8220;La Fabrique de l&#8217;histoire&#8221; d&#8217;Emmanuel Laurentin. Ecouter ici ses derni\u00e8res \u00e9missions (sons) :<\/strong> https:\/\/www.franceculture.fr\/emissions\/la-fabrique-de-lhistoire<\/p>\n<p>-Natacha Poloni lance son site internet payant, sans publicit\u00e9. Pour tous, le mod\u00e8le, c&#8217;est Mediapart (Marc Baudriller; son du 27 mars) : https:\/\/www.radioclassique.fr\/radio\/emissions\/matinale-de-radio-classique\/la-vie-des-medias\/<\/p>\n<p><strong>-&#8220;Marine pr\u00e9f\u00e8re Poupou \u00e0 Papa&#8221; (Nicolas Canteloup, en pr\u00e9sence de la candidate du FN; vid\u00e9o) :<\/strong> http:\/\/www.dailymotion.com\/video\/x5gd37z_jean-marie-le-pen-marine-prefere-poupou-a-papa_news<\/p>\n<p><strong>-&#8220;Le cabinet noir&#8221; (Sophia Aram; vid\u00e9o) :<\/strong> http:\/\/www.dailymotion.com\/video\/x5gd55n<\/p>\n<p>-&#8220;M\u00eame si Marine perd, Vlad lui envoie les chars pour qu&#8217;elle gagne quand m\u00eame&#8221; (Charline Vanhoenacker; vid\u00e9o) : http:\/\/www.dailymotion.com\/video\/x5gd4cd_vlad-meme-si-marine-le-pen-perd-il-lui-envoie-les-chars-pour-qu-elle-gagne-quand-meme-le-billet-de-c_tv<\/p>\n","protected":false},"excerpt":{"rendered":"<p>ACTUALITE -&#8220;En Guyane, les raisons de la col\u00e8re&#8221; (vid\u00e9o) : http:\/\/www.francetvinfo.fr\/economie\/crise-en-guyane\/greve-generale-en-guyane-les-raisons-de-la-colere-de-la-population_2117541.html -Le soutien massif de la population (Marie-Pierre Courtellemont; vid\u00e9o) : http:\/\/www.francetvinfo.fr\/economie\/crise-en-guyane\/greve-generale-en-guyane-la-population-soutient-massivement-le-mouvement_2117537.html -Trois chiffres pour le comprendre : http:\/\/www.francetvinfo.fr\/economie\/crise-en-guyane\/crise-en-guyane-trois-chiffres-pour-comprendre-les-raisons-de-la-colere_2116703.html -Qui sont les &#8220;500 fr\u00e8res&#8221; ? (vid\u00e9o) : http:\/\/www.francetvinfo.fr\/economie\/crise-en-guyane\/video-crise-en-guyane-qui-sont-les500freres_2117099.html -&#8220;Pourquoi les Guyanais sont en col\u00e8re ?&#8221; (Patrick Karam, ancien d\u00e9l\u00e9gu\u00e9 interminist\u00e9riel de Nicolas Sarkozy aupr\u00e8s des [&hellip;]<\/p>\n","protected":false},"author":1042,"featured_media":0,"comment_status":"open","ping_status":"open","sticky":false,"template":"","format":"standard","meta":{"_themeisle_gutenberg_block_has_review":false,"footnotes":""},"categories":[151],"tags":[],"class_list":["post-10288","post","type-post","status-publish","format-standard","hentry","category-la-revue-de-presse-de-lulu"],"_links":{"self":[{"href":"https:\/\/archives.regards.fr\/index.php?rest_route=\/wp\/v2\/posts\/10288","targetHints":{"allow":["GET"]}}],"collection":[{"href":"https:\/\/archives.regards.fr\/index.php?rest_route=\/wp\/v2\/posts"}],"about":[{"href":"https:\/\/archives.regards.fr\/index.php?rest_route=\/wp\/v2\/types\/post"}],"author":[{"embeddable":true,"href":"https:\/\/archives.regards.fr\/index.php?rest_route=\/wp\/v2\/users\/1042"}],"replies":[{"embeddable":true,"href":"https:\/\/archives.regards.fr\/index.php?rest_route=%2Fwp%2Fv2%2Fcomments&post=10288"}],"version-history":[{"count":0,"href":"https:\/\/archives.regards.fr\/index.php?rest_route=\/wp\/v2\/posts\/10288\/revisions"}],"wp:attachment":[{"href":"https:\/\/archives.regards.fr\/index.php?rest_route=%2Fwp%2Fv2%2Fmedia&parent=10288"}],"wp:term":[{"taxonomy":"category","embeddable":true,"href":"https:\/\/archives.regards.fr\/index.php?rest_route=%2Fwp%2Fv2%2Fcategories&post=10288"},{"taxonomy":"post_tag","embeddable":true,"href":"https:\/\/archives.regards.fr\/index.php?rest_route=%2Fwp%2Fv2%2Ftags&post=10288"}],"curies":[{"name":"wp","href":"https:\/\/api.w.org\/{rel}","templated":true}]}}