{"id":10287,"date":"2017-03-27T00:30:00","date_gmt":"2017-03-26T22:30:00","guid":{"rendered":"https:\/\/wp.muchomaas.com\/article-macron-le-produit-de-la-situation\/"},"modified":"2017-03-27T00:30:00","modified_gmt":"2017-03-26T22:30:00","slug":"article-macron-le-produit-de-la-situation","status":"publish","type":"post","link":"https:\/\/archives.regards.fr\/?p=10287","title":{"rendered":"Macron, le produit de la situation"},"content":{"rendered":"<p class=\"post_excerpt\">Mirage sur le point de s&#8217;\u00e9vanouir ou aboutissement logique de la d\u00e9composition politique ? \u00c0 un mois de l&#8217;\u00e9lection, presque toutes les conditions semblent r\u00e9unies pour faire d&#8217;Emmanuel Macron, candidat de synth\u00e8se, le premier pr\u00e9sident post-politique.\n<\/p>\n<p>On a longtemps moqu\u00e9 la vacuit\u00e9 de son discours, on a guett\u00e9 l&#8217;\u00e9clatement de la bulle, et on t\u00e2che maintenant d&#8217;avoir confiance dans la capacit\u00e9 des sondages \u00e0 se tromper ou dans la part d&#8217;\u00e9lecteurs ind\u00e9cis. Mais \u00e0 un mois du scrutin, la perspective de voir Emmanuel Macron \u00e9lu pr\u00e9sident de la R\u00e9publique est de moins en moins improbable. Si rien n&#8217;est jou\u00e9, les circonstances actuelles aussi bien que les tendances lourdes de la vie politique ouvrent un boulevard devant lui.<\/p>\n<h2>Candidat de synth\u00e8se<\/h2>\n<p>Ce n&#8217;est pas tout \u00e0 fait anecdotique : lors du &#8220;grand d\u00e9bat&#8221; de lundi sur TF1, Emmanuel Macron s&#8217;est d\u00e9clar\u00e9 d&#8217;accord avec les autres candidats <a href=\" https:\/\/twitter.com\/LibeDesintox\/status\/844189698989932544\">\u00e0 une quinzaine de reprises<\/a>. L&#8217;ancien ministre de l&#8217;\u00c9conomie a atteint le point z\u00e9ro de l&#8217;id\u00e9ologie actuelle, o\u00f9 toutes les forces s&#8217;annulent pour le placer en \u00e9tat d&#8217;apesanteur, &#8220;au-dessus des partis&#8221;, dans la zone de consensus maximal. Macron est moins le candidat d&#8217;une synth\u00e8se \u2013 d&#8217;un compromis entre la gauche et la droite \u2013, qu&#8217;un candidat de synth\u00e8se, un artefact, l&#8217;aboutissement de l&#8217;effacement (fictif) de la diff\u00e9rence entre la droite et la gauche.<\/p>\n<p>\u00c0 force de d\u00e9cr\u00e9ter la fin de la pertinence du clivage gauche-droite, tout en continuant \u00e0 utiliser ces \u00e9tiquettes, on a <a href=\"https:\/\/wp.muchomaas.com\/qui-veut-la-peau-de-roger-martelli\/article\/presidentielle-se-sortir-de-la-crise-politique\">rendu possible la chim\u00e9rique victoire du centre<\/a> \u2013 ou de l&#8217;extr\u00eame centre selon l&#8217;expression du philosophe Alain Deneault[[Lire l&#8217;entretien dans le prochain num\u00e9ro de Regards<\/em>.]]. Ce serait la victoire de l&#8217;abolition de la politique, du trou noir qui s&#8217;est form\u00e9 l\u00e0 o\u00f9 le pouvoir s&#8217;exerce (ou plut\u00f4t renonce \u00e0 s&#8217;exercer). Macron, homme d\u00e9politique, candidat de la <a href=\"http:\/\/blog.mondediplo.net\/2016-11-22-Politique-post-verite-ou-journalisme-post\">post-politique<\/a>, est celui que tout m\u00e8ne au pouvoir. <\/p>\n<p>On peut en effet railler son discours creux d&#8217;\u00e9tudiant en \u00e9cole de commerce, ses paroles qui semblent issues d&#8217;un <a href=\"https:\/\/wp.muchomaas.com\/web\/article\/macron-portrait-du-liquidateur\">g\u00e9n\u00e9rateur de poncifs<\/a>, mais c&#8217;est ce qui fait en partie sa force. Aujourd&#8217;hui, il se sert \u00e0 rien de faire sens ; le sens fait \u00e9merger des contradictions, des polarit\u00e9s, des asp\u00e9rit\u00e9s qui accrochent le sens critique de ceux qui \u00e9coutent. Il vaut mieux, au contraire, se glisser dans le courant, ce qui permet de ne pas \u00eatre disqualifi\u00e9 comme &#8220;irr\u00e9aliste&#8221;, &#8220;utopique&#8221; ou &#8220;populiste&#8221;. Macron est le candidat naturel de notre \u00e9poque, sa cr\u00e9ature. <\/p>\n<h2>Lib\u00e9ral nouvelle formule<\/h2>\n<p>La petite musique de Macron est une musique d&#8217;ascenseur : l\u00e9nifiante, elle n&#8217;attire pas l&#8217;attention, elle est dans son \u00e9l\u00e9ment. Lui-m\u00eame peut n&#8217;\u00eatre qu&#8217;une image, une marque. Le produit (jeune, enthousiaste, moderne), c&#8217;est le message, et le message passe tr\u00e8s bien tant les esprits ont \u00e9t\u00e9 form\u00e9s au langage publicitaire. Faire moins de part aux projets et aux id\u00e9es qu&#8217;aux strat\u00e9gies de communication et au marketing \u00e9lectoral favorise n\u00e9cessairement <a href=\"https:\/\/wp.muchomaas.com\/web\/article\/macron-emballage-sous-vide\">le meilleur produit<\/a>. L&#8217;av\u00e8nement de Macron, c&#8217;est l&#8217;emballage final.<\/p>\n<p>On peut vendre avec succ\u00e8s un technocrate pur jus en lui aposant un label &#8220;nouvelle formule&#8221;, le positionner comme l&#8217;incarnation d&#8217;une <a href=\"https:\/\/wp.muchomaas.com\/je-vois-rouge-par-clementine\/article\/macron-la-revolution-dans-la-continuite\">&#8220;r\u00e9volution&#8221;<\/a> alors qu&#8217;il a \u00e9t\u00e9 enfant\u00e9 au c\u0153ur des \u00e9lites politiques et \u00e9conomiques (l\u00e0 est la synth\u00e8se qu&#8217;il accomplit). Il parvient m\u00eame \u00e0 s&#8217;affranchir d&#8217;un quinquennat dont il a \u00e9t\u00e9 un des principaux ordonnateurs. Le changement est de pure forme : ce qu&#8217;il a de pens\u00e9e exprime une adh\u00e9sion enthousiaste, quasiment inconsciente \u00e0 la doctrine lib\u00e9rale et notamment \u00e0 la poursuite des politiques exig\u00e9es par l&#8217;Union europ\u00e9enne. Sa vision volontariste du capitalisme num\u00e9rique \u00e0 venir, sa volont\u00e9 affich\u00e9e de lutter contre les rentes ne menacent personne, <a href=\"https:\/\/wp.muchomaas.com\/web\/article\/la-loi-macron-ou-comment-revenir\">comme la loi qui porte son nom l&#8217;a montr\u00e9<\/a>. Il promet en r\u00e9alit\u00e9 <a href=\"https:\/\/wp.muchomaas.com\/web\/article\/macron-derriere-les-formules-quel-projet-politique\">la continuation de ce qui a d\u00e9j\u00e0 \u00e9chou\u00e9<\/a>.<\/p>\n<p>Cette id\u00e9ologie garde cependant la puissance de la doxa lib\u00e9rale, elle est con\u00e7ue pour aller de soi, pour dissimuler l&#8217;\u00e9lision du d\u00e9bat qui la fonde : il n&#8217;y a pas de d\u00e9bat, c&#8217;est-\u00e0-dire pas d&#8217;alternative, les r\u00e9formes sont n\u00e9cessaires, les r\u00e9gressions sociales fatales. Macron reproduit la parole des \u00e9ditorialistes, des experts, de toutes les autorit\u00e9s \u00e9vang\u00e9lisatrices. La capacit\u00e9 \u00e0 &#8220;r\u00e9former&#8221; est une vertu en soi[[Ce qui l&#8217;avait conduit \u00e0 <a href=\"https:\/\/wp.muchomaas.com\/web\/article\/emmanuel-macron-en-flagrant-delit\">saluer le courage de Margaret Thatcher<\/a> \u2013figure tut\u00e9laire du <em>There is no alternative<\/em>.]]. Les mod\u00e8les, ce sont des pays o\u00f9 le ch\u00f4mage ne baisse qu&#8217;au profit de la pr\u00e9carit\u00e9, de la pauvret\u00e9 et des in\u00e9galit\u00e9s (<a href=\"https:\/\/wp.muchomaas.com\/web\/article\/contre-le-chomage-un-absurde-pacte\">un contrat social constamment dissimul\u00e9<\/a>) et o\u00f9 le d\u00e9litement de la d\u00e9mocratie conduit \u00e0 des catastrophes \u00e9lectorales. <\/p>\n<h2>Ni alternative ni alternance<\/h2>\n<p>Si &#8220;l&#8217;utopie&#8221; commence avec le programme de Hamon, alors on comprend que le Parti pragmatiste tient son candidat\u00a0dans cette mise \u00e0 jour de l&#8217;homme politique classique. Il a l&#8217;intelligence op\u00e9rationnelle des managers et des ambitieux, il sait comment fonctionne le pouvoir et marchent les affaires. Un profil rassurant pour les march\u00e9s, comme on dit dans la chronique \u00e9co, et pour tous ceux que l&#8217;instabilit\u00e9 et le changement menacent. Macron conjure le spectre du &#8220;populisme&#8221;, assurera une bonne &#8220;gouvernance&#8221;. Il peut laisser \u00e0 la droite r\u00e9actionnaire ses passions identitaires, aux R\u00e9publicains leur tropisme partisan, \u00e0 Fillon ses turpitudes et \u00e0 Le Pen son infamie.<\/p>\n<p>Il reste l&#8217;homme d&#8217;une droite lib\u00e9rale si banalis\u00e9e, si transform\u00e9e en nature qu&#8217;elle n&#8217;a pas besoin de se dire de droite \u2013 m\u00eame si le profil de ses ralli\u00e9s des deux &#8220;bords&#8221; ne laisse aucun doute \u00e0 ce sujet. Au moins pr\u00e9cipite-t-il une &#8220;clarification&#8221; dont le PS s&#8217;est montr\u00e9 incapable. Apr\u00e8s des d\u00e9cennies d&#8217;alternances fictives, d&#8217;\u00e9rosion des diff\u00e9rences entre la gauche et la droite qui gouvernent, Macron efface le clivage et annule l&#8217;alternance. Plus besoin de choisir entre Blair et Cameron, Schr\u00f6der et Merkel, Zapatero et Rajoy, Gattaz et la CFDT.<\/p>\n<p>Son m\u00e9rite est de ne pas \u00eatre obs\u00e9d\u00e9 par les questions d&#8217;identit\u00e9, de religion, de la\u00efcit\u00e9, et malgr\u00e9 sa tendance \u00e0 \u00eatre d&#8217;accord avec tout le monde, sa modernit\u00e9 \u00e0 lui semble exclure l&#8217;ultraconservatisme des franges radicalis\u00e9es de la droite. Il parvient ainsi \u00e0 <a href=\"https:\/\/wp.muchomaas.com\/web\/article\/marc-endeweld-macron-est-ideologiquement-le-bebe-de-hollande\">rallier \u00e0 la fois<\/a> les start-uppers qui veulent &#8220;lib\u00e9rer les \u00e9nergies&#8221; et ceux qui ont de bonnes raisons de penser qu&#8217;il faut &#8220;d\u00e9bloquer la soci\u00e9t\u00e9&#8221;, tant leur situation est effectivement bloqu\u00e9e. L&#8217;ub\u00e9risation m\u00e8ne dans l&#8217;impasse, mais marchons.<\/p>\n<h2>Le vote utile ultime<\/h2>\n<p>S&#8217;il ratisse aussi large, c&#8217;est aussi parce qu&#8217;il appara\u00eet comme un moindre mal dans un contexte o\u00f9 tout concourt \u00e0 en faire aussi le candidat par d\u00e9faut. Fillon s&#8217;est discr\u00e9dit\u00e9 tout seul, entra\u00eenant son parti dans sa d\u00e9b\u00e2cle. Hamon est handicap\u00e9 par le quinquennat, par les intenables contradictions id\u00e9ologiques du PS et par les d\u00e9fections en son sein. Quant \u00e0 M\u00e9lenchon et la France insoumise, sauf miracle, leur projet s&#8217;inscrit dans une temporalit\u00e9 peu compatible avec les \u00e9ch\u00e9ances de 2017. L&#8217;incapacit\u00e9 \u00e0 refonder une gauche critique a aussi fait le lit de Macron.<\/p>\n<p>Le voici donc seul face \u00e0 Le Pen ; notre sauveur peut ouvrir les bras et laisser venir \u00e0 lui les petits enfants : voil\u00e0 le vote utile ultime. Pour les \u00e9lecteurs des partis de gouvernement ; pour ceux qui veulent seulement \u00e9carter la honte Fillon et le danger frontiste ; pour ceux qui ne veulent surtout pas voir progresser une critique cr\u00e9dible de l&#8217;ordre actuel. Tant pis si un quinquennat Macron a toute chance de n&#8217;\u00eatre que <a href=\"https:\/\/wp.muchomaas.com\/web\/article\/f-utile-macron\">la derni\u00e8re \u00e9tape<\/a> vers un d\u00e9sastre annonc\u00e9.<\/p>\n<p>Cette candidature b\u00e2tie sur du sable peut encore s&#8217;\u00e9crouler, ses b\u00e9ances peuvent appara\u00eetre, l&#8217;engouement s&#8217;\u00e9vanouir dans les urnes. Il ne fait pas bon avoir la faveur des m\u00e9dias institutionnels en ce moment, et les enqu\u00eates d&#8217;opinion ont rappel\u00e9 leurs limites pr\u00e9dictives\u2026 Le candidat des sondages ne sera peut-\u00eatre jamais pr\u00e9sident, et le nouveau Kennedy peut encore finir en Balladur Junior. Cette campagne, comme l&#8217;\u00e9poque, est marqu\u00e9e par un exceptionnel degr\u00e9 d&#8217;incertitude et d&#8217;inattendu. Reste qu&#8217;il y a neuf mois, une victoire de Macron apparaissait improbable. Aujourd&#8217;hui, c&#8217;est plut\u00f4t son \u00e9chec qui constituerait une surprise. <\/p>\n<p><a href=\"https:\/\/twitter.com\/jeromelatta\">@jeromelatta<\/a><\/p>\n","protected":false},"excerpt":{"rendered":"<p>Mirage sur le point de s&#8217;\u00e9vanouir ou aboutissement logique de la d\u00e9composition politique ? \u00c0 un mois de l&#8217;\u00e9lection, presque toutes les conditions semblent r\u00e9unies pour faire d&#8217;Emmanuel Macron, candidat de synth\u00e8se, le premier pr\u00e9sident post-politique. <\/p>\n","protected":false},"author":1188,"featured_media":0,"comment_status":"open","ping_status":"open","sticky":false,"template":"","format":"standard","meta":{"_themeisle_gutenberg_block_has_review":false,"footnotes":""},"categories":[157],"tags":[487,497],"class_list":["post-10287","post","type-post","status-publish","format-standard","hentry","category-web","tag-emmanuel-macron","tag-presidentielle-2017"],"_links":{"self":[{"href":"https:\/\/archives.regards.fr\/index.php?rest_route=\/wp\/v2\/posts\/10287","targetHints":{"allow":["GET"]}}],"collection":[{"href":"https:\/\/archives.regards.fr\/index.php?rest_route=\/wp\/v2\/posts"}],"about":[{"href":"https:\/\/archives.regards.fr\/index.php?rest_route=\/wp\/v2\/types\/post"}],"author":[{"embeddable":true,"href":"https:\/\/archives.regards.fr\/index.php?rest_route=\/wp\/v2\/users\/1188"}],"replies":[{"embeddable":true,"href":"https:\/\/archives.regards.fr\/index.php?rest_route=%2Fwp%2Fv2%2Fcomments&post=10287"}],"version-history":[{"count":0,"href":"https:\/\/archives.regards.fr\/index.php?rest_route=\/wp\/v2\/posts\/10287\/revisions"}],"wp:attachment":[{"href":"https:\/\/archives.regards.fr\/index.php?rest_route=%2Fwp%2Fv2%2Fmedia&parent=10287"}],"wp:term":[{"taxonomy":"category","embeddable":true,"href":"https:\/\/archives.regards.fr\/index.php?rest_route=%2Fwp%2Fv2%2Fcategories&post=10287"},{"taxonomy":"post_tag","embeddable":true,"href":"https:\/\/archives.regards.fr\/index.php?rest_route=%2Fwp%2Fv2%2Ftags&post=10287"}],"curies":[{"name":"wp","href":"https:\/\/api.w.org\/{rel}","templated":true}]}}