{"id":10286,"date":"2017-03-27T06:03:54","date_gmt":"2017-03-27T04:03:54","guid":{"rendered":"https:\/\/wp.muchomaas.com\/article-la-revue-du-27-mars-2017\/"},"modified":"2023-06-23T23:24:23","modified_gmt":"2023-06-23T21:24:23","slug":"article-la-revue-du-27-mars-2017","status":"publish","type":"post","link":"https:\/\/archives.regards.fr\/?p=10286","title":{"rendered":"La Revue du 27 mars 2017"},"content":{"rendered":"<strong>ACTUALITE<\/strong>\n\n<strong>-A l&#8217;appel de 37 organisations, \u00e0 partir d&#8217;aujourd&#8217;hui lundi, gr\u00e8ve g\u00e9n\u00e9rale en Guyane (Marie-Claude Th\u00e9lia; vid\u00e9o) :<\/strong> http:\/\/www.francetvinfo.fr\/economie\/greve\/guyane-les-syndicats-ont-vote-une-greve-generale-des-lundi_2114691.html\n\n-Un mouvement revendicatif qui dure d\u00e9j\u00e0 depuis une semaine (vid\u00e9o) : http:\/\/www.francetvinfo.fr\/societe\/manifestations-regain-de-tension-en-guyane_2114687.html\n\n-Qui souhaite la venue du gouvernement (vid\u00e9o) : http:\/\/www.francetvinfo.fr\/economie\/emploi\/metiers\/agriculture\/guyane-l-ile-souhaite-la-venue-du-gouvernement_2115947.html\n\n<strong>-&#8220;Mayotte, un chantier fran\u00e7ais en cours&#8221; (Vanessa Descouraux; son) : <\/strong> https:\/\/www.franceinter.fr\/emissions\/interception\/interception-26-mars-2017\n\n<strong>-&#8220;Le Havre, une ville injustement oubli\u00e9e&#8221; (Philippe Lefebvre; son) : <\/strong> https:\/\/www.franceinter.fr\/emissions\/decollage-immediat\/decollage-immediat-26-mars-2017\n\n-Etre atteint du Sida et &#8220;dire aujourd&#8217;hui qu&#8217;on sera un jour pr\u00e9sident ou pr\u00e9sidente de la R\u00e9publique de la fin du sida, c&#8217;est possible&#8221; (Jean-Luc Rom\u00e9ro, interrog\u00e9 par Wendy Bouchard; son) : http:\/\/www.europe1.fr\/emissions\/linterview-verite-du-week-end\/jean-luc-romero-dire-aujourdhui-je-serai-le-ou-la-presidente-de-la-fin-du-sida-cest-possible-3194858\n\n<strong>-&#8220;Faites-vous d\u00e9pister !&#8221; (Jean-Fran\u00e7ois Delfraissy, pr\u00e9sident du Comit\u00e9 national d&#8217;\u00e9thique; invit\u00e9 de Pierre Weill; son) : <\/strong> https:\/\/www.franceinter.fr\/emissions\/l-interview-politique\/l-interview-politique-26-mars-2017\n\n-En Dordogne, contre les d\u00e9serts m\u00e9dicaux, une valise reli\u00e9e au SAMU est test\u00e9e (vid\u00e9o) : http:\/\/www.francetvinfo.fr\/sante\/deserts-medicaux-une-valise-reliee-au-samu-testee-en-dordogne_2115717.html\n\n-&#8220;Les villes les plus in\u00e9galitaires de France&#8221; (Centre d&#8217;observation de la soci\u00e9t\u00e9) : http:\/\/www.observationsociete.fr\/revenus\/inegalites-revenus\/quelles-sont-les-villes-les-plus-inegalitaires-de-france.html\n\n<em>-Le niveau de vie des personnes handicap\u00e9es (Minist\u00e8re des Affaires sociales et de la sant\u00e9; documents \u00e0 t\u00e9l\u00e9charger) :<\/em> http:\/\/drees.social-sante.gouv.fr\/etudes-et-statistiques\/publications\/etudes-et-resultats\/article\/le-niveau-de-vie-des-personnes-handicapees-des-differences-marquees-selon-les\n\n<strong>-Aux pieds du Mont-Blanc, la vall\u00e9e de l&#8217;Arve au bord de l&#8217;asphyxie (vid\u00e9o) :<\/strong> http:\/\/www.francetvinfo.fr\/meteo\/particules-fines\/pollution-la-vallee-de-larve-au-bord-de-lasphyxie_2115539.html\n\n-&#8220;La guerre du loup aura-t-elle lieu ?&#8221; (en d\u00e9bat sur FR3 Provence-Alpes; vid\u00e9o) : http:\/\/pluzz.francetv.fr\/videos\/dimanche_en_politique_provence_alpes_,1000080719.html\n\n-Peux-t-on emp\u00eacher crapauds et grenouilles de se faire \u00e9crabouiller sur les routes ? (Nathalie Jolien; vid\u00e9o) : https:\/\/www.letemps.ch\/sciences\/2017\/03\/24\/crapauducs-seaux-filets-peuton-empecher-crapauds-grenouilles-se-faire?utm_source\n\n<strong>-Nicolas Hulot en campagne pour &#8220;l&#8217;Appel des solidarit\u00e9s&#8221;. Il \u00e9tait l&#8217;invit\u00e9 de David Abiker; son, amener le curseur sur 1:00) :<\/strong> http:\/\/www.europe1.fr\/emissions\/c-est-arrive-cette-semaine\/cest-arrive-cette-semaine-250317-3194948  \n\n<em>-L&#8217;appel :<\/em> https:\/\/www.appel-des-solidarites.fr\/       \n\n<strong>-Il \u00e9tait l&#8217;invit\u00e9 de &#8220;C Politique&#8221; et de &#8220;C Pol\u00e9mique&#8221; (vid\u00e9os, amener le curseur sur 3:01) :   <\/strong>                                                                                                            http:\/\/pluzz.francetv.fr\/videos\/c_politique_saison8_,155449877.html                  http:\/\/pluzz.francetv.fr\/videos\/c_polemique.html                                                                                                        \n\n-L&#8217;entra\u00eenement des recues du Raid (vid\u00e9o) : http:\/\/www.francetvinfo.fr\/economie\/emploi\/metiers\/armee-et-securite\/securite-l-entrainement-des-recrues-du-raid_2114657.html                 \n\n<strong>-Une montre \u00e0 10 000 euros offerte \u00e0 Fran\u00e7ois Fillon, &#8220;un cadeau d\u00e9sint\u00e9ress\u00e9&#8221;  :<\/strong> http:\/\/tempsreel.nouvelobs.com\/presidentielle-2017\/20170325.OBS7101\/une-montre-a-10-000-euros-offerte-a-francois-fillon-un-cadeau-desinteresse.html#xtor\n\n-&#8220;Penelope Fillon risque une triple mise en examen&#8221; (Laurent Valdigui\u00e9) : http:\/\/www.lejdd.fr\/Societe\/Justice\/Penelope-Fillon-risque-une-triple-mise-en-examen-856628\n\n<strong>POLITIQUE<\/strong>\n\n<strong>-Le meeting de Jean-Luc M\u00e9lenchon \u00e0 Rennes (vid\u00e9o) <\/strong> : https:\/\/www.youtube.com\/watch?v=SISbYrl07Sc\n\n<strong>-Alexis Corbi\u00e8re, son porte-parole  et  Florian Philippot, vice-pr\u00e9sident du FN dans &#8220;Dimanche en Politique&#8221; anim\u00e9 par Francis Letellier (vid\u00e9o) : <\/strong>http:\/\/www.francetvinfo.fr\/politique\/marine-le-pen\/florian-philippot-estime-que-le-mepris-a-ete-evident-dans-la-gestion-de-la-crise-en-guyane_2115663.html\n\n<strong>-En Picardie, &#8220;Dimanche en Politique&#8221; d\u00e9battait du pouvoir d&#8217;achat avec Thierry Aury, secr\u00e9taire de la f\u00e9d\u00e9ration du PCF de l&#8217;Oise, membre de son Conseil national qui repr\u00e9sentait Jean-Luc M\u00e9lenchon (vid\u00e9o) : <\/strong> http:\/\/pluzz.francetv.fr\/videos\/dimanche_en_politique_picardie_,1000080713.html\n\n-En Midi-Pyr\u00e9n\u00e9es, c&#8217;est le directeur de campagne de Jean-Luc M\u00e9lenchon Manuel Bompard qui participait \u00e0 l&#8217;\u00e9mission (vid\u00e9o) : http:\/\/pluzz.francetv.fr\/videos\/dimanche_en_politique_midi_pyrenees_,1000080689.html\n\n-&#8220;Je suis le candidat d&#8217;un mouvement qui se tourne vers ce que moi j&#8217;appelle un futur d\u00e9sirable. Parce qu&#8217;il y a le terrorisme, la protection des Fran\u00e7ais doit reposer sur des professionnels. Mon projet est parfaitement inscrit dans la r\u00e9alit\u00e9 des entreprises. La prime des enseignants du premier et du second degr\u00e9 doit \u00eatre revaloris\u00e9e pour rendre la carri\u00e8re plus attractive&#8221; (Beno\u00eet Hamon, invit\u00e9 de &#8220;BFM Politique&#8221;; vid\u00e9os) :                                                                                                      http:\/\/www.bfmtv.com\/mediaplayer\/video\/je-suis-le-candidat-d-un-mouvement-qui-se-tourne-vers-ce-que-moi-j-appelle-un-futur-desirable-benoit-hamon-12-927799.html                                                                                             http:\/\/www.bfmtv.com\/mediaplayer\/video\/politiques-au-quotidien-parce-qu-il-y-a-le-terrorisme-la-protection-des-francais-doit-reposer-sur-des-profesisonnels-benoit-hamon-927803.html                                                                                       http:\/\/www.bfmtv.com\/mediaplayer\/video\/questions-d-eco-mon-projet-est-parfaitement-inscrit-dans-la-realite-des-entreprises-benoit-hamon-927805.html  http:\/\/www.bfmtv.com\/mediaplayer\/video\/benoit-hamon-face-aux-francais-la-prime-des-enseignants-du-premier-et-second-degre-doit-etre-revalorisee-pour-rendre-la-carriere-plus-attractive-927825.html    \n\n<strong>-Son face \u00e0 face avec NKM, d\u00e9put\u00e9e LR de l&#8217;Essonne (vid\u00e9o) :<\/strong>\nhttp:\/\/www.bfmtv.com\/mediaplayer\/video\/benoit-hamon-face-a-nathalie-kosciusko-morizet-en-matiere-d-emploi-je-veux-simplement-qu-on-regarde-ce-qui-n-a-pas-marche-et-qu-on-l-arrete-927827.html\n\n<strong>-Les ralliements \u00e0 Macron &#8220;sont des coups de couteaux dans le dos. Quand la d\u00e9mocratie est en danger avec trois candidats \u00e0 cette \u00e9lection pr\u00e9sidentielle, M. Fillon, M. M\u00e9lenchon et Mme Le Pen qui expriment de la fascination pour M. Poutine&#8230;&#8221; (il \u00e9tait l&#8217;invit\u00e9 du &#8220;20 heures&#8221; de France 2 et r\u00e9pondait aux questions de Laurent Delahousse; vid\u00e9o) <\/strong> : http:\/\/www.francetvinfo.fr\/politique\/benoit-hamon\/direct-presidentielle-benoit-hamon-est-l-invite-du-20-heures-de-france-2_2115667.html\n\n-&#8220;Ce qui me frappe, c&#8217;est de voir \u00e0 quel point les Fran\u00e7ais sont perdus&#8221; (Vincent Peillon, invit\u00e9 de &#8220;Questions Politiques&#8221;; vid\u00e9o, amener le curseur sur 2:35) : http:\/\/www.dailymotion.com\/video\/x5gal4b_vincent-peillon-invite-de-questions-politiques_news\n\n-Il a r\u00e9pondu aux questions des auditeurs de France Inter (vid\u00e9o) : http:\/\/www.dailymotion.com\/video\/x5ga1zh_vincent-peillon-repond-aux-auditeurs-de-questions-politiques_news\n\n-Marine Le Pen &#8220;a quand m\u00eame une attraction fatale pour les r\u00e9gimes nationalistes et les pr\u00e9sidents brutaux. Je soutiens Beno\u00eet Hamon mais il est difficile de traiter Jean-Yves Le Drian de traitre&#8221; (la ministre des Familles Laurence Rossignol, invit\u00e9e de la matinale de Franceinfo; son et vid\u00e9os) : http:\/\/www.francetvinfo.fr\/replay-radio\/8h30-politique\/marine-le-pen-est-une-feministe-fictive-estime-laurence-rossignol_2112599.html\n\n<strong>-&#8220;L&#8217;hommage r\u00e9publicain \u00e0 Henri Emmanuelli&#8221; (Fran\u00e7ois Hollande; vid\u00e9o et diaporama) :<\/strong> http:\/\/www.elysee.fr\/videos\/hommage-republicain-a-henri-emmanuelli\/#content                                                                                  http:\/\/www.elysee.fr\/photos\/ceremonie-d-hommage-a-henri-emmanuelli\/#content\n\n-&#8220;Au Parti socialiste, ce n&#8217;est plus le parti qui fait les \u00e9lus, ce sont eux qui font le parti, Jean-Yves Le Drian en Bretagne, G\u00e9rard Collomb \u00e0 Lyon, Anne Hidalgo \u00e0 Paris. Les primaires sont d\u00e9j\u00e0 un processus de destruction du parti puisque ce ne sont plus les militants qui d\u00e9signent le candidat \u00e0 l&#8217;\u00e9lection pr\u00e9sidentielle. Le PS va changer de forme. Emmanuel Macron veut r\u00e9unir dans un gouvernement centre gauche et centre droit&#8221;, le r\u00eave de Giscard d&#8217;Estaing (le politologue Laurent Bouvet, invit\u00e9 de David Abiker; son, amener le curseur sur 10:13) : http:\/\/www.europe1.fr\/emissions\/c-est-arrive-cette-semaine\/cest-arrive-cette-semaine-250317-3194948 \n\n-Emmanuel Macron \u00e9tait l&#8217;invit\u00e9 de Laurence Ferrari dans &#8220;Punchline&#8221; sur C8 (vid\u00e9o) : http:\/\/replay.c8.fr\/video\/1441749\n\n-Le soutien de dix s\u00e9nateurs centristes : http:\/\/www.lejdd.fr\/Politique\/Pourquoi-nous-soutenons-Macron-la-tribune-de-10-senateurs-centristes-856481\n\n-&#8220;Soutiens \u00e0 Emmanuel Macron, vous n&#8217;\u00eates plus socialistes&#8221; (tribune de jeunes socialistes du Finist\u00e8re) : http:\/\/www.liberation.fr\/debats\/2017\/03\/25\/soutiens-a-emmanuel-macron-vous-n-etes-plus-socialistes_1558185?utm_campaign\n\n-&#8220;Le paradoxe Macron&#8221; (Chlo\u00e9 Morin de &#8220;L&#8217;Observatoire de l&#8217;opinion) : https:\/\/jean-jaures.org\/nos-productions\/le-paradoxe-macron\n\n-&#8220;Il se trouve au bon endroit au bon moment&#8221; (Gilles Finchelstein de la Fondation Jean-Jaur\u00e8s) : http:\/\/www.huffingtonpost.fr\/gilles-finchelstein\/comprendre-succes-emmanuel-macron\/\n\n-Autour de son programme, &#8220;\u00e9changes aigre-doux entre \u00e9conomistes&#8221; (Sarah Belouezzane) : http:\/\/www.lemonde.fr\/election-presidentielle-2017\/article\/2017\/03\/25\/en-marche-contre-patronat-echanges-aigre-doux-entre-economistes_5100747_4854003.html#F9koBPOtLq6oBzgR.99\n\n<strong>-&#8220;Ma priorit\u00e9, c&#8217;est de retirer nos arm\u00e9es du Moyen-Orient. J&#8217;engagerai un renouveau diplomatique&#8221; (Jean Lassalle, d\u00e9put\u00e9 des Pyr\u00e9n\u00e9es-Atlantiques, candidat \u00e0 l&#8217;\u00e9lection pr\u00e9sidentielle; interrog\u00e9 par Pierre Weill; son) :<\/strong> https:\/\/www.franceinter.fr\/emissions\/l-interview-politique\/l-interview-politique-25-mars-2017\n\n-&#8220;J&#8217;ai r\u00e9alis\u00e9 que mes quatre enfants de d\u00e9put\u00e9 avaient moins de chance de r\u00e9ussir leur vie que les quatre enfants de berger de mon p\u00e8re&#8221; (interrog\u00e9 par Bernard Poirette; son) : http:\/\/pluzz.francetv.fr\/videos\/dimanche_en_politique_midi_pyrenees_,1000080689.html\n\n<strong>-&#8220;Il faut qand m\u00eame mettre en lumi\u00e8re l&#8217;incroyable irresponsabilit\u00e9 du gouvernement et de M. Hollande sur la question ultra-marine. Ce qui se passe l\u00e0 (en Guyane), on le sait depuis des mois et des mois. Les r\u00f4les se sont invers\u00e9s. Hamon a retrouv\u00e9 son r\u00f4le d&#8217;origine, frondeur et  Macron est devenu le candidat de Fran\u00e7ois Hollande. Il est temps de d\u00e9noncer cette imposture qui pour moi repr\u00e9sente un saut dans le vide sans parachute ou alors avec un sac \u00e0 dos sans \u00e9lastique ou alors ce qui reste du Parti socialiste&#8221; (Fran\u00e7ois Baroin, s\u00e9nateur LR de l&#8217;Aube; vid\u00e9o) :<\/strong>\nhttp:\/\/www.rtl.fr\/actu\/politique\/guyane-baroin-fustige-l-incroyable-irresponsabilite-de-hollande-7787830922\n\n-&#8220;On demande simplement le retrait de Fran\u00e7ois Fillon. Dans quel monde vivons-nous ?&#8221; (Luc Chatel, porte-parole de Fran\u00e7ois Fillon; vid\u00e9o) : http:\/\/www.dailymotion.com\/video\/x5g9ndc_luc-chatel-sur-le-cabinet-noir_tv\n\n-&#8220;Le climat politique est \u00e9pouvantable. La gauche et nous, nous sommes sur des sujets mineurs. La victimisation \u00e0 outrance ne permet pas de parler du programme, or Fran\u00e7ois Fillon en est la principale victime. Nous assistons \u00e0 la restructuration de la gauche&#8221; (Claude Goasguen, d\u00e9put\u00e9 LR d Paris, invit\u00e9 du &#8220;Brunch Politique&#8221; de Louis Morin; son) : https:\/\/www.sudradio.fr\/player\/24745  \n\n-&#8220;Le projet auquel j&#8217;adh\u00e9rais le plus, c&#8217;\u00e9tais le mien. Ensuite, je me suis senti une certaine proximit\u00e9 avec Alain Jupp\u00e9. Puis, c&#8217;est la logique des primaires, je soutiens Fran\u00e7ois Fillon. L&#8217;homme parfait en tout n&#8217;existe pas&#8221; (Herv\u00e9 Mariton, d\u00e9put\u00e9 LR de la Dr\u00f4me, soutien de Fran\u00e7ois Fillon; invit\u00e9 de &#8220;On n&#8217;est pas couch\u00e9&#8221;; vid\u00e9o) : http:\/\/www.france2.fr\/emissions\/on-n-est-pas-couche\/videos\/herve_mariton_-_on_nest_pas_couche_25_mars_2017_onpc_26-03-2017_1521643?onglet=tous&#038;page=1\n\n-Nicolas Dupont-Aignan \u00e9tait l&#8217;invit\u00e9 de la m\u00eame \u00e9mission (vid\u00e9o) : http:\/\/www.france2.fr\/emissions\/on-n-est-pas-couche\/videos\/nicolas_dupont-aignan_-_on_nest_pas_couche_25_mars_2017_onpc_26-03-2017_1521635?onglet=tous&#038;page=1\n\n-Ses coups d&#8217;\u00e9clats m\u00e9diatiques \u00e9taient \u00e0 l&#8217;honneur de &#8220;C l&#8217;Hebdo&#8221; sur France 5 (vid\u00e9o, amener le curseur sur 10:13) : http:\/\/www.france5.fr\/emissions\/c-l-hebdo\/videos\/replay_-_c_lhebdo_25-03-2017_1521459?onglet=tous&#038;page=1\n\n<strong>-Les propositions des  principaux candidats sur la s\u00e9curit\u00e9 avec leurs repr\u00e9sentants au &#8220;Grand Rendez-vous&#8221; d&#8217;Europe 1 (vid\u00e9o) <\/strong> : http:\/\/www.cnews.fr\/magazines\/le-grand-rendez-vous\/le-grand-rendez-vous-du-26032017-173961\n\n-L&#8217;eurod\u00e9put\u00e9 Bernard Monod, \u00e9conomiste du FN, \u00e9tait l&#8217;invit\u00e9 de &#8220;On n&#8217;arr\u00eate pas l&#8217;\u00e9co&#8221; de Marion L&#8217;Hour (vid\u00e9o) : https:\/\/www.franceinter.fr\/emissions\/on-n-arrete-pas-l-eco\/on-n-arrete-pas-l-eco-25-mars-2017\n\n-Marine Le Pen au meeting de Lille (vid\u00e9o) : https:\/\/www.youtube.com\/watch?v=0PRXO3MHXzQ\n\n-Alexis Brezet du &#8220;Figaro&#8221; et Laurent Joffrin de &#8220;Lib\u00e9ration&#8221; d\u00e9battent du livre de Gr\u00e9goire Kauffmann &#8220;Le nouveau FN, les vieux habits du populisme&#8221; (son) : https:\/\/www.franceinter.fr\/emissions\/le-club-des-idees\/le-club-des-idees-26-mars-2017\n\n-&#8220;Ces d\u00e9put\u00e9s d\u00e9pit\u00e9s par leur mandat&#8221; (Zineb Dryef) : http:\/\/www.lemonde.fr\/m-actu\/article\/2017\/03\/24\/ces-deputes-depites-par-leur-mandat_5100332_4497186.html\n\n-&#8220;Le feuilleton des affaires reprend le dessus dans la campagne&#8221; (Herv\u00e9 Gattegno du JDD; son) : http:\/\/www.europe1.fr\/emissions\/ledito-du-jdd\/le-feuilleton-des-affaires-reprend-le-dessus-sur-la-campagne-3195602\n\n<em>-Les notes de &#8220;L&#8217;Enqu\u00eate \u00e9lectorale fran\u00e7aise 2017&#8221; du Cevipof de Sciences Po (documents \u00e0 t\u00e9l\u00e9charger) <\/em> : https:\/\/www.enef.fr\/les-notes\/\n\n<em>-Les Fran\u00e7ais et la d\u00e9mission de Bruno Le Roux (BVA) :<\/em> http:\/\/www.bva-group.com\/sondages\/2968-2\/\n\n<em>-La synth\u00e8se des opinions de vote de la semaine du 20 au 24 mars (OPINION-WAY) <\/em> : https:\/\/www.opinion-way.com\/fr\/component\/edocman\/?task=document.viewdoc&#038;id=1579&#038;Itemid=0\n \n<strong>EUROPE-MONDE<\/strong>\n\n<em>-A l&#8217;Assembl\u00e9e nationale, le 18 janvier 1957, Pierre Mendes-France fait un discours pour expliquer pourquoi il vote contre la ratification du trait\u00e9 de Rome cr\u00e9ant le march\u00e9 commun (document joint);<\/em>\n\n<strong>-L&#8217;affirmation : &#8220;Il n&#8217;y a pas de plan B&#8221; semble maintenant bien pr\u00e9somptueuse&#8221;. &#8220;La polycrise de l&#8217;Union europ\u00e9enne&#8221; (Christian Lequesne, directeur du CERI de Sciences Po-Paris; invit\u00e9 de Thierry Garcin; son et vid\u00e9os) :<\/strong> https:\/\/www.franceculture.fr\/emissions\/les-enjeux-internationaux\/union-europeenne-quels-scenarios-privilegier\n\n<strong>-&#8220;Oui, nous sommes d\u00e9cid\u00e9s \u00e0 \u00eatre plus forts ensemble&#8221; (la d\u00e9claration de Fran\u00e7ois Hollande \u00e0 Rome (vid\u00e9o) :<\/strong> http:\/\/www.elysee.fr\/videos\/new-video-123\/\n\n<em>-La d\u00e9claration des 27 Chefs d&#8217;\u00e9tats et de gouvernements et de dirigeants des Institutions europ\u00e9ennes pr\u00e9sents \u00e0 Rome (document) :<\/em> http:\/\/www.elysee.fr\/declarations\/article\/declaration-des-27-chefs-d-etats-et-de-gouvernement-et-des-dirigeants-des-institutions-europeennes-presents-a-rome\/\n\n-&#8220;Si on n&#8217;avait pas invent\u00e9 l&#8217;Europe il y a 60 ans, il faudrait l&#8217;inventer pour l&#8217;avenir&#8221; (Pascal Lamy, ancien directeur de l&#8217;OMC, interrog\u00e9 par Wendy Bouchard; son) : http:\/\/www.europe1.fr\/emissions\/l-interview-politique-du-week-end\/pascal-lamy-si-on-navait-pas-invente-leurope-il-y-a-60-ans-il-faudrait-linventer-pour-lavenir-3194885\n\n-&#8220;Il faut une \u00e9galit\u00e9 fiscale en Europe&#8221; (Val\u00e9ry Giscard d&#8217;Estaing; propos recueillis par  \nFran\u00e7ois Clemenceau dans le JDD) : http:\/\/www.lejdd.fr\/International\/EXCLUSIF-VGE-au-JDD-Il-faut-une-egalite-fiscale-en-Europe-856514\n\n-En quoi l&#8217;Union europ\u00e9enne s&#8217;int\u00e9resse-t-elle aux religions ? (Isabelle de Gaulmyn; son) : https:\/\/www.franceinter.fr\/emissions\/faut-il-y-croire\/faut-il-y-croire-25-mars-2017\n\n<strong>-Deuxi\u00e8me regard sur le mal logement en Europe (la Fondation Abb\u00e9 Pierre) : <\/strong> http:\/\/www.fondation-abbe-pierre.fr\/sites\/default\/files\/content-files\/files\/regard_sur_le_mal-logement_en_europe_2017_-_le_rapport_complet.pdf\n\n-&#8220;L&#8217;Europe est malade du manque de d\u00e9mocatie. Si Marine Le Pen gagne, l&#8217;Europe c&#8217;est termin\u00e9&#8221; (Enrico Letta, ancien pr\u00e9sident du Conseil italien; invit\u00e9 de Bernard Poirette; son) : http:\/\/www.rtl.fr\/actu\/international\/si-marine-le-pen-gagne-l-europe-c-est-termine-redoute-enrico-letta-7787815729\n\n-A Rome, des habitants d\u00e9\u00e7us de la maire Virginia Raggi du &#8220;Mouvement 5 \u00e9toiles&#8221; (vid\u00e9o) : http:\/\/www.francetvinfo.fr\/monde\/italie\/elections-italiennes\/rome-des-electeurs-decus-par-la-maire-virginia-raggi_2115683.html\n\n<strong>-&#8220;En 1979, un attentat \u00e0 Westminster tue un d\u00e9put\u00e9 britannique&#8221; (Claude Askolovitch; son) : <\/strong> https:\/\/www.franceinter.fr\/emissions\/histoire-et-politique\/histoire-et-politique-26-mars-2017\n\n-Les \u00e9lections l\u00e9gislative en Bulgarie font \u00e9merger les clivages avec les voisins russes et turcs (vid\u00e9o) : http:\/\/newscdn.newsrep.net\/h5\/nrvideo.html?r=3&#038;lan=fr_FR&#038;pid=14&#038;id=LFa9b7f52T2_fr&#038;app_lan=fr_FR&#038;mcc=208&#038;declared_lan\n\n-&#8220;La droite l&#8217;emporte&#8221; (Alain Salles) : http:\/\/www.lemonde.fr\/europe\/article\/2017\/03\/27\/la-droite-bulgare-gagne-les-elections-legislatives_5101124_3214.html\n\n-Erdogan appelle les Europ\u00e9ens \u00e0 respecter la d\u00e9mocratie ! (vid\u00e9o) : http:\/\/newscdn.newsrep.net\/h5\/nrvideo.html?r=3&#038;lan=fr_FR&#038;pid=14&#038;id=XJa80fa0bJP_fr&#038;app_lan=fr_FR&#038;mcc=208&#038;declared_lan\n\n<strong>-En Russie, des centaines de manifestants interpell\u00e9s (Dominique Derda; vid\u00e9o) : <\/strong> http:\/\/www.francetvinfo.fr\/monde\/russie\/russie-des-centaines-de-manifestants-interpelles_2115963.html\n\n<strong>-Des civils victimes des frappes a\u00e9riennes \u00e0 Mossoul en Irak (vid\u00e9o) : <\/strong> http:\/\/www.francetvinfo.fr\/monde\/proche-orient\/mossoul\/irak-des-civils-victimes-des-frappes-aeriennes-a-mossoul_2114653.html\n\n-Dans &#8220;Seule dans Raqqa&#8221;, la journaliste franco-syrienne Hala Kodmani raconte le combat de la jeunesse syrienne (vid\u00e9o) : http:\/\/www.francetvinfo.fr\/monde\/proche-orient\/offensive-jihadiste-en-irak\/syrie-hala-kodmani-raconte-le-combat-de-la-jeunesse-dans-seule-dans-raqqa_2115607.html\n\n-&#8220;60% des Sud-Cor\u00e9ennes recourent \u00e0 la chirurgie esth\u00e9tique&#8221; (Philippe Mesmer) : http:\/\/www.lemonde.fr\/m-moyen-format\/article\/2017\/03\/24\/les-clips-au-scalpel-d-un-girls-band-en-coree-du-sud_5100338_4497271.html\n\n<strong>CULTURE-MEDIA<\/strong>\n\n<strong>-&#8220;Pourquoi tant de haines ?&#8221; (l&#8217;anthropologue et psychiatre Richard Rechtman; entretien r\u00e9alis\u00e9 par Olivier-Pascal Moussellard; vid\u00e9o) :<\/strong> http:\/\/www.telerama.fr\/idees\/liberation-de-la-parole-pourquoi-tant-de-haine,155844.php#xtor \n\n-&#8220;Le monde bouge mais les politiques sont comme un frein \u00e0 cette mobilit\u00e9&#8221; (Magyd Cherfi du groupe Zebda (propos recueillis par Sophie Rahal) : http:\/\/www.telerama.fr\/livre\/magyd-cherfi-le-monde-bouge-mais-les-politiques-sont-comme-un-frein-a-cette-mobilite,155828.php#xtor=EPR-126-newsletter_tra-20170325\n\n<strong>-&#8220;Le vote utile, c&#8217;est celui de la peur qui est l&#8217;affect triomphant dans l&#8217;\u00e9lection pr\u00e9sidentielle. La souverainet\u00e9 s&#8217;assimile en totalit\u00e9 au concept de d\u00e9mocratie. On peut sortir de l&#8217;Union europ\u00e9enne par des bords tr\u00e8s oppos\u00e9s, le Brexit est par exemple une sortie par la droite. Depuis trente ans, il a \u00e9t\u00e9 impossible de faire percer une diff\u00e9rence significative et de renouveler l&#8217;offre politique&#8221; (Fr\u00e9d\u00e9ric Lordon, directeur de recherche en sociologie \u00e9conomique au CNRS; invit\u00e9 de &#8220;La Grande table&#8221; d&#8217;Olivia Gesbert; son) :<\/strong> https:\/\/www.franceculture.fr\/emissions\/la-grande-table-2eme-partie\/frederic-lordon-la-concurrence-des-souverainistes\n\n-Le vendredi 31 mars, \u00e0 l&#8217;initiative de la Fondation Gabriel P\u00e9ri, une journ\u00e9e d&#8217;\u00e9tude sur le centenaire de la r\u00e9volution russe et l&#8217;ann\u00e9e 1917 : http:\/\/www.gabrielperi.fr\/journee-centenaire-revolution-russe.html\n\n<strong>-&#8220;Les perturbateurs endocriniens, une menace pour notre intelligence&#8221; (Barbara Demeneix, professeur en endocrinologie \u00e0 la Sorbonne et chercheuse au Mus\u00e9um national d&#8217;histoire naturelle) : <\/strong> https:\/\/theconversation.com\/les-perturbateurs-endocriniens-une-menace-pour-notre-intelligence-74216\n\n-&#8220;Combattre la post v\u00e9rit\u00e9 climatique&#8221; (Dominique Auverlot) : http:\/\/www.strategie.gouv.fr\/actualites\/combattre-post-verite-climatique\n\n-L&#8217;\u00e9cologie au Salon du Livre 2017 (Denis Cheissoux; son) : https:\/\/www.franceinter.fr\/emissions\/co2-mon-amour\/co2-mon-amour-25-mars-2017\n\n-&#8220;L&#8217;impact des politiques d&#8217;aust\u00e9rit\u00e9 d&#8217;un point de vue de genre&#8221; (Christiane Marty d&#8217;Attac et de la Fondation Copernic) : http:\/\/www.50-50magazine.fr\/2017\/03\/24\/limpact-des-politiques-dausterite-dun-point-de-vue-du-genre\/\n\n-Chaque ann\u00e9e depuis 20 ans, au mois de mars, \u00e0 l&#8217;initiative de la CGT, de la FSU et de Solidaires, des femmes syndicalistes se retrouvent (Annick Coup\u00e9; son) : http:\/\/www.50-50magazine.fr\/2017\/03\/23\/toutes-a-y-gagner-20-ans-de-feminisme\/\n\n<strong>-&#8220;A l&#8217;offensive pour les droits des femmes&#8221; (vid\u00e9o) :<\/strong> https:\/\/www.youtube.com\/watch?v=2qTg8mwlbNU\n\n-La mort de l&#8217;\u00e9crivain fran\u00e7ais Serge Doubrovsky, p\u00e8re de l&#8217;autofiction (Nathalie Crom) : http:\/\/www.telerama.fr\/livre\/mort-de-serge-doubrovsky-le-pere-de-l-autofiction,155841.php#xtor\n\n<strong>-Le Maroc \u00e9tait l&#8217;invit\u00e9 d&#8217;honneur du Salon du Livre 2017 (Tahar Ben Jelloun parle du Maroc litt\u00e9raire avec Olivia Gesbert; son, amener le curseur sur 1:20) :   <\/strong>                           https:\/\/www.franceculture.fr\/emissions\/la-grande-table-1ere-partie\/le-maroc-litteraire-de-tahar-ben-jelloun\n\n-Une occasion de dresser la table \u00e0 la cuisine marocaine (Fran\u00e7ois-R\u00e9gis Gaudry; son) : https:\/\/www.franceinter.fr\/emissions\/on-va-deguster\/on-va-deguster-26-mars-2017\n\n-Les livres de cuisine conquis par &#8220;le vite fait&#8221; (Virginie F\u00e9lix) : http:\/\/www.telerama.fr\/monde\/l-edition-culinaire-conquise-par-la-recette-simplissime,155796.php#xtor\n\n-Le Salon, lieu de rencontre entre les auteurs et leurs lecteurs (vid\u00e9o) : http:\/\/www.francetvinfo.fr\/economie\/emploi\/metiers\/art-culture-edition\/salon-du-livre-de-paris-le-lieu-de-rencontre-entre-auteurs-et-lecteurs_2114739.html\n\n<strong>-Les rem\u00e8des \u00e0 la m\u00e9lancolie de l&#8217;\u00e9crivain Fran\u00e7ois Beaune depuis le Salon (Eva Bester; son)<\/strong> : https:\/\/www.franceinter.fr\/emissions\/remede-a-la-melancolie\/remede-a-la-melancolie-26-mars-2017\n\n-Le chanteur Ga\u00ebl Faye \u00e9voque son livre &#8220;Petite Pays&#8221; avec Catherine Ceylac dans &#8220;Th\u00e9 ou caf\u00e9&#8221; (vid\u00e9o) : http:\/\/www.france2.fr\/emissions\/the-ou-cafe\/videos\/replay_-_the_ou_cafe_25-03-2017_1521351?onglet=tous&#038;page=1\n\n<strong>-Jusqu&#8217;aux 2 et 9 juillet \u00e0 Paris, deux expositions consacr\u00e9es \u00e0 Camille Pissarro, &#8220;un des p\u00e8res de l&#8217;impressionnisme&#8221; (vid\u00e9o) <\/strong> : http:\/\/www.france5.fr\/emissions\/entree-libre\/videos\/camille_pissarro_une_oeuvre_en_pointille_23-03-2017_1519963?onglet=tous&#038;page=1\n\n-Jusqu&#8217;au 24 juillet au Grand Palais \u00e0 Paris, l&#8217;exposition &#8220;Jardins&#8221; (Luc Le Chatelier) : http:\/\/www.telerama.fr\/sortir\/jardins-au-grand-palais-les-ilots-de-verdure-sous-toutes-les-boutures,155825.php\n\n<strong>-Son commissaire Laurent Le Bon, invit\u00e9 d&#8217;Alain Baraton, jardinier du ch\u00e2teau de Versailles (son) :<\/strong> https:\/\/www.franceinter.fr\/emissions\/la-main-verte\/la-main-verte-25-mars-2017\n\n-Jusqu&#8217;au 28 ao\u00fbt, au Centre Pompidou de Metz, &#8220;Jardin infini. De Giverny \u00e0 l&#8217;Amazonie&#8221; : http:\/\/www.telerama.fr\/scenes\/a-metz-le-jardin-hors-limite,155808.php#xtor\n\n-Jusqu&#8217;au 14 ao\u00fbt, le Mucem de Marseille expose &#8220;La Vie des ordures&#8221; de la M\u00e9diterran\u00e9e (vid\u00e9o) : http:\/\/culturebox.francetvinfo.fr\/arts\/expos\/le-mucem-expose-a-marseille-les-vies-d-ordures-de-la-mediterrannee-254143\n\n<strong>-&#8220;1 336 jours, des hauts, d\u00e9bats mais d\u00e9bout&#8221;, le documentaire de Claude Hirsh  sur la lutte des Fralib a beaucoup plu \u00e0 Laurent Delmas (son) : <\/strong> https:\/\/www.franceinter.fr\/emissions\/la-prescription-cinema-de-laurent-delmas\/la-prescription-cinema-de-laurent-delmas-25-mars-2017\n\n<strong>-Le dessin contemporain se porte bien (Bernard Genies) : <\/strong> http:\/\/tempsreel.nouvelobs.com\/culture\/20170323.OBS7050\/5-excellentes-raisons-d-aller-au-salon-du-dessin-drawing-now.html#xtor\n\n-Le couturier Jean-Paul Gaultier cr\u00e9e une s\u00e9rie de pi\u00e8ces \u00e0 la Monnaie de Paris (son, amener le curseur sur 25:44) : http:\/\/www.europe1.fr\/emissions\/c-est-arrive-cette-semaine\/cest-arrive-cette-semaine-250317-3194948\n\n-Pour ses 80 ans, la Philharmonie de Paris rend hommage au compositeur am\u00e9ricain Philip Glass (S\u00e9bastien Porte) : http:\/\/www.telerama.fr\/musique\/philip-glass-compositeur-maxi-minimaliste,155788.php#xtor\n\n<strong>-&#8220;Metamorphosis&#8221; et &#8220;Glassworks&#8221; (vid\u00e9os int\u00e9grales) <\/strong> : https:\/\/www.youtube.com\/watch?v=M73x3O7dhmg                                   https:\/\/www.youtube.com\/watch?v=6Stu7h7Qup8\n\n<strong>-&#8220;Avignon 2017 sera politique, forc\u00e9ment politique&#8230;&#8221; (Emmanuelle Bouchez) : <\/strong> http:\/\/www.telerama.fr\/scenes\/avignon-2017-sera-politique-forcement-politique,155833.php#xtor\n\n<em>-Tout le programme ici <\/em> : http:\/\/www.telerama.fr\/scenes\/avignon-2017-la-programmation-devoilee,155782.php\n\n<strong>-Juliette Binoche \u00e9tait l&#8217;invit\u00e9e de &#8220;Salut les Terriens&#8221; sur C8 (vid\u00e9o) : <\/strong> http:\/\/www.c8.fr\/c8-divertissement\/ms-salut-les-terriens\/pid8608-invites.html?vid=1441673\n\n-C\u00e9line Salette et Lambert Wilson sont \u00e0 l&#8217;affiche de &#8220;Corporate&#8221;, le film de Nicolas Silhol. Ils \u00e9taient les invit\u00e9s de &#8220;On n&#8217;est pas couch\u00e9&#8221; (vid\u00e9o) : http:\/\/www.france2.fr\/emissions\/on-n-est-pas-couche\/videos\/celine_sallette_et_lambert_wilson_-_on_nest_pas_couche_25_mars_2017_onpc_26-03-2017_1521639?onglet=tous&#038;page=1\n\n<strong>-&#8220;Andr\u00e9 Dussollier, une histoire fran\u00e7aise&#8221; (Laurent Delahousse; vid\u00e9o) : <\/strong> http:\/\/www.francetvinfo.fr\/replay-magazine\/france-2\/13h15\/13h15-du-dimanche-26-mars-2017_2104840.html\n\n-La passion du th\u00e9\u00e2tre (Isabelle Adjani \u00e0 18 ans; vid\u00e9o de l&#8217;Ina) : http:\/\/www.ina.fr\/video\/I08099608\n\n<strong>-Le retour de Jane Birkin, invit\u00e9e de Laurent Delahousse au &#8220;20 heures&#8221; de France 2 (vid\u00e9o) :<\/strong> http:\/\/www.francetvinfo.fr\/economie\/emploi\/metiers\/art-culture-edition\/jane-birkin-retour-sur-scene-avec-gainsbourg-symphonique_2115953.html\n \n<strong>-Retrouver Townes Van Zandt avec Fran\u00e7ois Gorin; vid\u00e9o) :       <\/strong>                           http:\/\/www.telerama.fr\/musique\/townes-van-zandt-5-trompe-la-mort-a-austin,155834.php#xtor\n\n<strong>-Apr\u00e8s son Nobel de litt\u00e9rature, dans &#8220;Triplicate&#8221;, Bob Dylan reprend une trentaine de titres du r\u00e9pertoire de Franck Sinatra (Fran\u00e7ois Gorin; son) :  <\/strong>               http:\/\/www.telerama.fr\/musique\/triplicate-triple-dose-de-standards-pour-un-dylan-crooner,155804.php#xtor\n\n<strong>-Le jeudi 30 mars, toutes les \u00e9missions de France Inter seront \u00e0 l&#8217;\u00e9coute de ce triple album (Val\u00e9rie Gu\u00e9dot; son) :<\/strong> https:\/\/www.franceinter.fr\/musique\/bob-dylan-nouvel-album-triplicate-sortie-le-31-mars\n\n-Elton John a 70 ans (vid\u00e9o de l&#8217;Ina) : http:\/\/www.ina.fr\/video\/I17082537\n\n<strong>-Vendredi dernier, &#8220;Les Gorillaz&#8221; ont donn\u00e9 un concert secret \u00e0 Londres (Laure Narlian; vid\u00e9os) :<\/strong> http:\/\/culturebox.francetvinfo.fr\/musique\/pop\/les-gorillaz-ont-donne-un-concert-secret-a-londres-vendredi-toutes-les-videos-254145\n\n<strong>-Le premier disque de jazz est centenaire (V\u00e9ronique Dalmaz; vid\u00e9o et son) : <\/strong> http:\/\/culturebox.francetvinfo.fr\/musique\/jazz-blues\/le-premier-disque-de-jazz-<strong>est-centenaire-254141\n\n<strong>-Cela fait trente ans que la France rap&#8221; (vid\u00e9o) :<\/strong> http:\/\/www.france5.fr\/emissions\/entree-libre\/videos\/30_ans_que_la_france_rap_22-03-2017_1518959?onglet=tous&#038;page=1\n\n<em>-L&#8217;\u00e9tat des cybermenaces en 2017 (Minist\u00e8re de l&#8217;Int\u00e9rieur; documents \u00e0 t\u00e9l\u00e9charger) : <\/em>  http:\/\/www.interieur.gouv.fr\/Actualites\/L-actu-du-Ministere\/Lutter-contre-les-cybermenaces\n\n<strong>-La semaine de la presse \u00e0 l&#8217;\u00e9cole (Patricia Martin; son) <\/strong> : https:\/\/www.franceinter.fr\/emissions\/l-interview-societe-civile\/l-interview-societe-civile-26-mars-2017\n\n-&#8220;Le livre &#8216;Place Beauvau&#8217; utilis\u00e9 par Fran\u00e7ois Fillon ou la d\u00e9faite du journalisme&#8221; (David Le Bailly et Caroline Michel) : http:\/\/tempsreel.nouvelobs.com\/presidentielle-2017\/20170324.OBS7096\/le-livre-place-beauvau-ou-la-defaite-du-journalisme.html#xtor\n\n-Celui de la journaliste Isabelle Saporta &#8220;Du Courage !&#8221; d\u00e9fend les agriculteurs, la nourriture de qualit\u00e9 et la bientraitance des animaux. Elle \u00e9tait invit\u00e9e de &#8220;On n&#8217;est pas couch\u00e9&#8221; (vid\u00e9o) : http:\/\/www.france2.fr\/emissions\/on-n-est-pas-couche\/videos\/isabelle_saporta_-_on_nest_pas_couche_25_mars_2017_onpc_26-03-2017_1521631?onglet=tous&#038;page=1\n\n<strong>-&#8220;Tous contre Elise Lucet&#8221; (Samuel Gontier) <\/strong> : http:\/\/television.telerama.fr\/television\/cyril-hanouna-eric-zemmour-et-eric-ciotti-unis-contre-elise-sucette-et-les-journalistes,155847.php#xtor\n\n-&#8220;America&#8221;, une nouvelle revue \u00e9ph\u00e9m\u00e8re (Alexandra Ackoun; son) : https:\/\/www.franceinter.fr\/emissions\/regard-sur-les-medias\/regard-sur-les-medias-25-mars-2017\n\n<strong>-&#8220;C&#8217;est la presse qui fait le festival de Cannes&#8221; (Thierry Fr\u00e9maux, son d\u00e9l\u00e9gu\u00e9 g\u00e9n\u00e9ral; entretien r\u00e9alis\u00e9 par Pierre Murat, Pierrick Allain et Basile Lemaire; vid\u00e9o) <\/strong> : http:\/\/www.telerama.fr\/cinema\/thierry-fremaux-c-est-la-presse-qui-fait-le-festival-de-cannes,155823.php#xtor\n\n-Samedi dernier, &#8220;les g\u00e9ographies mentales&#8221; d&#8217;Antoine de Saint-Exup\u00e9ry \u00e9taient sur France Culture dans l&#8217;\u00e9mission d&#8217;Ir\u00e8ne Om\u00e9lianenko &#8220;Une vie, une oeuvre&#8221; (son) :\nhttps:\/\/www.franceculture.fr\/emissions\/une-vie-une-oeuvre\/antoine-de-saint-exupery-1900-1944-et-le-rire-des-etoiles\n\n-Recal\u00e9s par France 2, les deux humoristes Thomas VDB et Mathieu Mad\u00e9nian d\u00e9barquent sur W9 (Rossana Di Vicenzo) : http:\/\/television.telerama.fr\/television\/thomas-vdb-et-mathieu-madenian-debarquent-sur-w9,155827.php#xtor\n\n-Sur SFR Play, la s\u00e9rie polici\u00e8re &#8220;The Same Sky&#8221; avec Sophia Helin (Pierre Langlais; vid\u00e9o) : http:\/\/www.telerama.fr\/series-tv\/the-same-sky-apres-bron-sofia-helin-atterrit-dans-un-nid-d-espions,155261.php#xtor\n\n-&#8220;Quand les peoples visent l&#8217;Elys\u00e9e&#8221; (vid\u00e9o de l&#8217;Ina) : http:\/\/www.ina.fr\/video\/S620458_001\n\n<strong>-&#8220;Donnez-nous des gommes&#8221; (Jean Yanne et Daniel Pr\u00e9vost; vid\u00e9o de l&#8217;Ina) :<\/strong> http:\/\/www.ina.fr\/video\/CPF90002842\/de-la-pauvrete-du-dessin-shadok-attribuee-au-manque-de-credit-de-l-office-video.html\n<h2 class=\"wp-block-heading\">Documents joints<\/h2>\n\n\n\n<div class=\"wp-block-file\"><a href=\"https:\/\/wp.muchomaas.com\/wp-content\/uploads\/2017\/03\/le_discours_complet_de_pierre_mendes_france_sur_l-d33.pdf\">le_discours_complet_de_pierre_mendes_france_sur_l.pdf<\/a><\/div>\n\n\n","protected":false},"excerpt":{"rendered":"<p>ACTUALITE -A l&#8217;appel de 37 organisations, \u00e0 partir d&#8217;aujourd&#8217;hui lundi, gr\u00e8ve g\u00e9n\u00e9rale en Guyane (Marie-Claude Th\u00e9lia; vid\u00e9o) : http:\/\/www.francetvinfo.fr\/economie\/greve\/guyane-les-syndicats-ont-vote-une-greve-generale-des-lundi_2114691.html -Un mouvement revendicatif qui dure d\u00e9j\u00e0 depuis une semaine (vid\u00e9o) : http:\/\/www.francetvinfo.fr\/societe\/manifestations-regain-de-tension-en-guyane_2114687.html -Qui souhaite la venue du gouvernement (vid\u00e9o) : http:\/\/www.francetvinfo.fr\/economie\/emploi\/metiers\/agriculture\/guyane-l-ile-souhaite-la-venue-du-gouvernement_2115947.html -&#8220;Mayotte, un chantier fran\u00e7ais en cours&#8221; (Vanessa Descouraux; son) : https:\/\/www.franceinter.fr\/emissions\/interception\/interception-26-mars-2017 -&#8220;Le Havre, une ville [&hellip;]<\/p>\n","protected":false},"author":1042,"featured_media":0,"comment_status":"open","ping_status":"open","sticky":false,"template":"","format":"standard","meta":{"_themeisle_gutenberg_block_has_review":false,"footnotes":""},"categories":[151],"tags":[],"class_list":["post-10286","post","type-post","status-publish","format-standard","hentry","category-la-revue-de-presse-de-lulu"],"_links":{"self":[{"href":"https:\/\/archives.regards.fr\/index.php?rest_route=\/wp\/v2\/posts\/10286","targetHints":{"allow":["GET"]}}],"collection":[{"href":"https:\/\/archives.regards.fr\/index.php?rest_route=\/wp\/v2\/posts"}],"about":[{"href":"https:\/\/archives.regards.fr\/index.php?rest_route=\/wp\/v2\/types\/post"}],"author":[{"embeddable":true,"href":"https:\/\/archives.regards.fr\/index.php?rest_route=\/wp\/v2\/users\/1042"}],"replies":[{"embeddable":true,"href":"https:\/\/archives.regards.fr\/index.php?rest_route=%2Fwp%2Fv2%2Fcomments&post=10286"}],"version-history":[{"count":0,"href":"https:\/\/archives.regards.fr\/index.php?rest_route=\/wp\/v2\/posts\/10286\/revisions"}],"wp:attachment":[{"href":"https:\/\/archives.regards.fr\/index.php?rest_route=%2Fwp%2Fv2%2Fmedia&parent=10286"}],"wp:term":[{"taxonomy":"category","embeddable":true,"href":"https:\/\/archives.regards.fr\/index.php?rest_route=%2Fwp%2Fv2%2Fcategories&post=10286"},{"taxonomy":"post_tag","embeddable":true,"href":"https:\/\/archives.regards.fr\/index.php?rest_route=%2Fwp%2Fv2%2Ftags&post=10286"}],"curies":[{"name":"wp","href":"https:\/\/api.w.org\/{rel}","templated":true}]}}