{"id":10284,"date":"2017-03-25T06:25:25","date_gmt":"2017-03-25T05:25:25","guid":{"rendered":"https:\/\/wp.muchomaas.com\/article-la-revue-du-25-mars-2017\/"},"modified":"2023-06-23T23:24:22","modified_gmt":"2023-06-23T21:24:22","slug":"article-la-revue-du-25-mars-2017","status":"publish","type":"post","link":"https:\/\/archives.regards.fr\/?p=10284","title":{"rendered":"La Revue du 25 mars 2017"},"content":{"rendered":"<strong>ACTUALITE<\/strong>\n\n-&#8220;Tr\u00e8s l\u00e9g\u00e8re baisse du ch\u00f4mage en f\u00e9vrier&#8221; (Bertrand Bissuel et Sarah Belouezzane) : http:\/\/www.lemonde.fr\/emploi\/article\/2017\/03\/24\/tres-legere-baisse-du-chomage-en-fevrier_5100537_1698637.html#xtor=AL-32280270\n\n\n<em>-&#8220;Une pr\u00e9carit\u00e9 qui augmente, voulue par le patronat&#8221; (la CGT) : <\/em> http:\/\/www.cgt.fr\/Une-precarite-qui-augmente-voulue.html\n\n-Chez RTE, premier &#8220;r\u00e9f\u00e9rendum El Khomri&#8221; sur le temps de travail (vid\u00e9o) : \nhttp:\/\/www.francetvinfo.fr\/economie\/emploi\/carriere\/vie-professionnelle\/droit-du-travail\/rte-premier-referendum-el-khomri-sur-le-temps-de-travail_2112489.html\n\n-A la barre, les salari\u00e9s des abattoirs invoquent cadences et mat\u00e9riel d\u00e9faillant (Audrey Garric) : http:\/\/www.lemonde.fr\/planete\/article\/2017\/03\/24\/a-la-barre-les-tueurs-des-abattoirs-invoquent-cadences-et-materiel-defaillant_5099889_3244.html\n\n-Au tribunal d&#8217;Al\u00e8s (vid\u00e9o) : http:\/\/www.liberation.fr\/video\/2017\/03\/23\/l214-trois-employes-d-un-abattoir-au-tribunal-pour-maltraitance-animale_1557806?xtor\n\n-La Guyane paralys\u00e9e par un mouvement social de grande ampleur (vid\u00e9o) : http:\/\/www.bfmtv.com\/societe\/la-guyane-paralysee-par-un-mouvement-social-de-grande-ampleur-1128457.html#?xtor\n\n-Des fleurs bio made in France (vid\u00e9o) : http:\/\/www.francetvinfo.fr\/monde\/environnement\/consommation-des-fleurs-bio-made-in-france_2112649.html\n\n-Une deuxi\u00e8me sortie dans l&#8217;espace pour Thomas Pesquet (vid\u00e9o) : http:\/\/www.francetvinfo.fr\/sciences\/espace\/thomas-pesquet\/deuxieme-sortie-dans-l-espace-pour-thomas-pesquet_2113023.html\n\n-&#8220;Il n&#8217;y a plus d&#8217;obstacle \u00e0 la fermeture de la centrale de Fessenheim&#8221; : http:\/\/www.lemonde.fr\/planete\/article\/2017\/03\/24\/plus-d-obstacle-a-la-fermeture-de-la-centrale-de-fessenheim_5100583_3244.html#xtor \n\n<strong>-Le sauvetage en mer, grande cause nationale 2017 (Xavier de la Gorce, pr\u00e9sident de la SNSM; son) :<\/strong> https:\/\/www.franceinter.fr\/emissions\/meridien-d-europe\/meridien-d-europe-24-mars-2017\n\n-&#8220;501 personnes sont mortes dans la rue en 2016&#8221; (vid\u00e9o) : http:\/\/www.francetvinfo.fr\/societe\/sdf\/501-personnes-sont-mortes-dans-la-rue-en-2016_2112617.html\n\n-&#8220;Cette ann\u00e9e, 6 000 personnes ont encore \u00e9t\u00e9 contamin\u00e9e par le sida&#8221; (Jean Spiri, pr\u00e9sident du centre r\u00e9gional d&#8217;information et de pr\u00e9vention du sida; invit\u00e9 d&#8217;Isabelle Moreau; vid\u00e9o) : http:\/\/www.cnews.fr\/chroniques\/les-invites-disabelle-moreau\/linvite-disabelle-moreau-du-24032017-173923\n\n-Comment vit-on avec le VIH ? (V\u00e9ronique Julia; son) : https:\/\/www.franceinter.fr\/emissions\/grand-angle\/grand-angle-24-mars-2017\n\n<strong>-&#8220;Aujourd&#8217;hui, des sp\u00e9cialit\u00e9s m\u00e9dicales sont menac\u00e9es de disparition&#8221; (Jean-Paul Ortiz, n\u00e9phrologue, pr\u00e9sident de la Conf\u00e9d\u00e9ration des syndicats m\u00e9dicaux; interrog\u00e9 par St\u00e9phane Carpentier; son) : <\/strong> http:\/\/www.rtl.fr\/actu\/societe-faits-divers\/sante-crise-de-la-medecine-specialisee-une-catastrophe-sanitaire-selon-un-syndicaliste-7787800346\n\n-&#8220;Le camp de Grande-Synthe ne fabrique pas les passeurs&#8221; (le maire \u00e9cologiste Damien Car\u00eame; vid\u00e9o) : http:\/\/www.dailymotion.com\/video\/x5fwxt8_migrants-le-camp-de-grande-synthe-ne-fabrique-pas-les-passeurs_news\n\n<strong>-Il \u00e9tait l&#8217;invit\u00e9 du &#8220;Club de la presse&#8221; d&#8217;Europe1 (son) :<\/strong> http:\/\/www.europe1.fr\/emissions\/le-club-de-la-presse\/europe-soir-le-club-de-la-presse-damien-careme-jean-francois-delfraissy-medecin-230317-3144926\n\n-La RATP installe des bancs&#8230;inclin\u00e9s pour dissuader les SDF (vid\u00e9o) : http:\/\/www.francetvinfo.fr\/societe\/sdf\/mobilier-urbain-des-techniques-pour-chasser-les-sdf_2112541.html  \n\n<strong>-L&#8217;\u00e9lection pr\u00e9sidentielle vue de la ligne 13 du m\u00e9tro qui va de Saint-Denis (93) \u00e0 Malakoff (92) en passant par Paris (Fran\u00e7ois Vignal) : <\/strong> https:\/\/www.publicsenat.fr\/article\/politique\/saint-denis-paris-malakoff-la-presidentielle-vue-de-la-ligne-13-du-metro-57690\n\n-Propos condamnables de magistrats dans un tribunal de Marseille (son) : https:\/\/www.franceinter.fr\/emissions\/dans-le-pretoire\/dans-le-pretoire-24-mars-2017\n\n-Marc Joulaud, l&#8217;ex-suppl\u00e9ant de Fran\u00e7ois Fillon, mis en examen : http:\/\/www.lemonde.fr\/politique\/article\/2017\/03\/24\/affaire-fillon-son-ex-suppleant-marc-joulaud-entendu-par-les-juges_5100386_823448.html#xtor\n\n<strong>-&#8220;Les dix boulets du candidat Fillon&#8221; (Michel Del\u00e9an de &#8220;Mediapart&#8221;; pi\u00e8ce jointe);<\/strong>\n\n<strong>POLITIQUE<\/strong>\n\n<em>-La CGT et l&#8217;\u00e9lection pr\u00e9sidentielle (document) :<\/em> http:\/\/www.cgt.fr\/Declaration-de-la-CGT-44333.html\n\n-&#8220;Contre le FN, Pierre Laurent arme les militants&#8221; (Coralie Moralet) : https:\/\/www.objectifgard.com\/2017\/03\/23\/politique-a-beaucaire-pierre-laurent-pcf-arme-militants\/\n\n-Andr\u00e9 Chassaigne, d\u00e9put\u00e9 communiste du Puy-de-D\u00f4me et pr\u00e9sident du groupe \u00e0 l&#8217;Assembl\u00e9e nationale, qui n&#8217;a pas parrain\u00e9 Jean-Luc M\u00e9lenchon, pourrait avoir une candidate de la &#8220;France insoumise&#8221; contre lui (vid\u00e9o) : http:\/\/www.lcp.fr\/la-politique-en-video\/jean-luc-melenchon-et-les-communistes-laccord-impossible\n\n-&#8220;Jean-Luc M\u00e9lenchon acclam\u00e9 \u00e0 son entr\u00e9e dans le d\u00f4me de l&#8217;ESSEC, je ne pensais pas vivre assez vieux pour voir \u00e7a&#8221; (cit\u00e9 par Diane Malosse; vid\u00e9o) : http:\/\/www.lepoint.fr\/presidentielle\/la-petite-lecon-de-morale-de-melenchon-aux-etudiants-de-l-essec-23-03-2017-2114256_3121.php\n\n-&#8220;Je ne suis pas d&#8217;accord avec les th\u00e8ses complotistes de M. Fillon. La VIe R\u00e9publique, c&#8217;est un moyen de sortir de la monarchie pr\u00e9sidentielle qui a engendr\u00e9 tout ce qu&#8217;on nous voyons de pire aujourd&#8217;hui. Depuis le rassemblement du 18 mars et le d\u00e9bat sur TF1, il se passe quelque chose sur le terrain en faveur de Jean-Luc M\u00e9lenchon. Nous disons que nous voulons gouverner et nous avons un programme depuis six mois pour le faire. L&#8217;espace politique de Jean-Luc M\u00e9lenchon n&#8217;est pas \u00e9cartel\u00e9 comme l&#8217;est chaque jour celui de Beno\u00eet Hamon&#8221; ( Eric Coquerel du PG, soutien de Jean-Luc M\u00e9lenchon; invit\u00e9 de &#8220;Politique Matin&#8221;; vid\u00e9o, amener le curseur sur 32:09) : http:\/\/www.lcp.fr\/emissions\/politique-matin\/282787-politique-matin  \n\n-&#8220;J&#8217;essaie de faire entendre un camp social que l&#8217;on n&#8217;entend jamais. On peut regretter certaines divisions mais elles sont l\u00e0. Il y a des points communs avec Jean-Luc M\u00e9lenchon mais il faut des batailles pour imposer un rapport de forces&#8221; (Philippe Poutou, candidat du NPA; interrog\u00e9 par Guillaume Durand; son) : https:\/\/www.radioclassique.fr\/radio\/emissions\/matinale-de-radio-classique\/l-invite-du-matin\/\n\n<strong>-&#8220;Je ne m&#8217;attendais pas \u00e0 ce qu&#8217;il y ait autant de trahisons&#8221; (Beno\u00eet Hamon, invit\u00e9 de la matinale d&#8217;Europe1; face \u00e0 Thomas Sotto; vid\u00e9o) <\/strong> : http:\/\/www.dailymotion.com\/video\/x5fzfbl_benoit-hamon-je-ne-m-attendais-pas-a-ce-qu-il-y-ait-autant-de-trahison_news\n\n-&#8220;Jean-Yves Le Drian, parlons de calcul politique mais pas de socialisme&#8221; (face \u00e0 Fabien Namias; vid\u00e9o) : http:\/\/www.dailymotion.com\/video\/x5fzkv3_benoit-hamon-jean-yves-le-drian-parlons-de-calcul-politique-mais-pas-de-socialisme_news\n\n-&#8220;Marine Le Pen est soumise au Kremlin&#8221; (il recevait Ruth Elkrief de BFMTV \u00e0 son QG de campagne; vid\u00e9os) : http:\/\/www.bfmtv.com\/mediaplayer\/video\/ruth-elkrief-au-qg-de-benoit-hamon-12-927561.html\nhttp:\/\/www.bfmtv.com\/mediaplayer\/video\/ruth-elkrief-au-qg-de-benoit-hamon-22-927563.html\n\n-&#8220;On ne peut pas rester socialiste et soutenir Macron&#8221; (G\u00e9rard Filoche, membre du bureau national du PS; vid\u00e9o) : http:\/\/rmc.bfmtv.com\/mediaplayer\/video\/on-ne-peut-pas-rester-socialiste-et-soutenir-macron-lance-gerard-filoche-a-propos-de-j-y-le-drian-927325.html\n\n-&#8220;Je voudrais saluer le courage de Beno\u00eet Hamon. Il y a la volont\u00e9 de le d\u00e9stabiliser&#8221; (C\u00e9cile Duflot, ancienne ministre \u00e9cologiste du Logement; vid\u00e9o) : http:\/\/www.lcp.fr\/la-politique-en-video\/presidentielle-duflot-denonce-une-operation-pour-destabiliser-hamon\n\n-Elle \u00e9tait invit\u00e9e de &#8220;Parlement Hebdo&#8221; sur la cha\u00eene LCP (vid\u00e9o) : http:\/\/www.lcp.fr\/emissions\/parlement-hebdo\/280391-parlement-hebdo\n\n-&#8220;Quels effets ont ces ralliements sur les gens ?&#8221; (Judith Waintraub du &#8220;Figaro&#8221; et Andr\u00e9 Ciccodicola de la &#8220;Libert\u00e9 du Nord&#8221;; vid\u00e9o, amener le curseur sur 47:21. Ils font aussi monter Emmanuel Macron et baisser Beno\u00eet Hamon dans les sondages !) : http:\/\/www.lcp.fr\/emissions\/politique-matin\/282787-politique-matin\n\n-&#8220;Je continue de me battre pour des id\u00e9es. Beno\u00eet Hamon est le seul candidat vraiment europ\u00e9en dans cette \u00e9lection. Il propose de conserver les trait\u00e9s tels qu&#8217;ils existent et de d\u00e9mocratiser ce qui ne l&#8217;est pas. On donne le pouvoir \u00e0 une assembl\u00e9e compos\u00e9e de d\u00e9put\u00e9s nationaux auquels on demande un travail suppl\u00e9mentaire. Avec Jan-Luc M\u00e9lenchon nous ne sommes pas tr\u00e8s \u00e9loign\u00e9s, lui pr\u00e9f\u00e9rant le plan B, nous le plan A&#8221; (Thomas Piketty, soutien de Beno\u00eet Hamon; face \u00e0 Jean-Jacques Bourdin; vid\u00e9o. En clair, on ne change rien, sinon que l&#8217;on fait moins bien avec cette assembl\u00e9e aux membres d\u00e9sign\u00e9s au second degr\u00e9 par rapport \u00e0 l&#8217;actuel Parlement europ\u00e9en \u00e9lu \u00e0 la proportionnelle au suffrage universel !) : \nhttp:\/\/www.bfmtv.com\/mediaplayer\/video\/thomas-piketty-face-a-jean-jacques-bourdin-en-direct-927293.html\n\n-&#8220;Aidez-nous \u00e0 am\u00e9liorer ce projet qui n&#8217;est pas parfait&#8221; (il s&#8217;adresse aux \u00e9lecteurs qui s&#8217;appr\u00eatent \u00e0 voter pour  Jean-Luc M\u00e9lenchon et \u00e0 lui; vid\u00e9o) : http:\/\/www.bfmtv.com\/mediaplayer\/video\/piketty-soutien-de-hamon-demande-a-melenchon-de-l-aider-sur-le-projet-927275.html\n\n-&#8220;Le projet de Beno\u00eet Hamon remet dans le d\u00e9bat public des questions essentielles&#8221; (Dominique M\u00e9da, professeure de sociologie \u00e0 l&#8217;universit\u00e9 Paris-Dauphine; face \u00e0 Fr\u00e9d\u00e9ric Rivi\u00e8re; vid\u00e9o) : http:\/\/www.rfi.fr\/video\/20170324-dominique-meda-le-projet-b-hamon-remet-le-debat-publique-questions-essentielles\n\n-&#8220;Hamon prend les mots de M\u00e9lenchon&#8221; (Alexis Corbi\u00e8re, porte-parole du candidat de &#8220;La France insoumise&#8221; (vid\u00e9o) : https:\/\/www.dailymotion.com\/video\/x5g06rx_corbiere-hollande-a-abuse-de-sa-position-de-president_tv\n\n<strong>-&#8220;Fran\u00e7ois Hollande a abus\u00e9 pendant cinq ans de sa position de Pr\u00e9sident. Le cabinet noir, c&#8217;est le gouvernement. France 2 se ridiculise avec une \u00e9crivaine \u00e0 c\u00f4t\u00e9 de ses pompes qui a demand\u00e9 \u00e0 Fran\u00e7ois Hollande d&#8217;\u00eatre candidat. Si Valls avait gagn\u00e9 la primaire, Beno\u00eet Hamon l&#8217;aurait-il soutenu contre Jean-Luc M\u00e9lenchon ?&#8221; (Il \u00e9tait l&#8217;invit\u00e9 de &#8220;Territoires d&#8217;Infos&#8221; (vid\u00e9o) <\/strong> :  https:\/\/www.dailymotion.com\/video\/x5fzye3_invite-alexis-corbiere-territoires-d-infos-le-best-of-24-03-2017_tv\n\n-A Metz, &#8220;la campagne se complique pour les militants socialistes&#8221; (vid\u00e9o) : http:\/\/www.francetvinfo.fr\/politique\/benoit-hamon\/militants-socialistes-la-campagne-se-complique_2112861.html\n\n-A Dijon, Emmanel Macron a mis en garde contre &#8220;les coups durs&#8221; de fin de campagne (vid\u00e9o) : https:\/\/www.youtube.com\/watch?v=EIbgfxrh-4o\n\n-Emmanuel Macron,&#8221;c&#8217;est une bulle financi\u00e8re&#8221; (Jean Lassale, candidat \u00e0 l&#8217;\u00e9lection pr\u00e9sidentielle; invit\u00e9 de Jeff Wittenberg; vid\u00e9o) : http:\/\/www.france2.fr\/emissions\/telematin\/actu\/les-4-verites-jean-lassale_561307\n\n<strong>-&#8220;L&#8217;arm\u00e9e terroriste est \u00e0 nos portes. Je vais \u00e0 Londres pour renforcer notre coop\u00e9ration et je rencontrerai les trois jeunes bretons. Dahech va perdre. Ils ont d\u00e9j\u00e0 beaucoup recul\u00e9. S&#8217;il y avait eu Fran\u00e7ois Hollande ou Manuel Valls, je les aurais soutenus. Je tire ma l\u00e9gitimit\u00e9 du rassemblement que j&#8217;ai r\u00e9alis\u00e9 en Bretagne. Je pense que le parti socialiste a un avenir. Je suis fier du bilan de ce quinquennat. J&#8217;ai inform\u00e9 le Pr\u00e9sident de la R\u00e9publique&#8221; (Jean-Yves Le Drian, invit\u00e9 de Jean-Pierre Elkabbach; vid\u00e9o) <\/strong> : http:\/\/www.cnews.fr\/chroniques\/linterview-de-jean-pierre-elkabbach\/jean-yves-le-drian-invite-de-jean-pierre-elkabbach-173911\n\n-&#8220;Il est un candidat attrape-tout&#8221; (Alain Duhamel; vid\u00e9o) : http:\/\/www.rtl.fr\/actu\/politique\/alain-duhamel-emmanuel-macron-est-le-candidat-attrape-tout-7787797250\n\n-&#8220;Les ralliements ne font pas l&#8217;\u00e9lection&#8221; (Alba Ventura; vid\u00e9o) : http:\/\/www.rtl.fr\/actu\/politique\/soutien-de-le-drian-a-macron-les-ralliements-ne-font-pas-l-election-avertit-alba-ventura-7787800663\n\n-Fran\u00e7ois Hollande et Didier Hassoux, un des auteurs du livre cit\u00e9 par Fran\u00e7ois Fillon, ont d\u00e9menti ses propos sur &#8220;le cabinet noir&#8221; (vid\u00e9o) : http:\/\/www.lemonde.fr\/politique\/article\/2017\/03\/23\/francois-hollande-condamne-avec-la-plus-grande-fermete-les-allegations-mensongeres-de-francois-fillon_5099877_823448.html\n\n-&#8220;Il n&#8217;y a pas de cabinet noir&#8221; (Christophe Labb\u00e9, journaliste au &#8220;Canard encha\u00een\u00e9&#8221;, co-auteur de &#8220;Bienvenue place Beauvau; vid\u00e9o) : http:\/\/www.rtl.fr\/actu\/societe-faits-divers\/il-n-y-a-pas-de-cabinet-noir-assene-l-auteur-de-bienvenue-place-beauvau-7787807084\n\n<strong>-&#8220;Il y a toujours eu des cabinets noirs. Mais est-ce qu&#8217;il faut en permanence crier \u00e0 la  machination ce qui arrange bien ceux qui en sont les auteurs parce qu&#8217;en d\u00e9finitive, on ne parle plus de programme&#8221; (Claude Goasguen, d\u00e9put\u00e9 LR de Paris, face \u00e0 Yves Calvi; vid\u00e9o) <\/strong> : http:\/\/www.lci.fr\/replay\/l-invite-de-24-heures-en-questions-du-23-mars-2017-claude-goasguen-depute-maire-du-xvie-arrondissement-de-paris-2030080.html%3Ftype=content\n\n-&#8220;Hollande est derri\u00e8re les ennuis qui ciblent ses concurrents&#8221; (Luc Chatel, porte-parole de Fran\u00e7ois Fillon; son) : http:\/\/www.bfmtv.com\/mediaplayer\/video\/cabinet-noir-a-l-elysee-hollande-est-derriere-les-ennuis-qui-ciblent-ses-concurrents-selon-chatel-927389.html\n\n-&#8220;Je ne dis pas que la justice est parfaite mais de l\u00e0 \u00e0 dire qu&#8217;il y a un chef d&#8217;orchestre clandestin est absurde. Fran\u00e7ois Fillon d\u00e9veloppe la th\u00e9orie complotiste depuis le d\u00e9but&#8221; (Jean-Louis Bourlanges, ancien eurod\u00e9put\u00e9 centriste; vid\u00e9o, amener le curseur sur 8:51) : http:\/\/www.lcp.fr\/emissions\/politique-matin\/282787-politique-matin\n\n-&#8220;Il y a une dignit\u00e9, une responsabilit\u00e9 \u00e0 respecter&#8221; (Fran\u00e7ois Hollande; son et vid\u00e9o) : http:\/\/www.francetvinfo.fr\/politique\/francois-fillon\/affaires-fillon\/affaires-fillon-il-y-a-une-dignite-une-responsabilite-a-respecter-reagit-francois-hollande_2112563.html\n\n-&#8220;Une soir\u00e9e p\u00e9nible pour Fran\u00e7ois Fillon&#8221; (Alain Auffray; vid\u00e9o) : http:\/\/www.liberation.fr\/elections-presidentielle-legislatives-2017\/2017\/03\/24\/cabinet-noir-et-christine-angot-sur-france-2-une-soiree-penible-pour-francois-fillon_1557977?xtor\n\n-&#8220;Il n&#8217;a pas encore compris que Nicolas Sarkozy n&#8217;est plus le pr\u00e9sident. Avec Fran\u00e7ois Hollande, la justice est ind\u00e9pendante&#8221; (Ren\u00e9 Dosi\u00e8re, d\u00e9put\u00e9 PS dans l&#8217;Aisne; interrog\u00e9 par Olivier Galzi; vid\u00e9o) : http:\/\/www.cnews.fr\/chroniques\/linvite-dolivier-galzi\/rene-dosiere-depute-ps-de-laisne-etait-linvite-dolivier-galzi-dans-lgjdlp-173900\n\n-&#8220;Il attaque \u00e0 tout va en esp\u00e9rant surnager&#8221; (Isabelle Ficek; vid\u00e9o) : https:\/\/www.lesechos.fr\/elections\/francois-fillon\/0211907582103-fillon-attaque-a-tout-va-en-esperant-surnager-2074910.php#xtor\n\n-&#8220;Ses intox&#8221; (Paul Laubacher) : http:\/\/tempsreel.nouvelobs.com\/presidentielle-2017\/20170323.OBS7057\/francois-fillon-dans-l-emission-politique-les-intox-du-candidat-de-la-droite.html#xtor\n\n-&#8220;Il avait d\u00e9j\u00e0 \u00e9t\u00e9 malmen\u00e9 par des personnels hospitaliers dans le Val-de-Marne (vid\u00e9o) : http:\/\/www.francetvinfo.fr\/elections\/presidentielle\/video-francois-fillon-malmene-par-des-personnels-hospitaliers-durant-la-visite-d-un-ephad_2112325.html\n\n<strong>-&#8220;Tout ce qui l&#8217;importe, c&#8217;est sa dette&#8221; (vid\u00e9o) :<\/strong> http:\/\/tempsreel.nouvelobs.com\/videos\/#xtor=EPR-5-[ObsEnImages]-20170324\n\n<em>-Quel regard porte sur Fran\u00e7ois Fillon les Fran\u00e7ais appel\u00e9s \u00e0 le regarder sur France 2 ? (HARRIS) :<\/em> http:\/\/harris-interactive.fr\/wp-content\/uploads\/sites\/6\/2017\/03\/Rapport-Harris-Emission-Politique-du-2303-avec-Fran%C3%A7ois-FILLON-France-T%C3%A9l%C3%A9visions.pdf\n\n-&#8220;Son retrait ne profiterait absolument pas \u00e0 la gauche&#8221; (Christophe Barbier; vid\u00e9o) : http:\/\/www.bfmtv.com\/mediaplayer\/video\/l-edito-de-christophe-barbier-le-retrait-de-francois-fillon-ne-profiterait-absolument-pas-a-la-gauche-926851.html\n\n-&#8220;Fran\u00e7ois Fillon peut dire merci \u00e0 Christine Angot&#8221; (Yves Thr\u00e9ard du &#8220;Figaro&#8221;; vid\u00e9o) : http:\/\/www.dailymotion.com\/video\/x5fz9tv_francois-fillon-peut-dire-merci-a-christine-angot_news\n\n-&#8220;Quel moment inou\u00ef de t\u00e9l\u00e9vision que ce r\u00e9quisitoire stalinien. Fran\u00e7ois Fillon fait aux autres ce qu&#8217;il reproche qu&#8217;on lui fait. Il est d\u00e9sormais impossible de revenir \u00e0 une campagne classique&#8221; (Guillaume Tabard du &#8220;Figaro&#8221;; son du 24 mars) : https:\/\/www.radioclassique.fr\/radio\/emissions\/matinale-de-radio-classique\/22630-2\/\n\n-&#8220;Un moment de v\u00e9rit\u00e9&#8221; (Thomas Legrand; son) : https:\/\/www.franceinter.fr\/emissions\/l-edito-politique\/l-edito-politique-24-mars-2017\n\n-&#8220;M\u00e9lenchon \u00e9tait t\u00e9l\u00e9visuellement parfait&#8221; (Isabelle Morini-Bosc) : http:\/\/www.rtl.fr\/culture\/medias-people\/isabelle-morini-bosc-melenchon-etait-televisuellement-parfait-7787796488\n\n-&#8220;A quatre semaines d&#8217;un choix d\u00e9cisif, j&#8217;en ai plus qu&#8217;assez des affaires de M. Fillon. La clause Moli\u00e8re, elle est tr\u00e8s bien&#8221; (Nicolas Dupont-Aignan, candidat de &#8220;Debout la France&#8221;; interrog\u00e9 par Elizabeth Martichoux; vid\u00e9o) : http:\/\/www.rtl.fr\/actu\/politique\/la-clause-moliere-elle-est-tres-bien-assure-nicolas-dupont-aignan-7787803019 \n\n-&#8220;Je suis candidat pour parler des probl\u00e8mes des Fran\u00e7ais&#8221; (il \u00e9tait l&#8217;invit\u00e9 du &#8220;20 heures&#8221; de France 2, interrog\u00e9 par Laurent Delahousse; vid\u00e9o) : http:\/\/www.francetvinfo.fr\/politique\/nicolas-dupont-aignan\/nicolas-dupont-aignan-je-suis-candidat-pour-parler-des-problemes-des-francais_2113423.html\n\n-Marine Le Pen re\u00e7ue par Vladimir Poutine (Dominique Derda; vid\u00e9o) : http:\/\/www.francetvinfo.fr\/politique\/marine-le-pen\/marine-le-pen-en-russie-pourquoi-vladimir-poutine-a-accepte-un-entretien_2112971.html\n\n-Pour Fran\u00e7ois Fillon, &#8220;la messe est dite dans le coeur des Fran\u00e7ais. Nous n&#8217;aurons pas de financement venant d&#8217;une banque russe, je peux vous l&#8217;assurer \u00e0 100%. J&#8217;aurais exprim\u00e9 de mani\u00e8re plus respectueuse et un peu moins \u00e9ruptive ce que ressent Christine Angot&#8221; (Florian Philippot, vice-pr\u00e9sident du FN; invit\u00e9 de la matinale de Franceinfo) : http:\/\/www.dailymotion.com\/video\/x5fzy1h_presidentielle-florian-philippot-assure-que-marine-le-pen-n-aura-pas-de-financement-de-banque-russe_news\n\n-&#8220;Emmanuel Macron, ce n&#8217;est pas le renouveau, c&#8217;est le recyclage&#8221; (Nicolas Bay, secr\u00e9taire g\u00e9n\u00e9ral du FN; face \u00e0 Guillaume Durand; vid\u00e9o) : https:\/\/www.dailymotion.com\/video\/x5fzrws_emmanuel-macron-ce-n-est-pas-le-renouveau-c-est-le-recyclage-nicolas-bay-24-03-2017_news\n\n-&#8220;La r\u00e9information&#8221; selon la mairie FN d&#8217;H\u00e9nin-Beaumont (vid\u00e9o) : http:\/\/www.francetvinfo.fr\/politique\/front-national\/video-la-reinformation-selon-la-mairie-fn-d-henin-beaumont_2112353.html\n\n-&#8220;Il y a une crise politique intense et dramatique&#8221; (Philippe Tesson; vid\u00e9o) : https:\/\/www.dailymotion.com\/video\/x5fzt6a_il-y-a-une-crise-politique-intense-et-dramatique-philippe-tesson-24-03-2017_news\n\n-&#8220;A un mois du vote sur CNews&#8221; (chez Olivier Galzi; vid\u00e9o) : http:\/\/www.cnews.fr\/chroniques\/le-grand-decryptage\/presidentielle-1-mois-173902\n\n<strong>-&#8220;Quand les ouvriers n&#8217;y croient plus&#8221; (vid\u00e9o) :<\/strong> http:\/\/www.francetvinfo.fr\/economie\/industrie\/presidentielle-quand-les-ouvriers-ny-croient-plus_2112483.html\n\n<em>-Les jeunes et l&#8217;\u00e9lection pr\u00e9sidentielle (OPINION-WAY) :<\/em> http:\/\/www.20minutes.fr\/elections\/presidentielle\/2035599-20170323-exclusif-presidentielle-vote-adhesion-tres-bas-chez-18-30-ans-ecures-campagne\n\n<em>-Les intentions de vote au premier tour de l&#8217;\u00e9lection pr\u00e9sidentielle (BVA) : <\/em> http:\/\/www.bva-group.com\/sondages\/14eme-vague-dintentions-de-vote-a-29-jours-de-lelection-presidentielle\/\n\n<em>-Au 24 mars (IFOP) :<\/em> http:\/\/dataviz.ifop.com:8080\/HNS\/HNSAdmin\/start.appli?appid=60930&#038;logonUser=USERWEB&#038;logonPswcd=ZnJhbmNvaXNF\n\n<em>-Le m\u00eame (OPINION-WAY) :<\/em> https:\/\/www.lesechos.fr\/elections\/presidentielle-2017\/0211909501338-sondage-quotidien-melenchon-est-passe-devant-hamon-cette-semaine-2074992.php\n\n<strong>EUROPE-MONDE<\/strong>\n\n-Il y a 60 ans naissait \u00e0 Rome la Communaut\u00e9 \u00e9conomique europ\u00e9enne (CEE; vid\u00e9o) : http:\/\/www.lcp.fr\/la-politique-en-video\/il-y-60-ans-naissait-la-communaute-economique-europeenne-cee \n\n-&#8220;Triste anniversaire&#8221;, la revue de presse de Natacha Polony, avec   Beno\u00eet Hamon (vid\u00e9o) : http:\/\/www.dailymotion.com\/video\/x5fzngg_traite-de-rome-un-triste-anniversaire_news\n\n<strong>-&#8220;On ne peut pas \u00eatre timidement europ\u00e9en, sinon on a d\u00e9ja perdu&#8221; (Emmanuel Macron dans &#8220;Lib\u00e9ration&#8221;) :<\/strong> http:\/\/www.liberation.fr\/elections-presidentielle-legislatives-2017\/2017\/03\/23\/emmanuel-macron-on-ne-peut-pas-etre-timidement-europeen-sinon-on-a-deja-perdu_1557953?xtor\n\n-Le regard de Jean-Louis Bourlanges, ancien eurod\u00e9put\u00e9 (vid\u00e9o, amener le curseur sur 17:35) : http:\/\/www.lcp.fr\/emissions\/politique-matin\/282787-politique-matin\n\n-&#8220;La derni\u00e8re chance de l&#8217;Europe&#8221; (Dominique Seux des &#8220;Echos&#8221;; son) : https:\/\/www.franceinter.fr\/emissions\/l-edito-eco\/l-edito-eco-24-mars-2017\n\n-Pour Bernard Guetta aussi, c&#8217;est l&#8217;Europe \u00e0 plusieurs vitesses (son) : https:\/\/www.franceinter.fr\/emissions\/geopolitique\/geopolitique-24-mars-2017\n\n-&#8220;Il faut un projet social et fiscal europ\u00e9en mais l&#8217;Europe a tenu le choc. Les \u00e9lites fran\u00e7aises ont abandonn\u00e9 le bateau, c&#8217;est une forme de trahison. Parmi les cinq du d\u00e9bat sur TF1, seul Emmanuel Macron a vot\u00e9 oui au trait\u00e9 constitutionnel&#8221; (No\u00eblle Lenoir, ancienne sec\u00e9taire d&#8217;Etat aux affaires europ\u00e9ennes; interrog\u00e9e par Nicolas Pierron; vid\u00e9o) : https:\/\/www.dailymotion.com\/video\/x5fzr47_il-faut-un-projet-social-et-fiscal-europeen-noelle-lenoir-24-03-2017_news\n\n<em>-Comment est per\u00e7ue l&#8217;Union europ\u00e9enne \u00e0 l&#8217;international et dans les pays membres ? (IPSOS) :<\/em> http:\/\/www.ipsos.fr\/decrypter-societe\/2017-03-24-comment-est-percue-l-union-europeenne-l-international-et-dans-pays-membres\n\n-En Ukraine, un d\u00e9p\u00f4t d&#8217;armes part en fum\u00e9e (vid\u00e9o) : http:\/\/www.lemonde.fr\/europe\/video\/2017\/03\/23\/un-depot-d-armes-part-en-fumee-en-ukraine_5099607_3214.html \n\n-A J\u00e9rusalem, le tombeau du Christ retrouve son \u00e9clat (diaporama) : http:\/\/tempsreel.nouvelobs.com\/galeries-photos\/photo\/20170322.OBS6958\/photos-jerusalem-au-saint-sepulcre-le-tombeau-du-christ-retrouve-son-eclat.html#xtor\n\n-En Cisjordanie, un adolescent palestinien tu\u00e9 par des soldats isra\u00e9liens : http:\/\/www.lemonde.fr\/proche-orient\/article\/2017\/03\/23\/cisjordanie-un-adolescent-palestinien-tue-par-des-soldats-israeliens_5099883_3218.html\n\n<strong>-L&#8217;ONU peine \u00e0 r\u00e9colter des fonds pour la Somalie (diaporama) : <\/strong> http:\/\/tempsreel.nouvelobs.com\/galeries-photos\/photo\/20170323.OBS7018\/photos-famine-en-somalie-l-onu-peine-a-recolter-les-fonds.html#xtor\n\n-&#8220;Pour l&#8217;instant, Donald Trump en \u00e9chec sur sa r\u00e9forme de la protection sociale&#8221; (Gilles Paris) : http:\/\/www.lemonde.fr\/donald-trump\/article\/2017\/03\/23\/le-vote-sur-l-obamacare-reporte-donald-trump-pour-l-instant-en-echec-sur-la-protection-sociale_5099873_4853715.html\n\n-&#8220;Un camouflet pour lui&#8221; (Fr\u00e9d\u00e9ric Autran) : http:\/\/www.liberation.fr\/planete\/2017\/03\/24\/le-vote-sur-l-obamacare-reporte-un-camouflet-pour-donald-trump_1557978?xtor\n\n<strong>-Faute de majorit\u00e9, il demande le retrait du projet (Gilles Paris) : <\/strong> http:\/\/www.lemonde.fr\/ameriques\/article\/2017\/03\/24\/etats-unis-faute-de-majorite-a-la-chambre-des-representants-donald-trump-demande-le-retrait-du-projet-d-abrogation-de-l-obamacare_5100577_3222.html#xtor\n\n-Un article pr\u00e9monitoire de Jean-Eric Branaa, ma\u00eetre de conf\u00e9rences \u00e0 l&#8217;universit\u00e9 de Paris II-Assas : http:\/\/www.huffingtonpost.fr\/jean-eric-branaa\/3-raisons-pour-lesquelles-la-reforme-de-sante-de-donald-trump-va_a_21903298\/?utm_hp_ref=fr-homepage\n\n-Quatorze pays am\u00e9ricains demandent au Venezuela de lib\u00e9rer les prisonniers politiques et la mise en place d&#8217;un calendrier \u00e9lectoral : http:\/\/www.lemonde.fr\/ameriques\/article\/2017\/03\/24\/l-appel-de-quatorze-pays-americains-au-venezuela_5099904_3222.html\n\n<strong>-Les glaces hivernales de l&#8217;Arctique au plus bas depuis 38 ans (vid\u00e9o) : <\/strong> http:\/\/www.lemonde.fr\/climat\/video\/2017\/03\/23\/les-glaces-hivernales-de-l-arctique-au-plus-bas-depuis-trente-huit-ans_5099771_1652612.html\n\n-&#8220;S\u00e9gol\u00e8ne Royal candidate \u00e0 la t\u00eate du Programme pour le d\u00e9veloppement des Nations Unies : http:\/\/www.lemonde.fr\/planete\/article\/2017\/03\/24\/segolene-royal-candidate-a-la-tete-du-programme-des-nations-unies-pour-le-developpement_5100586_3244.html\n\n<strong>CULTURE-MEDIA<\/strong>\n\n<strong>-&#8220;M\u00eame s&#8217;il y a des probl\u00e8mes de corruption, \u00e7a n&#8217;efface pas les autres probl\u00e8mes de la d\u00e9mocratie&#8221; (le philosophe Fr\u00e9d\u00e9ric Worms, invit\u00e9 d&#8217;Ali Baddou; vid\u00e9o) : <\/strong> https:\/\/www.franceinter.fr\/emissions\/l-invite-d-ali-baddou\/l-invite-d-ali-baddou-24-mars-2017\n\n-&#8220;Les \u00e9conomistes atterr\u00e9s plaident pour une grande bifurcation&#8221; (vid\u00e9o) : https:\/\/www.youtube.com\/watch?v=uvvYLG0YUp0&#038;feature=youtu.be\n\n<strong>-Fran\u00e7ois Delfraissy, le nouveau pr\u00e9sident du Comit\u00e9 consultatif national d&#8217;\u00e9thique, \u00e9tait l&#8217;invit\u00e9 du &#8220;Club de la Presse&#8221; d&#8217;Europe 1 (son, amener le curseur sur 16:12) : <\/strong> http:\/\/www.europe1.fr\/emissions\/le-club-de-la-presse\/europe-soir-le-club-de-la-presse-damien-careme-jean-francois-delfraissy-medecin-230317-3144926\n\n-Les Fran\u00e7ais amoureux de la lecture (vid\u00e9o) : http:\/\/www.francetvinfo.fr\/economie\/emploi\/metiers\/art-culture-edition\/salon-du-livre-les-francais-amoureux-de-la-lecture_2112701.html\n\n-&#8220;L&#8217;ann\u00e9e derni\u00e8re, nous avons publi\u00e9 18 000 ouvrages nouveaux&#8221; (Pierre Dutilleul, directeur du syndicat national de l&#8217;\u00e9dition; invit\u00e9 d&#8217;isabelle Moreau; vid\u00e9o) : http:\/\/www.cnews.fr\/chroniques\/les-invites-disabelle-moreau\/linvite-disabelle-moreau-du-24032017-173923\n\n-&#8220;Le livre r\u00e9siste aux modes et \u00e0 l&#8217;informatique&#8221; (Christian Menanteau; vid\u00e9o) : http:\/\/www.rtl.fr\/culture\/arts-spectacles\/salon-du-livre-2017-le-livre-resiste-aux-modes-et-a-l-informatique-7787800541\n\n<strong>-Fran\u00e7ois Hollande au Salon du Livre (vid\u00e9o) <\/strong> : http:\/\/www.elysee.fr\/videos\/declaration-au-salon-du-livre\/\n\n-Le recyclage des livres (Baptiste Gaborit; son du 24 mars) : https:\/\/www.radioclassique.fr\/radio\/emissions\/matinale-de-radio-classique\/3-minutes-planete\/\n\n-Pour les candidats \u00e0 l&#8217;\u00e9lection pr\u00e9sidentielle, quel budget pour quelle culture ? (Fr\u00e9d\u00e9ric M\u00e9t\u00e9zeau; son) : https:\/\/www.franceinter.fr\/emissions\/les-programmes-au-banc-d-essai\/les-programmes-au-banc-d-essai-24-mars-2017\n\n<strong>-Zoro Henchiri, chor\u00e9graphe en banlieue de Lyon (vid\u00e9o) : <\/strong> http:\/\/www.francetvinfo.fr\/economie\/emploi\/metiers\/art-culture-edition\/culture-rencontre-avec-zoro-henchiri-choregraphe-en-banlieue_2112673.html\n\n<strong>-Jane Berkin \u00e9tait l&#8217;invit\u00e9e de &#8220;Passion classique&#8221; d&#8217;Olivier Bellamy (son du 23 mars) : <\/strong> https:\/\/www.radioclassique.fr\/radio\/emissions\/passion-classique\/\n\n-Un nouvel album pour le groupe virtuel britannique &#8220;Gorillaz&#8221; (son et vid\u00e9o) : http:\/\/www.lemonde.fr\/musiques\/article\/2017\/03\/24\/le-nouvel-album-de-gorillaz-annonce-pour-la-fin-du-mois-d-avril_5099902_1654986.html\n\n<strong>-Elton John f\u00eate ses 70 ans (Rebecca Manzoni; vid\u00e9o) <\/strong> : https:\/\/www.franceinter.fr\/emissions\/tubes-co\/tubes-co-24-mars-2017\n\n-Milaine Farmer quitte &#8220;Universal&#8221; (Franck Bouaziz) : http:\/\/www.liberation.fr\/futurs\/2017\/03\/24\/pourquoi-mylene-farmer-rejoint-l-ecurie-pascal-negre_1557864?xtor\n\n<strong>-&#8220;M&#8221; \u00e9tait l&#8217;invit\u00e9 d&#8217;Augustin Trapenard (son) <\/strong> : https:\/\/www.franceinter.fr\/emissions\/boomerang\/boomerang-24-mars-2017\n\n-Lille accueillera le futur festival international des s\u00e9ries (Alexis Delcambre) : http:\/\/www.lemonde.fr\/economie\/article\/2017\/03\/23\/lille-accueillera-le-futur-festival-international-des-series_5099864_3234.html\n\n<strong>-La revue trimestrielle &#8220;America&#8221; durera le temps du mandat de Donald Trump. Elle est lanc\u00e9e par Eric Fottorino et Marc Dugain, invit\u00e9s de la matinale de France Inter (vid\u00e9os) : <\/strong>  https:\/\/www.franceinter.fr\/emissions\/l-invite-de-8h20\/l-invite-de-8h20-24-mars-2017\n\n<strong>-La cr\u00e9dibilit\u00e9 des m\u00e9dias dans &#8220;Compl\u00e9ment d&#8217;enqu\u00eate&#8221; de Nicolas Poincar\u00e9 (vid\u00e9o) <\/strong> : http:\/\/www.francetvinfo.fr\/replay-magazine\/france-2\/complement-d-enquete\/ \n\n-&#8220;Christine Angot hu\u00e9e par des soutiens de Fran\u00e7ois Fillon&#8221; (J\u00e9r\u00f4me Ivanichtchenko; vid\u00e9o) : http:\/\/www.dailymotion.com\/video\/x5fzrgz_l-emission-politique-christine-angot-huee-par-les-soutiens-de-francois-fillon_news\n\n-&#8220;Je voudrais tellement voir ce combat (le sidaction) gagner avant de partir&#8221; (Line Renaud, interrog\u00e9e par Thomas joubert; son) : http:\/\/www.dailymotion.com\/video\/x5fztzf_line-renaud-je-voudrais-tellement-voir-ce-combat-gagne-avant-de-partir_news\n\n-Fran\u00e7ois Hollande l&#8217;a d\u00e9cor\u00e9e (vid\u00e9o) : http:\/\/www.elysee.fr\/videos\/discours-a-l-occasion-de-la-remise-de-decoration-a-mme-line-renaud\/#content\n\n-Laurent Delahousse, au &#8220;20 heures&#8221; en semaine et David Pujadas sur Europe 1 ? (Marc Baudriller; son du 24 mars) : https:\/\/www.radioclassique.fr\/radio\/emissions\/matinale-de-radio-classique\/la-vie-des-medias\/\n\n-&#8220;Sur TF1, cinq gros candidats avec de petites id\u00e9es&#8221; (Philippe Poutou; vid\u00e9o) : http:\/\/www.francetvinfo.fr\/politique\/philippe-poutou\/philippe-poutou-denonce-le-debat-de-tf1_2112629.html \n\n-&#8220;Il faudra avancer votre pendule d&#8217;une heure&#8221; (le canular t\u00e9l\u00e9phonique d&#8217;Anne Roumanoff; son) : http:\/\/www.europe1.fr\/emissions\/le-canular-danne-roumanoff\/le-canular-il-faudra-avancer-votre-pendule-dune-heure-3144599\n\n<strong>-&#8220;Le chantage au suicide fictif de Fran\u00e7ois Fillon&#8221; (Nicolas Canteloup; vid\u00e9o) : <\/strong> http:\/\/www.dailymotion.com\/video\/x5fzpyf_le-chantage-au-suicide-fictif-de-francois-fillon_news\n\n<strong>-&#8220;Confit\u00e9or&#8221; (Fran\u00e7ois Morel; vid\u00e9o) :<\/strong> https:\/\/www.franceinter.fr\/emissions\/le-billet-de-francois-morel\/le-billet-de-francois-morel-24-mars-2017 \n<h2 class=\"wp-block-heading\">Documents joints<\/h2>\n\n\n\n<div class=\"wp-block-file\"><a href=\"https:\/\/wp.muchomaas.com\/wp-content\/uploads\/2017\/03\/les_dix_boulets_du_candidat_fillon-215.pdf\">les_dix_boulets_du_candidat_fillon.pdf<\/a><\/div>\n\n\n","protected":false},"excerpt":{"rendered":"<p>ACTUALITE -&#8220;Tr\u00e8s l\u00e9g\u00e8re baisse du ch\u00f4mage en f\u00e9vrier&#8221; (Bertrand Bissuel et Sarah Belouezzane) : http:\/\/www.lemonde.fr\/emploi\/article\/2017\/03\/24\/tres-legere-baisse-du-chomage-en-fevrier_5100537_1698637.html#xtor=AL-32280270 -&#8220;Une pr\u00e9carit\u00e9 qui augmente, voulue par le patronat&#8221; (la CGT) : http:\/\/www.cgt.fr\/Une-precarite-qui-augmente-voulue.html -Chez RTE, premier &#8220;r\u00e9f\u00e9rendum El Khomri&#8221; sur le temps de travail (vid\u00e9o) : http:\/\/www.francetvinfo.fr\/economie\/emploi\/carriere\/vie-professionnelle\/droit-du-travail\/rte-premier-referendum-el-khomri-sur-le-temps-de-travail_2112489.html -A la barre, les salari\u00e9s des abattoirs invoquent cadences et mat\u00e9riel d\u00e9faillant (Audrey Garric) [&hellip;]<\/p>\n","protected":false},"author":1042,"featured_media":0,"comment_status":"open","ping_status":"open","sticky":false,"template":"","format":"standard","meta":{"_themeisle_gutenberg_block_has_review":false,"footnotes":""},"categories":[151],"tags":[],"class_list":["post-10284","post","type-post","status-publish","format-standard","hentry","category-la-revue-de-presse-de-lulu"],"_links":{"self":[{"href":"https:\/\/archives.regards.fr\/index.php?rest_route=\/wp\/v2\/posts\/10284","targetHints":{"allow":["GET"]}}],"collection":[{"href":"https:\/\/archives.regards.fr\/index.php?rest_route=\/wp\/v2\/posts"}],"about":[{"href":"https:\/\/archives.regards.fr\/index.php?rest_route=\/wp\/v2\/types\/post"}],"author":[{"embeddable":true,"href":"https:\/\/archives.regards.fr\/index.php?rest_route=\/wp\/v2\/users\/1042"}],"replies":[{"embeddable":true,"href":"https:\/\/archives.regards.fr\/index.php?rest_route=%2Fwp%2Fv2%2Fcomments&post=10284"}],"version-history":[{"count":0,"href":"https:\/\/archives.regards.fr\/index.php?rest_route=\/wp\/v2\/posts\/10284\/revisions"}],"wp:attachment":[{"href":"https:\/\/archives.regards.fr\/index.php?rest_route=%2Fwp%2Fv2%2Fmedia&parent=10284"}],"wp:term":[{"taxonomy":"category","embeddable":true,"href":"https:\/\/archives.regards.fr\/index.php?rest_route=%2Fwp%2Fv2%2Fcategories&post=10284"},{"taxonomy":"post_tag","embeddable":true,"href":"https:\/\/archives.regards.fr\/index.php?rest_route=%2Fwp%2Fv2%2Ftags&post=10284"}],"curies":[{"name":"wp","href":"https:\/\/api.w.org\/{rel}","templated":true}]}}