{"id":10283,"date":"2017-03-24T07:20:22","date_gmt":"2017-03-24T06:20:22","guid":{"rendered":"https:\/\/wp.muchomaas.com\/article-la-revue-du-24-mars-2017\/"},"modified":"2017-03-24T07:20:22","modified_gmt":"2017-03-24T06:20:22","slug":"article-la-revue-du-24-mars-2017","status":"publish","type":"post","link":"https:\/\/archives.regards.fr\/?p=10283","title":{"rendered":"La Revue du 24 mars 2017"},"content":{"rendered":"<p><strong>ACTUALITE<\/strong><\/p>\n<p>-Les d\u00e9lais pour consulter un m\u00e9decin s&#8217;allongent (vid\u00e9o) : http:\/\/www.francetvinfo.fr\/sante\/professions-medicales\/sante-les-delais-pour-consulter-un-medecin-s-allongent_2111007.html<\/p>\n<p>-&#8220;Plus de 130 000 logements sociaux ont \u00e9t\u00e9 financ\u00e9s en 2016&#8221; (Christian Menanteau; vid\u00e9o) :  http:\/\/www.rtl.fr\/actu\/conso\/plus-de-130-000-logements-sociaux-ont-ete-finances-en-2016-7787784992<\/p>\n<p>-&#8220;Le travail le dimanche s&#8217;\u00e9tend&#8221; (Fran\u00e7ois Lenglet; son) : http:\/\/www.rtl.fr\/actu\/societe-faits-divers\/travail-dominical-les-premiers-resultats-sont-spectaculaires-7787785357<\/p>\n<p>-Les nouvelles lignes \u00e0 bas prix de la SNCF (vid\u00e9o) :  http:\/\/www.francetvinfo.fr\/economie\/transports\/sncf\/sncf-les-nouvelles-lignes-a-bas-prix_2111589.html#xtor=CS2-765<\/p>\n<p>-Dans l&#8217;Orne, &#8220;une guillotine qui agace&#8221; : http:\/\/www.francetvinfo.fr\/decouverte\/bizarre\/dans-l-orne-une-guillotine-a-l-entree-d-une-propriete-agace-la-mairie_850741.html<\/p>\n<p>-Samedi soir, pour d\u00e9fendre leur plan\u00e8te, les terriens sont invit\u00e9s \u00e0 \u00e9teindre la lumi\u00e8re pendant une heure (Nathalie Fontrel; son) : https:\/\/www.franceinter.fr\/emissions\/planete-environnement\/planete-environnement-23-mars-2017<\/p>\n<p><strong>-Au S\u00e9nat, le d\u00e9clin des pollinisateurs en d\u00e9bat (vid\u00e9o) <\/strong> : https:\/\/www.dailymotion.com\/video\/x5fuj7c_table-ronde-sur-les-pollinisateurs-les-matins-du-senat-23-03-2017_tv<\/p>\n<p><strong>-&#8220;La solidarit\u00e9 ne doit pas \u00eatre une option, mais une condition \u00e0 la paix sociale, \u00e0 la paix dans le monde&#8221; (Nicolas Hulot, porteur de l&#8217;appel de presque 80 ONG, r\u00e9pondait aux questions de Patrick Cohen dans la matinale de France Inter; vid\u00e9o) : <\/strong> http:\/\/www.dailymotion.com\/video\/x5fta2t_nicolas-hulot-la-solidarite-ne-doit-pas-etre-une-option-mais-une-condition-a-la-paix-sociale_news<\/p>\n<p><strong>-&#8220;Des millions de Fran\u00e7ais s&#8217;engagent tous les jours&#8221; (Thierry Kuhn, pr\u00e9sident d&#8217;Emma\u00fcs; vid\u00e9o) :<\/strong> http:\/\/www.dailymotion.com\/video\/x5fteni_thierry-kuhn-emmaus-il-y-a-de-l-espoir-des-millions-de-francais-s-engagent-tous-les-jours-interactiv_news<\/p>\n<p><strong>-&#8220;L&#8217;appel des Solidarit\u00e9s&#8221; au &#8220;T\u00e9l\u00e9phone sonne&#8221; de France Inter, en public; anim\u00e9 par Nicolas Demorand (vid\u00e9o) : <\/strong> http:\/\/www.dailymotion.com\/video\/x5fxcss_repondons-present-le-telephone-sonne-special-appel-des-solidarites_news<\/p>\n<p>POLITIQUE<\/p>\n<p><strong>-&#8220;Je sais juste qu&#8217;Emmanuel Macron a gagn\u00e9 beaucoup d&#8217;argent. Il y a un moment que M. Fillon aurait d\u00fb se retirer. Il incarne le m\u00e9lange entre l&#8217;argent public et l&#8217;argent priv\u00e9. Ce m\u00e9lange n&#8217;est plus possible et il faut de nouvelles r\u00e8gles, une nouvelle R\u00e9publique. Ce qui s&#8217;est pass\u00e9 \u00e0 Londres est effrayant, intol\u00e9rable, injustifiable. Je condamne l&#8217;id\u00e9ologie du FN qui s&#8217;est r\u00e9pandue autour et qui vise \u00e0 amalgamer tous les musulmans. La lutte contre le racisme et celle pour l&#8217;am\u00e9lioration de la condition des couches populaires ont partie li\u00e9e. Je ne pense pas que Jean-Luc M\u00e9lenchon demandera \u00e0 Beno\u00eet Hamon de se retirer.  J&#8217;aurais pr\u00e9f\u00e9r\u00e9 une autre situation \u00e0 gauche mais Jean-Luc M\u00e9lenchon est un bon candidat qui m\u00e8ne une bonne campagne. La vie ne se termine pas avec l&#8217;\u00e9lection pr\u00e9sidentielle&#8221; (Cl\u00e9mentine Autain, conseill\u00e8re r\u00e9gionale d&#8217;Ile-de-France, candidates aux \u00e9lections l\u00e9gislatives  en Seine-Saint-Denis; face \u00e0 Guillaume Durand; vid\u00e9o) : <\/strong> https:\/\/www.dailymotion.com\/video\/x5fthqg_ce-qui-c-est-passe-a-londres-est-effrayant-intolerable-injustifiable-clementine-autain-23-03-2017_news<\/p>\n<p>-&#8220;Jean-Luc M\u00e9lenchon vit sa campagne comme un show-man&#8221; (Alba Ventura; vid\u00e9o) :<br \/>\nhttp:\/\/www.rtl.fr\/actu\/politique\/presidentielle-2017-melenchon-vit-sa-campagne-comme-un-show-man-constate-alba-ventura-7787785172<\/p>\n<p>-&#8220;Il ne devrait pas faire de grande remont\u00e9e au premier tour. Il pourrait jouer le r\u00f4le de Victor Hugo&#8221; (Alain Duhamel; vid\u00e9o) : http:\/\/www.rtl.fr\/actu\/politique\/jean-luc-melenchon-ne-devrait-pas-faire-de-grande-remontee-au-premier-tour-7787781438<\/p>\n<p>-&#8220;L&#8217;abstention la plus utile, c&#8217;est de voter Poutou&#8221; (Olivier Besancenot, porte-parole du NPA; interrog\u00e9 par Fr\u00e9d\u00e9ric Rivi\u00e8re; vid\u00e9o) : http:\/\/www.rfi.fr\/video\/20170323-o-besancenot-nouveau-parti-anticapitaliste-abstention-plus-utile-est-voter-poutou<\/p>\n<p>-&#8220;On est minoritaire, c&#8217;est vrai, mais on suscite de la sympathie. On combat la conception de la politique professionnelle. On aurait pr\u00e9f\u00e9r\u00e9 \u00e0 la d\u00e9mission pour \u00eatre honn\u00eate, l&#8217;honn\u00eatet\u00e9 avant&#8221; (Philippe Poutou, candidat du NPA, invit\u00e9 d&#8217;Audrey Crespo-Mara; vid\u00e9o) : http:\/\/www.lci.fr\/elections\/l-invite-politique-de-8h15-philippe-poutou-candidat-du-npa-a-l-election-presidentielle-1-2029883.html%3Ftype=content<\/p>\n<p>-&#8220;Leur vie n&#8217;est pas en danger. Les parents les ont rejoints \u00e0 Londres. Les 53 \u00e9l\u00e8ves qui \u00e9taient sur le pont sont dans un h\u00f4tel&#8221; (la secr\u00e9taire d&#8217;Etat Juliette M\u00e9adel, invit\u00e9e de Jean-Pierre Elkabbach; vid\u00e9o) : http:\/\/www.cnews.fr\/chroniques\/linterview-de-jean-pierre-elkabbach\/juliette-meadel-et-pierre-lellouche-invites-de-jean-pierre-elkabbach-173875<\/p>\n<p><strong>-&#8220;Il faut prendre le temps d&#8217;\u00e9couter les jeunes&#8221; (Florian Ferreri, psychiatre \u00e0 l&#8217;h\u00f4pital Saint-Antoine de Paris; vid\u00e9o) : <\/strong> http:\/\/www.rtl.fr\/actu\/societe-faits-divers\/attaque-a-londres-prendre-le-temps-d-ecouter-les-jeunes-selon-florian-ferreri-7787791764<\/p>\n<p>-&#8220;Le pays est plus soud\u00e9, plus digne, plus coh\u00e9rent qu&#8217;en 2012. Comme personne le dit, je vais le faire moi-m\u00eame&#8221; (Fran\u00e7ois Hollande, cit\u00e9 par Laure Bretton) : http:\/\/www.liberation.fr\/france\/2017\/03\/22\/hollande-vrp-du-quinquennat_1557610?xtor<\/p>\n<p>-&#8220;Valls doit revenir \u00e0 un meilleur \u00e9tat d&#8217;esprit&#8221; (Vincent Peillon, ancien ministre de l&#8217;\u00e9ducation nationale; vid\u00e9o) : https:\/\/www.publicsenat.fr\/article\/politique\/peillon-valls-doit-revenir-a-un-meilleur-etat-d-esprit-57662<\/p>\n<p>-Il \u00e9tait l&#8217;invit\u00e9 de &#8220;Territoires d&#8217;Infos&#8221; (vid\u00e9o) :  https:\/\/www.dailymotion.com\/video\/x5ftqfz_invite-vincent-peillon-territoires-d-infos-le-best-of-23-03-2017_tv<\/p>\n<p>-&#8220;Manuel Valls \u00e9pingl\u00e9 par la Haute autorit\u00e9 de la primaire socialiste&#8221; (vid\u00e9o) : http:\/\/www.lemonde.fr\/election-presidentielle-2017\/article\/2017\/03\/22\/presidentielle-pour-la-haute-autorite-de-la-primaire-ps-valls-contrevient-gravement-au-principe-de-loyaute-en-ne-soutenant-pas-hamon_5099172_4854003.html<\/p>\n<p>-&#8220;Depuis trois mois, on ne parle que des affaires. Que la justice fasse son travail, notre responsabilit\u00e9,  c&#8217;est de parler politique. On n&#8217;embauche pas un gamin de 15 ans, c&#8217;est ridicule. Le quinquennat de Fran\u00e7ois Hollande a introduit des r\u00e8gles de transparence&#8221; (Pascal Cherki, d\u00e9put\u00e9 PS de Paris, porte-parole de Beno\u00eet Hamon; invit\u00e9 du &#8220;Club de la Presse&#8221;; son) : http:\/\/www.europe1.fr\/emissions\/le-club-de-la-presse\/europe-soir-le-club-de-la-presse-antoine-frerot-pascal-cherki-220317-3064964<\/p>\n<p><strong>-Jean-Yves Le Drian, ministre de la D\u00e9fense, rejoint Emmanuel Macron (vid\u00e9o) : <\/strong> http:\/\/www.francetvinfo.fr\/politique\/benoit-hamon\/jean-yves-le-drian-se-rallie-a-emmanuel-macron_2111601.html#xtor=CS2-765<\/p>\n<p>-&#8220;Je soutiens Emmanuel Macron mais je reste socialiste&#8221; (dans &#8220;Ouest-France) : http:\/\/www.ouest-france.fr\/politique\/jean-yves-le-drian\/exclusif-pourquoi-jean-yves-le-drian-soutient-emmanuel-macron-4878991<\/p>\n<p><strong>-&#8220;Le terrorisme souligne notre communaut\u00e9 de destins. Je consid\u00e8re que ce qui a \u00e9t\u00e9 fait en mati\u00e8re de lutte contre le terrorisme est un programme coh\u00e9rent et ambitieux. Il m&#8217;importe peu que le premier ministre soit de gauche ou de droite. Je ne suis pas le fruit du tic-tac entre la droite et la gauche, je porte une recomposition politique, avec au moins un tiers de repr\u00e9sentants de la soci\u00e9t\u00e9 civile au gouvernement&#8221; ( Emmanuel Macron \u00e9tait l&#8217;invit\u00e9 de &#8220;Politique matin&#8221;, interrog\u00e9 par Brigitte Boucher; vid\u00e9o, amener le curseur sur 14:10)<\/strong> : http:\/\/www.lcp.fr\/emissions\/politique-matin\/282786-politique-matin<\/p>\n<p>-&#8220;Malgr\u00e9 son talent fou, Macron est le symbole du vide de la politique fran\u00e7aise&#8221; (Jacques Attali, sur &#8220;Paris Premi\u00e8re&#8221;; extraits) : https:\/\/www.challenges.fr\/challenges-soir\/pour-jacques-attali-macron-n-incarne-que-le-vide_24719<\/p>\n<p>-&#8220;C&#8217;est un homme intelligent qui a su tracer son chemin. Le d\u00e9fi migratoire est un d\u00e9fi  r\u00e9el. La vrai r\u00e9ponse, c&#8217;est le d\u00e9veloppement de l&#8217;Afrique. On ne s&#8217;interroge pas sur l&#8217;\u00e9chec du pacte de responsabilit\u00e9. Tous les grands d\u00e9bats sont occult\u00e9s dans cette campagne&#8221; (Jean-Pierre Chev\u00e8nement, interrog\u00e9 par Damien Namias; vid\u00e9o) : http:\/\/www.dailymotion.com\/video\/x5fta52_jean-pierre-chevenement-emmanuel-macron-est-un-homme-intelligent-qui-a-su-tracer-son-chemin_news<\/p>\n<p>-Le soutien du math\u00e9maticien C\u00e9dric Villani, invit\u00e9 d&#8217;Audrey Crespo-Mara (vid\u00e9o) : http:\/\/www.lci.fr\/replay\/l-invite-de-8h45-cedric-villani-mathematicien-et-soutien-d-emmanuel-macron-2029887.html%3Ftype=content<\/p>\n<p>-&#8220;Quand vous avez la responsabilit\u00e9 de la D\u00e9fense, vous n&#8217;\u00eates pas un homme de parti, mais de pays&#8221; (Fran\u00e7ois Bayrou, pr\u00e9sident du MoDem, qui esp\u00e8re que Jean-Yves Le Drian rejoindra Emmanuel Macron; interrog\u00e9 par Elizabeth Martichoux; vid\u00e9o) : http:\/\/www.rtl.fr\/actu\/politique\/presidentielle-2017-bayrou-trouverait-tres-bien-que-le-drian-rallie-macron-7787785361<\/p>\n<p>-&#8220;Avec le terrorisme, la situation est tr\u00e8s dangereuse. On est toujours dans un r\u00e9gime de temps de paix en d\u00e9pit de tous les textes que nous avons adopt\u00e9s. D&#8217;autres existent que nous n&#8217;appliquons pas. Toute l&#8217;Europe est menac\u00e9e et la France plus particuli\u00e8rement&#8221;  (Pierre Lellouch, d\u00e9put\u00e9 LR de Paris; invit\u00e9 de Pierre Elkabbach; vid\u00e9o, amener le curseur sur 9:09) : http:\/\/www.cnews.fr\/chroniques\/linterview-de-jean-pierre-elkabbach\/juliette-meadel-et-pierre-lellouche-invites-de-jean-pierre-elkabbach-173875<\/p>\n<p>-&#8220;Le lieu et le jour choisis pour l&#8217;attentat sont tr\u00e8s violents et symboliques. L&#8217;Europe est une cible et une source privil\u00e9gi\u00e9es. Vous avez en France 16 000 personnes qui sont suivies. La situation fait que nous devons maintenir l&#8217;\u00e9tat d&#8217;urgence et Fran\u00e7ois Fillon est pour. Je suis un sarkozyste inoxydable. Le programme de Fran\u00e7ois Fillon est le plus s\u00e9rieux&#8221; (Brice Hortefeux, eurod\u00e9put\u00e9 LR, invit\u00e9 d&#8217;Audrey Crespo-Mara; vid\u00e9o) :  http:\/\/www.lci.fr\/replay\/l-invite-politique-de-8h15-brice-hortefeux-depute-europeen-2029979.html%3Ftype=content<\/p>\n<p>-Fran\u00e7ois Fillon d\u00e9nonce &#8220;une machination&#8221; (Thomas Legrand; son) : https:\/\/www.franceinter.fr\/emissions\/l-edito-politique\/l-edito-politique-23-mars-2017<\/p>\n<p><strong>-Six s\u00e9quences de &#8220;L&#8217;Emission politique&#8221; avec Fran\u00e7ois Fillon (vid\u00e9os) : <\/strong> http:\/\/www.francetvinfo.fr\/elections\/presidentielle\/videos-six-sequences-qu-il-ne-fallait-pas-rater-dans-l-emission-politique-avec-francois-fillon_2111681.html<\/p>\n<p>-Le clash avec la romanci\u00e8re Christine Angot (vid\u00e9o) : http:\/\/www.francetvinfo.fr\/politique\/francois-fillon\/affaires-fillon\/video-le-violent-clash-entre-francois-fillon-et-l-ecrivaine-christine-angot-sur-le-plateau-de-l-emission-politique_2111605.html<\/p>\n<p>-Son face \u00e0 face avec l&#8217;ancienne ministre \u00e0 la Culture socialiste Aur\u00e9lie Filippetti (vid\u00e9o, amener le curseur sur 1:38:50) : http:\/\/www.france2.fr\/emission\/lemission-politique\/diffusion-du-23-03-2017-20h55<\/p>\n<p><strong>-&#8220;Si vous voulez \u00eatre s\u00fbr de d\u00e9truire la plan\u00e8te, vous votez Fillon&#8221; (le philosophe Dominique Bourg, professeur \u00e0 l&#8217;universit\u00e9 de Lausane; interrog\u00e9 par Weronika Zarachowicz; vid\u00e9o) : <\/strong> http:\/\/www.telerama.fr\/presidentielle-2017\/presidentielle-2017-si-vous-voulez-etre-surs-de-detruire-la-planete-vous-votez-fillon,155765.php#xtor<\/p>\n<p>-&#8220;Emmanuel Macron s&#8217;est vendu au monde de l&#8217;argent. On ne viendra  pas au secours des banques de sp\u00e9culation. Il faut sortir de la BCE qui est devenue un tripot&#8221; (Jacques Cheminade, candidat \u00e0 l&#8217;\u00e9lection pr\u00e9sidentielle; interrog\u00e9 par Guillaume Durand; son du 23 mars) : https:\/\/www.radioclassique.fr\/radio\/emissions\/matinale-de-radio-classique\/l-invite-du-matin\/<\/p>\n<p>-&#8220;Ceux qui ont mis la France dans cet \u00e9tat doivent partir&#8221; (Nicolas Dupont-Aignan, candidat de &#8220;la France debout&#8221;; invit\u00e9 de la matinale de Franceinfo; vid\u00e9o) : http:\/\/www.dailymotion.com\/video\/x5ftwu8_presidentielle-nicolas-dupont-aignan-juge-que-ceux-qui-ont-mis-la-france-dans-cet-etat-doivent-parti_news<\/p>\n<p>-&#8220;Super-Dupont-Aignan est en marche&#8221; (Renaud  D\u00e9ly; son) : https:\/\/www.franceinter.fr\/emissions\/histoires-politiques\/histoires-politiques-23-mars-2017<\/p>\n<p>-&#8220;Il est la star de la semaine&#8221; (Yves Thr\u00e9ard du &#8220;Figaro&#8221;; vid\u00e9o) : http:\/\/www.dailymotion.com\/video\/x5fswsy_nicolas-dupont-aignan-star-de-la-semaine_news<\/p>\n<p>-&#8220;M. Macron est un personnage inqui\u00e9tant&#8221; (Florian Philippot, vice-pr\u00e9sident du FN; vid\u00e9o) : http:\/\/www.lcp.fr\/la-politique-en-video\/philippot-monsieur-macron-est-un-personnage-inquietant<\/p>\n<p>-&#8220;La libre circulation des biens et des personnes permet aussi celle des terroristes.<br \/>\n La Grande-Bretagne a accueilli les immigr\u00e9s \u00e0 bras ouverts. Il faut poursuivre pour intelligence avec l&#8217;ennemi ceux qui participent \u00e0 des fili\u00e8res islamiques. Estrosi et Jupp\u00e9 ont financ\u00e9 des islamistes&#8221; (Nicolas Baye, secr\u00e9taire g\u00e9n\u00e9ral du FN; interrog\u00e9 par Caroline Roux; vid\u00e9o) : http:\/\/www.france2.fr\/emissions\/telematin\/actu\/les-4-verites-nicolas-bay_561021<\/p>\n<p><strong>-&#8220;Les d\u00e9missions du quinquennat&#8221; (vid\u00e9o) : <\/strong> http:\/\/www.liberation.fr\/video\/2017\/03\/22\/des-scandales-aux-ambitions-personnelles-les-demissions-du-quinquennat-hollande_1557607?xtor<\/p>\n<p>-&#8220;La transparence sacr\u00e9e est devenue la 4e valeur de la R\u00e9publique&#8221; (Guillaume Tabard du &#8220;Figaro&#8221;; son du 23 mars) : https:\/\/www.radioclassique.fr\/radio\/emissions\/matinale-de-radio-classique\/22630-2\/<\/p>\n<p><strong>-Les enjeux de l&#8217;abstention (Bruno Cautr\u00e8s, chercheur au Cevipof; interrog\u00e9 par Eric Delvaux; son) : <\/strong> https:\/\/www.franceinter.fr\/emissions\/l-invite-du-5-7\/l-invite-du-5-7-23-mars-2017<\/p>\n<p>-&#8220;Quelque chose de rompu entre nous&#8221; (l&#8217;\u00e9crivain Alain Hob\u00e9, sur le blog de C\u00e9cile Canut) : https:\/\/blogs.mediapart.fr\/cecile-canut\/blog\/220317\/quelque-chose-de-rompu-entre-nous?utm_source<\/p>\n<p><strong>-&#8220;Avec BVA, nous avons cr\u00e9\u00e9 un nouvel outil qui permet, en temps r\u00e9el, de saisir les signaux faibles sur les r\u00e9seaux sociaux&#8221; (Olivier Derrien, directeur g\u00e9n\u00e9ral de Salesforces; invit\u00e9 de Nicolas Pierron; vid\u00e9o) : <\/strong> https:\/\/www.dailymotion.com\/video\/x5fth8f_il-y-a-une-crise-de-confiance-de-toute-la-population-envers-le-monde-politique-olivier-derrien-23-0_news<\/p>\n<p>-La plateforme POP 2017 : http:\/\/www.pop2017.fr\/<\/p>\n<p><em>-Etre jeune en 2017. Quelles valeurs ? Quels mod\u00e8les ? (IFOP) : <\/em> http:\/\/www.ifop.com\/?option=com_publication&#038;type=poll&#038;id=3704<\/p>\n<p><em>-Les Fran\u00e7ais et l&#8217;identit\u00e9 nationale (IFOP) :<\/em> http:\/\/www.ifop.com\/?option=com_publication&#038;type=poll&#038;id=3703<\/p>\n<p><em>-Abstention, ind\u00e9cision, potentiels de vote&#8230;tr\u00e8s important pour Jean-Luc M\u00e9lenchon (ODOXA) :<\/em> http:\/\/www.odoxa.fr\/sondage\/presidentielle-43-electeurs-indecis\/<\/p>\n<p><em>-Les intentions de vote au 23 mars 2017 (IFOP) : <\/em> http:\/\/dataviz.ifop.com:8080\/HNS\/HNSAdmin\/start.appli?appid=60930&#038;logonUser=USERWEB&#038;logonPswcd=ZnJhbmNvaXNF<\/p>\n<p><em>-Le m\u00eame (OPINION-WAY) <\/em> : http:\/\/opinionlab.opinion-way.com\/opinionlab\/832\/627\/presitrack.html#m6<\/p>\n<p><strong>EUROPE-MONDE<\/strong><\/p>\n<p>-L&#8217;\u00e9tat des lieu de la lutte antiterroriste en Europe (Olivier Chopin, charg\u00e9 de cours \u00e0 Sciences Po Paris; J\u00e9r\u00f4me de Lespinois, chercheur \u00e0 l&#8217;Institut strat\u00e9gique de l&#8217;Ecole militaire et Eric Biegala de France Culture; invit\u00e9s de Guillaume Erner; son) : https:\/\/www.franceculture.fr\/emissions\/linvite-des-matins-2eme-partie\/apres-lattaque-de-londres-etat-des-lieux-de-la-lutte#xtor<\/p>\n<p><strong>-Le Conseil constitutionnel fran\u00e7ais a lanc\u00e9 une instruction sur l&#8217;accord Union europ\u00e9enne-Canada (CETA) (Aline Robert) :<\/strong> http:\/\/www.euractiv.fr\/section\/all\/news\/linstruction-du-conseil-constitutionnel-fragilise-le-ceta\/?nl_ref<\/p>\n<p>-&#8220;Les relations entre l&#8217;Union europ\u00e9enne et l&#8217;Am\u00e9rique du Sud deviennent une priorit\u00e9&#8221; : http:\/\/www.euractiv.fr\/section\/l-europe-dans-le-monde\/news\/costa-rican-diplomat-latin-america-eu-alliance-crucial\/?nl_ref<\/p>\n<p>-Bruxelles et Tokyo veulent conclure leur accord commercial en 2017 (Daniela Vincenti) : http:\/\/www.euractiv.fr\/section\/economie\/news\/eu-japan-determined-to-deliver-trade-deal-by-end-of-2017\/?nl_ref<\/p>\n<p><strong>-&#8220;Pourquoi la BCE devrait verser de l&#8217;argent directement aux citoyens&#8221; (une tribune collective) <\/strong> : http:\/\/tempsreel.nouvelobs.com\/le-labo\/20170322.OBS6965\/tribune-pourquoi-la-bce-devrait-verser-de-l-argent-directement-aux-citoyens.html#xtor<\/p>\n<p>-&#8220;L&#8217;Union europ\u00e9enne doit revendiquer haut et fort ses innovations scientifiques !&#8221; (Carlos Moedas, le commissaire europ\u00e9en \u00e0 la recherche, cit\u00e9 par Jorge Valeo) : http:\/\/www.euractiv.fr\/section\/plan-te\/news\/moedas-we-need-to-shout-to-sell-our-discoveries\/?nl_ref<\/p>\n<p>-La Commission europ\u00e9enne tente de s\u00e9duire les entreprises &#8220;FinTech&#8221; (Jorge Valero) : http:\/\/www.euractiv.fr\/section\/economie\/news\/brussels-eyees-eu-wide-license-for-fintech-startups\/?nl_ref<\/p>\n<p><strong>-Six pays europ\u00e9ens lancent le projet du plus grand parc \u00e9olien du monde en mer du Nord, sans la France (Baptiste Gaborit; son du 23 mars) : <\/strong> https:\/\/www.radioclassique.fr\/radio\/emissions\/matinale-de-radio-classique\/3-minutes-planete\/<\/p>\n<p>-&#8220;L&#8217;urgence de l&#8217;\u00e9limination des \u00e9nergies fossiles&#8221; (Ama Lorenz) : http:\/\/www.euractiv.fr\/section\/climat\/news\/study-backing-fossil-fuels-is-economically-and-politically-irresponsible\/?nl_ref<\/p>\n<p>-&#8220;La Belgique comm\u00e9more ses attentats au moment o\u00f9 Londres est frapp\u00e9e&#8221; : http:\/\/www.euractiv.fr\/section\/soci-t\/news\/la-belgique-commemore-ses-attentats-au-moment-ou-londres-est-frappee\/?nl_ref<\/p>\n<p>-&#8220;Un Brexit avec ou sans accord avec l&#8217;Union europ\u00e9enne n&#8217;aura pas les m\u00eames cons\u00e9quences&#8221; (Michel Barnier en charge des n\u00e9gociations pour la Commission;  cit\u00e9 par James Crisp) : http:\/\/www.euractiv.fr\/section\/avenir-de-l-ue\/news\/eu-brexit-boss-warns-of-serious-repercussions-if-brexit-talks-fail\/?nl_ref<\/p>\n<p>-&#8220;L&#8217;Angleterre se s\u00e9pare de l&#8217;Europe mais culturellement, elle ne ferme pas les ponts&#8221; (R\u00e9gis Le Sommier; vid\u00e9o) : https:\/\/www.dailymotion.com\/video\/x5fti9j_l-angleterre-se-separe-de-l-europe-mais-culturellement-elle-ne-ferme-pas-les-ponts-regis-le-sommier_news<\/p>\n<p>-L&#8217;Autriche pourrait interdire les meetings politiques \u00e9trangers sur son sol (Herbert Vytiska) : http:\/\/www.euractiv.fr\/section\/elections\/news\/austria-moves-to-formally-ban-erdogan-from-campaigning-on-its-soil\/?nl_ref<\/p>\n<p><strong>-Chaque jour des centaines de r\u00e9fugi\u00e9s arrivent en Serbie : <\/strong> http:\/\/www.euractiv.fr\/section\/monde\/news\/recit-dun-voyage-contre-la-mort-une-escale-en-serbie\/?nl_ref<\/p>\n<p>-La Roumanie manquent de fonds pour cofinancer des projets europ\u00e9ens : http:\/\/www.euractiv.fr\/section\/economie\/news\/romania-runs-out-of-money-to-co-finance-eu-projects\/?nl_ref<\/p>\n<p>-&#8220;La soci\u00e9t\u00e9 turque, une grise mosa\u00efque&#8221; (l&#8217;universitaire Ahmet Insel; son) : https:\/\/www.franceinter.fr\/emissions\/meridien-d-europe\/meridien-d-europe-23-mars-2017<\/p>\n<p><strong>-&#8220;Dans le conflit isra\u00e9lo-palestinien, c&#8217;est au plus fort de faire le geste important&#8221; (Daniel Cohn-Bendit; vid\u00e9o) :<\/strong> http:\/\/www.dailymotion.com\/video\/x5ft6pl_conflit-israelo-palestinien-c-est-au-plus-fort-de-faire-le-geste-le-plus-important_news<\/p>\n<p>-&#8220;Le Printemps arabe n&#8217;est pas encore mort&#8221; (Abdellah Ta\u00efa) : http:\/\/www.liberation.fr\/debats\/2017\/03\/22\/le-printemps-arabe-n-est-pas-encore-mort_1557626?xtor<\/p>\n<p>-Aux Etats-Unis, des mesures restrictives sur les vols en provenance du Moyen-Orient (vid\u00e9o) : http:\/\/www.liberation.fr\/video\/2017\/03\/22\/etats-unis-des-mesures-restrictives-sur-les-vols-en-provenance-du-moyen-orient_1557559?xtor<\/p>\n<p>-&#8220;Les menaces qui p\u00e8sent sur la France et l&#8217;Am\u00e9rique, qu&#8217;elles soient internes ou viennent de l&#8217;ext\u00e9rieur, ont Dieu pour origine&#8221; (l&#8217;\u00e9ditorial de &#8220;Lib\u00e9ration&#8221;, r\u00e9dig\u00e9 par l&#8217;\u00e9crivain am\u00e9ricain David Vann) : http:\/\/www.liberation.fr\/elections-presidentielle-legislatives-2017\/2017\/03\/22\/il-est-temps-de-tuer-dieu-et-la-patrie_1557655?xtor<\/p>\n<p>-En Chine, la premi\u00e8re r\u00e9serve mondiale de gaz de schiste (vid\u00e9o) : http:\/\/www.francetvinfo.fr\/monde\/environnement\/gaz-de-schiste\/la-chine-premiere-reserve-mondiale-de-gaz-de-schiste_2110861.html<\/p>\n<p><strong>-Apr\u00e8s 15 ans d&#8217;ind\u00e9pendance, le Timor oriental \u00e9lit son pr\u00e9sident (un reportage de Jo\u00ebl Bronner; son) :<\/strong> https:\/\/www.franceinter.fr\/emissions\/grand-angle\/grand-angle-23-mars-2017<\/p>\n<p>CULTURE-MEDIA<\/p>\n<p><strong>-&#8220;Une \u00e9cologie progressiste ne dissocie pas la question sociale&#8221; (le philosophe Serge Audier, ma\u00eetre de conf\u00e9rences \u00e0 l&#8217;universit\u00e9 Paris-Sorbonne; invit\u00e9 d&#8217;Olivia Gesbert; sons) : <\/strong>  https:\/\/www.franceculture.fr\/emissions\/la-grande-table-2eme-partie\/serge-audier-ecologie-mon-amie#xtor<\/p>\n<p><strong>-&#8220;Gr\u00e2ce \u00e0 la litt\u00e9rature, j&#8217;ai pu imaginer ce qui se passait dans la vie des gens&#8221; (Barack Obama; entretien r\u00e9alis\u00e9 par le critique du &#8220;New York Times&#8221; Michiko Kakutani, traduit par Marguerite Capelle) :<\/strong>  http:\/\/www.telerama.fr\/livre\/barack-obama-ce-que-peut-la-litterature,155754.php#xtor<\/p>\n<p><strong>-L&#8217;humoriste Mustapha El Altrassi, invit\u00e9 de &#8220;Passion classique&#8221; d&#8217;Olivier Bellamy; son du 22 mars) : <\/strong>  https:\/\/www.radioclassique.fr\/radio\/emissions\/passion-classique\/<\/p>\n<p>-Dans la campagne \u00e9lectorale, &#8220;c&#8217;est bien le grand g\u00e2chis culturel&#8221; (Fran\u00e7ois de Mazi\u00e8res, maire de Versailles; interrog\u00e9 par Patrick Poivre d&#8217;Arvor; son du 22 mars) : https:\/\/www.radioclassique.fr\/radio\/emissions\/le-19h20h\/grand-debat-soir\/<\/p>\n<p>-&#8220;Rodin au Grand Palais, une exposition qui ne laisse pas de marbre&#8221; (Bernard M\u00e9rigaud) : http:\/\/www.telerama.fr\/sortir\/rodin-au-grand-palais-une-exposition-qui-ne-laisse-pas-de-marbre,155789.php#xtor<\/p>\n<p><strong>-&#8220;Je ne savais pas que j&#8217;avais du talent&#8221; (l&#8217;interview sc\u00e9naris\u00e9e du sculpteur par Bernard M\u00e9rigaud) <\/strong> : http:\/\/www.telerama.fr\/scenes\/exclusif-auguste-rodin-se-livre-a-telerama-je-ne-savais-pas-que-j-avais-du-talent,155579.php#xtor<\/p>\n<p>-Dans &#8220;Sage femme&#8221;, &#8220;Deneuve-Frot, magnifique tandem d&#8217;actrices&#8221; (Fr\u00e9d\u00e9ric Strauss; vid\u00e9o) : http:\/\/www.telerama.fr\/cinema\/sage-femme-deneuve-frot-magnifique-tandem-d-actrices,155768.php#xtor<\/p>\n<p>-Isabelle Carr\u00e9 et Ramzy Bedia \u00e9clairent &#8220;Une Vie ailleurs&#8221; d&#8217;Olivier Peyon (Guillemette Odicino; vid\u00e9o) :  http:\/\/www.telerama.fr\/cinema\/une-vie-ailleurs-le-nouveau-voyage-existentiel-d-olivier-peyon,155786.php#xtor<\/p>\n<p>-&#8220;Tunnel&#8221;, un thriller sud-cor\u00e9en de Kim Seong-hun (vid\u00e9o) : http:\/\/www.telerama.fr\/cinema\/regardez-la-bande-annonce-de-tunnel-un-thriller-sud-coreen-de-kim-seong-hun,155727.php#xtor<\/p>\n<p>-&#8220;Il \u00e9tait encore une fois&#8221; de &#8220;La Belle et la B\u00eate&#8221; des studios Disney (C\u00e9cile Mury; vid\u00e9o) : http:\/\/www.telerama.fr\/cinema\/la-belle-et-la-bete-entre-feminisme-et-plaidoyer-pour-la-difference,155769.php#xtor<\/p>\n<p>-Dan Stevens y joue la B\u00eate (propos recueillis par C\u00e9cile Mury; vid\u00e9o) : http:\/\/www.telerama.fr\/cinema\/dan-stevens-l-homme-qui-fait-bien-la-bete,155758.php#xtor<\/p>\n<p><strong>-&#8220;Birkin-Gainsbourg, le symphonique&#8221;, le nouvel album de Jane Birkin, invit\u00e9e de Marc-Olivier Fogiel (son)<\/strong> : http:\/\/www.rtl.fr\/actu\/societe-faits-divers\/jane-birkin-revisite-les-chansons-de-gainsbourg-dans-un-nouvel-album-7787781707<\/p>\n<p><strong>-&#8220;Les Buzzcocks&#8221; sont en tourn\u00e9e en France. Pete Shelley, leur leader, se penche sur leur parcours (Vincent Arquill\u00e8re; vid\u00e9os et sons) : <\/strong> http:\/\/www.telerama.fr\/musique\/pete-shelley-j-ai-toujours-aime-la-musique-qui-fait-fuir-les-invites,155772.php#xtor<\/p>\n<p>-Retrouver Willie Nelson avec Fran\u00e7ois Gorin (son) : http:\/\/www.telerama.fr\/musique\/willie-nelson-hors-la-loi-du-marche,155770.php#xtor<\/p>\n<p><strong>-&#8220;Depeche Mode&#8221; passe \u00e0 la chanson engag\u00e9e avec &#8220;Spirit&#8221; (vid\u00e9o) : <\/strong> http:\/\/www.francetvinfo.fr\/culture\/musique\/avec-spirit-depeche-mode-se-met-aux-chansons-engagees_2110921.html<\/p>\n<p><strong>-&#8220;Exit Music&#8221; de Radiohead envahit les s\u00e9ries (Yohav Oremiatzki; son et vid\u00e9os) : <\/strong><br \/>\nhttp:\/\/www.telerama.fr\/series-tv\/pourquoi-exit-music-de-radiohead-a-t-elle-envahi-les-series,155619.php#xtor<\/p>\n<p><strong>-Jusqu&#8217;au 9 avril \u00e0 Saint-Etienne, la deuxi\u00e8me Biennale internationale du design et &#8220;les mutants du travail&#8221; (Xavier de Jarcy) : <\/strong>   http:\/\/www.telerama.fr\/scenes\/la-biennale-du-design-de-saint-etienne-et-les-mutants-du-travail,155759.php#xtor<\/p>\n<p>-A Paris, pas moins de trois salons exposent du dessin (Sabrina Silamo) : http:\/\/www.telerama.fr\/sortir\/drawing-now-paris-avant-les-salons-le-dessin-etait-reserve-aux-collectionneurs-et-galeristes,155744.php#xtor<\/p>\n<p><strong>-Les photos de la semaine (EPIC) <\/strong> : http:\/\/www.oai13.com\/featured\/lavant-derniere-selection-jeudi-depic-stories\/?mc_cid<\/p>\n<p>-&#8220;Quand je suis \u00e9nerv\u00e9, \u00e7a m&#8217;inspire aussi&#8221; (Plantu, invit\u00e9 de Thomas Sotto; vid\u00e9o) :<br \/>\n<iframe loading=\"lazy\" title=\"Plantu : &quot;Quand je suis \u00e9nerv\u00e9, \u00e7a m&#039;inspire aussi !&quot;\" frameborder=\"0\" width=\"500\" height=\"281\" src=\"https:\/\/geo.dailymotion.com\/player.html?video=x5ft6bk&#038;\" allowfullscreen allow=\"autoplay; fullscreen; picture-in-picture; web-share\"><\/iframe><\/p>\n<p><strong>-La coop\u00e9ration entre m\u00e9dias europ\u00e9ens (Bianca Ferrari et Christophe Leclercq) : <\/strong> http:\/\/www.euractiv.fr\/section\/medias\/news\/erasmus4media-swapping-media-professionals-could-solve-sectors-crisis\/?nl_ref<\/p>\n<p>-&#8220;Je n&#8217;ai pas peur de Netflix&#8221; (Richard Pleper, patron de HBO; propos recueillis par Pierre Langlais) : http:\/\/www.telerama.fr\/series-tv\/richard-plepler-patron-de-hbo-je-n-ai-pas-peur-de-netflix,155767.php#xtor<\/p>\n<p><strong>-&#8220;SFR Presse massacre-t-il la presse ?&#8221; Le droit de r\u00e9ponse de son patron Guillaume Dubois, invit\u00e9 de Sonia Devillers (vid\u00e9o, amener le curseur sur 8:14) : <\/strong> http:\/\/www.dailymotion.com\/video\/x5fu3x3_sfr-presse-massacre-t-il-la-presse-le-droit-de-reponse-de-guillaume-dubois_news<\/p>\n<p><strong>-Avec Michka Assayas, des id\u00e9es folk sur France Inter (son) : <\/strong> http:\/\/www.telerama.fr\/radio\/des-idees-folk-sur-france-inter,154929.php#xtor<\/p>\n<p><strong>-&#8220;France 2 c\u00e9l\u00e8bre nos milliardaires&#8230;en oubliant la question qui f\u00e2che&#8221; (Samuel Gontier) :<\/strong> http:\/\/television.telerama.fr\/television\/france-2-celebre-nos-milliardaires-en-oubliant-la-question-qui-fache,155795.php#xtor<\/p>\n<p>-Le CSA d\u00e9cide d&#8217;intervenir apr\u00e8s les propos de Jean-Pierre Pernaut sur l&#8217;h\u00e9bergement des migrants (J\u00e9r\u00f4me Ivanichtchenko; vid\u00e9o) : http:\/\/www.dailymotion.com\/video\/x5ftum6_migrants-le-csa-decide-d-intervenir-apres-des-propos-de-jean-pierre-pernaut_news<\/p>\n<p>-&#8220;La tr\u00e8s grosse audience du d\u00e9bat sur TF1 n&#8217;aurait g\u00e9n\u00e9r\u00e9 que de petits b\u00e9n\u00e9fices pour la cha\u00eene&#8221; (Marc Baudriller; son du 23 mars) :  https:\/\/www.radioclassique.fr\/radio\/emissions\/matinale-de-radio-classique\/la-vie-des-medias\/<\/p>\n<p>-A la t\u00e9l\u00e9 russe, &#8220;un concours de chant pour enfants&#8230;orphelins&#8221; (Bertrand Villegas; vid\u00e9o) : http:\/\/television.telerama.fr\/television\/the-voice-kids-pour-orphelins-les-russes-ont-ose,155525.php#xtor<\/p>\n<p>-&#8220;C&#8217;est du bio !&#8221; (la chanson de Fr\u00e9d\u00e9ric Fromet; vid\u00e9o) : http:\/\/www.dailymotion.com\/video\/x5fw91z_c-est-du-bio-la-chanson-de-frederic-fromet_news<\/p>\n<p><strong>-&#8220;L&#8217;appel des solidarit\u00e9s&#8221; (Guillaume Meurice; vid\u00e9o) : <\/strong> http:\/\/www.dailymotion.com\/video\/x5fw5kq_l-appel-des-solidarites-le-moment-meurice_fun<\/p>\n<p>-Nicolas Dupont-Aignan n&#8217;aime pas la politique-spectacle (vid\u00e9os) :                     http:\/\/www.dailymotion.com\/video\/x5fk2qt_dupont-aignan-chez-hanouna-cherchez-l-erreur_news                                                                                            http:\/\/www.dailymotion.com\/video\/x5fhczq_nicolas-dupont-aignan-reagit-a-son-eviction-du-debat-de-tf1-chez-cyril-hanouna-regardez_tv<\/p>\n<p><strong>-&#8220;Les journalistes politiques, une profession en souffrance&#8221; (Charline Vanhoenacker; vid\u00e9o) <\/strong> : http:\/\/www.dailymotion.com\/video\/x5ft3b6_les-journalistes-politiques-une-population-en-souffrance-le-billet-de-charline_fun<\/p>\n","protected":false},"excerpt":{"rendered":"<p>ACTUALITE -Les d\u00e9lais pour consulter un m\u00e9decin s&#8217;allongent (vid\u00e9o) : http:\/\/www.francetvinfo.fr\/sante\/professions-medicales\/sante-les-delais-pour-consulter-un-medecin-s-allongent_2111007.html -&#8220;Plus de 130 000 logements sociaux ont \u00e9t\u00e9 financ\u00e9s en 2016&#8221; (Christian Menanteau; vid\u00e9o) : http:\/\/www.rtl.fr\/actu\/conso\/plus-de-130-000-logements-sociaux-ont-ete-finances-en-2016-7787784992 -&#8220;Le travail le dimanche s&#8217;\u00e9tend&#8221; (Fran\u00e7ois Lenglet; son) : http:\/\/www.rtl.fr\/actu\/societe-faits-divers\/travail-dominical-les-premiers-resultats-sont-spectaculaires-7787785357 -Les nouvelles lignes \u00e0 bas prix de la SNCF (vid\u00e9o) : http:\/\/www.francetvinfo.fr\/economie\/transports\/sncf\/sncf-les-nouvelles-lignes-a-bas-prix_2111589.html#xtor=CS2-765 -Dans l&#8217;Orne, &#8220;une guillotine qui agace&#8221; [&hellip;]<\/p>\n","protected":false},"author":1042,"featured_media":0,"comment_status":"open","ping_status":"open","sticky":false,"template":"","format":"standard","meta":{"_themeisle_gutenberg_block_has_review":false,"footnotes":""},"categories":[151],"tags":[],"class_list":["post-10283","post","type-post","status-publish","format-standard","hentry","category-la-revue-de-presse-de-lulu"],"_links":{"self":[{"href":"https:\/\/archives.regards.fr\/index.php?rest_route=\/wp\/v2\/posts\/10283","targetHints":{"allow":["GET"]}}],"collection":[{"href":"https:\/\/archives.regards.fr\/index.php?rest_route=\/wp\/v2\/posts"}],"about":[{"href":"https:\/\/archives.regards.fr\/index.php?rest_route=\/wp\/v2\/types\/post"}],"author":[{"embeddable":true,"href":"https:\/\/archives.regards.fr\/index.php?rest_route=\/wp\/v2\/users\/1042"}],"replies":[{"embeddable":true,"href":"https:\/\/archives.regards.fr\/index.php?rest_route=%2Fwp%2Fv2%2Fcomments&post=10283"}],"version-history":[{"count":0,"href":"https:\/\/archives.regards.fr\/index.php?rest_route=\/wp\/v2\/posts\/10283\/revisions"}],"wp:attachment":[{"href":"https:\/\/archives.regards.fr\/index.php?rest_route=%2Fwp%2Fv2%2Fmedia&parent=10283"}],"wp:term":[{"taxonomy":"category","embeddable":true,"href":"https:\/\/archives.regards.fr\/index.php?rest_route=%2Fwp%2Fv2%2Fcategories&post=10283"},{"taxonomy":"post_tag","embeddable":true,"href":"https:\/\/archives.regards.fr\/index.php?rest_route=%2Fwp%2Fv2%2Ftags&post=10283"}],"curies":[{"name":"wp","href":"https:\/\/api.w.org\/{rel}","templated":true}]}}