{"id":10281,"date":"2017-03-23T06:58:15","date_gmt":"2017-03-23T05:58:15","guid":{"rendered":"https:\/\/wp.muchomaas.com\/article-la-revue-du-23-mars-2017\/"},"modified":"2023-06-23T23:24:22","modified_gmt":"2023-06-23T21:24:22","slug":"article-la-revue-du-23-mars-2017","status":"publish","type":"post","link":"https:\/\/archives.regards.fr\/?p=10281","title":{"rendered":"La Revue du 23 mars 2017"},"content":{"rendered":"<strong>ACTUALITE<\/strong>\n\n-Hier est sortie en librairie la proposition d&#8217;un nouveau code du Travail (la CGT) : http:\/\/www.cgt.fr\/Le-combat-continue-pour-un-nouveau.html\n\n-&#8220;Ces affaires sont insupportables pour les citoyens. Il faut prendre des mesures.  L&#8217;effet est d\u00e9sastreux dans l&#8217;opinion publique. Il y a un risque d&#8217;abstention tr\u00e8s fort et on sait \u00e0 qui \u00e7a profite. ll faut une exemplarit\u00e9 personnelle. Ce n&#8217;est pas l&#8217;ensemble du personnel politique qui est concern\u00e9. On parle de la transition \u00e9cologique, du travail, c&#8217;est int\u00e9ressant. Dans un pays, il faut de la comp\u00e9titivit\u00e9 mais aussi de la justice sociale&#8221; (Laurent Berger, secr\u00e9taire de la CFDT; invit\u00e9 de Jean-Pierre Elkabbach; vid\u00e9o) : http:\/\/www.cnews.fr\/chroniques\/linvite-de-jean-pierre-elkabbach\/laurent-berger-invite-de-jean-pierre-elkabbach-173845\n\n<strong>-La journ\u00e9e mondiale de l&#8217;eau (Baptiste Gaborit; son du 22 mars) : <\/strong> https:\/\/www.radioclassique.fr\/radio\/emissions\/matinale-de-radio-classique\/3-minutes-planete\/\n\n<strong>-Fralo Traor\u00e9, 14 ans du Coll\u00e8ge Georges Rouault \u00e0 Paris, est venu en parler avec Nathalie Fontrel (son) <\/strong> : https:\/\/www.franceinter.fr\/emissions\/planete-environnement\/planete-environnement-22-mars-2017\n\n<strong>-&#8220;Le manque d&#8217;eau persiste \u00e0 Mayotte&#8221; (B\u00e9atrice Dugu\u00e9; son) : <\/strong> https:\/\/www.franceinter.fr\/emissions\/le-zoom-de-la-redaction\/le-zoom-de-la-redaction-22-mars-2017\n\n-&#8220;Intermarch\u00e9 est le sixi\u00e8me producteur agro-alimentaire en France&#8221; (son PDG Thierry Cotillard, invit\u00e9 de Nicolas Pierron; vid\u00e9o) : https:\/\/www.dailymotion.com\/video\/x5fnfou_intermarche-est-le-sixieme-producteur-agro-alimentaire-en-france-avec-six-usines-thierry-cotillard_news\n\n-Fran\u00e7ois Hollande a inaugur\u00e9 \u00e0 Dijon la cit\u00e9 internationale de la gastronomie et du vin (vid\u00e9o) : http:\/\/www.elysee.fr\/videos\/new-video-122\/\n\n-A Vaulx-en-Velin (69), son discours sur la politique de la ville (vid\u00e9o; apr\u00e8s Aubervilliers, Saint-Denis, ce choix ne doit bien s\u00fbr rien au hasard) : http:\/\/www.elysee.fr\/videos\/discours-a-l-occasion-du-deplacement-sur-le-theme-de-la-politique-de-la-ville\/\n\n<strong>-&#8220;La Seine-Saint-Denis est une banlieue dynamique et jeune&#8221; (Sarah Ourahmoune, championne du monde et vice-championne olympique de boxe; interrog\u00e9e par Thomas Sotto; vid\u00e9o) :<\/strong> http:\/\/www.europe1.fr\/emissions\/l-interview-verite\/sarah-ourahmoune-la-seine-saint-denis-est-une-banlieue-dynamique-et-jeune-3009184\n\n-Le casque est d\u00e9sormais obligatoire pour les enfants \u00e0 v\u00e9lo (vid\u00e9o) : http:\/\/www.huffingtonpost.fr\/2017\/03\/21\/qui-est-matthias-fekl-le-nouveau-ministre-de-linterieur_a_21904475\/?utm_hp_ref\n\n-Comment tricoter un &#8220;Pussy Hat&#8221; : http:\/\/www.telerama.fr\/monde\/tuto-comment-tricoter-un-pussy-hat,155725.php#xtor\n\n-&#8220;Et si le jambon \u00e9tait moins rose ?&#8221; (vid\u00e9o) : http:\/\/www.francetvinfo.fr\/economie\/emploi\/metiers\/agriculture\/crise-des-eleveurs\/antibiotiques-conservateurs-et-si-le-jambon-etait-moins-rose_2110028.html\n\n-Depuis l&#8217;espace, l&#8217;astronaute Thomas Pesquet \u00e9change avec le Pr\u00e9sident de la R\u00e9publique (vid\u00e9o) :  http:\/\/www.elysee.fr\/videos\/new-video-120\/\n\n<strong>-La tourn\u00e9e de la patrouille de France de comm\u00e9moration de la premi\u00e8re guerre mondiale (vid\u00e9o) <\/strong> : http:\/\/www.francetvinfo.fr\/economie\/emploi\/metiers\/armee-et-securite\/patrouille-de-france-la-grande-traversee_2110098.html\n\n-Pierre Moscovici aussi a re\u00e7u des costumes de luxe : https:\/\/www.lesechos.fr\/politique-societe\/politique\/0211900474686-pierre-moscovici-a-lui-aussi-recu-des-costumes-de-luxe-2074305.php#xtor\n\n-&#8220;Les costumes en cadeau&#8221; (Eric Delvaux; son) : https:\/\/www.franceinter.fr\/emissions\/le-cabinet-de-curiosites\/le-cabinet-de-curiosites-22-mars-2017\n\n<strong>-Des enfants livr\u00e9s \u00e0 eux-m\u00eames en plein coeur de Paris (une enqu\u00eate de J\u00e9r\u00f4me Jadot; son) : <\/strong> http:\/\/www.francetvinfo.fr\/sante\/enfant-ado\/livres-a-eux-memes-en-plein-coeur-de-paris-des-enfants-plongent-dans-la-toxicomanie-et-la-violence_2108032.html\n\n-1 300 cam\u00e9ras de vid\u00e9o-verbalisation dans la capitale (Thibault Lef\u00e8vre; son) : https:\/\/www.franceinter.fr\/emissions\/grand-angle\/grand-angle-22-mars-2017\n\n<strong>-Vers le resserrement du camp de Grande Synthe (le maire \u00e9cologiste Damien Car\u00eame, interrog\u00e9 par Marc-Olivier Fogiel; son) :<\/strong> http:\/\/www.rtl.fr\/actu\/societe-faits-divers\/damien-careme-le-maire-de-grande-synthe-tente-de-redonner-de-la-dignite-aux-migrants-7787764922\n\n-&#8220;Petits trafics, grandes d\u00e9rives&#8221;, le livre de l&#8217;ancien commissaire de police Herv\u00e9 Pierre; interrog\u00e9 par Isabelle Moreau; vid\u00e9o : http:\/\/www.cnews.fr\/chroniques\/les-invites-disabelle-moreau\/linvite-disabelle-moreau-du-22032017-173858\n\n<em>-Les Fran\u00e7ais et la fin de vie (IFOP)<\/em> : http:\/\/www.ifop.com\/?option=com_publication&#038;type=poll&#038;id=3701\n\n<strong>-Assistant parlementaire, une profession sur la sellette (Thierry Besnier, secr\u00e9taire g\u00e9n\u00e9ral du syndicat national des collaborateurs parlementaires; interrog\u00e9 par Isabelle Moreau; vid\u00e9o) :<\/strong> http:\/\/www.cnews.fr\/chroniques\/linvite-de-la-matinale\/linvite-de-la-matinale-du-22032017-173843\n\n-&#8220;Il semble \u00e0 peu pr\u00e8s certain que M. Fillon sera \u00e0 nouveau convoqu\u00e9 par les juges&#8221; (Franck Johann\u00e8s) : http:\/\/www.lemonde.fr\/affaire-penelope-fillon\/article\/2017\/03\/22\/il-semble-a-peu-pres-certain-que-m-fillon-sera-a-nouveau-convoque-par-les-juges_5099096_5070021.html#xtor\n\n<strong>POLITIQUE<\/strong>\n\n<strong>-&#8220;Dans toutes les langues, \u00e0 travail \u00e9gal, salaire \u00e9gal !&#8221; (Patrick Le Hyaric; pi\u00e8ce jointe);<\/strong>\n\n-&#8220;On n&#8217;avait pas de m\u00e9thode pour dire lequel des deux (entre Beno\u00eet Hamon et Jean-Luc M\u00e9lenchon) devait rester et pas assez de temps pour discuter de compromis n\u00e9cessaires&#8221; (Cl\u00e9mentine Autain, soutien de Jean-Luc M\u00e9lenchon, candidate aux \u00e9lections l\u00e9gislatives en Seine-Sain-Denis; vid\u00e9o) : https:\/\/videos.lesechos.fr\/lesechos\/replay-redaction\/hamon-melenchon-on-navait-pas-de-methode-pour-dire-lequel-des-deux-devait-se-retirer-explique-clementine-autain\/8z30ux\n\n<strong>-Bruno Le Roux a bien fait de d\u00e9missionner, c&#8217;\u00e9tait le minimum. Toutes ces affaires d\u00e9figurent la d\u00e9mocratie. Ce syst\u00e8me ne permet pas le changement. Ceux qui creusent la dette aujourd&#8217;hui, ce sont les gouvernements successifs&#8221; (Elle \u00e9tait l&#8217;invit\u00e9e de &#8220;L&#8217;Epreuve de V\u00e9rit\u00e9&#8221; sur la cha\u00eene parlementaire; vid\u00e9o) : <\/strong> https:\/\/www.dailymotion.com\/video\/x5fk67m_invite-clementine-autain-l-epreuve-de-verite-21-03-2017_tv\n\n-L&#8217;\u00e9ditorial &#8220;d&#8217;Economie et Politique&#8221; (Fr\u00e9d\u00e9ric Boccara; pi\u00e8ce jointe);\n\n<strong>-&#8220;Beno\u00eet Hamon aurait pu \u00eatre meilleur dans le d\u00e9bat&#8221; (J\u00e9r\u00f4me Guedj, son porte-parole; interrog\u00e9 par Olivier Galzi; vid\u00e9o) : <\/strong> http:\/\/www.cnews.fr\/chroniques\/linvite-dolivier-galzi\/jerome-guedj-invite-dolivier-galzi-173839\n\n<em>-Le sondage (HARRIS) :<\/em> http:\/\/harris-interactive.fr\/opinion_polls\/enquete-post-1er-debat-de-lelection-presidentielle-de-2017\/\n\n<em>-La perception qu&#8217;ont eu les Fran\u00e7ais du d\u00e9bat sur TF1 (KANTAR-SOFRES) :<\/em> http:\/\/fr.kantar.com\/elections\/presidentielle\/2017\/le-premier-debat-presidentiel-un-debat-qui-pour-l-heure-ne-fait-pas-bouger-les-lignes\/\n\n<strong>-&#8220;M\u00e9lenchon, la strat\u00e9gie de l&#8217;outsider&#8221; (Marcelo Wesfreid du &#8220;Figaro&#8221;; son) : <\/strong> https:\/\/www.franceinter.fr\/emissions\/histoires-politiques\/histoires-politiques-22-mars-2017\n\n-Un site internet en faveur des femmes (la conseill\u00e8re r\u00e9gionale \u00e9cologiste d&#8217;Ile-de-France Annie Lahmer; vid\u00e9o) : http:\/\/www.cnews.fr\/chroniques\/linvite-de-la-matinale\/linvite-de-la-matinale-du-22032017-173843\n\n<strong>-&#8220;L&#8217;id\u00e9al de la gauche est toujours pr\u00e9sent dans notre pays&#8221; (Anne Hidalgo, maire PS de Paris, invit\u00e9e de la matinale de France Inter. Elle a r\u00e9pondu aux questions de Patrick Cohen et des auditeurs; vid\u00e9os) :<\/strong> https:\/\/www.franceinter.fr\/emissions\/l-invite-de-8h20\/l-invite-de-8h20-22-mars-2017\n\n-&#8220;Henri Emmanuelli \u00e9tait entier et tr\u00e8s chaleureux. Depuis Maastricht, il \u00e9tait dans l&#8217;opposition \u00e0 la majorit\u00e9 du Parti socialiste. Les moyens des parlementaires fran\u00e7ais sont beaucoup plus faibles que dans les autres pays. On ne peut pas dire aux Fran\u00e7ais qu&#8217;il n&#8217;y a qu&#8217;une chose \u00e0 faire, c&#8217;est de faire barrage au Front national. Les socialistes sont derri\u00e8re Beno\u00eet Hamon. Je voterai toujours contre le Front national. Il faut se battre jusqu&#8217;au bout, tout est encore possible&#8221; (Jean-Christophe Cambad\u00e9lis, invit\u00e9 de &#8220;Mardi Politique&#8221;; vid\u00e9o) : http:\/\/www.rfi.fr\/video\/20170322-jean-christophe-cambadelis-premier-secretaire-parti-socialiste-ps\n\n-&#8220;Se lever chaque matin pour d\u00e9couvrir de nouvelles affaires, \u00e7a donne la naus\u00e9e&#8221; (Beno\u00eet Hamon; vid\u00e9o) : https:\/\/www.publicsenat.fr\/article\/politique\/benoit-hamon-denonce-un-climat-de-corruption-installe-par-le-pen-et-fillon-57647\n\n-&#8220;Je m&#8217;\u00e9tonne qu&#8217;il y ait un candidat \u00e0 l&#8217;\u00e9lection pr\u00e9sidentielle qui ne se retire pas alors qu&#8217;il s&#8217;y \u00e9tait engag\u00e9. Je suis au travail, nous sommes dans un moment o\u00f9 je ne ferai pas campagne. Je ne sais pas pour qui je vais voter&#8221; (la secr\u00e9taire d&#8217;Etat Juliette M\u00e9adel; face \u00e0 Jean-Jacques Bourdin; vid\u00e9o) : http:\/\/www.bfmtv.com\/mediaplayer\/video\/juliette-meadel-face-a-jean-jacques-bourdin-en-direct-926461.html\n\n-&#8220;A chaque fois, il y a eu condamnation, il n&#8217;y a pas d&#8217;exception, c&#8217;est en cela que la R\u00e9publique est exemplaire. La bonne morale, c&#8217;est d&#8217;en finir avec les emplois familiaux. Fran\u00e7ois Fillon lui persiste. Il y a une forme d&#8217;exemplarit\u00e9 \u00e0 gauche&#8221; (Olivier Faure, pr\u00e9sident du groupe socialiste \u00e0 l&#8217;Assembl\u00e9e nationale; interrog\u00e9 par Marc-Olivier Fogiel; vid\u00e9o) : http:\/\/www.rtl.fr\/actu\/societe-faits-divers\/bruno-le-roux-demissionne-il-n-y-a-pas-d-exception-assure-olivier-faure-7787764715\n\n-&#8220;Si Beno\u00eet Hamon s&#8217;\u00e9croulait dans les sondages, je prendrai mes responsabilit\u00e9s &#8221; (Fran\u00e7ois Rebsamen, ancien ministre PS du Travail; vid\u00e9o) : https:\/\/www.publicsenat.fr\/article\/politique\/francois-rebsamen-soutient-hamon-mais-n-exclut-pas-de-voter-macron-57642\n\n-&#8220;Qui est Matthias Fekl, le nouveau ministre de l&#8217;Int\u00e9rieur (Alexandre Boudet; vid\u00e9o) : http:\/\/www.huffingtonpost.fr\/2017\/03\/21\/qui-est-matthias-fekl-le-nouveau-ministre-de-linterieur_a_21904475\/?utm_hp_ref\n\n-Ses premiers mots adress\u00e9s \u00e0 Bruno Le Roux (vid\u00e9o) : http:\/\/www.bfmtv.com\/mediaplayer\/video\/demission-de-le-roux-les-premiers-mots-du-nouveau-ministre-de-l-interieur-926451.html\n\n<strong>-&#8220;Il est normal que Bruno Le Roux d\u00e9missionne. Il faut cr\u00e9er une dynamique qui nous place en t\u00eate du premier tour pour ne pas donner le visage de l&#8217;extr\u00eame droite au monde entier&#8221; (Richard Ferrand, secr\u00e9taire g\u00e9n\u00e9ral de &#8220;En Marche !&#8221;, interrog\u00e9 par Guillaume Durand; vid\u00e9o) <\/strong> : https:\/\/www.dailymotion.com\/video\/x5fngf8_il-etait-normal-que-bruno-le-roux-demissionne-richard-ferrand-22-03-2017_news\n\n-&#8220;Lorsqu&#8217;on est ministre de l&#8217;Int\u00e9rieur, il faut \u00eatre exemplaire. Il faut d\u00e9finir un statut de l&#8217;\u00e9lu. L&#8217;affaire Fillon est un poison lent. Son programme d&#8217;aust\u00e9rit\u00e9 n&#8217;est pas en correspondance avec le personnage. La coupure ne passe pas entre les partis mais \u00e0 l&#8217;int\u00e9rieur des partis. Nous voulons rassembler les Fran\u00e7ais avec les progressistes de gauche et de droite&#8221; (G\u00e9rard Collomb, s\u00e9nateur-maire LR de Lyon; interrog\u00e9 par Caroline Roux; vid\u00e9o) : http:\/\/www.france2.fr\/emissions\/telematin\/actu\/les-4-verites-gerard-collomb_560741\n\n-&#8220;M. Macron est plus que jamais le candidat de la gauche&#8221; (Bernard Accoyer, secr\u00e9taire g\u00e9n\u00e9ral de LR; vid\u00e9o) :  http:\/\/www.lcp.fr\/la-politique-en-video\/monsieur-macron-est-plus-que-jamais-le-candidat-de-la-gauche-dit-accoyer\n\n-&#8220;Nous assistons \u00e0 une manipulation globale&#8221; (Eric Ciotti, d\u00e9put\u00e9 LR des Alpes-Maritimes; interrog\u00e9 par Fr\u00e9d\u00e9ric Rivi\u00e8re; vid\u00e9o) : http:\/\/www.rfi.fr\/video\/20170322-eric-ciotti-on-assiste-organisation-une-manipulation-globale\n\n-Il \u00e9tait l&#8217;invit\u00e9 de la matinale de LCP, interrog\u00e9 par Brigitte Boucher (vid\u00e9o, amener le curseur sur 30:00) : http:\/\/www.lcp.fr\/emissions\/politique-matin\/282785-politique-matin\n\n-&#8220;On voit bien qu&#8217;il y a des fuites organis\u00e9es. M. Macron n&#8217;est m\u00eame pas d&#8217;accord avec lui-m\u00eame&#8221; (Bruno Retailleau, coordonnateur de la campagne de Fran\u00e7ois Fillon; face \u00e0 Elizabeth Martichoux; vid\u00e9o) :  http:\/\/www.rtl.fr\/actu\/politique\/bruno-retailleau-sur-rtl-macron-n-est-meme-pas-d-accord-avec-lui-meme-7787769502\n\n-&#8220;Affaire Fillon, la situation empire&#8221; (Yves Thr\u00e9ard du &#8220;Figaro&#8221;; vid\u00e9o) : http:\/\/www.dailymotion.com\/video\/x5fmy6d_affaire-fillon-la-situation-empire_news\n\n-&#8220;L&#8217;affaire Le Roux alimente le tous pourri, l&#8217;abstention et le vote FN&#8221; (Alba Ventura; vid\u00e9o) : http:\/\/www.rtl.fr\/actu\/politique\/l-affaire-le-roux-alimente-le-tous-pourris-l-abstention-ou-le-vote-fn-selon-alba-ventura-7787768787\n\n-&#8220;J&#8217;attends des engagements forts de la part des candidats&#8221; (Fran\u00e7ois Baroin, pr\u00e9sident LR de l&#8217;Association des Maires de France; invit\u00e9 de la matinale de Franceinfo; vid\u00e9o) : http:\/\/www.dailymotion.com\/video\/x5fnnti_francois-baroin-attend-des-engagements-forts-de-la-part-des-candidats_news\n\n<strong>-Ce qu&#8217;il faut retenir du grand oral des candidats devant les maires (vid\u00e9os) : <\/strong> https:\/\/www.publicsenat.fr\/article\/politique\/direct-l-examen-des-candidats-a-la-presidentielle-devant-les-maires-57605\n\n-Ce qu&#8217;ils proposent pour les collectivit\u00e9s locales : https:\/\/www.publicsenat.fr\/article\/politique\/presidentielle-les-propositions-des-candidats-pour-les-collectivites-territoriales\n\n-&#8220;Il a bien fait de d\u00e9missionner. Ma femme travaille avec moi depuis 20 ans mais elle, elle  travaille. Il est temps de faire l&#8217;abolition des privil\u00e8ges, et pas que pour les politiques. Les partis politiques devraient faire le m\u00e9nage&#8221; (Nicolas Dupont-Aignan, candidat de &#8220;Debout la France&#8221;; invit\u00e9 de &#8220;Mardi politique&#8221;; vid\u00e9o) :     http:\/\/www.rfi.fr\/video\/20170322-nicolas-dupont-aignan-depute-maire-essonne-president-debout-france            \n\n-&#8220;Il faut que la justice se comporte sereinement. On va voir comment elle se comporte avec Bruno Le Roux. Il y a une adaptation du calendrier judiciaire au calendrier \u00e9lectoral, une instrumentalisation  pas \u00e9tonnante quand on sait que 25% des juges votent pour le syndicat d&#8217;extr\u00eame-gauche, le Syndicat de la Magistrature . La candidature de Fran\u00e7ois Fillon est en perdition, pas seulement \u00e0 cause des affaires mais aussi de son programme&#8221; (Nicolas Bay, secr\u00e9taire g\u00e9n\u00e9ral du FN; invit\u00e9 de &#8220;Territoires d&#8217;Infos&#8221;; vid\u00e9o, amener le curseur sur 33:30) : https:\/\/www.publicsenat.fr\/emission\/territoires-d-infos\/nicolas-bay-55812\n\n<strong>-Mediapart a pass\u00e9 le programme du FN au scanner (vid\u00e9o) : <\/strong> https:\/\/www.youtube.com\/watch?v=ZiRHrRQNxj8&#038;feature=youtu.be\n\n-&#8220;On ne peut pas distinguer l&#8217;affaire Fillon de l&#8217;affaire Le Roux. La rapidit\u00e9 est faite pour dire que Fran\u00e7ois Fillon s&#8217;accroche mais cela peut aussi  banaliser son affaire.\nCe sont les candidats les plus en rupture qui pourraient en profiter&#8221; (Guillaume Tabard du &#8220;Figaro&#8221;; son du 22 mars) : https:\/\/www.radioclassique.fr\/radio\/emissions\/matinale-de-radio-classique\/22630-2\/\n\n-&#8220;Il y en a assez de la guerre de religion entre la gauche et la droite&#8221; (le politologue Roland Cayrol, interrog\u00e9 par C\u00e9cile Cornudet; vid\u00e9o) : https:\/\/videos.lesechos.fr\/lesechos\/invite-des-echos\/roland-cayrol-politologue-decrypte-le-grand-debat-dans-linvite-des-echos\/8zx35x\n\n<strong>-La transparence de la vie politique (le juge Eric Halfen, soutien d&#8217;Emmanuel Macron; interrog\u00e9 par Fabien Namias; vid\u00e9o) :<\/strong> http:\/\/www.europe1.fr\/emissions\/linterview-politique-de-8h20\/transparence-de-la-vie-politique-eric-halphen-repond-aux-questions-de-fabien-namias-3009253\n\n-&#8220;Argent et politique, les choses \u00e9voluent dans le bon sens&#8221; (Ren\u00e9 Dozi\u00e8re, d\u00e9put\u00e9 PS de l&#8217;Aisne; son) : http:\/\/www.rtl.fr\/actu\/societe-faits-divers\/argent-et-politique-les-choses-evoluent-dans-le-bon-sens-selon-rene-dosiere-invite-rtl-midi-7787775058\n\n<strong>-&#8220;Ce qu&#8217;ils disaient des affaires&#8230;avant d&#8217;\u00eatre impliqu\u00e9s&#8221; (vid\u00e9o) : <\/strong> http:\/\/www.francetvinfo.fr\/politique\/affaire\/affaire-bruno-le-roux\/video-fillon-le-pen-le-roux-comment-ils-parlaient-des-affaires-avant-detre-impliques_2109842.html\n\n-&#8220;S&#8217;il y avait eu Internet  en 1981, Fran\u00e7ois Mitterrand n&#8217;aurait pas \u00e9t\u00e9 \u00e9lu&#8221; (Andr\u00e9 Bercoff; vid\u00e9o) : https:\/\/www.dailymotion.com\/video\/x5fngy0_s-il-y-avait-eu-internet-en-1981-jamais-mitterand-n-aurait-ete-elu-president-de-la-republique-andre_news\n\n-&#8220;C&#8217;est la fin d&#8217;une \u00e9poque&#8221; (vid\u00e9o) : http:\/\/www.francetvinfo.fr\/politique\/affaire\/affaire-bruno-le-roux\/avec-les-affaires-fillon-et-le-roux-la-france-change-d-epoque_2109428.html\n\n-Ces affaires qui ont entach\u00e9 le quinquennat (vid\u00e9o) : http:\/\/www.bfmtv.com\/mediaplayer\/video\/le-roux-cahuzac-thevenoud-ces-affaires-qui-ont-entache-le-quinquennat-hollande-926553.html\n\n<strong>-&#8220;L&#8217;accablante litanie des affaires&#8221; (l&#8217;\u00e9ditorial du &#8220;Monde&#8221;) : <\/strong> http:\/\/www.lemonde.fr\/idees\/article\/2017\/03\/22\/l-accablante-litanie-des-affaires_5098788_3232.html#xtor\n\n<strong>-&#8220;\u00c7a devient dur de lutter contre le tous pourris&#8221; (Thomas Legrand; son) : <\/strong> https:\/\/www.franceinter.fr\/emissions\/l-edito-politique\/l-edito-politique-22-mars-2017\n\n<em>-Les d\u00e9clarations de patrimoines des candidats (documents) : <\/em> http:\/\/www.francetvinfo.fr\/politique\/jean-lassalle\/consultez-les-declarations-de-patrimoine-des-11candidats-a-l-election-presidentielle_2109762.html\n\n-&#8220;Tous les candidats sont fragiles&#8221; (Christophe Barbier; vid\u00e9o) :  http:\/\/www.bfmtv.com\/mediaplayer\/video\/l-edito-de-christophe-barbier-debatpresidentiel-inflexion-sur-les-sondages-926447.html\n\n<em>-Le carnet de sant\u00e9 des Fran\u00e7ais (ODOXA) : <\/em> http:\/\/www.odoxa.fr\/sondage\/carnet-de-sante-francais-soutiennent-majoritairement-baisse-tarifs-hospitaliers\/\n\n<em>-La place de la religion et de la la\u00efcit\u00e9 dans l&#8217;\u00e9lection pr\u00e9sidentielle (IPSOS) : <\/em> http:\/\/www.ipsos.fr\/decrypter-societe\/2017-03-22-presidentielle-2017-place-religion-et-laicite-dans-l-election-presidentielle\n\n<em>-Celle des questions de l&#8217;\u00e9conomie (BVA) :<\/em> http:\/\/www.bva-group.com\/sondages\/2959-2\/\n\n<em>-Le sondage pour &#8220;l&#8217;Emission Politique&#8221; de ce soir sur France 2 avec Fran\u00e7ois Fillon (HARRIS) :<\/em> http:\/\/harris-interactive.fr\/opinion_polls\/harris-interactive-realise-des-intentions-de-vote-a-la-presidentielle-et-interroge-les-francais-sur-les-candidats-a-cette-election-dans-le-cadre-de-lemission-politique-de-france-2\/\n\n<em>-Les intentions de vote \u00e0 l&#8217;\u00e9lection pr\u00e9sidentielle (ELABE) <\/em> : http:\/\/elabe.fr\/intentions-de-vote-election-presidentielle-2017-6\/\n\n<em>-Les intentions de vote au 22 mars (IFOP) : <\/em> http:\/\/dataviz.ifop.com:8080\/HNS\/HNSAdmin\/start.appli?appid=60930&#038;logonUser=USERWEB&#038;logonPswcd=ZnJhbmNvaXNF\n\n<em>-Le m\u00eame (OPINION-WAY) :<\/em> http:\/\/opinionlab.opinion-way.com\/opinionlab\/832\/627\/presitrack.html#m6\n\n<strong>EUROPE-MONDE<\/strong>\n\n<strong>-Apr\u00e8s l&#8217;attaque de Londres, &#8220;nous exprimons tout notre soutien au peuple britannique&#8221; (Fran\u00e7ois Hollande; vid\u00e9o) :<\/strong> http:\/\/www.francetvinfo.fr\/monde\/royaume-uni\/attaque-au-parlement-britannique\/video-francois-hollande-nous-exprimons-tout-notre-soutien-au-peuple-britannique-apres-l-attaque-a-londres_2109848.html \n\n-Les 60 ans du trait\u00e9 de Rome (G\u00e9rard Nafylian, professeur de droit public; son) : https:\/\/www.franceinter.fr\/emissions\/meridien-d-europe\/meridien-d-europe-22-mars-2017\n\n-&#8220;Tristes bougies pour l&#8217;Europe&#8221; (Bernard Guetta; son) : https:\/\/www.franceinter.fr\/emissions\/geopolitique\/geopolitique-22-mars-2017\n\n<em>-L&#8217;avenir de la construction europ\u00e9enne (CSA) :<\/em> https:\/\/www.csa.eu\/fr\/survey\/une-europe-a-plusieurs-vitesses-lavenir-de-la-construction-europeenne\n\n-Pour la Banque europ\u00e9enne d&#8217;investissement, &#8220;l&#8217;inclusion sociale est un pilier \u00e9conomique&#8221; (Daniela Vincenti) : http:\/\/www.euractiv.fr\/section\/economie\/news\/eib-wef-tell-eu-to-embed-social-inclusion-in-economic-policy\/?nl_ref\n\n<strong>-&#8220;La num\u00e9risation est une aubaine pour l&#8217;agriculture&#8221; (Phil Hogan, commissaire europ\u00e9en \u00e0 l&#8217;agriculture; propos recueillis par Sarantis Michalopoulos) :   <\/strong>    http:\/\/www.euractiv.fr\/section\/agriculture-alimentation\/interview\/special-report-hogan-data-ownership-should-not-weaken-farmers-position\/?nl_ref \n\n<strong>-Le corridor gazier Sud-europ\u00e9en (Sijbren de Jong, analyste strat\u00e9gique au Centre de La Haye; propos recueillis par Pavol Szalai) : <\/strong> http:\/\/www.euractiv.fr\/section\/energie\/interview\/energy-analyst-nord-stream-2-should-be-decided-by-european-court-of-justice\/?nl_ref\n\n-L&#8217;Union europ\u00e9enne s&#8217;achemine vers une TVA r\u00e9duite pour la presse en ligne : http:\/\/www.euractiv.fr\/section\/economie\/news\/la-tva-reduite-sur-les-publications-numeriques-convainc-les-etats\/?nl_ref\n\n-&#8220;Les Europ\u00e9ens sont aussi d\u00e9sempar\u00e9s que nous face au scrutin pr\u00e9sidentiel fran\u00e7ais&#8221;  (Hughes Baudoin; son du 21 mars) : https:\/\/www.radioclassique.fr\/radio\/emissions\/le-19h20h\/24h-en-europe\/\n\n-A Bruxelles, Hamon d\u00e9fend son projet europ\u00e9en (Manon Flausch) : http:\/\/www.euractiv.fr\/section\/elections\/news\/a-bruxelles-hamon-defend-son-projet-europeen\/?nl_ref\n\n<strong>-&#8220;La Belgique somm\u00e9e de se d\u00e9cider sur la taxe sur les transactions financi\u00e8res&#8221; (C\u00e9cile Barbi\u00e8re)<\/strong> : http:\/\/www.euractiv.fr\/section\/economie\/news\/la-belgique-sommee-de-se-decider-sur-la-ttf-en-mai\/?nl_ref\n\n-Donald Tusk pr\u00e9cise le calendrier du Brexit : http:\/\/www.euractiv.fr\/section\/royaume-uni-en-europe\/news\/donald-tusk-precise-le-calendrier-du-brexit\/?nl_ref\n\n-&#8220;L&#8217;Ecosse, le casse-t\u00eate de Teresa May&#8221; (Daniel Cohn-Bendit; vid\u00e9o) : http:\/\/www.dailymotion.com\/video\/x5fn555_l-ecosse-le-casse-tete-de-teresa-may_news\n\n-Sans Londres, l&#8217;Union europ\u00e9enne va perdre sa place de premier donateur mondial (Matthew Tempest) : http:\/\/www.euractiv.fr\/section\/aide-au-developpement\/news\/brexit-may-mean-huge-loss-for-eu-as-global-donor-parliament-report-warns\/?nl_ref\n\n<strong>-&#8220;Un jour, j&#8217;ai vu un chien portant la t\u00eate d\u00e9capit\u00e9e d&#8217;un \u00eatre humain. L\u00e0, j&#8217;ai dit, il faut partir&#8221; (Joude Jassouma, originaire d&#8217;Alep en Syrie; invit\u00e9 d&#8217;Alexandra Bensaid; vid\u00e9o) : <\/strong> https:\/\/www.franceinter.fr\/emissions\/l-invite-de-7h50\/l-invite-de-7h50-22-mars-2017\n\n-Le pr\u00e9sident philippin qualifie les eurod\u00e9put\u00e9s de &#8220;fous&#8221; : http:\/\/www.euractiv.fr\/section\/l-europe-dans-le-monde\/news\/filipino-president-rages-against-crazy-meps\/?nl_ref\n\n<strong>CULTURE-MEDIA<\/strong>\n\n<strong>-&#8220;Je souffre donc je jouis, le paradoxe du plaisir de la souffrance&#8221; (l&#8217;historienne de la psychanalyse Elisabeth Roudinesco, invit\u00e9e d&#8217;Ad\u00e8le Van Reeth; son) :<\/strong>  https:\/\/www.franceculture.fr\/emissions\/les-chemins-de-la-philosophie\/la-punition-34-je-souffre-donc-je-jouis#xtor\n\n<strong>-En 1951, \u00e0 la clinique des M\u00e9tallos (les Bleuets), le docteur Fernand Lamaze, proche du PCF, exp\u00e9rimente l&#8217;accouchement sans douleur sous les feux de la critique (la romanci\u00e8re Caroline Gutmann, invit\u00e9e du professeur Ren\u00e9 Frydman; son) :<\/strong>      https:\/\/www.franceculture.fr\/emissions\/les-discussions-du-soir-avec-rene-frydman\/qui-etait-le-docteur-lamaze-medecin-accoucheur#xtor\n\n-&#8220;Les Fran\u00e7ais et la lecture&#8221;, une \u00e9tude r\u00e9confortante du Centre national du livre (Sophie Rahal) : http:\/\/www.telerama.fr\/livre\/les-francais-et-la-lecture-une-etude-reconfortante,155514.php#xtor\n\n<em>-L&#8217;\u00e9tude (document \u00e0 t\u00e9l\u00e9charger) :<\/em> http:\/\/www.centrenationaldulivre.fr\/fichier\/p_ressource\/12362\/ressource_fichier_fr_les.frana.ais.et.la.lecture.2017.03.20.ok.pdf\n\n<em>-L&#8217;infographie : <\/em> http:\/\/www.centrenationaldulivre.fr\/fichier\/p_ressource\/12363\/ressource_fichier_fr_infographie.2017.03.20.ok.pdf\n\n-Eric Losfeld, l&#8217;\u00e9diteur des surr\u00e9alistes (Christine Ferniot) : http:\/\/www.telerama.fr\/livre\/les-memoires-frondeuses-d-eric-losfeld-editeur-des-surrealistes,155586.php#xtor\n\n<strong>-L&#8217;exposition Auguste Rodin au Grand Palais (Catherine Chevillot, directrice du Mus\u00e9e Rodin; interrog\u00e9e par Guillaume Durand; son du 22 mars) : <\/strong> https:\/\/www.radioclassique.fr\/radio\/emissions\/matinale-de-radio-classique\/l-invite-du-matin\/\n\n-A voir jusqu&#8217;au 31 juillet (portfolio) : http:\/\/www.lemonde.fr\/arts\/portfolio\/2017\/03\/22\/le-geant-de-la-sculpture-auguste-rodin-celebre-au-grand-palais_5098690_1655012.html\n\n<strong>-Le pianiste Bertrand Chamayou, invit\u00e9 de &#8220;Passion classique&#8221; d&#8217;Olivier Bellamy (son du 21 mars) :<\/strong>  https:\/\/www.radioclassique.fr\/radio\/emissions\/passion-classique\/\n\n-Fran\u00e7ois Hollande a r\u00e9ussi \u00e0 mettre en place une Agence internationale pour la protection du patrimoine dans les conflits arm\u00e9s. Mechtild R\u00f6ssler; directrice du d\u00e9partement du patrimoine \u00e0 l&#8217;Unesco, en explique l&#8217;int\u00e9r\u00eat (propos recueillis par Sophie Rahal) : http:\/\/www.telerama.fr\/scenes\/pourquoi-il-fallait-une-alliance-internationale-pour-la-protection-du-patrimoine-en-danger,155723.php#xtor\n\n<strong>-Le discours du Pr\u00e9sident pour le lancement au mus\u00e9e du Louvre (vid\u00e9o) : <\/strong> http:\/\/www.elysee.fr\/videos\/new-video-116\/\n\n<strong>-Du 29 mars au 6 avril au Centre dramatique national de Montreuil (93), &#8220;Sombre Rivi\u00e8re&#8221;, mis en sc\u00e8ne par Lazare, avec sa compagnie Vita Nova (Emmanuelle Bouchez) :<\/strong> http:\/\/www.telerama.fr\/scenes\/dans-sombre-riviere-lazare-et-sa-compagnie-vita-nova-chantent-pour-mieux-voir-l-avenir,155756.php#xtor\n\n<strong>-Demandez le programme du Festival d&#8217;Avignon 2017 : <\/strong> http:\/\/culturebox.francetvinfo.fr\/theatre\/festival-d-avignon-2017-demandez-le-programme-253999\n\n-Olivier Py renouvel\u00e9 \u00e0 sa t\u00eate (Sylvie Kerviel) : http:\/\/www.lemonde.fr\/scenes\/article\/2016\/11\/25\/olivier-py-renouvele-a-la-tete-du-festival-d-avignon_5037710_1654999.html#xtor\n\n-On y verra un feuilleton th\u00e9\u00e2tral qu&#8217;\u00e9crit Christiane Taubira : http:\/\/culturebox.francetvinfo.fr\/theatre\/theatre-contemporain\/christiane-taubira-ecrit-un-feuilleton-theatral-pour-le-festival-d-avignon-253993\n\n-Au Th\u00e9\u00e2tre des Amandiers de Nanterre (92), la pi\u00e8ce de Milo Rau d\u00e9fie le tabou de l&#8217;affaire Dutroux (Medhy Weber) : http:\/\/culturebox.francetvinfo.fr\/theatre\/theatre-contemporain\/la-piece-five-easy-pieces-defie-le-tabou-de-l-affaire-dutroux-254009\n\n<strong>-&#8220;Marine Le Pen m\u00e8ne une campagne r\u00e9gressive, raciste et haineuse&#8221; (le cr\u00e9ateur de &#8220;Mad Men&#8221; Matthew Wiener; propos recueillis par Pierre Langlais; vid\u00e9o) : <\/strong> http:\/\/www.telerama.fr\/sortir\/pour-le-createur-de-mad-men-marine-le-pen-mene-une-campagne-regressive-raciste-et-haineuse,154828.php#xtor\n\n-&#8220;Mon cousin le fasciste&#8221;, le livre de Philippe Pujol, ancien journaliste \u00e0 &#8220;La Marseillaise&#8221;, prix Albert Londres 2014; invit\u00e9 d&#8217;Eric Delvaux (son) :  https:\/\/www.franceinter.fr\/emissions\/l-invite-du-5-7\/l-invite-du-5-7-22-mars-2017\n\n<em>-Les artistes et l&#8217;\u00e9lection pr\u00e9sidentielle (IFOP) <\/em> : http:\/\/www.ifop.com\/?option=com_publication&#038;type=poll&#038;id=3700\n\n<strong>-Catherine Frot parle de &#8220;Sage femme&#8221;, le film de Martin Provost (vid\u00e9o) : <\/strong> http:\/\/www.telerama.fr\/cinema\/le-film-de-la-semaine-catherine-frot-nous-parle-de-sage-femme,155627.php#xtor\n\n<strong>-L&#8217;actualit\u00e9 cin\u00e9 de la semaine  dans &#8220;Cin\u00e9rama&#8221; (Pierre Murat et Jacques Morice; vid\u00e9o) : <\/strong> http:\/\/www.telerama.fr\/cinema\/cinerama-l-emission-cinema-sage-femme-fixeur,155763.php#xtor\n\n<strong>-Jonathan Littel, prix Goncourt 2006, r\u00e9alisateur de &#8220;Wrong Elements&#8221; sur les enfants-soldats de l&#8217;Ouganda; invit\u00e9 de Guillaume Erner (sons) :<\/strong>  https:\/\/www.franceculture.fr\/emissions\/linvite-des-matins\/jonathan-littell-son-film-memoire-sur-les-ex-enfants-soldats-en-ouganda#xtor                                          https:\/\/www.franceculture.fr\/emissions\/linvite-des-matins-2eme-partie\/jonathan-littell-son-film-memoire-sur-les-ex-enfants\n\n-L&#8217;amphith\u00e9\u00e2tre de l&#8217;ex-h\u00f4pital Saint-Vincent-de-Paul \u00e0 Paris abrite d\u00e9sormais un cin\u00e9ma \u00e0 petit prix (Isabelle Vatan) : http:\/\/www.telerama.fr\/sortir\/j-ai-teste-la-seance-pour-enfants-au-cinema-des-grands-voisins,155736.php#xtor\n\n-Retrouver George Jones avec Fran\u00e7ois Gorin (son et vid\u00e9o) : http:\/\/www.telerama.fr\/musique\/george-jones-sacree-bouteille,155631.php#xtor\n\n<strong>-&#8220;Pop and co&#8221; de Rebecca Manzoni avec les \u00e9l\u00e8ves de 3eC du coll\u00e8ge Pierre de Geyter de Saint-Denis (93; vid\u00e9os) : <\/strong> https:\/\/www.franceinter.fr\/emissions\/pop-co\/pop-co-22-mars-2017\n\n<strong>-Pour lutter contre la famine qui menace en Afrique de l&#8217;Est, J\u00e9r\u00f4me Jarre r\u00e9unit deux millions de dollars sur les r\u00e9seaux sociaux (J\u00e9r\u00f4me Inanichtchenko; vid\u00e9o) :  <\/strong> \n<iframe loading=\"lazy\" title=\"Un jeune fran\u00e7ais r\u00e9uni deux millions de dollars sur les r\u00e9seaux sociaux\" frameborder=\"0\" width=\"500\" height=\"281\" src=\"https:\/\/geo.dailymotion.com\/player.html?video=x5fnk5l&#038;\" allowfullscreen allow=\"autoplay; fullscreen; picture-in-picture; web-share\"><\/iframe>\n\n-La candidate russe \u00e0 l&#8217;Eurovision \u00e9cart\u00e9e du concours par l&#8217;Ukraine : http:\/\/culturebox.francetvinfo.fr\/musique\/variete-internationale\/la-candidate-russe-a-l-eurovision-ecartee-du-concours-par-l-ukraine-254007\n\n<strong>-Un &#8220;Vu&#8221; aux petits oignons sur France 2 (Maxence Sorel; vid\u00e9o) : <\/strong> http:\/\/television.telerama.fr\/television\/un-vu-aux-petits-oignons-entre-debat-presidentiel-et-affaire-le-roux,155761.php#xtor\n\n-Apr\u00e8s l&#8217;arr\u00eat de son \u00e9mission sur la cha\u00eene publique, Thomas Thouroude arrive \u00e0 10 heures sur Europe1 (Aude Dassonville) : http:\/\/www.telerama.fr\/radio\/thomas-thouroude-revient-sur-europe-1-en-matinee,155757.php#xtor\n\n-Il a du travail et un trimestre pour remonter la courbe de l&#8217;audience : http:\/\/www.telerama.fr\/radio\/audiences-radio-europe-1-dans-l-abime-france-inter-au-top,152915.php\n\n<strong>-Sur TF1, &#8220;le roi du buzz (Nicolas Dupont-Aignan) l&#8217;emporte sur les candidats \u00e0 l&#8217;\u00e9lection pr\u00e9sidentielle&#8221; (Samuel Gontier) : <\/strong> http:\/\/television.telerama.fr\/television\/debat-de-tf1-le-roi-du-buzz-l-emporte-sur-les-candidats-a-l-election-presidentielle,155729.php#xtor\n\n-&#8220;Joli coup pour &#8220;Quotidien&#8221; de Yann Barth\u00e8s. \u00c7a marche fort pour lui&#8221; (Marc Baudriller; son du 22 mars) : https:\/\/www.radioclassique.fr\/radio\/emissions\/matinale-de-radio-classique\/la-vie-des-medias\/\n\n-&#8220;Quel lien entre Henri Emmanuelli et Fran\u00e7ois Fillon ?&#8221; (Patrick Cohen; vid\u00e9o) : https:\/\/www.franceinter.fr\/emissions\/le-7h43\/le-7h43-22-mars-2017\n\n<strong>-Devant leur t\u00e9l\u00e9, Pierre-Emmanuel Barr\u00e9 et Guillaume Meurice r\u00e9agissent aux propos des cinq candidats. Dommage que ces derniers ne les entendent pas (vid\u00e9o) : <\/strong> http:\/\/www.telerama.fr\/medias\/pierre-emmanuel-barre-et-guillaume-meurice-vous-aident-a-rattraper-le-debat,155728.php#xtor\n\n<strong>-Les filles de Bruno Le Roux (Charline Vanhoenacker et Nicole Ferroni; vid\u00e9o) : <\/strong> https:\/\/www.franceinter.fr\/emissions\/le-billet-de-charline-vanhoenacker\/le-billet-de-charline-vanhoenacker-22-mars-2017\n\n-&#8220;Hommage \u00e0 Bruno Le Roux&#8221; (Guillaume Meurice; vid\u00e9o) : https:\/\/www.youtube.com\/watch?v=WuvUa17Uad0&#038;feature=youtu.be\n\n<strong>-&#8220;A la vie, \u00e0 la mort&#8230;du lep\u00e9nisme !&#8221; (Didier Porte; vid\u00e9o) : <\/strong> https:\/\/www.youtube.com\/watch?v=DBeGfM3RTuE&#038;feature=youtu.be\n<h2 class=\"wp-block-heading\">Documents joints<\/h2>\n\n\n\n<div class=\"wp-block-file\"><a href=\"https:\/\/wp.muchomaas.com\/wp-content\/uploads\/2017\/03\/edito_hd-4-95a.pdf\">edito_hd-4.pdf<\/a><\/div>\n\n\n","protected":false},"excerpt":{"rendered":"<p>ACTUALITE -Hier est sortie en librairie la proposition d&#8217;un nouveau code du Travail (la CGT) : http:\/\/www.cgt.fr\/Le-combat-continue-pour-un-nouveau.html -&#8220;Ces affaires sont insupportables pour les citoyens. Il faut prendre des mesures. L&#8217;effet est d\u00e9sastreux dans l&#8217;opinion publique. Il y a un risque d&#8217;abstention tr\u00e8s fort et on sait \u00e0 qui \u00e7a profite. ll faut une exemplarit\u00e9 personnelle. [&hellip;]<\/p>\n","protected":false},"author":1042,"featured_media":0,"comment_status":"open","ping_status":"open","sticky":false,"template":"","format":"standard","meta":{"_themeisle_gutenberg_block_has_review":false,"footnotes":""},"categories":[151],"tags":[],"class_list":["post-10281","post","type-post","status-publish","format-standard","hentry","category-la-revue-de-presse-de-lulu"],"_links":{"self":[{"href":"https:\/\/archives.regards.fr\/index.php?rest_route=\/wp\/v2\/posts\/10281","targetHints":{"allow":["GET"]}}],"collection":[{"href":"https:\/\/archives.regards.fr\/index.php?rest_route=\/wp\/v2\/posts"}],"about":[{"href":"https:\/\/archives.regards.fr\/index.php?rest_route=\/wp\/v2\/types\/post"}],"author":[{"embeddable":true,"href":"https:\/\/archives.regards.fr\/index.php?rest_route=\/wp\/v2\/users\/1042"}],"replies":[{"embeddable":true,"href":"https:\/\/archives.regards.fr\/index.php?rest_route=%2Fwp%2Fv2%2Fcomments&post=10281"}],"version-history":[{"count":0,"href":"https:\/\/archives.regards.fr\/index.php?rest_route=\/wp\/v2\/posts\/10281\/revisions"}],"wp:attachment":[{"href":"https:\/\/archives.regards.fr\/index.php?rest_route=%2Fwp%2Fv2%2Fmedia&parent=10281"}],"wp:term":[{"taxonomy":"category","embeddable":true,"href":"https:\/\/archives.regards.fr\/index.php?rest_route=%2Fwp%2Fv2%2Fcategories&post=10281"},{"taxonomy":"post_tag","embeddable":true,"href":"https:\/\/archives.regards.fr\/index.php?rest_route=%2Fwp%2Fv2%2Ftags&post=10281"}],"curies":[{"name":"wp","href":"https:\/\/api.w.org\/{rel}","templated":true}]}}