{"id":10278,"date":"2017-03-22T06:55:13","date_gmt":"2017-03-22T05:55:13","guid":{"rendered":"https:\/\/wp.muchomaas.com\/article-la-revue-du-22-mars-2017\/"},"modified":"2017-03-22T06:55:13","modified_gmt":"2017-03-22T05:55:13","slug":"article-la-revue-du-22-mars-2017","status":"publish","type":"post","link":"https:\/\/archives.regards.fr\/?p=10278","title":{"rendered":"La Revue du 22 mars 2017"},"content":{"rendered":"<p><strong>ACTUALITE<\/strong><\/p>\n<p>-&#8220;La CGT de l&#8217;int\u00e9rim marque des points&#8221; : http:\/\/www.nvo.fr\/0-0-4933-la-cgt-de-l-interim-marque-des-points<\/p>\n<p><em>-&#8220;Un printemps \u00e0 l&#8217;offensive&#8221; (la CGT) : <\/em>  http:\/\/www.cgt.fr\/Un-printemps-a-l-offensive.html<\/p>\n<p>-&#8220;Des nouvelles du livret scolaire unique ?&#8221; (Lucie Martin) : http:\/\/www.telerama.fr\/monde\/des-nouvelles-du-livret-scolaire-unique,155582.php#xtor<\/p>\n<p><strong>-&#8220;Le ras-le-bol d&#8217;enseignants de banlieue des discriminations envers des \u00e9l\u00e8ves en sorties scolaires&#8221; (Richard Duclos) : <\/strong> http:\/\/www.lemonde.fr\/education\/article\/2017\/03\/21\/le-ras-le-bol-des-profs-de-banlieue-contre-les-discriminations-des-eleves-en-sorties-scolaires_5098415_1473685.html#xtor<\/p>\n<p>-&#8220;A la diff\u00e9rence de nos confr\u00e8res, on n&#8217;a pas de cours en bourse \u00e0 d\u00e9fendre&#8221; (Alain Fradin, directeur du CIC, interrog\u00e9 par Nicolas Pierron; vid\u00e9o) : https:\/\/www.dailymotion.com\/video\/x5fhfib_a-la-difference-de-nos-confreres-on-n-a-pas-de-cours-de-bourse-a-defendre-alain-fradin-21-03-2017_news<\/p>\n<p>-Une rizi\u00e8re en Bretagne (vid\u00e9o) : http:\/\/www.francetvinfo.fr\/economie\/emploi\/metiers\/agriculture\/decouverte-une-riziere-en-bretagne_2108022.html<\/p>\n<p><strong>-Le trafic fluvial, un mode de transport propre (Nathalie Fontrel; son) : <\/strong> https:\/\/www.franceinter.fr\/emissions\/planete-environnement\/planete-environnement-21-mars-2017<\/p>\n<p><strong>-&#8220;Une journ\u00e9e pour changer le regard sur la trisomie 21&#8221; (vid\u00e9o) :<\/strong> http:\/\/www.francetvinfo.fr\/replay-jt\/france-3\/12-13\/trisomie-21-une-journee-pour-changer-de-regard_2108110.html<\/p>\n<p>-&#8220;C&#8217;est un r\u00eave de remporter un titre avec l&#8217;\u00e9quipe de France&#8221; (Antoine Griezmann, interrog\u00e9 par Thomas Sotto; son) : http:\/\/www.dailymotion.com\/video\/x5fh55h_antoine-griezmann-c-est-un-reve-de-remporter-un-titre-avec-l-equipe-de-france_news<\/p>\n<p>-En Corse, le questionnaire pol\u00e9mique ne sera pas soumis aux \u00e9coliers (vid\u00e9o) : http:\/\/www.francetvinfo.fr\/france\/corse\/corse\/corse-le-questionnaire-polemique-ne-sera-pas-soumis-aux-ecoliers_2107790.html<\/p>\n<p><strong>-&#8220;S\u00e9curit\u00e9, ce qu&#8217;on vous cache&#8221;, le livre de Patrice Bergougnoux, ancien directeur g\u00e9n\u00e9ral de la police nationale; invit\u00e9 du &#8220;Club de la presse&#8221; d&#8217;Europe1 (son, amener le curseur sur 21:50) :<\/strong>   http:\/\/www.europe1.fr\/emissions\/le-club-de-la-presse\/europe-soir-le-club-de-la-presse-roland-cayrol-et-patrice-bergougnoux-20032017-3007859<\/p>\n<p>-&#8220;Bruno Le Roux en difficult\u00e9 apr\u00e8s les r\u00e9v\u00e9lations sur l&#8217;emploi de ses filles&#8221; (Gr\u00e9gory Danel et Marie Giffard) : https:\/\/www.publicsenat.fr\/article\/politique\/le-roux-en-difficulte-apres-les-revelations-sur-l-emploi-de-ses-filles-57566<\/p>\n<p>-Le parquet national financier ouvre une enqu\u00eate (vid\u00e9o) : http:\/\/www.bfmtv.com\/mediaplayer\/video\/affaire-le-roux-pourquoi-une-enquete-est-ouverte-si-rapidement-926193.html<\/p>\n<p>-&#8220;C&#8217;est inacceptable&#8221; (la maire socialiste de Nantes Johanna Rolland; son) : http:\/\/www.francetvinfo.fr\/politique\/couacs-du-gouvernement\/filles-de-bruno-le-roux-employees-a-l-assemblee-inacceptable-selon-la-maire-de-nantes_2107670.html<\/p>\n<p>-Le r\u00e9actions politiques se multiplient (vid\u00e9o) : http:\/\/www.francetvinfo.fr\/politique\/couacs-du-gouvernement\/affaire-bruno-le-roux-les-reactions-politiques-se-multiplient_2107896.html<\/p>\n<p>-Celle de Bernard Cazeneuve, le Premier ministre (vid\u00e9o) : http:\/\/www.francetvinfo.fr\/politique\/couacs-du-gouvernement\/video-lorsqu-on-est-attache-a-l-autorite-de-l-etat-on-est-impeccable-face-aux-institutions-reagit-cazeneuve-apres-les-revelations-sur-le-roux_2107866.html<\/p>\n<p>-&#8220;L&#8217;affaire est tr\u00e8s floue, \u00e0 la limite de la prise d&#8217;int\u00e9r\u00eat. Dans n&#8217;importe quel autre pays, il aurait d\u00e9missionn\u00e9&#8221; (Jean-Christophe Picard, pr\u00e9sident d&#8217;Anticore; vid\u00e9o) : http:\/\/www.rtl.fr\/actu\/societe-faits-divers\/l-affaire-bruno-le-roux-est-tres-floue-estime-le-president-d-anticor-7787758591<\/p>\n<p><strong>-C&#8217;est ce qu&#8217;il a fait (vid\u00e9o) <\/strong> : http:\/\/www.francetvinfo.fr\/politique\/affaire\/affaire-bruno-le-roux\/affaire-bruno-le-roux-le-ministre-pousse-a-la-demission_2108418.html<\/p>\n<p>-La une du &#8220;Canard encha\u00een\u00e9&#8221; : http:\/\/www.lecanardenchaine.fr\/la-une-du-22-mars-2017\/<\/p>\n<p>-Selon l&#8217;hebdomadaire, &#8220;Fran\u00e7ois Fillon aurait re\u00e7u 50 000 dollars pour mettre en relation un industriel libanais et Poutine : http:\/\/www.lemonde.fr\/election-presidentielle-2017\/article\/2017\/03\/21\/fillon-a-recu-50-000-dollars-pour-mettre-en-relation-un-industriel-libanais-et-poutine-selon-le-canard-enchaine_5098571_4854003.html#xtor<\/p>\n<p><strong>-&#8220;L&#8217;affaire Fillon \u00e9largie \u00e0 des faits de &#8220;faux et usage de faux&#8221; et &#8220;d&#8217;escroquerie aggrav\u00e9e. Penelope Fillon convoqu\u00e9e le 28 mars pour une mise en examen&#8221; (Simon Piel) :<\/strong> http:\/\/www.lemonde.fr\/affaire-penelope-fillon\/article\/2017\/03\/21\/affaire-fillon-l-enquete-elargie-a-des-faits-d-escroquerie-aggravee-de-faux-et-usage-de-faux_5098534_5070021.html#xtor<\/p>\n<p><strong>-La mort d&#8217;Henri Emmanuelli (vid\u00e9o) <\/strong> : http:\/\/www.francetvinfo.fr\/politique\/ps\/henri-emmanuelli\/video-depute-secretaire-d-etat-et-patron-du-ps-retour-sur-la-carriere-d-henri-emmanuelli_2107702.html<\/p>\n<p>-Cinq moments marquants (vid\u00e9os) : http:\/\/www.francetvinfo.fr\/politique\/ps\/henri-emmanuelli\/cinq-moments-marquants-de-la-vie-d-henri-emmanuelli_2107684.html<\/p>\n<p>-Face \u00e0 Jean-Jacques Bourdin en 2014 (vid\u00e9o) : https:\/\/www.youtube.com\/watch?v=ZBM0A2BBNgQ<\/p>\n<p>-&#8220;Nous serons toujours l\u00e0 pour porter le message qui \u00e9tait le sien&#8221; (Fran\u00e7ois Hollande; vid\u00e9o) : http:\/\/www.bfmtv.com\/mediaplayer\/video\/mort-d-emmanuelli-nous-serons-toujours-la-pour-porter-son-message-assure-francois-hollande-926163.html<\/p>\n<p>-&#8220;Il \u00e9tait comme un fr\u00e8re en politique&#8221; (Beno\u00eet Hamon; vid\u00e9o) : ww.bfmtv.com\/mediaplayer\/video\/il-etait-comme-un-frere-en-politique-les-larmes-aux-yeux-hamon-evoque-la-mort-d-emmanuelli-926115.html<\/p>\n<p>-&#8220;Un homme de rassemblement et de dialogue&#8221; (Pierre Laurent) : http:\/\/www.pcf.fr\/97922<\/p>\n<p>-Autres r\u00e9actions dont celle de Jean-Luc M\u00e9lenchon : http:\/\/www.sudouest.fr\/2017\/03\/21\/mort-d-henri-emmanuelli-les-premieres-reactions-sur-les-reseaux-sociaux-3296065-3452.php<\/p>\n<p><strong>POLITIQUE<\/strong><\/p>\n<p><strong>-&#8220;Ensemble, construisons une majorit\u00e9 de progr\u00e8s pour la France&#8221; (le clip du PCF; vid\u00e9o) :<\/strong> https:\/\/www.youtube.com\/watch?v=-7C8WOjp6O4&#038;feature=youtu.be<\/p>\n<p>-Dans &#8220;la Marche pour la VIe R\u00e9publique&#8221;, paroles de marcheuses et de marcheurs (vid\u00e9os) :  https:\/\/www.publicsenat.fr\/article\/politique\/marche-pour-la-6eme-republique-de-jean-luc-melenchon-paroles-de-sympathisants<\/p>\n<p>-Dans le d\u00e9bat t\u00e9l\u00e9vis\u00e9, &#8220;M\u00e9lenchon a marqu\u00e9 des points&#8221; (Julia Hamlaoui de &#8220;l&#8217;Humanit\u00e9&#8221;) : http:\/\/www.humanite.fr\/debat-televise-melenchon-marque-des-points-633675<\/p>\n<p><strong>-&#8220;Se sortir de la crise politique&#8221; (Roger Martelli) : <\/strong> https:\/\/wp.muchomaas.com\/qui-veut-la-peau-de-roger-martelli\/article\/presidentielle-se-sortir-de-la-crise-politique<\/p>\n<p>-Le N\u00b0 837 de &#8220;ReSPUBLICA&#8221; : http:\/\/www.gaucherepublicaine.org\/wp-content\/uploads\/lettres\/20170321_respublica-lettre-sommaire_lettre-837.htm<\/p>\n<p>-&#8220;Pour Bruno Le Roux, je n&#8217;\u00e9tais pas au courant. La question est de savoir si elles ont travaill\u00e9. Ne faisons pas d\u00e9missionner les gens \u00e0 partir d&#8217;un soup\u00e7on. Pour la premi\u00e8re fois, on a vu la leader du FN pas au niveau. Beno\u00eet Hamon est le seul \u00e0 avoir \u00e9clair\u00e9 l&#8217;avenir. Jean-Luc M\u00e9lenchon porte une lourde responsabilit\u00e9 dans la division de la gauche&#8221; (Jean-Christophe Cambad\u00e9lis, interrog\u00e9 par Elizabeth Martichoux; vid\u00e9o) : http:\/\/www.rtl.fr\/actu\/politique\/soupcons-envers-bruno-le-roux-je-n-etais-pas-au-courant-assure-cambadelis-7787753396<\/p>\n<p>-La secr\u00e9taire d&#8217;Etat Barbara Pompili rejoint Emmanuel Macron, &#8220;le seul \u00e0 porter un projet \u00e9cologiste s\u00e9rieux et financ\u00e9&#8221;. Elle \u00e9tait invit\u00e9e de la matinale de Franceinfo (vid\u00e9o) : http:\/\/www.dailymotion.com\/video\/x5fhkbo_barbara-pompili-apporte-son-soutien-officiel-a-emmanuel-macron_news<\/p>\n<p>-&#8220;Je m&#8217;attendais \u00e0 ce ralliement. Favori, Emmanuel Macron est la cible. Il a la capacit\u00e9 de nous projeter dans l&#8217;avenir. Les deux anciens partis politiques ont \u00e9t\u00e9 hors jeu&#8221; (Bariza Khiari, s\u00e9natrice socialiste de Paris, soutien d&#8217;Emmanuel Macron; vid\u00e9o, amener le curseur sur 31:04) : http:\/\/www.lcp.fr\/emissions\/politique-matin\/282784-politique-matin<\/p>\n<p><strong>-&#8220;Les Fran\u00e7ais ne supportent pas  le fait que des parlementaires utilisent l&#8217;argent  public pour r\u00e9mun\u00e9rer leurs proches. Si la classe politique \u00e9tait capable d&#8217;apporter des r\u00e9sultats, ils seraient plus tol\u00e9rants mais ils vivent l&#8217;inefficacit\u00e9 en alternance, cinq ans \u00e0 gauche, cinq ans \u00e0 droite&#8221; (Renaud Dutreil, ancien ministre de Jacques Chirac, soutien d&#8217;Emmanuel Macron; interrog\u00e9 par Yves Calvi; vid\u00e9o) : <\/strong> http:\/\/www.lci.fr\/replay\/l-invite-de-24-heures-en-questions-du-21-mars-2017-renaud-dutreil-soutien-d-emmanuel-macron-2029841.html%3Ftype=content<\/p>\n<p>-&#8220;On n&#8217;a pas compris le projet d&#8217;Emmanuel Macron&#8221;(G\u00e9rard Larcher, pr\u00e9sident LR du S\u00e9nat; interrog\u00e9 par Fabien Namias; vid\u00e9o) : http:\/\/www.dailymotion.com\/video\/x5fh7tu_gerard-larcher-on-n-a-pas-compris-le-projet-d-emmanuel-macron_news<\/p>\n<p>-&#8220;C&#8217;\u00e9tait d&#8217;un bon niveau. Il y avait un grand absent, M. Hollande et son quinquennat. Celui qui ressemblait le plus \u00e0 un pr\u00e9sident, c&#8217;est Fran\u00e7ois Fillon. Mme Le Pen n&#8217;a \u00e9t\u00e9 attaqu\u00e9e qu&#8217;\u00e0 la marge&#8221; (il \u00e9tait interrog\u00e9 par Jean-Pierre Elkabbach; vid\u00e9o) : http:\/\/www.cnews.fr\/chroniques\/linvite-de-jean-pierre-elkabbach\/linterview-de-jean-pierre-elkabbach-du-21032017-173811<\/p>\n<p>-&#8220;Il a d\u00e9roul\u00e9 son projet. On d\u00e9marre la vraie campagne et on avait un candidat qui a montr\u00e9 son s\u00e9rieux, sans d\u00e9magogie&#8221; (Luc Chatel, porte-parole de Fran\u00e7ois Fillon, interrog\u00e9 par Audrey Crespo-Mara; vid\u00e9o) : http:\/\/www.lci.fr\/replay\/replay-l-invite-politique-du-21-mars-2017-luc-chatel-2029754.html%3Ftype=content<\/p>\n<p>-&#8220;Emmanuel Macron ne va jamais au bout des choses, c&#8217;\u00e9tait creux&#8221; (Eric Woerth, d\u00e9put\u00e9 LR de l&#8217;Oise; face \u00e0 Guillaume Durand; vid\u00e9o) : https:\/\/www.dailymotion.com\/video\/x5fhhao_emmanuel-macron-ne-va-jamais-au-bout-des-choses-c-etait-creux-eric-woerth-21-03-2017_news<\/p>\n<p>-&#8220;Le flou tr\u00e8s habilement dispens\u00e9 d&#8217;Emmanuel Macron? Je souhaite que Bruno Le Roux ait le m\u00eame traitement. On sait ce \u00e0 quoi ont abouti les r\u00eaves de Fran\u00e7ois Hollande&#8221; (Bernard Accoyer, secr\u00e9taire g\u00e9n\u00e9ral de LR; invit\u00e9 de &#8220;Territoires d&#8217;Infos&#8221;; vid\u00e9o) : https:\/\/www.dailymotion.com\/video\/x5fhpte_bernard-accoyer-territoires-d-infos-le-best-of-21-03-2017_tv<\/p>\n<p>-&#8220;Enfin, on est sur le fond ! Fran\u00e7ois Fillon est le seul \u00e0 avoir la stature pr\u00e9sidentielle. M\u00e9lenchon occupait l&#8217;espace, c&#8217;est bien jou\u00e9. Pour Bruno Le Roux, je ne demande rien, on va regarder&#8221; (Bruno Retailleau, coordonnateur de la campagne de Fran\u00e7ois Fillon; interrog\u00e9 par Caroline Roux; vid\u00e9o) : http:\/\/www.france2.fr\/emissions\/telematin\/actu\/les-4-verites-bruno-retailleau_560567<\/p>\n<p>-Bruno Le Roux, &#8220;c&#8217;est l&#8217;arroseur arros\u00e9&#8221; (Annie Genevard, d\u00e9put\u00e9e LR du Doubs, porte-parole de Fran\u00e7ois Fillon; vid\u00e9o) : http:\/\/www.lcp.fr\/la-politique-en-video\/affaire-bruno-le-roux-cest-larroseur-arrose-tacle-la-porte-parole-de-fillon<\/p>\n<p>-&#8220;TF1 r\u00e9serve ses d\u00e9bats \u00e0 un club&#8221; (Jacques Cheminade, candidat \u00e0 l&#8217;\u00e9lection pr\u00e9sidentielle; invit\u00e9 de Marc Olivier Fogiel; vid\u00e9o) : http:\/\/www.rtl.fr\/actu\/societe-faits-divers\/presidentielle-2017-pour-cheminade-tf1-reserve-ses-debats-a-un-club-7787748232<\/p>\n<p>-&#8220;Ce d\u00e9bat \u00e9tait utile et int\u00e9ressant sur les approches et les personnalit\u00e9s&#8221; (Laurence Parisot, ancienne pr\u00e9sidente du Medef; face \u00e0 Fr\u00e9d\u00e9ric Rivi\u00e8re; vid\u00e9o) : http:\/\/www.rfi.fr\/video\/20170321-laurence-parisot-debat-etait-utile-interessant-approches-personnalites<\/p>\n<p>-&#8220;Les d\u00e9bats vont-ils faire reculer l&#8217;abstention ?&#8221; (Yves Thr\u00e9ard du &#8220;Figaro&#8221;; vid\u00e9o) : http:\/\/www.dailymotion.com\/video\/x5fgyze_les-debats-vont-ils-faire-reculer-l-abstention_news<\/p>\n<p>-&#8220;Le programme de Fran\u00e7ois Fillon m&#8217;a sembl\u00e9 tr\u00e8s solide&#8221; (Philippe Tesson; vid\u00e9o) : https:\/\/www.dailymotion.com\/video\/x5fhhw5_le-programme-de-francois-fillon-m-a-semble-tres-solide-philippe-tesson-21-03-2017_news<\/p>\n<p>-&#8220;Il faut saluer l&#8217;int\u00e9r\u00eat de ce d\u00e9bat. Emmanuel Macron a tout fait pour se placer au centre du d\u00e9bat, en meilleur opposant \u00e0 Marine Le Pen. A la fin, Fran\u00e7ois Fillon avait retrouv\u00e9 les accents de la primaire. La verve, le verbe du candidat de &#8220;la  France insoumise&#8221; ont \u00e9t\u00e9 un atout par rapport au candidat socialiste&#8221; (Guillaume Tabard du &#8220;Figaro&#8221;; son du 21 mars) : https:\/\/www.radioclassique.fr\/radio\/emissions\/matinale-de-radio-classique\/22630-2\/<\/p>\n<p>-&#8220;Un d\u00e9bat utile et r\u00e9ussi&#8221; (Alba Ventura; vid\u00e9o) : http:\/\/www.rtl.fr\/actu\/politique\/presidentielle-2017-un-grand-debat-utile-et-reussi-analyse-alba-ventura-7787752855<\/p>\n<p>-&#8220;Chaque candidat ma\u00eetrise parfaitement son discours&#8221; (Thomas Legrand; son) : https:\/\/www.franceinter.fr\/emissions\/l-edito-politique\/l-edito-politique-21-mars-2017<\/p>\n<p>-&#8220;Deux familles de programmes \u00e9conomiques s&#8217;affrontent&#8221; (Fran\u00e7ois Lenglet; vid\u00e9o) :<br \/>\nhttp:\/\/www.rtl.fr\/actu\/societe-faits-divers\/le-grand-debat-deux-familles-de-programmes-economiques-s-affrontent-7787753167<\/p>\n<p>-&#8220;Tout tournait autour de Macron et Le Pen&#8221; (Alain Duhamel; vid\u00e9o) : http:\/\/www.rtl.fr\/actu\/politique\/le-grand-debat-tout-tournait-autour-de-macron-et-le-pen-analyse-alain-duhamel-7787753622<\/p>\n<p>-&#8220;Des candidats si loin du monde&#8221; (Bernard Guetta; son) : https:\/\/www.franceinter.fr\/emissions\/geopolitique\/geopolitique-21-mars-2017<\/p>\n<p>-9,8 millions de t\u00e9l\u00e9spectateurs (Thomas Joubert; vid\u00e9o) : http:\/\/www.dailymotion.com\/video\/x5fhetg_le-grand-debat-les-candidats-ont-su-capter-les-telespectateurs-de-tf1_news<\/p>\n<p><em>-Les r\u00e9actions au premier d\u00e9bat t\u00e9l\u00e9vis\u00e9 (OPINION-WAY) <\/em> : https:\/\/www.opinion-way.com\/fr\/component\/edocman\/?task=document.viewdoc&#038;id=1572&#038;Itemid=0<\/p>\n<p><em>-Le m\u00eame (ELABE) :<\/em> http:\/\/elabe.fr\/debat-plus-convaincant-sondage-elabe-bfmtv\/<\/p>\n<p>-&#8220;Des sondages qui ne convainquent pas&#8221; (Fr\u00e9d\u00e9ric Lemaire) : http:\/\/www.acrimed.org\/Grand-debat-un-sondage-pour-BFM-TV-qui-ne<\/p>\n<p><strong>-&#8220;Aujourd&#8217;hui il n&#8217;y a pas de cristallisation du vote&#8221; (Brice Teinturier, directeur d&#8217;Ipsos et Martial Foucault, directeur du Cevipof \u00e9taient les invit\u00e9s de la matinale de France Inter. Ils ont r\u00e9pondu aux questions de Patrick Cohen et des auditeurs; vid\u00e9o et son) : <\/strong> http:\/\/www.dailymotion.com\/video\/x5fh7n0_brice-teinturier-ipsos-et-martial-foucault-cevipof-repondent-aux-questions-de-patrick-cohen_news      https:\/\/www.franceinter.fr\/emissions\/interactiv\/interactiv-21-mars-2017<\/p>\n<p>-&#8220;La Ve R\u00e9publique est en train de crever&#8221; (le politologue Roland Cayrol, enseignant-chercheur \u00e0 Sciences Po; vid\u00e9o) : http:\/\/www.dailymotion.com\/video\/x5fece6_cayrol-la-ve-republique-est-en-train-de-crever_news<\/p>\n<p><strong>-Il \u00e9tait l&#8217;invit\u00e9 du &#8220;Club de la Presse&#8221; d&#8217;Europe 1 (son) : <\/strong>  http:\/\/www.europe1.fr\/emissions\/le-club-de-la-presse\/europe-soir-le-club-de-la-presse-roland-cayrol-et-patrice-bergougnoux-20032017-3007859<\/p>\n<p>-&#8220;Le Th\u00e9\u00e2tre des incapables&#8221; (le nouveau roman de Franz-Olivier Giesberg, invit\u00e9 de Laurence Ferrari; vid\u00e9o) :  http:\/\/www.cnews.fr\/chroniques\/linvite-de-laurence-ferrari\/franz-olivier-giesbert-invite-de-laurence-ferrari-173798<\/p>\n<p>-Macron le plus convaincant pour le pouvoir d&#8217;achat (Jean-Daniel L\u00e9vy de HARRIS; vid\u00e9o) : http:\/\/www.lcp.fr\/la-politique-en-video\/sondage-macron-juge-le-plus-convaincant-sur-lamelioration-du-pouvoir-dachat<\/p>\n<p><em>-Intentions de vote au 21 mars (IFOP) : <\/em> http:\/\/dataviz.ifop.com:8080\/HNS\/HNSAdmin\/start.appli?appid=60930&#038;logonUser=USERWEB&#038;logonPswcd=ZnJhbmNvaXNF<\/p>\n<p><em>-Le m\u00eame (OPINION-WAY) :<\/em> http:\/\/opinionlab.opinion-way.com\/opinionlab\/832\/627\/presitrack.html#m6<\/p>\n<p><strong>EUROPE-MONDE<\/strong><\/p>\n<p>-L&#8217;Europe reste accessoire dans le d\u00e9bat pr\u00e9sidentiel fran\u00e7ais (Aline Robert) : http:\/\/www.euractiv.fr\/section\/all\/news\/leurope-reste-accessoire-dans-le-debat-presidentiel\/?nl_ref<\/p>\n<p>-Les eurod\u00e9put\u00e9s veulent r\u00e9duire les \u00e9missions de la terre (Marine Jobert) : http:\/\/www.euractiv.fr\/section\/climat\/news\/les-eurodeputes-veulent-reduire-les-emissions-de-la-terre\/?nl_ref<\/p>\n<p>-Theresa May d\u00e9clenchera le Brexit le 29 mars (Matthew Tempest): http:\/\/www.euractiv.fr\/section\/royaume-uni-en-europe\/news\/may-to-trigger-article-50-on-29-march\/?nl_ref<\/p>\n<p>-&#8220;Les Britanniques n&#8217;en ont pas fini de jouer avec les nerfs des Europ\u00e9ens et \u00e0 quoi joue Erdogan ?&#8221; (Hughes Beaudoin; son du 20 mars) :  https:\/\/www.radioclassique.fr\/radio\/emissions\/le-19h20h\/24h-en-europe\/<\/p>\n<p><strong>-&#8220;Rome et Bucarest s&#8217;unissent contre l&#8217;exploitation sexuelle des travailleuses&#8221; (Annie Kelly et Lorenzo Tondo) :<\/strong> http:\/\/www.euractiv.fr\/section\/monde\/news\/romania-and-italy-unite-to-halt-abuse-of-women-migrants\/?nl_ref<\/p>\n<p><strong>-&#8220;Nous sommes tous inquiets de la situation en Pologne&#8221; (Michael O&#8217;Flaherty, directeur de l&#8217;Agence des droits fondamentaux de l&#8217;Europe) : <\/strong> http:\/\/www.euractiv.fr\/section\/institutions\/interview\/eu-fundamental-rights-chief-without-human-rights-europe-loses-its-integrity\/?nl_ref<\/p>\n<p>-&#8220;En Serbie, l&#8217;art de l&#8217;immobilisme politique&#8221; (Smiljana Vukojicic; son) : https:\/\/www.franceinter.fr\/emissions\/meridien-d-europe\/meridien-d-europe-21-mars-2017<\/p>\n<p><strong>-L&#8217;Union europ\u00e9enne renforce son aide aux pays africains touch\u00e9s par le s\u00e9cheresse (Matthew Tempest) <\/strong> : http:\/\/www.euractiv.fr\/section\/aide-au-developpement\/news\/extra-e165m-from-eu-for-drought-crisis-in-south-sudan-somalia-ethiopia\/?nl_ref<\/p>\n<p><strong>-Le conflit Sud-soudanais pousse les populations vers l&#8217;Ouganda (un reportage d&#8217;Olivier Poujade; son) :<\/strong>   https:\/\/www.franceinter.fr\/emissions\/grand-angle\/grand-angle-21-mars-2017<\/p>\n<p>-&#8220;Trump refuse tout compromis au G20&#8221; (Ama Lorenz) : http:\/\/www.euractiv.fr\/section\/economie\/news\/trump-first-triumphs-at-g20-meeting\/?nl_ref<\/p>\n<p><strong>-&#8220;Sa vision, ce n&#8217;est pas &#8216;l&#8217;Am\u00e9rique d&#8217;abord&#8217;, c&#8217;est &#8216;l&#8217;Am\u00e9rique seule'&#8221; (Thomas Friedman, \u00e9ditorialiste du &#8220;New York Times&#8221;; invit\u00e9 d&#8217;Alexandra Bensaid (vid\u00e9o) : <\/strong><br \/>\n<iframe loading=\"lazy\" title=\"Thomas Friedman r\u00e9pond aux questions d&#039;Alexandra Bensaid\" frameborder=\"0\" width=\"500\" height=\"283\" src=\"https:\/\/geo.dailymotion.com\/player.html?video=x5fh4os&#038;\" allowfullscreen allow=\"autoplay; fullscreen; picture-in-picture; web-share\"><\/iframe><\/p>\n<p>-Un scandale sanitaire au Br\u00e9sil met en p\u00e9ril l&#8217;accord commercial Union europ\u00e9enne-Mercantour : http:\/\/www.euractiv.fr\/section\/economie\/news\/brazils-rotten-meat-scandal-worries-eu-ahead-of-fresh-trade-talks\/?nl_ref<\/p>\n<p><strong>-L&#8217;ONU tire la sonnette d&#8217;alarme sur le r\u00e9chauffement climatique (vid\u00e9o) : <\/strong> http:\/\/www.francetvinfo.fr\/meteo\/climat\/rechauffement-climatique-l-onu-tire-la-sonnette-d-alarme_2108112.html<\/p>\n<p><strong>CULTURE-MEDIAS<\/strong><\/p>\n<p><strong>-Ce que la s\u00e9miologue Mariette Darigrand et le philosophe Yves Michaud ont pens\u00e9 du d\u00e9bat de la pr\u00e9sidentielle sur TF1. Ils \u00e9taient les invit\u00e9s de Guillaume Erner sur France Culture (son) : <\/strong> https:\/\/www.franceculture.fr\/emissions\/linvite-des-matins\/idees-ce-quil-faut-retenir-du-premier-debat-de-la-presidentielle                https:\/\/www.franceculture.fr\/emissions\/linvite-des-matins-2eme-partie\/idees-ce-quil-faut-retenir-du-premier-debat-de-la<\/p>\n<p><strong>-&#8220;Les ouvriers et la droite&#8221; (Xavier Vigna, ma\u00eetre de conf\u00e9rences de l&#8217;Universit\u00e9 de Bourgogne, \u00e9tait l&#8217;invit\u00e9 de &#8220;La Marche de l&#8217;Histoire&#8221; de Jean Lebrun; son) : <\/strong> https:\/\/www.franceinter.fr\/emissions\/la-marche-de-l-histoire\/la-marche-de-l-histoire-21-mars-2017<\/p>\n<p><strong>-&#8220;La nuit des ondes gravitationnelles&#8221;, c&#8217;\u00e9tait lundi mais gr\u00e2ce au CNRS, vous pouvez tout revoir ici (vid\u00e9o) : <\/strong> http:\/\/www.cnrs.fr\/nuit-des-ondes-gravitationnelles\/<\/p>\n<p>-Laurence Des Cars, la nouvelle pr\u00e9sidente du Mus\u00e9e d&#8217;Orsay \u00e0 Paris; invit\u00e9e d&#8217;Olivia Gesbert (son) :  https:\/\/www.franceculture.fr\/emissions\/la-grande-table-1ere-partie\/laurence-des-cars-musee-la-nouvelle-presidente-cest-elle#xtor<\/p>\n<p><strong>-Revoir Trisha Brown (vid\u00e9o en anglais, sous-titr\u00e9e en italien&#8230; mais la danse est un art visuel) : <\/strong> https:\/\/www.youtube.com\/watch?v=ET6OPHlHNZs<\/p>\n<p>-Bernard Pivot \u00e9tait l&#8217;invit\u00e9 de &#8220;Passion classique&#8221; d&#8217;Olivier Bellamy (son du 20 mars) : https:\/\/www.radioclassique.fr\/radio\/emissions\/passion-classique\/<\/p>\n<p><strong>-Jean-Loup Dabadie et la langue fran\u00e7aise (invit\u00e9 de Laurence Pierre; vid\u00e9o) :<\/strong>  http:\/\/www.rfi.fr\/video\/20170320-journee-internationale-francophonie-jean-loup-dabadie<\/p>\n<p><strong>&#8211; &#8220;Le profile type (des lecteurs), c&#8217;est une lectrice de plus de 45 ans qui lit beaucoup&#8221; (Vincent Monad\u00e9, pr\u00e9sident du Centre national du Livre; interrog\u00e9 par Eric Delvaux; son) :<\/strong> https:\/\/www.franceinter.fr\/emissions\/l-invite-du-5-7\/l-invite-du-5-7-21-mars-2017<\/p>\n<p><strong>-&#8220;Le pouvoir ab\u00eeme et rend fou&#8221; (Isabelle Carr\u00e9 qui, jusqu&#8217;au 26 mars, joue &#8220;Honneur \u00e0 notre \u00e9lue&#8221; au Th\u00e9\u00e2tre du Rond-Point \u00e0 Paris; invit\u00e9e du &#8220;Grand Soir 3&#8221;; vid\u00e9o) :  <\/strong>                                                  http:\/\/www.francetvinfo.fr\/elections\/isabelle-carre-le-pouvoir-abime-et-rend-fou_2107784.html <\/p>\n<p>-Jusqu&#8217;au 5 avril, \u00e0 l&#8217;Op\u00e9ra-Garnier, &#8220;Trompe la mort&#8221;, adaptation de textes de Honor\u00e9 de  Balzac et mise en sc\u00e8ne de  Luca Francesconi (Sophie Bourdais) : http:\/\/www.telerama.fr\/musique\/balzac-a-l-opera-trompe-la-mort-virtuose-et-complexe,155522.php#xtor<\/p>\n<p>-Monica Bellucci sera la ma\u00eetresse de c\u00e9r\u00e9monie du 70e Festival de Cannes : http:\/\/www.telerama.fr\/cinema\/festival-de-cannes-2017-monica-bellucci-maitresse-de-ceremonie-de-la-70e-edition,155623.php#xtor<\/p>\n<p>-L&#8217;an dernier, son pr\u00e9d\u00e9cesseur Laurent Lafitte avait fait des vagues (Aur\u00e9lien Ferenczi) : http:\/\/www.telerama.fr\/festival-de-cannes\/2016\/laurent-lafitte-et-woody-allen-la-vanne-qui-fait-des-vagues,142324.php<\/p>\n<p>-Les c\u00e9r\u00e9monies de prix d\u00e9cortiqu\u00e9es par Dylon Marron (Lucas Armati; vid\u00e9os en anglais) : http:\/\/television.telerama.fr\/television\/que-se-cache-t-il-derriere-les-oscars,155491.php#xtor<\/p>\n<p>-L&#8217;omnipr\u00e9sence de la musique dans les films du r\u00e9alisateur finlandais Aki Kaurism\u00e4ki (son) : http:\/\/www.telerama.fr\/cinema\/l-obsession-musicale-d-aki-kaurismaki,155617.php#xtor<\/p>\n<p><strong>-Dans &#8220;Retour pour le Futur&#8221;, Michael J. Fox se prenait pour Chuck Berry (vid\u00e9o) :<\/strong> http:\/\/www.telerama.fr\/cinema\/quand-michael-j-fox-se-prenait-pour-chuck-berry-dans-retour-vers-le-futur,155523.php#xtor<\/p>\n<p>-Au cin\u00e9ma Path\u00e9 La Villette \u00e0 Paris, d\u00e9couvrir le nouveau proc\u00e9d\u00e9 4DX (C\u00e9cile Mury; vid\u00e9o) : http:\/\/www.telerama.fr\/cinema\/la-4dx-le-cinema-version-fete-foraine,155584.php#xtor<\/p>\n<p><strong>-&#8220;Il y a 20 ans, le groupe IAM&#8230;&#8221; (Erwan Perron et Philippe Barbot; vid\u00e9os) : <\/strong> http:\/\/www.telerama.fr\/musique\/20-ans-de-l-ecole-du-micro-d-argent-quand-iam-posait-en-couverture-de-telerama,155581.php#xtor<\/p>\n<p>-&#8220;Je suis un vieux con de 46 ans qui \u00e9coute des gamins de 18 ans&#8221; (Akhenaton; propos recueillis par Marc Zisman; diaporama et vid\u00e9o) : http:\/\/www.telerama.fr\/sortir\/akhenaton-je-suis-un-vieux-con-de-46-ans-qui-ecoute-des-gamins-de-18-ans,126363.php<\/p>\n<p><strong>-&#8220;Depeche Mode&#8221;, toujours dans le coup (Rebecca Manzoni; vid\u00e9o) : <\/strong> https:\/\/www.franceinter.fr\/emissions\/pop-co\/pop-co-21-mars-2017<\/p>\n<p><strong>-Dave Gahan, le chanteur du groupe anglais, \u00e9tait l&#8217;invit\u00e9 d&#8217;Augustin Trapenard (son) <\/strong> : https:\/\/www.franceinter.fr\/emissions\/boomerang\/boomerang-21-mars-2017<\/p>\n<p>-&#8220;J&#8217;ai un tambour \u00e0 la Nouvelle-Orl\u00e9ans, un \u00e0 Paris et un en Martinique !&#8221; (D\u00e9d\u00e9 Saint-Prix dans &#8220;Couleurs tropicales&#8221; (vid\u00e9o) : http:\/\/www.rfi.fr\/video\/20170321-dede-saint-prix-j-ai-tambour-nouvelle-orleans-paris-martinique<\/p>\n<p>-&#8220;Je reviens au D\u00e9d\u00e9 de la premi\u00e8re heure&#8221; (vid\u00e9o) : http:\/\/www.rfi.fr\/video\/20170321-dede-saint-prix-album-je-reviens-dede-premiere-heure<\/p>\n<p><strong>-&#8220;Man Anvi Wew&#8221; (vid\u00e9o) : <\/strong>                                                    http:\/\/www.rfi.fr\/video\/20170321-dede-saint-prix-chante-man-anvi-wew-couleurs-tropicales-rfi<\/p>\n<p>-Retrouver Don Gibson avec Fran\u00e7ois Gorin (son) : http:\/\/www.telerama.fr\/musique\/don-gibson-les-hautes-solitudes,155583.php#xtor<\/p>\n<p><strong>-Jusqu&#8217;au 7 avril en Is\u00e8re, la septi\u00e8me \u00e9dition du Festival &#8220;D\u00e9tours de Babel&#8221; (Son directeur Beno\u00eet Thiebergien; entretien r\u00e9alis\u00e9 par Anne Berthod) : <\/strong>               http:\/\/www.telerama.fr\/musique\/festival-detours-de-babel-les-rencontres-musicales-decalees-sont-le-reflet-du-monde-contemporain,155499.php#xtor<\/p>\n<p>-Jusqu&#8217;au 4 juin, au Mus\u00e9e de la chasse et de la nature, les photos de l&#8217;am\u00e9ricain Roger Ballen et les dessins du hollandais Hans Lemmen (Raoul Mbog) : http:\/\/www.telerama.fr\/sortir\/roger-ballen-un-photographe-contraste,155517.php#xtor<\/p>\n<p>-&#8220;A Paris, 8 expos photo qui subliment le noir et blanc&#8221; (Fr\u00e9d\u00e9rique Chapuis) : http:\/\/www.telerama.fr\/sortir\/a-paris-8-expos-photo-qui-subliment-le-noir-et-blanc,155506.php#xtor<\/p>\n<p><strong>-&#8220;La question d\u00e9mocratique \u00e0 la t\u00e9l\u00e9&#8221; (Bruno Donnet; vid\u00e9o) : <\/strong> http:\/\/www.dailymotion.com\/video\/x5fhjjy_de-la-question-democratique-a-la-tele-l-apres-coup-de-bruno-donnet_news<\/p>\n<p>-BFM-TV et CNews veulent organiser leur d\u00e9bat \u00e0 11 (Alexandre Piquard) : http:\/\/www.lemonde.fr\/politique\/article\/2017\/03\/21\/comment-bfm-tv-et-cnews-veulent-organiser-leur-debat-a-onze-candidats_5098502_823448.html<\/p>\n<p>-Jean-Pierre Foucault, 50 ans de carri\u00e8re (J\u00e9r\u00f4me Ivanichtchenko; vid\u00e9o) : http:\/\/www.dailymotion.com\/video\/x5fhnk5_jean-pierre-foucault-50-ans-de-carriere_news<\/p>\n<p><strong>-&#8220;Cash Investigation&#8221; a enqu\u00eat\u00e9 sur les pr\u00eatres p\u00e9dophiles (Martin Boudot \u00e9tait l&#8217;invit\u00e9 de Sonia Devillers; vid\u00e9o, amener le curseur sur 5:24) :<\/strong> http:\/\/www.dailymotion.com\/video\/x5fhohs_comment-les-pretres-pedophiles-echappent-a-la-justice-l-enquete-de-cash-investigation_news<\/p>\n<p><strong>-Revoir l&#8217;\u00e9mission ici (vid\u00e9o) :<\/strong> http:\/\/www.francetvinfo.fr\/replay-magazine\/france-2\/cash-investigation\/<\/p>\n<p>-&#8220;Emmanuel Macron est-il le nouveau Lecanuet ?&#8221; (Patrick Cohen; vid\u00e9o) : https:\/\/www.franceinter.fr\/emissions\/le-7h43\/le-7h43-21-mars-2017<\/p>\n<p><strong>-&#8220;Philippot est rest\u00e9 muet pendant trois heures&#8221; (Charline Vanhoenacker; vid\u00e9o) : <\/strong> https:\/\/www.franceinter.fr\/emissions\/le-billet-de-charline-vanhoenacker\/le-billet-de-charline-vanhoenacker-21-mars-2017<\/p>\n","protected":false},"excerpt":{"rendered":"<p>ACTUALITE -&#8220;La CGT de l&#8217;int\u00e9rim marque des points&#8221; : http:\/\/www.nvo.fr\/0-0-4933-la-cgt-de-l-interim-marque-des-points -&#8220;Un printemps \u00e0 l&#8217;offensive&#8221; (la CGT) : http:\/\/www.cgt.fr\/Un-printemps-a-l-offensive.html -&#8220;Des nouvelles du livret scolaire unique ?&#8221; (Lucie Martin) : http:\/\/www.telerama.fr\/monde\/des-nouvelles-du-livret-scolaire-unique,155582.php#xtor -&#8220;Le ras-le-bol d&#8217;enseignants de banlieue des discriminations envers des \u00e9l\u00e8ves en sorties scolaires&#8221; (Richard Duclos) : http:\/\/www.lemonde.fr\/education\/article\/2017\/03\/21\/le-ras-le-bol-des-profs-de-banlieue-contre-les-discriminations-des-eleves-en-sorties-scolaires_5098415_1473685.html#xtor -&#8220;A la diff\u00e9rence de nos confr\u00e8res, on n&#8217;a pas [&hellip;]<\/p>\n","protected":false},"author":1042,"featured_media":0,"comment_status":"open","ping_status":"open","sticky":false,"template":"","format":"standard","meta":{"_themeisle_gutenberg_block_has_review":false,"footnotes":""},"categories":[151],"tags":[],"class_list":["post-10278","post","type-post","status-publish","format-standard","hentry","category-la-revue-de-presse-de-lulu"],"_links":{"self":[{"href":"https:\/\/archives.regards.fr\/index.php?rest_route=\/wp\/v2\/posts\/10278","targetHints":{"allow":["GET"]}}],"collection":[{"href":"https:\/\/archives.regards.fr\/index.php?rest_route=\/wp\/v2\/posts"}],"about":[{"href":"https:\/\/archives.regards.fr\/index.php?rest_route=\/wp\/v2\/types\/post"}],"author":[{"embeddable":true,"href":"https:\/\/archives.regards.fr\/index.php?rest_route=\/wp\/v2\/users\/1042"}],"replies":[{"embeddable":true,"href":"https:\/\/archives.regards.fr\/index.php?rest_route=%2Fwp%2Fv2%2Fcomments&post=10278"}],"version-history":[{"count":0,"href":"https:\/\/archives.regards.fr\/index.php?rest_route=\/wp\/v2\/posts\/10278\/revisions"}],"wp:attachment":[{"href":"https:\/\/archives.regards.fr\/index.php?rest_route=%2Fwp%2Fv2%2Fmedia&parent=10278"}],"wp:term":[{"taxonomy":"category","embeddable":true,"href":"https:\/\/archives.regards.fr\/index.php?rest_route=%2Fwp%2Fv2%2Fcategories&post=10278"},{"taxonomy":"post_tag","embeddable":true,"href":"https:\/\/archives.regards.fr\/index.php?rest_route=%2Fwp%2Fv2%2Ftags&post=10278"}],"curies":[{"name":"wp","href":"https:\/\/api.w.org\/{rel}","templated":true}]}}