{"id":10276,"date":"2017-03-21T06:46:24","date_gmt":"2017-03-21T05:46:24","guid":{"rendered":"https:\/\/wp.muchomaas.com\/article-la-revue-du-21-mars-2017\/"},"modified":"2017-03-21T06:46:24","modified_gmt":"2017-03-21T05:46:24","slug":"article-la-revue-du-21-mars-2017","status":"publish","type":"post","link":"https:\/\/archives.regards.fr\/?p=10276","title":{"rendered":"La Revue du 21 mars 2017"},"content":{"rendered":"<p><strong>ACTUALITE<\/strong><\/p>\n<p>-&#8220;Les fili\u00e8res professionnelles sont-elles toujours des voies de garage ?&#8221; (un reportage de Sonia Bourhan au lyc\u00e9e polyvalent Jean Lur\u00e7at de Perpignan; son) : https:\/\/www.franceinter.fr\/emissions\/le-zoom-de-la-redaction\/le-zoom-de-la-redaction-20-mars-2017<\/p>\n<p><strong>-&#8220;Pour mes parents, le bac pro \u00e9tait un sous bac&#8221; (Jasmine, en fili\u00e8re professionnelle au lyc\u00e9e Jean Lur\u00e7at qui accueillait la matinale de France Inter; sons) : <\/strong> https:\/\/www.franceinter.fr\/emissions\/l-invite-de-8h20\/l-invite-de-8h20-20-mars-2017                                                                                                             https:\/\/www.franceinter.fr\/emissions\/interactiv\/interactiv-20-mars-2017<\/p>\n<p>-&#8220;L&#8217;innovation et l&#8217;investissement sont les moteurs de notre m\u00e9tier&#8221; (Dominique Hummel, pr\u00e9sident du Futuroscope; vd\u00e9o) : http:\/\/www.dailymotion.com\/video\/x5f338t_dominique-hummel-futuroscope-l-innovation-et-l-investissement-sont-les-moteurs-de-notre-metier_news<\/p>\n<p>-&#8220;Pour la premi\u00e8re fois depuis 2009, la balance entre les fermetures et les cr\u00e9ations d&#8217;entreprises est \u00e0 l&#8217;\u00e9quilibre. Malheureusement, nous sommes cantonn\u00e9s dans le moyen de gamme&#8221; (Christian Menanteau; vid\u00e9o) : http:\/\/www.rtl.fr\/actu\/conso\/les-fermetures-d-usine-stoppees-en-france-7787737881<\/p>\n<p>-La m\u00e9tallurgie peine \u00e0 recruter (vid\u00e9o) : http:\/\/www.francetvinfo.fr\/economie\/emploi\/chomage\/emploi-la-metallurgie-peine-a-recruter_2106340.html<\/p>\n<p>-&#8220;Les entreprises de taille interm\u00e9diaire sont les animatrices de territoires d\u00e9favoris\u00e9s en France&#8221; (Elizabeth Ducottet, PDG de &#8220;Thuasne&#8221;; interrog\u00e9e par Eric Delvaux; son) : https:\/\/www.franceinter.fr\/emissions\/l-invite-du-5-7\/l-invite-du-5-7-20-mars-2017<\/p>\n<p><em>-Les Fran\u00e7ais et la clause Moli\u00e8re (IFOP) <\/em> : http:\/\/www.ifop.com\/?option=com_publication&#038;type=poll&#038;id=3699<\/p>\n<p><strong>-Produire sa propre \u00e9nergie (vid\u00e9os) : <\/strong> http:\/\/www.francetvinfo.fr\/economie\/budget\/produire-sa-propre-energie-pour-alleger-sa-facture-d-electricite_2106356.html                                                http:\/\/www.francetvinfo.fr\/monde\/environnement\/environnement-comment-produire-sa-propre-energie_2106372.html<\/p>\n<p>-&#8220;Ce n&#8217;est pas normal qu&#8217;on ferme un gymnase pour ces probl\u00e8mes l\u00e0 (de trafic de drogue)&#8221; (un reportage \u00e0 Saint-Ouen (93) de Julie Pietri; son) :  https:\/\/www.franceinter.fr\/emissions\/grand-angle\/grand-angle-20-mars-2017<\/p>\n<p><strong>-&#8220;Toutes vos questions sur le sida&#8221; (Serawit Bruck-Landais et Florence Thune de &#8220;Sidaction&#8221;, Gilles Pialoux, chef du service des maladies infectieuses \u00e0 l&#8217;h\u00f4pital Tenon et Christophe Dechavanne pour l&#8217;Association &#8220;Croix verte et ruban rouge&#8221; (\u00e9mission pr\u00e9sent\u00e9e par Ali Rebeihi; son) : <\/strong> https:\/\/www.franceinter.fr\/emissions\/grand-bien-vous-fasse\/grand-bien-vous-fasse-20-mars-2017<\/p>\n<p><em>-Les adolescent et le porno (IFOP) :<\/em> http:\/\/www.ifop.com\/?option=com_publication&#038;type=poll&#038;id=3698<\/p>\n<p><strong>-&#8220;Pour la s\u00e9curit\u00e9 des a\u00e9roports, la reconnaissance faciale est une piste vers laquelle on pourrait s&#8217;orienter&#8221; (Augustin de Romanet, PDG d&#8217;A\u00e9roport de Paris; interrog\u00e9 par Alexandra Bensaid; vid\u00e9o) :<\/strong> http:\/\/www.dailymotion.com\/video\/x5fbf32_augustin-de-romanet-repond-aux-questions-d-alexandra-bensaid_news<\/p>\n<p>-En Corse, le questionnaire qui fait pol\u00e9mique (vid\u00e9o) : http:\/\/www.francetvinfo.fr\/societe\/religion\/laicite\/religion-le-questionnaire-qui-fait-polemique-en-corse_2106456.html<\/p>\n<p>-&#8220;Le ministre de l&#8217;Int\u00e9rieur Bruno Le Roux a employ\u00e9 ses filles comme attach\u00e9es parlementaires&#8221; : http:\/\/www.lemonde.fr\/politique\/article\/2017\/03\/20\/bruno-le-roux-a-employe-ses-filles-adolescentes-comme-collaboratrices-parlementaires_5097850_823448.html<\/p>\n<p><strong>-Dans &#8220;Quotidien&#8221;, l&#8217;\u00e9mission de Yann Barth\u00e8s (vid\u00e9o) :<\/strong> https:\/\/www.tf1.fr\/tmc\/quotidien-avec-yann-barthes\/videos\/parlement-transparent-bruno-roux-collaboratrices-parlementaires-1.html<\/p>\n<p><strong>POLITIQUE<\/strong><\/p>\n<p>-&#8220;Andr\u00e9 Chassaigne d\u00e9j\u00e0 en campagne pour les \u00e9lections l\u00e9gislatives&#8221; (vid\u00e9o) : http:\/\/www.lcp.fr\/la-politique-en-video\/chassaigne-deja-en-campagne-pour-les-legislatives<\/p>\n<p><strong>-&#8220;\u00c7a m&#8217;amuse d&#8217;entendre qu&#8217;Emmanuel Macron est un petit nouveau lui qui a \u00e9t\u00e9 ministre de Fran\u00e7ois Hollande. Certes, avec Jean-Luc M\u00e9lenchon, il y a une diff\u00e9rence d&#8217;\u00e2ge mais surtout de programme. Jean-Luc M\u00e9lenchon a un programme social, Macron pour la finance. Donald Trump est un personnage extr\u00eamement dangereux pour son pays et pour le monde. Je regrette qu&#8217;il n&#8217;y ait pas pu y avoir un rassemblement d&#8217;une vrai gauche. Au premier tour, on choisit son candidat. On a mont\u00e9 Marine Le Pen et maintenant il faudrait lui faire barrage. La meilleur fa\u00e7on de lui barrer la route, c&#8217;est de voter bien \u00e0 gauche pour Jean-Luc M\u00e9lenchon. On partage son programme \u00e0 90%. Pendant cinq ans, le parti socialiste a tu\u00e9 l&#8217;espoir \u00e0 gauche. Il est tr\u00e8s important qu&#8217;il y ait des d\u00e9put\u00e9s qui tiennent leurs promesses comme c&#8217;est le cas des d\u00e9put\u00e9s communistes sortants tel qu&#8217;Andr\u00e9 Chassaigne. Il est incompr\u00e9hensible que &#8220;la France Insoumise&#8221; pr\u00e9sente des candidats contre eux, ce qui ne peut que faire le jeu de la droite et de l&#8217;extr\u00eame droite. J&#8217;esp\u00e8re qu&#8217;apr\u00e8s le succ\u00e8s de la marche de samedi, les choses vont s&#8217;arranger&#8221; (Laurence Cohen, s\u00e9natrice communiste du Val-de-Marne; interrog\u00e9e par Brigitte Boucher; vid\u00e9o, amener le curseur sur 6:07, 10:19, 12:04, 16:25, 21:58 et 26:00) : <\/strong> http:\/\/www.lcp.fr\/emissions\/politique-matin\/282413-politique-matin<\/p>\n<p><em>-&#8220;Construire la France en commun, la France de l&#8217;\u00e9galit\u00e9, contre le racisme et les discriminations&#8221; (une d\u00e9claration de Pierre Laurent) : <\/em> http:\/\/www.pcf.fr\/97879<\/p>\n<p><strong>-Le d\u00e9bat de la pr\u00e9sidentielle sur TF1 (vid\u00e9o int\u00e9grale) : <\/strong> http:\/\/www.lci.fr\/elections\/live-presidentiel-en-direct-debat-tf1-hamon-melenchon-macron-le-pen-fillon-2029615.html<\/p>\n<p>-&#8220;Jean Luc M\u00e9lenchon est le candidat qui a anim\u00e9 la soir\u00e9e&#8221; (vid\u00e9o) : http:\/\/www.lci.fr\/elections\/le-grand-debat-jean-luc-melenchon-fait-le-show-2029741.html<\/p>\n<p><strong>-&#8220;Avec Marine Le Pen, sur la forme, ils ont incontestablement domin\u00e9 le d\u00e9bat&#8221; (Vanessa Schneider du &#8220;Monde&#8221;; vid\u00e9os des principaux moments de la confrontation) : <\/strong>  http:\/\/www.lemonde.fr\/election-presidentielle-2017\/article\/2017\/03\/21\/debat-d-avant-premier-tour-les-orateurs-dominent-sur-la-forme-les-autres-jouent-la-securite_5097878_4854003.html<\/p>\n<p>-&#8220;Vous \u00eates drogu\u00e9e aux faits divers&#8221; (Beno\u00eet Hamon \u00e0 Marine Le Pen&#8221; (vid\u00e9o) : http:\/\/www.lci.fr\/elections\/video-grand-debat-tf1-clash-benoit-hamon-marine-le-pen-vous-etes-droguee-aux-faits-divers-lance-le-candidat-socialiste-2029725.html<\/p>\n<p>-Emmanuel Macron et Marine Le Pen s&#8217;\u00e9charpent sur le Burkini (vid\u00e9o) : http:\/\/www.lci.fr\/elections\/video-grand-debat-tf1-marine-le-pen-et-emmanuel-macron-s-echarpent-sur-le-burkini-2029726.html<\/p>\n<p>-&#8220;Les r\u00e9fugi\u00e9s fuient majoritairement la pauvret\u00e9&#8221; (Fran\u00e7ois Fillon; vid\u00e9o) : http:\/\/www.lci.fr\/elections\/video-debat-tf1-les-refugies-fuient-majoritairement-la-pauvrete-selon-francois-fillon-vraiment-2029728.html<\/p>\n<p><strong>-Richard Werly, correspondant \u00e0 Paris du quotidien suisse &#8220;Le Temps&#8221;, juge la prestation de chaque candidat (vid\u00e9os) : <\/strong> https:\/\/www.letemps.ch\/monde\/2017\/03\/21\/premier-debat-televise-premieres-fissures-presidentielles?utm_source<\/p>\n<p>-&#8220;A chacun son quart d&#8217;heure de gloire&#8221; (Geoffroy Clavel; vid\u00e9os) : http:\/\/www.huffingtonpost.fr\/2017\/03\/20\/le-grand-debat-de-la-presidentielle-a-chacun-son-quart-dheur_a_21903756\/?utm_hp_ref<\/p>\n<p>-&#8220;En r\u00e9alit\u00e9, on vote pour des sous-fifres. Depuis le d\u00e9but de cette campagne, il y a &#8220;le in&#8221; et  &#8220;le off&#8221; (Nathalie Arthaud, candidate de LO; son) : http:\/\/www.rtl.fr\/actu\/societe-faits-divers\/nathalie-arthaud-a-l-election-presidentielle-on-vote-pour-des-sous-fifres-7787743105<\/p>\n<p>-&#8220;Un ouvrier vit sept ann\u00e9es de moins qu&#8217;un cadre&#8221; (Yannick Jadot, eurod\u00e9put\u00e9 \u00e9cologiste, face \u00e0 Guillaume Durand; vid\u00e9o) :  https:\/\/www.dailymotion.com\/video\/x5fbtvb_un-ouvrier-vit-7-annees-de-moins-qu-un-cadre-yannick-jadot-20-03-2017_news<\/p>\n<p>-&#8220;Je suis rassur\u00e9e de voir la gauche et l&#8217;\u00e9cologie tr\u00e8s vivantes&#8221; (C\u00e9cile Duflot, d\u00e9put\u00e9e \u00e9cologiste de Paris, ancienne ministre du Logement, face \u00e0 Caroline Roux; vid\u00e9o) : http:\/\/www.francetvinfo.fr\/politique\/eelv\/4-verites-presidentielle-duflot-rassuree-de-voir-la-gauche-et-l-ecologie-tres-vivantes_2106262.html<\/p>\n<p><strong>-Christiane Taubira, ancienne Garde des Sceaux, trouve &#8220;\u00e9trange&#8221; la position de Manuel Valls vis \u00e0 vis de Beno\u00eet Hamon. Elle \u00e9tait l&#8217;invit\u00e9e de la matinale de Franceinfo (vid\u00e9o) :<\/strong> http:\/\/www.dailymotion.com\/video\/x5fc0ag_presidentielle-christiane-taubira-juge-etrange-la-position-de-manuel-valls-vis-a-vis-de-benoit-hamon_news<\/p>\n<p>-&#8220;Beno\u00eet Hamon b\u00e9n\u00e9ficie d&#8217;une relance de sa campagne. Avec M\u00e9lenchon, chacun a r\u00e9ussi son initiative. M\u00e9lenchon s&#8217;est enferm\u00e9 dans son sectarisme. Il y a un combat frontal \u00e0 mener contre la droite et l&#8217;extr\u00eame droite. Quand on est candidat, on a des devoirs vis \u00e0 vis de ceux qui n&#8217;ont pas vot\u00e9 pour vous. Je suis contre le pacte de non-agression avec Jean-Luc M\u00e9lenchon. Il faut interpeller ses \u00e9lecteurs. L&#8217;adversaire principal n&#8217;est pas Emmanuel Macron, la gauche doit l&#8217;aider \u00e0 se r\u00e9int\u00e9grer dans une majorit\u00e9. Il ne faut pas oublier les quartiers populaires. Fran\u00e7ois Hollande est inquiet comme nous tous&#8221; (Julien Dray, invit\u00e9 d&#8217;Elizabeth Martichoux; vid\u00e9o) : http:\/\/www.rtl.fr\/actu\/politique\/julien-dray-sur-rtl-jean-luc-melenchon-s-est-enferme-dans-son-sectarisme-7787738467 <\/p>\n<p>-&#8220;Il se passe derri\u00e8re Beno\u00eet Hamon \u00e0 Bercy ce qui s&#8217;\u00e9tait pass\u00e9 au Bourget. Il est le seul \u00e0 ne pas proposer de r\u00e9duction du nombre des fonctionnaires. Emmanuel Macron est le candidat de la finance&#8221;  (Luc Carvounas, s\u00e9nateur PS du Val-de-Marne, face \u00e0 Jean-Pierre Elkabbach; vid\u00e9o) : http:\/\/www.cnews.fr\/chroniques\/linvite-de-jean-pierre-elkabbach\/luc-carvounas-et-brice-hortefeux-invites-de-jean-pierre-elkabbach-173774<\/p>\n<p>-&#8220;Les Fran\u00e7ais vont d\u00e9couvrir Beno\u00eet Hamon. Emmanuel Macron, c&#8217;est un rapt d\u00e9mocratique&#8221;  (Vincent Peillon, conseiller du candidat socialiste,  interrog\u00e9 par Fran\u00e7ois-Xavier M\u00e9nage; vid\u00e9o) :  http:\/\/www.lci.fr\/replay\/replay-l-invite-politique-du-20-mars-2017-vincent-peillon-2029634.html<\/p>\n<p>-&#8220;Il y a une progression de la s\u00fbret\u00e9 de choix pour Emmanuel Macron. Le d\u00e9bat est important mais pas d\u00e9cisif. L&#8217;exercice est tr\u00e8s cadr\u00e9. Les deux grands appareils ne supportent pas que les r\u00e8gles du jeu ont chang\u00e9. M. Peillon pourra retourner donner des cours de philosophie \u00e0 Neufchatel, ce sera mieux pour tout le monde&#8221; (Benjamin Griveaux, porte-parole d&#8217;Emmanuel Macron, invit\u00e9 de la matinale de LCI; vid\u00e9o) : http:\/\/www.lci.fr\/replay\/replay-l-invite-de-8h45-de-lci-matin-du-20-mars-2017-benjamin-griveaux-porte-parole-d-emmanuel-macron-2029637.html<\/p>\n<p>-Le programme \u00e9cologique d&#8217;Emmanuel Macron (son du 20 mars) : https:\/\/www.radioclassique.fr\/radio\/emissions\/matinale-de-radio-classique\/3-minutes-planete\/<\/p>\n<p>-&#8220;Le duel semble install\u00e9 mais il ne pr\u00e9dit pas le r\u00e9sultat final&#8221; (Guillaume Tabard du &#8220;Figaro&#8221;; son du 20 mars) : https:\/\/www.radioclassique.fr\/radio\/emissions\/matinale-de-radio-classique\/22630-2\/<\/p>\n<p>-&#8220;Emmanuel Macron, c&#8217;est la France qui va vers son avenir. Je ne lance pas d&#8217;appels aux g\u00e9n\u00e9raux qui ont perdu toutes les batailles de ces 20 derni\u00e8res ann\u00e9es. Les partis politiques, c&#8217;est fini. Il propose une tr\u00e8s forte baisse des pr\u00e9l\u00e8vements qui p\u00e8sent sur les entreprises&#8221; (Renaud Dutreil, ancien ministre de Jacque Chirac; invit\u00e9 de &#8220;Territoires d&#8217;Infos&#8221;; vid\u00e9o) : https:\/\/www.dailymotion.com\/video\/x5fbzgo_invite-renaud-dutreil-territoires-d-infos-le-best-of-20-03-2017_tv<\/p>\n<p><em>-Les traits d&#8217;image associ\u00e9s \u00e0 Emmanuel Macron (IFOP) :<\/em> http:\/\/www.ifop.com\/?option=com_publication&#038;type=poll&#038;id=3695<\/p>\n<p>-&#8220;Nous avons besoin d&#8217;un rendez-vous de la jeunesse avec son pays&#8221; (le g\u00e9n\u00e9ral Soubelet, soutient d&#8217;Emmanuel Macron; son) : http:\/\/rmc.bfmtv.com\/mediaplayer\/video\/service-national-nous-avons-besoin-d-un-rendez-vous-de-la-jeunesse-avec-son-pays-925679.html<\/p>\n<p>-&#8220;Un service obligatoire civil ou militaire d&#8217;un mois est une absurdit\u00e9 totale&#8221; (Luc Ferry; vid\u00e9o) : https:\/\/www.dailymotion.com\/video\/x5fbugk_un-service-obligatoire-civique-ou-militaire-d-un-mois-est-une-absurdite-totale-luc-ferry-20-03-2017_news<\/p>\n<p>-&#8220;Je me bats pour que le FN ne gagne pas l&#8217;\u00e9lection pr\u00e9sidentielle. Le d\u00e9bat t\u00e9l\u00e9vis\u00e9 est attendu par les Fran\u00e7ais. Le principal adversaire de Fran\u00e7ois Fillon, c&#8217;est la confusion qui l&#8217;emp\u00eache de faire entendre son message. On a le droit de recevoir des cadeaux&#8221; (NKM, d\u00e9put\u00e9e LR de l&#8217;Essonne, face \u00e0 Jean-Jacques Bourdin; vid\u00e9o) : http:\/\/www.bfmtv.com\/mediaplayer\/video\/nathalie-kosciusko-morizet-face-a-jean-jacques-bourdin-en-direct-925681.html<\/p>\n<p>-&#8220;Les langues souvent r\u00e9pandent du venin&#8221; (dans Tartuffe). Il (Beno\u00eet Hamon) a r\u00e9pandu du venin, je ne suis pas s\u00fbr que cela change les choses. Un d\u00e9bat permet de r\u00e9fl\u00e9chir et parfois d&#8217;infl\u00e9chir. Il faut r\u00e9ussir \u00e0 imposer le d\u00e9bat. Fran\u00e7ois Fillon est le candidat id\u00e9al pour r\u00e9ussir l&#8217;alternance. Il faut qu&#8217;il rassemble tous les symboles de la droite et du centre. C&#8217;est largement engag\u00e9. Lui m\u00eame s&#8217;est interrog\u00e9. Il a d\u00e9cid\u00e9 de pers\u00e9v\u00e9rer. Notre devoir est de l&#8217;accompagner&#8221; (Brice Hortefeux, eurod\u00e9put\u00e9 LR, face \u00e0 Jean-Pierre Elkabbach; vid\u00e9o, amener le curseur sur 12:26) : http:\/\/www.cnews.fr\/chroniques\/linvite-de-jean-pierre-elkabbach\/luc-carvounas-et-brice-hortefeux-invites-de-jean-pierre-elkabbach-173774<\/p>\n<p>-&#8220;Les d\u00e9bats, la derni\u00e8re chance Fillon mais, cette fois, il s&#8217;adresse \u00e0 tous les Fran\u00e7ais&#8221; (Yves Thr\u00e9ard du &#8220;Figaro&#8221;; vid\u00e9o) : http:\/\/www.dailymotion.com\/video\/x5fb2oi_les-debats-la-derniere-chance-fillon_news<\/p>\n<p>-&#8220;La Fran\u00e7afrique plombe Fran\u00e7ois Fillon&#8221; (Richard Werly) : https:\/\/www.letemps.ch\/monde\/2017\/03\/17\/francafrique-plombe-francois-fillon?utm_source<\/p>\n<p>-&#8220;Fillon le balafr\u00e9, c&#8217;est plus chic que Fillon l&#8217;\u00e9ventreur&#8221; (Nicolas Domenach; vid\u00e9o) :  http:\/\/www.rtl.fr\/actu\/politique\/presidentielle-2017-nicolas-domenach-fillon-le-balafre-c-est-plus-chic-que-fillon-l-eventreur-7787738747<\/p>\n<p>-On ne versera &#8220;plus d&#8217;allocation sans contrepartie ! Une voie interm\u00e9diaire existe sans passer par le FN&#8221; (Nicolas Dupont-Aignan, candidat de la matinale d&#8217;Europe1; interrog\u00e9 par Thomas Sotto et Fabien Namias; vid\u00e9os) :<br \/>\nhttp:\/\/www.dailymotion.com\/video\/x5fbjsh_nicolas-dupont-aignan-plus-d-allocation-sans-contrepartie_news                                                                              http:\/\/www.dailymotion.com\/video\/x5fbne4_nicolas-dupont-aignan-une-voie-intermediaire-de-rupture-existe-sans-passer-par-le-front-national_news<\/p>\n<p>-&#8220;Emmanuel Macron a pratiquement ralli\u00e9 tout le syst\u00e8me de Robert Hue \u00e0 Alain Madelin. Ce n&#8217;est pas avec des plateaux des ann\u00e9es 1980 qu&#8217;on va recr\u00e9er l&#8217;esp\u00e9rance. Que Mme Taubira renie ses id\u00e9es ind\u00e9pendantistes avant de donner des le\u00e7ons sur la R\u00e9publique. Je pense qu&#8217;il va y avoir une majorit\u00e9 pour le changement alors que M. Fillon et M.Macron incarnent une continuit\u00e9 de la politique actuelle aggrav\u00e9e&#8221; (Florian Philippot, vice-pr\u00e9sident du FN; face \u00e0 Brigitte Boucher; vid\u00e9o, amener le curseur sur 31:35) :  http:\/\/www.lcp.fr\/emissions\/politique-matin\/282413-politique-matin<\/p>\n<p>-&#8220;L&#8217;\u00e9ducation, th\u00e8me \u00e9tendard de la campagne pr\u00e9sidentielle&#8221; (Thomas Legrand; son) : https:\/\/www.franceinter.fr\/emissions\/l-edito-politique\/l-edito-politique-20-mars-2017<\/p>\n<p><strong>-&#8220;Train de campagne&#8221; \u00e0 Aimargues dans le Gard (vid\u00e9o) :<\/strong> http:\/\/www.francetvinfo.fr\/elections\/presidentielle-2017-train-de-campagne-fait-escale-a-aimargues_2106320.html<\/p>\n<p><strong>-&#8220;Une impressionnante intention d&#8217;abstention et un taux d&#8217;ind\u00e9cision \u00e9lev\u00e9&#8221; (Martial Foucault, directeur du Cevipof; interrog\u00e9 par St\u00e9phane Carpentier; son) : <\/strong> http:\/\/www.rtl.fr\/actu\/politique\/presidentielle-2017-vers-un-taux-d-abstention-considerable-7787737530<\/p>\n<p>-&#8220;Sera-t-elle le premier parti de France ?&#8221; (Antoine Bueno, auteur de&#8221;No vote&#8221; et Dominique Reyni\u00e9, directeur de la Fondation pour l&#8217;innovation politique; vid\u00e9o) : http:\/\/www.rtl.fr\/actu\/politique\/presidentielle-2017-l-abstention-sera-t-elle-le-premier-parti-de-france-7787738531<\/p>\n<p><em>-Les indices de popularit\u00e9 (IFOP) <\/em> : http:\/\/www.ifop.com\/?option=com_publication&#038;type=poll&#038;id=3697<\/p>\n<p><em>-Les Fran\u00e7ais et la s\u00e9curit\u00e9 (ODOXA) : <\/em> http:\/\/www.odoxa.fr\/sondage\/securite-thematique-incontournable-de-campagne-presidentielle-francais\/<\/p>\n<p><em>-Leur perception de la campagne \u00e9lectorale (HARRIS) <\/em> : http:\/\/harris-interactive.fr\/opinion_polls\/les-francais-et-leur-perception-de-la-campagne-presidentielle\/<\/p>\n<p><em>-La cr\u00e9dibilit\u00e9 des candidats \u00e0 agir sur les priorit\u00e9s des Fran\u00e7ais (IFOP) :<\/em> http:\/\/www.ifop.com\/?option=com_publication&#038;type=poll&#038;id=3696<\/p>\n<p><em>-Les intentions de vote par r\u00e9gion (IPSOS) :<\/em> http:\/\/www.francetvinfo.fr\/politique\/emmanuel-macron\/carte-presidentielle-decouvrez-qui-arrive-en-tete-des-intentions-de-vote-dans-votre-region-a-un-mois-du-scrutin_2106088.html<\/p>\n<p><em>-Les intentions de vote (KANTAR-SOFRES) : <\/em> http:\/\/fr.kantar.com\/elections\/presidentielle\/2017\/intentions-de-vote-installation-du-duel-macron-le-pen\/<\/p>\n<p><em>-Les intentions de vote au 20 mars (IFOP) : <\/em> http:\/\/dataviz.ifop.com:8080\/HNS\/HNSAdmin\/start.appli?appid=60930&#038;logonUser=USERWEB&#038;logonPswcd=ZnJhbmNvaXNF<\/p>\n<p>-Le m\u00eame (OPINION-WAY) : http:\/\/opinionlab.opinion-way.com\/opinionlab\/832\/627\/presitrack.html#m6<\/p>\n<p><strong>EUROPE-MONDE<\/strong><\/p>\n<p><strong>-&#8220;La clause Moli\u00e8re est ill\u00e9gale&#8221; (Marianne Thyssen, commissaire europ\u00e9enne \u00e0 l&#8217;emploi) : <\/strong> http:\/\/www.euractiv.fr\/section\/economie\/news\/marianne-thyssen-juge-la-clause-moliere-illegale\/<\/p>\n<p>-&#8220;Les aides \u00e0 la construction de navires refont surface en Europe&#8221; (St\u00e9phanie Senet) : http:\/\/www.euractiv.fr\/section\/developpement-durable\/news\/les-aides-a-la-construction-de-navires-refont-surface-en-europe\/<\/p>\n<p><strong>-L&#8217;Union europ\u00e9enne lance un outil pour d\u00e9noncer les cartels (Gr\u00e9goire Normand) <\/strong> : http:\/\/www.latribune.fr\/economie\/union-europeenne\/l-europe-lance-un-outil-pour-denoncer-les-cartels-664379.html<\/p>\n<p>-Londres enclenchera la proc\u00e9dure du Brexit le 29 mars :  http:\/\/www.francetvinfo.fr\/monde\/europe\/la-grande-bretagne-et-l-ue\/londres-activera-l-article-50-du-traite-de-lisbonne-le-29-mars-enclenchant-ainsi-la-procedure-du-brexit_2106230.html<\/p>\n<p>-&#8220;En Allemagne, Martin des bois contre Angela Merkel&#8221; (Bernard Guetta; son) : https:\/\/www.franceinter.fr\/emissions\/geopolitique\/geopolitique-20-mars-2017<\/p>\n<p><strong>-La rencontre Merkel-Trump butte sur la question migratoire (Jorge Valero) :<\/strong> http:\/\/www.euractiv.fr\/section\/l-europe-dans-le-monde\/news\/merkel-and-trump-clash-over-refugees-in-first-meeting\/<\/p>\n<p>-&#8220;Emmanuel Macron fait la cour \u00e0 Berlin&#8221; (Ama Lorenz) : http:\/\/www.euractiv.fr\/section\/elections\/news\/macron-wants-to-forge-new-french-german-partnership\/<\/p>\n<p>-&#8220;Le chaos d&#8217;un Frexit jug\u00e9 pire que la chute de Lehman Brothers&#8221; (Aline Robert) : http:\/\/www.euractiv.fr\/section\/economie\/news\/le-chaos-dun-frexit-juge-pire-que-la-chute-de-lehman-brothers\/<\/p>\n<p>-La reconduction de Donald Tusk \u00e0 la pr\u00e9sidence du Conseil europ\u00e9en ne plait pas \u00e0 la Pologne, son pays (Piotr Mosynski; son) : https:\/\/www.franceinter.fr\/emissions\/meridien-d-europe\/meridien-d-europe-20-mars-2017<\/p>\n<p>-Chili, Liban et Gr\u00e8ce, &#8220;Les histoires du monde&#8221; (Anthony Bellanger; son) : https:\/\/www.franceinter.fr\/emissions\/les-histoires-du-monde\/les-histoires-du-monde-20-mars-2017<\/p>\n<p><strong>-Inondations meurtri\u00e8res au P\u00e9rou (vid\u00e9o) : <\/strong> http:\/\/www.francetvinfo.fr\/meteo\/inondations\/inondations-meurtrieres-au-perou-la-moitie-du-pays-declare-en-etat-d-urgence_2106332.html<\/p>\n<p>-Le Premier ministre japonais veut un accord commercial rapide avec l&#8217;Union europ\u00e9enne : http:\/\/www.euractiv.fr\/section\/commerce-industrie\/news\/shinzo-abe-veut-un-accord-commercial-rapide-avec-lue\/<\/p>\n<p><strong>CULTURE-MEDIA<\/strong><\/p>\n<p><strong>-&#8220;M\u00e9rite-t-on une telle campagne \u00e9lectorale ?&#8221; (l&#8217;historien Pierre Rosanvallon, professeur au coll\u00e8ge de France, invit\u00e9 de Guillaume Erner (sons et vid\u00e9o) :   <\/strong> https:\/\/www.franceculture.fr\/emissions\/linvite-des-matins\/presidentielle-merite-t-une-telle-campagne#xtor                                                                                        https:\/\/www.franceculture.fr\/emissions\/linvite-des-matins-2eme-partie\/presidentielle-merite-t-une-telle-campagne-2eme-partie<\/p>\n<p>-&#8220;Nous avons \u00e9rig\u00e9 la recherche comme priorit\u00e9 pour l&#8217;Ecole polytechnique&#8221; (son pr\u00e9sident Jacques Biot, invit\u00e9 de Baptiste Gaborit; vid\u00e9o) : https:\/\/www.dailymotion.com\/video\/x5fbt83_nous-avons-erige-la-recherche-en-priorite-pour-l-ecole-polytechnique-jacques-biot-20-03-2017_news<\/p>\n<p>-&#8220;Populisme, maladie ou rem\u00e8de ?&#8221;, en d\u00e9bat dans &#8220;\u00c7a vous regarde&#8221;, anim\u00e9 par Arnaud Ardoin (vid\u00e9o) : http:\/\/www.lcp.fr\/emissions\/ca-vous-regarde\/282226-ca-vous-regarde<\/p>\n<p><strong>-Trisha Brown, la grande chor\u00e9graphe am\u00e9ricaine, est d\u00e9c\u00e9d\u00e9e (vid\u00e9os) :   <\/strong>  http:\/\/culturebox.francetvinfo.fr\/danse\/danse-contemporaine\/trisha-brown-la-grande-choregraphe-americaine-est-decedee-253925<\/p>\n<p><strong>-&#8220;Valser&#8221; \u00e0 la Maison de la danse de Lyon (vid\u00e9o) : <\/strong> http:\/\/culturebox.francetvinfo.fr\/danse\/danses-du-monde\/valser-a-la-maison-de-la-danse-de-lyon-252547<\/p>\n<p>-&#8220;J&#8217;ai une grande sensibilit\u00e9 \u00e0 l&#8217;injustice&#8221; (l&#8217;\u00e9crivain Tanguy Viel, auteur du roman &#8220;Article 333 du Code p\u00e9nal&#8221;, laur\u00e9at du Gand prix RTL-Lire 2017; vid\u00e9o) : http:\/\/www.rtl.fr\/culture\/arts-spectacles\/tanguy-viel-grand-prix-rtl-lire-2017-j-ai-une-grande-sensibilite-a-l-injustice-7787738157<\/p>\n<p><strong>-Le dictionnaire intime de la langue fran\u00e7aise de Le\u00efla Slimani, prix Goncourt 2016 (sons et vid\u00e9o) :<\/strong> https:\/\/www.franceculture.fr\/litterature\/journee-de-la-langue-francaise-en-compagnie-de-leila-slimani#xtor<\/p>\n<p>-&#8220;Lire le pataphysicien Michel Ohl&#8221; (Hubert Prolongeau) : http:\/\/www.telerama.fr\/livre\/trois-raisons-de-relire-le-pataphysicien-michel-ohl,155501.php#xtor<\/p>\n<p><strong>-L&#8217;architecte Renzo Piano \u00e9tait l&#8217;invit\u00e9 d&#8217;Augustin Trapenard (son) : <\/strong> https:\/\/www.franceinter.fr\/emissions\/boomerang\/boomerang-20-mars-2017<\/p>\n<p>-Au Th\u00e9\u00e2tre &#8220;Les Feux de la Rampe&#8221; \u00e0 Paris, jusqu&#8217;au 19 mai, Pierre Santini et Eric Laugerias dans &#8220;La Passation&#8221;, mise en sc\u00e8ne d&#8217;Alain Sachs  (vid\u00e9o, amener le curseur sur 32:50) : http:\/\/www.lcp.fr\/emissions\/entre-les-lignes\/280042-entre-les-lignes<\/p>\n<p><strong>-&#8220;La sexualit\u00e9, une arme pour d\u00e9stabiliser un opposant politique&#8221; (un documentaire de Vanina Kanban, suivi d&#8217;un d\u00e9bat anim\u00e9 par Emilie Aubry; vid\u00e9o) :       <\/strong>                                      http:\/\/www.lcp.fr\/emissions\/grand-ecran\/278906-sexe-business-et-politique-larme-secrete <\/p>\n<p>-&#8220;Sage femme&#8221; de Martin Provost rassemble pour la premi\u00e8re fois Catherine Deneuve et Catherine Frot. Elles \u00e9taient les invit\u00e9es du JT de France 2 (vid\u00e9o) : http:\/\/culturebox.francetvinfo.fr\/cinema\/sorties\/interview-deneuve-et-frot-reunies-dans-sage-femme-leur-premier-duo-a-l-ecran-253907<\/p>\n<p>-Le cin\u00e9ma municipal de Luc-en-Provence, commune du Var dirig\u00e9e par le FN, d\u00e9programme &#8220;Chez nous&#8221;, le film de Lucas Belvaux : http:\/\/culturebox.francetvinfo.fr\/cinema\/evenements\/une-mairie-fn-du-var-deprogramme-le-film-chez-nous-initialement-prevu-en-salle-253899<\/p>\n<p>-Jusqu&#8217;au 4 juin, les poup\u00e9es de Michel Nedjar envo\u00fbtent &#8220;Le LaM&#8221;, mus\u00e9e d&#8217;Art moderne de Lille (Marion Gadea; vid\u00e9o) : http:\/\/culturebox.francetvinfo.fr\/arts\/expos\/les-poupees-de-michel-nedjar-envoutent-le-musee-d-art-moderne-de-lille-253791<\/p>\n<p><strong>-Hommage \u00e0 Chuck Berry (Rebecca Manzoni; vid\u00e9o) : <\/strong> https:\/\/www.franceinter.fr\/emissions\/pop-co\/pop-co-20-mars-2017<\/p>\n<p><strong>-Le Bagad de Vannes bient\u00f4t reconnu d&#8217;utilit\u00e9 publique ? (St\u00e9phanie Loeb; vid\u00e9os) : <\/strong> http:\/\/culturebox.francetvinfo.fr\/musique\/musiques-du-monde\/le-bagad-de-vannes-bientot-reconnu-d-utilite-publique-253887<\/p>\n<p><strong>-Pascal Arbez-Nicolas (alias Vitalic), producteur de musique techno (entretien r\u00e9alis\u00e9 par Erwan Perron; sons) :<\/strong> http:\/\/www.telerama.fr\/musique\/vitalic-produire-de-la-techno-a-40-ans-c-est-une-question-qui-m-obsede,155408.php#xtor<\/p>\n<p>-Fred Radix, le siffleur (vid\u00e9o) : http:\/\/www.francetvinfo.fr\/economie\/emploi\/metiers\/art-culture-edition\/culture-a-la-decouverte-de-fred-radix-le-siffleur_2106442.html<\/p>\n<p><strong>-Venus des quatre coins du monde, ils sont devenus &#8220;Artistes de France&#8221; (un documentaire de Lucien Jean-Baptiste r\u00e9alis\u00e9 \u00e0 l&#8217;occasion de la semaine de la francophonie (vid\u00e9os) : <\/strong> http:\/\/culturebox.francetvinfo.fr\/scenes\/evenements\/semaine-de-la-francophonie-dutronc-raconte-django-sur-france-televisions-253913<\/p>\n<p>-Glasgow vu par Raymond Depardon et d&#8217;autres photographes (Gilles Heur\u00e9) : http:\/\/www.telerama.fr\/livre\/l-eternelle-glasgow-de-raymond-depardon-et-des-autres,155505.php#xtor<\/p>\n<p><strong>-Les habitants des quartiers nord racontent Marseille en photos de A \u00e0 Z (Marion Gadea; vid\u00e9o) <\/strong> : http:\/\/culturebox.francetvinfo.fr\/arts\/photo\/les-habitants-des-quartiers-nord-racontent-marseille-en-photos-de-a-a-z-253803<\/p>\n<p><strong>-Leur ab\u00e9c\u00e9daire participatif :<\/strong> http:\/\/www.lenordfaitlemur.com\/<\/p>\n<p><strong>-Invit\u00e9 du Festival &#8220;Banlieue bleue&#8221; en Seine-Saint-Denis, Napoleon Maddox, venu de Cincinnati,  arrive \u00e0 La Courneuve (vid\u00e9o) : <\/strong> http:\/\/www.francetvinfo.fr\/culture\/festival\/seine-saint-denis-une-histoire-americaine-au-festival-banlieues-bleues_2106258.html<\/p>\n<p><strong>-Avant le premier d\u00e9bat t\u00e9l\u00e9vis\u00e9, Patrick Appel-Muller de &#8220;l&#8217;Humanit\u00e9&#8221; et Pascal Bonnefille de la r\u00e9daction de &#8220;l&#8217;H\u00e9micycle&#8221; (vid\u00e9o, amener le curseur sur 44:44) : <\/strong> http:\/\/www.lcp.fr\/emissions\/politique-matin\/282413-politique-matin<\/p>\n<p>-Les d\u00e9bats t\u00e9l\u00e9vis\u00e9s de la pr\u00e9sidentielle, un march\u00e9 juteux (Michel Bezbach) : http:\/\/television.telerama.fr\/television\/presidentielle-premiers-debats-mode-d-emploi,155507.php#xtor<\/p>\n<p>-&#8220;Sur Arte, l&#8217;histoire s&#8217;\u00e9crit en minuscule&#8221; (H\u00e9l\u00e8ne Rochette) : http:\/\/television.telerama.fr\/television\/sur-arte-l-histoire-s-ecrit-en-minuscule,155258.php<\/p>\n<p><strong>-&#8220;Andr\u00e9e Kuentzmann, en attendant la lib\u00e9ration&#8221; et &#8220;Bill Manbo, dans un camp pour Japonais&#8221;  (visibles ici pendant 4 jours; vid\u00e9os) : <\/strong><br \/>\nhttp:\/\/www.arte.tv\/guide\/fr\/064502-003-A\/instantane-d-histoire                         http:\/\/www.arte.tv\/guide\/fr\/064502-009-A\/instantane-d-histoire <\/p>\n<p><strong>-&#8220;Autant en emporte l&#8217;histoire&#8221; de St\u00e9phanie Duncan, l&#8217;\u00e9mission de France Inter consacr\u00e9e ici \u00e0 Robert Capa et Gerda Taro, photographes sur tous les fronts (Ir\u00e8ne Verlaque; son) :<\/strong> http:\/\/www.telerama.fr\/radio\/robert-capa-et-gerda-taro-sur-tous-les-fronts,154329.php<\/p>\n<p>-Sur France Culture, dans &#8220;Une vie, une oeuvre&#8221; d&#8217;Ir\u00e8ne Om\u00e9lianenko, Madeleine Castaing, &#8220;grande pr\u00eatresse des Arts d\u00e9coratifs&#8221; (son) :   https:\/\/www.franceculture.fr\/emissions\/une-vie-une-oeuvre\/madeleine-castaing-1894-1992-une-liesse-bordee-dacier<\/p>\n<p><strong>-Sur Radio Nova, &#8220;A la D\u00e9rive&#8221; d&#8217;Aur\u00e9lie Sfez avec le peintre  s\u00e9tois Robert Combas rencontr\u00e9 \u00e0 Paris (son) :<\/strong> http:\/\/www.novaplanet.com\/radionova\/podcast-a-la-derive<\/p>\n<p>-Vincent Provini, un des programmateurs de FIP, est d\u00e9c\u00e9d\u00e9 \u00e0 l&#8217;\u00e2ge de 46 ans. Rapha\u00eblle Lannad\u00e8re (la chanteuse L) lui rend hommage : http:\/\/www.telerama.fr\/radio\/la-chanteuse-l-se-souvient-de-vincent-provini,155511.php<\/p>\n<p><strong>-Sur France Bleue, chaque dimanche \u00e0 19 heures, Jacques Vendroux, le directeur des sports de Radio France, interroge les candidats \u00e0 l&#8217;\u00e9lection pr\u00e9sidentielle (\u00e0 \u00e9couter ici Beno\u00eet Hamon, Emmanuel Macron, Fran\u00e7ois Fillon et Nicolas Dupont-Aignan. A venir le dimanche 4 avril, Jean-Luc M\u00e9lenchon; sons : <\/strong><br \/>\nhttps:\/\/www.francebleu.fr\/emissions\/stade-bleu-l-invite-de-jacques-vendroux-0es pendant 30 minutes<\/p>\n<p><strong>-Le dimanche 2 f\u00e9vrier, c&#8217;\u00e9tait le tour de Philippe Martinez, le secr\u00e9taire de la CGT (son) :<\/strong> https:\/\/www.francebleu.fr\/emissions\/stade-bleu-l-invite-de-jacques-vendroux\/stade-bleu-philippe-martinez-invite-de-jacques-vendroux<\/p>\n<p>-Christophe Dechavanne, qui pr\u00e9sente &#8220;The Wall&#8221; sur TF1, \u00e9tait l&#8217;invit\u00e9 de Sonia Devillers avant l&#8217;\u00e9mission qu&#8217;il se consacre sur C8 (vid\u00e9o, amener le curseur sur 2:41) : http:\/\/www.dailymotion.com\/video\/x5fc0j7_christophe-dechavanne-au-pied-du-mur_news<\/p>\n<p>-&#8220;Eurovision, Moscou veut prendre sa revanche sur Kiev&#8221; (Emmanuel Grynszpan) :  https:\/\/www.letemps.ch\/monde\/2017\/03\/17\/eurovision-moscou-veut-prendre-revanche-kiev?utm_source<\/p>\n<p>-&#8220;La gare de Perpignan, centre cosmique de l&#8217;univers&#8221; (Salvador Dali, cit\u00e9 par Patrick Cohen) :  https:\/\/www.franceinter.fr\/emissions\/le-7h43\/le-7h43-20-mars-2017<\/p>\n<p><strong>-&#8220;La marche de &#8220;La France insoumise&#8221; vue par Kate et William&#8221; (Charline Vanhoenacker; vid\u00e9o) <\/strong> : http:\/\/www.dailymotion.com\/video\/x5fbg22_la-marche-de-la-france-insoumise-pour-la-vie-republique-vue-par-kate-et-william-le-billet-de-charlin_fun<\/p>\n<p><strong>-&#8220;Anti-syst\u00e8me&#8221; (Sophia Aram; son) : <\/strong> https:\/\/www.franceinter.fr\/emissions\/le-billet-de-sophia-aram\/le-billet-de-sophia-aram-20-mars-2017<\/p>\n","protected":false},"excerpt":{"rendered":"<p>ACTUALITE -&#8220;Les fili\u00e8res professionnelles sont-elles toujours des voies de garage ?&#8221; (un reportage de Sonia Bourhan au lyc\u00e9e polyvalent Jean Lur\u00e7at de Perpignan; son) : https:\/\/www.franceinter.fr\/emissions\/le-zoom-de-la-redaction\/le-zoom-de-la-redaction-20-mars-2017 -&#8220;Pour mes parents, le bac pro \u00e9tait un sous bac&#8221; (Jasmine, en fili\u00e8re professionnelle au lyc\u00e9e Jean Lur\u00e7at qui accueillait la matinale de France Inter; sons) : https:\/\/www.franceinter.fr\/emissions\/l-invite-de-8h20\/l-invite-de-8h20-20-mars-2017 https:\/\/www.franceinter.fr\/emissions\/interactiv\/interactiv-20-mars-2017 [&hellip;]<\/p>\n","protected":false},"author":1042,"featured_media":0,"comment_status":"open","ping_status":"open","sticky":false,"template":"","format":"standard","meta":{"_themeisle_gutenberg_block_has_review":false,"footnotes":""},"categories":[151],"tags":[],"class_list":["post-10276","post","type-post","status-publish","format-standard","hentry","category-la-revue-de-presse-de-lulu"],"_links":{"self":[{"href":"https:\/\/archives.regards.fr\/index.php?rest_route=\/wp\/v2\/posts\/10276","targetHints":{"allow":["GET"]}}],"collection":[{"href":"https:\/\/archives.regards.fr\/index.php?rest_route=\/wp\/v2\/posts"}],"about":[{"href":"https:\/\/archives.regards.fr\/index.php?rest_route=\/wp\/v2\/types\/post"}],"author":[{"embeddable":true,"href":"https:\/\/archives.regards.fr\/index.php?rest_route=\/wp\/v2\/users\/1042"}],"replies":[{"embeddable":true,"href":"https:\/\/archives.regards.fr\/index.php?rest_route=%2Fwp%2Fv2%2Fcomments&post=10276"}],"version-history":[{"count":0,"href":"https:\/\/archives.regards.fr\/index.php?rest_route=\/wp\/v2\/posts\/10276\/revisions"}],"wp:attachment":[{"href":"https:\/\/archives.regards.fr\/index.php?rest_route=%2Fwp%2Fv2%2Fmedia&parent=10276"}],"wp:term":[{"taxonomy":"category","embeddable":true,"href":"https:\/\/archives.regards.fr\/index.php?rest_route=%2Fwp%2Fv2%2Fcategories&post=10276"},{"taxonomy":"post_tag","embeddable":true,"href":"https:\/\/archives.regards.fr\/index.php?rest_route=%2Fwp%2Fv2%2Ftags&post=10276"}],"curies":[{"name":"wp","href":"https:\/\/api.w.org\/{rel}","templated":true}]}}