{"id":10273,"date":"2017-03-20T07:11:15","date_gmt":"2017-03-20T06:11:15","guid":{"rendered":"https:\/\/wp.muchomaas.com\/article-la-revue-du-20-mars-2017\/"},"modified":"2023-06-23T23:24:20","modified_gmt":"2023-06-23T21:24:20","slug":"article-la-revue-du-20-mars-2017","status":"publish","type":"post","link":"https:\/\/archives.regards.fr\/?p=10273","title":{"rendered":"La Revue du 20 mars 2017"},"content":{"rendered":"<strong>ACTUALITE<\/strong>\n\n<strong>-&#8220;La scop remet \u00e0 flot la fonderie Gillet \u00e0 Albi&#8221; (&#8220;13H15 le dimanche&#8221;; vid\u00e9o) :<\/strong> http:\/\/www.france2.fr\/emission\/13h15-les-francais\/diffusion-du-19-03-2017-14h15\n\n-&#8220;Quand l&#8217;agriculture s&#8217;urbanise et s&#8217;adapte aux citadins&#8221; (Val\u00e8re Corr\u00e9ard; son) : https:\/\/www.franceinter.fr\/emissions\/social-lab\/social-lab-19-mars-2017\n\n<strong>-En Normandie, l&#8217;antenne r\u00e9gionale de FR3 a interrog\u00e9 des responsables syndicaux de la  CGT, FO, CFDT et du Medef sur la campagne \u00e9lectorale (vid\u00e9o) : <\/strong> http:\/\/pluzz.francetv.fr\/videos\/dimanche_en_politique_haute_normandie_,155157882.html\n\n<strong>-&#8220;Les femmes n&#8217;ont pas de d\u00e9sir de pouvoir dans l&#8217;entreprise&#8221; (Dominique L\u00e9vy-Saragossi, directrice g\u00e9n\u00e9rale d&#8217;Ipsos-France; son, amener le curseur sur 17:37) :  <\/strong> http:\/\/www.europe1.fr\/emissions\/c-est-arrive-cette-semaine\/cest-arrive-cette-semaine-180317-3006017\n\n<strong>-&#8220;Les afro-f\u00e9ministes&#8221; (un reportage de Sandrine Etoa-Andegue; son) : <\/strong> https:\/\/www.franceinter.fr\/emissions\/interception\/interception-19-mars-2017\n\n-&#8220;Le tournoi des VI Nations a \u00e9t\u00e9 difficile pour le XV de France&#8221; (Bernard Laporte, pr\u00e9sident de la F\u00e9d\u00e9ration fran\u00e7ais de rugby; interrog\u00e9 par Bernard Poirette avant le match contre le Pays-de-Galles; son) : http:\/\/www.rtl.fr\/sport\/autres-sports\/tournoi-des-six-nations-laporte-reconnait-une-competition-difficile-pour-les-bleus-7787716809\n\n-La fusion entre le Stade Fran\u00e7ais et le Racing 92 est annul\u00e9e : http:\/\/www.lequipe.fr\/Rugby\/Actualites\/Top-14-la-fusion-entre-le-racing-92-et-le-stade-francais-est-annulee\/786843\n\n<em>-Ce qu&#8217;en pensent les amateurs de rugby (ODOXA) :<\/em> http:\/\/www.odoxa.fr\/sondage\/fusion-stade-francais-racing-mauvaise-chose-56-amateurs-de-rugby\/\n\n<strong>-Depuis Paris, &#8220;passer le p\u00e9riph pour aller danser \u00e0 Montreuil&#8221; (93; Pierre Benetti) : <\/strong> http:\/\/next.liberation.fr\/vous\/2017\/03\/15\/montreuil-passer-le-periph-pour-aller-danser_1555970\n\n<strong>-&#8220;Nice, une identit\u00e9 plurielle&#8221; (un reportage de Vanessa Descouraux; son) : <\/strong> \nhttps:\/\/www.franceinter.fr\/emissions\/interception\/interception-12-mars-2017\n\n-&#8220;On voit encore que ce n&#8217;est pas l&#8217;\u00e9tat d&#8217;urgence qui emp\u00eache les attentats. Il faut le lever. La mise en examen de Fran\u00e7ois Fillon change beaucoup de choses pour lui et pour l&#8217;opinion publique. La tr\u00eave judiciaire, \u00e7a n&#8217;existe pas. Ce n&#8217;est dans aucun texte.&#8221; (Dominique Rousseau, professeur de droit constitutionnel \u00e0 l&#8217;Universit\u00e9 Paris I Panth\u00e9on-Sorbonne; invit\u00e9 de David Abiker; son, amener le curseur sur 0:44) :                   \nhttp:\/\/www.europe1.fr\/emissions\/c-est-arrive-cette-semaine\/cest-arrive-cette-semaine-180317-3006017\n\n-&#8220;Les magistrats mettent \u00e0 \u00e9galit\u00e9 les puissants et les autres&#8221; (le magistrat Denis Salas, interrog\u00e9 par Pierre Weill; son) : https:\/\/www.franceinter.fr\/emissions\/l-interview-politique\/l-interview-politique-19-mars-2017\n\n-&#8220;Je veux utiliser ce nom, Merah, pour cette fois-ci \u00e9veiller les consciences&#8221; (Abdelghani Merah, fr\u00e8re du tueur; son) : http:\/\/www.francetvinfo.fr\/faits-divers\/affaire\/merah\/abdelghani-merah-je-veux-utiliser-ce-nom-merah-pour-cette-fois-ci-eveiller-les-consciences_2101717.html\n\n<strong>-Mobilisation contre la haine LGBT (Fran\u00e7ois Hollande; vid\u00e9o) : <\/strong> http:\/\/www.elysee.fr\/videos\/new-video-115\/\n\n-&#8220;Chaque fois que je me vois nu, j&#8217;ai la preuve que je suis un intersexe&#8221; (Ga\u00ebtan Schmitt, cit\u00e9 par Catherine Mallaval) : http:\/\/next.liberation.fr\/sexe\/2017\/03\/18\/chaque-fois-que-je-me-vois-nu-je-m-administre-la-preuve-que-je-suis-un-intersexe_1556517?xtor\n\n-&#8220;Robert Bourgi, le sapeur de Fillon&#8221; (Renaud Lecadre) : http:\/\/www.liberation.fr\/elections-presidentielle-legislatives-2017\/2017\/03\/17\/robert-bourgi-le-sapeur-de-fillon_1556587?xtor\n\n-Philippe Poutou, candidat du NPA,  fouill\u00e9 par la police lors de la manifestation parisienne contre les violences polici\u00e8res (Romain Herreros; vid\u00e9o) : http:\/\/www.huffingtonpost.fr\/2017\/03\/19\/marche-contre-les-violences-policieres-philippe-poutou_a_21902712\/\n\n-&#8220;Les arrangements de Bruno Retailleau avec l&#8217;argent du S\u00e9nat&#8221; (Mathilde Mathieu de &#8220;Mediapart&#8221;; pi\u00e8ce jointe);\n\n<strong>POLITIQUE<\/strong>\n\n<strong>-Le discours \u00e0 la R\u00e9publique de Jean-Luc M\u00e9lenchon, sur la place du m\u00eame nom (vid\u00e9o)<\/strong> : https:\/\/www.youtube.com\/watch?v=YCkPtU3nMdc&#038;feature=youtu.be\n\n<strong>-&#8220;La campagne d\u00e9marre vraiment maintenant&#8221; (Pierre Laurent; vid\u00e9o) :<\/strong> http:\/\/video-streaming.orange.fr\/tv\/replay-pierre-laurent-la-campagne-demarre-vraiment-maintenant-VID0000002kpwj.html\n\n-Ce qu&#8217;ont  pens\u00e9 Audrey Pulvar et un de ses confr\u00e8res  du discours de Jean-Luc M\u00e9lenchon (vid\u00e9o) : https:\/\/www.youtube.com\/watch?v=3yXdhIavejw&#038;feature=youtu.be\n\n-&#8220;Pari r\u00e9ussi pour la d\u00e9monstration de force de Jean-Luc M\u00e9lenchon&#8221; (au &#8220;20 heures&#8221; de FR3; vid\u00e9o) : http:\/\/www.francetvinfo.fr\/politique\/melenchon\/pari-reussi-pour-la-demonstration-de-force-de-jean-luc-melenchon_2103885.html\n\n-Au &#8220;20 heures&#8221; de France 2 (vid\u00e9o) : http:\/\/www.francetvinfo.fr\/politique\/melenchon\/jean-luc-melenchon-qui-sont-les-insoumis_2103829.html\n\n-Sur TF1 : http:\/\/www.lci.fr\/elections\/a-paris-jean-luc-melenchon-rassemble-la-france-insoumise-2029515.html\n\n-Sur BFM-TV (vid\u00e9os) : http:\/\/www.bfmtv.com\/mediaplayer\/video\/marche-pour-une-vieme-republique-jean-luc-melenchon-a-t-il-reussi-son-pari-13-925469.html\nhttp:\/\/www.bfmtv.com\/mediaplayer\/video\/marche-pour-une-vieme-republique-jean-luc-melenchon-a-t-il-reussi-son-pari-23-925473.html\nhttp:\/\/www.bfmtv.com\/mediaplayer\/video\/marche-pour-une-vieme-republique-jean-luc-melenchon-a-t-il-reussi-son-pari-33-925475.html\n\n-Sur CNews (vid\u00e9o) : http:\/\/www.cnews.fr\/politique\/video\/melenchon-et-ses-insoumis-a-bastille-pour-la-vie-republique-173753\n\n-&#8220;Entre Bastille et R\u00e9publique, M\u00e9lenchon r\u00e9ussit son pari&#8221; (Rapha\u00eblle Besse Desmouli\u00e8res du &#8220;Monde&#8221;) : http:\/\/www.lemonde.fr\/politique\/article\/2017\/03\/18\/entre-bastille-et-republique-melenchon-reussit-son-pari_5096932_823448.html?xtmc\n\n-&#8220;Apr\u00e8s son tour de force, Beno\u00eet Hamon a la pression&#8221; : http:\/\/tempsreel.nouvelobs.com\/politique\/20170319.OBS6800\/apres-le-tour-de-force-de-melenchon-hamon-a-la-pression.html#xtor\n\n-&#8220;L&#8217;homme politique le plus dou\u00e9 de sa g\u00e9n\u00e9ration&#8221; (C\u00e9cile Alduy, chercheuse au CEVIPOF de Sciences Po-Paris; vid\u00e9o) : https:\/\/www.youtube.com\/watch?v=3RfOKPufDx0&#038;feature=youtu.be\n\n-&#8220;La marche pour la VIe R\u00e9publique&#8221; (vid\u00e9o) : https:\/\/www.youtube.com\/watch?v=b5atq_VZd2M&#038;feature=youtu.be\n\n<strong>-Jacques G\u00e9n\u00e9reux, un des \u00e9conomistes de &#8220;La France insoumise&#8221;, \u00e9tait l&#8217;invit\u00e9 de &#8220;On n&#8217;arr\u00eate pas l&#8217;\u00e9co&#8221; sur France Inter; interrog\u00e9 par Marion L&#8217;Hour (vid\u00e9o) : <\/strong> https:\/\/www.youtube.com\/watch?v=AftHLsXaAkM&#038;feature=youtu.be\n\n-&#8220;Jean-Luc M\u00e9lenchon sera dans les deux premiers parce qu&#8217;il y a trois forces politiques qui font une offre coh\u00e9rente, le FN, M. Macron qui est comme l&#8217;\u00e9tait Mme Clinton aux Etats-Unis qui n&#8217;a pas pu vaincre Donald Trump et Jean-Luc M\u00e9lenchon&#8221; (Danielle Simonet, conseill\u00e8re de Paris; interrog\u00e9e par Wendy Bouchard; son) : http:\/\/www.europe1.fr\/emissions\/l-interview-politique-du-week-end\/danielle-simonet-jean-luc-melenchon-sera-dans-les-deux-premiers-3005915\n\n-&#8220;Puret\u00e9 solitaire&#8221; (Laurent Joffrin) : http:\/\/www.liberation.fr\/elections-presidentielle-legislatives-2017\/2017\/03\/17\/purete-solitaire_1556589?xtor\n\n-La une de &#8220;Lib\u00e9ration&#8221; de samedi et celle de &#8220;l&#8217;Humanit\u00e9 Dimanche&#8221; :  http:\/\/www.liberation.fr\/liseuse\/publication\/18-03-2017\/1\/\nhttp:\/\/www.revue2presse.fr\/presse\/une\/l-humanite-dimanche\n\n<strong>-Dans &#8220;Dimanche en politique&#8221; en r\u00e9gion Aquitaine, c&#8217;est Olivier Dartigolles, porte- parole du PCF,  qui repr\u00e9sentait Jean-Luc M\u00e9lenchon. Il \u00e9tait face au repr\u00e9sentant du FN (vid\u00e9o) : <\/strong> http:\/\/pluzz.francetv.fr\/videos\/dimanche_en_politique_aquitaine_,155441384.html\n\n <strong>-En PACA, c&#8217;est Fabienne Haloui, secr\u00e9taire d\u00e9partemental du PCF du Vaucluse, qui repr\u00e9sentait le candidat de &#8220;La France insoumise&#8221; dans un d\u00e9bat sur le th\u00e8me &#8220;Partis pour exploser&#8221; (vid\u00e9o) : <\/strong> http:\/\/pluzz.francetv.fr\/videos\/dimanche_en_politique_provence_alpes_,156013248.html\n\n -&#8220;A Gennevilliers (92), le meeting cache-mis\u00e8re de Philippe Poutou&#8221; (Arthur Delacquis) : http:\/\/www.lemonde.fr\/election-presidentielle-2017\/article\/2017\/03\/16\/a-gennevilliers-le-meeting-cache-misere-de-philippe-poutou_5095725_4854003.html?xtmc\n\n <strong>-Le discours de Fran\u00e7ois Hollande sur &#8220;l&#8217;engagement citoyen&#8221; \u00e0 Crolles (38) : <\/strong>       http:\/\/www.elysee.fr\/videos\/discours-sur-l-engagement-citoyen-a-crolles\/#content-# \n\n<strong>-Beno\u00eet Hamon \u00e0 Bercy (vid\u00e9o int\u00e9grale) <\/strong> :        \nhttps:\/\/www.youtube.com\/watch?v=wyOG4OBMVrg&#038;feature=youtu.be\n\n-Avec Audrey Pulvar, commentaires de journalistes (vid\u00e9o) : https:\/\/www.youtube.com\/watch?v=EI3FvtNV_9Y&#038;feature=youtu.be\n\n-&#8220;Peu de choses me choquent dans le programme de Jean-Luc M\u00e9lenchon, sauf sa position sur l&#8217;Europe qui n&#8217;est pas r\u00e9aliste. Le non-soutien de Manuel Valls \u00e0 Beno\u00eet Hamon fait le jeu du FN&#8221; (Aur\u00e9lie Filippetti, ancienne ministre de la Culture, porte-parole de Beno\u00eet Hamon, invit\u00e9e du &#8220;Grand Jury-RTL; vid\u00e9o) : http:\/\/www.rtl.fr\/actu\/politique\/aurelie-filippetti-peu-de-choses-me-choquent-dans-le-programme-de-melenchon-7787732264\n\n<strong>-Face \u00e0 face entre Christiane Taubira, ancienne Garde des Seaux, soutien de Beno\u00eet Hamon et Jean-Pierre Mignard, avocat proche de Fran\u00e7ois Hollande, soutien d&#8217;Emmanuel Macron; invit\u00e9s du &#8220;Grand Rendez-vous&#8221; d&#8217;Europe 1 (vid\u00e9o) : <\/strong> http:\/\/www.cnews.fr\/magazines\/le-grand-rendez-vous\/le-grand-rendez-vous-173757\n\n<strong> -&#8220;A ceux qui parlent de trahison&#8221; (Manuel Valls dans le JDD) : <\/strong> http:\/\/www.lejdd.fr\/Politique\/Manuel-Valls-A-ceux-qui-parlent-de-trahison-855077\n\n-&#8220;Je ne laisserai personne  d\u00e9fendre notre culture en pr\u00e9tendant la rabougrir&#8221; (Emmanuel Macron, cit\u00e9 par Nathalie Raulin) : http:\/\/www.liberation.fr\/elections-presidentielle-legislatives-2017\/2017\/03\/18\/macron-je-ne-laisserai-personne-defendre-notre-culture-en-pretendant-la-rabougrir_1556626\n\n-Il a pr\u00e9sent\u00e9 sa politique de D\u00e9fense (vid\u00e9o) : https:\/\/www.youtube.com\/watch?v=WDvaLL38cjw\n\n-&#8220;J&#8217;ai prouv\u00e9 que j&#8217;avais des capacit\u00e9s de commandement&#8221; (dans son entretien au JDD) : http:\/\/www.lejdd.fr\/Politique\/Emmanuel-Macron-J-ai-prouve-que-j-avais-une-capacite-de-commandement-855152\n\n<strong>-Il \u00e9tait l&#8217;invit\u00e9 du &#8220;20 heures&#8221; de France 2 (vid\u00e9o) : <\/strong> http:\/\/www.francetvinfo.fr\/politique\/emmanuel-macron\/direct-presidentielle-regardez-l-interview-d-emmanuel-macron-invite-du-20-heures-de-france-2_2105052.html\n\n<em>-Sa personnalit\u00e9 divise les Fran\u00e7ais (IFOP) :<\/em> http:\/\/www.lejdd.fr\/Politique\/Emmanuel-Macron-J-ai-prouve-que-j-avais-une-capacite-de-commandement-855152\n\n-&#8220;J&#8217;ai appr\u00e9ci\u00e9 sa volont\u00e9 de changer les lignes et ses qualit\u00e9s d&#8217;\u00e9coute. Je suis rentr\u00e9 au PS pour et par Michel Rocard. Je pense que nos vieux partis, avec leurs chefs,  sont derri\u00e8re nous. Florian Philippot a pass\u00e9 son temps dans votre \u00e9mission \u00e0 taper sur Emmanuel Macron. Aux \u00e9lections l\u00e9gislatives, je serai candidat de &#8220;En marche !&#8221;.  Une moiti\u00e9 d&#8217;entre eux n&#8217;auront pas d&#8217;exp\u00e9rience politique&#8221; (Christophe Castaner, d\u00e9put\u00e9 PS des Alpes-de-Haute-Provence, porte-parole d&#8217;Emmanuel Macron; invit\u00e9 de &#8220;On n&#8217;est pas couch\u00e9&#8221;; vid\u00e9o) : http:\/\/www.france2.fr\/emissions\/on-n-est-pas-couche\/videos\/christophe_castaner_-_on_nest_pas_couche_18_mars_2017_onpc_19-03-2017_1515071?onglet=tous&#038;page=1\n\n-&#8220;Si on sort de l&#8217;\u00e9tat d&#8217;urgence, on envoie un signal de baisse de la garde. Le programme \u00e9conomique d&#8217;Emmanuel Macron est un programme de rupture favorable \u00e0 l&#8217;investissement. Au fond, la primaire est une solution qui est exactement le contraire de nos institutions. Je ne veux pas jouer un r\u00f4le de conseiller occulte&#8221; (Fran\u00e7ois Bayrou, pr\u00e9sident du MoDem, soutien d&#8217;Emmanuel Macron; invit\u00e9 de &#8220;BFM Politique&#8221;; vid\u00e9os) :   \nhttp:\/\/www.bfmtv.com\/mediaplayer\/video\/si-on-sort-de-l-etat-d-urgence-on-envoie-un-signal-de-baisse-de-la-garde-francois-bayrou-12-925531.html                          http:\/\/www.bfmtv.com\/mediaplayer\/video\/questions-d-eco-le-programme-economique-d-emmanuel-macron-est-un-programme-de-rupture-qui-est-favorable-a-l-investissement-francois-bayrou-925533.html                                                    http:\/\/www.bfmtv.com\/mediaplayer\/video\/presidentielle-au-fond-la-primaire-est-une-solution-qui-est-exactement-le-contraire-de-nos-institutions-francois-bayrou-22-925545.html                                                                                                  http:\/\/www.bfmtv.com\/mediaplayer\/video\/francois-bayrou-face-aux-francais-je-ne-veux-pas-jouer-un-role-de-conseiller-occulte-925547.html\n\n<strong>-Son face \u00e0 face avec Eric Ciotti, d\u00e9put\u00e9 LR des Alpes-Maritimes, charg\u00e9 de la mobilisation dans la campagne de Fran\u00e7ois Fillon (vid\u00e9o) :    <\/strong>            http:\/\/www.bfmtv.com\/mediaplayer\/video\/francois-bayrou-face-a-eric-ciotti-un-mois-de-decouverte-et-d-entrainement-de-ce-qu-il-faut-faire-en-matiere-de-securite-civile-est-tres-utile-925549.html\n\n<strong>-En Occitanie, l&#8217;antenne r\u00e9gionale de FR3 avait r\u00e9uni dans &#8220;Dimanche en Politique&#8221; Micka\u00ebl Delafosse, conseiller d\u00e9partemental PS de l&#8217;H\u00e9rault qui soutient Beno\u00eet Hamon, et Fran\u00e7ois Delacroix, ancien directeur de cabinet de Georges Fr\u00eache, qui soutient Emmanuel Macron (vid\u00e9o) : <\/strong> http:\/\/pluzz.francetv.fr\/videos\/dimanche_en_politique_languedoc_roussillon_,155532380.html\n\n-Robert Hue et Jean-Louis Bourlanges, qui soutiennent l&#8217;ancien ministre de l&#8217;Economie, face \u00e0 Zemmour et Naulleau (vid\u00e9o, amener le curseur sur 18:20) : https:\/\/www.youtube.com\/watch?v=SLAZzqahlhM&#038;feature=youtu.be\n\n-&#8220;Le compteur s&#8217;est d\u00e9bloqu\u00e9&#8221; (Jean Lassalle, d\u00e9put\u00e9 des Pyr\u00e9n\u00e9es-Atlantiques, candidat \u00e0 l&#8217;\u00e9lection pr\u00e9sidentielle; interrog\u00e9 par Ya\u00ebl Goosz dans la matinale de Franceinfo; vid\u00e9o) :  https:\/\/www.youtube.com\/watch?v=83-RS3FAreA\n\n-Fran\u00e7ois Asselineau, &#8220;candidat surprise&#8221; \u00e0 l&#8217;\u00e9lection pr\u00e9sidentielle, interrog\u00e9 par Axel de Tarl\u00e9 (vid\u00e9o) : https:\/\/www.youtube.com\/watch?v=PrbeGh9qxMA\n\n-&#8220;C&#8217;est une campagne de presse men\u00e9e \u00e0 un moment qui n&#8217;a pas \u00e9t\u00e9 choisi au hasard pour faire mal. Et elle fait mal&#8221; (Bernard Accoyer, secr\u00e9taire g\u00e9n\u00e9ral de LR, interrog\u00e9 par Christian D\u00e9ville dans &#8220;Dimanche Politique&#8221; en r\u00e9gion Rh\u00f4ne-Alpes; vid\u00e9o) :  http:\/\/pluzz.francetv.fr\/videos\/dimanche_en_politique_alpes_,155454333.html\n\n-&#8220;J&#8217;ai acc\u00e9l\u00e9r\u00e9 mon soutien (\u00e0 Fran\u00e7ois Fillon) ce fameux mercredi o\u00f9 les choses partaient en vrille, sans se soucier de ce qui se passerait apr\u00e8s&#8221; (Jean-Christophe Fromentin, d\u00e9put\u00e9-maire de Neuilly-sur-Seine (92); invit\u00e9 de &#8220;Dimanche en Politique&#8221; en Ile-de-France et interrog\u00e9 par William Van Qui; vid\u00e9o) : http:\/\/pluzz.francetv.fr\/videos\/dimanche_en_politique_paris_ile_de_france_,154916725.html\n\n-Les 11 candidats en lice (vid\u00e9o) : http:\/\/www.francetvinfo.fr\/replay-jt\/france-2\/20-heures\/presidentielle-les-onze-candidats-en-lice_2103857.html\n\n<strong>-Les commentaires de Laurent Fabius, pr\u00e9sident du Conseil constitutionnel (son, amener le curseur sur 0:50) <\/strong> : http:\/\/www.europe1.fr\/emissions\/c-est-arrive-demain\/cest-arrive-demain-david-abiker-190317-3006590\n\n<strong>-A Pertuis dans le Vaucluse, &#8220;au meeting de Fillon, on applaudit l&#8217;identit\u00e9 et on siffle Taubira&#8221; (Vincent Coquaz; vid\u00e9os) :<\/strong> http:\/\/www.liberation.fr\/elections-presidentielle-legislatives-2017\/2017\/03\/18\/au-meeting-de-fillon-on-applaudit-l-identite-et-on-siffle-taubira_1556448?xtor\n\n<strong>-Pour protester contre son \u00e9viction du d\u00e9bat des candidats ce soir sur la cha\u00eene, Nicolas Dupont-Aignan, d\u00e9put\u00e9 des Yvelines, a quitt\u00e9 le plateau du &#8220;20 heures&#8221; de TF1 (vid\u00e9o) : <\/strong> http:\/\/www.lci.fr\/elections\/video-grand-debat-nicolas-dupont-aignan-quitte-le-plateau-de-tf1-2029525.html%3Ftype=content\n\n-Il \u00e9tait sur C8, invit\u00e9 de Laurence Ferrari dans &#8220;Punchline&#8221; (vid\u00e9o) :  http:\/\/www.c8.fr\/c8-info\/pid8591-c8-punchline.html?vid=1440678\n\n-&#8220;J&#8217;esp\u00e8re que ce d\u00e9bat t\u00e9l\u00e9vis\u00e9 va permettre d&#8217;aborder le fond, ce qui n&#8217;a pas \u00e9t\u00e9 possible avec les affaires. J&#8217;aurais pr\u00e9f\u00e9r\u00e9 que tous les candidats soient pr\u00e9sents. Il n&#8217;y a aucune raison pour que les m\u00e9dias \u00e9cartent un candidat. Tous mes adversaires se situe dans le cadre des politiques men\u00e9es que depuis trente ans. Il n&#8217;y a pas d&#8217;Etat d&#8217;urgence, c&#8217;est de la communication. M. Cazeneuve est en campagne contre nous. Il fait des meetings&#8221; (Marine Le Pen, invit\u00e9e de &#8220;Dimanche Politique&#8221;; elle r\u00e9pondait aux questions de Francis Leterrier; vid\u00e9o) : http:\/\/pluzz.francetv.fr\/videos\/dimanche_en_politique.html\n\n-&#8220;Je ne comprends pas ce qui vous g\u00e8ne dans les fronti\u00e8res, 95% des pays en ont. Dans les r\u00e9gions frontali\u00e8res, nous avons de bons r\u00e9sultats \u00e9lectoraux&#8221; (Florian Philippot, vice-pr\u00e9sident du FN; invit\u00e9 de &#8220;Questions Politiques&#8221; sur France Inter; vid\u00e9o, amener le curseur sur 14:51) : http:\/\/www.dailymotion.com\/video\/x5f8pzx_florian-philippot-invite-de-questions-politiques_news\n\n-Il a r\u00e9pondu aux questions des auditeurs (vid\u00e9o) : http:\/\/www.dailymotion.com\/video\/x5f8tin_florian-philippot-repond-aux-auditeurs-de-questions-politiques_news\n\n-Laurent Ruquier, &#8220;vous \u00eates un militant anti-FN&#8221; (il \u00e9tait invit\u00e9 de &#8220;On n&#8217;est pas couch\u00e9&#8221;; vid\u00e9o) : http:\/\/www.france2.fr\/emissions\/on-n-est-pas-couche\/videos\/florian_philippot_-_on_nest_pas_couche_18_mars_2017_onpc_18-03-2017_1515079?onglet=tous&#038;page=1\n\n<strong>-Une vingtaine d&#8217;enfants ont interrog\u00e9 quatre candidats \u00e0 l&#8217;\u00e9lection pr\u00e9sidentielle dans &#8220;Candidats au tableau !&#8221; sur C8 (vid\u00e9os) :<\/strong> http:\/\/replay.c8.fr\/program\/toutes-les-emissions\/presidentielle-candidats-au-tableau\/961\n\n<em>-L&#8217;absence de soutien de Manuel Valls \u00e0 Beno\u00eet Hamon (BVA) <\/em> : http:\/\/www.bva-group.com\/sondages\/francais-labsence-de-soutien-de-manuel-valls-a-benoit-hamon\/\n\n<em>-Les intentions de vote \u00e0 l&#8217;\u00e9lection pr\u00e9sidentielle (BVA) :<\/em> http:\/\/www.bva-group.com\/sondages\/13eme-vague-dintentions-de-vote-a-5-semaines-de-lelection-presidentielle\/\n\n<em>-Le m\u00eame (KANTAR-SOFRES)<\/em> : http:\/\/www.lci.fr\/elections\/sondage-lci-macron-et-le-pen-a-egalite-au-premier-tour-fillon-toujours-distance-2029575.html\n\n<em>-Le m\u00eame avec la sociologie des \u00e9lectorats (ODOXA) : <\/em> http:\/\/www.odoxa.fr\/sondage\/presidentielle-intention-de-vote-sociologie-electorats\/\n\n<strong>-&#8220;Avec le vote utile, une \u00e9lection pr\u00e9sidentielle r\u00e9duite d\u00e8s le premier tour \u00e0 deux protagonistes&#8221; (G\u00e9rard Courtois, directeur \u00e9ditorial du &#8220;Monde&#8221;; l&#8217;historien Jean Garrigues; son) : <\/strong> https:\/\/www.franceculture.fr\/emissions\/dimanche-et-apres\/qui-profite-le-vote-utile-coree-du-sud-comprendre-la-crise-politique\n\n-&#8220;Primaires, \u00e9tait-ce une si bonne id\u00e9e ?&#8221; (Th\u00e9ophile Simon) : http:\/\/tempsreel.nouvelobs.com\/presidentielle-2017\/20170316.OBS6691\/primaires-etait-ce-une-si-bonne-idee.html#\n\n-&#8220;Notre classe politique se croit toujours dans les ann\u00e9es 1980&#8221; (le sociologue Vincent Tiberj; entretien r\u00e9alis\u00e9 par V\u00e9ronique Radier) : http:\/\/bibliobs.nouvelobs.com\/idees\/20170316.OBS6705\/notre-classe-politique-se-croit-toujours-en-1980.html#xtor\n\n-&#8220;L&#8217;impasse national-lib\u00e9rale&#8221; du politologue Jean-Fran\u00e7ois Bayart, vue par Laurent Joffrin de &#8220;Lib\u00e9ration&#8221; et  Alexis Brezet du &#8220;Figaro&#8221; (son) : https:\/\/www.franceinter.fr\/emissions\/le-club-des-idees\/le-club-des-idees-19-mars-2017\n\n<strong>EUROPE-MONDE<\/strong>\n\n-L&#8217;actualit\u00e9 de l&#8217;Union europ\u00e9enne (St\u00e9phane Leneuf; son) : https:\/\/www.franceinter.fr\/emissions\/cafe-europe\/cafe-europe-19-mars-2017\n\n<strong>-&#8220;Quelle Europe voulons-nous ?&#8221; (en d\u00e9bat dans &#8220;C Pol\u00e9mique&#8221; avec Aur\u00e9lie Filippetti, d\u00e9put\u00e9e PS de Moselle, ancienne ministre de la Culture; Laurence Parisot, ancienne pr\u00e9sidente du Medef; Jacques G\u00e9n\u00e9reux, \u00e9conomiste de &#8220;La France insoumise&#8221;; vid\u00e9o) :<\/strong> http:\/\/pluzz.francetv.fr\/videos\/c_polemique.html\n\n<strong>-&#8220;Au Pays-Bas, la pause de la pouss\u00e9e populiste me para\u00eet tr\u00e8s temporaire. Le premier ministre lib\u00e9ral, pour r\u00e9sister, a dit : &#8220;oui \u00e0 l&#8217;\u00e9conomie de march\u00e9, oui \u00e0 la globalisation, oui \u00e0 l&#8217;Europe mais on ne veut pas d&#8217;immigr\u00e9s et pas d&#8217;islam&#8221;. C&#8217;est une d\u00e9clinaison du populisme&#8221; (Dominique Reyni\u00e9, directeur de la Fondation pour l&#8217;innovation politique; interrog\u00e9 par David Abiker; son, amener le curseur sur 11:18) :<\/strong> http:\/\/www.europe1.fr\/emissions\/c-est-arrive-cette-semaine\/cest-arrive-cette-semaine-180317-3006017\n\n-&#8220;Martin Schulz \u00e9lu \u00e0 l&#8217;unanimit\u00e9 pr\u00e9sident du SPD pour d\u00e9tr\u00f4ner Angela Merkel&#8221; (Nathalie Versieux) : https:\/\/www.letemps.ch\/monde\/2017\/03\/19\/martin-schulz-plebiscite-detroner-merkel?utm_source\n\n<em>-Le rapport de l&#8217;ONU sur la politique d&#8217;apartheid d&#8217;Isra\u00ebl censur\u00e9 par son secr\u00e9taire g\u00e9n\u00e9ral (document \u00e0 t\u00e9l\u00e9charger) :<\/em> http:\/\/www.france-palestine.org\/ONU-le-rapport-censure-qui-denonce-la-politique-israelienne-d-apartheid\n\n<strong>-Comprendre la crise politique en Cor\u00e9e du Sud (Juliette Morillot, r\u00e9dactrice du site &#8220;Asialyst&#8221;; son, amener le curseur sur 31:12) : <\/strong> https:\/\/www.franceculture.fr\/emissions\/dimanche-et-apres\/qui-profite-le-vote-utile-coree-du-sud-comprendre-la-crise-politique\n\n<strong>CULTURE-MEDIA<\/strong>\n\n-&#8220;La ville libre de Paris au temps de la Commune&#8221; (Eric Fournier, ma\u00eetre de conf\u00e9rences \u00e0 Paris I; 2014) : http:\/\/www.monde-diplomatique.fr\/publications\/manuel_d_histoire_critique\/a53153\n\n<strong>-&#8220;Connaissance, ignorance et myst\u00e8re&#8221;, le nouvel ouvrage du philosophe et sociologue Edgar Morin; invit\u00e9 de David Abiker (son, amener le curseur sur 10:18) :<\/strong> http:\/\/www.europe1.fr\/emissions\/c-est-arrive-demain\/cest-arrive-demain-david-abiker-190317-3006590\n\n<strong>-A l&#8217;Ecole normale sup\u00e9rieure, une lecture comment\u00e9e de l&#8217;oeuvre d&#8217;Apollinaire, avec Michel Murat, professeur \u00e0 Paris-Sorbonne et Stanislas Roquette, com\u00e9dien, professeur \u00e0 Sciences-Po Paris (son, avec la voix du po\u00e8te) : <\/strong> https:\/\/www.franceculture.fr\/conferences\/ecole-normale-superieure\/apollinaire-il-est-grand-temps-de-rallumer-les-etoiles\n\n-A l&#8217;occasion de la publication de &#8220;Marl\u00e8ne&#8221;, son nouveau roman, Philippe Djian \u00e9tait l&#8217;invit\u00e9 de &#8220;La Grande table&#8221; d&#8217;Olivia Gesbert (son) : https:\/\/www.franceculture.fr\/emissions\/la-grande-table-1ere-partie\/philippe-djian-des-mots-lecran\n\n-Il l&#8217;\u00e9tait aussi \u00e0 &#8220;La Grande librairie&#8221; (vid\u00e9o) : http:\/\/www.france5.fr\/emissions\/la-grande-librairie\/videos\/marlene_nouveau_roman_de_philippe_djian_16-03-2017_1513769?onglet=tous&#038;page=1\n\n-&#8220;Marx et la poup\u00e9e&#8221;, le premier roman de Maryam Madjidi, invit\u00e9e de &#8220;La Grande librairie&#8221; de Fran\u00e7ois Busnel (vid\u00e9o) : http:\/\/www.france5.fr\/emissions\/la-grande-librairie\/videos\/marx_et_la_poupee_premier_roman_de_maryam_madjidi_16-03-2017_1513761?onglet=tous&#038;page=1\n\n-&#8220;Un ergot tout chaud&#8221;, le roman d&#8217;Isabelle Mergault, invit\u00e9e de &#8220;On n&#8217;est pas couch\u00e9&#8221; (vid\u00e9o) : http:\/\/www.france2.fr\/emissions\/on-n-est-pas-couche\/videos\/isabelle_mergault_-_on_nest_pas_couche_18_mars_2017_onpc_19-03-2017_1515075?onglet=tous&#038;page=1\n\n-&#8220;Le dictionnaire amoureux de la langue fran\u00e7aise&#8221; de Jean-Loup Chiflet; invit\u00e9 de Wendy Bouchard (son) : http:\/\/www.europe1.fr\/emissions\/linterview-verite-du-week-end\/jean-loup-chiflet-le-francais-est-lune-des-plus-belles-langues-du-monde-3005879\n\n<strong>-Le lancement de la saison culturelle 2017 \u00e0 Paris et en Ile-de-France (Audrey Azoulay, ministre de la Culture; invit\u00e9e de Pierre Weill; son) :     <\/strong>                      https:\/\/www.franceinter.fr\/emissions\/l-interview-politique\/l-interview-politique-18-mars-2017\n\n-Elle est candidate \u00e0 la direction de l&#8217;Unesco : http:\/\/culturebox.francetvinfo.fr\/patrimoine\/unesco-audrey-azoulay-defend-sa-candidature-253873\n\n-L&#8217;\u00e9cole des Beaux-Arts de Paris a deux cents ans (son directeur Jean-Marc Bustamante, invit\u00e9 de David Abiker; son, amener le curseur sur 25:20) : http:\/\/www.europe1.fr\/emissions\/c-est-arrive-cette-semaine\/cest-arrive-cette-semaine-180317-3006017\n\n-A Grenoble, jusqu&#8217;au 18 juin, une grande exposition c\u00e9l\u00e8bre Fantin-Latour, l&#8217;enfant du pays (vid\u00e9o) : http:\/\/culturebox.francetvinfo.fr\/arts\/peinture\/a-grenoble-une-grande-exposition-celebre-fantin-latour-l-enfant-du-pays-253881\n\n<strong>-Jusqu&#8217;au 21 juin, \u00e0 la &#8220;Cit\u00e9 du vin&#8221; de Bordeaux, &#8220;Bistrot ! De Beaudelaire \u00e0 Picasso&#8221; (St\u00e9phanie Loeb; vid\u00e9os) :<\/strong> http:\/\/culturebox.francetvinfo.fr\/arts\/expos\/bistrot-de-baudelaire-a-picasso-la-premiere-exposition-de-la-cite-du-vin-253875\n\n-Jean Couty, &#8220;le peintre b\u00e2tisseur&#8221;, a enfin son mus\u00e9e \u00e0 Lyon (Chrystel Chabert; vid\u00e9o) : http:\/\/culturebox.francetvinfo.fr\/arts\/peinture\/jean-couty-le-peintre-batisseur-a-enfin-son-musee-a-lyon-253093\n\n-&#8220;L&#8217;hologramme de Jean-Luc M\u00e9lenchon n&#8217;en \u00e9tait pas un, mais depuis son meeting dupliqu\u00e9, le mot est devenu une insulte que les personnalit\u00e9s politiques se jettent \u00e0 la t\u00eate&#8221; (H\u00e9l\u00e8ne Combis-Schlumberger; sons et vid\u00e9os) : https:\/\/www.franceculture.fr\/sciences\/pourquoi-lhologramme-de-melenchon-nen-etait-pas-un\n\n<strong>-&#8220;En 1962, le g\u00e9n\u00e9ral De Gaulle lan\u00e7ait la guerre fiscale contre Monaco&#8221; (Claude Askolovitch; son) :<\/strong> https:\/\/www.franceinter.fr\/emissions\/histoire-et-politique\/histoire-et-politique-19-mars-2017\n\n-Jusqu&#8217;au 16 juillet, \u00e0 l&#8217;Op\u00e9ra-Bastille, &#8220;Carmen&#8221; avec Roberto Alagna (vid\u00e9o) : http:\/\/www.france5.fr\/emissions\/entree-libre\/videos\/_carmen_par_alagna_15-03-2017_1512631?onglet=tous&#038;page=1\n\n-Au Th\u00e9\u00e2tre de l&#8217;Oeuvre, &#8220;Sc\u00e8nes de la vie conjugale&#8221; avec Laetitia Casta et Rapha\u00ebl Personnaz, invit\u00e9s de &#8220;la Nouvelle \u00e9dition&#8221; (vid\u00e9o, amener le curseur sur 4:56) : http:\/\/replay.c8.fr\/video\/1440422\n\n-&#8220;Marlon Brando, ange et d\u00e9mon&#8221; (vid\u00e9o) : http:\/\/www.france5.fr\/emissions\/entree-libre\/videos\/marlon_brando_ange_et_demons_16-03-2017_1513669?onglet=tous&#038;page=1\n\n-Laurent Delmas dit tout le bien qu&#8217;il pense de &#8220;The Last City of Z&#8221;, le nouveau film de James Gray (son) : https:\/\/www.franceinter.fr\/emissions\/la-prescription-cinema-de-laurent-delmas\/la-prescription-cinema-de-laurent-delmas-18-mars-2017\n\n<strong>-&#8220;Le spleen, je le reconnais, je sens qu&#8217;il arrive, j&#8217;essaye de g\u00e9rer comme je peux&#8221; (le com\u00e9dien Melvil Poupaud, invit\u00e9 d&#8217;Eva Bester; son) : <\/strong> https:\/\/www.franceinter.fr\/emissions\/remede-a-la-melancolie\/remede-a-la-melancolie-19-mars-2017\n\n<strong>-Un des fondateurs du rock and roll, Chuck Berry est mort (Eric Delhaye; vid\u00e9os) :<\/strong>http:\/\/www.telerama.fr\/musique\/mort-de-chuck-berry-l-ultime-legende-du-rock,129687.php\n\n-&#8220;Nous sortons tous de la cuisse de Chuck Berry&#8221; (Gr\u00e9goire Lem\u00e9nager; vid\u00e9o) : http:\/\/tempsreel.nouvelobs.com\/culture\/20170319.OBS6804\/nous-sortons-tous-de-la-cuisse-de-chuck-berry.html#xtor\n\n<strong>-Philippe Manoeuvre nous rappelle son parcours (son; amener le curseur sur 25:38) :<\/strong>http:\/\/www.europe1.fr\/emissions\/c-est-arrive-demain\/cest-arrive-demain-david-abiker-190317-3006590\n\n<strong>-&#8220;Johnny B-Goode&#8221; (vid\u00e9o)<\/strong> : https:\/\/www.youtube.com\/watch?v=rVT65M4mRnM\n\n<strong>-La m\u00eame avec Bruce Springsteen (vid\u00e9o) :<\/strong> https:\/\/www.youtube.com\/watch?v=C37egBZcVLI\n\n-&#8220;Maybellene&#8221; (vid\u00e9o) : https:\/\/www.youtube.com\/watch?v=v124f0i0Xh4\n\n-&#8220;Nadine&#8221; avec Keith Richards (vid\u00e9o) : https:\/\/www.youtube.com\/watch?v=5madtiLf7DI\n\n-Avec Eric Klapton et Keith Richards (vid\u00e9o) : https:\/\/www.youtube.com\/watch?v=wzKd0aiaK4c\n\n-&#8220;Rest in Peace&#8221; (vid\u00e9o) : https:\/\/www.youtube.com\/watch?v=cU0nQu0_txw\n\n<strong>-R\u00e9\u00e9couter ses succ\u00e8s (sons) :<\/strong>                         \nhttps:\/\/www.youtube.com\/watch?v=p1eI4EH-DRg                                             https:\/\/www.youtube.com\/watch?v=WcnKnuOkZMo\n\n-Sur son site : http:\/\/chuckberry.com\/\n\n<strong>-Ella Fitzgerald \u00e0 l&#8217;Olympia (vid\u00e9o de l&#8217;Ina de 1989) : <\/strong> http:\/\/www.ina.fr\/video\/CPF93001476\/ella-fitzgerald-a-l-olympia-video.html\n\n<strong>-Dans ses deux nouveaux albums, le pianiste Paul Lay &#8220;met le jazz en f\u00eate&#8221; (entretien r\u00e9alis\u00e9 par Annie Yanb\u00e9kian; vid\u00e9os) :<\/strong> http:\/\/culturebox.francetvinfo.fr\/musique\/jazz-blues\/interview-paul-lay-deux-albums-qui-mettent-le-jazz-en-fete-253725\n\n<strong>-Serge Gainsbourg sur le divan de Henry Chapier (vid\u00e9os de l&#8217;Ina de 1989) :<\/strong> http:\/\/www.ina.fr\/video\/CPD06019041\/le-divan-serge-gainsbourg-video.html http:\/\/www.ina.fr\/PackVOD\/PACK666806852\n\n-&#8220;R\u00eavolution&#8221;, le nouvel album de IAM (vid\u00e9o) : http:\/\/www.cnews.fr\/chroniques\/la-chronique-culture\/iam-du-reve-a-la-rev-olution-173683\n\n-L&#8217;imitateur Micha\u00ebl Gr\u00e9gorio \u00e9tait l&#8217;invit\u00e9 de Catherine Ceylac dans &#8220;Th\u00e9 ou caf\u00e9&#8221; (vid\u00e9o) : http:\/\/www.france2.fr\/emissions\/the-ou-cafe\/videos\/replay_-_the_ou_cafe_18-03-2017_1514925?onglet=tous&#038;page=1\n\n<strong>-&#8220;G\u00e9rard, cinq ans dans les pattes de Depardieu&#8221;, la BD de Mathieu Sapin (propos recueillis par Laurence Houot; vid\u00e9o) :<\/strong>  http:\/\/culturebox.francetvinfo.fr\/livres\/bande-dessinee\/interview-mathieu-sapin-avec-gerard-cinq-ans-dans-les-pattes-de-depardieu-253735\n\n-&#8220;Contre le FN, la libert\u00e9 d&#8217;expression se d\u00e9fend \u00e0 coups de caricatures&#8221; (Laurence Artaud de &#8220;La Marseillaise&#8221;) : http:\/\/m.lamarseillaise.fr\/var\/societe\/58595-la-liberte-d-expression-se-defend-a-coups-de-caricatures-la-laicite-alibi#.WM1D1KR_MWc.twitter\n\n<strong>-&#8220;Jean-Fran\u00e7ois T\u00e9aldi, journaliste, syndicaliste, communiste. Un combat de 37 ans&#8221; (Marcel Trillat) :<\/strong> https:\/\/blogs.mediapart.fr\/trillat\/blog\/170317\/jean-francois-tealdi-journaliste-syndicaliste-communiste-un-combat-de-37-ans?utm_source\n\n-Ce soir sur TF1, le premier d\u00e9bat de l&#8217;\u00e9lection pr\u00e9sidentielle (Alexandra Ackoun; son) : https:\/\/www.franceinter.fr\/emissions\/regard-sur-les-medias\/regard-sur-les-medias-18-mars-2017\n\n-Les coulisses de l&#8217;\u00e9v\u00e9nement  (son r\u00e9alisateur Tristan Carn\u00e9; son) : https:\/\/www.franceinter.fr\/emissions\/l-interview-societe-civile\/l-interview-societe-civile-19-mars-2017\n\n<strong>-La clause Moli\u00e8re en vers (St\u00e9phane Guillon; vid\u00e9o) :<\/strong> http:\/\/www.c8.fr\/c8-divertissement\/ms-salut-les-terriens\/pid8294-stephane-guillon.html?vid=1440635\n\n<strong>-Emmanuel Macron et ses soutiens dans &#8220;l&#8217;Emission d&#8217;Antoine&#8221; (vid\u00e9o) : <\/strong> https:\/\/fr.news.yahoo.com\/emmanuel-macron-moqu%C3%A9-dans-une-184638951.html\n<h2 class=\"wp-block-heading\">Documents joints<\/h2>\n\n\n\n<div class=\"wp-block-file\"><a href=\"https:\/\/wp.muchomaas.com\/wp-content\/uploads\/2017\/03\/les_arrangements_de_bruno_retailleau_avec_l-a7d.pdf\">les_arrangements_de_bruno_retailleau_avec_l.pdf<\/a><\/div>\n\n\n","protected":false},"excerpt":{"rendered":"<p>ACTUALITE -&#8220;La scop remet \u00e0 flot la fonderie Gillet \u00e0 Albi&#8221; (&#8220;13H15 le dimanche&#8221;; vid\u00e9o) : http:\/\/www.france2.fr\/emission\/13h15-les-francais\/diffusion-du-19-03-2017-14h15 -&#8220;Quand l&#8217;agriculture s&#8217;urbanise et s&#8217;adapte aux citadins&#8221; (Val\u00e8re Corr\u00e9ard; son) : https:\/\/www.franceinter.fr\/emissions\/social-lab\/social-lab-19-mars-2017 -En Normandie, l&#8217;antenne r\u00e9gionale de FR3 a interrog\u00e9 des responsables syndicaux de la CGT, FO, CFDT et du Medef sur la campagne \u00e9lectorale (vid\u00e9o) : http:\/\/pluzz.francetv.fr\/videos\/dimanche_en_politique_haute_normandie_,155157882.html [&hellip;]<\/p>\n","protected":false},"author":1042,"featured_media":0,"comment_status":"open","ping_status":"open","sticky":false,"template":"","format":"standard","meta":{"_themeisle_gutenberg_block_has_review":false,"footnotes":""},"categories":[151],"tags":[],"class_list":["post-10273","post","type-post","status-publish","format-standard","hentry","category-la-revue-de-presse-de-lulu"],"_links":{"self":[{"href":"https:\/\/archives.regards.fr\/index.php?rest_route=\/wp\/v2\/posts\/10273","targetHints":{"allow":["GET"]}}],"collection":[{"href":"https:\/\/archives.regards.fr\/index.php?rest_route=\/wp\/v2\/posts"}],"about":[{"href":"https:\/\/archives.regards.fr\/index.php?rest_route=\/wp\/v2\/types\/post"}],"author":[{"embeddable":true,"href":"https:\/\/archives.regards.fr\/index.php?rest_route=\/wp\/v2\/users\/1042"}],"replies":[{"embeddable":true,"href":"https:\/\/archives.regards.fr\/index.php?rest_route=%2Fwp%2Fv2%2Fcomments&post=10273"}],"version-history":[{"count":0,"href":"https:\/\/archives.regards.fr\/index.php?rest_route=\/wp\/v2\/posts\/10273\/revisions"}],"wp:attachment":[{"href":"https:\/\/archives.regards.fr\/index.php?rest_route=%2Fwp%2Fv2%2Fmedia&parent=10273"}],"wp:term":[{"taxonomy":"category","embeddable":true,"href":"https:\/\/archives.regards.fr\/index.php?rest_route=%2Fwp%2Fv2%2Fcategories&post=10273"},{"taxonomy":"post_tag","embeddable":true,"href":"https:\/\/archives.regards.fr\/index.php?rest_route=%2Fwp%2Fv2%2Ftags&post=10273"}],"curies":[{"name":"wp","href":"https:\/\/api.w.org\/{rel}","templated":true}]}}