{"id":10269,"date":"2017-03-18T08:13:06","date_gmt":"2017-03-18T07:13:06","guid":{"rendered":"https:\/\/wp.muchomaas.com\/article-la-revue-du-18-mars-2017\/"},"modified":"2017-03-18T08:13:06","modified_gmt":"2017-03-18T07:13:06","slug":"article-la-revue-du-18-mars-2017","status":"publish","type":"post","link":"https:\/\/archives.regards.fr\/?p=10269","title":{"rendered":"La Revue du 18 mars 2017"},"content":{"rendered":"<p><strong>ACTUALITE<\/strong><\/p>\n<p><strong>-&#8220;Des universitaires ont r\u00e9\u00e9crit un droit du travail all\u00e9g\u00e9 mais plus protecteur&#8221; (Jean-Christophe Catalon) : <\/strong> http:\/\/www.latribune.fr\/economie\/france\/des-universitaires-ont-reecrit-un-code-du-travail-allege-mais-plus-protecteur-662932.html<\/p>\n<p>-Les salari\u00e9s de Renault-Douai &#8220;demandent \u00e0 voir&#8221; (vid\u00e9o) : http:\/\/www.cnews.fr\/economie\/video\/renaultgate-les-salaries-demandent-a-voir-173705<\/p>\n<p>-Gr\u00e8ve des h\u00f4tesses et stewards  \u00e0 Air France (vid\u00e9o) : http:\/\/www.francetvinfo.fr\/replay-jt\/france-2\/20-heures\/air-france-l-impossible-reforme_2102275.html<\/p>\n<p><strong>-&#8220;Edouard ou la mort d&#8217;un cheminot&#8221; (Audrey Vernon; vid\u00e9o) : <\/strong> https:\/\/www.franceinter.fr\/emissions\/le-billet-d-audrey-vernon\/le-billet-d-audrey-vernon-17-mars-2017<\/p>\n<p><em>-La note de conjoncture de mars 2017 (INSEE; documents \u00e0 t\u00e9l\u00e9charger) : <\/em> https:\/\/www.insee.fr\/fr\/statistiques\/2662600<\/p>\n<p>-&#8220;La r\u00e9duction de la dur\u00e9e du travail \u00e0 32 heures, clairement, ce n&#8217;est pas aujourd&#8217;hui une revendication de FO. Elle  le sera peut-\u00eatre un jour. Le ch\u00e8que syndical, on ne le demande pas non plus. Les nationalisations temporaires, on en a d\u00e9j\u00e0 propos\u00e9. Les d\u00e9ficits ne m&#8217;emp\u00eachent pas de dormir. Je ne demande pas forc\u00e9ment un renforcement du pouvoir des salari\u00e9s dans les entreprises. Nous ne sommes pas pour la cogestion. Sur les fonctionnaires, raisonner sur des chiffres, c&#8217;est stupide. On r\u00e9clame un d\u00e9bat sur leur r\u00f4le. O\u00f9 on les retire ?&#8221;  (Jean-Claude Mailly, secr\u00e9taire de FO; invit\u00e9 de Yves Calvi; vid\u00e9o) : http:\/\/www.lci.fr\/societe\/l-invite-de-24-heures-en-questions-du-16-mars-2017-jean-claude-mailly-secretaire-general-de-force-ouvriere-2029339.html%3Ftype=content<\/p>\n<p><em>-Les Fran\u00e7ais et leurs services publics de proximit\u00e9 (IFOP) :<\/em> http:\/\/www.ifop.com\/?option=com_publication&#038;type=poll&#038;id=3692<\/p>\n<p><em>-Ce qu&#8217;ils pensent de l&#8217;enseignement sup\u00e9rieur (ELABE) <\/em> : http:\/\/elabe.fr\/francais-lenseignement-superieur\/<\/p>\n<p><em>-Les personnalit\u00e9s pr\u00e9f\u00e9r\u00e9es chez les jeunes de 7 \u00e0 14 ans (IPSOS): <\/em> http:\/\/www.ipsos.fr\/communiquer\/2017-03-15-classement-personnalites-preferees-chez-jeunes-7-14-ans-en-2017<\/p>\n<p>-&#8220;On peut voir de fa\u00e7on pr\u00e9cise d&#8217;o\u00f9 viennent les cyberattaques&#8221; (Thierry Breton, ancien ministre de l&#8217;Economie, PDG de groupe Atos, sp\u00e9cialis\u00e9 dans la cybers\u00e9curit\u00e9; invit\u00e9 de Jean-Pierre Elkabbach (vid\u00e9o) : http:\/\/www.cnews.fr\/chroniques\/linvite-de-jean-pierre-elkabbach\/thierry-breton-invite-de-jean-pierre-elkabbach-173710<\/p>\n<p>-La r\u00e9forme de la loi littoral (Jean-Fran\u00e7ois Rapin, s\u00e9nateur du Pas-de-Calais; son) : https:\/\/www.franceinter.fr\/emissions\/meridien-d-europe\/meridien-d-europe-17-mars-2017<\/p>\n<p>-&#8220;L&#8217;allongement du RER E permettra de d\u00e9sengorger la ligne A&#8221; (Florence Parly, directrice voyageurs \u00e0 la SNCF, interrog\u00e9e par Nicolas Pierron; vid\u00e9o) : https:\/\/www.dailymotion.com\/video\/x5f1cig_l-allongement-du-rer-e-permettra-de-desengorger-la-ligne-a-florence-parly-17-03-2017_news<\/p>\n<p><strong>-&#8220;Paroles de routiers&#8221; (vid\u00e9o) : <\/strong> http:\/\/www.francetvinfo.fr\/elections\/terres-electorales-paroles-de-routiers_2102249.html<\/p>\n<p>-&#8220;Les nuits parisiennes reviennent \u00e0 la vie&#8221; (Aur\u00e9lien Dubois, porte-parole de la chambre syndicale des cabarets artistiques et  des discoth\u00e8ques, avec l&#8217;\u00e9lu parisien au monde de la nuit; interrog\u00e9s par Isabelle Moreau; vid\u00e9o) :<br \/>\nhttp:\/\/www.cnews.fr\/chroniques\/les-invites-disabelle-moreau\/linvite-disabelle-moreau-173717<\/p>\n<p>-La gare de Lyon ferm\u00e9e pour le week-end (vid\u00e9o) : http:\/\/www.lci.fr\/france\/paris-la-gare-de-lyon-fermee-pour-le-week-end-2029443.html<\/p>\n<p>-Dans l&#8217;Aude, la col\u00e8re des vignerons (vid\u00e9o) : http:\/\/www.cnews.fr\/france\/video\/la-viticulture-en-crise-173716<\/p>\n<p>-L&#8217;\u00e9leveur de porcs breton &#8220;an\u00e9anti&#8221; (vid\u00e9o) : http:\/\/www.cnews.fr\/france\/video\/l214-epingle-un-elevage-de-porcs-en-bretagne-173700<\/p>\n<p><em>-Les Fran\u00e7ais, la nature et les animaux (BVA)<\/em> : http:\/\/www.bva-group.com\/sondages\/francais-nature-animaux-2\/<\/p>\n<p><strong>-&#8220;A l&#8217;eau pour la bonne cause&#8221; (Camille Lacour, invit\u00e9 d&#8217;Isabelle Moreau; vid\u00e9o) :<\/strong>  http:\/\/www.cnews.fr\/chroniques\/les-invites-disabelle-moreau\/linvite-disabelle-moreau-173720<\/p>\n<p><strong>-Le scandale de la D\u00e9pakine dans &#8220;Envoy\u00e9 sp\u00e9cial&#8221; (vid\u00e9o \u00e0 revoir ici pendant 6 jours; amener le curseur sur 1:30) <\/strong> : http:\/\/pluzz.francetv.fr\/videos\/envoye_special.html<\/p>\n<p>-Le Blacof\u00e8ne officiellement recommand\u00e9 pendant un an pour combattre l&#8217;alcoolisme (vid\u00e9o) : http:\/\/www.francetvinfo.fr\/sante\/medicament\/dependance-a-l-alcool-resultats-positifs-pour-le-baclofene_2102027.html<\/p>\n<p>-La justice va se prononcer sur la distribution de repas aux migrants \u00e0 Calais (vid\u00e9o) : http:\/\/www.cnews.fr\/justice\/video\/calais-la-justice-va-se-prononcer-sur-la-distribution-de-repas-aux-migrants-173687<\/p>\n<p>-Le parquet national financier ouvre une enqu\u00eate en France sur des soup\u00e7on de corruption en Grande-Bretagne chez Airbus :<br \/>\nhttp:\/\/www.lemonde.fr\/entreprises\/article\/2017\/03\/16\/airbus-une-enquete-ouverte-en-france-pour-soupcons-de-fraude_5095857_1656994.html<\/p>\n<p>-C&#8217;est l&#8217;avocat Robert Bourgi qui a financ\u00e9 les costumes de Fran\u00e7ois Fillon, neuf jours apr\u00e8s sa victoire \u00e0 la primaire de la droite (Matthieu Goar et Simon Piel) :  http:\/\/www.lemonde.fr\/affaire-penelope-fillon\/article\/2017\/03\/17\/l-avocat-robert-bourgi-a-bien-regle-les-costumes-arnys-de-francois-fillon_5096241_5070021.html#xtor<\/p>\n<p>-Qui est Robert Bourgi ? (vid\u00e9o) : http:\/\/www.francetvinfo.fr\/politique\/les-republicains\/affaire-des-costumes-de-francois-fillon-qui-est-robert-bourgi_2102295.html<\/p>\n<p><strong>-Herv\u00e9 Pizzinat, le proviseur du lyc\u00e9e Tocqueville de Grasse (vid\u00e9o) : <\/strong> http:\/\/www.lci.fr\/faits-divers\/temoignage-exclusif-herve-pizzinat-le-proviseur-du-lycee-de-grasse-je-ne-suis-pas-un-heros-2029430.html<\/p>\n<p><strong>-&#8220;Installer des portiques de s\u00e9curit\u00e9 dans les lyc\u00e9es est strictement impossible&#8221; (Michel Richard du SNPDEN-FSU, interrog\u00e9 par Thomas Sotto; vid\u00e9o) :<\/strong> http:\/\/www.dailymotion.com\/video\/x5f15ii_michel-richard-installer-des-portiques-de-securite-dans-les-lycees-est-totalement-impossible_news<\/p>\n<p><strong>-Le psychiatre Patrick Huerre, sp\u00e9cialiste des adolescents, \u00e9tait l&#8217;invit\u00e9 d&#8217;Yves Calvi (vid\u00e9o) <\/strong> : http:\/\/www.lci.fr\/replay\/l-invite-de-24-heures-en-questions-du-17-mars-2017-patrice-huerre-psychiatre-specialiste-des-adolescents-2029455.html%3Ftype=content<\/p>\n<p><strong>-Le t\u00e9moignage de Genevi\u00e8ve Donadini, jur\u00e9e au proc\u00e8s de Christian Ranucci, condamn\u00e9 \u00e0 mort et ex\u00e9cut\u00e9 (vid\u00e9o) : <\/strong> http:\/\/www.francetvinfo.fr\/sciences\/histoire\/affaire-du-pull-over-rouge-le-temoignage-d-une-ancienne-juree-face-a-la-peine-de-mort_2102253.html<\/p>\n<p><strong>POLITIQUE<\/strong><\/p>\n<p><strong>&#8220;J&#8217;avais l&#8217;id\u00e9e d&#8217;\u00e9crire un livre sur la vertu, les circonstances m&#8217;ont fait acc\u00e9l\u00e9rer.  C&#8217;est agir soi-m\u00eame pour ce qui est bien pour tous . L&#8217;ambiance n&#8217;est pas bonne.<br \/>\n Il y a des bruits de guerre dans toute l&#8217;Europe. De fortes tensions sociales. Mme Le Pen, c&#8217;est d&#8217;abord ma tribu, tous les autres sont des suspects.  M. Fillon est surtout condamnable par son incroyable programme de d\u00e9sossage de l&#8217;Etat. Imaginez-vous que quarante jours avant le scrutin, je saute au cou (de Beno\u00eet Hamon), cela ferait des milliers d&#8217;abstentionnistes de plus. Personne n&#8217;a jamais tenu t\u00eate \u00e0 Mme Merkel&#8221;  (Jean-Luc M\u00e9lenchon, face \u00e0 Jean-Jacques Bourdin; vid\u00e9o) : <\/strong> http:\/\/www.bfmtv.com\/mediaplayer\/video\/jean-luc-melenchon-face-a-jean-jacques-bourdin-en-direct-924953.html<\/p>\n<p><strong>-&#8220;Le programme de Beno\u00eet Hamon, comme nos concitoyens, je vais le regarder dans le d\u00e9tail. C&#8217;est dommage que ces programmes arrivent si tard. Il dit qu&#8217;il ne touchera pas \u00e0 la dur\u00e9e de cotisation pour les retraites. Nicolas Sarkozy a dit la m\u00eame chose, Fran\u00e7ois Hollande aussi et les deux ont allong\u00e9 la dur\u00e9e de cotisation. Ne pas y toucher, cela veut aussi dire que Beno\u00eet Hamon conserve la r\u00e9forme Hollande. Il propose de modifier la constitution par r\u00e9f\u00e9rendum pour y introduire le droit de vote des \u00e9trangers ou le mode de scrutin, ce qui est anticonstitutionnel. Jean-Luc M\u00e9lenchon propose de passer par une Assembl\u00e9e constituante. Les institutions, les modes de scrutin, deux partis en profitent, LR et le PS. Beno\u00eet Hamon aurait mieux fait de soutenir Jean-Luc M\u00e9lenchon. Le candidat qui a la pr\u00e9f\u00e9rence du Parti socialiste, c&#8217;est Emmanuel Macron, le plus proche de la politique qui a \u00e9t\u00e9 men\u00e9e pendant cinq ans. Beno\u00eet Hamon n&#8217;est l\u00e0 que pour tenter de r\u00e9duire l&#8217;influence de Jean-Luc M\u00e9lenchon, c&#8217;est \u00e7a la v\u00e9rit\u00e9 ! Samedi, il y aura beaucoup de monde&#8221;  (Raquel Garrido, porte-parole de Jean-Luc M\u00e9lenchon; interrog\u00e9e par Isabelle Moreau; vid\u00e9o) :<\/strong> http:\/\/www.cnews.fr\/chroniques\/les-invites-disabelle-moreau\/raquel-garrido-invitee-disabelle-moreau-173691<\/p>\n<p>-&#8220;La France insoumise&#8221; est un mouvement autonome hors des partis. Pour la premi\u00e8re fois, nous avons nous m\u00eames collect\u00e9 les parrainages. Au nom de quoi devrions-nous ne pas pr\u00e9senter des candidats porteurs du programme de Jean-Luc M\u00e9lenchon aux \u00e9lections l\u00e9gislatives ?&#8221; (Elle \u00e9tait l&#8217;invit\u00e9e de &#8220;Politique Matin&#8221;; vid\u00e9o, amener le curseur sur 30:44) :   http:\/\/www.lcp.fr\/emissions\/politique-matin\/282412-politique-matin <\/p>\n<p>-&#8220;Un \u00e9lecteur sur deux n&#8217;a pas fait son choix, essentiellement dans les milieux populaire. Le PS est un repoussoir pour beaucoup de gens apr\u00e8s ses cinq ans au pouvoir. Les socialistes allemands gouvernent actuellement  avec la droite, il ne faut rien attendre de leur victoire. Arnaud Montebourg ferait mieux de chercher comment regagner les \u00e9lecteurs qui leur manquent. Si Beno\u00eet Hamon n&#8217;est qu&#8217;\u00e0 13% , c&#8217;est parce qu&#8217;il appara\u00eet comme le candidat du parti de Fran\u00e7ois Hollande. Pour s&#8217;en sortir, il faut une 6e R\u00e9publique. Il s&#8217;agit de montrer demain, de la Bastille \u00e0 la R\u00e9publique, que &#8220;la France insoumise&#8221; est une grande force populaire&#8221; (Alexis Corbi\u00e8re, porte-parole de Jean-Luc M\u00e9lenchon, face \u00e0 Renaud Blanc; vid\u00e9os) :   https:\/\/www.radioclassique.fr\/magazine\/articles\/alexis-corbiere-lunite-de-gauche-na-plus-vraiment-de-sens-aujourdhui\/<br \/>\n<iframe loading=\"lazy\" title=\"&quot;La question de la r\u00e9forme des institutions est centrale&quot; Alexis Corbi\u00e8re (17\/03\/2017) Partie 2\" frameborder=\"0\" width=\"500\" height=\"281\" src=\"https:\/\/geo.dailymotion.com\/player.html?video=x5f1e4a&#038;\" allowfullscreen allow=\"autoplay; fullscreen; picture-in-picture; web-share\"><\/iframe><\/p>\n<p>-Il \u00e9tait l&#8217;invit\u00e9 d&#8217;Anne Roumanoff (son) : http:\/\/www.europe1.fr\/emissions\/ca-pique-mais-cest-bon\/ca-pique-mais-cest-bon-170317-3005228<\/p>\n<p><em>-&#8220;Le 18 mars, marchons pour oser une r\u00e9volution d\u00e9mocratique&#8221; (Le PCF) :   <\/em> http:\/\/www.pcf.fr\/97741<\/p>\n<p>&#8220;Hamon et M\u00e9lenchon en qu\u00eate d&#8217;\u00e9lecteurs&#8221; (Yves Thr\u00e9ard de &#8220;Figaro&#8221;; vid\u00e9o) :<br \/>\n<iframe loading=\"lazy\" title=\"Hamon et M\u00e9lenchon en qu\u00eate d\u2019\u00e9lecteurs\" frameborder=\"0\" width=\"500\" height=\"281\" src=\"https:\/\/geo.dailymotion.com\/player.html?video=x5f1197&#038;\" allowfullscreen allow=\"autoplay; fullscreen; picture-in-picture; web-share\"><\/iframe><\/p>\n<p>-A Metz, les doutes des militants socialistes (vid\u00e9o) : http:\/\/www.francetvinfo.fr\/politique\/francois-hollande\/presidentielle-2017-les-doutes-des-militants-du-parti-socialiste_2101929.html<\/p>\n<p>-&#8220;On vit dans une soci\u00e9t\u00e9 qui s&#8217;am\u00e9ricanise avec la place qu&#8217;y prennent les armes. On a juste 500 parrainages, mais c&#8217;est le Conseil constitutionnel qui d\u00e9cide. On ne veut pas de l&#8217;aide du FN et on attend le moment du d\u00e9bat entre un ouvrier, un vrai face \u00e0 Marine Le Pen. On va vers une grande recomposition politique. Nous sommes nombreux \u00e0 \u00eatre orphelins d&#8217;une repr\u00e9sentation politique&#8221; (Olivier Besancenot, invit\u00e9 de la matinale de LCI; vid\u00e9o) : http:\/\/www.lci.fr\/replay\/replay-l-invite-politique-de-8h15-olivier-besancenot-2029358.html%3Ftype=content<\/p>\n<p>-A partir de l&#8217;actualit\u00e9, Fran\u00e7ois Hollande justifie le maintien de l&#8217;\u00e9tat d&#8217;urgence jusqu&#8217;au 15 juillet. &#8220;Apr\u00e8s, mon successeur verra&#8221; (vid\u00e9o) :  http:\/\/www.cnews.fr\/france\/video\/grasse-hollande-justifie-letat-durgnece-173692<\/p>\n<p>-Beno\u00eet Hamon souhaite recruter 40 000 enseignants suppl\u00e9mentaires et cr\u00e9er un num\u00e9ro vert pour faire appliquer la la\u00efcit\u00e9. Il \u00e9tait l&#8217;invit\u00e9 d&#8217;Elizabeth Martichoux (vid\u00e9o) : http:\/\/www.rtl.fr\/actu\/politique\/comment-benoit-hamon-compte-recruter-40-000-enseignants-supplementaires-7786878093<\/p>\n<p>-&#8220;Son programme r\u00e9pond aux besoins de notre peuple et du continent&#8221; (Pascal Cherki, d\u00e9put\u00e9 PS de Paris, son conseiller; face \u00e0 Fr\u00e9d\u00e9ric Rivi\u00e8re; vid\u00e9o) : http:\/\/www.rfi.fr\/video\/20170317-pascal-cherki-ps-le-programme-b-hamon-repond-besoins-notre-peuple-continent<\/p>\n<p>-&#8220;A gauche, l&#8217;excommunication&#8221; (Thomas Legrand; son) : https:\/\/www.franceinter.fr\/emissions\/l-edito-politique\/l-edito-politique-17-mars-2017<\/p>\n<p>-&#8220;La chanceli\u00e8re a voulu montrer une ouverture. Habituellement, elle ne re\u00e7oit que des dirigeants de sa sensibilit\u00e9. L&#8217;Europe ne pourra r\u00e9-avancer sans une vraie confiance franco-allemande.Le soutien ne vaut pas investiture automatique&#8221; (Emmanuel Macron, interrog\u00e9 par Jean-Pierre Elkabbach; vid\u00e9o) : http:\/\/www.cnews.fr\/chroniques\/linvite-de-jean-pierre-elkabbach\/emmanuel-macron-le-soutien-ne-vaut-pas-investiture-automatique-173697<\/p>\n<p>-Avec Fran\u00e7ois Bayroux, ils \u00e9taient ensemble \u00e0 Reims (vid\u00e9o) : http:\/\/www.francetvinfo.fr\/politique\/francois-bayrou\/emmanuel-macron-et-francois-bayrou-font-leur-premiere-apparition-commune-a-reims_2102289.html<\/p>\n<p>-Jean-Baptiste Lemoyne, s\u00e9nateur LR de l&#8217;Yonne qui soutient Emmanuel Macron, \u00e9tait l&#8217;invit\u00e9 de &#8220;Territoires d&#8217;Infos&#8221; (vid\u00e9o, amener le curseur sur 33:33) : https:\/\/www.dailymotion.com\/video\/x5f16ly_invite-jean-baptiste-lemoyne-territoires-d-infos-17-03-2017_news<\/p>\n<p><em>-Les Fran\u00e7ais et Corinne Lepage (IFOP) <\/em> : http:\/\/www.ifop.com\/?option=com_publication&#038;type=poll&#038;id=3694<\/p>\n<p>-&#8220;Fran\u00e7ois Fillon veut restituer la confiance aux Fran\u00e7ais. Macron fera du Hollande plus jeune&#8221; (G\u00e9rard Longuet, s\u00e9nateur LR de la Meuse dans l&#8217;\u00e9mission &#8220;Face aux chr\u00e9tiens&#8221;; vid\u00e9o) : http:\/\/www.ktotv.com\/video\/00145108\/gerard-longuet<\/p>\n<p><em>-Pour 75% des Fran\u00e7ais, il a tort de maintenir sa candidature (ODOXA) :<\/em> http:\/\/www.odoxa.fr\/sondage\/tombe-tres-bas-tres-de-temps-fillon-ne-recule-plus-guere-mise-examen\/<\/p>\n<p>-&#8220;Au Pays-Bas, il y a une progression du Parti de la libert\u00e9. Le principe de pr\u00e9caution exige le maintien de l&#8217;Etat d&#8217;urgence. Pourquoi donner un signal de d\u00e9sengagement ? Tous les ingr\u00e9dients sont r\u00e9unis pour qu&#8217;on ait une guerre civile&#8221; (Gilbert Collard, d\u00e9put\u00e9 apparent\u00e9 FN du Gard; invit\u00e9 de &#8220;Territoires d&#8217;infos&#8221;; vid\u00e9o, amener le curseur sur 33:33) : https:\/\/www.publicsenat.fr\/emission\/territoires-d-infos\/gilbert-collard-55173<\/p>\n<p>-&#8220;Marine Le Pen est attaqu\u00e9e en toutes circonstances par un syst\u00e8me coalis\u00e9&#8221; (Nicolas Bay, secr\u00e9taire g\u00e9n\u00e9ral du FN; invit\u00e9 de la matinale de Franceinfo; son et vid\u00e9o) : http:\/\/www.francetvinfo.fr\/replay-radio\/8h30-aphatie\/marine-le-pen-est-attaquee-en-toutes-circonstances-par-un-systeme-coalise-assure-nicolas-bay_2079693.html<\/p>\n<p>-Quand le FN essaye de faire passer son \u00e9lu qui a tenu des propos racistes dans une \u00e9mission de C8 pour une taupe de Canal + (J\u00e9r\u00e9mie Maire) :  http:\/\/television.telerama.fr\/television\/militant-raciste-et-employe-de-canal-un-bel-exemple-de-fake-news-made-in-fn,155482.php#xtor<\/p>\n<p><strong>-Dans &#8220;Envoy\u00e9 sp\u00e9cial&#8221;, &#8220;La machine \u00e0 cash du Front national&#8221; (Marie Cailletet; vid\u00e9os) <\/strong> : http:\/\/television.telerama.fr\/television\/si-marine-le-pen-est-elue-ces-gens-seront-le-pouvoir,155470.php#xtor<\/p>\n<p><strong>-Pendant 6 jours encore, revoir l&#8217;int\u00e9grale ici (vid\u00e9o, amener le curseur sur 1:06:08) :<\/strong>http:\/\/pluzz.francetv.fr\/videos\/envoye_special.html<\/p>\n<p><em>-L&#8217;enqu\u00eate \u00e9lectorale fran\u00e7aise du CEVIPOF (IPSOS) :<\/em> http:\/\/www.ipsos.fr\/decrypter-societe\/2017-03-17-enquete-electorale-francaise-vague-12-marine-pen-et-emmanuel-macron-au-coude-coude-au-premier-tour<\/p>\n<p><em>-Les jeunes et l&#8217;\u00e9lection pr\u00e9sidentielle de 2017 (IFOP) <\/em> : http:\/\/www.ifop.com\/?option=com_publication&#038;type=poll&#038;id=3693<\/p>\n<p><em>-Les intentions de vote au 17 mars (IFOP) : <\/em> http:\/\/dataviz.ifop.com:8080\/HNS\/HNSAdmin\/start.appli?appid=60930&#038;logonUser=USERWEB&#038;logonPswcd=ZnJhbmNvaXNF<\/p>\n<p><em>-Le m\u00eame (OPINION-WAY) :<\/em> http:\/\/opinionlab.opinion-way.com\/opinionlab\/832\/627\/presitrack.html#m6<\/p>\n<p><em>-La synth\u00e8se de la semaine du 13 au 17 mars (OPINION-WAY) : <\/em> https:\/\/www.opinion-way.com\/fr\/component\/edocman\/?task=document.viewdoc&#038;id=1568&#038;Itemid=0<\/p>\n<p><em>-Les Fran\u00e7ais et les sondages (OPINION-WAY) <\/em> : https:\/\/www.opinion-way.com\/fr\/component\/edocman\/?task=document.viewdoc&#038;id=1570&#038;Itemid=0<\/p>\n<p><strong>EUROPE-MONDE<\/strong><\/p>\n<p><strong>-Micha\u00eblle Jean, secr\u00e9taire g\u00e9n\u00e9rale de l&#8217;organisation internationale de la Francophonie, \u00e9tait l&#8217;invit\u00e9e de la matinale de France Inter  (vid\u00e9os) :  <\/strong>          http:\/\/www.dailymotion.com\/video\/x5f1a0b_michaelle-jean-repond-aux-questions-de-patrick-cohen_news                                                                                          http:\/\/www.dailymotion.com\/video\/x5f1are_michaelle-jean-repond-aux-questions-des-auditeurs-de-france-inter_news<\/p>\n<p><strong>-Les salaires europ\u00e9ens toujours en berne (Aymone Lamborelle, Catherine Stupp et C\u00e9cile Barbi\u00e8re) <\/strong> :  http:\/\/www.euractiv.fr\/section\/all\/infographic\/les-salaires-europeens-toujours-en-berne-apres-la-crise\/?nl_ref<\/p>\n<p>-Daniel R\u00f6der, fondateur du mouvement &#8220;Pulse of Europe&#8221; (propos recueillis par Nicole Sagener) : http:\/\/www.euractiv.fr\/section\/avenir-de-l-ue\/interview\/pulse-of-europe-something-new-could-emerge-from-eu-ruins\/?nl_ref<\/p>\n<p><em>-&#8220;Relancer l&#8217;Europe, retrouver l&#8217;esprit de Rome&#8221; (un rapport du S\u00e9nat fran\u00e7ais; documents \u00e0 t\u00e9l\u00e9charger) :<\/em> http:\/\/www.senat.fr\/rap\/r16-434-1\/r16-434-1.html<\/p>\n<p><strong>-La lutte contre &#8220;les minerais de sang&#8221; (C\u00e9cile Barbi\u00e8re) : <\/strong> http:\/\/www.euractiv.fr\/section\/commerce-industrie\/news\/leurope-avance-dans-la-lutte-contre-les-minerais-de-sang\/?nl_ref<\/p>\n<p>-L&#8217;Europe reste timor\u00e9e face \u00e0 l&#8217;\u00e9nergie solaire (Ama Lorenz) : http:\/\/www.euractiv.fr\/section\/energie\/interview\/german-solar-power-association-europe-far-from-being-energy-pioneer\/?nl_ref<\/p>\n<p>-Des touristes et des journalistes bless\u00e9s lors de l&#8217;\u00e9ruption de l&#8217;Etna (vid\u00e9o) : http:\/\/www.cnews.fr\/monde\/video\/eruption-de-letna-des-touristes-et-journalistes-blesses-173702<\/p>\n<p>-En Angleterre, des femmes se rebellent contre le talon aiguille  (vid\u00e9o) : http:\/\/www.francetvinfo.fr\/monde\/royaume-uni\/en-angleterre-les-femmes-se-rebellent-contre-les-talons-aiguilles_2101957.html<\/p>\n<p><strong>-&#8220;Le pacte Union europ\u00e9enne-Turquie joue \u00e0 la roulette sur l&#8217;avenir des gens les plus vuln\u00e9rables&#8221; :<\/strong> http:\/\/www.lemonde.fr\/europe\/article\/2017\/03\/17\/le-pacte-ue-turquie-joue-a-la-roulette-sur-l-avenir-des-gens-les-plus-vulnerables_5095879_3214.html<\/p>\n<p><strong>-Un lourd r\u00e9quisitoire des ONG de d\u00e9fense des r\u00e9fugi\u00e9s : <\/strong> http:\/\/www.euractiv.fr\/section\/l-europe-dans-le-monde\/news\/pacte-ue-turquie-lourd-requisitoire-des-ong-de-defense-des-refugies\/?nl_ref<\/p>\n<p>-&#8220;L&#8217;Ubu du Bosphore&#8221; (Bernard Guetta; son) : https:\/\/www.franceinter.fr\/emissions\/geopolitique\/geopolitique-17-mars-2017<\/p>\n<p><strong>-Leyla Zana, d\u00e9put\u00e9e au Parlement turc, kurde, femme et fi\u00e8re de l&#8217;\u00eatre (Marie-H\u00e9l\u00e8ne Le Ny) : <\/strong> http:\/\/www.50-50magazine.fr\/2017\/03\/14\/kurde-femme-et-fiere-de-letre\/<\/p>\n<p>-L&#8217;Union europ\u00e9enne encourage un march\u00e9 commun dans les Balkans (Georgi Gotev) : http:\/\/www.euractiv.fr\/section\/elargissement\/news\/eu-pushes-western-balkan-toward-common-market\/?nl_ref<\/p>\n<p>-&#8220;Le d\u00e9ficit roumain pr\u00e9occupe Bruxelles&#8221; (Bogdan Neagu) : http:\/\/www.euractiv.fr\/section\/economie\/news\/commission-worried-romania-will-miss-2017-deficit-target\/?nl_ref<\/p>\n<p>-&#8220;La Crim\u00e9e reste occup\u00e9e depuis trois ans&#8221; (Georgi Gotev) : http:\/\/www.euractiv.fr\/section\/monde\/news\/crimea-annexation-anniversary-triggers-reactions-in-us-eu\/?nl_ref<\/p>\n<p>-Au Br\u00e9sil, les m\u00e9dias ont fait silence sur une journ\u00e9e du 8 mars exceptionnellement combative (Rachel Moreno) : http:\/\/www.50-50magazine.fr\/2017\/03\/15\/8-mars-au-bresil-le-silence-des-medias\/<\/p>\n<p><strong>-&#8220;La Chine coinc\u00e9e par le r\u00e9chauffement climatique&#8221; (Romain Loury) : <\/strong> http:\/\/www.euractiv.fr\/section\/climat\/news\/pollution-de-lair-la-chine-coincee-par-le-rechauffement\/?nl_ref<\/p>\n<p><strong>-&#8220;Les plus beaux ponts du monde&#8221; (vid\u00e9os) :<\/strong>                                                http:\/\/www.francetvinfo.fr\/monde\/usa\/feuilleton-le-monde-sur-le-pont-1-5_2095151.html                                                                                       http:\/\/www.francetvinfo.fr\/monde\/asie\/feuilleton-le-monde-sur-le-pont-2-5_2096705.html                                                                                    http:\/\/www.francetvinfo.fr\/replay-jt\/france-2\/13-heures\/feuilleton-le-monde-sur-le-pont-3-5_2098231.html                                                                   http:\/\/www.francetvinfo.fr\/monde\/chine\/feuilleton-le-monde-sur-le-pont-4-5_2100091.html                                                                                             http:\/\/www.francetvinfo.fr\/decouverte\/feuilleton-le-monde-sur-le-pont-5-5_2101827.html<\/p>\n<p><strong>CULTURE-MEDIA<\/strong><\/p>\n<p><strong>-Lucie Aubrac, h\u00e9ro\u00efne de la R\u00e9sistance, est morte (Laurent Greilsamer) : <\/strong> http:\/\/www.lemonde.fr\/disparitions\/article\/2007\/03\/15\/lucie-aubrac-heroine-de-la-resistance-est-morte_883263_3382.html#xtor<\/p>\n<p><strong>-A Kibera, dans le plus grand bidonville du Kenya, Mike Kamaya apprend la danse classique aux enfants, &#8220;comme \u00e0 l&#8217;Op\u00e9ra&#8221; (un reportage d'&#8221;Envoy\u00e9 sp\u00e9cial&#8221; \u00e0 voir ici encore pendant 6 jours; vid\u00e9o, amener le curseur sur 2:02:15) :    <\/strong>                        http:\/\/pluzz.francetv.fr\/videos\/envoye_special.html<\/p>\n<p>-La semaine de la langue fran\u00e7aise (Bernard Pivot, invit\u00e9 de la matinale de LCI; vid\u00e9o) : http:\/\/www.lci.fr\/replay\/replay-l-invite-de-8h45-de-lci-matin-du-17-mars-2017-bernard-pivot-2029364.html%3Ftype=content<\/p>\n<p><strong>-Rodin au Grand Palais \u00e0 Paris (vid\u00e9o) : <\/strong> http:\/\/www.francetvinfo.fr\/economie\/emploi\/metiers\/art-culture-edition\/rodin-un-siecle-de-legende_2102277.html<\/p>\n<p><strong>-L&#8217;affaire Dutroux au th\u00e9\u00e2tre, jou\u00e9e par des enfants aux Amandiers de Nanterre (92) (vid\u00e9o, amener le curseur sur 1:10:20) :<\/strong> http:\/\/www.c8.fr\/c8-info\/c8-la-nouvelle-edition\/pid6850-emission.html?vid=1440249#<\/p>\n<p>-Le metteur en sc\u00e8ne flamand Guy Cassiers, directeur du Toneelhuis d&#8217;Anvers, \u00e0 la recherche du spectacle total (Emmanuelle Bouchez) : http:\/\/www.telerama.fr\/sortir\/les-experimentations-sonores-de-guy-cassiers,155486.php#xtor<\/p>\n<p><strong>-&#8220;Mon adaptation des &#8216;Bienveillantes&#8217; de Littel est \u00e9motionnelle, pas dramaturgique&#8221; (propos recueillis par Emmanuelle Bouchez) : <\/strong> http:\/\/www.telerama.fr\/scenes\/mon-adaptation-des-bienveillantes-de-littell-est-emotionnelle-pas-dramaturgique-guy-cassiers,139980.php<\/p>\n<p><strong>-Il \u00e9tait l&#8217;invit\u00e9 de Ali Baddou (vid\u00e9o) : <\/strong> http:\/\/www.dailymotion.com\/video\/x5f14kf_jonathan-littell-repond-aux-questions-d-ali-baddou_news<\/p>\n<p><strong>-Passer une nuit avec Pierre Richard (dans &#8220;La Grande table&#8221; d&#8217;Olivia Gesbert; son) : <\/strong> https:\/\/www.franceculture.fr\/emissions\/la-grande-table-1ere-partie\/abecedaire-nocturne-avec-pierre-richard#xtor<\/p>\n<p>-&#8220;Pour \u00e9crire &#8216;Trompe-la mort&#8217;, j&#8217;ai du faire une synth\u00e8se monstrueuse de Balzac&#8221; (le compositeur italien Luca Francesconi dont l&#8217;oeuvre a \u00e9t\u00e9 command\u00e9e par l&#8217;Op\u00e9ra de Paris et cr\u00e9\u00e9e jeudi dernier au Palais Garnier; entretien r\u00e9alis\u00e9 par Sophie Bourdais; vid\u00e9o) : http:\/\/www.telerama.fr\/musique\/pour-ecrire-trompe-la-mort-j-ai-du-faire-une-synthese-monstrueuse-de-balzac-luca-francesconi-compositeur,155474.php#xtor<\/p>\n<p>-A Paris, le Palais de Tokyo s&#8217;offre une cure de jouvence (Sabrina Silamo) : http:\/\/www.telerama.fr\/sortir\/quel-avenir-pour-le-palais-de-tokyo,155462.php#xtor<\/p>\n<p>-Y aller : http:\/\/www.palaisdetokyo.com\/<\/p>\n<p><strong>-&#8220;Compartiment tueurs&#8221;, le premier film de Costa-Gavras, \u00e0 regarder ici jusqu&#8217;au 21 mars (vid\u00e9o) :<\/strong>  http:\/\/television.telerama.fr\/television\/regardez-compartiment-tueurs-sur-arte-7,155490.php#xtor<\/p>\n<p><strong>-&#8220;Fran\u00e7ois Hollande est souvent trait\u00e9 de fa\u00e7on honteuse&#8221; (Catherine Deneuve, interrog\u00e9e par Fabien Namias; son) :  <\/strong> http:\/\/www.dailymotion.com\/video\/x5f17z1_catherine-deneuve-francois-hollande-est-souvent-traite-de-facon-honteuse_news<\/p>\n<p>-Quand le cin\u00e9ma s&#8217;inspire de la peinture (vid\u00e9o) : http:\/\/www.telerama.fr\/cinema\/quand-le-cinema-s-inspire-de-la-peinture,155460.php#xtor<\/p>\n<p>-Le site IMDb introduit le label &#8220;F&#8221; pour valoriser le travail des femmes (Caroline Besse) :  http:\/\/www.telerama.fr\/cinema\/le-site-imdb-introduit-le-label-f-pour-valoriser-le-travail-des-femmes,155119.php#xtor<\/p>\n<p>-Des femmes cin\u00e9astes ont \u00e9crit \u00e0 Audrey Azoulay, ministre de la Culture : http:\/\/www.50-50magazine.fr\/2017\/03\/13\/lettre-ouverte\/<\/p>\n<p><strong>-La playlist afro-pop de la DJ et productrice Binetou Sylla (20 morceaux; vid\u00e9os, cliquer sur la partie droite) : <\/strong> https:\/\/www.youtube.com\/watch?list=PLc11O-gh3SHRDj9PwUkX2mtCH4ccXoA3u&#038;v=_A0fWBHu9pM<\/p>\n<p><strong>-Dans sa cave de Montreuil (93), Dany Synth\u00e9, &#8220;le d\u00e9mon cach\u00e9 du dance-floor&#8221; (Anne Berthod; vid\u00e9os) :<\/strong> http:\/\/www.telerama.fr\/musique\/dany-synthe-le-demon-cache-du-dance-floor,155453.php#xtor<\/p>\n<p><strong>-&#8220;J&#8217;aime regarder les filles&#8221; de Patrick Coutin (Rebecca Manzoni; vid\u00e9o) :<\/strong> <\/p>\n<p>-Paul Simon encore, avec Fran\u00e7ois Gorin (vid\u00e9o) : http:\/\/www.telerama.fr\/musique\/paul-simon-2-les-joies-fragiles-du-confort,155468.php#xtor<\/p>\n<p><strong>-Camille \u00e9tait l&#8217;invit\u00e9e d&#8217;Augustin Trapenard (son) : <\/strong> https:\/\/www.franceinter.fr\/emissions\/boomerang\/boomerang-17-mars-2017<\/p>\n<p>-Au &#8220;Cube&#8221; d&#8217;Issy-les-Moulineaux (92), jusqu&#8217;au 22 juillet, J\u00e9r\u00f4me Lefdup, cr\u00e9ateur multim\u00e9dia (Thierry Voisin; vid\u00e9o) : http:\/\/www.telerama.fr\/sortir\/entrez-dans-le-monde-loufoque-de-jerome-lefdup-createur-multimedia,155411.php#xtor<\/p>\n<p><strong>-Mathieu Mad\u00e9nian et Thomas VDB ont jou\u00e9 en direct dans &#8220;Quotidien&#8221; le sketch censur\u00e9 par France 2 (J\u00e9r\u00e9mie Maire. Le voir ici; vid\u00e9o) : <\/strong> http:\/\/television.telerama.fr\/television\/mathieu-madenian-et-thomas-vdb-ont-joue-en-direct-dans-quotidien-le-sketch-refuse-par-france-2,155472.php#xtor<\/p>\n<p>-L&#8217;esth\u00e9tique cradingue des pros de l&#8217;amateurisme (Caroline Besse; vid\u00e9o) : http:\/\/television.telerama.fr\/television\/le-food-fountage-ou-les-pros-de-l-amateurisme,154919.php#xtor<\/p>\n<p><strong>-Laurent Cibier, documentariste de gauche, a film\u00e9 son vieux copain de droite Edouard Philippe, d\u00e9put\u00e9-maire LR du Havre (Fran\u00e7ois Ekchajzer; vid\u00e9os) : <\/strong> http:\/\/television.telerama.fr\/television\/edouard-son-toujours-pote-de-droite,155196.php#xtor<\/p>\n<p>-La Bruxelloise Saskia de Ville a pris les r\u00eanes des matinales de France Musique (Laurence Le Saux) : http:\/\/www.telerama.fr\/radio\/avec-saskia-de-ville-france-musique-est-sous-le-signe-de-l-harmonie,154324.php#xtor<\/p>\n<p><strong>-Elle a re\u00e7u le laur\u00e9at du 18e &#8220;Grand prix du lyc\u00e9en compositeur&#8221; (son) : <\/strong> https:\/\/www.francemusique.fr\/emissions\/la-matinale\/karol-beffa-et-benoit-duteurtre-vous-disent-tout-sur-le-grand-prix-lyceen-des-compositeurs-32544<\/p>\n<p><strong>-Le premier d\u00e9bat de premier tour de l&#8217;histoire de l&#8217;\u00e9lection pr\u00e9sidentielle sur TF1 (Anne-Claire Coudray et Gilles Bouleau \u00e9taient les invit\u00e9s de Sonia Devillers; vid\u00e9o) :<\/strong>  http:\/\/www.dailymotion.com\/video\/x5f1jgy_tf1-le-debat-des-candidats-nouvelle-grand-messe-televisee_news<\/p>\n<p>-Demain dimanche sur C8, \u00e0 21h, les candidats \u00e0 l&#8217;\u00e9lection pr\u00e9sidentielle, interrog\u00e9s &#8220;au tableau&#8221; par des enfants (la r\u00e9alisatrice Caroline Delage, interrog\u00e9e par Romain Desarbres; vid\u00e9o) : http:\/\/www.cnews.fr\/chroniques\/linvite-de-la-matinale\/presidentielle-candidats-au-tableau-173711<\/p>\n<p><strong>-Les m\u00e9dias, les enfants et les fausses informations (sons) : <\/strong> https:\/\/www.franceculture.fr\/emissions\/hashtag\/les-medias-et-lecole-contre-les-fausses-informations#xtor<\/p>\n<p><strong>-Le b\u00eatisier de la pr\u00e9sidentielle (Patrick Cohen; vid\u00e9o) : <\/strong> https:\/\/www.franceinter.fr\/emissions\/le-7h43\/le-7h43-17-mars-2017<\/p>\n<p><strong>-&#8220;Es ist mein project&#8221; (Charline Vanoenacker; vid\u00e9o) :  <\/strong> http:\/\/www.dailymotion.com\/video\/x5f152y_macron-en-visite-a-merkel-es-ist-mein-projeeeeekt-le-billet-de-charline_fun<\/p>\n<p>-&#8220;Clause Moli\u00e8re&#8221;, la chanson de Fr\u00e9d\u00e9ric Fromet (vid\u00e9o) : http:\/\/www.dailymotion.com\/video\/x5f2o8s_clause-moliere-la-chanson-de-frederic-fromet_fun<\/p>\n<p>-Le moment Meurice (vid\u00e9o) : http:\/\/www.dailymotion.com\/video\/x5f2rmn_dieu-est-il-une-fake-news-le-moment-meurice_fun<\/p>\n<p><strong>-&#8220;Pr\u00e9sidentielle 2017, De Gaulle en pleure dans son k\u00e9pi&#8221; (Fran\u00e7ois Morel; son) :<\/strong> https:\/\/www.franceinter.fr\/emissions\/le-billet-de-francois-morel\/le-billet-de-francois-morel-17-mars-2017<\/p>\n","protected":false},"excerpt":{"rendered":"<p>ACTUALITE -&#8220;Des universitaires ont r\u00e9\u00e9crit un droit du travail all\u00e9g\u00e9 mais plus protecteur&#8221; (Jean-Christophe Catalon) : http:\/\/www.latribune.fr\/economie\/france\/des-universitaires-ont-reecrit-un-code-du-travail-allege-mais-plus-protecteur-662932.html -Les salari\u00e9s de Renault-Douai &#8220;demandent \u00e0 voir&#8221; (vid\u00e9o) : http:\/\/www.cnews.fr\/economie\/video\/renaultgate-les-salaries-demandent-a-voir-173705 -Gr\u00e8ve des h\u00f4tesses et stewards \u00e0 Air France (vid\u00e9o) : http:\/\/www.francetvinfo.fr\/replay-jt\/france-2\/20-heures\/air-france-l-impossible-reforme_2102275.html -&#8220;Edouard ou la mort d&#8217;un cheminot&#8221; (Audrey Vernon; vid\u00e9o) : https:\/\/www.franceinter.fr\/emissions\/le-billet-d-audrey-vernon\/le-billet-d-audrey-vernon-17-mars-2017 -La note de conjoncture de mars [&hellip;]<\/p>\n","protected":false},"author":1042,"featured_media":0,"comment_status":"open","ping_status":"open","sticky":false,"template":"","format":"standard","meta":{"_themeisle_gutenberg_block_has_review":false,"footnotes":""},"categories":[151],"tags":[],"class_list":["post-10269","post","type-post","status-publish","format-standard","hentry","category-la-revue-de-presse-de-lulu"],"_links":{"self":[{"href":"https:\/\/archives.regards.fr\/index.php?rest_route=\/wp\/v2\/posts\/10269","targetHints":{"allow":["GET"]}}],"collection":[{"href":"https:\/\/archives.regards.fr\/index.php?rest_route=\/wp\/v2\/posts"}],"about":[{"href":"https:\/\/archives.regards.fr\/index.php?rest_route=\/wp\/v2\/types\/post"}],"author":[{"embeddable":true,"href":"https:\/\/archives.regards.fr\/index.php?rest_route=\/wp\/v2\/users\/1042"}],"replies":[{"embeddable":true,"href":"https:\/\/archives.regards.fr\/index.php?rest_route=%2Fwp%2Fv2%2Fcomments&post=10269"}],"version-history":[{"count":0,"href":"https:\/\/archives.regards.fr\/index.php?rest_route=\/wp\/v2\/posts\/10269\/revisions"}],"wp:attachment":[{"href":"https:\/\/archives.regards.fr\/index.php?rest_route=%2Fwp%2Fv2%2Fmedia&parent=10269"}],"wp:term":[{"taxonomy":"category","embeddable":true,"href":"https:\/\/archives.regards.fr\/index.php?rest_route=%2Fwp%2Fv2%2Fcategories&post=10269"},{"taxonomy":"post_tag","embeddable":true,"href":"https:\/\/archives.regards.fr\/index.php?rest_route=%2Fwp%2Fv2%2Ftags&post=10269"}],"curies":[{"name":"wp","href":"https:\/\/api.w.org\/{rel}","templated":true}]}}