{"id":10266,"date":"2017-03-17T06:57:10","date_gmt":"2017-03-17T05:57:10","guid":{"rendered":"https:\/\/wp.muchomaas.com\/article-la-revue-du-17-mars-2017\/"},"modified":"2017-03-17T06:57:10","modified_gmt":"2017-03-17T05:57:10","slug":"article-la-revue-du-17-mars-2017","status":"publish","type":"post","link":"https:\/\/archives.regards.fr\/?p=10266","title":{"rendered":"La Revue du 17 mars 2017"},"content":{"rendered":"<p><strong>ACTUALITE<\/strong><\/p>\n<p>-&#8220;Dieselgate, une enqu\u00eate judiciaire est en cours chez Renault pour &#8220;tromperie aggrav\u00e9e&#8221; : http:\/\/www.lemonde.fr\/economie\/article\/2017\/03\/16\/dieselgate-tout-comprendre-au-cas-de-renault_5095763_3234.html<\/p>\n<p><strong>-&#8220;Si c&#8217;\u00e9tait av\u00e9r\u00e9, ce ne sont pas les salari\u00e9s de Renault qui devront en faire les frais. Notre enqu\u00eate montre que les salari\u00e9s veulent qu&#8217;on les \u00e9coute, qu&#8217;ils soient associ\u00e9s aux d\u00e9cisions qui les concernent. Elle (Mme Le Pen) ne gagnera pas. La CFDT n&#8217;aura pas de candidat&#8221; (Laurent Berger, secr\u00e9taire de la CFDT, interrog\u00e9 par Thomas Sotto; vid\u00e9o) : <\/strong> http:\/\/www.europe1.fr\/emissions\/l-interview-verite\/laurent-berger-la-cfdt-ne-soutient-pas-de-candidat-3003944<\/p>\n<p><em>-Les r\u00e9sultats de l&#8217;enqu\u00eate (fichiers \u00e0 t\u00e9l\u00e9charger) : <\/em> https:\/\/www.cfdt.fr\/portail\/presse\/dossiers-de-presse\/publication-des-resultats-de-l-enquete-parlons-travail-srv1_415333<\/p>\n<p>-La conf\u00e9rence de presse pour leur pr\u00e9sentation (Laurent Berger et Herv\u00e9 Garnier, secr\u00e9taires nationaux de la CFDT; vid\u00e9o) :  https:\/\/www.cfdt.fr\/portail\/vie-au-travail\/-video-la-conference-de-presse-de-presentation-des-resutats-de-parlons-travail-srv2_415280<\/p>\n<p><strong>-La restitution et le grand oral des candidats (Alexis Corbi\u00e8re pour Jean-Luc M\u00e9lenchon, Beno\u00eet Hamon, Emmanuel Macron et Fran\u00e7ois Fillon; vid\u00e9o) : <\/strong> https:\/\/www.cfdt.fr\/portail\/vie-au-travail\/-video-parlons-travail-les-resultats-et-le-grand-oral-des-candidats-srv1_415495<\/p>\n<p>-Emma\u00fcs interpelle les candidats (vid\u00e9o) : http:\/\/www.francetvinfo.fr\/elections\/pauvrete-emmaus-interpelle-les-candidats-a-la-presidentielle_2100069.html<\/p>\n<p>-Les fonctionnaires partent de plus en plus tard \u00e0 la retraite (vid\u00e9o) : http:\/\/www.francetvinfo.fr\/economie\/retraite\/reforme-des-retraites\/fonctionnaires-ils-partent-a-la-retraite-de-plus-en-plus-tard_2100417.html<\/p>\n<p><strong>-La renaissance de la biscuiterie Jeannette (vid\u00e9o) : <\/strong> http:\/\/www.francetvinfo.fr\/replay-jt\/france-3\/19-20\/biscuiterie-jeannette-les-secrets-d-une-renaissance-economique_2100515.html<\/p>\n<p>-&#8220;Il y a une vraie reprise dans le tourisme. Il y a encore beaucoup de choses \u00e0 faire dans un secteur qui repr\u00e9sente plus du double de l&#8217;agriculture. On a trop eu un comportement de rentier. Nous perdons des parts de march\u00e9 depuis des ann\u00e9es&#8221; (Dominique Marcel, PDG de la Compagnie des Alpes; interrog\u00e9 par Nicolas Pierron; vid\u00e9o) : https:\/\/www.dailymotion.com\/video\/x5ey5sa_les-pouvoirs-publics-et-les-acteurs-du-tourisme-doivent-agir-dominique-marcel-16-03-2017_news<\/p>\n<p><strong>-&#8220;Nouveau scandale sanitaire dans un \u00e9levage breton de cochons&#8221; (Audrey Garric; vid\u00e9o) : <\/strong> http:\/\/www.lemonde.fr\/planete\/article\/2017\/03\/16\/scandale-sanitaire-dans-un-elevage-breton-de-cochons_5095235_3244.html<\/p>\n<p>-La mauvaise nourriture \u00e0 l&#8217;h\u00f4pital (vid\u00e9o) : http:\/\/www.francetvinfo.fr\/sante\/alimentation\/alimentation-la-mauvaise-nourriture-a-l-hopital_2100081.html<\/p>\n<p>-&#8220;De l&#8217;engrais avec des vers de terre&#8221; (Nathalie Fontrel; son) :  https:\/\/www.franceinter.fr\/emissions\/planete-environnement\/planete-environnement-16-mars-2017<\/p>\n<p>-Oppos\u00e9s \u00e0 la fusion avec le Racing 92, les joueurs de rugby du Stade Fran\u00e7ais  d\u00e9posent un pr\u00e9vis de gr\u00e8ve illimit\u00e9e (vid\u00e9o) : http:\/\/www.liberation.fr\/video\/2017\/03\/15\/rugby-un-preavis-de-greve-illimitee-depose-par-les-joueurs-du-stade-francais_1555904?xtor<\/p>\n<p>-&#8220;L&#8217;affaire Dutroux, jou\u00e9e par des enfants au th\u00e9\u00e2tre, scandalise&#8221; :  https:\/\/www.valeursactuelles.com\/societe\/laffaire-dutroux-jouee-par-des-enfants-au-theatre-scandalise-73346<\/p>\n<p>-A Saint-Ouen (93), un gymnase scolaire ferm\u00e9 pour cause de trafic de drogue (Gwenael Bourdon) : http:\/\/www.leparisien.fr\/saint-ouen-93400\/a-saint-ouen-le-gymnase-cerne-par-le-trafic-ferme-ses-portes-15-03-2017-6765603.php#xtor<\/p>\n<p>-Un fr\u00e8re d&#8217;Adama Traor\u00e9 condamn\u00e9 \u00e0 18 mois de prison pour violences en r\u00e9union : http:\/\/www.lemonde.fr\/police-justice\/article\/2017\/03\/15\/jusqu-a-deux-ans-de-prison-requis-contre-un-frere-d-adama-traore_5095122_1653578.html <\/p>\n<p>-Apr\u00e8s sa mise en examen, que risque Fran\u00e7ois Fillon (Franck Johann\u00e8s; vid\u00e9o) : http:\/\/www.lemonde.fr\/affaire-penelope-fillon\/video\/2017\/03\/15\/mis-en-examen-que-risque-francois-fillon_5094805_5070021.html<\/p>\n<p>-L&#8217;enqu\u00eate \u00e9tendue \u00e0 ses costumes : http:\/\/www.lemonde.fr\/affaire-penelope-fillon\/article\/2017\/03\/16\/affaire-fillon-l-enquete-etendue-aux-costumes-offerts-au-candidat_5095829_5070021.html<\/p>\n<p><strong>-L&#8217;opposition \u00e0 la mine d&#8217;or g\u00e9ante en Guyane (Baptiste Gaborit; son du 16 mars) : <\/strong> https:\/\/www.radioclassique.fr\/radio\/emissions\/matinale-de-radio-classique\/3-minutes-planete\/<\/p>\n<p><strong>-Sa\u00efd Hammouche, &#8220;le DRH des banlieues&#8221;, \u00e9tait l&#8217;invit\u00e9 de Jean-Paul Chapel (vid\u00e9o) :<\/strong> http:\/\/www.francetvinfo.fr\/economie\/emploi\/recherche-d-emploi\/recrutement\/video-diversite-au-nom-de-la-discrimination-positive-on-ne-fait-rien-selon-said-hammouche_2100353.html<\/p>\n<p>-&#8220;Le nombre d&#8217;armes illicites en France est tr\u00e8s \u00e9lev\u00e9&#8221; (Me Lienard, avocat au barreau de Paris; son) : http:\/\/www.francetvinfo.fr\/societe\/education\/fusillade-dans-un-lycee-a-grasse-les-armes-illicites-en-france-se-comptent-en-millions_2100121.html<\/p>\n<p>-&#8220;Je n&#8217;ai pas fini ma mission&#8221; (l&#8217;agresseur \u00e0 Pascal Baudesson, le gardien du lyc\u00e9e Tocqueville de Grasse; vid\u00e9o) : http:\/\/www.francetvinfo.fr\/france\/provence-alpes-cote-d-azur\/video-il-m-a-balance-un-baton-de-dynamite-artisanal-temoigne-le-gardien-de-la-salle-des-sports-du-lycee-de-grasse_2100399.html<\/p>\n<p><strong>POLITIQUE<\/strong><\/p>\n<p>-&#8220;Les institutions actuelles accordent \u00e0 un seul homme \u00e9norm\u00e9ment de pouvoirs, dans l&#8217;impunit\u00e9. Le droit de r\u00e9voquer les \u00e9lus sera pr\u00e9cis\u00e9 par l&#8217;Assembl\u00e9e constituante, en s&#8217;inspirant de ce qui se fait d\u00e9j\u00e0 dans certains pays&#8221; (Raquel Garrido, porte-parole de Jean-Luc M\u00e9lenchon, invit\u00e9e d&#8217;Eric Delvaux; son) :   https:\/\/www.franceinter.fr\/emissions\/l-invite-du-5-7\/l-invite-du-5-7-16-mars-2017<\/p>\n<p>-&#8220;Si l&#8217;extr\u00eame-droite monte en Europe, c&#8217;est aussi parce que l&#8217;Europe d\u00e9sesp\u00e8re les peuples&#8221; (Dani\u00e8le Simonnet, porte-parole de &#8220;La France insoumise&#8221;, interrog\u00e9e par Fr\u00e9d\u00e9ric Rivi\u00e8re; vid\u00e9o) :  http:\/\/www.rfi.fr\/video\/20170316-danielle-simonnet-extreme-droite-monte-europe-parce-europe-desespere-peuples<\/p>\n<p><strong>-&#8220;Je pr\u00e9f\u00e8re la politique utile au vote utile. Le vrai probl\u00e8me, ce n&#8217;est pas qu&#8217;il y ait deux candidats \u00e0 gauche, c&#8217;\u00e9tait d\u00e9j\u00e0 le cas les autres fois et \u00e7a n&#8217;a pas emp\u00each\u00e9 Mitterrand et Hollande de gagner.  Le vrai probl\u00e8me, c&#8217;est que le Parti socialiste est pass\u00e9 de 25, 26% au premier tour \u00e0 13 ou 14% cette fois et qu&#8217;on demande \u00e0 Jean-Luc M\u00e9lenchon de faire l&#8217;appoint &#8221; (Le psychanalyste G\u00e9rard Miller \u00e9tait l&#8217;invit\u00e9 de la matinale de LCI; vid\u00e9o) <\/strong> : http:\/\/www.lci.fr\/replay\/replay-l-invite-de-8h45-de-lci-matin-gerard-miller-2029244.html%3Ftype=content<\/p>\n<p><strong>-Avec l&#8217;\u00e9conomiste Jacques G\u00e9n\u00e9reux, auteur de &#8220;Les bonnes raisons de voter M\u00e9lenchon&#8221;, ils \u00e9taient les invit\u00e9s des Matins de Guillaume Erner sur France Culture (sons) :<\/strong>  https:\/\/www.franceculture.fr\/emissions\/linvite-des-matins\/la-campagne-insoumise-de-jean-luc-melenchon                                                                https:\/\/www.franceculture.fr\/emissions\/linvite-des-matins-2eme-partie\/la-campagne-insoumise-de-jean-luc-melenchon-2eme-partie<\/p>\n<p>-&#8220;Une fois qu&#8217;ils arriveront \u00e0 l&#8217;Elys\u00e9e, ils y appliqueront le programme du grand patronat. Je ne veux pas \u00eatre la marionnette de ce syst\u00e8me. Au deuxi\u00e8me tour, je ne pr\u00e9f\u00e8re ni les uns ni les autres&#8221; (Nathalie Arthaud, candidate de LO \u00e0 l&#8217;\u00e9lection pr\u00e9sidentielle; interrog\u00e9e par Jean-Jacques Bourdin; vid\u00e9o) : http:\/\/www.bfmtv.com\/mediaplayer\/video\/nathalie-arthaud-face-a-jean-jacques-bourdin-en-direct-924487.html<\/p>\n<p><strong>-Les propositions de Beno\u00eet Hamon (vid\u00e9os) : <\/strong> https:\/\/www.publicsenat.fr\/article\/politique\/benoit-hamon-toutes-ses-propositions-en-videos-57301<\/p>\n<p>-&#8220;La relance par le programme ?&#8221; (en d\u00e9bat sur CNews; vid\u00e9o) : http:\/\/www.cnews.fr\/chroniques\/le-grand-decryptage\/le-grand-decryptage-173703<\/p>\n<p>-&#8220;Il copie Montebourg&#8221; (S\u00e9bastien Billard) : http:\/\/tempsreel.nouvelobs.com\/presidentielle-2017\/20170316.OBS6676\/made-in-france-nationalisations-benoit-hamon-copie-montebourg.html#xtor<\/p>\n<p><strong>-&#8220;J&#8217;appelle au retrait de la candidature de M\u00e9lenchon. On a d\u00e9j\u00e0 perdu le Parti communiste, on va maintenant perdre le parti socialiste ?&#8221; (Arnaud Montebourg, interrog\u00e9 par Alexandra Bensa\u00efd; vid\u00e9o) : <\/strong> http:\/\/www.dailymotion.com\/video\/x5exymq_arnaud-montebourg-repond-aux-questions-d-alexandra-bensaid_news<\/p>\n<p>-Thomas Piketty \u00e9tait l&#8217;invit\u00e9 de &#8220;C \u00e0 vous&#8221; sur France 5. On remarquera la diff\u00e9rence de comportement des animateurs de l&#8217;\u00e9mission avec celui qui fut le leur face \u00e0 Jean-Luc M\u00e9lenchon. Vive le service public ! (vid\u00e9o) : http:\/\/www.france5.fr\/emissions\/c-a-vous\/videos\/la_campagne_de_hamon_par_piketty_-__16-03-2017_1513561?origin=ftvsite_homepage<\/p>\n<p>-&#8220;Sous ce quinquennat, il y a eu beaucoup de manque de respect. Je rappelle que Beno\u00eet Hamon a ourdi une motion de censure contre son propre gouvernement. Pour la premi\u00e8re fois, depuis 1971,  le Parti communiste et M\u00e9lenchon ont rompu  l&#8217;union de la gauche. Comme nous constatons l&#8217;\u00e9mergence d&#8217;un nouveau centre, nous sommes donc dans une situation politique nouvelle. La seule id\u00e9e de cette \u00e9lection, c&#8217;est le revenu universel que je ne partage pas totalement&#8221; (Jean-Christophe Cambad\u00e9lis, face \u00e0 Guillaume Durand; vid\u00e9o) : https:\/\/www.dailymotion.com\/video\/x5ey6bz_nous-constatons-pour-la-premiere-fois-l-emergence-d-un-nouveau-centre-jean-christophe-cambadelis-16_news<\/p>\n<p>-&#8220;C&#8217;est un projet tr\u00e8s marqu\u00e9 \u00e0 gauche. Il n&#8217;a pas beaucoup de circonscriptions \u00e0 offrir pour obtenir des ralliements. Il n&#8217;est pas consid\u00e9r\u00e9 comme un vainqueur potentiel&#8221; (Christophe Barbier; vid\u00e9o) :  http:\/\/www.bfmtv.com\/mediaplayer\/video\/l-edito-de-christophe-barbier-focus-sur-le-projet-presidentiel-de-benoit-hamon-924423.html<\/p>\n<p>-Le PRG soutient Beno\u00eet Hamon et annonce un accord avec le PS pour les \u00e9lections l\u00e9gislatives&#8221; (Thomas Liabot) : http:\/\/www.lejdd.fr\/Politique\/Le-PRG-soutient-Hamon-et-annonce-un-accord-avec-le-PS-pour-les-legislatives-854681<\/p>\n<p>-&#8220;Je ne sais pas s&#8217;il a deux cerveaux mais il (Emmanuel Macron) est capable de dire un point et son contraire sur beaucoup de sujets&#8221; (C\u00e9cile Duflot, d\u00e9put\u00e9e \u00e9cologiste de Paris, invit\u00e9e de la matinale de Franceinfo; son et vid\u00e9os) : http:\/\/www.francetvinfo.fr\/replay-radio\/8h30-aphatie\/presidentielle-ecologie-cannabis-cecile-duflot-pointe-les-contradictions-d-emmanuel-macron_2078295.html<\/p>\n<p>-&#8220;Je crois qu&#8217;Emmanuel Macron a tort vis \u00e0 vis de Valls. On peut mener une politique commune avec lui, avec Le Drian&#8230;M\u00e9lenchon, c&#8217;est une course \u00e0 l&#8217;impr\u00e9cation, Hamon, \u00e0 l&#8217;utopie. Ils sont dans des logiques de niches, pour Beno\u00eet Hamon, pour la direction de ce qui restera du PS. Pour M\u00e9lenchon, pour la cr\u00e9ation d&#8217;une grande force de contestation de type Podemos&#8221; (Jean-Louis Bourlanges, ancien eurod\u00e9put\u00e9 centriste; vid\u00e9o) : https:\/\/www.dailymotion.com\/video\/x5ey6wr_l-arrivee-des-robots-ne-signe-pas-la-fin-du-travail-nicolas-bouzou-16-03-2017_news<\/p>\n<p><strong>-&#8220;La France retrouvera sa souverainet\u00e9 gr\u00e2ce \u00e0 l&#8217;Europe. Le libre-\u00e9change, c&#8217;est aussi le respect des r\u00e8gles en Europe et en Chine. Nous sommes pour la protection, pas pour le protectionnisme. Mme Le Pen n&#8217;est pas pour le patriotisme, elle est pour le nationalisme. On peut \u00eatre patriote et pour l&#8217;Europe. Le pr\u00e9sident de la R\u00e9publique devrait rester neutre. Nous avons plus d&#8217;anciens ministres de droite que de gauche. Notre majorit\u00e9 sera pluraliste avec des repr\u00e9sentants de toutes les sensibilit\u00e9s de l&#8217;axe r\u00e9publicains et surtout de la soci\u00e9t\u00e9 civile. Le projet de Beno\u00eet Hamon est une bonne synth\u00e8se d&#8217;un congr\u00e8s du Parti socialiste, avec du Montebourg, du Peillon&#8230; Le droit de vote des \u00e9trangers, cela fait 35 ans que le PS le propose&#8221;  (Benjamin Griveaux, porte-parole d&#8217;Emmanuel Macron, invit\u00e9 d&#8217;Olivier Galzi; vid\u00e9o)<\/strong> : http:\/\/www.cnews.fr\/chroniques\/linvite-dolivier-galzi\/benjamin-griveaux-invite-dolivier-galzi-173701<\/p>\n<p>-&#8220;En qu\u00eate d&#8217;adoubement \u00e0 Berlin&#8221; (vid\u00e9o) : http:\/\/www.francetvinfo.fr\/politique\/emmanuel-macron\/presidentielle-2017-emmanuel-macron-en-quete-dadoubement-a-berlin_2100511.html<\/p>\n<p>-Le s\u00e9nateur LR Jean-Baptiste Lemoyne rallie Emmanuel Macron (vid\u00e9o) : https:\/\/www.dailymotion.com\/video\/x5ewm8g_jean-baptiste-lemoyne-rallie-emmanuel-macron_tv<\/p>\n<p><strong>-&#8220;Les ralliements ne sont pas tous les bienvenus. Sur 13 000 candidatures,  60, 70% ne se sont jamais engag\u00e9es dans la vie politique. Elles seront connues \u00e0 l&#8217;issue du second tour de l&#8217;\u00e9lection pr\u00e9sidentielle, parce que le paysage change tous les jours&#8221; (Jean-Paul Delevoye, pr\u00e9sident de la commission des investitures de &#8220;En marche !&#8221;; interrog\u00e9 par Fabien Namias; vid\u00e9o) :<\/strong> http:\/\/www.dailymotion.com\/video\/x5eyuns_jean-paul-delevoye-les-ralliements-ne-sont-pas-tous-les-bienvenus_news<\/p>\n<p>-&#8220;Fillon, je pr\u00e9f\u00e8re \u00eatre moi que lui. Macron est le candidat des d\u00eeners en ville&#8221; (Henri Guaino, d\u00e9put\u00e9 LR des Yvelines, invit\u00e9 de &#8220;\/.Pol&#8221;; vid\u00e9o) : http:\/\/www.dailymotion.com\/video\/x5eyuf5_guaino-critique-fillon-qui-imagine-de-gaulle-dire-je-suis-le-candidat-catholique_news<\/p>\n<p>-&#8220;La gauche manque d&#8217;un architecte. A gauche, tout le monde fait ce qu&#8217;il veut apr\u00e8s s&#8217;\u00eatre engag\u00e9 \u00e0 respecter le r\u00e9sultat de la primaire. Macron veut bien des \u00e9lecteurs du PS, mais pas des dirigeants associ\u00e9s au quinquennat&#8221; (Guillaume Tabard du &#8220;Figaro&#8221;; son du 16 mars) :  https:\/\/www.radioclassique.fr\/radio\/emissions\/matinale-de-radio-classique\/22630-2\/<\/p>\n<p>-&#8220;C&#8217;est aujourd&#8217;hui que mon destin se joue. Je suis \u00e0 plus ou moins deux ou trois parrainages. Les Fran\u00e7ois ne croient plus en rien et en personne&#8221; (Jean Lassalle, d\u00e9put\u00e9 des Pyr\u00e9n\u00e9es-Atlantiques; interrog\u00e9 par Guillaume Durand; son du 16 mars) : https:\/\/www.radioclassique.fr\/radio\/emissions\/matinale-de-radio-classique\/l-invite-du-matin\/ <\/p>\n<p>-&#8220;Marine Le Pen ne peut pas incarner l&#8217;esp\u00e9rance. Les \u00e9lecteurs attendent de nous autre chose que les politiques men\u00e9es depuis 30 ans. Fran\u00e7ois Fillon est debout, balafr\u00e9&#8221;  (G\u00e9rard Larcher, pr\u00e9sident LR du S\u00e9nat, interrog\u00e9 par Jeff Wittenberg; vid\u00e9o) : http:\/\/www.france2.fr\/emissions\/telematin\/actu\/les-4-verites-gerard-larcher_559497<\/p>\n<p><strong>-Au Trocad\u00e9ro, Fran\u00e7ois Fillon a copi\u00e9\/coll\u00e9 le discours de premier ministre qu&#8217;il avait fait \u00e0 l&#8217;Assembl\u00e9e nationale en 2007 ! (vid\u00e9o) :<\/strong> http:\/\/tempsreel.nouvelobs.com\/en-direct\/a-chaud\/34525-fillon-trocadero-francois-fillon-plagie-phrases-entieres.html<\/p>\n<p>-&#8220;Pour l&#8217;instant, il ne se qualifie pas pour le 2e tour&#8221; (Fr\u00e9d\u00e9ric Dabi, directeur adjoint de l&#8217;IFOP, interrog\u00e9 par Romain Desarbres; vid\u00e9o) : http:\/\/www.cnews.fr\/chroniques\/linvite-de-la-matinale\/linvite-de-la-matinale-173642<\/p>\n<p>-&#8220;La seule chose de bien qu&#8217;ait faite Emmanuel Macron, c&#8217;est d&#8217;emp\u00eacher Fran\u00e7ois Hollande d&#8217;\u00eatre candidat&#8221; (Jean Fran\u00e7ois Cop\u00e9, d\u00e9put\u00e9 LR de Seine-et-Marne; vid\u00e9o) :<br \/>\nhttp:\/\/www.lci.fr\/replay\/replay-l-invite-politique-de-8h15-jean-francois-cope-2029240.html%3Ftype=content<\/p>\n<p>-&#8220;Voter utile, c&#8217;est voter inutile&#8221; (Nicolas Dupont-Aignan, d\u00e9put\u00e9 des Yvelines, candidat de &#8220;Debout la France&#8221;; vid\u00e9o) : http:\/\/www.lcp.fr\/actualites\/nicolas-dupont-aignan-voter-utile-cest-voter-inutile<\/p>\n<p>-Il \u00e9tait l&#8217;invit\u00e9 de &#8220;Question de m\u00e9thode&#8221; sur LCP (vid\u00e9o, amener le curseur sur 15:40) : http:\/\/www.lcp.fr\/emissions\/politique-matin\/282411-politique-matin<\/p>\n<p><strong>-Le camp d&#8217;h\u00e9bergement du XVIe arrondissement de Paris, un an apr\u00e8s (Thomas Legrand; son) <\/strong> : https:\/\/www.franceinter.fr\/emissions\/l-edito-politique\/l-edito-politique-16-mars-2017<\/p>\n<p>-&#8220;Une pr\u00e9sidentielle au banc des accus\u00e9s&#8221; (Yves Thr\u00e9ard du &#8220;Figaro&#8221;; vid\u00e9o) : http:\/\/www.dailymotion.com\/video\/x5eyu9c_une-presidentielle-au-banc-des-accuses_news<\/p>\n<p><strong>-&#8220;Comment votent les jeunes&#8221; (Michel Abescat s&#8217;entretient avec Fabienne Pascaud; vid\u00e9o) <\/strong> : http:\/\/www.telerama.fr\/idees\/dans-les-coulisses-de-telerama-comment-votent-les-jeunes,155442.php#xtor<\/p>\n<p>-&#8220;Les Fran\u00e7ais, grands absents d&#8217;une non-campagne pr\u00e9sidentielle&#8221; (Antonin Andr\u00e9; vid\u00e9o) : http:\/\/www.europe1.fr\/politique\/les-francais-grands-absents-dune-non-campagne-presidentielle-3003920#xtor<\/p>\n<p><strong>-Paul Quil\u00e8s interroge les candidats sur leur position sur l&#8217;arme nucl\u00e9aire :  <\/strong>     http:\/\/paul.quiles.over-blog.com\/2017\/03\/il-elle-aura-le-pouvoir-d-engager-les-forces-nucleaires.html<\/p>\n<p>-&#8220;De Le Pen \u00e0 M\u00e9lenchon, les multiples sens du mot &#8220;la\u00efcit\u00e9&#8221; (Sylvie Chayette; vid\u00e9o) : http:\/\/www.lemonde.fr\/election-presidentielle-2017\/video\/2017\/03\/14\/de-le-pen-a-melenchon-les-multiples-sens-du-mot-laicite_5094276_4854003.html<\/p>\n<p>-Nicolas Bay, secr\u00e9taire g\u00e9n\u00e9ral du FN, \u00e9tait l&#8217;invit\u00e9 de la matinale de France Inter (vid\u00e9os) : http:\/\/www.dailymotion.com\/video\/x5ey1x4_nicolas-bay-repond-aux-questions-de-patrick-cohen_news                                                                 http:\/\/www.dailymotion.com\/video\/x5ey48s_nicolas-bay-repond-aux-questions-des-auditeurs-de-france-inter_news                                                                 <\/p>\n<p><strong>-Sur C8, \u00e9mission sp\u00e9ciale, &#8220;La face cach\u00e9e du FN&#8221; (vid\u00e9o) <\/strong> : http:\/\/replay.c8.fr\/video\/1440202<\/p>\n<p>-A la suite des propos tenus dans cette \u00e9mission, Beno\u00eet Loeuillet, conseiller r\u00e9gional FN en PACA, est suspendu (Perrine Dutreil) : http:\/\/television.telerama.fr\/television\/c8-s-invite-dans-la-campagne-du-fn-un-cadre-du-parti-suspendu,155440.php<\/p>\n<p>-Rencontre avec les journalistes Mathias Destal et Marine Turchi, auteurs de &#8220;Marine est au courant de tout&#8221; (entretien r\u00e9alis\u00e9 par H\u00e9l\u00e8ne Marzolf) : http:\/\/television.telerama.fr\/television\/marine-le-pen-passe-son-temps-a-dire-qu-elle-ne-sait-rien-des-affaires-du-fn-c-est-faux,155432.php#xtor<\/p>\n<p>-&#8220;Et si Marine Le Pen l&#8217;emportait&#8230;&#8221; (Ivan Best) : http:\/\/www.latribune.fr\/opinions\/tribunes\/et-si-marine-le-pen-661921.html<\/p>\n<p><em>-Les intentions de vote au 16 mars (IFOP) : <\/em> http:\/\/dataviz.ifop.com:8080\/HNS\/HNSAdmin\/start.appli?appid=60930&#038;logonUser=USERWEB&#038;logonPswcd=ZnJhbmNvaXNF<\/p>\n<p><em>-Le m\u00eame (OPINION-WAY) :<\/em> http:\/\/opinionlab.opinion-way.com\/opinionlab\/832\/627\/presitrack.html#m6<\/p>\n<p><strong>EUROPE-MONDE<\/strong><\/p>\n<p>-Le morcellement des formations politiques aux Pays-Bas (Didier Burg) : https:\/\/www.lesechos.fr\/monde\/europe\/0211883821339-pays-bas-le-liberal-rutte-lemporte-aux-legislatives-2072766.php<\/p>\n<p><strong>-Premi\u00e8res analyses (Thierry Garcin; son et vid\u00e9os) : <\/strong> https:\/\/www.franceculture.fr\/emissions\/les-enjeux-internationaux\/pays-bas-legislatives-premiers-enseignements-pour-la-haye-et#xtor<\/p>\n<p>-&#8220;Les europhiles r\u00e9confort\u00e9s par la victoire de lib\u00e9raux aux Pays-Bas&#8221; : http:\/\/www.euractiv.fr\/section\/elections\/news\/la-victoire-des-liberaux-aux-pays-bas-reconforte-les-europhiles\/?nl_ref<\/p>\n<p>-&#8220;Les Pays-Bas choisissent l&#8217;Europe et le centre&#8221; (Bernard Guetta; son) : https:\/\/www.franceinter.fr\/emissions\/geopolitique\/geopolitique-16-mars-2017<\/p>\n<p>-Avec le parti de &#8220;la gauche verte&#8221; qui passe de 4 \u00e0 14 \u00e9lus ! (Fr\u00e9d\u00e9ric Lema\u00eetre) : http:\/\/www.lemonde.fr\/international\/article\/2017\/03\/16\/aux-pays-bas-comme-en-autriche-les-verts-ont-su-incarner-l-opposition-a-l-extreme-droite_5095554_3210.html<\/p>\n<p>-La mont\u00e9e de l&#8217;extr\u00eame droite en Europe (vid\u00e9o) : http:\/\/newscdn.newsrep.net\/h5\/nrvideo.html?r=3&#038;lan=fr_FR&#038;pid=14&#038;id=yOa3bfbeff5_fr&#038;app_lan=fr_FR&#038;mcc=208&#038;declared_lan<\/p>\n<p><strong>-L&#8217;abandon probable de &#8220;la taxe Google&#8221; d\u00e9sole les \u00e9diteurs de presse (Fr\u00e9d\u00e9ric Simon) :<\/strong> http:\/\/www.euractiv.fr\/section\/affaires-publiques\/news\/european-media-deeply-regrets-eu-plans-to-ditch-search-engine-payouts\/?nl_ref<\/p>\n<p>-Le Parlement europ\u00e9en valide une version \u00e9dulcor\u00e9e de la directive armes \u00e0 feu (Daniel M\u00fctzel) : http:\/\/www.euractiv.fr\/section\/politique\/news\/meps-finalise-watered-down-update-of-eu-gun-law\/<\/p>\n<p>-&#8220;La clause Moli\u00e8re menace la r\u00e9forme des travailleurs d\u00e9tach\u00e9s&#8221; (Catherine Stupp et C\u00e9cile Barbi\u00e8re) : http:\/\/www.euractiv.fr\/section\/politique\/news\/la-clause-moliere-menace-la-reforme-des-travailleurs-detaches\/<\/p>\n<p>-Un vent de fronde contre elle (Hughes Beaudoin; son du 15 mars) : https:\/\/www.radioclassique.fr\/radio\/emissions\/le-19h20h\/24h-en-europe\/<\/p>\n<p><strong>-Le secteur agricole peine \u00e0 reconna\u00eetre la place des femmes (Sarantis Michalopoulos) <\/strong> : http:\/\/www.euractiv.fr\/section\/agriculture-alimentation\/news\/multifunctional-women-could-save-eus-rural-areas\/<\/p>\n<p>-D\u00e9j\u00e0 trois ans de retard pour l&#8217;\u00e9tiquetage de l&#8217;alcool (Sarantis Michalopoulos) : http:\/\/www.euractiv.fr\/section\/sante-modes-de-vie\/news\/commission-grants-industry-additional-year-to-propose-alcohol-labelling-information\/<\/p>\n<p>-&#8220;Le FN co\u00fbte cher au Parlement europ\u00e9en&#8221; (C\u00e9cile Barbi\u00e8re) : http:\/\/www.euractiv.fr\/section\/institutions\/news\/obstruction-subventions-le-fn-coute-cher-au-parlement-europeen\/?nl_ref<\/p>\n<p><strong>-&#8220;Entre Macron et Hamon, les socialistes europ\u00e9ens h\u00e9sitent&#8221; (C\u00e9cile Barbi\u00e8re) : <\/strong> http:\/\/www.euractiv.fr\/section\/elections\/news\/entre-macron-et-hamon-les-socialistes-europeens-hesitent\/<\/p>\n<p>-A Berlin, &#8220;la voix de Macron fait mouche&#8221; (vid\u00e9o) : http:\/\/www.europe1.fr\/politique\/presidentielle-a-berlin-la-voix-de-macron-fait-mouche-3003860#xtor<\/p>\n<p>-&#8220;Juncker tente de rassembler les pro-europ\u00e9ens du Parlement&#8221; (C\u00e9cile Barbi\u00e8re) : http:\/\/www.euractiv.fr\/section\/avenir-de-l-ue\/news\/juncker-tente-de-rassembler-les-pro-europeens-au-parlement\/<\/p>\n<p>-Des artistes anglo-saxons ont voulu rappeler aux Europ\u00e9ens les le\u00e7ons du Brexit et de l&#8217;\u00e9lection de Trump (vid\u00e9o sous-titr\u00e9e) : http:\/\/www.telerama.fr\/monde\/des-artistes-anglo-saxons-ont-un-message-pour-les-electeurs-europeens,155456.php#xtor<\/p>\n<p>-L&#8217;Allemagne met sous pression les r\u00e9seaux sociaux qui diffusent des messages de haine (Catherine Stupp) : http:\/\/www.euractiv.fr\/section\/justice-affaires-interieures\/news\/germany-plans-to-fine-social-media-platforms-millions-over-hate-speech\/<\/p>\n<p>-Le Royaume-Uni interdit aux d\u00e9put\u00e9s d&#8217;embaucher un proche :                       http:\/\/www.francetvinfo.fr\/monde\/royaume-uni\/le-royaume-uni-interdit-aux-deputes-d-employer-l-un-de-leurs-proches_2099627.html#xtor<\/p>\n<p>-L&#8217;eurod\u00e9put\u00e9 polonais sanctionn\u00e9 pour ses propos sexistes en sourit (vid\u00e9o) : http:\/\/www.lemonde.fr\/europe\/video\/2017\/03\/15\/sanctionne-pour-ses-propos-sexistes-un-depute-polonais-sourit-en-apprenant-sa-sanction_5095078_3214.html<\/p>\n<p>-Croatie et Roumanie veulent red\u00e9marrer l&#8217;\u00e9largissement  de l&#8217;Union europ\u00e9enne :<br \/>\nhttp:\/\/www.euractiv.fr\/section\/l-europe-dans-le-monde\/news\/romania-and-croatia-declare-support-for-more-enlargement\/?nl_ref<\/p>\n<p>-L&#8217;Arm\u00e9nie tente un rapprochement strat\u00e9gique avec l&#8217;Union europ\u00e9enne et la Russie : http:\/\/www.euractiv.fr\/section\/politique\/news\/armenian-president-stronger-ties-with-both-eu-and-russia-a-priority\/?nl_ref<\/p>\n<p>-&#8220;Les s\u00e9rieuses inqui\u00e9tudes&#8221; de la Commission europ\u00e9enne face aux changements institutionnels en Turquie (Georgi Gotev) : http:\/\/www.euractiv.fr\/section\/monde\/news\/commission-seriously-concerned-about-turkish-constitutional-changes\/<\/p>\n<p><strong>-Ismail Hakki Musa, l&#8217;ambassadeur de Turquie en France \u00e9tait l&#8217;invit\u00e9 de Jean-Pierre Elkabbach (vid\u00e9o) <\/strong> : http:\/\/www.cnews.fr\/chroniques\/linvite-de-jean-pierre-elkabbach\/ismail-hakki-musa-invite-de-jean-pierre-elkabbach-173677<\/p>\n<p><strong>-La Russie critique le r\u00f4le de l&#8217;Union europ\u00e9enne dans les Balkans (Georges Gotev) :<\/strong> http:\/\/www.euractiv.fr\/section\/l-europe-dans-le-monde\/news\/russia-commission-should-play-a-more-positive-role-in-the-western-balkans\/<\/p>\n<p><strong>-&#8220;De la Syrie \u00e0 la Bulgarie, r\u00e9cit d&#8217;un voyage contre la mort&#8221; (article collectif) : <\/strong> http:\/\/www.euractiv.fr\/section\/justice-affaires-interieures\/news\/from-syria-to-bulgaria-part-i-escaping-death\/<\/p>\n<p>-En Syrie, un enfant sur trois n&#8217;a connu que la guerre (vid\u00e9o) : http:\/\/www.lemonde.fr\/syrie\/video\/2017\/03\/13\/des-chiffres-accablants-en-syrie-un-enfant-sur-trois-n-a-connu-que-la-guerre_5093901_1618247.html<\/p>\n<p><strong>-&#8220;Le secr\u00e9taire g\u00e9n\u00e9ral de l&#8217;ONU se d\u00e9solidarise d&#8217;un rapport d\u00e9non\u00e7ant l&#8217;apartheid isra\u00e9lien&#8221; (Sylviane Zehil) <\/strong> : https:\/\/www.lorientlejour.com\/article\/1040914\/guterres-se-desolidarise-dun-rapport-de-lonu-denoncant-lapartheid-israelien.html<\/p>\n<p>-Le roi du Maroc annonce le remplacement de son Premier ministre Benkirane : http:\/\/www.lemonde.fr\/afrique\/article\/2017\/03\/15\/le-roi-du-maroc-annonce-le-remplacement-du-premier-ministre-benkirane_5095152_3212.html<\/p>\n<p><strong>-Une catastrophe annonc\u00e9e \u00e0 la d\u00e9charge meurtri\u00e8re d&#8217;Addis Abeba (Bezunesh Tamru, g\u00e9ographe, professeure \u00e0 Paris VIII; propos recueillis par Volodia Petropavlovsky) :<\/strong> http:\/\/www.liberation.fr\/planete\/2017\/03\/15\/decharge-meurtriere-d-addis-abeba-une-catastrophe-annoncee_1555940?xtor<\/p>\n<p>-Nouveau revers judiciaire pour le d\u00e9cret anti-immigration de Donald Trump : http:\/\/www.lemonde.fr\/donald-trump\/article\/2017\/03\/16\/le-deuxieme-decret-migratoire-de-donald-trump-bloque-par-la-justice_5095155_4853715.html<\/p>\n<p><strong>-La fuite des migrants vers le Canada (un reportage de Fr\u00e9d\u00e9ric Carbonne; son) : <\/strong> https:\/\/www.franceinter.fr\/emissions\/grand-angle\/grand-angle-16-mars-2017<\/p>\n<p>-Une cha\u00eene am\u00e9ricaine a d\u00e9voil\u00e9 la feuille d&#8217;imposition de Trump (vid\u00e9o) : http:\/\/www.lemonde.fr\/donald-trump\/video\/2017\/03\/15\/quand-une-chaine-americaine-devoile-la-feuille-d-imposition-de-donald-trump_5095066_4853715.html<\/p>\n<p>-&#8220;Que nous apprend-elle ?&#8221; (Estelle Patt\u00e9e) : http:\/\/www.liberation.fr\/planete\/2017\/03\/15\/que-nous-apprend-la-fuite-de-la-declaration-d-impots-de-trump-datant-de-2005_1555823?xtor<\/p>\n<p>-La liste du scandale Petrobras qui fait trembler les politiques br\u00e9siliens (Chantal Rayes) : http:\/\/www.liberation.fr\/planete\/2017\/03\/15\/scandale-petrobras-la-liste-qui-fait-trembler-la-classe-politique-bresilienne_1556018?xtor<\/p>\n<p><strong>CULTURE-MEDIA<\/strong><\/p>\n<p>-Le pianiste Jean Efflam Bavouzet dans &#8220;Passion Classique&#8221; d&#8217;Olivier Bellamy (son du 15 mars) : https:\/\/www.radioclassique.fr\/radio\/emissions\/passion-classique\/<\/p>\n<p><strong>-Un temple musical au milieu de la Seine (vid\u00e9o) <\/strong> : http:\/\/www.francetvinfo.fr\/replay-jt\/france-2\/20-heures\/la-seine-musicale-un-lieu-dedie-a-la-musique-sur-l-ile-seguin_2100427.html<\/p>\n<p>-&#8220;Vive les livres !&#8221; (Patrick Poivre d&#8217;Arvor; vid\u00e9o) : http:\/\/www.cnews.fr\/magazines\/vive-les-livres\/vive-les-livres-173528<\/p>\n<p>-&#8220;Entr\u00e9e libre&#8221;, sur France 5, l&#8217;\u00e9mission de qualit\u00e9 de Claire Chazal sur l&#8217;actualit\u00e9 culturelle (vid\u00e9o) : http:\/\/www.france5.fr\/emissions\/entree-libre\/diffusions\/16-03-2017_559479<\/p>\n<p><strong>-&#8220;Dans &#8220;Grave&#8221;, le geste cannibale est de l&#8217;ordre du punk&#8221; (la r\u00e9alisatrice Julia Ducournau; propos recueillis par Guillemette Odicino; vid\u00e9o) :  <\/strong>                                                 http:\/\/www.telerama.fr\/cinema\/julia-ducournau-dans-grave-le-geste-cannibale-est-de-l-ordre-du-punk,155431.php#xtor<\/p>\n<p>-&#8220;Jours de France&#8221; a un petit c\u00f4t\u00e9 office de tourisme, je l&#8217;assume&#8221; (le r\u00e9alisateur J\u00e9r\u00f4me Reybaud; propos recueillis par Fr\u00e9d\u00e9ric Strauss; vid\u00e9o) : http:\/\/www.telerama.fr\/cinema\/jerome-reybaud-realisateur-jours-de-france-a-un-petit-cote-office-du-tourisme-je-l-assume,155422.php#xtor<\/p>\n<p>-Alice Guy Blach\u00e9, la premi\u00e8re r\u00e9alisatrice de l&#8217;histoire du cin\u00e9ma (Romain Capelle; vid\u00e9o) :  http:\/\/www.telerama.fr\/cinema\/connaissiez-vous-alice-guy-blache-la-premiere-realisatrice-de-l-histoire-du-cinema,155397.php#xtor<\/p>\n<p>-A l&#8217;espace Richaud \u00e0 Versailles, jusqu&#8217;au 27 mai, les clich\u00e9s &#8220;des folles soir\u00e9es de l&#8217;apr\u00e8s-guerre&#8221; de Robert Doisneau (Luc Desbenoit) : http:\/\/www.telerama.fr\/sortir\/quand-robert-doisneau-photographiait-les-folles-soirees-de-l-apres-guerre,155449.php#xtor<\/p>\n<p>-L&#8217;art contemporain dans les bosquets du Ch\u00e2teau (Sophie Rahal) : http:\/\/www.telerama.fr\/scenes\/au-chateau-de-versailles-l-art-contemporain-s-empare-des-bosquets,155421.php#xtor<\/p>\n<p>-Jusqu&#8217;au 4 juin, au Mus\u00e9e de la Chasse et de la Nature, &#8220;les d\u00e9mons et merveilles&#8221; de Marl\u00e8ne Mocquet (Sabrina Silamo) : http:\/\/www.telerama.fr\/sortir\/au-musee-de-la-chasse-les-demons-et-merveilles-de-marlene-mocquet,155389.php#xtor<\/p>\n<p><strong>-Dimanche, \u00e0 l&#8217;\u00e9glise Saint-Pierre de Montmartre dans le 18e arrondissement de Paris, un concert de l&#8217;\u00e9tourdissante percussionniste Ad\u00e9la\u00efde Ferri\u00e8re (S\u00e9bastien Porte; vid\u00e9o) :<\/strong> http:\/\/www.telerama.fr\/sortir\/adelaide-ferriere-l-etourdissante-percussioniste,155412.php#xtor<\/p>\n<p>-Retrouver Paul Simon \u00e0 Londres avec Fran\u00e7ois Gorin (son) : http:\/\/www.telerama.fr\/musique\/paul-simon-1-seul-a-londres-et-deja-grand,155433.php#xtor<\/p>\n<p>-A Paris, hommage au chanteur chilien Angel Parra (vid\u00e9o) : http:\/\/newscdn.newsrep.net\/h5\/nrvideo.html?r=3&#038;lan=fr_FR&#038;pid=14&#038;id=pFa3f6290Io_fr&#038;app_lan=fr_FR&#038;mcc=208&#038;declared_lan<\/p>\n<p>-Le retour du Grand Orchestre du Splendid  (vid\u00e9o) : http:\/\/www.francetvinfo.fr\/economie\/emploi\/metiers\/art-culture-edition\/spectacle-le-retour-du-grand-orchestre-du-splendid_2100195.html<\/p>\n<p><strong>-Le nouvel album de la libanaise Yasmine Hamdan (Rebecca Manzoni; vid\u00e9o) : <\/strong> https:\/\/www.franceinter.fr\/emissions\/pop-co\/pop-co-16-mars-2017<\/p>\n<p>-Les photos de la semaine (EPIC) : http:\/\/www.oai13.com\/featured\/selection-jeudi-depic-stories-79\/?mc_cid=dc68afd336&#038;mc_eid=16075de82b<\/p>\n<p>-Au proc\u00e8s Luxleaks, &#8220;j&#8217;ai l&#8217;impression qu&#8217;il fallait absolument une condamnation&#8221; (Edouard Perrin, journaliste \u00e0 &#8220;Cash Investigation&#8221;, acquitt\u00e9 lors du proc\u00e8s; propos recueillis par Olivier Tesquet) :                                                             http:\/\/www.telerama.fr\/medias\/luxleaks-j-ai-l-impression-qu-il-fallait-absolument-une-condamnation,155458.php#xtor<\/p>\n<p>-&#8220;L&#8217;\u00e9quit\u00e9 dans les m\u00e9dias n&#8217;y est pas&#8221; (Marc Baudriller; son du 16 mars) : https:\/\/www.radioclassique.fr\/radio\/emissions\/matinale-de-radio-classique\/la-vie-des-medias\/<\/p>\n<p><strong>-Le programme pour la presse et les m\u00e9dias d&#8217;Emmanuel Macron (Corine Erhel, d\u00e9put\u00e9e PS des C\u00f4tes d&#8217;Armor, aux c\u00f4t\u00e9s du candidat de &#8220;En Marche !&#8221;, interrog\u00e9e par Sonia Devillers; vid\u00e9o) <\/strong> : http:\/\/www.dailymotion.com\/video\/x5eyjel_en-marche-le-programme-sur-la-presse-l-audiovisuel-et-le-numerique_news<\/p>\n<p>-&#8220;Pauvre Beno\u00eet Hamon !&#8221; (Anne Roumanoff; vid\u00e9o) : http:\/\/www.dailymotion.com\/video\/x5ez4zm_anne-roumanoff-macron-le-fils-cache-de-hollande_news<\/p>\n<p><strong>-&#8220;S\u00e2\u00e2\u00e2l\u00fb\u00fb\u00fb\u00fbt&#8221; (Charline Vanhoenacker; vid\u00e9o) : <\/strong> http:\/\/www.dailymotion.com\/video\/x5exxwr_saaaluuuut-le-billet-de-charline_fun<\/p>\n<p>-&#8220;Langues \u00e9trang\u00e8res et clause Moli\u00e8re&#8221; (Guillaume Meurice; son) : http:\/\/www.dailymotion.com\/video\/x5ezlhu_langues-etrangeres-et-clause-moliere-le-moment-meurice_fun<\/p>\n","protected":false},"excerpt":{"rendered":"<p>ACTUALITE -&#8220;Dieselgate, une enqu\u00eate judiciaire est en cours chez Renault pour &#8220;tromperie aggrav\u00e9e&#8221; : http:\/\/www.lemonde.fr\/economie\/article\/2017\/03\/16\/dieselgate-tout-comprendre-au-cas-de-renault_5095763_3234.html -&#8220;Si c&#8217;\u00e9tait av\u00e9r\u00e9, ce ne sont pas les salari\u00e9s de Renault qui devront en faire les frais. Notre enqu\u00eate montre que les salari\u00e9s veulent qu&#8217;on les \u00e9coute, qu&#8217;ils soient associ\u00e9s aux d\u00e9cisions qui les concernent. Elle (Mme Le Pen) ne [&hellip;]<\/p>\n","protected":false},"author":1042,"featured_media":0,"comment_status":"open","ping_status":"open","sticky":false,"template":"","format":"standard","meta":{"_themeisle_gutenberg_block_has_review":false,"footnotes":""},"categories":[151],"tags":[],"class_list":["post-10266","post","type-post","status-publish","format-standard","hentry","category-la-revue-de-presse-de-lulu"],"_links":{"self":[{"href":"https:\/\/archives.regards.fr\/index.php?rest_route=\/wp\/v2\/posts\/10266","targetHints":{"allow":["GET"]}}],"collection":[{"href":"https:\/\/archives.regards.fr\/index.php?rest_route=\/wp\/v2\/posts"}],"about":[{"href":"https:\/\/archives.regards.fr\/index.php?rest_route=\/wp\/v2\/types\/post"}],"author":[{"embeddable":true,"href":"https:\/\/archives.regards.fr\/index.php?rest_route=\/wp\/v2\/users\/1042"}],"replies":[{"embeddable":true,"href":"https:\/\/archives.regards.fr\/index.php?rest_route=%2Fwp%2Fv2%2Fcomments&post=10266"}],"version-history":[{"count":0,"href":"https:\/\/archives.regards.fr\/index.php?rest_route=\/wp\/v2\/posts\/10266\/revisions"}],"wp:attachment":[{"href":"https:\/\/archives.regards.fr\/index.php?rest_route=%2Fwp%2Fv2%2Fmedia&parent=10266"}],"wp:term":[{"taxonomy":"category","embeddable":true,"href":"https:\/\/archives.regards.fr\/index.php?rest_route=%2Fwp%2Fv2%2Fcategories&post=10266"},{"taxonomy":"post_tag","embeddable":true,"href":"https:\/\/archives.regards.fr\/index.php?rest_route=%2Fwp%2Fv2%2Ftags&post=10266"}],"curies":[{"name":"wp","href":"https:\/\/api.w.org\/{rel}","templated":true}]}}