{"id":10264,"date":"2017-03-16T06:33:28","date_gmt":"2017-03-16T05:33:28","guid":{"rendered":"https:\/\/wp.muchomaas.com\/article-la-revue-du-16-mars-2017\/"},"modified":"2023-06-23T23:24:19","modified_gmt":"2023-06-23T21:24:19","slug":"article-la-revue-du-16-mars-2017","status":"publish","type":"post","link":"https:\/\/archives.regards.fr\/?p=10264","title":{"rendered":"La Revue du 16 mars 2017"},"content":{"rendered":"<strong>ACTUALITE<\/strong>\n\n-Dans la mont\u00e9e du FN, &#8220;Hollande a sa part de responsabilit\u00e9&#8221; (Jean-Claude Mailly, secr\u00e9taire de FO; vid\u00e9o) : http:\/\/www.lcp.fr\/la-politique-en-video\/montee-du-front-national-francois-hollande-sa-part-de-responsabilite-juge-0\n\n-&#8220;Fillon et Macron, j&#8217;aimerais qu&#8217;ils soient un peu plus r\u00e9publicains&#8221; (vid\u00e9o) : http:\/\/www.lcp.fr\/la-politique-en-video\/mailly-fo-jaimerais-que-fillon-et-macron-soient-un-peu-plus-republicains\n\n<strong>-Il \u00e9tait l&#8217;invit\u00e9 de l&#8217;\u00e9mission &#8220;Questions d&#8217;Info&#8221; sur la cha\u00eene LCP (vid\u00e9o) <\/strong> : http:\/\/www.lcp.fr\/emissions\/questions-dinfo\/279543-questions-dinfo\n\n-Il \u00e9tait aussi sur CNews, interrog\u00e9 par Olivier Galzi (vid\u00e9o) : http:\/\/www.cnews.fr\/chroniques\/linvite-dolivier-galzi\/jean-claude-mailly-invite-dolivier-galzi-173669\n\n-Aujourd&#8217;hui, la CFDT pr\u00e9sentera les r\u00e9sultats de son enqu\u00eate &#8220;Parlons Travail&#8221; aux principaux candidats \u00e0 l&#8217;\u00e9lection pr\u00e9sidentielle. Elle annonce 200 000 participants et 20,4 millions de r\u00e9ponses : https:\/\/www.cfdt.fr\/portail\/vie-au-travail\/-evenement-le-16-mars-la-cfdt-presente-les-premiers-resultats-de-parlons-travail-srv1_415011\n\n<strong>-&#8220;Renault, des voitures, option pollution incluse&#8221; (Diesel, le rapport qui accuse le constructeur; Jean-Christophe F\u00e9raud et Franck Bouaziz) :<\/strong> http:\/\/www.liberation.fr\/futurs\/2017\/03\/14\/renault-des-voitures-option-pollution-incluse_1555727?xtor\n\n-Soup\u00e7onn\u00e9 de tricherie par la r\u00e9pression des fraudes (vid\u00e9o) : http:\/\/www.francetvinfo.fr\/meteo\/particules-fines\/diesel-renault-soupconne-par-la-repression-des-fraudes-de-tricherie_2098157.html\n\n-Le point de vue de Nicolas Godfroy de &#8220;l&#8217;UFC-Que Choisir, partie civile&#8221; (son) : http:\/\/www.rtl.fr\/actu\/societe-faits-divers\/renault-d-ou-viennent-les-soupcons-de-trucage-des-tests-antipollution-7787679541\n\n -&#8220;Alerte gazole&#8221; au Salon international du transport (Baptiste Gaborit; son du 15 mars) : https:\/\/www.radioclassique.fr\/radio\/emissions\/matinale-de-radio-classique\/3-minutes-planete\/\n\n-&#8220;Accord et Courtepaille \u00e9pingl\u00e9s pour discrimination \u00e0 l&#8217;embauche (vid\u00e9o) : http:\/\/www.francetvinfo.fr\/economie\/emploi\/discrimination-a-l-embauche-accor-et-courtepaille-epingles_2098177.html\n\n-&#8220;Les discriminations \u00e0 l&#8217;emploi persistent et  co\u00fbtent cher&#8221; (Fran\u00e7ois Lenglet; son) : http:\/\/www.rtl.fr\/actu\/societe-faits-divers\/les-discriminations-a-l-emploi-persistent-et-coutent-cher-7787675038\n\n-&#8220;La flat taxe de 30% sur les revenus du capital, propos\u00e9e par Fran\u00e7ois Fillon, va favoriser les investisseurs immobiliers&#8221; (Paul Youn\u00e8s, directeur de l&#8217;Union financi\u00e8re fran\u00e7aise; interrog\u00e9 par Nicolas Pierron; vid\u00e9o) : https:\/\/www.dailymotion.com\/video\/x5eutrz_la-flat-tax-de-30-proposee-par-francois-fillon-permet-d-appater-les-investisseurs-immobiliers-paul_news\n\n<strong>-&#8220;Le bilan, apr\u00e8s le d\u00e9part de Nicole Duflot, est plut\u00f4t bon&#8221; (Alain Dinin, pr\u00e9sident de Nexity, \u00e9tait l&#8217;invit\u00e9 de la matinale de France Inter (vid\u00e9os) :<\/strong> http:\/\/www.dailymotion.com\/video\/x5eul6s_alain-dinin-le-bilan-apres-le-depart-de-cecile-duflot-est-plutot-bon_news\n <iframe loading=\"lazy\" title=\"Alain Dinin : &quot;Certains propri\u00e9taires ont plus int\u00e9r\u00eat \u00e0 ne pas louer qu&#039;\u00e0 louer \u00e0 un locataire qui ne paie pas&quot;\" frameborder=\"0\" width=\"500\" height=\"283\" src=\"https:\/\/geo.dailymotion.com\/player.html?video=x5euwqf&#038;\" allowfullscreen allow=\"autoplay; fullscreen; picture-in-picture; web-share\"><\/iframe>\n\n-Le bien-\u00eatre au travail, une id\u00e9e qui ne date pas d&#8217;aujourd&#8217;hui (vid\u00e9o) : http:\/\/www.francetvinfo.fr\/economie\/emploi\/carriere\/vie-professionnelle\/sante-au-travail\/le-bien-etre-au-travail-une-idee-qui-ne-date-pas-d-aujourd-hui_2097955.html\n\n-&#8220;Lorsqu&#8217;on est nourri beaucoup plus sainement apr\u00e8s une op\u00e9ration, le taux de rechute est moindre&#8221; (Philippe Salle, PDG d&#8217;Elior; interrog\u00e9 par Jean-Paul Chapel; vid\u00e9o) : http:\/\/www.francetvinfo.fr\/economie\/emploi\/metiers\/restauration-hotellerie-sports-loisirs\/video-a-table-une-meilleure-nutrition-permet-une-meilleure-operation-selon-elior_2096709.html\n\n<strong>-&#8220;Devenir m\u00e9decin aujourd&#8217;hui&#8221;. D\u00e9bat sur France 2, anim\u00e9 par Julian Bugier , avec Michel Cymes (vid\u00e9o) :<\/strong> http:\/\/www.france2.fr\/emissions\/infrarouge\/videos\/replay_-_devenir_medecin_aujourdhui_le_debat_14-03-2017_1511605\n\n-&#8220;Le choc du mariage Racing 92\/Stade Fran\u00e7ais&#8221; (Thomas Lombard, invit\u00e9 d&#8217;Isabelle Moreau; vid\u00e9o) :  http:\/\/www.cnews.fr\/chroniques\/les-invites-disabelle-moreau\/linvite-disabelle-moreau-173621\n\n-Une fusion qui fait grincer des dents (vid\u00e9o) : http:\/\/www.liberation.fr\/video\/2017\/03\/14\/joueurs-mairie-de-paris-et-ffr-la-fusion-stade-francais-racing-92-fait-grincer-des-dents_1555643?xtor\n\n-A Nice, &#8220;personne n&#8217;avait \u00e0 l&#8217;esprit la possibilit\u00e9 qu&#8217;un camion de 19 tonnes fonce dans la foule&#8221; (Willy Le Devin et Isma\u00ebl Halissat qui ont pu consulter les comptes-rendus des r\u00e9unions sur la s\u00e9curit\u00e9 avant le 14 juillet) : http:\/\/www.liberation.fr\/france\/2017\/03\/15\/personne-n-avait-a-l-esprit-la-possibilite-qu-un-camion-de-19-tonnes-fonce-dans-la-foule_1555752?xtor\n\n-Laurence Marchand-Taillade, pr\u00e9sidente de l&#8217;Observatoire de la la\u00efcit\u00e9 du Val d&#8217;Oise, auteure de &#8220;L&#8217;urgence la\u00efque&#8221;,  \u00e9tait l&#8217;invit\u00e9e d&#8217;Yves Calvi (vid\u00e9o) http:\/\/www.lci.fr\/replay\/l-invitee-de-calvi-laurence-marchand-taillade-presidente-de-l-observatoire-de-la-laicite-du-val-d-oise-2029228.html%3Ftype=content\n\n<strong>-&#8220;Dans les manifestations, c&#8217;est nous les casseurs&#8221; (une \u00e9quipe &#8220;d&#8217;Envoy\u00e9 Sp\u00e9cial&#8221; les a suivis; vid\u00e9o) <\/strong> : http:\/\/www.francetvinfo.fr\/replay-magazine\/france-2\/envoye-special\/video-envoye-special-nous-sommes-tous-des-casseurs_2098105.html\n\n-Le Garde des sceaux, Jean-Jacques Urvoas, favorable \u00e0 la lev\u00e9e de l&#8217;Etat d&#8217;urgence (vid\u00e9o) : http:\/\/www.francetvinfo.fr\/faits-divers\/terrorisme\/attaques-du-13-novembre-a-paris\/etat-d-urgence-en-france\/terrorisme-l-etat-d-urgence-bientot-leve_2098619.html\n\n<strong>-Avec Mediapart et le Bondy blog, &#8220;en direct des quartiers populaires&#8221; (vid\u00e9os) : <\/strong>   https:\/\/www.youtube.com\/watch?v=kSXuSpM8HSM                                           https:\/\/www.youtube.com\/watch?v=3Q3fPiLlmpo                                             https:\/\/www.youtube.com\/watch?v=gslw7kRZ9vw                                        https:\/\/www.mediapart.fr\/journal\/france\/150317\/en-direct-de-mediapart-2017-vue-des-quartiers-populaires                                                                                  https:\/\/www.youtube.com\/watch?v=O8MzrsN9244\n\n<strong>POLITIQUE<\/strong>\n\n<strong>-Deux \u00e9l\u00e8ves, Elise et Melville, se sont retrouv\u00e9s avec Pierre Laurent, &#8220;soutien de Jean-Luc M\u00e9lenchon&#8221;, au si\u00e8ge du Parti communiste fran\u00e7ais (vid\u00e9o) : <\/strong> http:\/\/education.francetv.fr\/matiere\/actualite\/cinquieme\/video\/pierre-laurent-premiere-campange\n\n<strong>-&#8220;La droite aurait \u00e9t\u00e9 plus inspir\u00e9e de changer de candidat. Le temps de la justice, c&#8217;est le temps permanent, le peuple n&#8217;est pas un tribunal populaire. Quand on n&#8217;est pas content de la justice, il ne faut pas changer les juges, il faut changer la loi. Je m&#8217;oppose au statut de travailleur d\u00e9tach\u00e9 qu&#8217;on fait venir parce qu&#8217;ils co\u00fbtent moins cher. Ce qui ferait du mal \u00e0 certaines r\u00e9gions, c&#8217;est que les travailleurs \u00e9tranger s&#8217;en aillent. Il faut changer l&#8217;Europe. On y interdit l&#8217;harmonisation sociale, clairement tout le monde est en comp\u00e9tition contre tout le monde, avec une progression de l&#8217;extr\u00eame droite partout. L&#8217;Europe, ou on la change ou on la quitte. La premi\u00e8re situation a notre pr\u00e9f\u00e9rence et comme la France repr\u00e9sente 18%, je ne pense pas qu&#8217;on puisse imaginer l&#8217;Europe sans elle. Si on nous la refuse, le peuple sera consult\u00e9 par r\u00e9f\u00e9rendum. Une fois que je serai au 2e tour, tous ceux qui voudront participer \u00e0 la mise en oeuvre de ce programme, avec des am\u00e9nagements, seront les bien venus, mais pas question de prendre dans la nouvelle majorit\u00e9 Manuel Valls ou Mme El Kohmri &#8221; (Jean-Luc M\u00e9lenchon \u00e9tait l&#8217;invit\u00e9 de la matinale d&#8217;Europe 1; interrog\u00e9 ici par Thomas Sotto et Fabien Namias; vid\u00e9o) : <\/strong> \n<iframe loading=\"lazy\" title=\"Jean-Luc M\u00e9lenchon : &quot;La droite aurait \u00e9t\u00e9 plus inspir\u00e9e de changer de candidat&quot;\" frameborder=\"0\" width=\"500\" height=\"281\" src=\"https:\/\/geo.dailymotion.com\/player.html?video=x5euhht&#038;\" allowfullscreen allow=\"autoplay; fullscreen; picture-in-picture; web-share\"><\/iframe>\n\n<strong>-&#8220;Je ne crois pas au libre \u00e9change, je suis pour le protectionnisme&#8221; (il \u00e9tait face \u00e0 Natacha Polony; vid\u00e9o) <\/strong> : http:\/\/www.dailymotion.com\/video\/x5eupug_jean-luc-melenchon-je-ne-crois-pas-au-libre-echange-je-suis-pour-le-protectionnisme_news\n\n-&#8220;Au Pays-Bas, \u00e0 deux reprises, le gouvernement n&#8217;a pas tenu compte des votes populaires et il y a une grande coalition, tous les ingr\u00e9dients pour que l&#8217;extr\u00eame droite progresse. M. Macron a un programme qui au mot pr\u00e8s reprend les recommandations de la Commission europ\u00e9enne. Moi, je n&#8217;irai pas me faire adouber \u00e0 Berlin. Le 18, nous marchons de la Bastille \u00e0 la R\u00e9publique contre la monarchie pr\u00e9sidentielle pour une 6e R\u00e9publique, par la convocation d&#8217;une Assembl\u00e9e constituante. J&#8217;avais refus\u00e9 de participer \u00e0 la primaire en expliquant que je n&#8217;appliquerais pas son r\u00e9sultat. Ceux qui m&#8217;ont fait la le\u00e7on sont les premiers \u00e0 ne pas respecter le verdict de la primaire et on se retrouve avec deux candidats du PS Hamon et Macron&#8221; (En duplex de Strasbourg, Jean-Luc M\u00e9lenchon r\u00e9pondait \u00e0 Laurence Ferrari; vid\u00e9o, amener le curseur sur 11:00) : http:\/\/www.cnews.fr\/chroniques\/linvite-de-laurence-ferrari\/linvite-de-laurence-ferrari-173664#\n\n-Son appel \u00e0 marcher le 18 mars (vid\u00e9o) : https:\/\/www.youtube.com\/watch?v=GKH8iIYtmnk&#038;feature=youtu.be\n\n-&#8220;L\u00e9gal ou pas l\u00e9gal, c&#8217;est pas le probl\u00e8me. Les sommes sont consid\u00e9rables, c&#8217;est insupportable. Quel d\u00e9calage entre le  discours de Fran\u00e7ois Fillon et son comportement. Avec Macron et Le Pen, il n&#8217;y en a pas un pour rattraper l&#8217;autre&#8221; (Nathalie Arthaud, candidate de LO \u00e0 l&#8217;\u00e9lection pr\u00e9sidentielle; interrog\u00e9e par Caroline Roux; vid\u00e9o) : http:\/\/www.france2.fr\/emissions\/telematin\/actu\/les-4-verites-nathalie-arthaud_559297\n\n-&#8220;L&#8217;assistanat aujourd&#8217;hui, il est pour le patronat&#8221; (Philippe Poutou, candidat du NPA, qui peine \u00e0 rassembler ses parrainages; interrog\u00e9 par Eric Delvaux; son) : https:\/\/www.franceinter.fr\/emissions\/l-invite-du-5-7\/l-invite-du-5-7-15-mars-2017\n\n-&#8220;Sectarisme contre trahison, Manuel Valls et Beno\u00eet Hamon consomment leur divorce&#8221; (Thimoth\u00e9e Vilars; vid\u00e9o) : http:\/\/tempsreel.nouvelobs.com\/presidentielle-2017\/20170315.OBS6610\/sectarisme-contre-trahison-valls-et-hamon-consomment-leur-divorce.html#xtor\n\n-&#8220;Deux socialistes aujourd&#8217;hui irr\u00e9conciliables&#8221; (vid\u00e9o) : http:\/\/www.francetvinfo.fr\/politique\/ps\/hamon-valls-deux-socialistes-aujourd-hui-irreconciliables_2098169.html\n\n-&#8220;Le foss\u00e9 est l\u00e0 depuis longtemps. Manuel Valls envoie une sorte de motion de censure \u00e0 la candidature de Beno\u00eet Hamon&#8221; (Christophe Barbier; vid\u00e9o) :  http:\/\/www.bfmtv.com\/mediaplayer\/video\/l-edito-de-christophe-barbier-le-fosse-se-creuse-entre-valls-et-hamon-924051.html\n\n-La situation du PS \u00e9tait en d\u00e9bat dans &#8220;BFM Story&#8221;, avec Alexis Corbi\u00e8re, porte-parole de Jean-Luc M\u00e9lenchon) :                            \n<iframe loading=\"lazy\" title=\"Alexis Corbi\u00e8re invit\u00e9 \u00e0 &quot;BFM Story&quot; le 15\/03\/2017\" width=\"500\" height=\"375\" src=\"https:\/\/www.youtube.com\/embed\/6yNQ-AMF7sA?feature=oembed\" frameborder=\"0\" allow=\"accelerometer; autoplay; clipboard-write; encrypted-media; gyroscope; picture-in-picture; web-share\" referrerpolicy=\"strict-origin-when-cross-origin\" allowfullscreen><\/iframe>\n\n-Fran\u00e7ois de Rugy, d\u00e9put\u00e9 \u00e9cologiste de Loire-Atlantique, tend la main \u00e0 Manuel Valls &#8220;pour une future majorit\u00e9 autour d&#8217;Emmanuel Macron&#8221; (vid\u00e9o) : http:\/\/www.lcp.fr\/la-politique-en-video\/de-rugy-tend-la-main-valls-pour-une-future-majorite-autour-de-macron\n\n-Il \u00e9tait l&#8217;invit\u00e9 de &#8220;Politique Matin&#8221; sur la cha\u00eene LCP, interrog\u00e9 par Brigitte Boucher (vid\u00e9o, amener le curseur sur 29:53) : http:\/\/www.lcp.fr\/emissions\/politique-matin\/282410-politique-matin\n\n<strong>-&#8220;Manuel Valls doit construire son assaut sur le PS sans br\u00fbler tous ses vaisseaux. La guerre du congr\u00e8s du PS est d\u00e9clar\u00e9e&#8221; (Alba Ventura; vid\u00e9o) : <\/strong> http:\/\/www.rtl.fr\/actu\/politique\/manuel-valls-doit-construire-son-assaut-sur-le-ps-sans-bruler-tous-ses-vaisseaux-selon-alba-ventura-7787674808\n\n-&#8220;J&#8217;ai beaucoup d&#8217;estime pour Manuel Valls qui a fait un travail consid\u00e9rable pendant ce quinquennat. Aujourd&#8217;hui, il est plac\u00e9 devant ses responsabilit\u00e9s &#8221; (Najat Vallaud-Belkacem; vid\u00e9o) : http:\/\/www.dailymotion.com\/video\/x5esv1r_refus-de-parrainer-hamon-valls-est-face-a-ses-responsabilites-juge-vallaud-belkacem_news\n\n-Elle \u00e9tait invit\u00e9e du &#8220;Club de la Presse&#8221; d&#8217;Europe 1 (son) : http:\/\/www.europe1.fr\/emissions\/le-club-de-la-presse\/europe-soir-le-club-de-la-presse-najat-vallaud-belkacem-et-hala-kodmani-14032017-3002816\n\n<strong>-&#8220;\u00c7a se passe bien sur le terrain. Il y une d\u00e9connexion entre le commentaire et la r\u00e9alit\u00e9. Beno\u00eet Hamon est le seul candidat en position de l&#8217;emporter pour la gauche. J&#8217;ai frond\u00e9 autant que possible pour ne pas mettre le gouvernement en difficult\u00e9. Ceux qui au PS ne  soutiennent pas Beno\u00eet Hamon ne sont pas des frondeurs, ce sont des d\u00e9serteurs. Le bilan de Fran\u00e7ois Hollande est bon. Il a plus fait pendant ce quinquennat  que ceux qui l&#8217;ont pr\u00e9c\u00e9d\u00e9 pendant quinze ans&#8221; (Razzi Hammadi, d\u00e9put\u00e9 de Seine-Saint-Denis, porte-parole du PS; face \u00e0 Isabelle Moreau; vid\u00e9o) : <\/strong> http:\/\/www.cnews.fr\/chroniques\/les-invites-disabelle-moreau\/linvite-disabelle-moreau-173657\n\n-&#8220;Je n&#8217;ai pas fond\u00e9 une maison d&#8217;h\u00f4tes, permettez-moi de vous le dire&#8221; (Emmanuel Macron, \u00e0 propos d&#8217;un \u00e9ventuel ralliement de Manuel Valls; vid\u00e9o) : http:\/\/tempsreel.nouvelobs.com\/videos\/8mvv38.DGT\/macron-sur-l-eventuel-ralliement-de-valls-je-n-ai-pas-fonde-une-maison-d-hotes.html\n\n-&#8220;Las Vegas, ce n&#8217;est en rien une affaire&#8221; (Benjamin Griveau, porte-parole d&#8217;Emmanuel Macron; vid\u00e9o) : http:\/\/rmc.bfmtv.com\/mediaplayer\/video\/macron-a-las-vegas-c-est-une-attaque-contre-emmanuel-macron-ce-n-est-en-rien-une-affaire-924029.html\n\n-&#8220;Pourquoi ne veut-il pas de Manuel Valls, esp\u00e8ce de SDF de la politique&#8221; (Yves Thr\u00e9ard du &#8220;Figaro&#8221;; vid\u00e9o) : http:\/\/www.dailymotion.com\/video\/x5eucwp_pourquoi-macron-ne-veut-il-pas-de-valls_news\n\n-&#8220;Un candidat \u00e0 la pr\u00e9sidence de la R\u00e9publique n&#8217;a pas \u00e0 \u00eatre adoub\u00e9 par la chanceli\u00e8re allemande, par contre, il a \u00e0 pr\u00e9server la qualit\u00e9 de la relation franco-allemande. Emmanuel Macron n&#8217;est en rien vis\u00e9 par une quelconque enqu\u00eate. Fran\u00e7ois Fillon a un programme punitif pour les Fran\u00e7ais et inefficace&#8221; (Fran\u00e7ois Bayrou, interrog\u00e9 par Laurence Ferrari; vid\u00e9o) :  http:\/\/www.cnews.fr\/chroniques\/linvite-de-laurence-ferrari\/francois-bayrou-invite-de-laurence-ferrari-173670\n\n-Jean-No\u00ebl Carpentier, d\u00e9put\u00e9-maire MdP de Montigny-les-Cormeilles (95), votera Macron \u00e0 l&#8217;\u00e9lection pr\u00e9sidentielle : http:\/\/www.md-progressistes.fr\/montigny-le-depute-maire-votera-macron-a-la-presidentielle\/?utm_source\n\n-&#8220;C&#8217;est un choix raisonnable&#8221; (Robert Hue, s\u00e9nateur RDSE du Val d&#8217;Oise; vid\u00e9o) : http:\/\/www.dailymotion.com\/video\/x5epch3_soutien-a-macron-c-est-un-choix-raisonnable-selon-robert-hue_tv\n\n-&#8220;Macron domine la vague d\u00e9gagiste&#8221; (Serge Raffy) : http:\/\/tempsreel.nouvelobs.com\/presidentielle-2017\/20170314.OBS6592\/macron-domine-la-vague-degagiste.html#xtor\n\n<strong>-&#8220;Je suis innocent. Il n&#8217;est pas possible que je c\u00e8de \u00e0 une instrumentalisation de la justice pour m&#8217;emp\u00eacher d&#8217;\u00eatre candidat. Sans candidat de la droite et du centre, \u00e9videmment se serait plus simple pour retrouver la gauche face \u00e0 Mme Le Pen. Emmanuel Macron, c&#8217;est Fran\u00e7ois Hollande en plus jeune. Que peut donner un \u00e9quipage qui va de Robert Hue \u00e0 Alain Madelin ? Il y a 5,5 millions de fonctionnaires en France, je veux r\u00e9duire cet effectif de 8%&#8221; (Fran\u00e7ois Fillon, interrog\u00e9 par Guillaume Durand; vid\u00e9o) :<\/strong> \nhttps:\/\/www.dailymotion.com\/video\/x5eup56_il-n-est-pas-possible-de-ceder-face-a-l-instrumentalisation-de-la-justice-francois-fillon-15-03-201_news                            https:\/\/www.dailymotion.com\/video\/x5euo4i_il-y-a-5-5-millions-de-fonctionnaires-en-france-je-veux-reduire-cet-effectif-de-8-f-fillon-15-03-20_news\n\n-&#8220;Fran\u00e7ois Fillon a pris la d\u00e9cision de s&#8217;en remettre au peuple, au suffrage universel.\n Je le soutiens dans cette d\u00e9marche. Je n&#8217;ai entendu personne au gouvernement s&#8217;\u00e9mouvoir de la mise \u00e0 mal du secret de l&#8217;instruction et de la pr\u00e9somption d&#8217;innocence. J&#8217;ai eu un moment o\u00f9 je lui ai pos\u00e9 des interrogations&#8221;(G\u00e9rard Larcher, pr\u00e9sident LR du S\u00e9nat, invit\u00e9 de &#8220;L&#8217;\u00e9preuve de v\u00e9rit\u00e9&#8221;; vid\u00e9o) : http:\/\/www.dailymotion.com\/video\/x5esrgy_invite-gerard-larcher-l-epreuve-de-verite-14-03-2017_tv\n\n-&#8220;Il reste debout dans la temp\u00eate&#8221; (son avocat, Me Antonin Levy, interrog\u00e9 par Yves Calvi; vid\u00e9o) :  http:\/\/www.rtl.fr\/actu\/politique\/francois-fillon-reste-debout-dans-la-tempete-il-est-combatif-dit-son-avocat-me-levy-7787674979\n\n-&#8220;Il n&#8217;y a pas de justiciable au dessus des lois. Le rythme du Parquet national financier, c&#8217;et son fonctionnement normal&#8221; (Fran\u00e7ois Falletti, ancien procureur g\u00e9n\u00e9ral de Paris; vid\u00e9o) : http:\/\/www.cnews.fr\/politique\/video\/francois-falletti-il-ny-a-pas-de-justiciable-au-dessus-des-lois-173651\n\n-Il \u00e9tait l&#8217;invit\u00e9 de Jean-Pierre Elkabbach sur CNews  (vid\u00e9o) :  http:\/\/www.cnews.fr\/chroniques\/linvite-de-jean-pierre-elkabbach\/francois-falletti-invite-de-jean-pierre-elkabbach-173644\n\n-Mise en examen, &#8220;c&#8217;est la premi\u00e8re fois qu&#8217;\u00e0 ce moment d&#8217;une campagne, il arrive un tel \u00e9v\u00e9nement. Il \u00e9tait annonc\u00e9 mais Fran\u00e7ois Fillon la conteste. On a besoin d&#8217;une justice sereine. Je vais voter avec beaucoup d&#8217;enthousiasme pour Fran\u00e7ois Fillon qui sera un chef de l&#8217;Etat&#8221; (Eric Ciotti du Comit\u00e9 politique  de Fran\u00e7ois Fillon; vid\u00e9o) : http:\/\/www.bfmtv.com\/mediaplayer\/video\/eric-ciotti-face-a-jean-jacques-bourdin-en-direct-924049.html\n\n-&#8220;Ce n&#8217;est une surprise pour personne, c&#8217;est la poursuite logique de la proc\u00e9dure judiciaire. Les Fran\u00e7ais en ont marre des boules puantes. Il est toujours \u00e0 20%&#8221; (Luc Chatel, porte-parole de Fran\u00e7ois Fillon; face \u00e0 Marc-Olivier Fogiel; son) : http:\/\/www.rtl.fr\/actu\/politique\/francois-fillon-mis-en-examen-ce-n-est-pas-une-surprise-selon-luc-chatel-7787672386\n\n-&#8220;La victoire est possible sur les id\u00e9es de la droite et du centre&#8221; (Louis Giscard d&#8217;Estaing, vice-pr\u00e9sident de l&#8217;UDI; face \u00e0 Fr\u00e9d\u00e9ric Rivi\u00e8re; vid\u00e9o) : http:\/\/www.rfi.fr\/video\/20170315-louis-giscard-estaing-udi-victoire-est-possible-idees-droite-centre\n\n-&#8220;Sa mise en examen n&#8217;enl\u00e8ve rien au soutien tr\u00e8s actif que j&#8217;apporte \u00e0 Fran\u00e7ois Fillon. Je suis tr\u00e8s attach\u00e9 \u00e0 la pr\u00e9somption d&#8217;innocence&#8221; (Herv\u00e9 Mariton, d\u00e9put\u00e9 LR de la Dr\u00f4me, interrog\u00e9 par Hedwige Chevrillon; vid\u00e9o) :  http:\/\/bfmbusiness.bfmtv.com\/mediaplayer\/video\/sa-mise-en-examen-n-enleve-rien-au-soutien-tres-actif-que-j-apporte-a-francois-fillon-herve-mariton-1503-924159.html\n\n-Plusieurs de ses soutiens doutent de la victoire (Michel Auffray, Laure Equy) :          http:\/\/www.liberation.fr\/france\/2017\/03\/14\/fillon-mis-en-examen-le-show-continue_1555744?xtor\n\n-&#8220;S&#8217;il \u00e9tait \u00e9lu, Fran\u00e7ois Fillon n&#8217;aurait ni la l\u00e9gitimit\u00e9 ni l&#8217;autorit\u00e9 pour gouverner&#8221; (Henri Guaino, d\u00e9put\u00e9 LR des Yvelines; invit\u00e9 de la matinale de Franceinfo; son et vid\u00e9os) : http:\/\/www.francetvinfo.fr\/replay-radio\/8h30-aphatie\/presidentielle-s-il-etait-elu-francois-fillon-n-aurait-ni-la-legitimite-ni-l-autorite-pour-gouverner-selon-henri-guaino_2077095.html\n\n-&#8220;Il ne pourra plus se pr\u00e9senter en mod\u00e8le de vertu&#8221; (Alain Duhamel; vid\u00e9o) : http:\/\/www.rtl.fr\/actu\/politique\/pour-alain-duhamel-francois-fillon-ne-peut-plus-s-afficher-en-modele-de-vertu-7787671905\n\n-Candidat \u00e0 l&#8217;\u00e9lection pr\u00e9sidentielle, Jacques Cheminade \u00e9tait au &#8220;20 heures&#8221; de TF1 (vid\u00e9o) : http:\/\/www.lci.fr\/elections\/l-invite-politique-du-20h-de-tf1-jacques-cheminade-2029217.html%3Ftype=content\n\n-&#8220;Fran\u00e7ois Asselineau candidat, pourquoi pas ?&#8221; (Thomas Legrand; son) : https:\/\/www.franceinter.fr\/emissions\/l-edito-politique\/l-edito-politique-15-mars-2017\n\n-&#8220;Sur l&#8217;affaire Fillon, les Fran\u00e7ais se sont fait leur opinion. Les communautarismes ont grignot\u00e9 la R\u00e9publique&#8221; (Florian Philippot, vice-pr\u00e9sident du FN; interrog\u00e9 par Elizabeth Martichoux; vid\u00e9o) : http:\/\/www.rtl.fr\/actu\/politique\/signes-religieux-philippot-veut-etendre-la-loi-de-2004-a-l-espace-public-7787675379\n\n-&#8220;Philippot 1er, le nouveau visage du FN&#8221; (son auteure Marie Labat; vid\u00e9o) : http:\/\/www.lcp.fr\/la-politique-en-video\/philippot-1er-le-nouveau-visage-du-front-national\n\n<strong>-&#8220;Marine Le Pen est au courant de certaines ficelles&#8221; (Marine Turchi et Mathias Destal, auteurs de &#8220;Marine est au courant de tout&#8230;&#8221;; invit\u00e9s d&#8217;Alexandra Bensaid; vid\u00e9os) :<\/strong>  https:\/\/www.franceinter.fr\/emissions\/l-invite-de-7h50\/l-invite-de-7h50-15-mars-2017\n\n-&#8220;D\u00e8s que j&#8217;entends un politique, je zappe&#8221; (Guy, retrait\u00e9 de 66 ans, sinistr\u00e9 de Xynthia, adepte du vote blanc; propos recueillis par M\u00e9lody Locard; vid\u00e9o) :                                           http:\/\/tempsreel.nouvelobs.com\/presidentielle-2017\/20170313.OBS6530\/des-que-j-entends-un-politique-je-zappe-guy-66-ans-vote-blanc.html#xtor \n\n-Autres paroles de citoyens (vid\u00e9os) : http:\/\/tempsreel.nouvelobs.com\/presidentielle-2017\/20170306.OBS6168\/video-la-politique-francaise-c-est-un-peu-les-anges-de-la-telerealite.html                                                                                              http:\/\/tempsreel.nouvelobs.com\/presidentielle-2017\/20170307.OBS6243\/video-florian-29-ans-melenchonniste-n-exclut-pas-de-voter-le-pen.html                       http:\/\/tempsreel.nouvelobs.com\/presidentielle-2017\/20170310.OBS6406\/j-ai-vecu-le-traite-de-lisbonne-comme-une-trahison-francois-34-ans-vote-le-pen.html \n\n-La campagne \u00e9lectorale vue par Alain Duhamel, invit\u00e9 d&#8217;Audrey Crespo-Mara sur LCI (vid\u00e9o) : http:\/\/www.lci.fr\/replay\/replay-l-invite-de-8h45-de-lci-matin-du-14-mars-2017-alain-duhamel-1-2029045.html%3Ftype=content\n\n<em>-Le barom\u00e8tre politique (IPSOS) :<\/em> http:\/\/www.ipsos.fr\/decrypter-societe\/2017-03-15-barometre-politique-forte-hausse-popularite-d-emmanuel-macron-et-legere-progression-autres-candidats\n\n<em>-Election pr\u00e9sidentielle et sant\u00e9 (BVA) <\/em> : http:\/\/www.bva-group.com\/sondages\/election-presidentielle-sante-3\/\n\n<em>-Les intentions de vote au 15 mars (OPINION-WAY) :<\/em> http:\/\/opinionlab.opinion-way.com\/opinionlab\/832\/627\/presitrack.html#m6\n\n<em>-Le m\u00eame (IFOP) :<\/em> http:\/\/dataviz.ifop.com:8080\/HNS\/HNSAdmin\/start.appli?appid=60930&#038;logonUser=USERWEB&#038;logonPswcd=ZnJhbmNvaXNF\n\n-EUROPE-MONDE\n\n<strong>-&#8220;Quel Pr\u00e9sident fran\u00e7ais \u00e0 la table du Conseil europ\u00e9en ? (Patrick Le Hyaric; pi\u00e8ce jointe);<\/strong>\n\n-60 ans apr\u00e8s le trait\u00e9 de Rome, Pierre Moscovici, commissaire europ\u00e9en PS, r\u00e9pond aux questions de St\u00e9phane Leneuf sur France Inter (vid\u00e9o) : http:\/\/www.dailymotion.com\/video\/x5evt2b_soixante-ans-apres-le-traite-de-rome-quel-avenir-pour-l-europe_news\n\n<strong>-Le retour de la conscription en Europe (Christian Makarian de &#8220;L&#8217;Express&#8221;; son) :  <\/strong> https:\/\/www.franceinter.fr\/emissions\/meridien-d-europe\/meridien-d-europe-15-mars-2017\n\n-L&#8217;Union europ\u00e9enne tente de r\u00e9tablir le principe pollueur-payeur (Nathalie Fontrel; son) : https:\/\/www.franceinter.fr\/emissions\/planete-environnement\/planete-environnement-15-mars-2017\n\n<strong>-Aux Pays-Bas, &#8220;les lib\u00e9raux en t\u00eate, loin devant les populistes&#8221; (Didier Burg) : <\/strong> https:\/\/www.lesechos.fr\/monde\/europe\/0211883888459-pays-bas-les-liberaux-en-tete-des-resultats-loin-devant-les-populistes-2072644.php\n\n-Le morcellement du paysage politique devrait contraindre le premier ministre Mark Rutte \u00e0 recomposer sa majorit\u00e9 (Jean-Pierre Stroobants) : http:\/\/www.lemonde.fr\/europe\/article\/2017\/03\/15\/aux-pays-bas-mark-rutte-l-emporte-face-a-geert-wilders-mais-doit-recomposer-sa-coalition_5095143_3214.html\n\n-&#8220;Theresa May n&#8217;a fix\u00e9 aucune date pour la mise en oeuvre de l&#8217;article 50. Le &#8220;Nutella&#8221; des pays de l&#8217;Est est de moins bonne qualit\u00e9&#8221; (Hughes Beaudoin; son du 14 mars) : https:\/\/www.radioclassique.fr\/radio\/emissions\/le-19h20h\/24h-en-europe\/\n\n-La confusion britannique (Bernard Guetta; son) : https:\/\/www.franceinter.fr\/emissions\/geopolitique\n\n-Des sanction pour le parlementaire polonais sexiste (vid\u00e9o) : http:\/\/www.francetvinfo.fr\/monde\/europe\/des-sanctions-pour-le-parlementaire-polonais-sexiste-janusz-korwin-mikke_2098077.html\n\n<strong>-Quand les b\u00e9b\u00e9s s&#8217;invitent au Parlement europ\u00e9en (diaporama) : <\/strong> http:\/\/tempsreel.nouvelobs.com\/galeries-photos\/photo\/20170314.OBS6590\/photos-quand-les-bebes-s-invitent-au-parlement-europeen.html#xtor\n\n<strong>-&#8220;Syrie, notre printemps martyris\u00e9&#8221; (Mustapha Aljarf, pharmacien \u00e0 Alep, r\u00e9fugi\u00e9 \u00e0 Strasbourg) : <\/strong> http:\/\/www.liberation.fr\/debats\/2017\/03\/14\/syrie-notre-printemps-martyrise_1555651?xtor\n\n<strong>-Au coeur de Palmyre avec une \u00e9quipe de France 2 (vid\u00e9o) <\/strong> :                               http:\/\/www.francetvinfo.fr\/monde\/proche-orient\/offensive-jihadiste-en-irak\/video-france-2-syrie-au-coeur-de-palmyre-la-cite-antique-devastee-par-la-guerre_2098131.html\n\n-&#8220;A Kaboul, les femmes s&#8217;\u00e9mancipent aussi gr\u00e2ce au BMX&#8221; (vid\u00e9o) : http:\/\/www.francetvinfo.fr\/monde\/afghanistan\/a-kaboul-les-femmes-s-emancipent-aussi-grace-au-bmx_2097957.html\n\n-R\u00e9fugi\u00e9s, la Jordanie est \u00e0 saturation (un reportage d&#8217;Etienne Monin; son) :  https:\/\/www.franceinter.fr\/emissions\/le-zoom-de-la-redaction\/le-zoom-de-la-redaction-15-mars-2017\n\n-La Somalie crie famine (vid\u00e9o) : http:\/\/www.francetvinfo.fr\/monde\/afrique\/famine\/video-la-somalie-crie-famine_2098097.html\n\n-Au Br\u00e9sil, &#8220;83 politiciens vis\u00e9s par l&#8217;enqu\u00eate sur le scandale Petrobras&#8221; :                  http:\/\/tempsreel.nouvelobs.com\/en-direct\/a-chaud\/34550-bresil-scandale-petrobras-politiciens-vises-demandes-enqu.html#xtor\n\n<strong>CULTURE-MEDIA<\/strong>\n\n<strong>-Henri Cueco est mort (Martial- Codet-Boisse) :<\/strong> http:\/\/france3-regions.francetvinfo.fr\/nouvelle-aquitaine\/correze\/uzerche\/peintre-correzien-henri-cueco-est-decede-1214257.html\n\n<strong>-&#8220;Henri Cueco, peintre \u00e0 Vigeois (19)&#8221; (vid\u00e9o de l&#8217;Ina) : <\/strong> http:\/\/www.ina.fr\/video\/RXC05019893\n\n-En 2007, \u00e0 Bagnolet (93), ville ch\u00e8re \u00e0 son coeur qui le lui rend bien : http:\/\/www.terbekke-behage.com\/henri-cueco-peintre-ecrivain\n\n-A &#8220;L&#8217;Huma-Caf\u00e9&#8221; de Nantes, le samedi 25 mars, &#8220;Ecrire le travail ouvrier&#8221; avec Corinne Grenouillet, ma\u00eetre de conf\u00e9rences \u00e0 l&#8217;Universit\u00e9 de Strasbourg (pi\u00e8ce jointe);\n\n<strong>-Beaucoup d&#8217;expositions \u00e0 visiter (Guy Boyer, directeur de la r\u00e9daction du magazine &#8220;Connaissance des Arts&#8221;; vid\u00e9o) : <\/strong> https:\/\/www.dailymotion.com\/video\/x5euwe4_la-collection-koplowitz-au-musee-jacquemart-andre-un-dialogue-entre-les-maitres-guy-boyer-15-03-201_news\n\n-Au Mus\u00e9e du Luxembourg \u00e0 Paris, hommage au oeuvres m\u00e9connues de  Camille Pissaro, &#8220;le p\u00e8re de l&#8217;impressionnisme&#8221; (vid\u00e9o) : http:\/\/www.francetvinfo.fr\/economie\/emploi\/metiers\/art-culture-edition\/camille-pissarro-hommage-aux-oeuvres-meconnues-du-pere-de-l-impressionnisme_2097977.html\n\n-Jusqu&#8217;au 28 mai au Palais de Tokyo, Abraham Poincheval, &#8220;b\u00eate de la performance&#8221; (vid\u00e9o) : http:\/\/www.france5.fr\/emissions\/entree-libre\/videos\/abraham_poincheval_bete_de_la_performance_14-03-2017_1511695?onglet=tous&#038;page=1\n\n-A La Rochelle, l&#8217;art se d\u00e9voile aux malvoyants (Odile Morain; vid\u00e9o) : http:\/\/culturebox.francetvinfo.fr\/arts\/voir-et-ne-pas-voir-l-art-se-devoile-aux-malvoyants-a-la-rochelle-253711\n\n<strong>-Jusqu&#8217;au 29 mars \u00e0 l&#8217;Op\u00e9ra Bastille, &#8220;Le Songe d&#8217;une nuit d&#8217;\u00e9t\u00e9&#8221;, le ballet de Balanchine, interpr\u00e9t\u00e9 par les danseurs de l&#8217;Op\u00e9ra de Paris, dans des costumes du couturier Christian Lacroix (Emmanuelle Bouchez; vid\u00e9o) : <\/strong> http:\/\/www.telerama.fr\/sortir\/le-songe-d-une-nuit-d-ete-un-ballet-feerique-sublime-par-christian-lacroix,155390.php#xtor\n\n-A L&#8217;Op\u00e9ra national de Lorraine, jusqu&#8217;au 21 mars, &#8220;Le Coq d&#8217;Or&#8221; de Rimski-Korsakov, terrible satyre de la Russie des tsars (Jean-Michel Ogier; vid\u00e9os) : http:\/\/culturebox.francetvinfo.fr\/opera-classique\/le-coq-d-or-de-rimski-korsakov-une-terrible-satire-de-la-russie-des-tsars-253709\n\n<strong>-Anne Sinclair \u00e9tait l&#8217;invit\u00e9e de &#8220;Passion Classique&#8221; d&#8217;Olivier Bellamy; son du 14 mars)<\/strong> : https:\/\/www.radioclassique.fr\/radio\/emissions\/passion-classique\/\n\n<strong>-Harold Lopez-Nussa, le petit dernier des grands pianistes cubains (Louis Victor; vid\u00e9o) :<\/strong> http:\/\/www.telerama.fr\/sortir\/harold-lopez-nussa-le-petit-dernier-des-grands-pianistes-cubains,155409.php\n\n-&#8220;L&#8217;Autre c\u00f4t\u00e9 de l&#8217;espoir&#8221; du r\u00e9alisateur finlandais Aki Kaurism\u00e4ki (Pascal M\u00e9rigeau; vid\u00e9o) : http:\/\/tempsreel.nouvelobs.com\/cinema\/20170310.OBS6424\/l-autre-cote-de-l-espoir-chacun-sa-vie-les-films-a-voir-ou-pas-cette-semaine.html#xtor\n\n-&#8220;The Lost City of Z&#8221;, un film de James Gray aussi &#8220;majestueux que subtil&#8221; (Louis Guichard; vid\u00e9o) : http:\/\/www.telerama.fr\/cinema\/the-lost-city-of-z-james-gray-livre-un-film-aussi-majestueux-que-subtil,155391.php#xtor\n\n<strong>-Son interview dans &#8220;Lib\u00e9ration&#8221; (propos recueillis par Elisabeth Franck-Dumas) : <\/strong> http:\/\/next.liberation.fr\/cinema\/2017\/03\/14\/james-gray-je-suis-tres-reticent-a-abandonner-les-choses-que-je-trouve-belles_1555676?xtor\n\n<strong>-La semaine au cin\u00e9ma dans &#8220;Cin\u00e9rama&#8221;, avec les critiques Pierre Murat et Samuel Douhaire; vid\u00e9o) <\/strong> : http:\/\/www.telerama.fr\/cinema\/cinerama-l-emission-cinema-the-lost-city-of-z-grave,155427.php#xtor=EPR-126-newsletter_tra-20170315\n\n-Jusqu&#8217;au 28 mars, \u00e0 la Filmoth\u00e8que du Quartier Latin, revoir &#8220;Classe tous risques&#8221; et &#8221; L&#8217;Arme \u00e0 gauche&#8221;, les deux premiers films de Claude Sautet (J\u00e9r\u00e9mie Couston; vid\u00e9os) : http:\/\/www.telerama.fr\/sortir\/pourquoi-il-faut-revoir-les-premiers-films-de-claude-sautet,155396.php#xtor\n\n-&#8220;Le harc\u00e8lement \u00e0 l&#8217;\u00e9cole commence souvent par des blagues&#8221; (le r\u00e9alisateur canadien Yan England du film &#8220;1:54&#8221;; vid\u00e9o) : http:\/\/www.francetvinfo.fr\/societe\/education\/harcelement-a-l-ecole\/harcelement-a-l-ecole-1-54-un-film-pour-ouvrir-le-dialogue_2097971.html\n\n-Martin Scorsese est parfois aussi devant la cam\u00e9ra (Romain Capelle; vid\u00e9o) : http:\/\/www.telerama.fr\/cinema\/aviez-vous-repere-ces-apparitions-de-martin-scorsese-devant-la-camera,155394.php#xtor\n\n<strong>-B\u00e9atrice Dalle, interpr\u00e8te de dernier film de Claude Lellouch &#8220;Chacun sa vie&#8221;, dans &#8220;Entr\u00e9e libre&#8221; de Claire Chazal (vid\u00e9o) :<\/strong> http:\/\/www.france5.fr\/emissions\/entree-libre\/videos\/ceux_qui_maiment_prendront_le_train_14-03-2017_1511699?onglet=tous&#038;page=1\n\n-&#8220;The I.O.U&#8221;, une nouvelle in\u00e9dite de Francis Scott-Fitzgerald (Nathalie Crom) :                                                                       http:\/\/www.telerama.fr\/livre\/une-nouvelle-inedite-de-francis-scott-fitzgerald-a-lire-sur-le-site-du-new-yorker,155392.php#xtor\n\n-A d\u00e9couvrir ici (en anglais) sur le site du &#8220;The New Yorker&#8221; : http:\/\/www.newyorker.com\/magazine\/2017\/03\/20\/the-i-o-u\n\n<strong>-&#8220;Les Demoiselles de Rochefort&#8221; ont cinquante ans (Rebecca Manzoni; vid\u00e9o) :<\/strong> https:\/\/www.franceinter.fr\/emissions\/pop-co\/pop-co-15-mars-2017\n\n<strong>-L&#8221;auteur de la musique du film, Michel Legrand, \u00e9tait l&#8217;invit\u00e9 d&#8217;Augustin Trapenard (son) : <\/strong> https:\/\/www.franceinter.fr\/emissions\/boomerang\/boomerang-15-mars-2017\n\n<strong>-&#8220;Les soeurs jumelles&#8221; (vid\u00e9o) :<\/strong> https:\/\/www.youtube.com\/watch?v=BSNardGchis&#038;feature=share\n\n<strong>-Le label &#8220;Born Bad Records&#8221; a dix ans. Son fondateur Jean-Baptiste Guillot, &#8220;le G\u00e9rard d&#8217;Aboville du disque&#8221;, revient sur son histoire en huit disques cl\u00e9s (Propos recueillis par Erwan Perron; sons et vid\u00e9o) <\/strong> : http:\/\/www.telerama.fr\/musique\/born-bad-records-a-10-ans-il-faut-que-chaque-chanson-dechire,155250.php#xtor\n\n-Retrouver Jimmies Spheeris avec Fran\u00e7ois Gorin (son) :    http:\/\/www.telerama.fr\/musique\/jimmie-spheeris-vue-de-son-ile-au-couchant,155305.php#xtor        \n\n<strong>-Dans le septi\u00e8me album du trio fran\u00e7ais NLF3 (Olivier Lamm; sons) <\/strong> :       http:\/\/next.liberation.fr\/musique\/2017\/03\/15\/le-son-du-jour-124-bichrome-comme-nlf3_1555541?xtor                                   \n                                        \n<strong>-&#8220;La jungle de Calais&#8221; dessin\u00e9e par Lisa Mandel (Laurence Le Saux) : <\/strong> http:\/\/www.telerama.fr\/livre\/la-jungle-de-calais-dessinee-par-lisa-mandel-dechirant-et-drole,155300.php#xtor\n\n<strong>-Dans &#8220;Le Monde&#8221;, elle tient le blog &#8220;Pr\u00e9zizidentielle&#8221;, initialement destin\u00e9 aux enfants <\/strong> : http:\/\/lisamandel.blog.lemonde.fr\/\n\n<strong>-La campagne pr\u00e9sidentielle sur Internet (le blogueur Nicolas Vanderbiest, la candidate Charlotte Marchandise et le chercheur du  CNRS au CEVIPOF Thierry Vedel, dans &#8220;Les Matins&#8221; de Guillaume Erner (sons et vid\u00e9o) <\/strong> :https:\/\/www.franceculture.fr\/emissions\/linvite-des-matins\/la-campagne-presidentielle-sur-internet#xtor                                                                    https:\/\/www.franceculture.fr\/emissions\/linvite-des-matins\/la-campagne-presidentielle-sur-internet#xtor\n\n<strong>-&#8220;Jean-Luc M\u00e9lenchon s&#8217;insurge contre &#8220;C \u00e0 vous&#8221;, une \u00e9mission traquenard&#8221; (Les Inrocks; vid\u00e9os) <\/strong> : http:\/\/www.lesinrocks.com\/2017\/03\/news\/jean-luc-melenchon-sinsurge-contre-c-vous-une-emission-traquenard\/\n\n<strong>-&#8220;A l&#8217;antenne, je ne suis pas aussi \u00e0 l&#8217;aise que vous croyez. Je n&#8217;aime pas les voix des animateurs, je pr\u00e9f\u00e8re celles des invit\u00e9s&#8221; (Edouard Baer, chaque matin sur Radio Nova; propos recueillis par Carole Lefran\u00e7ois) :      <\/strong>                      http:\/\/www.telerama.fr\/radio\/edouard-baer-sur-nova-a-l-antenne-je-ne-suis-pas-aussi-a-l-aise-que-vous-le-croyez,152897.php#xtor\n\n<strong>-Les derniers podcasts de l&#8217;\u00e9mission (sons) :<\/strong>  http:\/\/www.novaplanet.com\/radionova\/emission-plus-pres-de-toi\n\n-Avec Thomas VDB et Mathieu Mad\u00e9nian, &#8220;les dr\u00f4les de m\u00e9thodes de Delphine Ernotte (J\u00e9r\u00e9mie Maire) :  http:\/\/television.telerama.fr\/television\/thomas-vdb-et-mathieu-madenian-deprogrammes-la-drole-de-methode-de-france-2,155386.php#xtor\n\n-Ils ont r\u00e9pondu sur Twitter \u00e0 la pr\u00e9sidente de France T\u00e9l\u00e9visions (Emilie Geffray) : http:\/\/tvmag.lefigaro.fr\/programme-tv\/deprogrammes-matthieu-madenian-et-thomas-vdb-interpellent-delphine-ernotte_d0aa4996-0886-11e7-af13-798d16c254db\/\n\n<strong>-Et avec une vid\u00e9o <\/strong> : http:\/\/www.lepoint.fr\/video\/thomas-vdb-et-mathieu-madenian-adressent-un-message-a-delphine-ernotte-14-03-2017-2111723_738.php\n\n-&#8220;La seule censure, c&#8217;est de savoir si on est dr\u00f4le&#8221; (Eric et Quentin de &#8220;TMC&#8221; dans &#8220;Quotidien&#8221;; Thomas Joubert; vid\u00e9o) : http:\/\/www.dailymotion.com\/video\/x5euyd1_eric-et-quentin-la-seule-censure-c-est-de-savoir-si-on-est-drole_news\n\n<strong>-&#8220;C \u00e0 vous&#8221; sur France 5 a battu son record d&#8217;audience avec Jean-Luc M\u00e9lenchon&#8230;qui n&#8217;en a pas \u00e9t\u00e9 remerci\u00e9, c&#8217;est le moins que l&#8217;on puisse dire (Marc Baudriller; son du 15 mars) <\/strong> : https:\/\/www.radioclassique.fr\/radio\/emissions\/matinale-de-radio-classique\/la-vie-des-medias\/\n\n<strong>-Beau score pour la m\u00e9t\u00e9o de M\u00e9lanie Segard sur France 2 (J\u00e9r\u00f4me Ivanichtchenko; vid\u00e9o) :  <\/strong>                                                    http:\/\/www.dailymotion.com\/video\/x5euurx_beau-score-pour-la-meteo-de-melanie-segard-sur-france-2_news\n\n-&#8220;Je me suis sentie tr\u00e8s \u00e0 l&#8217;aise&#8221; (vid\u00e9o) : ww.francetvinfo.fr\/economie\/medias\/france-televisions\/melanie-segard-miss-meteo-d-un-soir-a-emu-la-france_2098083.html\n\n-L&#8217;esclavage moderne dans la saison 3 de &#8220;American Crime&#8221; sur Canal + s\u00e9ries (Pierre Langlais; vid\u00e9o) : http:\/\/www.telerama.fr\/series-tv\/l-esclavage-moderne-au-coeur-de-la-saison-3-d-american-crime,155195.php#xtor\n\n<strong>-&#8220;Serierama&#8221;, le blog des s\u00e9ries TV de Pierre Langlais (vid\u00e9os) :  <\/strong>                                         http:\/\/www.telerama.fr\/blogs\/serierama\/\n\n<strong>-&#8220;M\u00e9fiez-vous de l&#8217;islamo-gauchiste qui sommeille en vous&#8221; (le conseil de Thierry Ardisson, cit\u00e9 par Samuel Gontier) <\/strong> : http:\/\/television.telerama.fr\/television\/le-conseil-de-thierry-ardisson-mefiez-vous-de-l-islamo-gauchiste-qui-sommeille-en-vous,155424.php#xtor\n\n-L&#8217;ironie de St\u00e9phane Le Foll lors du point de presse \u00e0 l&#8217;issue du Conseil des ministres  (vid\u00e9o) : http:\/\/www.bfmtv.com\/mediaplayer\/video\/le-foll-ironise-sur-l-absences-des-journalistes-a-son-point-presse-924115.html\n\n-&#8220;Ye v\u00e9 boire le caf\u00e9 de Melentchonne&#8221; (J\u00e9r\u00f4me Commandeur; vid\u00e9o) : http:\/\/www.dailymotion.com\/video\/x5eucwk_hector-ye-ve-boire-le-cafe-de-melentchonne-avant-qu-il-arrive_news\n\n<strong>-&#8220;Le patrimoine de Marine Le Pen serait sous-\u00e9valu\u00e9, comme son racisme&#8221; (Nicolas Canteloup, en pr\u00e9sence de Jean-Luc M\u00e9lenchon; vid\u00e9o) :    <\/strong>                                     http:\/\/www.dailymotion.com\/video\/x5eusa5_le-patrimoine-de-marine-le-pen-serait-sous-evalue-comme-son-racisme_news  \n\n<strong>-&#8220;De l&#8217;argent pour les \u00e9l\u00e9phants du BTP et rien pour les fourmis&#8221; (Nicole Ferroni; vid\u00e9o) :<\/strong> http:\/\/www.dailymotion.com\/video\/x5eunhr_de-l-argent-que-pour-les-elephants-du-btp-et-rien-pour-les-fourmis-le-billet-de-nicole-ferroni_fun\n\n<strong>-&#8220;Clause Moli\u00e8re, le gars qui br\u00fblait les planches pas les pneus !&#8221; (Charline Vanhoenacker; vid\u00e9o) :<\/strong>  http:\/\/www.dailymotion.com\/video\/x5euevf_clause-moliere-le-gars-qui-brulait-les-planches-pas-les-pneus-le-billet-de-charline_fun\n<h2 class=\"wp-block-heading\">Documents joints<\/h2>\n\n\n\n<div class=\"wp-block-file\"><a href=\"https:\/\/wp.muchomaas.com\/wp-content\/uploads\/2017\/03\/edito_hd-3-278.pdf\">edito_hd-3.pdf<\/a><\/div>\n\n\n\n<div class=\"wp-block-file\"><a href=\"https:\/\/wp.muchomaas.com\/wp-content\/uploads\/2017\/03\/huma-cafe-3-02a.pdf\">huma-cafe-3.pdf<\/a><\/div>\n\n\n","protected":false},"excerpt":{"rendered":"<p>ACTUALITE -Dans la mont\u00e9e du FN, &#8220;Hollande a sa part de responsabilit\u00e9&#8221; (Jean-Claude Mailly, secr\u00e9taire de FO; vid\u00e9o) : http:\/\/www.lcp.fr\/la-politique-en-video\/montee-du-front-national-francois-hollande-sa-part-de-responsabilite-juge-0 -&#8220;Fillon et Macron, j&#8217;aimerais qu&#8217;ils soient un peu plus r\u00e9publicains&#8221; (vid\u00e9o) : http:\/\/www.lcp.fr\/la-politique-en-video\/mailly-fo-jaimerais-que-fillon-et-macron-soient-un-peu-plus-republicains -Il \u00e9tait l&#8217;invit\u00e9 de l&#8217;\u00e9mission &#8220;Questions d&#8217;Info&#8221; sur la cha\u00eene LCP (vid\u00e9o) : http:\/\/www.lcp.fr\/emissions\/questions-dinfo\/279543-questions-dinfo -Il \u00e9tait aussi sur CNews, interrog\u00e9 par Olivier [&hellip;]<\/p>\n","protected":false},"author":1042,"featured_media":0,"comment_status":"open","ping_status":"open","sticky":false,"template":"","format":"standard","meta":{"_themeisle_gutenberg_block_has_review":false,"footnotes":""},"categories":[151],"tags":[],"class_list":["post-10264","post","type-post","status-publish","format-standard","hentry","category-la-revue-de-presse-de-lulu"],"_links":{"self":[{"href":"https:\/\/archives.regards.fr\/index.php?rest_route=\/wp\/v2\/posts\/10264","targetHints":{"allow":["GET"]}}],"collection":[{"href":"https:\/\/archives.regards.fr\/index.php?rest_route=\/wp\/v2\/posts"}],"about":[{"href":"https:\/\/archives.regards.fr\/index.php?rest_route=\/wp\/v2\/types\/post"}],"author":[{"embeddable":true,"href":"https:\/\/archives.regards.fr\/index.php?rest_route=\/wp\/v2\/users\/1042"}],"replies":[{"embeddable":true,"href":"https:\/\/archives.regards.fr\/index.php?rest_route=%2Fwp%2Fv2%2Fcomments&post=10264"}],"version-history":[{"count":0,"href":"https:\/\/archives.regards.fr\/index.php?rest_route=\/wp\/v2\/posts\/10264\/revisions"}],"wp:attachment":[{"href":"https:\/\/archives.regards.fr\/index.php?rest_route=%2Fwp%2Fv2%2Fmedia&parent=10264"}],"wp:term":[{"taxonomy":"category","embeddable":true,"href":"https:\/\/archives.regards.fr\/index.php?rest_route=%2Fwp%2Fv2%2Fcategories&post=10264"},{"taxonomy":"post_tag","embeddable":true,"href":"https:\/\/archives.regards.fr\/index.php?rest_route=%2Fwp%2Fv2%2Ftags&post=10264"}],"curies":[{"name":"wp","href":"https:\/\/api.w.org\/{rel}","templated":true}]}}