{"id":10263,"date":"2017-03-15T07:35:28","date_gmt":"2017-03-15T06:35:28","guid":{"rendered":"https:\/\/wp.muchomaas.com\/article-la-revue-du-15-mars-2017\/"},"modified":"2017-03-15T07:35:28","modified_gmt":"2017-03-15T06:35:28","slug":"article-la-revue-du-15-mars-2017","status":"publish","type":"post","link":"https:\/\/archives.regards.fr\/?p=10263","title":{"rendered":"La Revue du 15 mars 2017"},"content":{"rendered":"<p><strong>ACTUALITE<\/strong><\/p>\n<p>-Sur la nouvelle ligne TGV de Paris sur Bordeaux, &#8220;le groupe Vinci attend un retour d&#8217;investissement au d\u00e9triment de la SNCF&#8221; (Franck Bouaziz) : http:\/\/www.liberation.fr\/futurs\/2017\/03\/13\/lgv-ouest-veni-vidi-vinci_1555488?xtor<\/p>\n<p><strong>-Le ras-le-bol des pompiers (vid\u00e9o) :<\/strong> https:\/\/www.youtube.com\/watch?v=sApCpuNRBDY<\/p>\n<p>-Dans leur manifestation (vid\u00e9o) : https:\/\/www.youtube.com\/watch?v=tG-f63p0m-k<\/p>\n<p><strong>-&#8220;Avec la clause Moli\u00e8re, on suit les traces du FN et c&#8217;est absolument scandaleux. J&#8217;ai travaill\u00e9 dans une usine avec 40 nationalit\u00e9s et \u00e7a se passait tr\u00e8s bien. La responsabilit\u00e9 (revient) \u00e0 ceux qui ont promis beaucoup de choses et qui pendant cinq ans ont fait le contraire. Que Fran\u00e7ois Fillon aille \u00e0 l&#8217;h\u00f4pital une journ\u00e9e, qu&#8217;il voit comment travaille le personnel soignant, et il comprendra qu&#8217;il ne faut pas supprimer des fonctionnaires, qu&#8217;il faut en embaucher, et c&#8217;est urgent. Quand on dit que, mis en examen, on ne serait pas candidat, et qu&#8217;on fait le contraire, on d\u00e9nature la parole politique. On ne calque pas les revendications des salari\u00e9s \u00e0 un premier tour. La CGT ne donne pas de consigne de vote y compris pour anticiper la pr\u00e9sence du Front National au second tour&#8221;  (Philippe Martinez, secr\u00e9taire de la CGT; invit\u00e9 d&#8217;Alexandra Bensaid; vid\u00e9o) :<\/strong> http:\/\/www.dailymotion.com\/video\/x5eqwtd_philippe-martinez-repond-aux-questions-d-alexandra-bensaid_news <\/p>\n<p>-&#8220;Il faut r\u00e9habiliter le travail. Quand j&#8217;entends Hamon, j&#8217;ai peur&#8221; (Pierre Gattaz, pr\u00e9sident du Medef, interrog\u00e9 par Jeff Wittenberg; vid\u00e9o) :  http:\/\/www.france2.fr\/emissions\/telematin\/actu\/les-4-verites-pierre-gattaz_559163 <\/p>\n<p><em>-Les Fran\u00e7ais et leurs services publics locaux (ODOXA) : <\/em>  http:\/\/www.odoxa.fr\/sondage\/francais-leurs-services-publics-locaux-acte-ii\/<\/p>\n<p><em>-L&#8217;ISF (ODOXA) :<\/em> http:\/\/www.odoxa.fr\/sondage\/rendez-de-leconomie-de-mars-fiscalite-impot-fortune\/<\/p>\n<p>-&#8220;Il s&#8217;agit de donner plus de visibilit\u00e9 aux comp\u00e9tences de nos \u00e9l\u00e8ves&#8221; (B\u00e9n\u00e9dicte Durand, doyenne du Coll\u00e8ge universitaire de Sciences Po-Paris; interrog\u00e9e par Nicolas Pierron; vid\u00e9o) : https:\/\/www.dailymotion.com\/video\/x5er4fi_il-s-agit-de-donner-plus-de-visibilite-aux-competences-de-nos-eleves-benedicte-durand-14-03-2017_news<\/p>\n<p>-&#8220;Un test de d\u00e9pistage pr\u00e9coce du cancer efficace&#8221; (vid\u00e9o) : http:\/\/www.francetvinfo.fr\/sante\/decouverte-scientifique\/cancer-un-test-de-depistage-precoce-efficace_2096483.html<\/p>\n<p>-&#8220;Je souhaite une d\u00e9mocratisation de mon test&#8221; (la canc\u00e9rologue de l&#8217;INSERM, Patrizia Peterlini-Br\u00e9chot; vid\u00e9o) : http:\/\/www.francetvinfo.fr\/sante\/decouverte-scientifique\/cancer-le-pr-paterlini-brechot-souhaite-la-democratisation-de-son-test_2096489.html<\/p>\n<p><strong>-&#8220;On est en train de r\u00e9volutionner le traitement contre le cancer&#8221; (le professeur Thierry Philip, pr\u00e9sident de l&#8217;institut Curie; interrog\u00e9 par Thomas Sotto; vid\u00e9o) : <\/strong> http:\/\/www.dailymotion.com\/video\/x5eqx15_thierry-philip-on-est-en-train-de-revolutionner-le-traitement-contre-le-cancer_news<\/p>\n<p><strong>-R\u00e9duire la consommation \u00e9lectrique dans les grandes agglom\u00e9rations (Baptiste Gaborit; son du 14 mars) <\/strong> : https:\/\/www.radioclassique.fr\/radio\/emissions\/matinale-de-radio-classique\/3-minutes-planete\/<\/p>\n<p>-Le co\u00fbt de la sortie du nucl\u00e9aire selon l&#8217;institut Montaigne (Val\u00e9ry Laram\u00e9e de Tannenberg) : http:\/\/www.euractiv.fr\/section\/energie\/news\/sortie-du-nucleaire-le-devis-de-linstitut-montaigne\/?nl_ref<\/p>\n<p>-Le grand succ\u00e8s des circuits courts (vid\u00e9o) : http:\/\/www.francetvinfo.fr\/economie\/emploi\/metiers\/agriculture\/crise-des-eleveurs\/consommation-le-grand-succes-des-circuits-courts_2095591.html<\/p>\n<p>-Les emballages remplissent votre poubelle (Nathalie Fontrel; son) : https:\/\/www.franceinter.fr\/emissions\/planete-environnement\/planete-environnement-14-mars-2017<\/p>\n<p><strong>-&#8220;Patrons de PME cherchent repreneurs&#8221; (vid\u00e9o) : <\/strong> http:\/\/www.francetvinfo.fr\/economie\/emploi\/entreprises-patrons-cherchent-repreneurs_2095583.html<\/p>\n<p>-En tourn\u00e9e \u00e0 Paris avec la brigade anti-incivilit\u00e9s (Rossana Di Vicenzo) :                  http:\/\/www.telerama.fr\/sortir\/megots-crottes-de-chiens-urine-en-tournee-a-paris-avec-la-brigade-anti-incivilites,155254.php<\/p>\n<p>-Les kiosques \u00e0 journaux vont y changer de visage (Marc Baudriller; son du 14 mars) : https:\/\/www.radioclassique.fr\/radio\/emissions\/matinale-de-radio-classique\/la-vie-des-medias\/<\/p>\n<p>-Les r\u00e8gles d\u00e9ontologiques pour les cadeaux aux \u00e9lus (vid\u00e9o) : http:\/\/www.francetvinfo.fr\/politique\/francois-fillon\/cadeaux-aux-elus-quelles-sont-les-regles-deontologiques_2096395.html<\/p>\n<p><strong>-Vid\u00e9o du 13 novembre, le film noir du business (Tristan Berteloot) :<\/strong> http:\/\/www.liberation.fr\/france\/2017\/03\/13\/video-du-13-novembre-le-film-noir-du-business_1555450?xtor<\/p>\n<p><strong>-&#8220;Le racisme dans la police, \u00e7a existe&#8221; (le rappeur Kery James; vid\u00e9o) :<\/strong> http:\/\/www.lci.fr\/musique\/video-le-rappeur-kery-james-s-engage-le-racisme-dans-la-police-ca-existe-2029086.html%3Ftype<\/p>\n<p><strong>-&#8220;Le trafic de drogue au quotidien&#8221; sur Mediapart (vid\u00e9o) : <\/strong> https:\/\/www.youtube.com\/watch?v=xyeqilejh1k<\/p>\n<p><em>-Les Fran\u00e7ais et la coh\u00e9sion nationale (IFOP) : <\/em> http:\/\/www.ifop.com\/?option=com_publication&#038;type=poll&#038;id=3687<\/p>\n<p><strong>POLITIQUE<\/strong><\/p>\n<p>-&#8220;Apr\u00e8s cinq ans de Fran\u00e7ois Hollande, un candidat socialiste serait battu. Un \u00e9lecteur sur deux n&#8217;a pas fait son choix, ce sont ceux-l\u00e0 qui nous int\u00e9ressent. Emmanuel Macron lui aussi \u00e0 un probl\u00e8me d&#8217;estimation de son patrimoine. Il y a un probl\u00e8me de proximit\u00e9 avec les puissances d&#8217;argent&#8221; (Alexis Corbi\u00e8re, porte-parole de Jean-Luc M\u00e9lenchon; interrog\u00e9 par Olivier Galzi; vid\u00e9o) : http:\/\/www.cnews.fr\/chroniques\/linvite-dolivier-galzi\/alexis-corbiere-invite-dolivier-galzi-173605<\/p>\n<p>-Il \u00e9tait aussi sur LCI, invit\u00e9 d&#8217;Audrey Crespo-Mara (vid\u00e9o : http:\/\/www.lci.fr\/replay\/replay-l-invite-politique-de-8h15-alexis-corbiere-2029023.html%3Ftype=content<\/p>\n<p>-&#8220;L&#8217;affaire Fillon est mauvaise pour la politique. Il est vraiment temps de changer de R\u00e9publique. Il est en train de confisquer le d\u00e9bat public. Il y a besoin de d\u00e9cence dans le rapport des \u00e9lus \u00e0 l&#8217;argent. La d\u00e9cision de Manuel Valls est contraire \u00e0 l&#8217;esprit de la primaire \u00e0 laquelle nous n&#8217;avons pas voulu participer. Les \u00e9lus communistes ont jou\u00e9 le jeu pour les parrainages. La 6e R\u00e9publique pour laquelle nous allons marcher le 18, est un moyen de retisser le lien avec les citoyens. Le calendrier de la primaire fix\u00e9 pour Fran\u00e7ois Hollande n&#8217;a pas permis la recherche de compromis pour une candidature commune.  J&#8217;appelle de mes voeux une refondation d&#8217;une gauche de transformation sociale et \u00e9cologique rassembl\u00e9e&#8221; (Cl\u00e9mentine Autain, conseill\u00e8re r\u00e9gionale FdG d&#8217;Ile-de-France, soutien de Jean-Luc M\u00e9lenchon; interrog\u00e9e par Laurence Ferrari; vid\u00e9o) :<br \/>\n http:\/\/www.cnews.fr\/chroniques\/linvite-de-laurence-ferrari\/clementine-autain-invitee-de-laurence-ferrari-173630<\/p>\n<p>-Dans le Val-de-Marne, Christian Favier appelle \u00e0 participer \u00e0 la Marche pour la VIe R\u00e9publique et &#8220;La France insoumise&#8221; au rassemblement :                                       http:\/\/www.leparisien.fr\/ablon-sur-seine-94480\/legislatives-favier-pcf-appelle-la-france-insoumise-au-rassemblement-13-03-2017-6758958.php#xtor  <\/p>\n<p>-L&#8217;appel du PCF (son porte-parole Olivier Dartigolles; vid\u00e9o) :                           http:\/\/2017.pcf.fr\/actu_du_mardi_14_mars_2017<\/p>\n<p>-&#8220;Nous ne voulons pas de Marine Le Pen et de Fran\u00e7ois Fillon. Nous pr\u00e9f\u00e9rons Beno\u00eet Hamon \u00e9lu par la gauche au centriste Emmanuel Macron que nous ne mettons pas sur le m\u00eame plan. Il faut que Manuel Valls soit loyal mais en retrait. Le Parti socialiste a un candidat, il faut le d\u00e9fendre&#8221; (Jean-Christophe Cambad\u00e9lis, interrog\u00e9 par Jean-Pierre Elkabbach; vid\u00e9o) :   http:\/\/www.cnews.fr\/chroniques\/linvite-de-jean-pierre-elkabbach\/jean-christophe-cambadelis-invite-de-jean-pierre-elkabbach-173613 <\/p>\n<p>-&#8220;Je ne peux pas apport\u00e9 mon parrainage \u00e0 Beno\u00eet Hamon&#8221; (Manuel Valls dans &#8220;Paris Match&#8221;) : http:\/\/www.parismatch.com\/Actu\/Politique\/Valls-n-apportera-pas-son-parrainage-a-Hamon-1209305<\/p>\n<p>-&#8220;Je n&#8217;ai aucune le\u00e7on de loyaut\u00e9 \u00e0 recevoir&#8221; (Manuel Vall; vid\u00e9o) : http:\/\/www.lci.fr\/elections\/je-n-ai-aucune-lecon-de-loyaute-a-recevoir-apres-n-avoir-pas-parraine-benoit-hamon-manuel-valls-s-explique-face-a-ses-soutiens-2029124.html<\/p>\n<p>-&#8220;Les \u00e9lecteurs de la primaires doivent se sentir trahis&#8221; (Beno\u00eet Hamon, invit\u00e9 du &#8220;20 heures&#8221; de TF1; vid\u00e9o) : http:\/\/www.lci.fr\/politique\/benoit-hamon-invite-du-jt-20h-du-14-mars-2017-2029114.html<\/p>\n<p>-Luc Carvounas, s\u00e9nateur PS du Val-de-Marne, qui avait annonc\u00e9 dans &#8220;Le Monde&#8221; que Manuel Valls soutiendrait Beno\u00eet Hamon; interrog\u00e9 par Olivier Galzi (vid\u00e9o) : http:\/\/www.cnews.fr\/chroniques\/linvite-dolivier-galzi\/luc-carvounas-invite-dolivier-galzi-173633<\/p>\n<p>-&#8220;Manuel Valls est tiraill\u00e9 entre deux inimiti\u00e9s. Beno\u00eet Hamon n&#8217;arrive toujours pas \u00e0 donner une dynamique \u00e0 sa campagne. Son alternative, c&#8217;est rebondir ou d\u00e9visser&#8221; (Guillaume Tabard du &#8220;Figaro&#8221;; son du 14 mars) : https:\/\/www.radioclassique.fr\/radio\/emissions\/matinale-de-radio-classique\/22630-2\/<\/p>\n<p>-Face \u00e0 Face Florence Martini, secr\u00e9taire nationale LR\/Fran\u00e7ois Kalfon, conseiller r\u00e9gional PS d&#8217;Ile-de-France, ancien porte-parole d&#8217;Arnaud Montebourg qui &#8220;est moins enthousiaste pour les primaires&#8221; (son du 13 mars) :  https:\/\/www.radioclassique.fr\/radio\/emissions\/le-19h20h\/grand-debat-soir\/<\/p>\n<p>-&#8220;Macron est le candidat le plus rassembleur pour \u00e9viter une victoire de Marine Le Pen (Fran\u00e7ois de Rugy, d\u00e9put\u00e9 \u00e9cologiste de Loire Atlantique; interrog\u00e9 par Fr\u00e9d\u00e9ric Rivi\u00e8re; vid\u00e9o) : http:\/\/www.rfi.fr\/video\/20170314-f-rugy-macron-est-le-candidat-le-plus-rassembleur-eviter-une-victoire-marine-le-pen<\/p>\n<p>-&#8220;Je souhaite que Fran\u00e7ois Fillon sache rassembler large. Ce n&#8217;est pas \u00e0 partir d&#8217;un petit noyau de militants qu&#8217;on gagne une \u00e9lection. Au Trocad\u00e9ro, il y avait 40 000 \u00e0 50 000 personnes mais pour gagner la pr\u00e9sidentielle, il faut rassembler 18 millions de personnes et donc des gens qui sont tr\u00e8s diff\u00e9rents les uns des autres&#8221; (Jean-Christophe Lagarde, pr\u00e9sident de l&#8217;UDI; invit\u00e9 de la matinale de Franceinfo; son et vid\u00e9o) :   http:\/\/www.francetvinfo.fr\/replay-radio\/8h30-aphatie\/presidentielle-l-udi-jean-christophe-lagarde-promet-a-francois-fillon-des-soutiens-loyaux-mais-vigilants_2075841.html<\/p>\n<p>-&#8220;Macron n&#8217;a pas la puissance pour assumer la plus haute responsabilit\u00e9. Fran\u00e7ois Fillon, lui, \u00e0 la carrure&#8221;(Jean-Pierre Raffarin, s\u00e9nateur LR de la Vienne; interrog\u00e9 par Elizabeth Marichoux; vid\u00e9o) : http:\/\/www.rtl.fr\/actu\/politique\/raffarin-sur-rtl-macron-n-a-pas-la-puissance-pour-assumer-la-plus-haute-responsabilite-7787660634<\/p>\n<p>-&#8220;Il y a des groupes de presse, notamment celui dirig\u00e9 par M. Drahi, qui soutiennent ouvertement M. Macron&#8221; (Eric Ciotti, porte-parole de Fran\u00e7ois Fillon, invit\u00e9 de &#8220;Territoires d&#8217;Infos&#8221;; vid\u00e9o, amener le curseur sur 33:42) : https:\/\/www.dailymotion.com\/video\/x5eqywb_invite-eric-ciotti-territoires-d-infos-14-03-2017_news<\/p>\n<p><strong>-&#8220;Ces affaires salissent au del\u00e0 du candidat lui-m\u00eame&#8221; (Thomas Legrand; son) : <\/strong> https:\/\/www.franceinter.fr\/emissions\/l-edito-politique\/l-edito-politique-14-mars-2017<\/p>\n<p>-Fran\u00e7ois Asselineau, candidat de l&#8217;UPR \u00e0 l&#8217;\u00e9lection pr\u00e9sidentielle; interrog\u00e9 par Isabelle Moreau (vid\u00e9o) : http:\/\/www.cnews.fr\/chroniques\/les-invites-disabelle-moreau\/linvite-disabelle-moreau-173618<\/p>\n<p>-&#8220;M\u00e9lenchon et Le Pen disent \u00e0 peu pr\u00e8s la m\u00eame chose sur la question europ\u00e9enne&#8221; (il \u00e9tait interrog\u00e9 par Fabien Namias sur Europe 1; vid\u00e9o) : http:\/\/www.dailymotion.com\/video\/x5eqzy9_francois-asselineau-melenchon-et-le-pen-disent-a-peu-pres-la-meme-chose-sur-la-question-europeenne_news<\/p>\n<p>-&#8220;Le comportement de Fran\u00e7ois Fillon est incoh\u00e9rent. Les Fran\u00e7ais se sont fait leur opinion sur l&#8217;homme, un homme qui aime l&#8217;argent. On va pouvoir passer aux vraies questions. Avec Macron, ils sont les deux faces d&#8217;une m\u00eame m\u00e9daille, celle du syst\u00e8me, des int\u00e9r\u00eats financiers qui veulent prendre le pouvoir. Moi, je crois \u00e0 l&#8217;Europe, une autre Europe&#8221; (Marine Le Pen, invit\u00e9e de &#8220;Mardi Politique&#8221; sur France 24; vid\u00e9o) : http:\/\/www.rfi.fr\/video\/20170314-marine-le-pen-presidente-fn-candidate-election-presidentielle<\/p>\n<p>-&#8220;Rien n&#8217;est jou\u00e9 concernant notre rival du second tour&#8221; (Florian Philippot, vice-pr\u00e9sident du FN; interrog\u00e9 par Guillaume Durand; vid\u00e9o) : https:\/\/www.dailymotion.com\/video\/x5er58p_rien-n-est-joue-concernant-notre-rival-du-second-tour-florian-philippot-14-03-2017_news<\/p>\n<p>-&#8220;Si nous continuons comme \u00e7a, nous allons vers la guerre civile. L&#8217;Etat n&#8217;est plus pr\u00e9sent nul part&#8221; (Louis Aliot, vice-pr\u00e9sident du FN, interrog\u00e9 par Jean-Jacques Bourdin; vid\u00e9o) : http:\/\/www.bfmtv.com\/mediaplayer\/video\/louis-aliot-face-a-jean-jacques-bourdin-en-direct-923603.html<\/p>\n<p>-&#8220;Les l\u00e9gislatives confirment chaque fois le vote des pr\u00e9sidentielles&#8221; (Bruno Roger-Petit; vid\u00e9o) : https:\/\/www.dailymotion.com\/video\/x5er5yn_les-legislatives-confirment-chaque-fois-le-vote-des-presidentielles-bruno-roger-petit-14-03-2017_news<\/p>\n<p>-&#8220;L&#8217;Europe est au coeur de la pr\u00e9sidentielle&#8221; (Yves Thr\u00e9ard du &#8220;Figaro&#8221;; vid\u00e9o) : ) http:\/\/www.dailymotion.com\/video\/x5eqsve_l-europe-est-au-coeur-de-la-presidentielle_news<\/p>\n<p>-&#8220;La d\u00e9connexion de la classe politique ?&#8221; (en d\u00e9bat chez Olivier Galzy sur CNews; vid\u00e9o) : http:\/\/www.cnews.fr\/chroniques\/le-grand-decryptage\/la-deconnexion-des-politiques-173616<\/p>\n<p>-Le syst\u00e8me des parrainages, un frein \u00e0 la d\u00e9mocratie ? En d\u00e9battent Charlotte Marchandise-Franquet, candidate \u00e0 l&#8217;\u00e9lection et Olivier Faure, pr\u00e9sident du groupe socialiste (vid\u00e9o) : http:\/\/www.rtl.fr\/actu\/politique\/presidentielle-2017-le-systeme-de-parrainages-un-frein-a-la-democratie-7787661205<\/p>\n<p><em>-Les Fran\u00e7ais et la protection sociale (IPSOS) : <\/em> http:\/\/www.ipsos.fr\/decrypter-societe\/2017-03-15-presidentielle-2017-francais-et-protection-sociale<\/p>\n<p><em>-Les intentions de vote au 14 mars (IFOP) : <\/em> http:\/\/dataviz.ifop.com:8080\/HNS\/HNSAdmin\/start.appli?appid=60930&#038;logonUser=USERWEB&#038;logonPswcd=ZnJhbmNvaXNF<\/p>\n<p><em>-Le m\u00eame (OPINION-WAY) : <\/em> http:\/\/opinionlab.opinion-way.com\/opinionlab\/832\/627\/presitrack.html#m6<\/p>\n<p><strong>EUROPE-MONDE<\/strong><\/p>\n<p><strong>-&#8220;Peux-t-on sauver l&#8217;Europe ?&#8221; (d\u00e9bat avec les eurod\u00e9put\u00e9s Pervenche Ber\u00e8s (PS), Florent Marcellesi, \u00e9cologiste espagnol et Patrick Le Hyric du groupe GUE\/GVN; anim\u00e9 par Jean-Jacques Regibier; vid\u00e9o) <\/strong> : https:\/\/www.youtube.com\/watch?v=BefDwWUKMlk<\/p>\n<p><strong>-&#8220;Un jour ou l&#8217;autre, il faudra dire \u00e0 la Turquie qu&#8217;elle ne peut pas entrer dans l&#8217;Europe&#8221; (Hubert V\u00e9drine \u00e9tait l&#8217;invit\u00e9 de la matinale de France Inter. Il a r\u00e9pondu aux questions de Patrick Cohen et des auditeurs; vid\u00e9os) : <\/strong>                             http:\/\/www.dailymotion.com\/video\/x5eqzcy_hubert-vedrine-repond-aux-questions-de-patrick-cohen_news                                                                                    http:\/\/www.dailymotion.com\/video\/x5er2uu_hubert-vedrine-repond-aux-questions-des-auditeurs-de-france-inter_news <\/p>\n<p><em>-L&#8217;int\u00e9r\u00eat des Fran\u00e7ais pour une monnaie nationale compl\u00e9mentaire \u00e0 l&#8217;euro (OPINION-WAY) <\/em> : https:\/\/www.opinion-way.com\/fr\/component\/edocman\/?task=document.viewdoc&#038;id=1562&#038;Itemid=0<\/p>\n<p>-Premiers \u00e9changes entre la Commission europ\u00e9enne et l&#8217;administration Trump (Georgi Gotev) : http:\/\/www.euractiv.fr\/section\/energie\/news\/sefcovic-debriefs-following-landmark-us-visit\/?nl_ref=33266636<\/p>\n<p>-La Cour de Justice de l&#8217;Union europ\u00e9enne reconnait le droit pour une entreprise d&#8217;interdire le port du voile : http:\/\/www.euractiv.fr\/section\/justice-affaires-interieures\/news\/le-cjue-reconnait-aux-entreprises-le-droit-dinterdire-le-voile\/?nl_ref<\/p>\n<p>-&#8220;Les 28 louvoient encore sur l&#8217;efficacit\u00e9 \u00e9nerg\u00e9tique&#8221;  (James Crisp) : http:\/\/www.euractiv.fr\/section\/changement-climatique\/news\/member-states-move-to-weaken-eu-energy-efficiency-targets\/?nl_ref<\/p>\n<p>-&#8220;Les villes d&#8217;Europe championnes de la qualit\u00e9 de vie&#8221; : http:\/\/www.euractiv.fr\/section\/mode-de-vie\/news\/les-villes-deurope-championnes-de-la-qualite-de-vie\/?nl_ref<\/p>\n<p>-&#8220;Le pape Fran\u00e7ois, quatre ans d\u00e9j\u00e0&#8221; (Arnaud B\u00e9dat, auteur de &#8220;Fran\u00e7ois, seul contre tous&#8221;, re\u00e7u par Isabelle Moreau; vid\u00e9o) : http:\/\/www.cnews.fr\/chroniques\/les-invites-disabelle-moreau\/linvite-disabelle-moreau-173588<\/p>\n<p>-Le Brexit fait peur aux deux Irlande (vid\u00e9o) : http:\/\/www.francetvinfo.fr\/monde\/europe\/la-grande-bretagne-et-l-ue\/le-brexit-fait-peur-aux-deux-irlande_2096453.html<\/p>\n<p>-Un nouveau r\u00e9f\u00e9rendum en Ecosse (Hughes Beaudoin; son du 13 mars) : https:\/\/www.radioclassique.fr\/radio\/emissions\/le-19h20h\/24h-en-europe\/<\/p>\n<p>-Martin Schulz, l&#8217;impr\u00e9vu d&#8217;Angela Merkel (Henrik Uterwedde; son) :  https:\/\/www.franceinter.fr\/emissions\/meridien-d-europe\/meridien-d-europe-14-mars-2017<\/p>\n<p><strong>-&#8220;Ici, aux Pays-Bas, les gens sont heureux mais les mentalit\u00e9s changent&#8221; (Aude Massiot) :<\/strong> http:\/\/www.liberation.fr\/planete\/2017\/03\/13\/pays-bas-ici-les-gens-sont-heureux-mais-les-mentalites-changent_1555454?xtor<\/p>\n<p>-Les raisons de la mont\u00e9e du candidat populiste Geert Wilders (un reportage de Bertrand Gallicher; son) : https:\/\/www.franceinter.fr\/emissions\/le-zoom-de-la-redaction\/le-zoom-de-la-redaction-14-mars-2017<\/p>\n<p><strong>-La route des Balkans s&#8217;av\u00e8re plus dangereuse pour les r\u00e9fugi\u00e9s (Andr\u00e9a Dernbach) : <\/strong> http:\/\/www.euractiv.fr\/section\/monde\/news\/balkan-migration-route-is-not-closed\/?nl_ref<\/p>\n<p>-La Turquie accuse Berlin de soutenir les terroristes (vid\u00e9o) : http:\/\/www.francetvinfo.fr\/monde\/turquie\/la-turquie-accuse-berlin-de-soutenir-les-terroristes_2096635.html<\/p>\n<p>-Le point de vue de Pascal Boniface, directeur de l&#8217;Iris, sur l&#8217;interdiction ou non des meetings pour le r\u00e9f\u00e9rendum (interrog\u00e9 par Yves Calvi; vid\u00e9o) :                 http:\/\/www.lci.fr\/replay\/l-invite-de-24-heures-en-questions-du-13-mars-2017-pascal-boniface-de-l-institut-des-relations-internationales-et-strategiques-2029009.html%3Ftype<\/p>\n<p><strong>-&#8220;Au Liban, les r\u00e9fugi\u00e9es syriennes exploit\u00e9es sexuellement&#8221; (Omar Ouahmane; son) : <\/strong> https:\/\/www.franceinter.fr\/emissions\/grand-angle\/grand-angle-14-mars-2017<\/p>\n<p><strong>-&#8220;Six ans de guerre en Syrie vus de l&#8217;int\u00e9rieur&#8221; (Val\u00e9rie Crova, grand reporter de Radio France et Eric Chaverou (sons) <\/strong> : https:\/\/www.franceculture.fr\/geopolitique\/six-ans-de-guerre-en-syrie-vue-de-linterieur#xtor<\/p>\n<p>-&#8220;La Chine assure ne pas limiter l&#8217;acc\u00e8s des entreprises \u00e9trang\u00e8res \u00e0 son march\u00e9&#8221; (Daniela Vincenti) : http:\/\/www.euractiv.fr\/section\/economie\/news\/china-refutes-claims-of-market-access-reduction-for-foreign-firms\/?nl_ref<\/p>\n<p><strong> <strong>CULTURE-MEDIAS<\/strong> <\/strong><\/p>\n<p><strong>-&#8220;La fin de l&#8217;histoire&#8221;, une retraite r\u00e9ussie pour l&#8217;\u00e9crivain chilien Luis Sepulveda (Philippe Lan\u00e7on) <\/strong> : http:\/\/next.liberation.fr\/livres\/2017\/03\/13\/luis-sepulveda-retraite-reussie_1555399?xtor<\/p>\n<p>-Le vendredi 31 mars, \u00e0 l&#8217;initiative de la Fondation Gabriel P\u00e9ri, une journ\u00e9e d&#8217;\u00e9tude sur &#8220;le centenaire de la r\u00e9volution russe et l&#8217;ann\u00e9e 1917&#8221; : http:\/\/www.gabrielperi.fr\/journee-centenaire-revolution-russe.html<\/p>\n<p>-La disparition du philosophe ni\u00e7ois Andr\u00e9 Tosel : http:\/\/www.nicematin.com\/vie-locale\/andre-tosel-philosophe-nicois-de-renom-nous-a-quittes-121427<\/p>\n<p>-L&#8217;hommage de Pierre Laurent : http:\/\/www.le-chiffon-rouge-morlaix.fr\/2017\/03\/disparition-d-andre-tosel-un-des-grands-specialistes-de-la-philosophie-marxiste-pierre-laurent.html<\/p>\n<p><strong>-Le 19 mars 2015, &#8220;Spinoza \u00e0 Paris 8&#8221; (vid\u00e9o) <\/strong> : https:\/\/www.youtube.com\/watch?v=M3QO-gn1iqM&#038;feature=youtu.be<\/p>\n<p><strong>-&#8220;On ne me verra jamais sur les r\u00e9seaux sociaux&#8221; (Pierre Arditti, qui triomphe actuellement dans &#8220;Le cas Sneijder&#8221; au Th\u00e9\u00e2tre de l&#8217;Atelier \u00e0 Paris; entretien r\u00e9alis\u00e9 par Fabienne Pascaud; vid\u00e9o) <\/strong> : http:\/\/www.telerama.fr\/scenes\/posez-vos-questions-a-pierre-arditi-18h,155256.php<\/p>\n<p>-Christine Angot et Maria de Meideiros, auteure et actrice d&#8217;un &#8220;Amour impossible&#8221; qui se joue \u00e0 l&#8217;Od\u00e9on, \u00e9taient les invit\u00e9es de Claire Chazal (son du 11 mars) : https:\/\/www.radioclassique.fr\/radio\/emissions\/l-invite-culture-de-claire-chazal\/<\/p>\n<p><strong>-Elle recevait Pierre Richard dans &#8220;Entr\u00e9e libre&#8221; sur France 5 (vid\u00e9o) :     <\/strong>   http:\/\/www.france5.fr\/emissions\/entree-libre\/videos\/un_heros_tres_distrait_13-03-2017_1510717?onglet=tous&#038;page=1<\/p>\n<p>-Il est au g\u00e9n\u00e9rique de &#8220;Paris pieds nus&#8221;, le film d&#8217;Abel et Gordon (vid\u00e9o) : http:\/\/www.france5.fr\/emissions\/entree-libre\/videos\/le_burlesque_selon_abel_et_gordon_13-03-2017_1510709?onglet=tous&#038;page=1<\/p>\n<p><strong>-Elena Rostropovich, fille du virtuose russe, \u00e9tait l&#8217;invit\u00e9e de &#8220;Passion classique&#8221; d&#8217;Olivier Bellamy; son du 13 mars) : <\/strong> https:\/\/www.radioclassique.fr\/radio\/emissions\/passion-classique\/<\/p>\n<p>-&#8220;A l&#8217;Op\u00e9ra Bastille, la Carmen violente et militante de Calixto Bieito (Sophie Bourdais; jusqu&#8217;au 14 avril, puis du 13 juin au 16 juillet) : http:\/\/www.telerama.fr\/musique\/a-l-opera-bastille-la-carmen-violente-et-militante-de-calixto-bieito,155252.php<\/p>\n<p><strong>-&#8220;M\u00e9d\u00e9e&#8221;, un court-m\u00e9trage de Vincent Dedienne, avec Nathalie Baye (Samuel Douhaire; vid\u00e9o \u00e0 regarder ici, aujourd&#8217;hui, dernier d\u00e9lai) :  <\/strong>                       http:\/\/www.telerama.fr\/cinema\/regardez-medee-un-court-metrage-avec-nathalie-baye-et-vincent-dedienne,155197.php<\/p>\n<p><strong>-Le documentaire &#8220;Watani-My Homeland&#8221; de Marcel Mettelsiefen qui relate le p\u00e9riple de la famille Kamil-Kassou, aujourd&#8217;hui r\u00e9fugi\u00e9e en Allemagne (Juliette B\u00e9nabent) : <\/strong>  http:\/\/www.telerama.fr\/monde\/syrie-six-ans-deja-en-2011-nous-etions-heureux-et-pleins-d-espoir,155253.php<\/p>\n<p>-&#8220;Quand les h\u00e9ros troubl\u00e9s font des s\u00e9ries troublantes&#8221; (Pierre Langlais et S\u00e9bastien Mauge; vid\u00e9os) : http:\/\/www.telerama.fr\/series-tv\/quand-les-heros-troubles-font-des-series-troublantes,155170.php<\/p>\n<p><strong>-R\u00e9alisatrice de &#8220;Grave&#8221;, Julia Ducournau \u00e9tait l&#8217;invit\u00e9e d&#8217;Augustin Trapenard (son) :<\/strong> https:\/\/www.franceinter.fr\/emissions\/boomerang\/boomerang-14-mars-2017<\/p>\n<p><strong>-Regarder ici et sur Arte quatre \u00e9pisodes de l&#8217;envo\u00fbtante s\u00e9rie flamande &#8220;Beau s\u00e9jour&#8221; (vid\u00e9os) : <\/strong> http:\/\/www.telerama.fr\/series-tv\/regardez-quatre-episodes-de-beau-sejour-enthousiasmante-serie-flamande,155177.php<\/p>\n<p>-La s\u00e9rie &#8220;Buffy contre les vampires&#8221; a 20 ans (Maxence Sorel; vid\u00e9o) : http:\/\/www.telerama.fr\/series-tv\/buffy-contre-les-vampires-a-20-ans-pourquoi-il-faut-re-voir-cette-serie,155158.php<\/p>\n<p><strong>-Revoir les 8 saisons ici (vid\u00e9os) :<\/strong> http:\/\/www.voirfilms.co\/serie\/buffy-contre-les-vampires.htm<\/p>\n<p><strong>-&#8220;La production cin\u00e9matographique europ\u00e9enne en danger&#8221; : <\/strong> http:\/\/www.euractiv.fr\/section\/culture\/opinion\/la-production-filmographique-europeenne-en-danger\/?nl_ref<\/p>\n<p>-&#8220;G\u00e9raud Portal, le jazzman qui envoie du bois&#8221; (Louis Victor; vid\u00e9o) : http:\/\/www.telerama.fr\/sortir\/geraud-portal-le-jazzman-qui-envoie-du-bois,155101.php<\/p>\n<p>-Dans la t\u00eate de Arthur H (vid\u00e9o) : http:\/\/www.france5.fr\/emissions\/entree-libre\/videos\/dans_la_tete_darthur_h_13-03-2017_1510705?onglet=tous&#038;page=1<\/p>\n<p><strong>-Retrouver &#8220;The Kills&#8221; avec Fran\u00e7ois Gorin (vid\u00e9os) :        <\/strong>                          http:\/\/www.telerama.fr\/musique\/the-kills-1-griffe-de-la-nuit-noire,155174.php          http:\/\/www.telerama.fr\/musique\/the-kills-2-detour-au-country-club,155245.php <\/p>\n<p><strong>-&#8220;Inna De Yard, reggae comme un pinson&#8221; (Rebecca Manzoni; vid\u00e9o) : <\/strong> https:\/\/www.franceinter.fr\/emissions\/pop-co\/pop-co-14-mars-2017<\/p>\n<p>-Sur &#8220;Arte Radio&#8221;, Alice, &#8220;avocate du diable&#8221; (Carole Lefran\u00e7ois) :  http:\/\/www.telerama.fr\/radio\/l-avocate-du-diable-metro-bourreaux-dodo,154925.php<\/p>\n<p><strong>-Ecouter l&#8217;interview de Merry Royer (son) : <\/strong> https:\/\/www.arteradio.com\/son\/61658166\/l_avocate_du_diable<\/p>\n<p>-&#8220;La journ\u00e9e des droits des femmes, version t\u00e9l\u00e9&#8221; (Bruno Donnet; vid\u00e9o) :  http:\/\/www.dailymotion.com\/video\/x5er6h5_la-journee-des-droits-des-femme-version-tele-l-apres-coup-de-bruno-donnet_news<\/p>\n<p>-Mathieu Mad\u00e9nian et Thomas VDB d\u00e9programm\u00e9s, le tacle de Delphine Ernote, la pr\u00e9sidente de France T\u00e9l\u00e9visions (J\u00e9r\u00f4me Ivanichtchenko; vid\u00e9o) : http:\/\/www.dailymotion.com\/video\/x5er9v9_mathieu-madenian-et-thomas-vdb-deprogrammes-le-tacle-de-delphine-ernotte_news<\/p>\n<p><strong>-Le directeur du &#8220;Point&#8221;, Etienne Gernelle, part en guerre contre l&#8217;abonnement Internet de SFR qui offre l&#8217;acc\u00e8s gratuit \u00e0 65 titres de presse.  Il \u00e9tait l&#8217;invit\u00e9 de Sonia Devillers (vid\u00e9o, amener l&#8217;acc\u00e8s sur 7:02) : <\/strong> http:\/\/www.dailymotion.com\/video\/x5er9n2_votre-abonnement-telecom-vous-offre-la-presse-gratuitement-le-coup-de-gueule-du-point_news<\/p>\n<p>-&#8220;Aucune nouvelle r\u00e9v\u00e9lation compromettante sur Fran\u00e7ois Fillon depuis plusieurs minutes (le Gorafi) : http:\/\/www.legorafi.fr\/2017\/03\/13\/aucune-nouvelle-revelation-sur-francois-fillon-depuis-plusieurs-minutes\/<\/p>\n<p>-La une du &#8220;Canard encha\u00een\u00e9&#8221; : http:\/\/www.lecanardenchaine.fr\/la-une-du-15-mars-2017\/<\/p>\n<p><strong>-&#8220;Au vrai chic paysan&#8221; (Didier Porte; vid\u00e9o) :<\/strong> https:\/\/www.youtube.com\/watch?v=JVJ-hOX5wB8<\/p>\n<p><strong>-&#8220;Se faire tailler un costume par un ami&#8221; (Alex Vizorek; vid\u00e9o) : <\/strong> http:\/\/www.dailymotion.com\/video\/x5er1z7_se-faire-tailler-un-costume-par-un-ami-le-billet-d-alex-vizorek_fun<\/p>\n<p>-&#8220;Le parrainage \u00e9lectoral, un filtre \u00e0 hurluberlus&#8221; (Charline Vanhoenacker; vid\u00e9o) : http:\/\/www.dailymotion.com\/video\/x5eqy3y_presidentielle-le-parrainage-electoral-un-filtre-a-hurluberlus-le-billet-de-charline_fun<\/p>\n<p><strong>-&#8220;Serge Dassault ou Jean Jaur\u00e8s ?&#8221; (Guillaume Meurice; vid\u00e9o) :  <\/strong> http:\/\/www.dailymotion.com\/video\/x5esint_serge-dassault-ou-jean-jaures-le-moment-meurice_fun<\/p>\n","protected":false},"excerpt":{"rendered":"<p>ACTUALITE -Sur la nouvelle ligne TGV de Paris sur Bordeaux, &#8220;le groupe Vinci attend un retour d&#8217;investissement au d\u00e9triment de la SNCF&#8221; (Franck Bouaziz) : http:\/\/www.liberation.fr\/futurs\/2017\/03\/13\/lgv-ouest-veni-vidi-vinci_1555488?xtor -Le ras-le-bol des pompiers (vid\u00e9o) : https:\/\/www.youtube.com\/watch?v=sApCpuNRBDY -Dans leur manifestation (vid\u00e9o) : https:\/\/www.youtube.com\/watch?v=tG-f63p0m-k -&#8220;Avec la clause Moli\u00e8re, on suit les traces du FN et c&#8217;est absolument scandaleux. J&#8217;ai travaill\u00e9 [&hellip;]<\/p>\n","protected":false},"author":1042,"featured_media":0,"comment_status":"open","ping_status":"open","sticky":false,"template":"","format":"standard","meta":{"_themeisle_gutenberg_block_has_review":false,"footnotes":""},"categories":[151],"tags":[],"class_list":["post-10263","post","type-post","status-publish","format-standard","hentry","category-la-revue-de-presse-de-lulu"],"_links":{"self":[{"href":"https:\/\/archives.regards.fr\/index.php?rest_route=\/wp\/v2\/posts\/10263","targetHints":{"allow":["GET"]}}],"collection":[{"href":"https:\/\/archives.regards.fr\/index.php?rest_route=\/wp\/v2\/posts"}],"about":[{"href":"https:\/\/archives.regards.fr\/index.php?rest_route=\/wp\/v2\/types\/post"}],"author":[{"embeddable":true,"href":"https:\/\/archives.regards.fr\/index.php?rest_route=\/wp\/v2\/users\/1042"}],"replies":[{"embeddable":true,"href":"https:\/\/archives.regards.fr\/index.php?rest_route=%2Fwp%2Fv2%2Fcomments&post=10263"}],"version-history":[{"count":0,"href":"https:\/\/archives.regards.fr\/index.php?rest_route=\/wp\/v2\/posts\/10263\/revisions"}],"wp:attachment":[{"href":"https:\/\/archives.regards.fr\/index.php?rest_route=%2Fwp%2Fv2%2Fmedia&parent=10263"}],"wp:term":[{"taxonomy":"category","embeddable":true,"href":"https:\/\/archives.regards.fr\/index.php?rest_route=%2Fwp%2Fv2%2Fcategories&post=10263"},{"taxonomy":"post_tag","embeddable":true,"href":"https:\/\/archives.regards.fr\/index.php?rest_route=%2Fwp%2Fv2%2Ftags&post=10263"}],"curies":[{"name":"wp","href":"https:\/\/api.w.org\/{rel}","templated":true}]}}