{"id":10261,"date":"2017-03-14T07:42:15","date_gmt":"2017-03-14T06:42:15","guid":{"rendered":"https:\/\/wp.muchomaas.com\/article-la-revue-du-14-mars-2017\/"},"modified":"2017-03-14T07:42:15","modified_gmt":"2017-03-14T06:42:15","slug":"article-la-revue-du-14-mars-2017","status":"publish","type":"post","link":"https:\/\/archives.regards.fr\/?p=10261","title":{"rendered":"La Revue du 14 mars 2017"},"content":{"rendered":"<p><strong>ACTUALITE<\/strong><\/p>\n<p>-&#8220;Il faut que la loi du plus fort laisse la place \u00e0 une r\u00e9gulation&#8221; (Serge Papin, PDG des magasins &#8220;Syst\u00e8me U&#8221;, invit\u00e9 d&#8217;Alexandra Bensaid; vid\u00e9o) : http:\/\/www.dailymotion.com\/video\/x5eni2p_serge-papin-repond-aux-questions-d-alexandra-bensaid_news<\/p>\n<p>-Dans l&#8217;Is\u00e8re, le repreneur \u00e9tait presque parfait (vid\u00e9o) : http:\/\/www.francetvinfo.fr\/economie\/industrie\/la-bpi-porte-plainte-contre-le-repreneur-dune-usine-de-papier_2095069.html<\/p>\n<p>-La SNCF augmente ses tarifs dans le Grand Ouest (vid\u00e9o) : http:\/\/www.francetvinfo.fr\/economie\/transports\/sncf\/la-sncf-augmente-ses-tarifs-dans-le-grand-ouest_2095065.html<\/p>\n<p>-&#8220;Il faut surveiller la fa\u00e7on dont les prix vont \u00e9voluer&#8221; (Christian Boucaret, porte-parole de la F\u00e9d\u00e9rations des usagers (FNAUT); vid\u00e9o) : http:\/\/www.rtl.fr\/actu\/societe-faits-divers\/tgv-il-faut-surveiller-la-facon-dont-les-prix-vont-evoluer-7787650960<\/p>\n<p>-&#8220;Paris, une ville si sale&#8221; (vid\u00e9o) : http:\/\/www.francetvinfo.fr\/monde\/environnement\/paris-pourquoi-la-capitale-francaise-est-elle-si-sale_2093843.html<\/p>\n<p>-Les mesures d&#8217;Anne Hidalgo pour rendre la capitale plus propre (Mao Penino, maire-adjoint \u00e0 la propret\u00e9; son) : http:\/\/www.rtl.fr\/actu\/societe-faits-divers\/paris-quelles-mesures-propose-la-mairie-pour-rendre-la-ville-plus-propre-7787645887<\/p>\n<p>-&#8220;La multiplication des rats montre qu&#8217;il y a un vrai probl\u00e8me&#8221; (Serge Federbusch, auteur de &#8220;Nous les fossoyeurs&#8221;; son) : http:\/\/www.sudradio.fr\/Podcasts\/L-invite-pour-comprendre\/Serge-Federbusch-auteur-de-Nous-Fossoyeurs-fondateur-de-Delanopolis<\/p>\n<p>-En Rh\u00f4ne-Alpes, une application pour mesurer la qualit\u00e9 de l&#8217;air (Romain Loury) : http:\/\/www.euractiv.fr\/section\/climat\/news\/en-rhone-alpes-une-appli-pour-jauger-la-qualite-de-lair\/?nl_ref=33168027<\/p>\n<p>-Le changement climatique risque d&#8217;augmenter les feux de for\u00eat en M\u00e9diterran\u00e9e : http:\/\/www.euractiv.fr\/section\/changement-climatique\/news\/climate-change-to-hit-mediterranean-with-more-forest-fires\/?nl_ref=33168027<\/p>\n<p><strong>-Le catamaran Race For Water repart traquer les plastiques dans les oc\u00e9ans (Baptiste Gaborit; son du 13 mars) : <\/strong> https:\/\/www.radioclassique.fr\/radio\/emissions\/matinale-de-radio-classique\/3-minutes-planete\/<\/p>\n<p>-Une nouvelle cartographie des cours d&#8217;eau en France (Yolaine de la Bigne; son) : http:\/\/www.sudradio.fr\/Podcasts\/Quelle-epoque-ethique\/Nouvelle-cartographie-des-cours-d-eau<\/p>\n<p><strong>-Dans l&#8217;Ain, en aval du barrage de G\u00e9nissiat, la plus grande ferme hydrolienne du monde (Nathalie Fontrel; son) <\/strong> : https:\/\/www.franceinter.fr\/emissions\/planete-environnement\/planete-environnement-13-mars-2017<\/p>\n<p><strong>-48 heures au coeur du club de rugby d&#8217;Eauze, dans les vignobles de l&#8217;Armagnac (un reportage de Philippe Rand\u00e9; son) <\/strong> : https:\/\/www.franceinter.fr\/emissions\/le-zoom-de-la-redaction\/le-zoom-de-la-redaction-13-mars-2017<\/p>\n<p>-Le projet de fusion du Racing 92 et du Stade Fran\u00e7ais (Julie Rasplus) : http:\/\/www.francetvinfo.fr\/sports\/rugby\/rugby-cinq-questions-sur-le-projet-de-fusion-entre-le-racing-92-et-le-stade-francais_2095087.html<\/p>\n<p>-Les coursiers \u00e0 v\u00e9lo r\u00e9clament d&#8217;\u00eatre reconnus (son) : http:\/\/www.sudradio.fr\/Podcasts\/Les-reportages-de-la-matinee\/Les-livreurs-a-velo<\/p>\n<p>-Les c\u00e9r\u00e9ales, la star du petit-d\u00e9jeuner (vid\u00e9o) : http:\/\/www.francetvinfo.fr\/sante\/alimentation\/cereales-enquete-sur-la-star-du-petit-dejeuner_2093839.html<\/p>\n<p><strong>-&#8220;Les adolescents sont trop peu inform\u00e9s sur le cancer&#8221; (Christophe Laurent, directeur du d\u00e9veloppement de la Ligue contre le cancer; invit\u00e9 de Romain Desarbres; vid\u00e9o) <\/strong> :  http:\/\/www.cnews.fr\/chroniques\/linvite-de-la-matinale\/linvite-de-la-matinale-173576<\/p>\n<p><strong>-&#8220;En 2014, l&#8217;Etat a abandonn\u00e9 la lutte contre la radicalisation&#8221; (Samia Maktouf, avocate au barreau de Paris et Serge H\u00e9fez, p\u00e9dopsychiatre \u00e0 l&#8217;h\u00f4pital de la Piti\u00e9-Salp\u00eatri\u00e8re; interrog\u00e9s par Yves Calvi; vid\u00e9o) <\/strong> :  http:\/\/www.rtl.fr\/actu\/societe-faits-divers\/deradicalisation-en-2014-l-etat-a-abandonne-estime-me-maktouf-7787646952<\/p>\n<p>-A l&#8217;\u00e9cole des policiers de Saint-Malo (vid\u00e9o) : http:\/\/www.francetvinfo.fr\/faits-divers\/police\/saint-malo-immersion-a-l-ecole-des-policiers_2093827.html<\/p>\n<p><strong>-L&#8217;affaire Dupont De Ligonn\u00e8s dans le livre de Samuel Doux &#8220;L&#8217;\u00e9ternit\u00e9&#8221; (chez Laurent Ruquier; vid\u00e9o) :   <\/strong>                                           http:\/\/www.france2.fr\/emissions\/on-n-est-pas-couche\/videos\/samuel_doux_-_on_nest_pas_couche_11_mars_2017_onpc_12-03-2017_1508799?onglet=tous&#038;page=1<\/p>\n<p>-Mort de Cl\u00e9ment M\u00e9ric, quatre skinheads renvoy\u00e9s aux Assises : http:\/\/www.francetvinfo.fr\/economie\/emploi\/metiers\/droit-et-justice\/mort-de-clement-meric-quatre-skinheads-renvoyes-devant-la-cour-d-assises_2095407.html<\/p>\n<p>-&#8220;Des virements des enfants Fillon intriguent les enqu\u00eateurs&#8221; (Jean-Michel Decugis et Eric Pelletier) : http:\/\/www.leparisien.fr\/elections\/presidentielle\/affaire-fillon-un-mariage-et-quelques-arrangements-13-03-2017-6759579.php<\/p>\n<p><strong>POLITIQUE<\/strong><\/p>\n<p><strong>-Jean-Luc M\u00e9lenchon, interrog\u00e9 sans m\u00e9nagement dans l&#8217;\u00e9mission &#8220;C \u00e0 vous&#8221; sur France 5, a d\u00e9fendu son projet. Comme ce fut d\u00e9j\u00e0 le cas sur France 2 avec Fran\u00e7ois Lenglet et David Pujadas, l&#8217;assimilant  \u00e0 Marine Le Pen, cette fois, c&#8217;est Patrick Cohen qui y est all\u00e9 de son petit montage. Vive le service public ! (vid\u00e9os) :    <\/strong>    http:\/\/www.france5.fr\/emissions\/c-a-vous\/videos\/melenchon_si_jetais_president_-_c_a_vous_-_13032017_13-03-2017_1510595?onglet=tous&#038;page=1                  http:\/\/www.france5.fr\/emissions\/c-a-vous\/videos\/le_5_sur_5_-_c_a_vous_-_13032017_13-03-2017_1510591?onglet=tous&#038;page=1<\/p>\n<p><strong>-&#8220;Notre programme \u00e9conomique a \u00e9t\u00e9 fait dans un cadre euro-compatible. Il rompt avec ce qui a \u00e9t\u00e9 fait pendant cinq ans et qui a \u00e9chou\u00e9&#8221; (Liem Hoang Ngoc, responsable des questions \u00e9conomiques de &#8220;La France insoumise&#8221;. Il \u00e9tait l&#8217;invit\u00e9 de la matinale de France Inter et r\u00e9pondait aux questions de Patrick Cohen et des auditeurs; vid\u00e9os) :<\/strong> http:\/\/www.dailymotion.com\/video\/x5enm2v_liem-hoang-ngoc-repond-aux-questions-de-patrick-cohen_news                                               http:\/\/www.dailymotion.com\/video\/x5eno9y_liem-hoang-ngoc-repond-aux-questions-des-auditeurs-de-france-inter_news<\/p>\n<p><strong>-Le pays doit avoir &#8220;une r\u00e9ponse claire et ferme contre le r\u00e9gime autoritaire d&#8217;Erdogan&#8221;. L&#8217;attitude de la France vis \u00e0 vis d&#8217;Ankara &#8220;est inqui\u00e9tante&#8221;. &#8220;Les cinq ans d&#8217;un bilan catastrophique pour la gauche p\u00e8sent sur toute la gauche&#8221;. L&#8217;\u00e9lue de Sevran a imput\u00e9 les difficult\u00e9s rencontr\u00e9es par Jean-Luc M\u00e9lenchon et Beno\u00eet Hamon \u00e0 cet h\u00e9ritage. &#8220;C&#8217;est une bonne chose (qu&#8217;\u00e0 la primaire) le peuple de gauche ait choisi un candidat qui ne soutient pas la politique gouvernementale&#8221;. La candidature de Jean-Luc M\u00e9lenchon doit-\u00eatre la plus haute possible car Fran\u00e7ois Hollande et Manuel Valls se sont ent\u00eat\u00e9s \u00e0 mener une politique de droite avec un gouvernement de gauche. Emmanuel Macron est le candidat qui va poursuivre les politiques men\u00e9es depuis trente ans. Le programme de Jean-Luc M\u00e9lenchon est le plus f\u00e9ministe et coh\u00e9rent sur la question&#8221; (Cl\u00e9mentine Autain, conseill\u00e8re r\u00e9gionale FdG d&#8217;Ile-de-France, candidates aux \u00e9lections l\u00e9gislatives en Seine-Saint-Denis; invit\u00e9e de &#8220;Territoires d&#8217;Infos&#8221;; vid\u00e9o, amener le curseur sur 28:07) : <\/strong> http:\/\/www.dailymotion.com\/video\/x5enl16_invitee-clementine-autain-territoires-d-infos-13-03-2017_news<\/p>\n<p>-&#8220;M\u00e9lenchon et Hamon sont des vendeurs de r\u00eaves&#8221; (Nathalie Arthaud, candidate de LO \u00e0 l&#8217;\u00e9lection pr\u00e9sidentielle; interrog\u00e9e par Bernard Poirette; son) : http:\/\/www.rtl.fr\/actu\/politique\/presidentielle-2017-arthaud-melenchon-hamon-7787619247 <\/p>\n<p><strong>-Fran\u00e7ois Ruffin, c\u00e9saris\u00e9 pour &#8220;Merci patron&#8221;, candidats aux \u00e9lections l\u00e9gislatives dans la Somme et en campagne sur le terrain (Laurent Troude; photos) :   <\/strong> http:\/\/www.liberation.fr\/photographie\/2017\/03\/12\/francois-ruffin-une-voix-dissonante-a-l-assemblee_1555151?xtor<\/p>\n<p><strong>-&#8220;Si le PS est victorieux, il devra constituer une coalition autour de Hamon et, s&#8217;il est minoritaire, il devra s&#8217;interroger sur une participation \u00e0 une coalition&#8221; (&#8220;Socialistes, gardez votre sang froid !&#8221; dit Jean-Christophe Cambad\u00e9lis dans &#8220;Le Parisien&#8221;. C&#8217;est s\u00fbr puisqu&#8217;\u00e0 tous les coups, on gagne !) : <\/strong> http:\/\/www.leparisien.fr\/elections\/presidentielle\/cambadelis-face-a-la-menace-macron-socialistes-gardez-votre-sang-froid-09-03-2017-6746094.php<\/p>\n<p>-&#8220;On d\u00e9marre simplement la campagne. L&#8217;accord de 2011 \u00e9tait avec Martine Aubry, Fran\u00e7ois Hollande s&#8217;est assis dessus. Cette fois, c&#8217;est diff\u00e9rend, l&#8217;\u00e9cologie est dans la structure du programme de Hamon&#8221; (Yannick Jadot, eurod\u00e9put\u00e9 \u00e9cologiste; interrog\u00e9 par Brigitte Boucher; vid\u00e9o, amener le curseur sur 34:47) :  http:\/\/www.lcp.fr\/emissions\/politique-matin\/282408-politique-matin<\/p>\n<p>-&#8220;Beno\u00eet Hamon a lou\u00e9 le bilan de Fran\u00e7ois Hollande en Outremer&#8221; (vid\u00e9o) : http:\/\/www.francetvinfo.fr\/politique\/ps\/benoit-hamon-essaie-de-convaincre-dans-les-antilles_2094949.html<\/p>\n<p>-&#8220;Le bilan, il l&#8217;assume sur des points essentiels&#8221; (la secr\u00e9taire d&#8217;Etat Pascal Boissard, qui rejoint le Conseil politique de Beno\u00eet Hamon; interrog\u00e9e par Brigitte Boucher; vid\u00e9o, amen\u00e9 le curseur sur 17:00) : http:\/\/www.lcp.fr\/emissions\/politique-matin\/282408-politique-matin<\/p>\n<p>-&#8220;Beaucoup de jeunes du parti sont derri\u00e8re lui et la dynamique est toujours l\u00e0. C&#8217;est le candidat de la France r\u00e9elle, des petites communes. Le revenu universel est une grande ambition qu&#8217;il faut aborder \u00e9tape par \u00e9tape. On n&#8217;a jamais dit qu&#8217;il ne faudrait pas rembourser la dette&#8221; (Aur\u00e9lie Filippetti, d\u00e9put\u00e9e PS de Moselle; interrog\u00e9e par Audrey Crespo-Mara; vid\u00e9o) : http:\/\/www.lci.fr\/replay\/l-invite-politique-de-8h15-du-13-mars-2017-aurelie-filippetti-porte-parole-de-benoit-hamon-2028923.html%3Ftype=content<\/p>\n<p><strong>-Sur les questions \u00e9thiques, &#8220;ne pas se pr\u00e9cipiter pour l\u00e9gif\u00e9rer&#8221; (Emmanuel Macron dans &#8220;La Croix&#8221; qui sait qu&#8217;on n&#8217;attrape pas les mouches avec du vinaigre&#8221;. Un mod\u00e8le du genre, recueilli par la r\u00e9daction du quotidien) :<\/strong> http:\/\/www.la-croix.com\/France\/Politique\/Emmanuel-Macron-ne-pas-se-precipiter-pour-legiferer-sur-les-questions-ethiques-2017-03-12-1200831290?id_<\/p>\n<p>-100 membres &#8220;des Jeunes avec Jupp\u00e9&#8221; apportent leur soutien \u00e0 Emmanuel Macron : http:\/\/tempsreel.nouvelobs.com\/presidentielle-2017\/20170313.OBS6485\/100-membres-des-jeunes-avec-juppe-apportent-leur-soutien-a-emmanuel-macron.html#xtor<\/p>\n<p>-&#8220;Halte aux boules puantes contre lui&#8221; (Nicolas Domenach; vid\u00e9o) : http:\/\/www.rtl.fr\/actu\/politique\/presidentielle-2017-halte-aux-boules-puantes-contre-macron-lance-nicolas-domenach-7787646589<\/p>\n<p>-&#8220;Nous avons une campagne \u00e9lectorale qui est un d\u00e9sastre collectif&#8221; (Jacques Attali, face \u00e0 Jean-Pierre Elkabbach; vid\u00e9o) : http:\/\/www.cnews.fr\/chroniques\/linvite-de-jean-pierre-elkabbach\/jacques-attali-invite-de-jean-pierre-elkabbach-173577<\/p>\n<p>-&#8220;Avec M. Fillon, c&#8217;est travailler plus pour gagner moins&#8221; (Richard Ferrand, d\u00e9put\u00e9 PS du Finist\u00e8re, secr\u00e9taire g\u00e9n\u00e9ral de &#8220;En Marche !&#8221;; interrog\u00e9 par  Jean-Jacques Bourdin; vid\u00e9o) : http:\/\/www.bfmtv.com\/mediaplayer\/video\/richard-ferrand-face-a-jean-jacques-bourdin-en-direct-923201.html<\/p>\n<p>-&#8220;Je ne sais pas ce qu&#8217;est le macronisme&#8221; (le secr\u00e9taire d&#8217;Etat Thierry Mandon qui d\u00e9plore les soutiens divers et vari\u00e9s \u00e0 Emmanuel Macron et qui ne se repr\u00e9sentera pas; interrog\u00e9 par Elizabeth Martichoux; vid\u00e9o) : http:\/\/www.rtl.fr\/actu\/politique\/presidentielle-2017-je-ne-sais-pas-ce-qu-est-le-macronisme-deplore-mandon-7787646284<\/p>\n<p>-&#8220;La majorit\u00e9 avec laquelle Macron pr\u00e9tend gouverner est de l&#8217;incantation. On ne peut voter pour un candidat qui explique qu&#8217;il n&#8217;y a pas de culture fran\u00e7aise&#8221; (Luc Chatel, d\u00e9put\u00e9 LR de Haute-Marne, porte-parole de Fran\u00e7ois Fillon; face \u00e0 Guillaume Durand; vid\u00e9o) : https:\/\/www.dailymotion.com\/video\/x5ensrv_on-ne-peut-voter-pour-un-candidat-qui-explique-qu-il-n-y-a-pas-de-culture-francaise-luc-chatel_news<\/p>\n<p><strong>-Fran\u00e7ois Fillon a pr\u00e9sent\u00e9 son projet pr\u00e9sidentiel (vid\u00e9o; amener le curseur sur 12:17) : <\/strong> https:\/\/www.youtube.com\/watch?v=OOimuzW_p5E<\/p>\n<p>-&#8220;Mon programme de la campagne, c&#8217;est le m\u00eame que celui de la primaire, c&#8217;est celui que je mettrai en oeuvre&#8221;, tel est le message de Fran\u00e7ois Fillon avec le fait qu&#8217;il disposera d&#8217;une majorit\u00e9 absolue \u00e0 l&#8217;Assembl\u00e9e nationale alors qu&#8217;on ne voit pas les contours de celle d&#8217;Emmanuel Macron&#8221; (Guillaume Tabard du &#8220;Figaro&#8221;; son du 13 mars) : https:\/\/www.radioclassique.fr\/radio\/emissions\/matinale-de-radio-classique\/22630-2\/<\/p>\n<p>-&#8220;Fran\u00e7ois Fillon \u00e9lu, notre croissance va repartir pour rentrer dans la moyenne europ\u00e9enne&#8221; (Henri de Castries, ex-PDG des assurances Axa; interrog\u00e9 par Nicolas Pierron; vid\u00e9o) : https:\/\/www.dailymotion.com\/video\/x5ens0w_francois-fillon-elu-notre-croissance-va-repartir-pour-rentrer-dans-la-moyenne-europeenne-henri-de-c_news<\/p>\n<p>-&#8220;Toujours une th\u00e9rapie de choc&#8221; (Fran\u00e7ois Lenglet; vid\u00e9o) : http:\/\/www.rtl.fr\/actu\/politique\/presidentielle-2017-francois-fillon-propose-toujours-une-therapie-de-choc-7787646428<\/p>\n<p>-&#8220;Droit dans son projet&#8221; (Dominique Seux des &#8220;Echos&#8221;; son) : https:\/\/www.franceinter.fr\/emissions\/l-edito-eco\/l-edito-eco-13-mars-2017<\/p>\n<p>-&#8220;Une semaine d\u00e9cisive pour lui. On veut des explications sur les costumes&#8221; (Christophe Barbier; vid\u00e9o) : http:\/\/www.bfmtv.com\/mediaplayer\/video\/l-edito-de-christophe-barbier-presidentielle-une-semaine-decisive-pour-francois-fillon-923177.html<\/p>\n<p>-&#8220;Il faut qu&#8217;il tienne bon&#8221; (A Neuilly-sur-Seine; vid\u00e9o) :<br \/>\nhttp:\/\/rmc.bfmtv.com\/mediaplayer\/video\/presidentielle-il-faut-que-francois-fillon-tienne-bon-923211.html<\/p>\n<p>-&#8220;Sa campagne cauchemardesque continue&#8221; (vid\u00e9o) : http:\/\/www.francetvinfo.fr\/politique\/francois-fillon\/affaires-fillon\/presidentielle-fillon-sa-campagne-cauchemardesque-continue_2094887.html<\/p>\n<p>-&#8220;Plus on va m&#8217;attaquer, plus je vais r\u00e9pondre&#8221; (Fran\u00e7ois Fillon, interrog\u00e9 par Thomas Sotto; vid\u00e9o) : http:\/\/www.dailymotion.com\/video\/x5enjpr_francois-fillon-plus-on-va-m-attaquer-plus-je-vais-repondre_news<\/p>\n<p>&#8220;Emmanuel Macron est un hologramme de Fran\u00e7ois Hollande en plus jeune&#8221; (face \u00e0 Fabien Namias; vid\u00e9o) : http:\/\/www.dailymotion.com\/video\/x5enqr9_francois-fillon-emmanuel-macron-est-un-hologramme-de-francois-hollande-en-plus-jeune_news<\/p>\n<p>-&#8220;Fran\u00e7ois Fillon, monarque d&#8217;une droite en ruine&#8221; (Alain Auffray) : http:\/\/www.liberation.fr\/elections-presidentielle-legislatives-2017\/2017\/03\/12\/francois-fillon-monarque-d-une-droite-en-ruine_1555179?xtor<\/p>\n<p>-&#8220;Il me manque encore une centaine de parrainages&#8221; (Rama Yade, candidate de &#8220;la France qui ose&#8221;; son) : http:\/\/www.sudradio.fr\/Podcasts\/L-invite-pour-comprendre\/Rama-Yade-candidate-La-France-qui-ose-a-l-election-presidentielle<\/p>\n<p>-&#8220;Si la France retrouve une monnaie nationale, elle ne sera pas la seule \u00e0 le faire&#8221; (Marine Le Pen, invit\u00e9e de la matinale de Franceinfo) : http:\/\/www.francetvinfo.fr\/replay-radio\/8h30-aphatie\/marine-le-pen-si-la-france-retrouve-une-monnaie-nationale-elle-ne-sera-pas-la-seule-a-le-faire_2074695.html<\/p>\n<p>-&#8220;Les discours tenus dans ces meetings ne sont pas compatibles avec les valeurs de la R\u00e9publique. Avec M. Fillon, on en apprend une par jour. Son projet, c&#8217;est d&#8217;abord une augmentation des imp\u00f4ts. Aucune remise en cause des directives europ\u00e9ennes&#8221; (David Rachline, directeur de campagne de Marine Le Pen; face \u00e0 Guillaume Daret; vid\u00e9o) : http:\/\/www.france2.fr\/emissions\/telematin\/actu\/les-4-verites-david-rachline_558759<\/p>\n<p><strong>-&#8220;La g\u00e9n\u00e9ration sacrifi\u00e9e cherche une alternative \u00e0 travers Marine Le Pen&#8221; (Ga\u00ebtan Dussaussaye, directeur du &#8220;Front national de la Jeunesse&#8221;; interrog\u00e9 par Eric Delvaux; son) : <\/strong> https:\/\/www.franceinter.fr\/emissions\/l-invite-du-5-7\/l-invite-du-5-7-14-mars-2017<\/p>\n<p>-&#8220;Si le FN n&#8217;est pas \u00e9lu, c&#8217;est la guerre&#8221; (A Carpentras; vid\u00e9o) : http:\/\/www.bfmtv.com\/mediaplayer\/video\/en-campagne-a-carpentras-si-le-fn-n-est-pas-elu-c-est-la-guerre-921665.html<\/p>\n<p><strong>-&#8220;Une campagne d\u00e9l\u00e9t\u00e8re&#8221; (vid\u00e9o) : <\/strong> http:\/\/www.francetvinfo.fr\/politique\/francois-fillon\/presidentielle-une-campagne-deletere_2093311.html<\/p>\n<p>-Le pr\u00e9c\u00e9dent de Donald Trump (Dani\u00e8le Sportiello; vid\u00e9o) : http:\/\/www.francetvinfo.fr\/monde\/usa\/presidentielle\/donald-trump\/presidentielle-maux-de-campagne_2093313.html<\/p>\n<p>-&#8220;J&#8217;ai peur que nous n&#8217;ayons aux \u00e9lections que des tartuffes ou des robespierres&#8221; (Luc Ferry; vid\u00e9o) : https:\/\/www.dailymotion.com\/video\/x5ent8b_j-ai-peur-que-nous-n-ayons-aux-elections-que-des-tartuffes-ou-des-robespierres-luc-ferry_news<\/p>\n<p>-La pol\u00e9mique autour du meeting pro-Erdogan \u00e0 Metz (vid\u00e9o) : http:\/\/www.francetvinfo.fr\/elections\/presidentielle\/turquie-un-meeting-pro-erdogan-a-metz-fait-polemique_2094869.html<\/p>\n<p>-&#8220;Il fallait l&#8217;interdire&#8221; (Nicolas Dupont-Aigan, interrog\u00e9 par Fr\u00e9d\u00e9ric Rivi\u00e8re; vid\u00e9o) : http:\/\/www.rfi.fr\/video\/20170313-nicolas-dupont-aignan-il-fallait-interdire-le-meeting-ministre-affaires-etrangeres-tu<\/p>\n<p>-C&#8217;est aussi le point de vue de Sandra Regol, porte-parole d&#8217;EE-LV; interrog\u00e9e par Dimitri Palenko; son) : http:\/\/www.sudradio.fr\/Podcasts\/L-invite-pour-comprendre\/Sandra-Regol-porte-parole-d-EELV<\/p>\n<p>-&#8220;Hollande, meilleur agent \u00e9lectoral du FN&#8221; (Yves Thr\u00e9ard du &#8220;Figaro&#8221;; vid\u00e9o) :   http:\/\/www.dailymotion.com\/video\/x5enebi_hollande-meilleur-agent-electoral-du-fn_news<\/p>\n<p>-&#8220;Le Front r\u00e9publicain peut-il fonctionner ?&#8221; (Alba Ventura; vid\u00e9o) : http:\/\/www.rtl.fr\/actu\/politique\/presidentielle-2017-le-front-republicain-peut-il-fonctionner-interroge-alba-ventura-7787646191<\/p>\n<p><strong>-&#8220;La pr\u00e9sidentielle et la logique du duel&#8221; (Thomas Legrand; son) : <\/strong> https:\/\/www.franceinter.fr\/emissions\/l-edito-politique\/l-edito-politique-13-mars-2017<\/p>\n<p>-La campagne vue par Anne Sinclair (interrog\u00e9e par Laurence Ferrari; vid\u00e9o) : http:\/\/www.cnews.fr\/chroniques\/linvite-de-laurence-ferrari\/linvite-de-laurence-ferrari-173599<\/p>\n<p>-Franz-Olivier Giesbert passe en revue les candidats, interrog\u00e9 par Audrey Crespo-Mara (vid\u00e9o) :     http:\/\/www.lci.fr\/replay\/l-invite-de-8h45-du-13-mars-fevrier-2017-franz-olivier-giesbert-editorialiste-au-point-et-ecrivain-2028927.html%3Ftype=content<\/p>\n<p>-&#8220;63% des Fran\u00e7ais se disent surs de leur choix. C&#8217;est pour les autres que la campagne est importante. Marine Le Pen, avec de tr\u00e8s bons r\u00e9sultats au premier tour, est battue au second mais cela peut bouger. Fran\u00e7ois Fillon a perdu 10 points \u00e0 cause des affaires mais aussi de son programmes &#8221; (ELABE; son du 13 mars) : https:\/\/www.radioclassique.fr\/radio\/emissions\/matinale-de-radio-classique\/l-invite-du-matin\/<\/p>\n<p>-&#8220;Les origines sociales des stars politiques fran\u00e7aises&#8221; (diaporama) : http:\/\/www.pausepeople.com\/origines-sociales-diverses-stars-politiques-francaises\/<\/p>\n<p><em>-Les candidats et l&#8217;emploi (HARRIS)<\/em> : http:\/\/harris-interactive.fr\/opinion_polls\/les-candidats-a-lelection-presidentielle-et-lemploi\/<\/p>\n<p><em>-Les intentions de vote au 13 mars (OPINION-WAY) <\/em> : http:\/\/opinionlab.opinion-way.com\/opinionlab\/832\/627\/presitrack.html#m6<\/p>\n<p><em>-Le m\u00eame (IFOP) <\/em> : http:\/\/dataviz.ifop.com:8080\/HNS\/HNSAdmin\/start.appli?appid=60930&#038;logonUser=USERWEB&#038;logonPswcd=ZnJhbmNvaXNF<\/p>\n<p><strong>EUROPE-MONDE<\/strong><\/p>\n<p><strong>-L&#8217;Union europ\u00e9enne \u00e0 plusieurs vitesses prend d\u00e9j\u00e0 l&#8217;eau (Jorge Valero et James Crisp) :<\/strong> http:\/\/www.euractiv.fr\/section\/avenir-de-l-ue\/news\/member-states-sink-multi-speed-eu-to-avoid-new-iron-curtain\/?nl_ref<\/p>\n<p>-Le commissaire europ\u00e9en PS Pierre Moscovici \u00e9met &#8220;des r\u00e9serves&#8221; sur le projet europ\u00e9en de Beno\u00eet Hamon : http:\/\/www.france24.com\/fr\/20170310-moscovici-emet-reserves-le-projet-europeen-hamon<\/p>\n<p>-&#8220;Juncker esp\u00e8re revoir le Royaume-Uni dans l&#8217;Union europ\u00e9enne&#8221; (Matthew Tempest) : http:\/\/www.euractiv.fr\/section\/royaume-uni-en-europe\/news\/juncker-dangles-prospect-that-brexit-britain-will-re-enter-the-boat\/?nl_ref<\/p>\n<p>-&#8220;Un nouveau mouvement pro-europ\u00e9en, contre le populisme prend de l&#8217;ampleur&#8221; (Georgi Gotev) : http:\/\/www.euractiv.fr\/section\/avenir-de-l-ue\/news\/europeans-stage-pro-eu-protests-against-populists\/?nl_ref<\/p>\n<p>-&#8220;Le Mouvement du 6 mai&#8221; appelle \u00e0 une marche pour l&#8217;Europe le 25 mars \u00e0 Rome : http:\/\/www.euractiv.fr\/section\/avenir-de-l-ue\/opinion\/debattre-de-la-relance-de-leurope-a-partir-du-25-mars\/?nl_ref=33168027<\/p>\n<p>-&#8220;Pour contrer l&#8217;euroscepticisme, il faut plus d&#8217;\u00e9quit\u00e9 dans les r\u00e8gles budg\u00e9taires&#8221; (l&#8217;\u00e9conomiste J\u00e9r\u00f4me Creel, directeur \u00e0 l&#8217;OFCE; propos recueillis par Aline Robert) : http:\/\/www.euractiv.fr\/section\/all\/interview\/pour-contrer-leuroscepticisme-il-faut-que-lallemagne-reduise-son-excedent-commercial\/?nl_ref<\/p>\n<p>-En Catalogne, l&#8217;ind\u00e9pendantiste Artur Mas condamn\u00e9 \u00e0 deux ans d&#8217;in\u00e9ligibilit\u00e9 (vid\u00e9o) : http:\/\/tempsreel.nouvelobs.com\/en-direct\/a-chaud\/34484-espagne-catalogne-independantiste-artur-condamne-ineligibilit.html#xtor<\/p>\n<p>-&#8220;R\u00e9actions espagnoles \u00e0 la &#8220;remontada&#8221; du Bar\u00e7a&#8221; (vid\u00e9o) : http:\/\/www.liberation.fr\/video\/2017\/03\/09\/les-reactions-espagnoles-a-la-victoire-du-barca_1554499?xtor<\/p>\n<p><strong>-&#8220;La Su\u00e8de met l&#8217;\u00e9galit\u00e9 au travail au centre du d\u00e9bat europ\u00e9en&#8221; (Catherine Stupp) :<\/strong> http:\/\/www.euractiv.fr\/section\/avenir-de-l-ue\/news\/sweden-pushes-gender-equality-onto-rome-agenda\/?nl_ref<\/p>\n<p><strong>-&#8220;L&#8217;Allemagne pi\u00e9g\u00e9e par l&#8217;accord Union europ\u00e9enne-Turquie&#8221; (Nicole Sagener) :<\/strong> http:\/\/www.euractiv.fr\/section\/l-europe-dans-le-monde\/news\/refugee-deal-continues-to-preoccupy-germany\/?nl_ref<\/p>\n<p>-Le Mercosur pr\u00eat \u00e0 entamer des n\u00e9gociations commerciales avec l&#8217;Union europ\u00e9enne : http:\/\/www.euractiv.fr\/section\/monde\/news\/mercosur-trade-bloc-agrees-common-position-ahead-of-eu-talks\/?nl_ref<\/p>\n<p>-Avec la r\u00e9forme constitutionnelle en Turquie, &#8220;il n&#8217;y aura pas d&#8217;obstacle pour un politicien \u00e0 pouvoir se pr\u00e9senter&#8221; (le ministre des affaires \u00e9trang\u00e8res turc; vid\u00e9o) : http:\/\/rmc.bfmtv.com\/mediaplayer\/video\/revision-constitutionnelle-en-turquie-il-n-y-aura-pas-d-obstacle-pour-un-politicien-a-pouvoir-se-presenter-923193.html<\/p>\n<p><strong>-&#8220;Erdogan, l&#8217;ivresse du pouvoir&#8221; (un documentaire de Gilles Cayatte et Guillaume Perrier, suivi d&#8217;un d\u00e9bat; vid\u00e9o) :<\/strong> http:\/\/www.lcp.fr\/emissions\/droit-de-suite\/278657-erdogan-livresse-du-pouvoir<\/p>\n<p>-&#8220;Le petit jeu du pr\u00e9sident turc&#8221; (Bernard Guetta; son) : https:\/\/www.franceinter.fr\/emissions\/geopolitique\/geopolitique-13-mars-2017<\/p>\n<p><strong>-Alep apr\u00e8s quatre ans de guerre (vid\u00e9o) <\/strong> : http:\/\/www.francetvinfo.fr\/monde\/revolte-en-syrie\/syrie-que-devient-alep-apres-quatre-ans-de-guerre_2093833.html<\/p>\n<p><strong>-&#8220;La reconstruction ne pourra venir qu&#8217;apr\u00e8s Assad et apr\u00e8s Daech&#8221; (Jean-Pierre Filiu, professeur \u00e0 Sciences Po Paris; invit\u00e9 de &#8220;La Grande Table&#8221; d&#8217;Olivia Gesbert; son) :<\/strong> https:\/\/www.franceculture.fr\/emissions\/la-grande-table-2eme-partie\/jean-pierre-filiu-syrie-occident-un-destin-commun#xtor<\/p>\n<p><strong>-Le r\u00e9chauffement climatique tue la barri\u00e8re de corail en Australie (vid\u00e9o) : <\/strong> http:\/\/www.francetvinfo.fr\/meteo\/climat\/le-rechauffement-climatique-tue-la-barriere-de-corail-en-australie_2094917.html<\/p>\n<p><strong>CULTURE-MEDIA<\/strong><\/p>\n<p><em>-Jusqu&#8217;au 19 mars \u00e0 Marseille, &#8220;Mucem-Palestine 2017&#8221; (le programme d\u00e9taill\u00e9) : <\/em> https:\/\/gallery.mailchimp.com\/ed1c72f4f43eb0352a0d4ec67\/files\/8db6d2e3-3f25-404b-a9e7-378c67f7491e\/Mucem_Palestine_2017.pdf<\/p>\n<p>-Jusqu&#8217;au 26 mars, au th\u00e9\u00e2tre Ath\u00e9n\u00e9e-Louis Jouvet \u00e0 Paris, &#8220;La Petite Renarde rus\u00e9e&#8221;, l&#8217;op\u00e9ra de Janacek, mis en sc\u00e8ne par Louise Moaty (Sophie Bourdais) :                           http:\/\/www.telerama.fr\/sortir\/la-petite-renarde-rusee,138303.php#xtor<\/p>\n<p>-Jusqu&#8217;\u00e0 la m\u00eame date, \u00e0 l&#8217;Od\u00e9on, Bulle Augier et Maria De Medeiros dans le roman choc de Christine Angot &#8220;Un amour impossible&#8221; (Fabienne Pascaud) : http:\/\/www.telerama.fr\/sortir\/un-roman-choc-de-christine-angot-superbement-incarne-par-bulle-ogier-et-maria-de-medeiros,154952.php#xtor<\/p>\n<p>-&#8220;A plus de 70 ans, ces com\u00e9diens v\u00e9t\u00e9rans ont du talent&#8221; : http:\/\/www.telerama.fr\/sortir\/le-theatre-ca-conserve-a-plus-de-70-ans-ces-comediens-veterans-ont-du-talent,154897.php#xtor<\/p>\n<p><strong>-Le conflit isra\u00e9lo-palestinien dans &#8220;Je crois en un seul dieu&#8221; de l&#8217;Italien Stefano Massini, magistralement interpr\u00e9t\u00e9 par Rachida Brakni au th\u00e9\u00e2tre du Rond Point, jusqu&#8217;au 9 avril (Emmanuelle Bouchez; vid\u00e9o) :<\/strong> http:\/\/www.telerama.fr\/sortir\/je-crois-en-un-seul-dieu,153042.php#xtor<\/p>\n<p>-&#8220;A gauche, \u00e0 droite&#8221;, la pi\u00e8ce de Laurent Ruquier (Jean-Fran\u00e7ois Balner, invit\u00e9 du Soir 3; vid\u00e9o) : http:\/\/www.francetvinfo.fr\/culture\/spectacles\/theatre-a-droite-a-gauche-la-piece-a-voir-avant-la-presidentielle_2093317.html <\/p>\n<p><strong>-&#8220;Chacun sa vie&#8221;, le 46e film de Claude Lelouch \u00e0 la distribution \u00e9poustouflante (vid\u00e9o) : <\/strong> http:\/\/www.francetvinfo.fr\/culture\/cinema\/cinema-chacun-sa-vie-le-46e-film-de-claude-lelouch_2093831.html<\/p>\n<p>-&#8220;King Kong&#8221; en huit films (vid\u00e9o) :<br \/>\nhttp:\/\/www.liberation.fr\/video\/2017\/03\/09\/king-kong-en-huit-films_1554540?xtor<\/p>\n<p>-Jusqu&#8217;au 19 mars \u00e0 Cr\u00e9teil (94), le Festival international de films de femmes : https:\/\/www.franceculture.fr\/evenement\/festival-international-de-films-de-femmes#xtor<\/p>\n<p>-&#8220;The Lost City of Z&#8221;, le dernier film de James Gray, traite la disparition de l&#8217;explorateur britannique Percy Fawcett en Amazonie (vid\u00e9o) :                                                                    http:\/\/www.francetvinfo.fr\/culture\/cinema\/cinema-the-lost-city-of-z-film-d-aventure-signe-james-gray_2093325.html<\/p>\n<p><strong>-&#8220;Lettre \u00e0 Anna&#8221;, le film d&#8217;Eric Bergkraut sur l&#8217;assassinat de la journaliste russe Anna Politkovska\u00efa (\u00e0 voir ici, suivi d&#8217;un d\u00e9bat) <\/strong> : http:\/\/www.lcp.fr\/emissions\/grand-ecran\/278905-lettre-anna-lassassinat-de-la-journaliste-anna-politkovskaia<\/p>\n<p>-Le retour en chanson de C\u00e9line Dion dans &#8220;La Belle et la b\u00eate&#8221; (vid\u00e9o) : http:\/\/www.cnews.fr\/chroniques\/la-chronique-culture\/la-belle-et-la-bete-le-retour-en-chanson-de-celine-dion-173583<\/p>\n<p><strong>-&#8220;Kate Bush en choeur&#8221; (Rebecca Manzoni; vid\u00e9o) : <\/strong> https:\/\/www.franceinter.fr\/emissions\/pop-co\/pop-co-13-mars-2017<\/p>\n<p>-&#8220;Finest&#8221; du groupe funk &#8220;Funkadelic&#8221; ressort en vinyle (Laurent Rigoulet; son) :  http:\/\/www.telerama.fr\/musique\/les-delires-fantastiques-de-funkadelic,155126.php#xtor<\/p>\n<p><strong>-Julian Cannonball Adderley, un des plus grands saxophonistes alto de l&#8217;histoire du jazz, \u00e0 la Maison de la Radio, le 23 avril 1966 (son) : <\/strong> https:\/\/www.francemusique.fr\/emissions\/les-legendes-du-jazz\/cannonball-adderley-la-maison-de-la-radio-en-1966-32425<\/p>\n<p>-Dans un concert du pianiste martiniquais Christophe Chassol, les notes et les images se superposent (vid\u00e9o) : http:\/\/www.francetvinfo.fr\/culture\/musique\/musique-portrait-du-touche-a-tout-christophe-chassol_2094895.html<\/p>\n<p>-Jusqu&#8217;au 20 ao\u00fbt, au Mus\u00e9e d&#8217;art moderne de la ville de Paris, la r\u00e9trospective color\u00e9e du peintre hollandais Karel Appel (Olivier Cena) : http:\/\/www.telerama.fr\/sortir\/karel-appel-au-musee-d-art-moderne-une-retrospective-coloree,154948.php#xtor<\/p>\n<p>-La photographe Francesca Piqueras parcourt le monde \u00e0 la recherche d&#8217;\u00e9paves de bateaux (Sophie Berthier) :  http:\/\/www.telerama.fr\/sortir\/francesca-piqueras-parcourt-le-monde-a-la-recherche-des-cimetieres-de-bateaux,155087.php#xtor<\/p>\n<p><strong>-&#8220;Nous avons perdu le contr\u00f4le de nos donn\u00e9es personnelles&#8221; (une tribune multilingue de Sir Tim Berners-Lee, inventeur du Web) : <\/strong> http:\/\/webfoundation.org\/2017\/03\/web-turns-28-letter\/#VersionFR<\/p>\n<p>-Jusqu&#8217;au 17 mars sur Canal +, &#8220;la condition inhumaine au cin\u00e9ma&#8221; (J\u00e9r\u00e9mie Couston; vid\u00e9o) : http:\/\/television.telerama.fr\/television\/films-de-survie-la-condition-inhumaine,154918.php#xtor<\/p>\n<p><strong>-Choderlos de Laclos sur Europe 1 dans &#8220;Au coeur de l&#8217;histoire&#8221; de Franck Ferrand (son) <\/strong> : http:\/\/www.telerama.fr\/radio\/choderlos-de-laclos-un-libertin-vraiment,154618.php#xtor<\/p>\n<p><strong>-&#8220;Antoine de Saint-Exup\u00e9ry, le dernier romantique&#8221;, de Marie Brunet-Debaines, portrait envo\u00fbtant de Saint-Exup\u00e9ry avec des images d&#8217;archives in\u00e9dites (propos recueillis par H\u00e9l\u00e8ne Rochette; vid\u00e9o) :<\/strong> http:\/\/television.telerama.fr\/television\/saint-exupery-renait-sur-des-images-inedites,154936.php#xtor<\/p>\n<p><strong>-Le documentaire (vid\u00e9o \u00e0 voir ici) : <\/strong> http:\/\/www.arte.tv\/guide\/fr\/064446-000-A\/antoine-de-saint-exupery-le-dernier-romantique<\/p>\n<p><strong>-&#8220;La le\u00e7on de piano d&#8217;Andr\u00e9 Manoukian&#8221; sur France Inter (vid\u00e9os) :<\/strong>                 http:\/\/www.dailymotion.com\/video\/x5eo7hh_la-lecon-de-piano-n-23-quand-les-mouvements-contraires-se-rejoignent_music                                              http:\/\/www.dailymotion.com\/video\/x5eo82e_la-lecon-de-piano-n-24-traduire-sans-trahir_music                                                                                             http:\/\/www.dailymotion.com\/video\/x5eo9k2_la-lecon-de-piano-n-25-l-improvisation_music                                                                                http:\/\/www.dailymotion.com\/video\/x5enw32_la-lecon-de-piano-n-26-le-silence-c-est-de-la-musique_music                                                                                      http:\/\/www.dailymotion.com\/video\/x5eo4lk_la-lecon-de-piano-n-27-la-magie-entre-les-accords_music<\/p>\n<p>-&#8220;QG de campagne&#8221;, sur Radio Nova, anim\u00e9 par Arnaud Muller et Karine Le Lo\u00ebt (Carole Lefran\u00e7ois) :  http:\/\/www.telerama.fr\/radio\/politiquement-votre-sur-nova,154924.php#xtor<\/p>\n<p><strong>-&#8220;La guerre des jeux est-elle relanc\u00e9e ?&#8221; (Nagui \u00e9tait l&#8217;invit\u00e9 de Sonia Devillers; vid\u00e9o, amener le curseur sur 3:11) : <\/strong> http:\/\/www.dailymotion.com\/video\/x5enxnd_nagui-la-guerre-des-jeux-est-elle-relancee_news<\/p>\n<p>-&#8220;Thierry Ardisson et Bruno Masure r\u00e8glent leurs comptes&#8221; (J\u00e9r\u00f4me Ivanichtchenko; vid\u00e9o) : http:\/\/www.dailymotion.com\/video\/x5enzgv_thierry-ardisson-et-bruno-masure-reglent-leurs-comptes_news<\/p>\n<p><strong>-Mediapart s&#8217;en sort bien (Marc Baudriller; son du 13 mars) : <\/strong> https:\/\/www.radioclassique.fr\/radio\/emissions\/matinale-de-radio-classique\/la-vie-des-medias\/<\/p>\n<p><strong>-&#8220;S\u00e9bastien Destremeau, arriv\u00e9 dernier et en faire un exploit&#8221; (Charline Vanhoenacker; vid\u00e9o) : <\/strong> https:\/\/www.franceinter.fr\/emissions\/le-billet-de-charline-vanhoenacker\/le-billet-de-charline-vanhoenacker-13-mars-2017<\/p>\n<p>-&#8220;Les costumes de Fillon&#8221; (le journal de presque 17H17; vid\u00e9o) : http:\/\/www.dailymotion.com\/video\/x5ep65z_les-costumes-de-fillon-le-journal-de-17h17_fun<\/p>\n<p><strong>-&#8220;Au salon du golf&#8221; (Guillaume Meurice; vid\u00e9o) :<\/strong> http:\/\/www.dailymotion.com\/video\/x5ep70i_au-salon-du-golf-le-moment-meurice_fun<\/p>\n<p><strong>-&#8220;Les mari\u00e9s de la Tour Eiffel&#8221; (Sophia Aram; vid\u00e9o) : <\/strong> http:\/\/www.dailymotion.com\/video\/x5enonn_les-maries-de-la-tour-eiffel-le-billet-de-sophia-aram_fun<\/p>\n","protected":false},"excerpt":{"rendered":"<p>ACTUALITE -&#8220;Il faut que la loi du plus fort laisse la place \u00e0 une r\u00e9gulation&#8221; (Serge Papin, PDG des magasins &#8220;Syst\u00e8me U&#8221;, invit\u00e9 d&#8217;Alexandra Bensaid; vid\u00e9o) : http:\/\/www.dailymotion.com\/video\/x5eni2p_serge-papin-repond-aux-questions-d-alexandra-bensaid_news -Dans l&#8217;Is\u00e8re, le repreneur \u00e9tait presque parfait (vid\u00e9o) : http:\/\/www.francetvinfo.fr\/economie\/industrie\/la-bpi-porte-plainte-contre-le-repreneur-dune-usine-de-papier_2095069.html -La SNCF augmente ses tarifs dans le Grand Ouest (vid\u00e9o) : http:\/\/www.francetvinfo.fr\/economie\/transports\/sncf\/la-sncf-augmente-ses-tarifs-dans-le-grand-ouest_2095065.html -&#8220;Il faut surveiller la fa\u00e7on [&hellip;]<\/p>\n","protected":false},"author":1042,"featured_media":0,"comment_status":"open","ping_status":"open","sticky":false,"template":"","format":"standard","meta":{"_themeisle_gutenberg_block_has_review":false,"footnotes":""},"categories":[151],"tags":[],"class_list":["post-10261","post","type-post","status-publish","format-standard","hentry","category-la-revue-de-presse-de-lulu"],"_links":{"self":[{"href":"https:\/\/archives.regards.fr\/index.php?rest_route=\/wp\/v2\/posts\/10261","targetHints":{"allow":["GET"]}}],"collection":[{"href":"https:\/\/archives.regards.fr\/index.php?rest_route=\/wp\/v2\/posts"}],"about":[{"href":"https:\/\/archives.regards.fr\/index.php?rest_route=\/wp\/v2\/types\/post"}],"author":[{"embeddable":true,"href":"https:\/\/archives.regards.fr\/index.php?rest_route=\/wp\/v2\/users\/1042"}],"replies":[{"embeddable":true,"href":"https:\/\/archives.regards.fr\/index.php?rest_route=%2Fwp%2Fv2%2Fcomments&post=10261"}],"version-history":[{"count":0,"href":"https:\/\/archives.regards.fr\/index.php?rest_route=\/wp\/v2\/posts\/10261\/revisions"}],"wp:attachment":[{"href":"https:\/\/archives.regards.fr\/index.php?rest_route=%2Fwp%2Fv2%2Fmedia&parent=10261"}],"wp:term":[{"taxonomy":"category","embeddable":true,"href":"https:\/\/archives.regards.fr\/index.php?rest_route=%2Fwp%2Fv2%2Fcategories&post=10261"},{"taxonomy":"post_tag","embeddable":true,"href":"https:\/\/archives.regards.fr\/index.php?rest_route=%2Fwp%2Fv2%2Ftags&post=10261"}],"curies":[{"name":"wp","href":"https:\/\/api.w.org\/{rel}","templated":true}]}}