{"id":10259,"date":"2017-03-14T00:01:35","date_gmt":"2017-03-13T23:01:35","guid":{"rendered":"https:\/\/wp.muchomaas.com\/article-assurance-chomage-la-revolution-tres-liberale-d-emmanuel-macron\/"},"modified":"2023-06-23T23:24:19","modified_gmt":"2023-06-23T21:24:19","slug":"article-assurance-chomage-la-revolution-tres-liberale-d-emmanuel-macron","status":"publish","type":"post","link":"https:\/\/archives.regards.fr\/?p=10259","title":{"rendered":"Assurance ch\u00f4mage : la &#8220;r\u00e9volution&#8221; tr\u00e8s lib\u00e9rale d&#8217;Emmanuel Macron"},"content":{"rendered":"<p class=\"post_excerpt\">En d\u00e9fendant une &#8220;assurance ch\u00f4mage universelle&#8221; financ\u00e9e par la hausse de la CSG, le leader de En marche ! cherche surtout \u00e0 all\u00e9ger les cotisations patronales et \u00e0 remplacer l&#8217;ambitieux syst\u00e8me de protection sociale h\u00e9rit\u00e9 du CNR par un filet de s\u00e9curit\u00e9 minimal.<\/p>\n<p>&#8220;Universel&#8221; et &#8220;nationaliser&#8221; sont des mots en apparence b\u00e9nins, voire de gauche. Ils doivent pourtant d\u00e9clencher les sonnettes d\u2019alarme, surtout quand ils sont prononc\u00e9s par Emmanuel Macron. Ainsi lorsque le candidat &#8220;de droite et de gauche&#8221; \u00e0 la pr\u00e9sidentielle propose dans son programme d\u2019instaurer une &#8220;assurance-ch\u00f4mage universelle&#8221; sous &#8220;gouvernance publique&#8221;, l\u2019arnaque est d\u2019autant plus pernicieuse qu\u2019elle n\u2019est pas imm\u00e9diatement d\u00e9tectable\u00a0: car en th\u00e9orie, on peut tout \u00e0 fait applaudir son id\u00e9e d\u2019ouvrir l\u2019assurance-ch\u00f4mage aux artisans, entrepreneurs, commer\u00e7ants, agriculteurs et salari\u00e9s d\u00e9missionnaires. Il suffirait que les ind\u00e9pendants cotisent au r\u00e9gime g\u00e9n\u00e9ral\u2026<\/p>\n<p>Ce n\u2019est \u00e9videmment pas cela qu\u2019il a en t\u00eate, puisqu\u2019il entend remplacer les cotisations salariales ch\u00f4mage (2,4% du salaire brut) par une hausse de la Contribution sociale g\u00e9n\u00e9ralis\u00e9e (CSG) de 1,75%. Car ce qu\u2019il veut, comme il le dit sans d\u00e9tour <a href=\"https:\/\/www.lesechos.fr\/elections\/emmanuel-macron\/0211826576981-emmanuel-macron-mon-projet-economique-2067359.php\">dans <em>Les \u00c9chos<\/em><\/a>, c\u2019est sortir <em>\u00ab d&#8217;un syst\u00e8me assurantiel ou chacun se dit &#8220;j&#8217;ai cotis\u00e9, j&#8217;ai droit \u00e0 \u00eatre indemnis\u00e9&#8221;\u00a0\u00bb<\/em>. C\u2019est-\u00e0-dire transformer une assurance sociale contributive (o\u00f9 chaque travailleur cotise pour ouvrir des droits) financ\u00e9e par cotisation, et g\u00e9r\u00e9e par les partenaires sociaux, en dispositif universel couvrant toute la population, financ\u00e9 par l\u2019imp\u00f4t, et donc contr\u00f4l\u00e9 par l\u2019\u00c9tat qui d\u00e9ciderait, sans avoir \u00e0 consulter les syndicats, du montant et de la dur\u00e9e des indemnisations.<\/p>\n<h2>Fiscalisation de l&#8217;assurance ch\u00f4mage<\/h2>\n<p><em>\u00ab\u00a0Le risque de cette fiscalisation de l\u2019assurance ch\u00f4mage, c\u2019est que les prestations soient universelles mais faibles,<\/em> explique l\u2019\u00e9conomiste Fr\u00e9d\u00e9ric Farah, coauteur de <em>Introduction inqui\u00e8te \u00e0 la macron-\u00e9conomie<\/em>. <em>On \u00e9tend le nombre de b\u00e9n\u00e9ficiaires, mais on baisse les montants.\u00a0C\u2019est le mod\u00e8le lib\u00e9ral qui existe par exemple au Royaume-Uni\u00a0\u00bb<\/em> : \u00e0 partir de vingt-cinq ans, un ch\u00f4meur touche au maximum 73,10 livres par semaine, quel que soit son revenu ant\u00e9rieur. Le fait que l\u2019ex ministre de l\u2019\u00c9conomie pr\u00e9voie d\u2019\u00e9conomiser dix millions d\u2019euros sur l\u2019assurance ch\u00f4mage d\u2019ici 2022 est un indice qui va dans ce sens\u2026\u00a0<\/p>\n<p>Cette logique assistancielle appliqu\u00e9e \u00e0 l\u2019assurance ch\u00f4mage constituerait une rupture majeure avec la philosophie de l\u2019\u00c9tat social tel qu\u2019il s\u2019est construit apr\u00e8s-guerre. Comme l\u2019indique le titre optimiste du programme du Conseil national de la R\u00e9sistance adopt\u00e9 en 1944, &#8220;Les jours heureux&#8221;, il ne s\u2019agissait plus d\u2019assurer un simple filet de s\u00e9curit\u00e9 minimal, mais de garantir un certain bien-\u00eatre social. Les prestations minimales, vers\u00e9es sous conditions de ressources, n\u2019ont certes pas disparu \u2013 de nouvelles ont m\u00eame \u00e9t\u00e9 cr\u00e9\u00e9es, comme le RMI \u2013, mais elles ne repr\u00e9sentent aujourd\u2019hui que 5% de l&#8217;ensemble des d\u00e9penses de protection sociale.<\/p>\n<p style=\"text-align: center;\"><strong>[Lire aussi : <a href=\"https:\/\/wp.muchomaas.com\/web\/article\/macron-derriere-les-formules-quel-projet-politique\">&#8220;Macron : derri\u00e8re les formules, quel projet politique ?&#8221;<\/a>]<\/strong><\/p>\n<p>Pour mener \u00e0 bien cette fiscalisation, Macron dispose de l\u2019arme parfaite : la CSG. Introduit en 1991 par le premier ministre Michel Rocard, cet imp\u00f4t proportionnel &#8220;pr\u00e9-affect\u00e9&#8221;, c\u2019est-\u00e0-dire pr\u00e9lev\u00e9 par l\u2019\u00c9tat, mais obligatoirement destin\u00e9 \u00e0 financer la S\u00e9cu, est r\u00e9put\u00e9 plus\u00a0juste car il ne &#8220;p\u00e8se&#8221; pas uniquement sur\u2009les salaires. Il est en effet assis sur les revenus d\u2019activit\u00e9 (salaires, primes et indemnit\u00e9s diverses), mais aussi les revenus de remplacement (pensions de retraite, allocations de ch\u00f4mage, indemnit\u00e9s journali\u00e8res), les revenus du patrimoine (revenus fonciers, rentes viag\u00e8res), les revenus de placement (revenus mobiliers, plus-values immobili\u00e8res) et les sommes engag\u00e9es par les jeux. D\u00e9j\u00e0 \u00e0 l\u2019\u00e9poque de Rocard, les arguments de l\u2019universalit\u00e9 et de la justice sociale avaient \u00e9t\u00e9 mobilis\u00e9s pour justifier son financement des prestations sant\u00e9 et famille, qui, depuis la CMU, concernent toute la population et non pas les seuls salari\u00e9s.<\/p>\n<h2>\u00ab Comme au bonneteau, au d\u00e9but, le salari\u00e9 est gagnant \u00bb<\/h2>\n<p>Con\u00e7ue au d\u00e9part comme un imp\u00f4t \u00e0 faible taux et transitoire, la CSG a \u00e9t\u00e9 prolong\u00e9e puis augment\u00e9e. Initialement fix\u00e9 \u00e0 1,1% pour les revenus d\u2019activit\u00e9, son taux est pass\u00e9, pour cette cat\u00e9gorie, \u00e0 2,4% en 1993, \u00e0 3,4% en 1996 et \u00e0 7,5% en 1998. Deuxi\u00e8me imp\u00f4t de France derri\u00e8re la TVA, la CSG rapporte aujourd\u2019hui autour de 90 milliards d\u2019euros par an, soit davantage que l\u2019imp\u00f4t sur le revenu. Elle constitue 20% des recettes de la S\u00e9cu, auxquelles s\u2019ajoutent environ 14% d\u2019autres taxes (tabac, alcool\u2026), tandis que la part des cotisations sociales est pass\u00e9 sous les 58%. Le but de Macron est de continuer de r\u00e9duire cette part \u2013 et le contr\u00f4le par les partenaires sociaux qui va avec \u2013 en \u00e9tendant la CSG \u00e0 la branche ch\u00f4mage de la S\u00e9cu. <em>\u00ab\u00a0Loin de &#8220;sauver&#8221; ou de &#8220;moderniser&#8221; notre mod\u00e8le social en assurant son financement, l\u2019extension de la CSG est le plus s\u00fbr moyen de le liquider\u00a0\u00bb<\/em>, affirme Fr\u00e9d\u00e9ric Farah.<\/p>\n<p><em>\u00ab Le pi\u00e8ge fonctionne toujours de la m\u00eame mani\u00e8re, selon le principe du bonneteau \u00bb<\/em>, explique Christophe Ramaux, professeur d\u2019\u00e9conomie \u00e0 l\u2019universit\u00e9 Paris 1 et auteur de <em>L\u2019\u00c9tat social<\/em>. <em>\u00ab\u00a0Sur le moment, il est l\u00e9g\u00e8rement avantageux pour les salari\u00e9s de remplacer la cotisation salari\u00e9 par la CSG. Comme cette derni\u00e8re est assise \u00e0 environ 75% sur le salaire, \u00e0 15% sur le ch\u00f4mage et les retraites et \u00e0 10% sur le capital, le salari\u00e9 paie 75% de ce qu\u2019il payait avant sous forme de cotisation. Le salaire net augmente donc un petit peu. Mais sur le long terme, c\u2019est une dynamique inverse qui est enclench\u00e9e. \u00bb<\/em> <\/p>\n<p>L&#8217;\u00e9conomiste pr\u00e9cise : <em>\u00ab\u00a0Historiquement, les cotisations employeurs et salari\u00e9s formaient respectivement trois quart et un quart des ressources. Quand on augmentait la cotisation salari\u00e9 (qui est d\u00e9duite du salaire brut et donc r\u00e9duit le salaire net) d\u2019un euro, on augmentait la cotisation employeur (qui s\u2019ajoute au salaire brut et donc r\u00e9duit les profits) de trois euros. La CSG change tout : elle ancre l\u2019id\u00e9e que toute hausse future des d\u00e9penses pour la sant\u00e9 ou la famille sera financ\u00e9e par son interm\u00e9diaire et non plus par les cotisations. Or si on augmente la CSG d\u2019un euro, l\u2019effort repose \u00e0 75% sur les salaires, 15% sur le ch\u00f4mage et les retraites et seulement 10% sur le capital.\u00a0\u00bb<\/em> <\/p>\n<h2>Objectif : la baisse des &#8220;charges&#8221; patronales<\/h2>\n<p>Derri\u00e8re le mirage d\u2019un financement de la protection sociale plus &#8220;diversifi\u00e9&#8221; mettant aussi le capital \u00e0 contribution, la transformation des cotisations en CSG a surtout servi \u00e0 transf\u00e9rer une part importante des cotisations employeurs en un imp\u00f4t pay\u00e9 pour l\u2019essentiel par les salari\u00e9s.\u00a0De fait, la part des cotisations patronales dans le financement des d\u00e9penses globales de protection sociale est pass\u00e9e de 62% en 1959 \u00e0 seulement 44% en 2010. Autrement dit, sous pr\u00e9texte de <em>\u00ab\u2005moins taxer le travail\u2005\u00bb<\/em>, la CSG a organis\u00e9 l\u2019all\u00e9gement des &#8220;charges&#8221; patronales. Accus\u00e9es d\u2019alourdir le &#8220;co\u00fbt du travail&#8221; et de nuire \u00e0 la comp\u00e9titivit\u00e9 des entreprises et \u00e0 l\u2019emploi en France, les cotisations employeurs avaient surtout le mauvais go\u00fbt, en tant que composante socialis\u00e9e de la masse salariale, de rogner sur la part des profits dans la valeur ajout\u00e9e.<\/p>\n<p style=\"text-align: center;\"><strong>[Lire aussi : <a href=\"https:\/\/wp.muchomaas.com\/je-vois-rouge-par-clementine\/article\/macron-la-revolution-dans-la-continuite\">&#8220;Macron : la &#8220;r\u00e9volution&#8221; dans la continuit\u00e9&#8221;<\/a>]<\/strong><\/p>\n<p>Les lib\u00e9raux ont beau jeu de pointer que notre syst\u00e8me contributif actuel perp\u00e9tue les in\u00e9galit\u00e9s. De fait, un cadre a un meilleur ch\u00f4mage et une meilleure retraite qu\u2019un ouvrier. <em>\u00ab\u00a0Il faut faire attention \u00e0 un certain discours sur les in\u00e9galit\u00e9s,<\/em> met en garde Christophe Ramaux. <em>C\u2019est vrai que le syst\u00e8me lib\u00e9ral est en quelque sorte plus redistributif, mais c\u2019est de la redistribution de queues de cerises ! La premi\u00e8re mission des prestations sociales n\u2019est pas la redistribution, mais la satisfaction d\u2019une s\u00e9rie de besoins pour tous et le maintien du niveau de vie<\/em>, rappelle-t-il. <em>C\u2019est pourquoi les pensions de retraite, les indemnit\u00e9s journali\u00e8res en cas de maladie et les allocations ch\u00f4mage d\u00e9pendent du revenu ant\u00e9rieur, et c\u2019est pourquoi il est l\u00e9gitime que les riches aussi aient droit aux allocations familiales, aux retraites publiques et \u00e0 l\u2019\u00e9cole publique gratuite pour leurs enfants.\u00a0\u00bb<\/em>\u00a0<\/p>\n<p>Cela n\u2019enl\u00e8ve rien \u00e0 la n\u00e9cessit\u00e9 de combattre les in\u00e9galit\u00e9s, bien s\u00fbr. Mais cela implique d\u2019agir au c\u0153ur du r\u00e9acteur : sur le partage de la valeur ajout\u00e9e entre salaires et profits. Mais la hausse g\u00e9n\u00e9rale des salaires est \u00e9trangement absente du programme d\u00e9cid\u00e9ment ni de gauche ni de gauche du leader de En Marche !<\/p>\n<p><a href=\"https:\/\/twitter.com\/Laura_Raim\">@Laura_Raim<\/a><div id='gallery-1' class='gallery galleryid-10259 gallery-columns-3 gallery-size-thumbnail'><figure class='gallery-item'>\n\t\t\t<div class='gallery-icon landscape'>\n\t\t\t\t<a href='https:\/\/archives.regards.fr\/wp-content\/uploads\/2017\/03\/macron-csg-d3f.jpg'><img loading=\"lazy\" decoding=\"async\" width=\"150\" height=\"150\" src=\"https:\/\/archives.regards.fr\/wp-content\/uploads\/2017\/03\/macron-csg-d3f-150x150.jpg\" class=\"attachment-thumbnail size-thumbnail\" alt=\"macron-csg.jpg\" \/><\/a>\n\t\t\t<\/div><\/figure>\n\t\t<\/div>\n<\/p>\n","protected":false},"excerpt":{"rendered":"<p>En d\u00e9fendant une &#8220;assurance ch\u00f4mage universelle&#8221; financ\u00e9e par la hausse de la CSG, le leader de En marche ! cherche surtout \u00e0 all\u00e9ger les cotisations patronales et \u00e0 remplacer l&#8217;ambitieux syst\u00e8me de protection sociale h\u00e9rit\u00e9 du CNR par un filet de s\u00e9curit\u00e9 minimal.<\/p>\n","protected":false},"author":1098,"featured_media":24677,"comment_status":"open","ping_status":"open","sticky":false,"template":"","format":"standard","meta":{"_themeisle_gutenberg_block_has_review":false,"footnotes":""},"categories":[157],"tags":[487,497],"class_list":["post-10259","post","type-post","status-publish","format-standard","has-post-thumbnail","hentry","category-web","tag-emmanuel-macron","tag-presidentielle-2017"],"_links":{"self":[{"href":"https:\/\/archives.regards.fr\/index.php?rest_route=\/wp\/v2\/posts\/10259","targetHints":{"allow":["GET"]}}],"collection":[{"href":"https:\/\/archives.regards.fr\/index.php?rest_route=\/wp\/v2\/posts"}],"about":[{"href":"https:\/\/archives.regards.fr\/index.php?rest_route=\/wp\/v2\/types\/post"}],"author":[{"embeddable":true,"href":"https:\/\/archives.regards.fr\/index.php?rest_route=\/wp\/v2\/users\/1098"}],"replies":[{"embeddable":true,"href":"https:\/\/archives.regards.fr\/index.php?rest_route=%2Fwp%2Fv2%2Fcomments&post=10259"}],"version-history":[{"count":0,"href":"https:\/\/archives.regards.fr\/index.php?rest_route=\/wp\/v2\/posts\/10259\/revisions"}],"wp:featuredmedia":[{"embeddable":true,"href":"https:\/\/archives.regards.fr\/index.php?rest_route=\/wp\/v2\/media\/24677"}],"wp:attachment":[{"href":"https:\/\/archives.regards.fr\/index.php?rest_route=%2Fwp%2Fv2%2Fmedia&parent=10259"}],"wp:term":[{"taxonomy":"category","embeddable":true,"href":"https:\/\/archives.regards.fr\/index.php?rest_route=%2Fwp%2Fv2%2Fcategories&post=10259"},{"taxonomy":"post_tag","embeddable":true,"href":"https:\/\/archives.regards.fr\/index.php?rest_route=%2Fwp%2Fv2%2Ftags&post=10259"}],"curies":[{"name":"wp","href":"https:\/\/api.w.org\/{rel}","templated":true}]}}