{"id":10258,"date":"2017-03-13T07:24:04","date_gmt":"2017-03-13T06:24:04","guid":{"rendered":"https:\/\/wp.muchomaas.com\/article-la-revue-du-13-mars-2013\/"},"modified":"2023-06-23T23:24:18","modified_gmt":"2023-06-23T21:24:18","slug":"article-la-revue-du-13-mars-2013","status":"publish","type":"post","link":"https:\/\/archives.regards.fr\/?p=10258","title":{"rendered":"La Revue du 13 mars 2017"},"content":{"rendered":"<strong>ACTUALITE<\/strong>\n\n<strong>-&#8220;Les politiques n&#8217;ont pas pris la mesure de l&#8217;\u00e9volution de la pauvret\u00e9&#8221; (Thierry Kuhn, pr\u00e9sident d&#8217;Emma\u00fcs France, interrog\u00e9 par Wendy Bouchard; son) : <\/strong> http:\/\/www.europe1.fr\/emissions\/linterview-verite-du-week-end\/thierry-kuhn-les-politiques-nont-pas-pris-la-mesure-de-levolution-de-la-pauvrete-2999783\n\n-143 000 personnes sans domicile fixe en France (vid\u00e9o) : http:\/\/www.francetvinfo.fr\/societe\/sdf\/sans-abris-143-000-personnes-sans-domicile-fixe-en-france_2092433.html#xtor=CS2-765\n\n-&#8220;Il y a encore trop de monde dans la rue&#8221; (Eric Pliez, pr\u00e9sident du Samu social de Paris, invit\u00e9 de Bernard Poirette; vid\u00e9o) : http:\/\/www.rtl.fr\/actu\/politique\/il-y-a-encore-trop-de-monde-dans-la-rue-alerte-le-president-du-samu-social-7787624691\n\n<em>-Perception de la pauvret\u00e9 et engagement solidaire en France (VIAVOICE) :  \nhttp:<\/em>\/\/www.institut-viavoice.com\/viavoice-paris\/publications\/sondages-publies\/580-perceptions-de-la-pauvrete-et-engagement-solidaire-en-france-sondage-secours-catholique-caritas-france-realise-par-viavoice\n\n-A Lille, l&#8217;Etat c\u00e8de des terrains pour la construction de logements sociaux (vid\u00e9o) : http:\/\/www.francetvinfo.fr\/economie\/immobilier\/logements-vacants\/logements-sociaux-l-etat-brade-ses-terrains_2092447.html#xtor=CS2-765\n\n<strong>-&#8220;La grippe aviaire, cauchemar des \u00e9leveurs&#8221; (&#8220;13H15 le dimanche&#8221;; vid\u00e9o) :  <\/strong>          http:\/\/www.francetvinfo.fr\/replay-magazine\/france-2\/13h15\/13h15-les-francais-du-dimanche-12-mars-2017_2082231.html\n\n<strong>-A Aubervilliers (93), Fran\u00e7ois Hollande a inaugur\u00e9 la rue Jacques Salvador, du nom de l&#8217;ancien maire socialiste Jacques Salvador, auquel l&#8217;actuelle municipalit\u00e9, dirig\u00e9e par la communiste Meriem Derkaoui, a d\u00e9cid\u00e9 de rendre hommage (vid\u00e9o) : <\/strong>  http:\/\/www.elysee.fr\/videos\/inauguration-de-la-rue-jacques-salvator-a-aubervilliers\/\n\n<strong>-Il \u00e9tait \u00e9galement \u00e0 Saint-Denis,  une autre ville de la Seine Saint-Denis dirig\u00e9e par Laurent Russier, un maire communiste , \u00e0 l&#8217;occasion de la r\u00e9novation de la Basilique (vid\u00e9o; comme on dit, lui, il fait de la politique !) :<\/strong> http:\/\/www.elysee.fr\/videos\/projet-de-renovation-de-la-basilique-saint-denis\/\n\n<strong>-Le docteur Ghada Hatem, gyn\u00e9cologue \u00e0 l&#8217;h\u00f4pital Delafontaine de Saint-Denis (&#8220;13H15 le samedi&#8221;; vid\u00e9o) <\/strong> : http:\/\/www.francetvinfo.fr\/replay-magazine\/france-2\/13h15\/13h15-du-samedi-11-mars-2017_2080747.html\n\n<em>-Les Fran\u00e7ais et la pr\u00e9voyance sant\u00e9 (OPINION-WAY)<\/em> : https:\/\/www.opinion-way.com\/fr\/component\/edocman\/?task=document.viewdoc&#038;id=1558&#038;Itemid=0\n\n<strong>-Le Bar-PMU de Sevran (93), &#8220;la contre-enqu\u00eate  du Bondy Blog&#8221; (Nassira El Moaddem) :<\/strong> http:\/\/www.bondyblog.fr\/201703101815\/bar-pmu-de-sevran-la-contre-enquete-du-bondy-blog\/#.WMTmuG_hCpq\n\n-Un sentier p\u00e9destre pour explorer le Grand Paris (Lucie Geffroy) :               http:\/\/www.lemonde.fr\/societe\/article\/2017\/03\/10\/un-sentier-pedestre-pour-explorer-le-grand-paris_5092415_3224.html#xtor\n\n-Six ans apr\u00e8s Fukushima, manifestations dans plusieurs villes de France contre le nucl\u00e9aire (vid\u00e9o) : http:\/\/www.lemonde.fr\/energies\/article\/2017\/03\/11\/six-ans-apres-fukushima-manifestations-dans-plusieurs-villes-de-france-contre-le-nucleaire_5093178_1653054.html#xtor\n\n<strong>-&#8220;Il est essentiel de lancer la fermeture progressive d&#8217;une partie du parc, construit en dix ans et qu&#8217;il faut apprendre \u00e0 d\u00e9manteler en 30. Il ne faut pas continuer \u00e0 entretenir le mythe que les centrales sont \u00e9ternelles. Il faut arr\u00eater. Naturellement que les \u00e9nergies renouvelables peuvent remplacer le nucl\u00e9aire. Il y a des alternatives \u00e0 l&#8217;enfouissement des d\u00e9chets \u00e0 Bure qui n&#8217;ont pas \u00e9t\u00e9 examin\u00e9es&#8221; (Francis Rol-Tanguy, ancien d\u00e9l\u00e9gu\u00e9 interminist\u00e9riel aupr\u00e8s de S\u00e9gol\u00e8ne Royal; interrog\u00e9 par Bernard Poirette; son) :<\/strong> http:\/\/www.rtl.fr\/actu\/politique\/fessenheim-il-est-essentiel-de-lancer-la-fermeture-progressive-du-parc-7787634925\n\n<strong>-&#8220;S\u00e9bastien Destremau, un si beau dernier du Vend\u00e9e Globe&#8221; (vid\u00e9o) : <\/strong> http:\/\/www.francetvinfo.fr\/sports\/voile\/vendee-globe\/vendee-globe-sebastien-destremau-un-si-beau-dernier_2092455.html\n\n-La veille du match, Luis Enrique, l&#8217;entra\u00eeneur du Bar\u00e7a, annon\u00e7ait six buts contre le PSG (vid\u00e9o) : http:\/\/www.lemonde.fr\/ligue-des-champions\/video\/2017\/03\/09\/fc-barcelone-psg-quand-luis-enrique-entraineur-du-barca-annoncait-six-buts-contre-le-psg_5091888_1616944.html\n\n-Le policier qui avait tu\u00e9 un fugitif d&#8217;une balle dans le dos, condamn\u00e9 \u00e0 cinq ans de prison avec sursis en appel (Lucie Soulier) : http:\/\/www.lemonde.fr\/police-justice\/article\/2017\/03\/10\/un-policier-condamne-en-appel-a-5-ans-de-prison-avec-sursis-pour-avoir-tue-un-fugitif-d-une-balle-dans-le-dos_5092860_1653578.html\n\n-&#8220;Une comptabilit\u00e9 occulte au groupe UMP du S\u00e9nat&#8221; (Laurent Valdigui\u00e9) : http:\/\/www.lejdd.fr\/Politique\/Une-comptabilite-occulte-au-groupe-UMP-du-Senat-853865\n\n-&#8220;Depuis 2012, Fillon s&#8217;est fait offrir pour 48 500 euros de costumes&#8221; : http:\/\/www.lejdd.fr\/Politique\/Depuis-2012-Francois-Fillon-s-est-fait-offrir-pour-48-500-euros-de-costumes-853739\n\n<strong>POLITIQUE<\/strong>\n\n-&#8220;Le parrainage des \u00e9lus communistes et r\u00e9publicains est porteur d&#8217;une exigence&#8221; (Pierre Laurent) :  http:\/\/www.humanite.fr\/pierre-laurent-le-parrainage-des-elu-e-s-communistes-et-republicains-est-porteur-dune-exigence-que\n\n-De Rome, d\u00e8s samedi, Jean-Luc M\u00e9lenchon annonce qu&#8217;il a ses signatures (vid\u00e9o) : http:\/\/www.cnews.fr\/politique\/video\/jean-luc-melenchon-annonce-avoir-ses-500-parrainages-173551\n\n<strong>-&#8220;\u00c7a va d\u00e9coller quand le moment viendra. Ce que je fais n&#8217;est pas simple. Je pr\u00e9sente une autre vision du monde. J&#8217;ai bien fait de commencer t\u00f4t. L&#8217;id\u00e9e dominante, d\u00e8s que vous faites une proposition, c&#8217;est : &#8220;combien \u00e7a co\u00fbte ?&#8221;. L&#8217;id\u00e9e d&#8217;une autre mani\u00e8re d&#8217;organiser la soci\u00e9t\u00e9 fait son chemin. Rien ne se passera comme pr\u00e9vu, tout le monde r\u00e9fl\u00e9chit. On voit bien qu&#8217;il y a un probl\u00e8me mais il n&#8217;est pas nouveau, les autres fois, il y avait d\u00e9j\u00e0 plusieurs candidats \u00e0 gauche. Ce qui est nouveau, c&#8217;est que le candidat socialiste, qui est une bonne personne, a perdu la moiti\u00e9 de ses voix. L&#8217;un et l&#8217;autre, nous avons pass\u00e9 un accord pour faire des voix l&#8217;un et l&#8217;autre. Si nous gagnons 25%, la gauche sera au deuxi\u00e8me tour. Regardez, Yannick Jadot a rejoint Beno\u00eet Hamon mais ses \u00e9lecteurs se partagent entre Hamon, Macron et moi. Le vote utile, c&#8217;est le vote Doliprane &#8221; (Jean-Luc M\u00e9lenchon \u00e9tait l&#8217;invit\u00e9 de &#8220;On n&#8217;est pas couch\u00e9&#8221;; vid\u00e9o) : <\/strong>                   http:\/\/www.france2.fr\/emissions\/on-n-est-pas-couche\/videos\/jean-luc_melenchon_-_on_nest_pas_couche_11_mars_2017_onpc_11-03-2017_1508803?onglet=tous&#038;page=1\n\n-Eric Coquerel, coordinateur du Parti de gauche, \u00e9tait l&#8217;invit\u00e9 de &#8220;Questions politiques&#8221; (vid\u00e9o, amener le curseur 16:45) : http:\/\/www.dailymotion.com\/video\/x5elkaq_eric-coquerel-invite-de-questions-politiques_news\n\n-Il a r\u00e9pondu aux questions des auditeurs de France Inter (vid\u00e9o) : http:\/\/www.dailymotion.com\/video\/x5elk6j_eric-coquerel-repond-aux-auditeurs-de-questions-politiques_news\n\n-&#8220;Arlette Laguiller a \u00e9t\u00e9 la premi\u00e8re femme candidate \u00e0 l&#8217;\u00e9lection pr\u00e9sidentielle en 1974 et nous en sommes fiers. Elle m&#8217;accompagne dans cette campagne. Je ne dis pas, comme Jean-Luc M\u00e9lenchon, votez pour moi, je ferai le reste. Je  dis aux travailleurs qu&#8217;ils devront se battre, faire la gr\u00e8ve. Nous voulons qu&#8217;il y ait 0 ch\u00f4meur et donc, il faut se partager le travail en r\u00e9duisant sa dur\u00e9e&#8221; (Nathalie Athaud, candidate LO \u00e0 l&#8217;\u00e9lection pr\u00e9sidentielle, elle aussi invit\u00e9e de Laurent Ruquier; vid\u00e9o) : http:\/\/www.france2.fr\/emissions\/on-n-est-pas-couche\/videos\/nathalie_arthaud_-_on_nest_pas_couche_11_mars_2017_onpc_12-03-2017_1508767?onglet=tous&#038;page=1\n\n-Des \u00e9cologistes d&#8217;EE-LV choisissent Jean-Luc M\u00e9lenchon : https:\/\/reporterre.net\/Des-ecologistes-d-EELV-choisissent-La-France-insoumise-et-Melenchon\n\n-Beno\u00eet Hamon au Havre (vid\u00e9o, sans gros plans sur la salle) : https:\/\/www.youtube.com\/watch?\nv=uqMkmz6vQJ4\n\n-&#8220;Ce n&#8217;est pas la foule des grands soirs&#8221; (en direct sur place, Mathieu Coache de BFM TV; vid\u00e9o, amener le curseur sur 5:16) : http:\/\/www.bfmtv.com\/mediaplayer\/video\/presidentielle-benoit-hamon-tient-un-meeting-au-havre-922769.html\n\n-&#8220;Quelle est sa strat\u00e9gie ?&#8221; (vid\u00e9o) : http:\/\/www.francetvinfo.fr\/politique\/melenchon\/presidentielle-la-strategie-de-benoit-hamon_2092465.html\n\n-&#8220;Le d\u00e9mant\u00e8lement du nucl\u00e9aire est tr\u00e8s co\u00fbteux. Il faut aller dans cette direction. L&#8217;id\u00e9e qu&#8217;on peut passer en force \u00e0 Notre-Dame-des-Landes ne me parait pas la plus raisonnable. J&#8217;ai appel\u00e9 Emmanuel Macron pour lui dire qu&#8217;il fallait arr\u00eater la pol\u00e9mique.Son projet impalpable sur l&#8217;\u00e9cole me pose un probl\u00e8me majeur. Le revenu universel permettra aux enfants modestes d&#8217;avoir les m\u00eame conditions d&#8217;\u00e9tudes que les autres. Plut\u00f4t qu&#8217;une abrogation s\u00e8che, \u00eatre capable de faire le tri dans la loi Travail me semble \u00eatre la bonne voie &#8221; (Vincent Peillon \u00e9tait l&#8217;invit\u00e9 de &#8220;BFM Politique&#8221;; vid\u00e9os) :                            http:\/\/www.bfmtv.com\/mediaplayer\/video\/polemique-avec-en-marche-attention-a-ceux-qui-instrumentalisent-mentent-et-sont-prets-a-tout-vincent-peillon-923049.html http:\/\/www.bfmtv.com\/mediaplayer\/video\/politiques-au-quotidien-le-projet-impalpable-d-emmanuel-macron-sur-l-ecole-me-pose-un-probleme-majeur-vincent-peillon-923053.html                                                                                           http:\/\/www.bfmtv.com\/mediaplayer\/video\/questions-d-eco-le-revenu-universel-permettra-aux-enfants-modestes-d-avoir-les-memes-conditions-d-etudes-que-les-autres-vincent-peillon-923055.html                                                                      http:\/\/www.bfmtv.com\/mediaplayer\/video\/vincent-peillon-face-aux-francais-plutot-qu-une-abrogation-seche-etre-capable-de-faire-le-tri-dans-la-loi-travail-me-semble-etre-la-bonne-voie-923057.html\n\n-Pour les victimes, &#8220;j&#8217;ai obtenu l&#8217;engagement de 8 pays de l&#8217;Union europ\u00e9enne de mettre en place une politique d&#8217;aide ambitieuse&#8221; (la secr\u00e9taire d&#8217;Etat Juliette M\u00e9adel, interrog\u00e9e par Pierre Weill; son) : https:\/\/www.franceinter.fr\/emissions\/l-interview-politique\/l-interview-politique-11-mars-2017\n\n-Elle \u00e9tait l&#8217;invit\u00e9e de &#8220;Salut les Terriens&#8221; sur C8 (vid\u00e9o) : http:\/\/www.c8.fr\/c8-divertissement\/ms-salut-les-terriens\/pid7527-emission.html?vid=1439557\n\n<strong>-&#8220;Il fallait une position europ\u00e9enne commune et \u00eatre intraitable avec le r\u00e9gime turc (sur les meetings turcs). Quand on commence \u00e0 persifler la justice, les m\u00e9dias, on s&#8217;expose \u00e0 de telles d\u00e9rives. Nos concitoyens en ont assez. Nous sommes un mouvement de renouvellement profond&#8221; (Emmanuel Macron, invit\u00e9 du 20 heures de TF1; vid\u00e9o)<\/strong> : http:\/\/www.lci.fr\/elections\/emmanuel-macron-invite-du-20h-l-interview-integrale-2028897.html%3Ftype=content\n\n-Emmanuel Macron &#8220;veut rassembler ceux qui ont le m\u00eame projet et qui viennent de la gauche, du centre ou de la droite. Cela d\u00e9pend des histoires personnelles. Il est celui qui pourrait devancer Marine Le Pen au premier tour. Il y a une partie de la droite qui se radicalise parce qu&#8217;elle ne supporte pas une victoire d&#8217;Emmanuel Macron. Elle reprend des th\u00e9matiques des ann\u00e9es 20&#8221; (G\u00e9rard Collomb, s\u00e9nateur-maire PS de Lyon; interrog\u00e9 par Francis Letellier dans &#8220;Dimanche en Politique&#8221;; vid\u00e9o) :  http:\/\/pluzz.francetv.fr\/videos\/dimanche_en_politique.html\n\n<strong>-&#8220;Le seul qui peut rassembler sur une base progressiste, c&#8217;est Macron&#8221; (Robert Hue, interrog\u00e9 par Eric Delvaux; son) <\/strong> : https:\/\/www.franceinter.fr\/emissions\/l-invite-du-5-7\/l-invite-du-5-7-13-mars-2017\n\n-&#8220;S&#8217;il y a un parti qui incarne le syst\u00e8me, c&#8217;est bien ce centre&#8221; (la philosophe Sylviane Agacinsky qui revient sur la signification de la journ\u00e9e du 8 mars; invit\u00e9e de David Abiker; son, amener le curseur sur 10:57) :            http:\/\/www.europe1.fr\/emissions\/c-est-arrive-cette-semaine\/cest-arrive-cette-semaine-110317-2999861\n\n<strong>-&#8220;Ni droite, ni gauche, les id\u00e9ologies sont-elles mortes ?&#8221; (&#8220;C Pol\u00e9mique&#8221; de Bruce Toussaint avec Yannick Jadot, MAM, les journalistes Mich\u00e8le Cotta, Claude Weill et le psychanalyste G\u00e9rard Miller; vid\u00e9o) <\/strong> : http:\/\/www.france5.fr\/emissions\/c-politique\/videos\/2017_ni_droite_ni_gauche_les_ideologies_sont-elles_mortes__12-03-2017_1509009\n\n<strong>Les antennes r\u00e9gionales de FR3 ont organis\u00e9 des &#8220;Dimanche en politique&#8221; avec de jeunes supporteurs des candidats (vid\u00e9os) : <\/strong> \nhttp:\/\/pluzz.francetv.fr\/videos\/dimanche_en_politique_bourgogne_,155090649.html\nhttp:\/\/pluzz.francetv.fr\/videos\/dimanche_en_politique_bretagne_,154862307.html\nhttp:\/\/pluzz.francetv.fr\/videos\/dimanche_en_politique_champagne_ardenne_,154396844.html\n\n-Les principales propositions de cinq candidats au &#8220;Grand Rendez-vous&#8221; d&#8217;Europe 1 (vid\u00e9o et sons) : http:\/\/www.cnews.fr\/magazines\/le-grand-rendez-vous\/le-grand-rendez-vous-1ere-partie-173557   \nhttp:\/\/www.europe1.fr\/emissions\/le-grand-rendez-vous\/le-grand-rendez-vous-philippe-aghion-julia-cage-jacques-genereux-jean-messiha-et-eric-woerth-3000632                                                                    \n\n<strong>-&#8220;Les plans sociaux ne repr\u00e9sentent qu&#8217;une petite part du ch\u00f4mage qui vient surtout des contrats courts&#8221; (Marc Ferracci, l&#8217;\u00e9conomiste de &#8220;En Marche&#8221; \u00e9tait l&#8217;invit\u00e9 de &#8220;On n&#8217;arr\u00eate pas l&#8217;\u00e9co&#8221; de Marion L&#8217;Hour (son, amener le curseur sur 2:34) :   <\/strong>    https:\/\/www.franceinter.fr\/emissions\/on-n-arrete-pas-l-eco\/on-n-arrete-pas-l-eco-11-mars-2017       \n\n<strong>-&#8220;Je suis le seul \u00e0 incarner une vraie rupture&#8221; (Fran\u00e7ois Fillon, face \u00e0 la r\u00e9daction des &#8220;Echos&#8221;)<\/strong> : https:\/\/www.lesechos.fr\/elections\/francois-fillon\/0211873299821-francois-fillon-francois-fillon-je-suis-le-seul-a-incarner-une-vraie-rupture-2071606.php\n\n-Quant LR repr\u00e9sente Macron avec les codes de l&#8217;id\u00e9ologie antis\u00e9mite (Manon Rescan et Alexandre Lemari\u00e9) : http:\/\/www.lemonde.fr\/election-presidentielle-2017\/article\/2017\/03\/10\/dans-un-tweet-les-republicains-representent-emmanuel-macron-avec-des-codes-de-l-iconographie-antisemite_5092794_4854003.html\n\n-Les excuses de LR (vid\u00e9o) : http:\/\/www.francetvinfo.fr\/elections\/presidentielle\/caricature-d-emmanuel-macron-les-excuses-du-parti-les-republicains_2092427.html#xtor=CS2-765\n\n-&#8220;Cela m&#8217;a choqu\u00e9 et m&#8217;a rappel\u00e9 une affiche du parti nazi des ann\u00e9es 30. L&#8217;imaginaire des R\u00e9publicains va puiser aux sources les plus infectes de notre histoire. Le revenu universel, nous on le propose mais il n&#8217;y a pas besoin de sortir des mots ronflants. S&#8217;il s&#8217;agit de relever les minimas sociaux, de les passer au dessus du seuil de pauvret\u00e9, c&#8217;est le programme de Jean-Luc M\u00e9lenchon. Si le seul argument contre le Front national, c&#8217;est la continuit\u00e9 d&#8217;une politique lib\u00e9rale, je crois que cela souffle dans les voiles des id\u00e9es x\u00e9nophobes. Il y a un vrai danger (Alexis Corbi\u00e8re, porte-parole de Jean-Luc M\u00e9lenchon, invit\u00e9 de la matinale de Franceinfo; sons et vid\u00e9os) : http:\/\/www.francetvinfo.fr\/replay-radio\/8h30-politique\/caricature-d-emmanuel-macron-cela-me-rappelle-une-affiche-du-parti-nazi-dans-les-annees-30_2072695.html\n\n<strong>-Il \u00e9tait l&#8217;invit\u00e9 d&#8217;Yves Calvi dans &#8220;24 Heures en questions&#8221; (vid\u00e9o) : <\/strong> http:\/\/www.lci.fr\/replay\/l-invite-de-24-heures-en-questions-du-10-mars-2017-alexis-corbiere-porte-parole-de-jean-luc-melenchon-2028737.html%3Ftype=content\n\n-&#8220;Les \u00e9lecteurs d&#8217;Alain Jupp\u00e9 sont loyaux. Tout est encore assez ouvert. Le rythme de la vie politique a beaucoup chang\u00e9. Beaucoup de gens pensent qu&#8217;il faut changer les r\u00e8gles du jeu. Ils consid\u00e8rent que le syst\u00e8me actuel ne permet pas le n\u00e9cessaire rebond. Je ne me repr\u00e9senterai pas. Emmanuel Macron, c&#8217;est un parcours classique mais \u00e0 grande vitesse&#8221; (Edouard Philippe, d\u00e9put\u00e9 LR de Seine-Maritime, interrog\u00e9 par David Abiker; son, amener le curseur sur 1:24) : http:\/\/www.europe1.fr\/emissions\/c-est-arrive-demain\/cest-arrive-demain-david-abiker-speciale-20-ans-120316-3000566\n\n-&#8220;Nous sommes en train de fabriquer tous les jours les \u00e9l\u00e9ments de la crise des ann\u00e9es 30. La loi fran\u00e7aise aujourd&#8217;hui est jug\u00e9e par cinq Cours supr\u00eames, donc il n&#8217;y a plus de souverainet\u00e9 nationale. Je ne sers pas mon parti, mais mon pays&#8221; (Henri Guaino, d\u00e9put\u00e9 LR des Yvelines, candidat \u00e0 l&#8217;\u00e9lection pr\u00e9sidentielle; invit\u00e9 de &#8220;BFM Politique&#8221;; vid\u00e9os) : http:\/\/www.bfmtv.com\/mediaplayer\/video\/questions-d-eco-nous-sommes-en-train-de-refabriquer-tous-les-jours-les-elements-de-la-crise-des-annees-30-henri-guaino-923073.html                                                          http:\/\/www.bfmtv.com\/mediaplayer\/video\/politiques-au-quotidien-la-loi-francaise-est-jugee-par-cinq-cours-supremes-donc-il-n-y-a-plus-de-souverainete-de-la-loi-henri-guaino-923071.html\nhttp:\/\/www.bfmtv.com\/mediaplayer\/video\/henri-guaino-face-aux-francais-je-ne-sers-pas-mon-parti-mais-mon-pays-923075.html\n\n-&#8220;Fran\u00e7ois Fillon aujourd&#8217;hui, c&#8217;est un vote inutile&#8221; (Nicolas Dupont-Aigan, candidat de &#8220;Debout la France&#8221;,  invit\u00e9 du &#8220;Grand Jury&#8221; RTL; vid\u00e9o) : http:\/\/www.rtl.fr\/actu\/politique\/francois-fillon-aujourd-hui-c-est-un-vote-inutile-dit-nicolas-dupont-aignan-7787638728\n\n-&#8220;Face au FN, la gauche a choisi la solution de facilit\u00e9&#8221; (Sarah Proust, responsable de la cellule de lutte contre le FN au Parti socialiste; propos recueillis par Dominique Albertini) : http:\/\/www.liberation.fr\/amphtml\/elections-presidentielle-legislatives-2017\/2017\/03\/10\/face-au-fn-la-gauche-a-choisi-la-solution-de-facilite_1554948\n\n-Marine Le Pen en meeting \u00e0 Ch\u00e2teauroux (vid\u00e9o) : http:\/\/www.francetvinfo.fr\/elections\/presidentielle\/marine-le-pen-en-meeting-a-chateauroux_2092403.html#xtor=CS2-765\n\n-&#8220;Il n&#8217;y a pas de stigmatisation des musulmans dans mon projet. Je suis pour la pr\u00e9somption de l\u00e9gitime d\u00e9fense pour nos policiers. La culture ne doit pas \u00eatre r\u00e9serv\u00e9e aux grandes villes. Jean-Marie Le Pen est conscient que je suis la seule \u00e0 pouvoir pr\u00e9server l&#8217;ind\u00e9pendance de la France. Pour faire \u00e9clore la rose Bleue Marine, il faut y croire&#8221; (Marine Le Pen, invit\u00e9e de Laurence Ferrari dans &#8220;Punchline&#8221;; vid\u00e9o, amener le curseur sur 10:23) : http:\/\/replay.c8.fr\/video\/1439602\n\n-&#8220;Fran\u00e7ois Hollande et Bernard Cazeneuve poussent leur candidat, Emmanuel Macron. Je me demande si leurs attaques, compte tenu de leur niveau de rejet par l&#8217;opinion, ne nous servent pas&#8221; (Florian Philippot, eurod\u00e9put\u00e9 FN; dans le &#8220;Brunch politique&#8221; de Louis Morin; son) : http:\/\/www.sudradio.fr\/Podcasts\/Le-Brunch-Politique\/Florian-Philippot5\n\n<strong>-&#8220;Les id\u00e9es du Front national ont bel et bien gangren\u00e9 les esprits&#8221; (Johan Hufnagel) <\/strong> :http:\/\/www.liberation.fr\/france\/2017\/03\/10\/signal-d-alarme_1554944?xtor \n\n-&#8220;Marine Le Pen pr\u00e9side le d\u00e9bat \u00e0 droite&#8221; (Dominique Albertini) : http:\/\/www.liberation.fr\/elections-presidentielle-legislatives-2017\/2017\/03\/10\/marine-le-pen-preside-le-debat-a-droite_1554931?xtor\n\n<em>-Le sondage (VIAVOICE) :<\/em> http:\/\/www.institut-viavoice.com\/viavoice-paris\/publications\/sondages-publies\/582-valeurs-et-politique-l-opinion-des-francais-sur-les-valeurs-des-courants-politiques-et-des-candidats-a-l-election-presidentielle-de-2017\n\n-&#8220;Fran\u00e7ois Hollande est dans son r\u00f4le quand il met en garde contre une victoire de Marine Le Pen&#8221; (Herv\u00e9 Gattegno du JDD; son) : http:\/\/www.europe1.fr\/emissions\/ledito-du-jdd\/francois-hollande-met-en-garde-contre-une-victoire-de-marine-le-pen-3000482\n\n-&#8220;La question du travail doit \u00eatre enti\u00e8rement remise \u00e0 plat&#8221; (l&#8217;anthropologue et sociologue Paul Jorion; propos recueillis par Michel Waintrop) : http:\/\/www.la-croix.com\/Debats\/Forum-et-debats\/La-question-travail-doit-etre-entierement-remise-plat-2017-01-26-1200820269\n\n-&#8220;Il est impossible de savoir si le solde va s&#8217;av\u00e9rer positif ou n\u00e9gatif&#8221; (Thibaut Bidet-Mayer, \u00e9conomiste de &#8220;La fabrique de l&#8217;industrie&#8221;; propos recueillis par Emmanuelle Reju) : http:\/\/www.la-croix.com\/Debats\/Forum-et-debats\/Il-impossible-savoir-solde-saverer-positif-negatif-2017-01-26-1200820263\n\n<em>-Le barom\u00e8tre politique (ELABE) :<\/em> http:\/\/elabe.fr\/barometre-politique-mars-2017\/\n\n<em>-Les intentions de vote \u00e0 l&#8217;\u00e9lection pr\u00e9sidentielle (BVA) <\/em> : http:\/\/www.bva-group.com\/sondages\/12eme-vague-dintentions-de-vote-a-6-semaines-de-lelection-presidentielle\/\n\n<strong>EUROPE-MONDE<\/strong>\n\n<strong>-Mercredi, de 18 \u00e0 20 heures, \u00e0 l&#8217;initiative de la Fondation Gabriel P\u00e9ri, &#8220;L&#8217;abolition de l&#8217;arme nucl\u00e9aire \u00e0 l&#8217;ordre du jour&#8221;. Une rencontre avec Paul Quil\u00e8s, ancien ministre de la D\u00e9fense, anim\u00e9e par Daniel Cir\u00e9ra :  <\/strong> http:\/\/www.gabrielperi.fr\/construire-la-paix,-d%C3%A9construire-la-guerre.html\n\n<em>-L&#8217;avenir de la Fondation gravement menac\u00e9 (appel collectif) : <\/em> http:\/\/www.gabrielperi.fr\/appel-de-soutien.html\n\n<strong>-&#8220;Les Europ\u00e9ens ont r\u00eav\u00e9 \u00e9veill\u00e9s et maintenant, ils se retrouvent dans Jurassic Park&#8221; (Hubert V\u00e9drine, interrog\u00e9 par David Abiker; son) : <\/strong> http:\/\/www.dailymotion.com\/video\/x5eikrd_hubert-vedrine-le-fameux-monde-global-n-a-pas-du-tout-ete-ce-qu-esperait-les-occidentaux_news\n\n-&#8220;Les d\u00e9mocrates europ\u00e9ens doivent avoir une r\u00e9ponse forte face aux extr\u00eames&#8221; (Alain Lamassoure, eurod\u00e9put\u00e9 du PPE, interrog\u00e9 par Pierre Weill; son) : https:\/\/www.franceinter.fr\/emissions\/l-interview-politique\/l-interview-politique-12-mars-2017\n\n<em>-L&#8217;appartenance de la France \u00e0 l&#8217;Union europ\u00e9enne (ELABE) :<\/em> http:\/\/elabe.fr\/lunion-europeenne\/\n\n<strong>&#8220;Le Mouvement 5 \u00e9toiles&#8221; continue de s\u00e9duire les Italiens&#8221; (J\u00e9r\u00f4me Gautheret; pi\u00e8ce jointe);<\/strong>\n\n<strong>-&#8220;Mercredi, quelle voie vont choisir les Pays-Bas ?&#8221; (le journaliste n\u00e9erlandais Pieter van den Blin; son) : <\/strong> https:\/\/www.franceinter.fr\/emissions\/meridien-d-europe\/meridien-d-europe-13-mars-2017\n\n<strong>-A Belgrade, une maison grande ouverte aux migrants (Maryline Baumard; diaporama) : <\/strong> http:\/\/www.lemonde.fr\/m-le-mag\/article\/2017\/03\/11\/a-belgrade-une-maison-grande-ouverte-aux-migrants_5092929_4500055.html\n\n<strong>-&#8220;O\u00f9 va la Turquie d&#8217;Erdogan ?&#8221; (Doroth\u00e9e Schmid, chercheuse \u00e0 l&#8217;IFRI; invit\u00e9e de &#8220;La Grande Table&#8221; d&#8217;Olivia Gesbert sur France Culture (son) :  <\/strong> \nhttps:\/\/www.franceculture.fr\/emissions\/la-grande-table-2eme-partie\/dorothee-schmid-ou-va-la-turquie-derdogan\n\n-Regain de tension avec les Pays-Bas (vid\u00e9o) : http:\/\/www.francetvinfo.fr\/monde\/pays-bas\/regain-de-tension-entre-les-pays-bas-et-la-turquie_2092453.html#xtor=CS2-765\n\n-Ces migrants qui fuient les Etats-Unis (vid\u00e9o) : http:\/\/www.francetvinfo.fr\/monde\/usa\/presidentielle\/donald-trump\/ces-migrants-qui-fuient-les-etats-unis_2092429.html\n\n<strong>-&#8220;Il est fondamental que Lula se porte candidat en 2018&#8221; (Dilma Rousseff; entretien r\u00e9alis\u00e9 par Fr\u00e9d\u00e9ric Koller) : <\/strong> https:\/\/www.letemps.ch\/monde\/2017\/03\/12\/dilma-rousseff-fondamental-lula-se-porte-candidat-2018?utm_source\n\n-Six ans apr\u00e8s le s\u00e9isme et la catastrophe de Fukushima, le Japon se recueille (vid\u00e9o) : http:\/\/www.lemonde.fr\/asie-pacifique\/article\/2017\/03\/11\/le-japon-se-recueille-six-ans-apres-le-seisme-et-le-tsunami_5092983_3216.html\n\n-Le retour des habitants (vid\u00e9o) : http:\/\/www.francetvinfo.fr\/monde\/japon\/fukushima\/catastrophe-de-fukushima-six-ans-apres-le-retour-des-habitants_2092451.html#xtor=CS2-765\n\n<strong>-&#8220;Le pouvoir veut que nous vivions l&#8217;apr\u00e8s Fukushima dans le d\u00e9ni&#8221; (l&#8217;\u00e9crivain Akira Mizubayashi; entretien r\u00e9alis\u00e9 par Arnaud Vaulerin) : <\/strong> http:\/\/www.liberation.fr\/debats\/2017\/03\/10\/akira-mizubayashi-le-pouvoir-veut-que-nous-vivions-l-apres-fukushima-dans-le-deni_1554809?xtor\n\n-&#8220;Une hausse limit\u00e9e \u00e0 1,5\u00b0C sauverait la banquise&#8221; : https:\/\/www.lesechos.fr\/industrie-services\/energie-environnement\/0211863997666-rechauffement-climatique-une-hausse-limitee-a-15c-sauverait-la-banquise-2071510.php#xtor\n\n<strong>CULTURE-MEDIA<\/strong>\n\n<strong>-&#8220;R\u00e9duire les in\u00e9galit\u00e9s, ce n&#8217;est pas envoyer tous les \u00e9l\u00e8ves \u00e0 Polytechnique&#8221; (Agn\u00e8s Van Zanten; sociologue, directrice de recherche au CNRS; invit\u00e9e d&#8217;Olivia Gesbert; son) :<\/strong> https:\/\/www.franceculture.fr\/emissions\/la-grande-table-2eme-partie\/agnes-van-zanten-lecole-comme-fabrique-dinegalites#xtor\n\n-&#8220;Vieillir au f\u00e9minin&#8221; (la sociologue Juliette Rennes; d\u00e9cembre 2016) : https:\/\/www.monde-diplomatique.fr\/2016\/12\/RENNES\/56899\n\n-&#8220;Le discours salafiste s\u00e9duit les femmes et facilite leur recrutement par Daech&#8221; (Hasna Hussein, sociologue du genre; propos recueillis par Anne-B\u00e9n\u00e9dicte Hoffner) : http:\/\/www.la-croix.com\/Religion\/Islam\/Le-discours-salafiste-seduit-les-femmes-et-facilite-leur-recrutement-par-Daech-2017-03-10-1200830919?utm_source\n\n-&#8220;Les grands proc\u00e8s du XXe si\u00e8cle permettent de comprendre son histoire&#8221; (St\u00e9phanie de Saint-Marc, ma\u00eetre de conf\u00e9rences en droit \u00e0 Paris 2; invit\u00e9e d&#8217;Antoine Garapon; son) :  https:\/\/www.franceculture.fr\/emissions\/les-discussions-du-soir-avec-antoine-garapon\/comprendre-le-xxe-siecle-travers-des-proces#xtor\n\n<strong>-Il y a 58 ans, &#8220;Fran\u00e7ois Mitterrand et l&#8217;attentat de l&#8217;Observatoire&#8221; (Claude Askolovitch; son) :<\/strong> https:\/\/www.franceinter.fr\/emissions\/histoire-et-politique\/histoire-et-politique-12-mars-2017\n\n-&#8220;Dans quelle France on vit&#8221;, son auteure Anne Nivat \u00e9tait l&#8217;invit\u00e9e, avec Jean-Jacques Bourdin, de &#8220;On n&#8217;est pas couch\u00e9&#8221; (vid\u00e9o ) :                      http:\/\/www.france2.fr\/emissions\/on-n-est-pas-couche\/videos\/anne_nivat_et_jean-jacques_bourdin_-_on_nest_pas_couche_11_mars_2017_onpc_12-03-2017_1508771?onglet=tous&#038;page=1\n\n<strong>-&#8220;Je ne fais plus de th\u00e9\u00e2tre pour changer le monde mais pour que le monde ne me change pas&#8221; (Didier Bezace, qui met en sc\u00e8ne au Th\u00e9\u00e2tre de l&#8217;Atelier &#8220;Le cas Sneijder&#8221; d&#8217;apr\u00e8s le roman de Jean-Paul Dubois, et Yves Clot, titulaire de la chaire de psychologie du travail du CNAM; invit\u00e9s de Laurence Garcia; son) : <\/strong> https:\/\/www.franceinter.fr\/emissions\/dans-tes-reves\/dans-tes-reves-11-mars-2017\n\n<strong>-Pierre Arditi est venu parler de la pi\u00e8ce, qu&#8217;il interpr\u00e8te jusqu&#8217;au 24 avril,  dans &#8220;C&#8217;est arriv\u00e9 cette semaine&#8221; sur Europe 1 (son, amener le curseur sur 28:16) : <\/strong> \nhttp:\/\/www.europe1.fr\/emissions\/c-est-arrive-cette-semaine\/cest-arrive-cette-semaine-110317-2999861\n\n-Le nouveau Centre de cr\u00e9ation contemporaine Olivier Debr\u00e9 inaugur\u00e9 \u00e0 Tours (Sabine Gignoux) : http:\/\/www.la-croix.com\/Culture\/Expositions\/Un-sobre-ecrin-pour-la-creation-contemporaine-a-Tours-2017-03-10-1200830831?utm_source\n\n-Alain-Julien Laferri\u00e8re, d\u00e9fricheur tourangeau de l&#8217;art contemporain (Xavier Renard) : http:\/\/www.la-croix.com\/Culture\/Alain-Julien-Laferriere-defricheur-tourangeau-lart-contemporain-2017-03-10-1200830803?utm_source\n\n<strong>-Le discours de Fran\u00e7ois Hollande (vid\u00e9o) :<\/strong> http:\/\/www.elysee.fr\/videos\/discours-a-l-occasion-de-l-inauguration-du-centre-de-creation-contemporaine-olivier-debre-cccod\/#content\n\n-&#8220;Les Demoiselles de Rochefort&#8221; de Jacques Demy f\u00eatent leurs cinquante ans (vid\u00e9o de l&#8217;Ina) : http:\/\/www.ina.fr\/video\/S619199_001\n\n-&#8220;Les Fianc\u00e9es en folie&#8221; de Buster Keaton ressortent et \u00e7a fait un bien fou \u00e0 Laurent Delmas (son) : https:\/\/www.franceinter.fr\/emissions\/la-prescription-cinema-de-laurent-delmas\/la-prescription-cinema-de-laurent-delmas-11-mars-2017\n\n<strong>-Pour la sortie de &#8220;L&#8217;autre c\u00f4t\u00e9 de l&#8217;espoir&#8221;, avec Christine Masson, ils rencontraient Andr\u00e9 Wilms, le com\u00e9dien f\u00e9tiche du r\u00e9alisateur finlandais Aki Kaurismaki (son) :<\/strong> https:\/\/www.franceinter.fr\/emissions\/on-aura-tout-vu\/on-aura-tout-vu-11-mars-2017\n\n-Le retour de L\u00e9on Morin dans &#8220;La Confession&#8221; de Nicolas Boukhrief avec Romain Duris. L&#8217;amour impossible d&#8217;un pr\u00eatre pour une femme mari\u00e9e communiste et ath\u00e9e (vid\u00e9o) : http:\/\/www.francetvinfo.fr\/societe\/religion\/cinema-la-confession-l-histoire-d-un-amour-impossible_2092449.html#xtor=CS2-765\n\n-&#8220;Tout sourit \u00e0 Audrey Fleurot (vid\u00e9o) : http:\/\/www.francetvinfo.fr\/economie\/emploi\/metiers\/art-culture-edition\/tout-sourit-a-audrey-fleurot_2092463.html#xtor=CS2-765\n\n-Elle \u00e9tait l&#8217;invit\u00e9e du &#8220;20 heures&#8221; de France 2 \u00e0 l&#8217;occasion de la sortie de la saison 2 de la s\u00e9rie &#8220;Les T\u00e9moins&#8221; (vid\u00e9o) : http:\/\/www.francetvinfo.fr\/culture\/tv\/audrey-fleurot-quand-vous-passez-autant-de-temps-avec-un-personnage-il-vous-appartient_2092461.html#xtor\n\n-Andr\u00e9 Minvielle, &#8220;facteur d&#8217;accent engag\u00e9&#8221;,  \u00e0 l&#8217;affiche de &#8220;Banlieues Bleues&#8221; (Annie Yanb\u00e9kian; vid\u00e9os) : http:\/\/culturebox.francetvinfo.fr\/musique\/jazz-blues\/andre-minvielle-facteur-d-accent-engage-a-l-affiche-de-banlieues-bleues-253591\n \n<strong>-&#8220;Le superjazz du saxophoniste, compositeur et chanteur Thomas de Pourquery&#8221;, invit\u00e9 de &#8220;La Grande Table&#8221; d&#8217;Olivia Gesbert (son) :     <\/strong>                                    https:\/\/www.franceculture.fr\/emissions\/la-grande-table-1ere-partie\/le-superjazz-de-thomas-de-pourquery#xtor\n\n<strong>-Miles Davis (vid\u00e9o de l&#8217;Ina) :<\/strong> http:\/\/www.ina.fr\/video\/I00005570\/miles-davis-video.html\n\n<strong>-Venue du Cap Vert, Mariana Ramos en concert \u00e0 la Maison de la Radio (vid\u00e9o int\u00e9grale) :<\/strong> http:\/\/culturebox.francetvinfo.fr\/musique\/chanson-francaise\/live-a-fip\/live-a-fip-mariana-ramos-a-la-maison-de-la-radio-236335\n\n<strong>-&#8220;La mort du chanteur chilien communiste Angel Parra&#8221; (vid\u00e9o) : <\/strong> http:\/\/culturebox.francetvinfo.fr\/musique\/mort-du-chanteur-chilien-engage-angel-parra-253605\n\n<strong>-&#8220;Il faut aimer les mots, sinon on est des b\u00eates&#8221; (Thomas Fersen; St\u00e9phane Hilarion; vid\u00e9os) <\/strong> : http:\/\/culturebox.francetvinfo.fr\/musique\/chanson-francaise\/interview-thomas-fersen-il-faut-aimer-les-mots-sinon-on-est-des-betes-253611\n\n-Vianney, en t\u00eate des ventes d&#8217;albums, sera au Bataclan le 21 mars et le 24 \u00e0 la Cigale (invit\u00e9 de David Abiker; son, amener le curseur sur 28:07) : http:\/\/www.europe1.fr\/emissions\/c-est-arrive-demain\/cest-arrive-demain-david-abiker-speciale-20-ans-120316-3000566\n\n<strong>-Fellag \u00e9tait l&#8217;invit\u00e9 de Catherine Ceylac dans &#8220;Th\u00e9 ou caf\u00e9&#8221; (vid\u00e9o, amener le curseur sur 4:46) <\/strong> :  http:\/\/www.france2.fr\/emissions\/the-ou-cafe\/videos\/replay_-_the_ou_cafe_12-03-2017_1508795\n\n-&#8220;Art et scandale&#8221; (vid\u00e9o) : http:\/\/replay.c8.fr\/video\/1427793\n\n<strong>-&#8220;En \u00e0 peine plus de dix ans, Google a r\u00e9ussi \u00e0 d\u00e9tr\u00f4ner la t\u00e9l\u00e9 aupr\u00e8s des plus jeunes&#8221; (Isabelle Lesniak; vid\u00e9os) :<\/strong> https:\/\/www.lesechos.fr\/week-end\/business-story\/enquetes\/0211858857906-youtube-lempire-des-images-2071328.php#xtor\n\n<strong>-&#8220;A la radio, je passais tout ce que je voulais entendre&#8221; (Pierre Bouteiller; son) : <\/strong> https:\/\/www.franceculture.fr\/medias\/pierre-bouteiller-figure-de-la-radio-francaise-est-mort#xtor\n\n<strong>-Le 2 avril 1999, c&#8217;\u00e9tait la derni\u00e8re de &#8220;Quoi qu&#8217;il en soit&#8221;, l&#8217;\u00e9mission de Pierre Bouteiller (son) <\/strong> : https:\/\/www.franceinter.fr\/emissions\/hommage-a\/hommage-a-10-mars-2017\n\n-&#8220;Les femmes aussi&#8221; d&#8217;Eliane Victor (vid\u00e9o de l&#8217;Ina) : http:\/\/www.ina.fr\/video\/I05325657\/eliane-victor-a-propos-de-l-emission-les-femmes-aussi-video.html\n\n-Du respect des temps de parole pendant la campagne \u00e9lectorale (Bruno Denaes; son) : https:\/\/www.franceculture.fr\/emissions\/le-rendez-vous-du-mediateur\/jean-louis-bourlanges-et-le-temps-de-parole\n\n<em>-Les r\u00e8gles du CSA :<\/em> http:\/\/mediateur.radiofrance.fr\/chaines\/radio-france\/regles-de-campagne-electorale-a-radio-france\/\n\n-A la BBC, quand vos enfants ruinent votre interview (vid\u00e9o) : http:\/\/www.lemonde.fr\/big-browser\/article\/2017\/03\/10\/comment-rester-stoique-quand-vos-enfants-ruinent-votre-interview-par-skype-avec-la-bbc_5092758_4832693.html\n\n-La rumeur d&#8217;un suicide totalement virtuel (Olivier B\u00e9nis; son) : https:\/\/www.franceinter.fr\/emissions\/campagne-com\/campagne-com-11-mars-2017\n\n<strong>-Anne Sinclair chez les misogynes (en 1975; vid\u00e9o de l&#8217;Ina) : <\/strong> http:\/\/www.ina.fr\/video\/I08055940\/anne-sinclair-chez-les-misogynes-video.html\n\n<strong>-Un gag de Jean-Yves Lafesse en 1989 (vid\u00e9o de l&#8217;Ina) : <\/strong> https:\/\/www.ina.fr\/video\/I17066338\/gag-de-jean-yves-lafesse-video.html\n\n-&#8220;Guillon 2017&#8221; (St\u00e9phane Guillon; vid\u00e9o) : http:\/\/www.c8.fr\/c8-divertissement\/ms-salut-les-terriens\/pid8294-stephane-guillon.html?vid=1439576\n<h2 class=\"wp-block-heading\">Documents joints<\/h2>\n\n\n\n<div class=\"wp-block-file\"><a href=\"https:\/\/wp.muchomaas.com\/wp-content\/uploads\/2017\/03\/italie_l-604.pdf\">italie_l.pdf<\/a><\/div>\n\n\n","protected":false},"excerpt":{"rendered":"<p>ACTUALITE -&#8220;Les politiques n&#8217;ont pas pris la mesure de l&#8217;\u00e9volution de la pauvret\u00e9&#8221; (Thierry Kuhn, pr\u00e9sident d&#8217;Emma\u00fcs France, interrog\u00e9 par Wendy Bouchard; son) : http:\/\/www.europe1.fr\/emissions\/linterview-verite-du-week-end\/thierry-kuhn-les-politiques-nont-pas-pris-la-mesure-de-levolution-de-la-pauvrete-2999783 -143 000 personnes sans domicile fixe en France (vid\u00e9o) : http:\/\/www.francetvinfo.fr\/societe\/sdf\/sans-abris-143-000-personnes-sans-domicile-fixe-en-france_2092433.html#xtor=CS2-765 -&#8220;Il y a encore trop de monde dans la rue&#8221; (Eric Pliez, pr\u00e9sident du Samu social de Paris, invit\u00e9 [&hellip;]<\/p>\n","protected":false},"author":1042,"featured_media":0,"comment_status":"open","ping_status":"open","sticky":false,"template":"","format":"standard","meta":{"_themeisle_gutenberg_block_has_review":false,"footnotes":""},"categories":[151],"tags":[],"class_list":["post-10258","post","type-post","status-publish","format-standard","hentry","category-la-revue-de-presse-de-lulu"],"_links":{"self":[{"href":"https:\/\/archives.regards.fr\/index.php?rest_route=\/wp\/v2\/posts\/10258","targetHints":{"allow":["GET"]}}],"collection":[{"href":"https:\/\/archives.regards.fr\/index.php?rest_route=\/wp\/v2\/posts"}],"about":[{"href":"https:\/\/archives.regards.fr\/index.php?rest_route=\/wp\/v2\/types\/post"}],"author":[{"embeddable":true,"href":"https:\/\/archives.regards.fr\/index.php?rest_route=\/wp\/v2\/users\/1042"}],"replies":[{"embeddable":true,"href":"https:\/\/archives.regards.fr\/index.php?rest_route=%2Fwp%2Fv2%2Fcomments&post=10258"}],"version-history":[{"count":0,"href":"https:\/\/archives.regards.fr\/index.php?rest_route=\/wp\/v2\/posts\/10258\/revisions"}],"wp:attachment":[{"href":"https:\/\/archives.regards.fr\/index.php?rest_route=%2Fwp%2Fv2%2Fmedia&parent=10258"}],"wp:term":[{"taxonomy":"category","embeddable":true,"href":"https:\/\/archives.regards.fr\/index.php?rest_route=%2Fwp%2Fv2%2Fcategories&post=10258"},{"taxonomy":"post_tag","embeddable":true,"href":"https:\/\/archives.regards.fr\/index.php?rest_route=%2Fwp%2Fv2%2Ftags&post=10258"}],"curies":[{"name":"wp","href":"https:\/\/api.w.org\/{rel}","templated":true}]}}