{"id":10257,"date":"2017-03-11T07:00:46","date_gmt":"2017-03-11T06:00:46","guid":{"rendered":"https:\/\/wp.muchomaas.com\/article-la-revue-du-11-mars-2017\/"},"modified":"2017-03-11T07:00:46","modified_gmt":"2017-03-11T06:00:46","slug":"article-la-revue-du-11-mars-2017","status":"publish","type":"post","link":"https:\/\/archives.regards.fr\/?p=10257","title":{"rendered":"La Revue du 11 mars 2017"},"content":{"rendered":"<p><strong>ACTUALITE<\/strong><\/p>\n<p><strong>-&#8220;On a d\u00e9gag\u00e9 des b\u00e9n\u00e9fices qui permettent  \u00e0 la fois de faire des travaux sur les voies et d&#8217;ouvrir de nouvelles lignes de trains de la vie quotidienne. On a chaque jour 13 millions et demi de clients en France et en Europe. C&#8217;est bien qu&#8217;ils aient le choix du mode de transport&#8221; (Guillaume P\u00e9py, PDG de la SNCF, \u00e9tait l&#8217;invit\u00e9 de la matinale de France Inter. Il a r\u00e9pondu aux questions de Patrick Cohen et des auditeurs; vid\u00e9os) <\/strong> : http:\/\/www.dailymotion.com\/video\/x5ef8ln_guillaume-pepy-patron-de-la-sncf-repond-aux-questions-de-patrick-cohen_news                                              http:\/\/www.dailymotion.com\/video\/x5efbgu_guillaume-pepy-pdg-de-sncf-repond-aux-questions-des-auditeurs-de-france-inter_news<\/p>\n<p>-&#8220;Notre projet, c&#8217;est maintenir notre r\u00e9seau avec les nouvelles technologies&#8221; (Patrick Jeantet, PDG de SNCF R\u00e9seau; interrog\u00e9 par Jean-Paul Chapel; vid\u00e9o) :             http:\/\/www.francetvinfo.fr\/economie\/transports\/trafic\/video-sncf-notre-projet-cest-maintenir-notre-reseau-avec-les-nouvelles-technologies_2090519.html<\/p>\n<p>-&#8220;Il faudrait plus de contr\u00f4les sur les routes&#8221; (Jean Todt, pr\u00e9sident de la F\u00e9d\u00e9ration internationale de l&#8217;automobile, invit\u00e9 de Thomas Sotto; vid\u00e9o) :                     http:\/\/www.dailymotion.com\/video\/x5ef6v6_jean-todt-il-faudrait-plus-de-controles-sur-les-routes_news<\/p>\n<p><strong>-D\u00e9serts m\u00e9dicaux, quand les m\u00e9decins s&#8217;organisent (vid\u00e9o) : <\/strong> http:\/\/www.francetvinfo.fr\/sante\/deserts-medicaux-quand-les-toubibs-sorganisent_2090527.html<\/p>\n<p>-Les sp\u00e9cialit\u00e9s les plus touch\u00e9es (vid\u00e9o) : http:\/\/www.francetvinfo.fr\/sante\/politique-de-sante\/deserts-medicaux-quelles-professions-medicales-sont-les-plus-touchees_2090575.html<\/p>\n<p>-&#8220;La PMA au tribunal&#8221; (Yolaine de la Bigne; son) : http:\/\/www.sudradio.fr\/Podcasts\/Quelle-epoque-ethique\/La-PMA-au-Tribunal<\/p>\n<p>-&#8220;Il y a un retard du num\u00e9rique dans les PME. La France, l&#8217;Europe ont manqu\u00e9 le march\u00e9 des plateformes&#8221; (Geoffroy Roux de B\u00e9zieux, vice-pr\u00e9sident du Medef; interrog\u00e9 par Nicolas Pierron; son du 10 mars) : https:\/\/www.radioclassique.fr\/radio\/emissions\/matinale-de-radio-classique\/l-invite-de-l-economie\/<\/p>\n<p><strong>-&#8220;Un tr\u00e8s bon cru pour les entreprises du CAC 40&#8221; (Christian Menanteau; vid\u00e9o) : <\/strong> http:\/\/www.rtl.fr\/actu\/conso\/un-tres-bon-cru-2016-pour-les-entreprises-du-cac-40-7787609342<\/p>\n<p><em>-&#8220;Le serment de Paris du 8 mars 2017&#8221; (document) :<\/em>                             https:\/\/www.50-50magazine.fr\/2017\/03\/09\/serment-de-paris\/<\/p>\n<p>-Deux jours pour donner aux Restos du Coeur (vid\u00e9o) : http:\/\/www.francetvinfo.fr\/societe\/restos-du-coeur-deux-jours-pour-donner_2090495.html<\/p>\n<p>-Un nouvel assistant d&#8217;une eurod\u00e9put\u00e9e FN mis en examen pour &#8220;recel d&#8217;abus de confiance&#8221; : http:\/\/www.francetvinfo.fr\/politique\/front-national\/affaire-des-assistants-fn-au-parlement-europeen\/soupcons-d-emplois-fictifs-un-nouvel-assistant-parlementaire-d-une-eurodeputee-fn-mis-en-examen-pour-recel-d-abus-de-confiance_2090431.html<\/p>\n<p><strong>POLITIQUE<\/strong><\/p>\n<p><strong>-&#8220;Jean-Luc M\u00e9lenchon aura ses signatures. Il serait incompr\u00e9hensible qu&#8217;un candidat comme lui ne soit pas \u00e0 l&#8217;\u00e9lection pr\u00e9sidentielle. Il faut aussi qu&#8217;il donne envie aux \u00e9lus communistes. Je souhaite que la marche du 18 mars soit un succ\u00e8s. J&#8217;y serai. La d\u00e9perdition \u00e0 gauche vient surtout du candidat socialiste qui perd la moiti\u00e9 des voix. J&#8217;aurais pr\u00e9f\u00e9r\u00e9 qu&#8217;il y ait une candidature unique et je souhaiterais que la gauche en France se porte aussi bien qu&#8217;\u00e0 Paris. Je suis surpris qu&#8217;un maire de gauche comme Bertrand Delano\u00eb soutienne un candidat de droite comme Emmanuel Macron&#8221; (Ian Brossat, maire adjoint communiste \u00e0 la mairie de Paris; invit\u00e9 d&#8217;Isabelle Moreau; vid\u00e9o) :  <\/strong> http:\/\/www.cnews.fr\/chroniques\/les-invites-disabelle-moreau\/linvite-disabelle-moreau-173520<\/p>\n<p>-&#8220;En finir avec les illusions !&#8221; (Robert Injey) : http:\/\/www.robertinjey.com\/2017\/03\/en-finir-avec-les-illusions.html?utm_source<\/p>\n<p>-&#8220;Faire enfin d\u00e9coller la campagne&#8221; (Patrice Cohen-Seat, pr\u00e9sident d&#8217;honneur d&#8217; &#8220;Espace Marx) : https:\/\/www.frontcommun.fr\/faire-enfin-decoller-la-campagne\/<\/p>\n<p><strong>-&#8220;Macron, pi\u00e8ge \u00e0 cons&#8221; (Patrice Leclerc, maire de Gennevilliers (92), dans le num\u00e9ro 316 de &#8220;Cerises&#8221;)<\/strong> : http:\/\/www.cerisesenligne.fr\/file\/archive\/cerises-316.pdf<\/p>\n<p>-&#8220;Le SMIC a augment\u00e9 de 15 % en dix ans alors que les salaires des patrons du CAC 40 ont augment\u00e9 de 65 %&#8221; (Nathalie Arthaud, candidate de LO \u00e0 l&#8217;\u00e9lection pr\u00e9sidentielle, face \u00e0 Renaud Blanc; vid\u00e9o) : https:\/\/www.dailymotion.com\/video\/x5efcx4_le-smic-a-augmente-de-15-en-10-ans-alors-que-les-salaires-du-cac40-ont-augmente-de-65-nathalie-arth_news<\/p>\n<p>-&#8220;M\u00e9lenchon, l&#8217;hologramme qui ne d\u00e9colle pas&#8221; (Yves Thr\u00e9ard du &#8220;Figaro&#8221;; vid\u00e9o) : http:\/\/www.dailymotion.com\/video\/x5ef3qt_melenchon-l-hologramme-qui-ne-decolle-pas_news<\/p>\n<p>-&#8220;Ce qui se passe, c&#8217;est la disparition des forces politiques qui structurent la vie politique et apr\u00e8s, c&#8217;est l&#8217;aventure du ni gauche ni droite. Vous imaginez le jour d&#8217;apr\u00e8s ? Vous pensez que la droite et la gauche c&#8217;est la m\u00eame chose ? Socialistes maintenez votre unit\u00e9 quoi qu&#8217;il se passe&#8221; (l&#8217;eurod\u00e9put\u00e9 PS Vincent Peillon, invit\u00e9 de la matinale de Franceinfo; vid\u00e9o) :  http:\/\/www.dailymotion.com\/video\/x5eff6g_presidentielle-vincent-peillon-appelle-les-socialistes-a-maintenir-l-unite-quoi-qu-il-se-passe_news<\/p>\n<p>-&#8220;La th\u00e9orie de la fin du travail de Beno\u00eet Hamon ne tient pas&#8221; (Fran\u00e7ois Lenglet; son) : http:\/\/www.rtl.fr\/actu\/politique\/presidentielle-2017-la-theorie-de-la-fin-du-travail-defendue-par-benoit-hamon-ne-tient-pas-dit-francois-lenglet-7787609582<\/p>\n<p>-&#8220;Fran\u00e7ois Hollande duplique plut\u00f4t mal Fran\u00e7ois Mitterrand&#8221; (Alba Ventura; vid\u00e9o) : http:\/\/www.rtl.fr\/actu\/politique\/front-national-hollande-duplique-plutot-mal-mitterrand-selon-alba-ventura-7787609193<\/p>\n<p>-&#8220;Macron, c&#8217;est surtout blablabla&#8221; (Beno\u00eet Hamon; vid\u00e9o) : http:\/\/www.bfmtv.com\/mediaplayer\/video\/pour-benoit-hamon-emmanuel-macron-c-est-surtout-blablabla-922623.html<\/p>\n<p>-&#8220;Je le remercie pour cette formidable publicit\u00e9&#8221;  (Emmanuel Macron; vid\u00e9o) :<br \/>\nhttp:\/\/www.bfmtv.com\/mediaplayer\/video\/macron-repond-a-hamon-je-le-remercie-pour-cette-formidable-publicite-922547.html<\/p>\n<p>-&#8220;Emmanuel Macron attire beaucoup de talents&#8221; (le math\u00e9maticien C\u00e9dric Villani qui le soutient; invit\u00e9 d&#8217;Elizabeth Martichoux; vid\u00e9o) : http:\/\/www.rtl.fr\/actu\/politique\/cedric-villani-emmanuel-macron-attire-beaucoup-de-talents-7787609387<\/p>\n<p>-&#8220;Ce qui serait dangereux pour la France, c&#8217;est de s&#8217;enfermer dans des conservatismes de droite comme de gauche. Beno\u00eet Hamon essaie de recentrer sa campagne, c&#8217;est tr\u00e8s bien. D&#8217;autres ralliements vont arriver, je ne sais pas sous quelles formes&#8221; (Christophe Careshe, d\u00e9put\u00e9 PS de Paris qui soutient Emmanuel Macron; interrog\u00e9 par Jeff Wittenberg; vid\u00e9o) : http:\/\/www.france2.fr\/emissions\/telematin\/actu\/les-4-verites-christophe-caresche_558413<\/p>\n<p>-&#8220;Manuels Valls s&#8217;appr\u00eate \u00e0 soutenir Beno\u00eet Hamon&#8221; (Luc Carvounas, S\u00e9nateur PS du Val-de-Marne; vid\u00e9o) : http:\/\/www.lcp.fr\/la-politique-en-video\/manuel-valls-sapprete-soutenir-benoit-hamon-assure-un-proche<\/p>\n<p>-Bertrand Delano\u00eb, &#8220;je ne comprends pas qu&#8217;il rallie un candidat qui a dit que nous avions humili\u00e9 la France d&#8217;Eric Zemmour&#8221; (vid\u00e9o) :                                                    http:\/\/www.lcp.fr\/la-politique-en-video\/soutien-de-delanoe-macron-je-ne-comprends-pas-quil-rallie-un-candidat-qui-dit                                                  <\/p>\n<p>-&#8220;Ralliement ne veut pas dire investiture&#8221; (Corinne Lepage, pr\u00e9sidente de Cap 21; soutien d&#8217;Emmanuel Macron; interrog\u00e9e par Francis Letellier; vid\u00e9o) :          http:\/\/www.francetvinfo.fr\/politique\/ps\/corinne-lepage-ralliement-ne-veut-pas-dire-investiture_2090177.html<\/p>\n<p>-Elle \u00e9tait l&#8217;invit\u00e9e de &#8220;Territoires d&#8217;Infos&#8221; (vid\u00e9o; amener le curseur sur 33:34) : https:\/\/www.publicsenat.fr\/emission\/territoires-d-infos\/corinne-lepage-54671<\/p>\n<p>-&#8220;La gauche risque-t-elle d&#8217;\u00eatre engloutie&#8221; (en d\u00e9battent Judith Waintraub du &#8220;Figaro&#8221; et Soazig Quemener de &#8220;Marianne&#8221; (vid\u00e9o) :  http:\/\/www.francetvinfo.fr\/politique\/ps\/primaire-a-gauche\/la-gauche-risque-t-elle-d-etre-engloutie_2090183.html<\/p>\n<p>-&#8220;Une \u00e9lection iconoclaste et impr\u00e9visible&#8221; (Alain Duhamel; vid\u00e9o) : http:\/\/www.rtl.fr\/actu\/politique\/presidentielle-2017-une-election-iconoclaste-et-imprevisible-selon-alain-duhamel-7787603874<\/p>\n<p><em>-Les Fran\u00e7ais, Macron, Hamon et M\u00e9lenchon (ODOXA) : <\/em> http:\/\/www.odoxa.fr\/sondage\/francais-aiment-bien-hamon-jugent-plus-utile-de-voter-macron\/<\/p>\n<p>-&#8220;Le parrainage de Fran\u00e7ois Fillon traduit un d\u00e9sarroi profond d&#8217;Alain Jupp\u00e9&#8221; (l&#8217;ancien eurod\u00e9put\u00e9 Jean-Louis Bourlanges; vid\u00e9o) : https:\/\/www.dailymotion.com\/video\/x5efdea_le-parrainage-de-francois-fillon-traduit-un-desarroi-profond-d-alain-juppe-jean-louis-bourlanges-10_news<\/p>\n<p>-Qui est Fran\u00e7ois Asselineau, le candidat qui a obtenu ses 500 parrainages ? (vid\u00e9os)                                http:\/\/www.francetvinfo.fr\/elections\/presidentielle\/enarque-eurosceptique-complotiste-cinq-choses-a-savoir-sur-francois-asselineau-qui-a-obtenu-ses-500-signatures_2086811.html<\/p>\n<p>-&#8220;Marine avait demand\u00e9 une information judiciaire sur toutes ces questions, on lui a r\u00e9pondu non. Elle n&#8217;est pas la candidate d&#8217;un parti. Nous, on ne recycle pas la hollandie comme le fait Emmanuel Macron&#8221; (David Rachline, directeur de campagne de Marine Le Pen; face \u00e0 Jean-Jacques Bourdin; vid\u00e9o) : http:\/\/www.bfmtv.com\/mediaplayer\/video\/david-rachline-face-a-jean-jacques-bourdin-en-direct-922463.html<\/p>\n<p>-Il a ferm\u00e9 la porte \u00e0 une r\u00e9conciliation entre Jean-Marie et Marine Le Pen (vid\u00e9o) : http:\/\/www.lcp.fr\/la-politique-en-video\/rachline-ferme-la-porte-une-reconciliation-entre-jean-marie-et-marine-le-pen<\/p>\n<p>-Il \u00e9tait l&#8217;invit\u00e9 de &#8220;Parlement Hebdo&#8221; (vid\u00e9o) : http:\/\/www.lcp.fr\/emissions\/parlement-hebdo\/280389-parlement-hebdo<\/p>\n<p>-&#8220;Marine Le Pen b\u00e9n\u00e9ficie d&#8217;une immunit\u00e9 parlementaire qui appartient au Parlement. Elle n&#8217;est pas lev\u00e9e et le juge n&#8217;a donc pas \u00e0 la convoquer. La machine de guerre se met en place, on va avoir &#8220;Les dents de la mer&#8221; de l&#8217;euro, &#8220;Les dents de la mer&#8221; de la guerre civile&#8221; (Gilbert Collard, d\u00e9put\u00e9 apparent\u00e9 FN du Gard; interrog\u00e9 par Audrey Crespo-Mara; vid\u00e9o) : http:\/\/www.lci.fr\/replay\/replay-l-invite-politique-du-10-mars-2017-gilbert-collard-2028644.html%3Ftype=content<\/p>\n<p>-&#8220;La priorit\u00e9 nationale est contraire \u00e0 la constitution&#8221; (Didier Mauss, pr\u00e9sident de l&#8217;Association internationale de droit constitutionnel; vid\u00e9o) : http:\/\/www.lcp.fr\/la-politique-en-video\/programme-du-fn-la-priorite-nationale-est-contraire-la-constitution-rappelle<\/p>\n<p><em>-Les intentions de vote au 10 mars (OPINION-WAY) :<\/em> http:\/\/opinionlab.opinion-way.com\/opinionlab\/832\/627\/presitrack.html#m6<\/p>\n<p><em>-Le m\u00eame (IFOP) <\/em> : http:\/\/dataviz.ifop.com:8080\/HNS\/HNSAdmin\/start.appli?appid=60930&#038;logonUser=USERWEB&#038;logonPswcd=ZnJhbmNvaXNF<\/p>\n<p><strong>-EUROPE-MONDE<\/strong><\/p>\n<p>-&#8220;Le XXIe si\u00e8cle peut \u00eatre un si\u00e8cle europ\u00e9en \u00e0 condition de prendre la mesure du d\u00e9senchantement et de trouver des solutions&#8221; (Pierre Moscovici, commissaire europ\u00e9en; interrog\u00e9 par Jean-Pierre Elkabbach; vid\u00e9o) :                       http:\/\/www.cnews.fr\/chroniques\/linvite-de-jean-pierre-elkabbach\/pierre-moscovici-invite-de-jean-pierre-elkabbach-173513<\/p>\n<p>-L&#8217;Union europ\u00e9enne croit aux biocarburants pour r\u00e9duire les \u00e9missions du secteur a\u00e9rien (Hannah Black et Sarantis Michalopoulos) : http:\/\/www.euractiv.fr\/section\/plan-te\/news\/thursday-eu-sees-strategic-advantage-of-biofuels-in-aviation\/?nl_ref<\/p>\n<p>-Andrus Ansip, le commissaire europ\u00e9en au num\u00e9rique, croit \u00e0 la cohabitation des robots et de l&#8217;emploi (Catherine Stupp) : http:\/\/www.euractiv.fr\/section\/politique\/news\/ansip-insists-automation-wont-cause-mass-unemployment\/?nl_ref<\/p>\n<p><strong>&#8220;Hamon veut g\u00e9rer la zone euro sans le Parlement europ\u00e9en&#8221; (Aline Robert) : <\/strong> http:\/\/www.euractiv.fr\/section\/economie\/news\/hamon-veut-gerer-la-zone-euro-sans-le-parlement-europeen\/?nl_ref<\/p>\n<p><strong>-&#8220;Ce n&#8217;est pas une bonne solution pour la France de quitter l&#8217;Europe et l&#8217;euro&#8221; (le nouveau pr\u00e9sident du Parlement europ\u00e9en Antonio Tajani; interrog\u00e9 par Fabien Namias; son) <\/strong> : http:\/\/www.dailymotion.com\/video\/x5ef6v6_jean-todt-il-faudrait-plus-de-controles-sur-les-routes_news<\/p>\n<p>-La confiance des Fran\u00e7ais dans les politiques europ\u00e9ennes recule (Emilie Buffet) : http:\/\/www.euractiv.fr\/section\/france\/news\/les-francais-se-plaignent-detre-mal-informes-sur-lue\/?nl_ref<\/p>\n<p><em>-L&#8217;eurobarom\u00e8tre (document) : <\/em> http:\/\/ec.europa.eu\/france\/sites\/france\/files\/note_eb86_-_france_20fev2017.pdf<\/p>\n<p><strong>-&#8220;Les dirigeants europ\u00e9ens vont se pencher sur le monopole politique d\u00e9tenu par le PPE \u00e0 la t\u00eate des institutions europ\u00e9ennes&#8221; (Joseph Muscat, premier ministre de Malte; cit\u00e9 par Jorge Valero) :<\/strong> http:\/\/www.euractiv.fr\/section\/institutions\/news\/tusk-re-election-highlights-epp-monopoly-of-top-eu-posts\/?nl_ref<\/p>\n<p>-Le Parlement europ\u00e9en veut r\u00e9cup\u00e9rer les fonds vers\u00e9s au FN : http:\/\/www.euractiv.fr\/section\/justice-affaires-interieures\/news\/le-parlement-europeen-veut-recuperer-les-fonds-verses-au-fn\/?nl_ref<\/p>\n<p>-A l&#8217;invitation de Theresa May, Antonio Tajani, le nouveau pr\u00e9sident du Parlement europ\u00e9en, se rendra \u00e0 Londres pour discuter du Brexit (Matthew Tempest) : http:\/\/www.euractiv.fr\/section\/royaume-uni-en-europe\/news\/may-invites-tajani-to-london-to-discuss-brexit\/?nl_ref<\/p>\n<p>-Varsovie se vexe de la r\u00e9\u00e9lection de Donald Tusk \u00e0 la pr\u00e9sidence du Conseil europ\u00e9en (James Crisp et Jorge Valero) : http:\/\/www.euractiv.fr\/section\/institutions\/news\/eu-unity-in-ruins-after-polands-tussle-over-tusk\/?nl_ref<\/p>\n<p><strong>-En Irak, la lente reconqu\u00eate de Mossoul (vid\u00e9o) : <\/strong> http:\/\/www.francetvinfo.fr\/monde\/proche-orient\/mossoul\/irak-la-longue-reconquete-de-mossoul_2090237.html<\/p>\n<p>-&#8220;Les Etats-Unis s&#8217;irritent du succ\u00e8s des exportations allemandes&#8221; (Daniel M\u00fctzel) : http:\/\/www.euractiv.fr\/section\/concurrence\/news\/us-wants-bilateral-solution-to-german-trade-surplus-woes\/?nl_ref<\/p>\n<p><strong>-Six ans ap\u00e8s, &#8220;le d\u00e9mant\u00e8lement de la centrale nucl\u00e9aire de Fukushima est loin d&#8217;avoir  commenc\u00e9&#8221; (son du 10 mars) : <\/strong><br \/>\nhttps:\/\/www.radioclassique.fr\/radio\/emissions\/matinale-de-radio-classique\/3-minutes-planete\/<\/p>\n<p>-Des sangliers radioactifs envahissent les alentours (Marl\u00e8ne Thomas) :              http:\/\/tempsreel.nouvelobs.com\/planete\/20170310.OBS6417\/des-sangliers-radioactifs-envahissent-les-alentours-de-fukushima.html#xtor<\/p>\n<p>-&#8220;En Inde, des morts bien vivants se battent pour ressusciter&#8221; (Julien Bouissou) : http:\/\/www.lemonde.fr\/m-actu\/article\/2017\/03\/10\/en-inde-des-morts-bien-vivants-se-battent-pour-ressusciter_5092633_4497186.html<\/p>\n<p><strong>CULTURE-MEDIA<\/strong><\/p>\n<p><strong>-&#8220;On est \u00e0 une \u00e9poque o\u00f9 on ne peut plus raisonner avec les cat\u00e9gories ant\u00e9rieures&#8221; (Sp\u00e9cialiste de la gauche, Marc Lazar, directeur du Centre d&#8217;histoire de Sciences Po, \u00e9tait l&#8217;invit\u00e9 d&#8217;Ali Baddou; vid\u00e9o) :      <\/strong>                                                              http:\/\/www.dailymotion.com\/video\/x5ef6oh_marc-lazar-repond-aux-questions-d-ali-baddou_news<\/p>\n<p><strong>-Rencontre avec le po\u00e8te ha\u00eftien Ren\u00e9 Depestre (vid\u00e9o) : <\/strong> http:\/\/www.rfi.fr\/video\/20170310-rencontre-rene-depestre-le-plus-grand-poete-haitien<\/p>\n<p>-Du 15 au 18 mars au Centre Pompidou et \u00e0 l&#8217;Ircam, &#8220;Vertigo&#8221;, le premier Forum international Art-Innovation (Fabienne Pascaud) :                                        http:\/\/www.telerama.fr\/scenes\/telerama-s-associe-a-vertigo-le-nouveau-forum-international-art-innovation,155150.php#xtor<\/p>\n<p>-Sa pr\u00e9sentation :  http:\/\/vertigo.ircam.fr\/article\/detail\/entretien-avec-frank-madlener\/<\/p>\n<p><strong>-Un regard singulier sur les derni\u00e8res mutations artistiques. La conservatrice Marie-Ange Brayer r\u00e9pond aux questions d&#8217;Emmanuel Tellier (vid\u00e9o) :     <\/strong>                   http:\/\/www.telerama.fr\/scenes\/imprimer-le-monde-ou-la-revolution-de-la-fabrication,155149.php#xtor<\/p>\n<p><strong>-&#8220;Attention \u00e0 la fermeture des portes&#8221;,  l&#8217;ouvrage de Fran\u00e7ois L\u00e9otard, ancien ministre de la Culture; interrog\u00e9 par Dimitri Pavlenko; son) : <\/strong> http:\/\/www.sudradio.fr\/Podcasts\/L-invite-pour-comprendre\/Francois-Leotard-ecrivain-ancien-ministre-francais<\/p>\n<p>-&#8220;Dans quelle France on vit&#8221;, l&#8217;enqu\u00eate-v\u00e9rit\u00e9 d&#8217;Anne Nivat, reporter de guerre; invit\u00e9e de Romain Desarbres (vid\u00e9o) :  http:\/\/www.cnews.fr\/chroniques\/linvite-de-la-matinale\/linvite-de-la-matinale-173512<\/p>\n<p><strong>-&#8220;Pour le moment&#8221;, Pierre Arditi penche plut\u00f4t pour Emmanuel Macron. Il \u00e9tait l&#8217;invit\u00e9 d&#8217;Audrey Crespo-Mara, pour pr\u00e9senter la pi\u00e8ce qu&#8217;il joue au Th\u00e9\u00e2tre de l&#8217;Atelier, &#8220;Le cas Sneijder&#8221;, tir\u00e9e du roman de Jean-Paul Dubois et mise en sc\u00e8ne par Didier Bezace (vid\u00e9o) <\/strong> : http:\/\/www.lci.fr\/replay\/replay-l-invite-de-8h45-de-lci-matin-du-10-mars-2017-pierre-arditi-2028649.html%3Ftype=content<\/p>\n<p>-Du 13 au 28 mars, au Th\u00e9\u00e2tre de l&#8217;Atelier, Joeystarr lit des extraits des plus beaux textes sur la libert\u00e9, l&#8217;\u00e9galit\u00e9 et la fraternit\u00e9 , puis\u00e9s dans les discours de d\u00e9put\u00e9s depuis la R\u00e9volution (Guillemette Odicino) : http:\/\/sortir.telerama.fr\/evenements\/spectacles\/eloquence-a-l-assemblee,233066.php#xtor<\/p>\n<p><strong>-James Gray, le r\u00e9alisateur de &#8220;Little Odessa&#8221;, a pr\u00e9sent\u00e9 son dernier film &#8220;The Lost City of Z&#8221; \u00e0 la Cin\u00e9math\u00e8que de Paris. Il en a profit\u00e9 pour livrer une le\u00e7on de cin\u00e9ma au directeur de cette derni\u00e8re  Fr\u00e9d\u00e9ric Bonnaud (vid\u00e9o) : <\/strong> http:\/\/www.telerama.fr\/cinema\/james-gray-a-la-cinematheque-je-m-ennuie-si-je-dois-suivre-un-certain-type-de-conventions,155148.php#xtor<\/p>\n<p>-&#8220;Emily Watson rayonne dans &#8220;Apple Tree Yard&#8221; (S\u00e9bastien Mauge; vid\u00e9os) :     http:\/\/www.telerama.fr\/series-tv\/emily-watson-rayonne-au-coeur-des-tenebres-d-apple-tree-yard,154866.php#xtor<\/p>\n<p><strong>-A pleins tubes avec le groupe britannico-australien de hard rock AC\/DC (Rebecca Manzoni; vid\u00e9o)<\/strong> : http:\/\/www.dailymotion.com\/video\/x5ef3ol_ac-dc-a-pleins-tubes-sur-l-autoroute-de-l-enfer-tubes-and-co_music<\/p>\n<p><strong>-Le nouveau clip du rappeur Ga\u00ebl Faye (vid\u00e9o) :  <\/strong> http:\/\/www.telerama.fr\/musique\/irruption-le-nouveau-clip-de-gael-faye,155168.php#xtor<\/p>\n<p><strong>-Paddy McAloon ravive en chanson l&#8217;Am\u00e9rique, terre d&#8217;accueil (Fran\u00e7ois Gorin; vid\u00e9o) <\/strong> :  http:\/\/www.telerama.fr\/musique\/quand-paddy-mcaloon-ravive-en-chanson-l-amerique-terre-d-accueil,155146.php#xtor<\/p>\n<p><strong>-Retrouver Claude Nougaro (vid\u00e9o de l&#8217;Ina) : <\/strong> http:\/\/www.ina.fr\/video\/CPD01007348\/claude-nougaro-video.html<\/p>\n<p><strong>-&#8220;Le Monde&#8221; roule-t-il pour Macron ? (Franck Nouchi, m\u00e9diateur du quotidien du soir) <\/strong> : http:\/\/www.lemonde.fr\/idees\/article\/2017\/03\/10\/le-monde-roule-t-il-pour-macron_5092303_3232.html#xtor=AL-32280270<\/p>\n<p><strong>-Un 9 mars \u00e0 la t\u00e9l\u00e9 pas tout \u00e0 fait ordinaire (Maxence Sorel; vid\u00e9o) : <\/strong> http:\/\/www.telerama.fr\/monde\/vu-entre-journee-de-la-femme-et-barca-psg,155162.php#xtor<\/p>\n<p><strong>-Ce soir, un Su\u00e9dois sur trois va suivre \u00e0 la t\u00e9l\u00e9vision la finale du t\u00e9l\u00e9-crochet qui sert \u00e0 s\u00e9lectionner leur repr\u00e9sentant (e) au concours de l&#8217;Eurovision (Anne-Fran\u00e7oise Hivert) :<\/strong> http:\/\/www.lemonde.fr\/m-actu\/article\/2017\/03\/10\/en-suede-mieux-que-l-eurovision-les-preselections_5092630_4497186.html<\/p>\n<p><strong>-Deux ans apr\u00e8s le drame sur le tournage de &#8220;Dropped&#8221;, les investigations se poursuivent (J\u00e9r\u00f4me Ivanichtchenko; vid\u00e9o) : <\/strong> http:\/\/www.dailymotion.com\/video\/x5effpf_dropped-nouvelles-revelations-deux-ans-apres-le-drame_news<\/p>\n<p>-Sur France Musique, Christophe Bourseiller abandonne &#8220;Musicus Politicus&#8221; (Laurence Le Saux) : http:\/\/www.telerama.fr\/radio\/christophe-bourseiller-n-anime-plus-musicus-politicus-sur-france-musique,155156.php#xtor<\/p>\n<p><strong>-L&#8217;\u00e9mission du 4 mars dernier (son) :<\/strong> https:\/\/www.francemusique.fr\/emissions\/musicus-politicus\/musicus-politicus-du-samedi-04-mars-2017-32257<\/p>\n<p>-La disparition de Pierre Bouteiller, une grande voix de la radio (vid\u00e9o) : http:\/\/www.francetvinfo.fr\/culture\/mort-de-pierre-bouteiller-une-grande-voix-de-la-radio-s-en-est-allee_2090559.html<\/p>\n<p><strong>-Sonia Devillers lui a improvis\u00e9 un hommage bien m\u00e9rit\u00e9 (vid\u00e9o) : <\/strong> http:\/\/www.dailymotion.com\/video\/x5efhf8_l-instant-m-hommage-a-pierre-bouteiller_news<\/p>\n<p><strong>-&#8220;Le f\u00e9minisme est une affaire de soci\u00e9t\u00e9 et non une affaire de femmes&#8221; (la journaliste Audrey Pulvar; propos recueillis par Brigitte Marti) :         <\/strong>          http:\/\/www.50-50magazine.fr\/2017\/03\/09\/audrey-pulvar-le-feminisme-est-une-affaire-de-societe-et-non-une-affaire-de-femmes\/         <\/p>\n<p><strong>-&#8220;Ces rebelles, Fran\u00e7ois Fillon et Fran\u00e7ois Baroin&#8221; (Patrick Cohen; vid\u00e9o) : <\/strong>    http:\/\/www.dailymotion.com\/video\/x5ef5b8_francois-baroin-ce-rebelle-grand-fan-de-rap-le-07h43_news  <\/p>\n<p><strong>&#8220;Tous ces soutiens \u00e0 Emmanuel Macron, on se croirait \u00e0 la SPA&#8221; (Charline Vanhoenacker; vid\u00e9o) <\/strong> : http:\/\/www.dailymotion.com\/video\/x5ef6x4_tous-ces-soutiens-a-emmanuel-macron-on-se-croirait-a-la-spa-le-billet-de-charline_fun<\/p>\n<p><strong>-&#8220;Une famille, c&#8217;est un papa, une maman, un beau-fr\u00e8re&#8221; (Fran\u00e7ois Morel; son) : <\/strong> http:\/\/www.dailymotion.com\/video\/x5efn71_une-famille-c-est-un-papa-une-maman-un-beau-frere-le-billet-de-francois-morel_fun<\/p>\n","protected":false},"excerpt":{"rendered":"<p>ACTUALITE -&#8220;On a d\u00e9gag\u00e9 des b\u00e9n\u00e9fices qui permettent \u00e0 la fois de faire des travaux sur les voies et d&#8217;ouvrir de nouvelles lignes de trains de la vie quotidienne. On a chaque jour 13 millions et demi de clients en France et en Europe. C&#8217;est bien qu&#8217;ils aient le choix du mode de transport&#8221; (Guillaume [&hellip;]<\/p>\n","protected":false},"author":1042,"featured_media":0,"comment_status":"open","ping_status":"open","sticky":false,"template":"","format":"standard","meta":{"_themeisle_gutenberg_block_has_review":false,"footnotes":""},"categories":[151],"tags":[],"class_list":["post-10257","post","type-post","status-publish","format-standard","hentry","category-la-revue-de-presse-de-lulu"],"_links":{"self":[{"href":"https:\/\/archives.regards.fr\/index.php?rest_route=\/wp\/v2\/posts\/10257","targetHints":{"allow":["GET"]}}],"collection":[{"href":"https:\/\/archives.regards.fr\/index.php?rest_route=\/wp\/v2\/posts"}],"about":[{"href":"https:\/\/archives.regards.fr\/index.php?rest_route=\/wp\/v2\/types\/post"}],"author":[{"embeddable":true,"href":"https:\/\/archives.regards.fr\/index.php?rest_route=\/wp\/v2\/users\/1042"}],"replies":[{"embeddable":true,"href":"https:\/\/archives.regards.fr\/index.php?rest_route=%2Fwp%2Fv2%2Fcomments&post=10257"}],"version-history":[{"count":0,"href":"https:\/\/archives.regards.fr\/index.php?rest_route=\/wp\/v2\/posts\/10257\/revisions"}],"wp:attachment":[{"href":"https:\/\/archives.regards.fr\/index.php?rest_route=%2Fwp%2Fv2%2Fmedia&parent=10257"}],"wp:term":[{"taxonomy":"category","embeddable":true,"href":"https:\/\/archives.regards.fr\/index.php?rest_route=%2Fwp%2Fv2%2Fcategories&post=10257"},{"taxonomy":"post_tag","embeddable":true,"href":"https:\/\/archives.regards.fr\/index.php?rest_route=%2Fwp%2Fv2%2Ftags&post=10257"}],"curies":[{"name":"wp","href":"https:\/\/api.w.org\/{rel}","templated":true}]}}